{"id":1994,"date":"2021-03-11T12:06:47","date_gmt":"2021-03-11T11:06:47","guid":{"rendered":"https:\/\/gradido.net\/?p=1994"},"modified":"2021-12-11T21:01:44","modified_gmt":"2021-12-11T20:01:44","slug":"wirtschaftsforscher-nutzen-corona-krise-als-forschungslabor","status":"publish","type":"post","link":"https:\/\/gradido.net\/sv\/wirtschaftsforscher-nutzen-corona-krise-als-forschungslabor\/","title":{"rendered":"Ekonomiska forskare anv\u00e4nder krisen i Corona som forskningslaboratorium"},"content":{"rendered":"<div data-elementor-type=\"wp-post\" data-elementor-id=\"1994\" class=\"elementor elementor-1994\" data-elementor-post-type=\"post\">\n\t\t\t\t\t\t<section class=\"elementor-section elementor-top-section elementor-element elementor-element-496e1d53 elementor-section-boxed elementor-section-height-default elementor-section-height-default\" data-id=\"496e1d53\" data-element_type=\"section\" data-e-type=\"section\">\n\t\t\t\t\t\t<div class=\"elementor-container elementor-column-gap-default\">\n\t\t\t\t\t<div class=\"elementor-column elementor-col-100 elementor-top-column elementor-element elementor-element-461d7be0\" data-id=\"461d7be0\" data-element_type=\"column\" data-e-type=\"column\">\n\t\t\t<div class=\"elementor-widget-wrap elementor-element-populated\">\n\t\t\t\t\t\t<div class=\"elementor-element elementor-element-cd9ebe2 elementor-widget elementor-widget-text-editor\" data-id=\"cd9ebe2\" data-element_type=\"widget\" data-e-type=\"widget\" data-widget_type=\"text-editor.default\">\n\t\t\t\t<div class=\"elementor-widget-container\">\n\t\t\t\t\t\t\t\t\t<h2>F\u00f6r en b\u00e4ttre arbetsv\u00e4rld<\/h2><p><strong>K\u00fcnzelsau,11.03.2021 - F\u00f6r miljontals m\u00e4nniskor orsakar oron f\u00f6r jobbet en knappt kontrollerbar \u00e5ngest. De l\u00e4ngtar tillbaka till sitt gamla liv med dess f\u00f6rmodade trygghet och f\u00f6ruts\u00e4gbarhet. Men \u00e4r det verkligen \u00f6nskv\u00e4rt? Eftersom de tyska arbetstagarna redan f\u00f6re krisen betraktades som \"frustrationsk\u00e4mpar\" kan vi s\u00e4kert anv\u00e4nda det nuvarande undantagstillst\u00e5ndet som ett forskningslaboratorium f\u00f6r en b\u00e4ttre arbetsv\u00e4rld. Experterna p\u00e5 aff\u00e4rsbionik vid Gradido Academy och den v\u00e4lk\u00e4nda schweiziska professorn i internationell f\u00f6rvaltning, \"Musterbrecher\" Prof. Hans W\u00fcthrich, har redan b\u00f6rjat g\u00f6ra det.<\/strong><\/p><p>En dansk unders\u00f6kning om global personaltillfredsst\u00e4llelse visade redan 2020 att ingen i v\u00e4rlden g\u00e5r till jobbet s\u00e5 sl\u00f6t som i Tyskland. Detta kommer inte som n\u00e5gon \u00f6verraskning f\u00f6r Bernd H\u00fcckst\u00e4dt, medgrundare av Gradido Academy for Business Bionics, eller f\u00f6r managementforskaren professor Hans W\u00fcthrich. B\u00e5da ser ett akut behov av att reformera ledarskapskulturen och det finansiella systemet - inte bara i det h\u00e4r landet.<\/p><h3>Anst\u00e4llda med r\u00e4tt till ers\u00e4ttning<\/h3><p>Enligt f\u00e4rska studier \u00e4r varken snabba befordringsm\u00f6jligheter eller en l\u00f6n \u00f6ver genomsnittet de avg\u00f6rande kriterierna f\u00f6r att v\u00e4lja en framtida arbetsgivare. Snarare f\u00f6renas b\u00e5de studenter och anst\u00e4llda av en \u00f6nskan att spela en positiv roll i utformningen av framtiden. Denna trend bekr\u00e4ftas ocks\u00e5 av professor W\u00fcthrich: \"F\u00f6r m\u00e5nga m\u00e4nniskor r\u00e4cker det idag inte l\u00e4ngre att bara f\u00e5 l\u00f6n f\u00f6r sina arbetsinsatser. Det \u00e4r inte bara unga m\u00e4nniskor, utan m\u00e4nniskor i allm\u00e4nhet som vill f\u00f6r\u00e4ndra v\u00e4rlden till det b\u00e4ttre, skydda milj\u00f6n och dess naturresurser och g\u00f6ra n\u00e5got meningsfullt. F\u00f6r mig inneb\u00e4r detta att organisationerna m\u00e5ste h\u00e5lla ett mycket starkare \u00f6ga p\u00e5 varf\u00f6r, dvs. legitimera sk\u00e4let till sin existens. De m\u00e5ste ha svar p\u00e5 fr\u00e5gan: Vad \u00e4r v\u00e5rt positiva bidrag till en b\u00e4ttre v\u00e4rld? Vem gynnas p\u00e5 vilket s\u00e4tt av v\u00e5ra framg\u00e5ngsrika f\u00f6retagaraktiviteter? I framtiden m\u00e5ste organisationer i allt h\u00f6gre grad erbjuda livsmilj\u00f6er d\u00e4r de anst\u00e4llda kan utvecklas och utveckla sin potential.<\/p><h3>Koronakrisen som ett laboratorium f\u00f6r framtida m\u00f6jligheter<\/h3><p>Enligt professor W\u00fcthrich skapar det faktum att m\u00e5nga organisationer tvingas g\u00e5 helt nya v\u00e4gar under krisen ett \"verkligt m\u00f6jlighetslaboratorium f\u00f6r framtiden\". \"Alla dessa oplanerade experiment erbjuder en unik m\u00f6jlighet att frig\u00f6ra just ledarskapskulturen fr\u00e5n ol\u00e4mpliga f\u00f6rdomar, dogmer och tabun och att utveckla den p\u00e5 ett intelligent s\u00e4tt.\" Enligt principen \"reflektion i st\u00e4llet f\u00f6r reflex\" uppmanar f\u00f6rvaltningsexperten cheferna att ta sig tid att n\u00e4rmare analysera de iakttagelser som Corona-\u00e5tg\u00e4rderna ger upphov till och som \u00e4r mycket intressanta n\u00e4r det g\u00e4ller organisationskulturen, trots den f\u00f6rst\u00e5eliga viljan att s\u00e5 snabbt som m\u00f6jligt \u00e5terg\u00e5 till det normala som r\u00e5dde f\u00f6re Corona. \"Och vi b\u00f6r kanske ocks\u00e5 g\u00f6ra verklighet av utopier, dra v\u00e5ra egna slutsatser och medvetet best\u00e4mma vilka av de erfarenheter och insikter som samlats in i Corona-chockl\u00e4get som ska \u00f6verf\u00f6ras till den framtida arbetsv\u00e4rlden som en ny normalitet.\"<\/p><h3>Dags f\u00f6r ett nytt ekonomiskt system<\/h3><p>De ekonomiska bionikforskarna vid Gradido Academy har redan utvecklat ett koncept f\u00f6r en b\u00e4ttre arbets- och livsv\u00e4rld. Under mer \u00e4n tv\u00e5 decennier har forskarna kring den gemensamma godhetsvalutan Gradido (GDD) lyckats utforma ett ekonomiskt och finansiellt system som inte bara kommer att f\u00f6r\u00e4ndra arbetslivet helt och h\u00e5llet. H\u00fcckst\u00e4dt, som var med och grundade akademin, s\u00e4ger: \"Tiden f\u00f6r omvandling har aldrig varit s\u00e5 gynnsam som nu. Koronakrisen \u00e4r ett verkligt laboratorium - \u00e4ven om vi har g\u00e5tt in i det ofrivilligt. Den gamla normaliteten kommer inte l\u00e4ngre att existera, utan i st\u00e4llet en mycket annorlunda m\u00e5ngfald. Med ett nytt ekonomiskt, finansiellt och monet\u00e4rt system skapar vi helt nya m\u00f6jligheter att utvecklas och utvecklas.\"<\/p><h3>Ett nytt manuskript f\u00f6r styrelserummet?<\/h3><p>De flesta chefer saknar fortfarande sj\u00e4lvf\u00f6rtroende och erfarenhet n\u00e4r det g\u00e4ller att hantera medarbetarnas kollektiva intelligens. Enligt professor W\u00fcthrich \u00e4r detta orsaken till att potentialen f\u00f6r n\u00e4rvarande f\u00f6rst\u00f6rs snarare \u00e4n utvecklas \"och att man missar m\u00f6jligheten att uppn\u00e5 b\u00e4ttre l\u00f6sningar och en h\u00f6gre kvalitet p\u00e5 probleml\u00f6sningen genom att m\u00e5nga deltar\". De viktigaste metoderna f\u00f6r en framg\u00e5ngsrik framtida f\u00f6retagskultur \u00e4r att lita p\u00e5 de anst\u00e4lldas kompetens och omd\u00f6me och att fokusera p\u00e5 att utveckla deras potential.<\/p><h3>P\u00e5 Gradido \u00e4r potentialutveckling programmet.<\/h3><p>I Gradido-modellen \u00e4r det b\u00e4sta m\u00f6jliga fr\u00e4mjandet av de egna talangerna n\u00e4stan systemimmanent. Det anses vara k\u00e4rnan i \"villkorsl\u00f6st deltagande\", som erbjuds varje person som ett bidrag till en \"aktiv basinkomst\". H\u00fcckst\u00e4dt f\u00f6rklarar: \"Om v\u00e5r modell f\u00e5r genomslag kommer utvecklingen av potentialen att bli ett av livets centrala teman. Det \u00e4r avg\u00f6rande att vi med Gradido kan uppn\u00e5 att alla m\u00e4nniskor f\u00e5r en tryggad tillvaro. S\u00e5 l\u00e4nge jag m\u00e5ste k\u00e4mpa f\u00f6r min existens under press och acceptera praktiskt taget vilket jobb som helst f\u00f6r att s\u00e4kra min \u00f6verlevnad finns det inte mycket kvar f\u00f6r utveckling av potential. I slut\u00e4ndan \u00e4r detta dock nyckeln till ett full\u00e4ndat liv och st\u00f6rsta m\u00f6jliga framg\u00e5ng f\u00f6r hela samh\u00e4llet. D\u00e4rf\u00f6r kan alla i Gradido-modellen f\u00e5 en aktiv basinkomst.\"<\/p><p>Att bryta den onda cirkeln av existentiell r\u00e4dsla och konkurrens<br \/>Gradido skapar ytterligare en oundg\u00e4nglig f\u00f6ruts\u00e4ttning f\u00f6r en tillfredsst\u00e4llande samexistens genom att avskaffa \"skuld-pengarprincipen\". H\u00fcckst\u00e4dt s\u00e4ger: \"S\u00e5 l\u00e4nge den enes kredit \u00e4r den andres skuld kan vi m\u00e4nniskor inte leva i fred med varandra. Gradidos skapande av pengar f\u00f6r varje enskild individ skapar d\u00e4remot grunden f\u00f6r en gl\u00e4djefylld och behaglig samexistens. Enligt mottot \"samarbete i st\u00e4llet f\u00f6r konkurrens\" kommer vi att kunna utnyttja synergier och utveckla solidaritet.\"<\/p><p>I denna anda bjuder Bernd H\u00fcckst\u00e4dt och \u00e4garen till Gradido Academy, Margret Baier, in likasinnade m\u00e4nniskor och v\u00e4nner av en b\u00e4ttre (arbets)v\u00e4rld till utbyte och samarbete.<\/p><p>Mer information om Gradido-modellen och podcastavsnittet med professor Hans W\u00fcthrich, Bernd H\u00fcckst\u00e4dt och Michael M\u00e4rzheuser p\u00e5 temat \"Pattern Breakers - Making Utopias a Reality\" p\u00e5 www.gradido.net.<\/p><p><!-- \/wp:paragraph --><\/p>\t\t\t\t\t\t\t\t<\/div>\n\t\t\t\t<\/div>\n\t\t\t\t<div class=\"elementor-element elementor-element-e9ff241 elementor-widget elementor-widget-text-editor\" data-id=\"e9ff241\" data-element_type=\"widget\" data-e-type=\"widget\" data-widget_type=\"text-editor.default\">\n\t\t\t\t<div class=\"elementor-widget-container\">\n\t\t\t\t\t\t\t\t\t<p><strong>Om Gradido Academy<\/strong><br>Gradido Academy for Economic Bionics har utvecklat en alternativ \"gemensam god valuta\" med naturen som f\u00f6rebild. Naturen f\u00f6ljer regeln att det \u00e4r bara n\u00e4r n\u00e5got g\u00e5r bort som n\u00e5got nytt kan uppst\u00e5 och d\u00e4rmed \u00e4r det m\u00f6jligt att \u00e5stadkomma en l\u00e5ngsiktig f\u00f6rb\u00e4ttring (evolution). Dess framg\u00e5ngsrecept \u00e4r \"livets kretslopp\". Om v\u00e5r ekonomi ocks\u00e5 skulle f\u00f6lja denna naturliga cykel skulle det l\u00f6sa praktiskt taget alla v\u00e4rldens penningrelaterade problem, enligt experterna p\u00e5 ekonomisk bionik. Gradido-modellen bygger p\u00e5 id\u00e9n att inte bara varje person utan \u00e4ven varje stat f\u00e5r en inkomst som skapas p\u00e5 kreditbasis. P\u00e5 s\u00e5 s\u00e4tt kan den utf\u00f6ra alla sina uppgifter utan att ta ut skatt. Deflation och inflation h\u00f6r till det f\u00f6rflutna. Ekonomin befrias fr\u00e5n det st\u00e4ndiga tv\u00e5nget att v\u00e4xa, och faran f\u00f6r en kollaps av det finansiella systemet \u00e4r \u00e4ntligen avv\u00e4rjd. (<a href=\"https:\/\/gradido.net\/sv\/\">www.gradido.net<\/a>)<\/p>\t\t\t\t\t\t\t\t<\/div>\n\t\t\t\t<\/div>\n\t\t\t\t\t<\/div>\n\t\t<\/div>\n\t\t\t\t\t<\/div>\n\t\t<\/section>\n\t\t\t\t<\/div>","protected":false},"excerpt":{"rendered":"<p>F\u00fcr eine bessere Arbeitswelt K\u00fcnzelsau,11.03.2021 \u2013 Millionen Menschen beschert die Sorge um ihren Arbeitsplatz kaum beherrschbare \u00c4ngste. Sie sehnen sich nach der R\u00fcckkehr in ihr altes Leben mit seiner vermeintlichen Sicherheit und Berechenbarkeit. Aber ist das wirklich erstrebenswert? Nachdem deutsche Arbeitnehmer schon vor der Krise als \u201aFrustweltmeister\u2018 galten, k\u00f6nnten wir den aktuellen Ausnahmezustand auch durchaus [&hellip;]<\/p>\n","protected":false},"author":2,"featured_media":1939,"comment_status":"closed","ping_status":"closed","sticky":false,"template":"","format":"standard","meta":{"footnotes":""},"categories":[8],"tags":[],"class_list":["post-1994","post","type-post","status-publish","format-standard","has-post-thumbnail","hentry","category-pressemitteilung"],"yoast_head":"<!-- This site is optimized with the Yoast SEO plugin v27.5 - https:\/\/yoast.com\/product\/yoast-seo-wordpress\/ -->\n<title>Wirtschaftsforscher nutzen Corona-Krise als Forschungslabor - Gradido<\/title>\n<meta name=\"robots\" content=\"index, follow, max-snippet:-1, max-image-preview:large, max-video-preview:-1\" \/>\n<link rel=\"canonical\" href=\"https:\/\/gradido.net\/sv\/wirtschaftsforscher-nutzen-corona-krise-als-forschungslabor\/\" \/>\n<meta property=\"og:locale\" content=\"sv_SE\" \/>\n<meta property=\"og:type\" content=\"article\" \/>\n<meta property=\"og:title\" content=\"Wirtschaftsforscher nutzen Corona-Krise als Forschungslabor - Gradido\" \/>\n<meta property=\"og:description\" content=\"F\u00fcr eine bessere Arbeitswelt K\u00fcnzelsau,11.03.2021 \u2013 Millionen Menschen beschert die Sorge um ihren Arbeitsplatz kaum beherrschbare \u00c4ngste. Sie sehnen sich nach der R\u00fcckkehr in ihr altes Leben mit seiner vermeintlichen Sicherheit und Berechenbarkeit. Aber ist das wirklich erstrebenswert? Nachdem deutsche Arbeitnehmer schon vor der Krise als \u201aFrustweltmeister\u2018 galten, k\u00f6nnten wir den aktuellen Ausnahmezustand auch durchaus [&hellip;]\" \/>\n<meta property=\"og:url\" content=\"https:\/\/gradido.net\/sv\/wirtschaftsforscher-nutzen-corona-krise-als-forschungslabor\/\" \/>\n<meta property=\"og:site_name\" content=\"Gradido\" \/>\n<meta property=\"article:published_time\" content=\"2021-03-11T11:06:47+00:00\" \/>\n<meta property=\"article:modified_time\" content=\"2021-12-11T20:01:44+00:00\" \/>\n<meta property=\"og:image\" content=\"https:\/\/gradido.net\/wp-content\/uploads\/2021\/03\/krise_als_forschungslabor.jpg\" \/>\n\t<meta property=\"og:image:width\" content=\"1750\" \/>\n\t<meta property=\"og:image:height\" content=\"1188\" \/>\n\t<meta property=\"og:image:type\" content=\"image\/jpeg\" \/>\n<meta name=\"author\" content=\"Bernd H\u00fcckst\u00e4dt\" \/>\n<meta name=\"twitter:card\" content=\"summary_large_image\" \/>\n<meta name=\"twitter:label1\" content=\"Skriven av\" \/>\n\t<meta name=\"twitter:data1\" content=\"Bernd H\u00fcckst\u00e4dt\" \/>\n\t<meta name=\"twitter:label2\" content=\"Ber\u00e4knad l\u00e4stid\" \/>\n\t<meta name=\"twitter:data2\" content=\"5 minuter\" \/>\n<script type=\"application\/ld+json\" class=\"yoast-schema-graph\">{\"@context\":\"https:\\\/\\\/schema.org\",\"@graph\":[{\"@type\":\"Article\",\"@id\":\"https:\\\/\\\/gradido.net\\\/wirtschaftsforscher-nutzen-corona-krise-als-forschungslabor\\\/#article\",\"isPartOf\":{\"@id\":\"https:\\\/\\\/gradido.net\\\/wirtschaftsforscher-nutzen-corona-krise-als-forschungslabor\\\/\"},\"author\":{\"name\":\"Bernd H\u00fcckst\u00e4dt\",\"@id\":\"https:\\\/\\\/gradido.net\\\/de\\\/#\\\/schema\\\/person\\\/9c503a004ad15a1ddecadce2218db5d1\"},\"headline\":\"Wirtschaftsforscher nutzen Corona-Krise als Forschungslabor\",\"datePublished\":\"2021-03-11T11:06:47+00:00\",\"dateModified\":\"2021-12-11T20:01:44+00:00\",\"mainEntityOfPage\":{\"@id\":\"https:\\\/\\\/gradido.net\\\/wirtschaftsforscher-nutzen-corona-krise-als-forschungslabor\\\/\"},\"wordCount\":1096,\"publisher\":{\"@id\":\"https:\\\/\\\/gradido.net\\\/de\\\/#organization\"},\"image\":{\"@id\":\"https:\\\/\\\/gradido.net\\\/wirtschaftsforscher-nutzen-corona-krise-als-forschungslabor\\\/#primaryimage\"},\"thumbnailUrl\":\"https:\\\/\\\/gradido.net\\\/wp-content\\\/uploads\\\/2021\\\/03\\\/krise_als_forschungslabor.jpg\",\"articleSection\":[\"Pressemitteilung\"],\"inLanguage\":\"sv-SE\"},{\"@type\":\"WebPage\",\"@id\":\"https:\\\/\\\/gradido.net\\\/wirtschaftsforscher-nutzen-corona-krise-als-forschungslabor\\\/\",\"url\":\"https:\\\/\\\/gradido.net\\\/wirtschaftsforscher-nutzen-corona-krise-als-forschungslabor\\\/\",\"name\":\"Wirtschaftsforscher nutzen Corona-Krise als Forschungslabor - Gradido\",\"isPartOf\":{\"@id\":\"https:\\\/\\\/gradido.net\\\/de\\\/#website\"},\"primaryImageOfPage\":{\"@id\":\"https:\\\/\\\/gradido.net\\\/wirtschaftsforscher-nutzen-corona-krise-als-forschungslabor\\\/#primaryimage\"},\"image\":{\"@id\":\"https:\\\/\\\/gradido.net\\\/wirtschaftsforscher-nutzen-corona-krise-als-forschungslabor\\\/#primaryimage\"},\"thumbnailUrl\":\"https:\\\/\\\/gradido.net\\\/wp-content\\\/uploads\\\/2021\\\/03\\\/krise_als_forschungslabor.jpg\",\"datePublished\":\"2021-03-11T11:06:47+00:00\",\"dateModified\":\"2021-12-11T20:01:44+00:00\",\"breadcrumb\":{\"@id\":\"https:\\\/\\\/gradido.net\\\/wirtschaftsforscher-nutzen-corona-krise-als-forschungslabor\\\/#breadcrumb\"},\"inLanguage\":\"sv-SE\",\"potentialAction\":[{\"@type\":\"ReadAction\",\"target\":[\"https:\\\/\\\/gradido.net\\\/wirtschaftsforscher-nutzen-corona-krise-als-forschungslabor\\\/\"]}]},{\"@type\":\"ImageObject\",\"inLanguage\":\"sv-SE\",\"@id\":\"https:\\\/\\\/gradido.net\\\/wirtschaftsforscher-nutzen-corona-krise-als-forschungslabor\\\/#primaryimage\",\"url\":\"https:\\\/\\\/gradido.net\\\/wp-content\\\/uploads\\\/2021\\\/03\\\/krise_als_forschungslabor.jpg\",\"contentUrl\":\"https:\\\/\\\/gradido.net\\\/wp-content\\\/uploads\\\/2021\\\/03\\\/krise_als_forschungslabor.jpg\",\"width\":1750,\"height\":1188},{\"@type\":\"BreadcrumbList\",\"@id\":\"https:\\\/\\\/gradido.net\\\/wirtschaftsforscher-nutzen-corona-krise-als-forschungslabor\\\/#breadcrumb\",\"itemListElement\":[{\"@type\":\"ListItem\",\"position\":1,\"name\":\"Startseite\",\"item\":\"https:\\\/\\\/gradido.net\\\/\"},{\"@type\":\"ListItem\",\"position\":2,\"name\":\"Wirtschaftsforscher nutzen Corona-Krise als Forschungslabor\"}]},{\"@type\":\"WebSite\",\"@id\":\"https:\\\/\\\/gradido.net\\\/de\\\/#website\",\"url\":\"https:\\\/\\\/gradido.net\\\/de\\\/\",\"name\":\"Gradido\",\"description\":\"Die neue W\u00e4hrung hei\u00dft Dankbarkeit\",\"publisher\":{\"@id\":\"https:\\\/\\\/gradido.net\\\/de\\\/#organization\"},\"potentialAction\":[{\"@type\":\"SearchAction\",\"target\":{\"@type\":\"EntryPoint\",\"urlTemplate\":\"https:\\\/\\\/gradido.net\\\/de\\\/?s={search_term_string}\"},\"query-input\":{\"@type\":\"PropertyValueSpecification\",\"valueRequired\":true,\"valueName\":\"search_term_string\"}}],\"inLanguage\":\"sv-SE\"},{\"@type\":\"Organization\",\"@id\":\"https:\\\/\\\/gradido.net\\\/de\\\/#organization\",\"name\":\"Gradido\",\"url\":\"https:\\\/\\\/gradido.net\\\/de\\\/\",\"logo\":{\"@type\":\"ImageObject\",\"inLanguage\":\"sv-SE\",\"@id\":\"https:\\\/\\\/gradido.net\\\/de\\\/#\\\/schema\\\/logo\\\/image\\\/\",\"url\":\"https:\\\/\\\/gradido.net\\\/wp-content\\\/uploads\\\/2022\\\/04\\\/gradido-social.jpg\",\"contentUrl\":\"https:\\\/\\\/gradido.net\\\/wp-content\\\/uploads\\\/2022\\\/04\\\/gradido-social.jpg\",\"width\":527,\"height\":273,\"caption\":\"Gradido\"},\"image\":{\"@id\":\"https:\\\/\\\/gradido.net\\\/de\\\/#\\\/schema\\\/logo\\\/image\\\/\"}},{\"@type\":\"Person\",\"@id\":\"https:\\\/\\\/gradido.net\\\/de\\\/#\\\/schema\\\/person\\\/9c503a004ad15a1ddecadce2218db5d1\",\"name\":\"Bernd H\u00fcckst\u00e4dt\",\"sameAs\":[\"https:\\\/\\\/gradido.net\"],\"url\":\"https:\\\/\\\/gradido.net\\\/sv\\\/author\\\/bernd\\\/\"}]}<\/script>\n<!-- \/ Yoast SEO plugin. -->","yoast_head_json":{"title":"Ekonomiska forskare anv\u00e4nder Coronakrisen som forskningslaboratorium - Gradido","robots":{"index":"index","follow":"follow","max-snippet":"max-snippet:-1","max-image-preview":"max-image-preview:large","max-video-preview":"max-video-preview:-1"},"canonical":"https:\/\/gradido.net\/sv\/wirtschaftsforscher-nutzen-corona-krise-als-forschungslabor\/","og_locale":"sv_SE","og_type":"article","og_title":"Wirtschaftsforscher nutzen Corona-Krise als Forschungslabor - Gradido","og_description":"F\u00fcr eine bessere Arbeitswelt K\u00fcnzelsau,11.03.2021 \u2013 Millionen Menschen beschert die Sorge um ihren Arbeitsplatz kaum beherrschbare \u00c4ngste. Sie sehnen sich nach der R\u00fcckkehr in ihr altes Leben mit seiner vermeintlichen Sicherheit und Berechenbarkeit. Aber ist das wirklich erstrebenswert? Nachdem deutsche Arbeitnehmer schon vor der Krise als \u201aFrustweltmeister\u2018 galten, k\u00f6nnten wir den aktuellen Ausnahmezustand auch durchaus [&hellip;]","og_url":"https:\/\/gradido.net\/sv\/wirtschaftsforscher-nutzen-corona-krise-als-forschungslabor\/","og_site_name":"Gradido","article_published_time":"2021-03-11T11:06:47+00:00","article_modified_time":"2021-12-11T20:01:44+00:00","og_image":[{"width":1750,"height":1188,"url":"https:\/\/gradido.net\/wp-content\/uploads\/2021\/03\/krise_als_forschungslabor.jpg","type":"image\/jpeg"}],"author":"Bernd H\u00fcckst\u00e4dt","twitter_card":"summary_large_image","twitter_misc":{"Skriven av":"Bernd H\u00fcckst\u00e4dt","Ber\u00e4knad l\u00e4stid":"5 minuter"},"schema":{"@context":"https:\/\/schema.org","@graph":[{"@type":"Article","@id":"https:\/\/gradido.net\/wirtschaftsforscher-nutzen-corona-krise-als-forschungslabor\/#article","isPartOf":{"@id":"https:\/\/gradido.net\/wirtschaftsforscher-nutzen-corona-krise-als-forschungslabor\/"},"author":{"name":"Bernd H\u00fcckst\u00e4dt","@id":"https:\/\/gradido.net\/de\/#\/schema\/person\/9c503a004ad15a1ddecadce2218db5d1"},"headline":"Wirtschaftsforscher nutzen Corona-Krise als Forschungslabor","datePublished":"2021-03-11T11:06:47+00:00","dateModified":"2021-12-11T20:01:44+00:00","mainEntityOfPage":{"@id":"https:\/\/gradido.net\/wirtschaftsforscher-nutzen-corona-krise-als-forschungslabor\/"},"wordCount":1096,"publisher":{"@id":"https:\/\/gradido.net\/de\/#organization"},"image":{"@id":"https:\/\/gradido.net\/wirtschaftsforscher-nutzen-corona-krise-als-forschungslabor\/#primaryimage"},"thumbnailUrl":"https:\/\/gradido.net\/wp-content\/uploads\/2021\/03\/krise_als_forschungslabor.jpg","articleSection":["Pressemitteilung"],"inLanguage":"sv-SE"},{"@type":"WebPage","@id":"https:\/\/gradido.net\/wirtschaftsforscher-nutzen-corona-krise-als-forschungslabor\/","url":"https:\/\/gradido.net\/wirtschaftsforscher-nutzen-corona-krise-als-forschungslabor\/","name":"Ekonomiska forskare anv\u00e4nder Coronakrisen som forskningslaboratorium - Gradido","isPartOf":{"@id":"https:\/\/gradido.net\/de\/#website"},"primaryImageOfPage":{"@id":"https:\/\/gradido.net\/wirtschaftsforscher-nutzen-corona-krise-als-forschungslabor\/#primaryimage"},"image":{"@id":"https:\/\/gradido.net\/wirtschaftsforscher-nutzen-corona-krise-als-forschungslabor\/#primaryimage"},"thumbnailUrl":"https:\/\/gradido.net\/wp-content\/uploads\/2021\/03\/krise_als_forschungslabor.jpg","datePublished":"2021-03-11T11:06:47+00:00","dateModified":"2021-12-11T20:01:44+00:00","breadcrumb":{"@id":"https:\/\/gradido.net\/wirtschaftsforscher-nutzen-corona-krise-als-forschungslabor\/#breadcrumb"},"inLanguage":"sv-SE","potentialAction":[{"@type":"ReadAction","target":["https:\/\/gradido.net\/wirtschaftsforscher-nutzen-corona-krise-als-forschungslabor\/"]}]},{"@type":"ImageObject","inLanguage":"sv-SE","@id":"https:\/\/gradido.net\/wirtschaftsforscher-nutzen-corona-krise-als-forschungslabor\/#primaryimage","url":"https:\/\/gradido.net\/wp-content\/uploads\/2021\/03\/krise_als_forschungslabor.jpg","contentUrl":"https:\/\/gradido.net\/wp-content\/uploads\/2021\/03\/krise_als_forschungslabor.jpg","width":1750,"height":1188},{"@type":"BreadcrumbList","@id":"https:\/\/gradido.net\/wirtschaftsforscher-nutzen-corona-krise-als-forschungslabor\/#breadcrumb","itemListElement":[{"@type":"ListItem","position":1,"name":"Startseite","item":"https:\/\/gradido.net\/"},{"@type":"ListItem","position":2,"name":"Wirtschaftsforscher nutzen Corona-Krise als Forschungslabor"}]},{"@type":"WebSite","@id":"https:\/\/gradido.net\/de\/#website","url":"https:\/\/gradido.net\/de\/","name":"Gradido","description":"Den nya valutan \u00e4r tacksamhet","publisher":{"@id":"https:\/\/gradido.net\/de\/#organization"},"potentialAction":[{"@type":"SearchAction","target":{"@type":"EntryPoint","urlTemplate":"https:\/\/gradido.net\/de\/?s={search_term_string}"},"query-input":{"@type":"PropertyValueSpecification","valueRequired":true,"valueName":"search_term_string"}}],"inLanguage":"sv-SE"},{"@type":"Organization","@id":"https:\/\/gradido.net\/de\/#organization","name":"Gradido","url":"https:\/\/gradido.net\/de\/","logo":{"@type":"ImageObject","inLanguage":"sv-SE","@id":"https:\/\/gradido.net\/de\/#\/schema\/logo\/image\/","url":"https:\/\/gradido.net\/wp-content\/uploads\/2022\/04\/gradido-social.jpg","contentUrl":"https:\/\/gradido.net\/wp-content\/uploads\/2022\/04\/gradido-social.jpg","width":527,"height":273,"caption":"Gradido"},"image":{"@id":"https:\/\/gradido.net\/de\/#\/schema\/logo\/image\/"}},{"@type":"Person","@id":"https:\/\/gradido.net\/de\/#\/schema\/person\/9c503a004ad15a1ddecadce2218db5d1","name":"Bernd H\u00fcckst\u00e4dt","sameAs":["https:\/\/gradido.net"],"url":"https:\/\/gradido.net\/sv\/author\/bernd\/"}]}},"_links":{"self":[{"href":"https:\/\/gradido.net\/sv\/wp-json\/wp\/v2\/posts\/1994","targetHints":{"allow":["GET"]}}],"collection":[{"href":"https:\/\/gradido.net\/sv\/wp-json\/wp\/v2\/posts"}],"about":[{"href":"https:\/\/gradido.net\/sv\/wp-json\/wp\/v2\/types\/post"}],"author":[{"embeddable":true,"href":"https:\/\/gradido.net\/sv\/wp-json\/wp\/v2\/users\/2"}],"replies":[{"embeddable":true,"href":"https:\/\/gradido.net\/sv\/wp-json\/wp\/v2\/comments?post=1994"}],"version-history":[{"count":8,"href":"https:\/\/gradido.net\/sv\/wp-json\/wp\/v2\/posts\/1994\/revisions"}],"predecessor-version":[{"id":3766,"href":"https:\/\/gradido.net\/sv\/wp-json\/wp\/v2\/posts\/1994\/revisions\/3766"}],"wp:featuredmedia":[{"embeddable":true,"href":"https:\/\/gradido.net\/sv\/wp-json\/wp\/v2\/media\/1939"}],"wp:attachment":[{"href":"https:\/\/gradido.net\/sv\/wp-json\/wp\/v2\/media?parent=1994"}],"wp:term":[{"taxonomy":"category","embeddable":true,"href":"https:\/\/gradido.net\/sv\/wp-json\/wp\/v2\/categories?post=1994"},{"taxonomy":"post_tag","embeddable":true,"href":"https:\/\/gradido.net\/sv\/wp-json\/wp\/v2\/tags?post=1994"}],"curies":[{"name":"wp","href":"https:\/\/api.w.org\/{rel}","templated":true}]}}