{"id":2045,"date":"2021-03-20T18:16:27","date_gmt":"2021-03-20T17:16:27","guid":{"rendered":"https:\/\/gradido.net\/?p=2045"},"modified":"2022-08-12T17:12:47","modified_gmt":"2022-08-12T15:12:47","slug":"episode-12","status":"publish","type":"post","link":"https:\/\/gradido.net\/sv\/episode-12\/","title":{"rendered":"WorldEthicForum - Stort samarbete i st\u00e4llet f\u00f6r stor \u00e5terst\u00e4llning"},"content":{"rendered":"<div data-elementor-type=\"wp-post\" data-elementor-id=\"2045\" class=\"elementor elementor-2045\" data-elementor-post-type=\"post\">\n\t\t\t\t\t\t<section class=\"elementor-section elementor-top-section elementor-element elementor-element-496e1d53 elementor-section-boxed elementor-section-height-default elementor-section-height-default\" data-id=\"496e1d53\" data-element_type=\"section\" data-e-type=\"section\">\n\t\t\t\t\t\t<div class=\"elementor-container elementor-column-gap-default\">\n\t\t\t\t\t<div class=\"elementor-column elementor-col-100 elementor-top-column elementor-element elementor-element-461d7be0\" data-id=\"461d7be0\" data-element_type=\"column\" data-e-type=\"column\">\n\t\t\t<div class=\"elementor-widget-wrap elementor-element-populated\">\n\t\t\t\t\t\t<div class=\"elementor-element elementor-element-cd9ebe2 elementor-widget elementor-widget-text-editor\" data-id=\"cd9ebe2\" data-element_type=\"widget\" data-e-type=\"widget\" data-widget_type=\"text-editor.default\">\n\t\t\t\t<div class=\"elementor-widget-container\">\n\t\t\t\t\t\t\t\t\t<h2>G\u00e4st: Linard Bardill<\/h2>\t\t\t\t\t\t\t\t<\/div>\n\t\t\t\t<\/div>\n\t\t\t\t\t<\/div>\n\t\t<\/div>\n\t\t\t\t\t<\/div>\n\t\t<\/section>\n\t\t\t\t<section class=\"elementor-section elementor-top-section elementor-element elementor-element-2f93e3c3 elementor-section-boxed elementor-section-height-default elementor-section-height-default\" data-id=\"2f93e3c3\" data-element_type=\"section\" data-e-type=\"section\">\n\t\t\t\t\t\t<div class=\"elementor-container elementor-column-gap-default\">\n\t\t\t\t\t<div class=\"elementor-column elementor-col-100 elementor-top-column elementor-element elementor-element-5a9dfd19\" data-id=\"5a9dfd19\" data-element_type=\"column\" data-e-type=\"column\">\n\t\t\t<div class=\"elementor-widget-wrap elementor-element-populated\">\n\t\t\t\t\t\t<div class=\"elementor-element elementor-element-9cdb6b8 elementor-widget elementor-widget-html\" data-id=\"9cdb6b8\" data-element_type=\"widget\" data-e-type=\"widget\" data-widget_type=\"html.default\">\n\t\t\t\t<div class=\"elementor-widget-container\">\n\t\t\t\t\t<script class=\"podigee-podcast-player\" src=\"https:\/\/player.podigee-cdn.net\/podcast-player\/javascripts\/podigee-podcast-player.js\" data-configuration=\"https:\/\/gradido.podigee.io\/12-neue-episode\/embed?context=external\"><\/script>\t\t\t\t<\/div>\n\t\t\t\t<\/div>\n\t\t\t\t\t<\/div>\n\t\t<\/div>\n\t\t\t\t\t<\/div>\n\t\t<\/section>\n\t\t\t\t<section class=\"elementor-section elementor-top-section elementor-element elementor-element-585c640 elementor-section-boxed elementor-section-height-default elementor-section-height-default\" data-id=\"585c640\" data-element_type=\"section\" data-e-type=\"section\">\n\t\t\t\t\t\t<div class=\"elementor-container elementor-column-gap-default\">\n\t\t\t\t\t<div class=\"elementor-column elementor-col-50 elementor-top-column elementor-element elementor-element-13c250b\" data-id=\"13c250b\" data-element_type=\"column\" data-e-type=\"column\">\n\t\t\t<div class=\"elementor-widget-wrap elementor-element-populated\">\n\t\t\t\t\t\t<div class=\"elementor-element elementor-element-0561949 elementor-widget elementor-widget-text-editor\" data-id=\"0561949\" data-element_type=\"widget\" data-e-type=\"widget\" data-widget_type=\"text-editor.default\">\n\t\t\t\t<div class=\"elementor-widget-container\">\n\t\t\t\t\t\t\t\t\t<p>N\u00e4r Wendelin Niederberger f\u00f6reslog att vi skulle g\u00f6ra en podcastintervju med Linard Bardill f\u00f6r n\u00e5gra veckor sedan hade vi ingen aning om att vi skulle komma s\u00e5 bra \u00f6verens och besluta att samarbeta redan under samtalet.<\/p><p>Linard Bardill \u00e4r en av de mest extraordin\u00e4ra och framg\u00e5ngsrika personligheterna p\u00e5 den schweiziska cabaret- och barnmusikscenen. Han \u00e4r ocks\u00e5 medinitiativtagare till WorldEthicForum.<\/p><p><span style=\"color: #ff0000;\">!!! WorldEthicForum skjuts upp till 2022 !!!<\/span><br \/><span style=\"color: #ff0000;\">WorldEthicForum kommer nu att \u00e4ga rum fr\u00e5n torsdag eftermiddag den 25 augusti till s\u00f6ndag morgon den 28 augusti 2022.<\/span><\/p><p>Till skillnad fr\u00e5n World Economic Forum fokuserar WorldEthicForum p\u00e5 Moder Jord och v\u00e5rt f\u00f6rh\u00e5llande till henne.<\/p><p>Deklarationen \"Jordens r\u00e4tt till v\u00e4rdighet och respekt\" syftar till att ta upp de filosofiska, politiska, ekonomiska och sociala konsekvenserna av grundl\u00e4ggande f\u00f6r\u00e4ndringar. Denna f\u00f6r\u00e4ndring \u00e4r n\u00f6dv\u00e4ndig f\u00f6r att vi m\u00e4nniskor ska se oss sj\u00e4lva som en del av jorden och inte som dess h\u00e4rskare.<\/p><p>I det h\u00e4r sp\u00e4nnande avsnittet f\u00e5r du reda p\u00e5 hur m\u00e4nskligheten f\u00f6r n\u00e4rvarande \"v\u00e4nder ut och in p\u00e5 sig sj\u00e4lv\" f\u00f6r att g\u00e5 in i den nya eran och hur fler stora pusselbitar s\u00e4tts ihop f\u00f6r att bilda det stora samarbetet! Paradiset finns inom var och en av oss, och tillsammans skapar vi en framtid som \u00e4r v\u00e4rd att leva f\u00f6r alla - f\u00f6r v\u00e5ra barns och v\u00e4rldens barns skull.<\/p><h4>V\u00e4nster:<\/h4><p><a href=\"https:\/\/bardill.ch\/\" target=\"_blank\" rel=\"noopener\">Linard Bardill<\/a><\/p><p><a href=\"https:\/\/www.worldethicforum.com\/\" target=\"_blank\" rel=\"noopener\">WorldEthicForum<\/a><\/p>\t\t\t\t\t\t\t\t<\/div>\n\t\t\t\t<\/div>\n\t\t\t\t\t<\/div>\n\t\t<\/div>\n\t\t\t\t<div class=\"elementor-column elementor-col-50 elementor-top-column elementor-element elementor-element-e0d795e\" data-id=\"e0d795e\" data-element_type=\"column\" data-e-type=\"column\">\n\t\t\t<div class=\"elementor-widget-wrap elementor-element-populated\">\n\t\t\t\t\t\t<div class=\"elementor-element elementor-element-8c61bad elementor-widget elementor-widget-image\" data-id=\"8c61bad\" data-element_type=\"widget\" data-e-type=\"widget\" data-widget_type=\"image.default\">\n\t\t\t\t<div class=\"elementor-widget-container\">\n\t\t\t\t\t\t\t\t\t\t\t\t\t\t\t<img fetchpriority=\"high\" decoding=\"async\" width=\"800\" height=\"800\" src=\"https:\/\/gradido.net\/wp-content\/uploads\/2021\/06\/gradido_podcast_bardill-1024x1024.jpg\" class=\"attachment-large size-large wp-image-2651\" alt=\"\" srcset=\"https:\/\/gradido.net\/wp-content\/uploads\/2021\/06\/gradido_podcast_bardill-1024x1024.jpg 1024w, https:\/\/gradido.net\/wp-content\/uploads\/2021\/06\/gradido_podcast_bardill-300x300.jpg 300w, https:\/\/gradido.net\/wp-content\/uploads\/2021\/06\/gradido_podcast_bardill-150x150.jpg 150w, https:\/\/gradido.net\/wp-content\/uploads\/2021\/06\/gradido_podcast_bardill-768x768.jpg 768w, https:\/\/gradido.net\/wp-content\/uploads\/2021\/06\/gradido_podcast_bardill-12x12.jpg 12w, https:\/\/gradido.net\/wp-content\/uploads\/2021\/06\/gradido_podcast_bardill.jpg 1400w\" sizes=\"(max-width: 800px) 100vw, 800px\" \/>\t\t\t\t\t\t\t\t\t\t\t\t\t\t\t<\/div>\n\t\t\t\t<\/div>\n\t\t\t\t<div class=\"elementor-element elementor-element-ceab137 elementor-widget elementor-widget-text-editor\" data-id=\"ceab137\" data-element_type=\"widget\" data-e-type=\"widget\" data-widget_type=\"text-editor.default\">\n\t\t\t\t<div class=\"elementor-widget-container\">\n\t\t\t\t\t\t\t\t\t<p><a href=\"https:\/\/www.youtube.com\/watch?v=Nid5iLI31UU\" target=\"_blank\" rel=\"noopener\">Lyssna p\u00e5 YouTube<\/a><\/p>\t\t\t\t\t\t\t\t<\/div>\n\t\t\t\t<\/div>\n\t\t\t\t<div class=\"elementor-element elementor-element-c099d50 elementor-widget elementor-widget-video\" data-id=\"c099d50\" data-element_type=\"widget\" data-e-type=\"widget\" data-settings=\"{&quot;video_type&quot;:&quot;vimeo&quot;}\" data-widget_type=\"video.default\">\n\t\t\t\t<div class=\"elementor-widget-container\">\n\t\t\t\t\t\t\t<div class=\"elementor-wrapper elementor-open-inline\">\n\t\t\t<iframe hcb-fetch-image-from=\"https:\/\/vimeo.com\/526808583\" class=\"elementor-video-iframe\" allowfullscreen allow=\"clipboard-write\" title=\"\u0412\u0438\u0434\u0435\u043e \u043f\u043b\u0435\u0439\u044a\u0440 vimeo\" src=\"https:\/\/player.vimeo.com\/video\/526808583?color&amp;autopause=0&amp;loop=0&amp;muted=0&amp;title=1&amp;portrait=1&amp;byline=1#t=\" data-no-translation-title=\"\"><\/iframe>\t\t<\/div>\n\t\t\t\t\t\t<\/div>\n\t\t\t\t<\/div>\n\t\t\t\t<div class=\"elementor-element elementor-element-1bbd367 elementor-widget elementor-widget-text-editor\" data-id=\"1bbd367\" data-element_type=\"widget\" data-e-type=\"widget\" data-widget_type=\"text-editor.default\">\n\t\t\t\t<div class=\"elementor-widget-container\">\n\t\t\t\t\t\t\t\t\t<p style=\"text-align: center;\">Linard demonstrerar inverteringen<\/p>\t\t\t\t\t\t\t\t<\/div>\n\t\t\t\t<\/div>\n\t\t\t\t\t<\/div>\n\t\t<\/div>\n\t\t\t\t\t<\/div>\n\t\t<\/section>\n\t\t\t\t<section class=\"elementor-section elementor-top-section elementor-element elementor-element-d051609 elementor-section-boxed elementor-section-height-default elementor-section-height-default\" data-id=\"d051609\" data-element_type=\"section\" data-e-type=\"section\">\n\t\t\t\t\t\t<div class=\"elementor-container elementor-column-gap-default\">\n\t\t\t\t\t<div class=\"elementor-column elementor-col-100 elementor-top-column elementor-element elementor-element-13cc168\" data-id=\"13cc168\" data-element_type=\"column\" data-e-type=\"column\">\n\t\t\t<div class=\"elementor-widget-wrap elementor-element-populated\">\n\t\t\t\t\t\t<div class=\"elementor-element elementor-element-b43b3ee elementor-widget elementor-widget-heading\" data-id=\"b43b3ee\" data-element_type=\"widget\" data-e-type=\"widget\" data-widget_type=\"heading.default\">\n\t\t\t\t<div class=\"elementor-widget-container\">\n\t\t\t\t\t<h2 class=\"elementor-heading-title elementor-size-default\">Utskrift (automatiskt \u00f6versatt)<\/h2>\t\t\t\t<\/div>\n\t\t\t\t<\/div>\n\t\t\t\t\t<\/div>\n\t\t<\/div>\n\t\t\t\t\t<\/div>\n\t\t<\/section>\n\t\t\t\t<section class=\"elementor-section elementor-top-section elementor-element elementor-element-474427c elementor-section-boxed elementor-section-height-default elementor-section-height-default\" data-id=\"474427c\" data-element_type=\"section\" data-e-type=\"section\">\n\t\t\t\t\t\t<div class=\"elementor-container elementor-column-gap-default\">\n\t\t\t\t\t<div class=\"elementor-column elementor-col-100 elementor-top-column elementor-element elementor-element-6041f12\" data-id=\"6041f12\" data-element_type=\"column\" data-e-type=\"column\">\n\t\t\t<div class=\"elementor-widget-wrap elementor-element-populated\">\n\t\t\t\t\t\t\t<\/div>\n\t\t<\/div>\n\t\t\t\t\t<\/div>\n\t\t<\/section>\n\t\t\t\t<\/div>","protected":false},"excerpt":{"rendered":"<p>Zu Gast: Linard Bardill \u2013 im Gegensatz zum Jahrestreffen des World Economic Forum in Davos, liegt der Fokus beim World Ethic Forum auf Mutter Erde und unser aller Beziehung zu ihr.  Gemeinsam erschaffen eine lebenswerte Zukunft f\u00fcr alle. [01:09:14]<\/p>\n","protected":false},"author":2,"featured_media":2015,"comment_status":"closed","ping_status":"closed","sticky":false,"template":"","format":"standard","meta":{"footnotes":""},"categories":[19],"tags":[16],"class_list":["post-2045","post","type-post","status-publish","format-standard","has-post-thumbnail","hentry","category-podcast","tag-grundeinkommen"],"yoast_head":"<!-- This site is optimized with the Yoast SEO plugin v27.5 - https:\/\/yoast.com\/product\/yoast-seo-wordpress\/ -->\n<title>WorldEthicForum \u2013 Great Cooperation statt Great Reset - Gradido<\/title>\n<meta name=\"description\" content=\"Zu Gast: Linard Bardill \u2013 im Gegensatz zum Jahrestreffen des World Economic Forum in Davos, liegt der Fokus beim World Ethic Forum auf Mutter Erde und unser aller Beziehung zu ihr. Gemeinsam erschaffen eine lebenswerte Zukunft f\u00fcr alle. [01:09:14]\" \/>\n<meta name=\"robots\" content=\"index, follow, max-snippet:-1, max-image-preview:large, max-video-preview:-1\" \/>\n<link rel=\"canonical\" href=\"https:\/\/gradido.net\/sv\/episode-12\/\" \/>\n<meta property=\"og:locale\" content=\"sv_SE\" \/>\n<meta property=\"og:type\" content=\"article\" \/>\n<meta property=\"og:title\" content=\"WorldEthicForum \u2013 Great Cooperation statt Great Reset - Gradido\" \/>\n<meta property=\"og:description\" content=\"Zu Gast: Linard Bardill \u2013 im Gegensatz zum Jahrestreffen des World Economic Forum in Davos, liegt der Fokus beim World Ethic Forum auf Mutter Erde und unser aller Beziehung zu ihr. Gemeinsam erschaffen eine lebenswerte Zukunft f\u00fcr alle. [01:09:14]\" \/>\n<meta property=\"og:url\" content=\"https:\/\/gradido.net\/sv\/episode-12\/\" \/>\n<meta property=\"og:site_name\" content=\"Gradido\" \/>\n<meta property=\"article:published_time\" content=\"2021-03-20T17:16:27+00:00\" \/>\n<meta property=\"article:modified_time\" content=\"2022-08-12T15:12:47+00:00\" \/>\n<meta property=\"og:image\" content=\"https:\/\/gradido.net\/wp-content\/uploads\/2021\/03\/podcast_www_bardill.jpg\" \/>\n\t<meta property=\"og:image:width\" content=\"1800\" \/>\n\t<meta property=\"og:image:height\" content=\"1221\" \/>\n\t<meta property=\"og:image:type\" content=\"image\/jpeg\" \/>\n<meta name=\"author\" content=\"Bernd H\u00fcckst\u00e4dt\" \/>\n<meta name=\"twitter:card\" content=\"summary_large_image\" \/>\n<meta name=\"twitter:label1\" content=\"Skriven av\" \/>\n\t<meta name=\"twitter:data1\" content=\"Bernd H\u00fcckst\u00e4dt\" \/>\n\t<meta name=\"twitter:label2\" content=\"Ber\u00e4knad l\u00e4stid\" \/>\n\t<meta name=\"twitter:data2\" content=\"2 minuter\" \/>\n<script type=\"application\/ld+json\" class=\"yoast-schema-graph\">{\"@context\":\"https:\\\/\\\/schema.org\",\"@graph\":[{\"@type\":\"Article\",\"@id\":\"https:\\\/\\\/gradido.net\\\/tr\\\/episode-12\\\/#article\",\"isPartOf\":{\"@id\":\"https:\\\/\\\/gradido.net\\\/tr\\\/episode-12\\\/\"},\"author\":{\"name\":\"Bernd H\u00fcckst\u00e4dt\",\"@id\":\"https:\\\/\\\/gradido.net\\\/de\\\/#\\\/schema\\\/person\\\/9c503a004ad15a1ddecadce2218db5d1\"},\"headline\":\"WorldEthicForum \u2013 Great Cooperation statt Great Reset\",\"datePublished\":\"2021-03-20T17:16:27+00:00\",\"dateModified\":\"2022-08-12T15:12:47+00:00\",\"mainEntityOfPage\":{\"@id\":\"https:\\\/\\\/gradido.net\\\/tr\\\/episode-12\\\/\"},\"wordCount\":223,\"publisher\":{\"@id\":\"https:\\\/\\\/gradido.net\\\/de\\\/#organization\"},\"image\":{\"@id\":\"https:\\\/\\\/gradido.net\\\/tr\\\/episode-12\\\/#primaryimage\"},\"thumbnailUrl\":\"https:\\\/\\\/gradido.net\\\/wp-content\\\/uploads\\\/2021\\\/03\\\/podcast_www_bardill.jpg\",\"keywords\":[\"Grundeinkommen\"],\"articleSection\":[\"Podcast\"],\"inLanguage\":\"sv-SE\"},{\"@type\":\"WebPage\",\"@id\":\"https:\\\/\\\/gradido.net\\\/tr\\\/episode-12\\\/\",\"url\":\"https:\\\/\\\/gradido.net\\\/tr\\\/episode-12\\\/\",\"name\":\"WorldEthicForum \u2013 Great Cooperation statt Great Reset - Gradido\",\"isPartOf\":{\"@id\":\"https:\\\/\\\/gradido.net\\\/de\\\/#website\"},\"primaryImageOfPage\":{\"@id\":\"https:\\\/\\\/gradido.net\\\/tr\\\/episode-12\\\/#primaryimage\"},\"image\":{\"@id\":\"https:\\\/\\\/gradido.net\\\/tr\\\/episode-12\\\/#primaryimage\"},\"thumbnailUrl\":\"https:\\\/\\\/gradido.net\\\/wp-content\\\/uploads\\\/2021\\\/03\\\/podcast_www_bardill.jpg\",\"datePublished\":\"2021-03-20T17:16:27+00:00\",\"dateModified\":\"2022-08-12T15:12:47+00:00\",\"description\":\"Zu Gast: Linard Bardill \u2013 im Gegensatz zum Jahrestreffen des World Economic Forum in Davos, liegt der Fokus beim World Ethic Forum auf Mutter Erde und unser aller Beziehung zu ihr. Gemeinsam erschaffen eine lebenswerte Zukunft f\u00fcr alle. [01:09:14]\",\"breadcrumb\":{\"@id\":\"https:\\\/\\\/gradido.net\\\/tr\\\/episode-12\\\/#breadcrumb\"},\"inLanguage\":\"sv-SE\",\"potentialAction\":[{\"@type\":\"ReadAction\",\"target\":[\"https:\\\/\\\/gradido.net\\\/tr\\\/episode-12\\\/\"]}]},{\"@type\":\"ImageObject\",\"inLanguage\":\"sv-SE\",\"@id\":\"https:\\\/\\\/gradido.net\\\/tr\\\/episode-12\\\/#primaryimage\",\"url\":\"https:\\\/\\\/gradido.net\\\/wp-content\\\/uploads\\\/2021\\\/03\\\/podcast_www_bardill.jpg\",\"contentUrl\":\"https:\\\/\\\/gradido.net\\\/wp-content\\\/uploads\\\/2021\\\/03\\\/podcast_www_bardill.jpg\",\"width\":1800,\"height\":1221},{\"@type\":\"BreadcrumbList\",\"@id\":\"https:\\\/\\\/gradido.net\\\/tr\\\/episode-12\\\/#breadcrumb\",\"itemListElement\":[{\"@type\":\"ListItem\",\"position\":1,\"name\":\"Startseite\",\"item\":\"https:\\\/\\\/gradido.net\\\/\"},{\"@type\":\"ListItem\",\"position\":2,\"name\":\"WorldEthicForum \u2013 Great Cooperation statt Great Reset\"}]},{\"@type\":\"WebSite\",\"@id\":\"https:\\\/\\\/gradido.net\\\/de\\\/#website\",\"url\":\"https:\\\/\\\/gradido.net\\\/de\\\/\",\"name\":\"Gradido\",\"description\":\"Die neue W\u00e4hrung hei\u00dft Dankbarkeit\",\"publisher\":{\"@id\":\"https:\\\/\\\/gradido.net\\\/de\\\/#organization\"},\"potentialAction\":[{\"@type\":\"SearchAction\",\"target\":{\"@type\":\"EntryPoint\",\"urlTemplate\":\"https:\\\/\\\/gradido.net\\\/de\\\/?s={search_term_string}\"},\"query-input\":{\"@type\":\"PropertyValueSpecification\",\"valueRequired\":true,\"valueName\":\"search_term_string\"}}],\"inLanguage\":\"sv-SE\"},{\"@type\":\"Organization\",\"@id\":\"https:\\\/\\\/gradido.net\\\/de\\\/#organization\",\"name\":\"Gradido\",\"url\":\"https:\\\/\\\/gradido.net\\\/de\\\/\",\"logo\":{\"@type\":\"ImageObject\",\"inLanguage\":\"sv-SE\",\"@id\":\"https:\\\/\\\/gradido.net\\\/de\\\/#\\\/schema\\\/logo\\\/image\\\/\",\"url\":\"https:\\\/\\\/gradido.net\\\/wp-content\\\/uploads\\\/2022\\\/04\\\/gradido-social.jpg\",\"contentUrl\":\"https:\\\/\\\/gradido.net\\\/wp-content\\\/uploads\\\/2022\\\/04\\\/gradido-social.jpg\",\"width\":527,\"height\":273,\"caption\":\"Gradido\"},\"image\":{\"@id\":\"https:\\\/\\\/gradido.net\\\/de\\\/#\\\/schema\\\/logo\\\/image\\\/\"}},{\"@type\":\"Person\",\"@id\":\"https:\\\/\\\/gradido.net\\\/de\\\/#\\\/schema\\\/person\\\/9c503a004ad15a1ddecadce2218db5d1\",\"name\":\"Bernd H\u00fcckst\u00e4dt\",\"sameAs\":[\"https:\\\/\\\/gradido.net\"],\"url\":\"https:\\\/\\\/gradido.net\\\/sv\\\/author\\\/bernd\\\/\"}]}<\/script>\n<!-- \/ Yoast SEO plugin. -->","yoast_head_json":{"title":"WorldEthicForum - Stort samarbete ist\u00e4llet f\u00f6r stor \u00e5terst\u00e4llning - Gradido","description":"Zu Gast: Linard Bardill \u2013 im Gegensatz zum Jahrestreffen des World Economic Forum in Davos, liegt der Fokus beim World Ethic Forum auf Mutter Erde und unser aller Beziehung zu ihr. Gemeinsam erschaffen eine lebenswerte Zukunft f\u00fcr alle. [01:09:14]","robots":{"index":"index","follow":"follow","max-snippet":"max-snippet:-1","max-image-preview":"max-image-preview:large","max-video-preview":"max-video-preview:-1"},"canonical":"https:\/\/gradido.net\/sv\/episode-12\/","og_locale":"sv_SE","og_type":"article","og_title":"WorldEthicForum \u2013 Great Cooperation statt Great Reset - Gradido","og_description":"Zu Gast: Linard Bardill \u2013 im Gegensatz zum Jahrestreffen des World Economic Forum in Davos, liegt der Fokus beim World Ethic Forum auf Mutter Erde und unser aller Beziehung zu ihr. Gemeinsam erschaffen eine lebenswerte Zukunft f\u00fcr alle. [01:09:14]","og_url":"https:\/\/gradido.net\/sv\/episode-12\/","og_site_name":"Gradido","article_published_time":"2021-03-20T17:16:27+00:00","article_modified_time":"2022-08-12T15:12:47+00:00","og_image":[{"width":1800,"height":1221,"url":"https:\/\/gradido.net\/wp-content\/uploads\/2021\/03\/podcast_www_bardill.jpg","type":"image\/jpeg"}],"author":"Bernd H\u00fcckst\u00e4dt","twitter_card":"summary_large_image","twitter_misc":{"Skriven av":"Bernd H\u00fcckst\u00e4dt","Ber\u00e4knad l\u00e4stid":"2 minuter"},"schema":{"@context":"https:\/\/schema.org","@graph":[{"@type":"Article","@id":"https:\/\/gradido.net\/tr\/episode-12\/#article","isPartOf":{"@id":"https:\/\/gradido.net\/tr\/episode-12\/"},"author":{"name":"Bernd H\u00fcckst\u00e4dt","@id":"https:\/\/gradido.net\/de\/#\/schema\/person\/9c503a004ad15a1ddecadce2218db5d1"},"headline":"WorldEthicForum \u2013 Great Cooperation statt Great Reset","datePublished":"2021-03-20T17:16:27+00:00","dateModified":"2022-08-12T15:12:47+00:00","mainEntityOfPage":{"@id":"https:\/\/gradido.net\/tr\/episode-12\/"},"wordCount":223,"publisher":{"@id":"https:\/\/gradido.net\/de\/#organization"},"image":{"@id":"https:\/\/gradido.net\/tr\/episode-12\/#primaryimage"},"thumbnailUrl":"https:\/\/gradido.net\/wp-content\/uploads\/2021\/03\/podcast_www_bardill.jpg","keywords":["Grundeinkommen"],"articleSection":["Podcast"],"inLanguage":"sv-SE"},{"@type":"WebPage","@id":"https:\/\/gradido.net\/tr\/episode-12\/","url":"https:\/\/gradido.net\/tr\/episode-12\/","name":"WorldEthicForum - Stort samarbete ist\u00e4llet f\u00f6r stor \u00e5terst\u00e4llning - Gradido","isPartOf":{"@id":"https:\/\/gradido.net\/de\/#website"},"primaryImageOfPage":{"@id":"https:\/\/gradido.net\/tr\/episode-12\/#primaryimage"},"image":{"@id":"https:\/\/gradido.net\/tr\/episode-12\/#primaryimage"},"thumbnailUrl":"https:\/\/gradido.net\/wp-content\/uploads\/2021\/03\/podcast_www_bardill.jpg","datePublished":"2021-03-20T17:16:27+00:00","dateModified":"2022-08-12T15:12:47+00:00","description":"Zu Gast: Linard Bardill \u2013 im Gegensatz zum Jahrestreffen des World Economic Forum in Davos, liegt der Fokus beim World Ethic Forum auf Mutter Erde und unser aller Beziehung zu ihr. Gemeinsam erschaffen eine lebenswerte Zukunft f\u00fcr alle. [01:09:14]","breadcrumb":{"@id":"https:\/\/gradido.net\/tr\/episode-12\/#breadcrumb"},"inLanguage":"sv-SE","potentialAction":[{"@type":"ReadAction","target":["https:\/\/gradido.net\/tr\/episode-12\/"]}]},{"@type":"ImageObject","inLanguage":"sv-SE","@id":"https:\/\/gradido.net\/tr\/episode-12\/#primaryimage","url":"https:\/\/gradido.net\/wp-content\/uploads\/2021\/03\/podcast_www_bardill.jpg","contentUrl":"https:\/\/gradido.net\/wp-content\/uploads\/2021\/03\/podcast_www_bardill.jpg","width":1800,"height":1221},{"@type":"BreadcrumbList","@id":"https:\/\/gradido.net\/tr\/episode-12\/#breadcrumb","itemListElement":[{"@type":"ListItem","position":1,"name":"Startseite","item":"https:\/\/gradido.net\/"},{"@type":"ListItem","position":2,"name":"WorldEthicForum \u2013 Great Cooperation statt Great Reset"}]},{"@type":"WebSite","@id":"https:\/\/gradido.net\/de\/#website","url":"https:\/\/gradido.net\/de\/","name":"Gradido","description":"Den nya valutan \u00e4r tacksamhet","publisher":{"@id":"https:\/\/gradido.net\/de\/#organization"},"potentialAction":[{"@type":"SearchAction","target":{"@type":"EntryPoint","urlTemplate":"https:\/\/gradido.net\/de\/?s={search_term_string}"},"query-input":{"@type":"PropertyValueSpecification","valueRequired":true,"valueName":"search_term_string"}}],"inLanguage":"sv-SE"},{"@type":"Organization","@id":"https:\/\/gradido.net\/de\/#organization","name":"Gradido","url":"https:\/\/gradido.net\/de\/","logo":{"@type":"ImageObject","inLanguage":"sv-SE","@id":"https:\/\/gradido.net\/de\/#\/schema\/logo\/image\/","url":"https:\/\/gradido.net\/wp-content\/uploads\/2022\/04\/gradido-social.jpg","contentUrl":"https:\/\/gradido.net\/wp-content\/uploads\/2022\/04\/gradido-social.jpg","width":527,"height":273,"caption":"Gradido"},"image":{"@id":"https:\/\/gradido.net\/de\/#\/schema\/logo\/image\/"}},{"@type":"Person","@id":"https:\/\/gradido.net\/de\/#\/schema\/person\/9c503a004ad15a1ddecadce2218db5d1","name":"Bernd H\u00fcckst\u00e4dt","sameAs":["https:\/\/gradido.net"],"url":"https:\/\/gradido.net\/sv\/author\/bernd\/"}]}},"_links":{"self":[{"href":"https:\/\/gradido.net\/sv\/wp-json\/wp\/v2\/posts\/2045","targetHints":{"allow":["GET"]}}],"collection":[{"href":"https:\/\/gradido.net\/sv\/wp-json\/wp\/v2\/posts"}],"about":[{"href":"https:\/\/gradido.net\/sv\/wp-json\/wp\/v2\/types\/post"}],"author":[{"embeddable":true,"href":"https:\/\/gradido.net\/sv\/wp-json\/wp\/v2\/users\/2"}],"replies":[{"embeddable":true,"href":"https:\/\/gradido.net\/sv\/wp-json\/wp\/v2\/comments?post=2045"}],"version-history":[{"count":40,"href":"https:\/\/gradido.net\/sv\/wp-json\/wp\/v2\/posts\/2045\/revisions"}],"predecessor-version":[{"id":5444,"href":"https:\/\/gradido.net\/sv\/wp-json\/wp\/v2\/posts\/2045\/revisions\/5444"}],"wp:featuredmedia":[{"embeddable":true,"href":"https:\/\/gradido.net\/sv\/wp-json\/wp\/v2\/media\/2015"}],"wp:attachment":[{"href":"https:\/\/gradido.net\/sv\/wp-json\/wp\/v2\/media?parent=2045"}],"wp:term":[{"taxonomy":"category","embeddable":true,"href":"https:\/\/gradido.net\/sv\/wp-json\/wp\/v2\/categories?post=2045"},{"taxonomy":"post_tag","embeddable":true,"href":"https:\/\/gradido.net\/sv\/wp-json\/wp\/v2\/tags?post=2045"}],"curies":[{"name":"wp","href":"https:\/\/api.w.org\/{rel}","templated":true}]}}