{"id":2978,"date":"2021-07-13T09:05:42","date_gmt":"2021-07-13T07:05:42","guid":{"rendered":"https:\/\/gradido.net\/?p=2978"},"modified":"2021-12-11T21:05:20","modified_gmt":"2021-12-11T20:05:20","slug":"gradido-akademie-laedt-rentner-zu-erfuelltem-lebensabend-ein","status":"publish","type":"post","link":"https:\/\/gradido.net\/sv\/gradido-akademie-laedt-rentner-zu-erfuelltem-lebensabend-ein\/","title":{"rendered":"Gradido Academy bjuder in pension\u00e4rer till en meningsfull \u00e5lderdom"},"content":{"rendered":"<div data-elementor-type=\"wp-post\" data-elementor-id=\"2978\" class=\"elementor elementor-2978\" data-elementor-post-type=\"post\">\n\t\t\t\t\t\t<section class=\"elementor-section elementor-top-section elementor-element elementor-element-496e1d53 elementor-section-boxed elementor-section-height-default elementor-section-height-default\" data-id=\"496e1d53\" data-element_type=\"section\" data-e-type=\"section\">\n\t\t\t\t\t\t<div class=\"elementor-container elementor-column-gap-default\">\n\t\t\t\t\t<div class=\"elementor-column elementor-col-100 elementor-top-column elementor-element elementor-element-461d7be0\" data-id=\"461d7be0\" data-element_type=\"column\" data-e-type=\"column\">\n\t\t\t<div class=\"elementor-widget-wrap elementor-element-populated\">\n\t\t\t\t\t\t<div class=\"elementor-element elementor-element-cd9ebe2 elementor-widget elementor-widget-text-editor\" data-id=\"cd9ebe2\" data-element_type=\"widget\" data-e-type=\"widget\" data-widget_type=\"text-editor.default\">\n\t\t\t\t<div class=\"elementor-widget-container\">\n\t\t\t\t\t\t\t\t\t<h2>Fattig och ensam p\u00e5 \u00e5lderns h\u00f6st?<\/h2><p><strong>K\u00fcnzelsau,13.07.2021 - Utsikterna f\u00f6r pension\u00e4rer \u00e4r dystra: p\u00e5 grund av hotet om fattigdom bland \u00e4ldre och v\u00e4xande ensamhet blir den \"v\u00e4lf\u00f6rtj\u00e4nta pensionen\" ofta ett verkligt skr\u00e4ckscenario. Enligt aktuella studier kommer fattigdomen bland \u00e4ldre att \u00f6ka stadigt. L\u00e4kare varnar f\u00f6r h\u00e4lsoriskerna med den \u00f6kande sociala isoleringen. Medan politikerna diskuterar en f\u00f6rl\u00e4ngning av arbetslivet och h\u00f6gre pensionsavgifter har de ekonomiska bionikerna vid Gradido Academy sedan l\u00e4nge utvecklat en \u00f6vertygande strategi f\u00f6r att f\u00f6rs\u00f6rja m\u00e4nniskor i pension. Och i utformningen av deras nya ekonomiska och finansiella modell har de ocks\u00e5 f\u00f6rankrat en v\u00e4g ut ur ensamheten p\u00e5 \u00e5lderns h\u00f6st.<\/strong><\/p><h3>En av fem pension\u00e4rer kan snart riskera att drabbas av \u00e5ldersfattigdom<\/h3><p>\u00c4ven om allt fler pension\u00e4rer har en medelinkomst, konstaterade Bertelsmann-stiftelsen redan 2017 i studien \"Development of old-age poverty until 2036\" att risken f\u00f6r \u00e5ldersfattigdom \u00f6kar stadigt. Pension\u00e4rer vars nettoinkomst \u00e4r mindre \u00e4n 958 euro anses vara i riskzonen f\u00f6r fattigdom. Risken f\u00f6r fattigdom bland framtida pension\u00e4rer \u00f6kar fr\u00e5n 16 procent 2015 till 20 procent 2036, vilket inneb\u00e4r att en av fem nya pension\u00e4rer snart kan riskera att drabbas av fattigdom bland \u00e4ldre. P\u00e5 grund av de demografiska f\u00f6r\u00e4ndringarna m\u00e5ste allt f\u00e4rre f\u00f6rv\u00e4rvsarbetande betala f\u00f6r allt fler pension\u00e4rer.<\/p><h3>Kontraktet mellan generationerna har misslyckats<\/h3><p>\"S\u00e5 l\u00e4nge som n\u00e5gras kredit \u00e4r andras skuld kommer ingen ekonomisk och finansiell modell att fungera p\u00e5 l\u00e5ng sikt\", s\u00e4ger Bernd H\u00fcckst\u00e4dt, medgrundare av Gradido Academy, om den hotfulla nuvarande utvecklingen. Med utg\u00e5ngspunkt i naturens tusen\u00e5riga framg\u00e5ngsmodeller har experterna p\u00e5 ekonomisk bionik vid det oberoende forskningsinstitutet under tv\u00e5 decennier utvecklat ett koncept f\u00f6r det gemensamma b\u00e4sta som bygger p\u00e5 att man v\u00e4nder sig bort fr\u00e5n principen om skuldpengar och inf\u00f6r Gradido (GDD). Det grundl\u00e4ggande etiska konceptet f\u00f6r den nya typen av ekonomiska och finansiella system \u00e4r inriktat p\u00e5 det \"trefaldiga goda\" f\u00f6r att skapa b\u00e4sta m\u00f6jliga m\u00f6jligheter till liv och utveckling f\u00f6r individen, trygga det sociala livet i samh\u00e4llet och skydda naturen efter b\u00e4sta f\u00f6rm\u00e5ga. M\u00e4nniskor i alla \u00e5ldrar har m\u00f6jlighet att f\u00e5 1000 Gradido (GDD) per m\u00e5nad som en \"aktiv basinkomst\". I geng\u00e4ld tar de p\u00e5 sig uppgifter i samh\u00e4llet som de tycker om att g\u00f6ra och som de \u00e4r s\u00e4rskilt duktiga p\u00e5. F\u00f6r samh\u00e4llet dras ocks\u00e5 1000 Gradido (GDD) per person och m\u00e5nad, vilket g\u00f6r skatterna \u00f6verfl\u00f6diga. Den tredje pelaren \u00e4r ytterligare 1 000 Gradido, som varje m\u00e5nad tas ut till en milj\u00f6fond f\u00f6r naturskydd. \u00a0<\/p><h3>Livsl\u00e5ng trygghet och v\u00e5rd<\/h3><p>Ut\u00f6ver den aktiva basinkomsten f\u00e5r \u00e4ldre personer ytterligare 1 000 Gradido per m\u00e5nad i form av en ovillkorlig basinkomst och f\u00e5r d\u00e4rmed en optimal f\u00f6rs\u00f6rjning fram till slutet av livet. \"Vi har skapat flexibla l\u00f6sningar h\u00e4r f\u00f6r att kunna garantera v\u00e5rd f\u00f6r varje individ. V\u00e5rt m\u00e5l \u00e4r att ta bort m\u00e4nniskors r\u00e4dsla f\u00f6r att \u00e5ldras och ist\u00e4llet ge dem sin v\u00e4rdighet, sin h\u00e4lsa och sin livsgl\u00e4dje tillbaka - \u00e4nda till livets sista dag\", s\u00e4ger Margret Baier, akademins verkst\u00e4llande direkt\u00f6r.<\/p><h3>Socialt deltagande \u00e4r viktigt f\u00f6r livskvaliteten i \u00e5lderdomen<\/h3><p>F\u00f6r att uppn\u00e5 detta m\u00e5l bygger Gradido-modellen ocks\u00e5 p\u00e5 \"villkorsl\u00f6st deltagande\" i samh\u00e4llslivet. Den g\u00f6r det m\u00f6jligt f\u00f6r varje person att delta i det gemensamma b\u00e4sta s\u00e5 l\u00e4nge han eller hon vill det och att f\u00f6rbli en del av samh\u00e4llslivet. \"Ofta f\u00e5r gamla m\u00e4nniskor inte l\u00e4ngre n\u00e5gon positiv bekr\u00e4ftelse alls och f\u00e5r d\u00e4rf\u00f6r en k\u00e4nsla av att de inte l\u00e4ngre beh\u00f6vs. Detta f\u00f6rlamar och skadar h\u00e4lsan, eftersom deltagande i det sociala livet \u00e4r oumb\u00e4rligt \u00e4ven p\u00e5 \u00e4ldre dagar\", f\u00f6rklarar Margret Baier, \"dessutom kan viktiga sociala uppgifter som annars skulle vara n\u00e4stan om\u00f6jliga att klara av utf\u00f6ras tack vare \u00e4ldre personers frivilliga engagemang.\"<\/p><h3>Ensamhet kan f\u00f6rdubbla risken f\u00f6r demens<\/h3><p>Ensamhet i \u00e5lderdomen och depressiva st\u00e4mningar p\u00e5verkar b\u00e5de den psykiska och fysiska h\u00e4lsan. \"Om m\u00e4nniskor \u00e4r socialt isolerade och har f\u00e5 sociala kontakter under en l\u00e4ngre tid kan detta ocks\u00e5 orsaka allvarliga fysiska symtom\", betonar Andreas Meyer-Lindenberg, psykiater och chef f\u00f6r Centralinstitutet f\u00f6r psykisk h\u00e4lsa i Mannheim. Efter en fyra\u00e5rig studie av 800 \u00e4ldre personer fann amerikanska forskare att ensamhet f\u00f6rdubblar risken f\u00f6r att utveckla senildemens.<\/p><h3>Gradido lovar v\u00e5rd i livets slutskede<\/h3><p>\"V\u00e5rt m\u00e5l \u00e4r att alla m\u00e4nniskor ska kunna leva s\u00e4kert, fullt ut, s\u00e5 h\u00e4lsosamt som m\u00f6jligt och lyckligt fr\u00e5n den f\u00f6rsta till den sista dagen i sitt liv\", f\u00f6rklarar Bernd H\u00fcckst\u00e4dt och till\u00e4gger: \"Eftersom antalet personer vars vardag ligger l\u00e5ngt ifr\u00e5n dessa paradisiska f\u00f6rh\u00e5llanden \u00f6kar varje dag \u00e4r det h\u00f6g tid att t\u00e4nka om. Vi inbjuder d\u00e4rf\u00f6r likasinnade m\u00e4nniskor i alla \u00e5ldrar att st\u00f6dja oss i v\u00e5r str\u00e4van efter en fredlig omvandling och att samarbeta med Gradido Academy\".<\/p><p>Mer information om Gradido-modellen och Gradido-podden finns p\u00e5 f\u00f6ljande adress <a href=\"https:\/\/gradido.net\/sv\/\">www.gradido.net<\/a><\/p>\t\t\t\t\t\t\t\t<\/div>\n\t\t\t\t<\/div>\n\t\t\t\t<div class=\"elementor-element elementor-element-e9ff241 elementor-widget elementor-widget-text-editor\" data-id=\"e9ff241\" data-element_type=\"widget\" data-e-type=\"widget\" data-widget_type=\"text-editor.default\">\n\t\t\t\t<div class=\"elementor-widget-container\">\n\t\t\t\t\t\t\t\t\t<p><strong>Om Gradido Academy<\/strong><br>Gradido Academy for Economic Bionics har utvecklat en alternativ \"gemensam god valuta\" med naturen som f\u00f6rebild. Naturen f\u00f6ljer regeln att det \u00e4r bara n\u00e4r n\u00e5got g\u00e5r bort som n\u00e5got nytt kan uppst\u00e5 och d\u00e4rmed \u00e4r det m\u00f6jligt att \u00e5stadkomma en l\u00e5ngsiktig f\u00f6rb\u00e4ttring (evolution). Dess framg\u00e5ngsrecept \u00e4r \"livets kretslopp\". Om v\u00e5r ekonomi ocks\u00e5 skulle f\u00f6lja denna naturliga cykel skulle det l\u00f6sa praktiskt taget alla v\u00e4rldens penningrelaterade problem, enligt experterna p\u00e5 ekonomisk bionik. Gradido-modellen bygger p\u00e5 id\u00e9n att inte bara varje person utan \u00e4ven varje stat f\u00e5r en inkomst som skapas p\u00e5 kreditbasis. P\u00e5 s\u00e5 s\u00e4tt kan den utf\u00f6ra alla sina uppgifter utan att ta ut skatt. Deflation och inflation h\u00f6r till det f\u00f6rflutna. Ekonomin befrias fr\u00e5n det st\u00e4ndiga tv\u00e5nget att v\u00e4xa, och faran f\u00f6r en kollaps av det finansiella systemet \u00e4r \u00e4ntligen avv\u00e4rjd. (<a href=\"https:\/\/gradido.net\/sv\/\">www.gradido.net<\/a>)<\/p>\t\t\t\t\t\t\t\t<\/div>\n\t\t\t\t<\/div>\n\t\t\t\t\t<\/div>\n\t\t<\/div>\n\t\t\t\t\t<\/div>\n\t\t<\/section>\n\t\t\t\t<\/div>","protected":false},"excerpt":{"rendered":"<p>Arm und einsam im Alter? K\u00fcnzelsau,13.07.2021 \u2013 Die Aussichten f\u00fcr Rentner sind d\u00fcster: Wegen drohender Altersarmut und wachsender Vereinsamung wird der \u201awohlverdiente Ruhestand\u2018 nicht selten zu einem echten Schreckensszenario. Aktuelle Studien rechnen mit einem steten Anstieg der Altersarmut. Mediziner warnen vor den Gesundheitsrisiken durch die wachsende soziale Isolation. W\u00e4hrend die Politik \u00fcber eine Verl\u00e4ngerung der [&hellip;]<\/p>\n","protected":false},"author":2,"featured_media":2977,"comment_status":"closed","ping_status":"closed","sticky":false,"template":"","format":"standard","meta":{"footnotes":""},"categories":[8],"tags":[],"class_list":["post-2978","post","type-post","status-publish","format-standard","has-post-thumbnail","hentry","category-pressemitteilung"],"yoast_head":"<!-- This site is optimized with the Yoast SEO plugin v27.5 - https:\/\/yoast.com\/product\/yoast-seo-wordpress\/ -->\n<title>Gradido-Akademie l\u00e4dt Rentner zu erf\u00fclltem Lebensabend ein - Gradido<\/title>\n<meta name=\"robots\" content=\"index, follow, max-snippet:-1, max-image-preview:large, max-video-preview:-1\" \/>\n<link rel=\"canonical\" href=\"https:\/\/gradido.net\/sv\/gradido-akademie-laedt-rentner-zu-erfuelltem-lebensabend-ein\/\" \/>\n<meta property=\"og:locale\" content=\"sv_SE\" \/>\n<meta property=\"og:type\" content=\"article\" \/>\n<meta property=\"og:title\" content=\"Gradido-Akademie l\u00e4dt Rentner zu erf\u00fclltem Lebensabend ein - Gradido\" \/>\n<meta property=\"og:description\" content=\"Arm und einsam im Alter? K\u00fcnzelsau,13.07.2021 \u2013 Die Aussichten f\u00fcr Rentner sind d\u00fcster: Wegen drohender Altersarmut und wachsender Vereinsamung wird der \u201awohlverdiente Ruhestand\u2018 nicht selten zu einem echten Schreckensszenario. Aktuelle Studien rechnen mit einem steten Anstieg der Altersarmut. Mediziner warnen vor den Gesundheitsrisiken durch die wachsende soziale Isolation. W\u00e4hrend die Politik \u00fcber eine Verl\u00e4ngerung der [&hellip;]\" \/>\n<meta property=\"og:url\" content=\"https:\/\/gradido.net\/sv\/gradido-akademie-laedt-rentner-zu-erfuelltem-lebensabend-ein\/\" \/>\n<meta property=\"og:site_name\" content=\"Gradido\" \/>\n<meta property=\"article:published_time\" content=\"2021-07-13T07:05:42+00:00\" \/>\n<meta property=\"article:modified_time\" content=\"2021-12-11T20:05:20+00:00\" \/>\n<meta property=\"og:image\" content=\"https:\/\/gradido.net\/wp-content\/uploads\/2021\/07\/alter_ohne_armut_und_einsamkeit.jpg\" \/>\n\t<meta property=\"og:image:width\" content=\"1458\" \/>\n\t<meta property=\"og:image:height\" content=\"990\" \/>\n\t<meta property=\"og:image:type\" content=\"image\/jpeg\" \/>\n<meta name=\"author\" content=\"Bernd H\u00fcckst\u00e4dt\" \/>\n<meta name=\"twitter:card\" content=\"summary_large_image\" \/>\n<meta name=\"twitter:label1\" content=\"Skriven av\" \/>\n\t<meta name=\"twitter:data1\" content=\"Bernd H\u00fcckst\u00e4dt\" \/>\n\t<meta name=\"twitter:label2\" content=\"Ber\u00e4knad l\u00e4stid\" \/>\n\t<meta name=\"twitter:data2\" content=\"5 minuter\" \/>\n<script type=\"application\/ld+json\" class=\"yoast-schema-graph\">{\"@context\":\"https:\\\/\\\/schema.org\",\"@graph\":[{\"@type\":\"Article\",\"@id\":\"https:\\\/\\\/gradido.net\\\/el\\\/gradido-akademie-laedt-rentner-zu-erfuelltem-lebensabend-ein\\\/#article\",\"isPartOf\":{\"@id\":\"https:\\\/\\\/gradido.net\\\/el\\\/gradido-akademie-laedt-rentner-zu-erfuelltem-lebensabend-ein\\\/\"},\"author\":{\"name\":\"Bernd H\u00fcckst\u00e4dt\",\"@id\":\"https:\\\/\\\/gradido.net\\\/de\\\/#\\\/schema\\\/person\\\/9c503a004ad15a1ddecadce2218db5d1\"},\"headline\":\"Gradido-Akademie l\u00e4dt Rentner zu erf\u00fclltem Lebensabend ein\",\"datePublished\":\"2021-07-13T07:05:42+00:00\",\"dateModified\":\"2021-12-11T20:05:20+00:00\",\"mainEntityOfPage\":{\"@id\":\"https:\\\/\\\/gradido.net\\\/el\\\/gradido-akademie-laedt-rentner-zu-erfuelltem-lebensabend-ein\\\/\"},\"wordCount\":926,\"publisher\":{\"@id\":\"https:\\\/\\\/gradido.net\\\/de\\\/#organization\"},\"image\":{\"@id\":\"https:\\\/\\\/gradido.net\\\/el\\\/gradido-akademie-laedt-rentner-zu-erfuelltem-lebensabend-ein\\\/#primaryimage\"},\"thumbnailUrl\":\"https:\\\/\\\/gradido.net\\\/wp-content\\\/uploads\\\/2021\\\/07\\\/alter_ohne_armut_und_einsamkeit.jpg\",\"articleSection\":[\"Pressemitteilung\"],\"inLanguage\":\"sv-SE\"},{\"@type\":\"WebPage\",\"@id\":\"https:\\\/\\\/gradido.net\\\/el\\\/gradido-akademie-laedt-rentner-zu-erfuelltem-lebensabend-ein\\\/\",\"url\":\"https:\\\/\\\/gradido.net\\\/el\\\/gradido-akademie-laedt-rentner-zu-erfuelltem-lebensabend-ein\\\/\",\"name\":\"Gradido-Akademie l\u00e4dt Rentner zu erf\u00fclltem Lebensabend ein - Gradido\",\"isPartOf\":{\"@id\":\"https:\\\/\\\/gradido.net\\\/de\\\/#website\"},\"primaryImageOfPage\":{\"@id\":\"https:\\\/\\\/gradido.net\\\/el\\\/gradido-akademie-laedt-rentner-zu-erfuelltem-lebensabend-ein\\\/#primaryimage\"},\"image\":{\"@id\":\"https:\\\/\\\/gradido.net\\\/el\\\/gradido-akademie-laedt-rentner-zu-erfuelltem-lebensabend-ein\\\/#primaryimage\"},\"thumbnailUrl\":\"https:\\\/\\\/gradido.net\\\/wp-content\\\/uploads\\\/2021\\\/07\\\/alter_ohne_armut_und_einsamkeit.jpg\",\"datePublished\":\"2021-07-13T07:05:42+00:00\",\"dateModified\":\"2021-12-11T20:05:20+00:00\",\"breadcrumb\":{\"@id\":\"https:\\\/\\\/gradido.net\\\/el\\\/gradido-akademie-laedt-rentner-zu-erfuelltem-lebensabend-ein\\\/#breadcrumb\"},\"inLanguage\":\"sv-SE\",\"potentialAction\":[{\"@type\":\"ReadAction\",\"target\":[\"https:\\\/\\\/gradido.net\\\/el\\\/gradido-akademie-laedt-rentner-zu-erfuelltem-lebensabend-ein\\\/\"]}]},{\"@type\":\"ImageObject\",\"inLanguage\":\"sv-SE\",\"@id\":\"https:\\\/\\\/gradido.net\\\/el\\\/gradido-akademie-laedt-rentner-zu-erfuelltem-lebensabend-ein\\\/#primaryimage\",\"url\":\"https:\\\/\\\/gradido.net\\\/wp-content\\\/uploads\\\/2021\\\/07\\\/alter_ohne_armut_und_einsamkeit.jpg\",\"contentUrl\":\"https:\\\/\\\/gradido.net\\\/wp-content\\\/uploads\\\/2021\\\/07\\\/alter_ohne_armut_und_einsamkeit.jpg\",\"width\":1458,\"height\":990},{\"@type\":\"BreadcrumbList\",\"@id\":\"https:\\\/\\\/gradido.net\\\/el\\\/gradido-akademie-laedt-rentner-zu-erfuelltem-lebensabend-ein\\\/#breadcrumb\",\"itemListElement\":[{\"@type\":\"ListItem\",\"position\":1,\"name\":\"Startseite\",\"item\":\"https:\\\/\\\/gradido.net\\\/\"},{\"@type\":\"ListItem\",\"position\":2,\"name\":\"Gradido-Akademie l\u00e4dt Rentner zu erf\u00fclltem Lebensabend ein\"}]},{\"@type\":\"WebSite\",\"@id\":\"https:\\\/\\\/gradido.net\\\/de\\\/#website\",\"url\":\"https:\\\/\\\/gradido.net\\\/de\\\/\",\"name\":\"Gradido\",\"description\":\"Die neue W\u00e4hrung hei\u00dft Dankbarkeit\",\"publisher\":{\"@id\":\"https:\\\/\\\/gradido.net\\\/de\\\/#organization\"},\"potentialAction\":[{\"@type\":\"SearchAction\",\"target\":{\"@type\":\"EntryPoint\",\"urlTemplate\":\"https:\\\/\\\/gradido.net\\\/de\\\/?s={search_term_string}\"},\"query-input\":{\"@type\":\"PropertyValueSpecification\",\"valueRequired\":true,\"valueName\":\"search_term_string\"}}],\"inLanguage\":\"sv-SE\"},{\"@type\":\"Organization\",\"@id\":\"https:\\\/\\\/gradido.net\\\/de\\\/#organization\",\"name\":\"Gradido\",\"url\":\"https:\\\/\\\/gradido.net\\\/de\\\/\",\"logo\":{\"@type\":\"ImageObject\",\"inLanguage\":\"sv-SE\",\"@id\":\"https:\\\/\\\/gradido.net\\\/de\\\/#\\\/schema\\\/logo\\\/image\\\/\",\"url\":\"https:\\\/\\\/gradido.net\\\/wp-content\\\/uploads\\\/2022\\\/04\\\/gradido-social.jpg\",\"contentUrl\":\"https:\\\/\\\/gradido.net\\\/wp-content\\\/uploads\\\/2022\\\/04\\\/gradido-social.jpg\",\"width\":527,\"height\":273,\"caption\":\"Gradido\"},\"image\":{\"@id\":\"https:\\\/\\\/gradido.net\\\/de\\\/#\\\/schema\\\/logo\\\/image\\\/\"}},{\"@type\":\"Person\",\"@id\":\"https:\\\/\\\/gradido.net\\\/de\\\/#\\\/schema\\\/person\\\/9c503a004ad15a1ddecadce2218db5d1\",\"name\":\"Bernd H\u00fcckst\u00e4dt\",\"sameAs\":[\"https:\\\/\\\/gradido.net\"],\"url\":\"https:\\\/\\\/gradido.net\\\/sv\\\/author\\\/bernd\\\/\"}]}<\/script>\n<!-- \/ Yoast SEO plugin. -->","yoast_head_json":{"title":"Gradido Academy bjuder in pension\u00e4rer till en meningsfull pension - Gradido","robots":{"index":"index","follow":"follow","max-snippet":"max-snippet:-1","max-image-preview":"max-image-preview:large","max-video-preview":"max-video-preview:-1"},"canonical":"https:\/\/gradido.net\/sv\/gradido-akademie-laedt-rentner-zu-erfuelltem-lebensabend-ein\/","og_locale":"sv_SE","og_type":"article","og_title":"Gradido-Akademie l\u00e4dt Rentner zu erf\u00fclltem Lebensabend ein - Gradido","og_description":"Arm und einsam im Alter? K\u00fcnzelsau,13.07.2021 \u2013 Die Aussichten f\u00fcr Rentner sind d\u00fcster: Wegen drohender Altersarmut und wachsender Vereinsamung wird der \u201awohlverdiente Ruhestand\u2018 nicht selten zu einem echten Schreckensszenario. Aktuelle Studien rechnen mit einem steten Anstieg der Altersarmut. Mediziner warnen vor den Gesundheitsrisiken durch die wachsende soziale Isolation. W\u00e4hrend die Politik \u00fcber eine Verl\u00e4ngerung der [&hellip;]","og_url":"https:\/\/gradido.net\/sv\/gradido-akademie-laedt-rentner-zu-erfuelltem-lebensabend-ein\/","og_site_name":"Gradido","article_published_time":"2021-07-13T07:05:42+00:00","article_modified_time":"2021-12-11T20:05:20+00:00","og_image":[{"width":1458,"height":990,"url":"https:\/\/gradido.net\/wp-content\/uploads\/2021\/07\/alter_ohne_armut_und_einsamkeit.jpg","type":"image\/jpeg"}],"author":"Bernd H\u00fcckst\u00e4dt","twitter_card":"summary_large_image","twitter_misc":{"Skriven av":"Bernd H\u00fcckst\u00e4dt","Ber\u00e4knad l\u00e4stid":"5 minuter"},"schema":{"@context":"https:\/\/schema.org","@graph":[{"@type":"Article","@id":"https:\/\/gradido.net\/el\/gradido-akademie-laedt-rentner-zu-erfuelltem-lebensabend-ein\/#article","isPartOf":{"@id":"https:\/\/gradido.net\/el\/gradido-akademie-laedt-rentner-zu-erfuelltem-lebensabend-ein\/"},"author":{"name":"Bernd H\u00fcckst\u00e4dt","@id":"https:\/\/gradido.net\/de\/#\/schema\/person\/9c503a004ad15a1ddecadce2218db5d1"},"headline":"Gradido-Akademie l\u00e4dt Rentner zu erf\u00fclltem Lebensabend ein","datePublished":"2021-07-13T07:05:42+00:00","dateModified":"2021-12-11T20:05:20+00:00","mainEntityOfPage":{"@id":"https:\/\/gradido.net\/el\/gradido-akademie-laedt-rentner-zu-erfuelltem-lebensabend-ein\/"},"wordCount":926,"publisher":{"@id":"https:\/\/gradido.net\/de\/#organization"},"image":{"@id":"https:\/\/gradido.net\/el\/gradido-akademie-laedt-rentner-zu-erfuelltem-lebensabend-ein\/#primaryimage"},"thumbnailUrl":"https:\/\/gradido.net\/wp-content\/uploads\/2021\/07\/alter_ohne_armut_und_einsamkeit.jpg","articleSection":["Pressemitteilung"],"inLanguage":"sv-SE"},{"@type":"WebPage","@id":"https:\/\/gradido.net\/el\/gradido-akademie-laedt-rentner-zu-erfuelltem-lebensabend-ein\/","url":"https:\/\/gradido.net\/el\/gradido-akademie-laedt-rentner-zu-erfuelltem-lebensabend-ein\/","name":"Gradido Academy bjuder in pension\u00e4rer till en meningsfull pension - Gradido","isPartOf":{"@id":"https:\/\/gradido.net\/de\/#website"},"primaryImageOfPage":{"@id":"https:\/\/gradido.net\/el\/gradido-akademie-laedt-rentner-zu-erfuelltem-lebensabend-ein\/#primaryimage"},"image":{"@id":"https:\/\/gradido.net\/el\/gradido-akademie-laedt-rentner-zu-erfuelltem-lebensabend-ein\/#primaryimage"},"thumbnailUrl":"https:\/\/gradido.net\/wp-content\/uploads\/2021\/07\/alter_ohne_armut_und_einsamkeit.jpg","datePublished":"2021-07-13T07:05:42+00:00","dateModified":"2021-12-11T20:05:20+00:00","breadcrumb":{"@id":"https:\/\/gradido.net\/el\/gradido-akademie-laedt-rentner-zu-erfuelltem-lebensabend-ein\/#breadcrumb"},"inLanguage":"sv-SE","potentialAction":[{"@type":"ReadAction","target":["https:\/\/gradido.net\/el\/gradido-akademie-laedt-rentner-zu-erfuelltem-lebensabend-ein\/"]}]},{"@type":"ImageObject","inLanguage":"sv-SE","@id":"https:\/\/gradido.net\/el\/gradido-akademie-laedt-rentner-zu-erfuelltem-lebensabend-ein\/#primaryimage","url":"https:\/\/gradido.net\/wp-content\/uploads\/2021\/07\/alter_ohne_armut_und_einsamkeit.jpg","contentUrl":"https:\/\/gradido.net\/wp-content\/uploads\/2021\/07\/alter_ohne_armut_und_einsamkeit.jpg","width":1458,"height":990},{"@type":"BreadcrumbList","@id":"https:\/\/gradido.net\/el\/gradido-akademie-laedt-rentner-zu-erfuelltem-lebensabend-ein\/#breadcrumb","itemListElement":[{"@type":"ListItem","position":1,"name":"Startseite","item":"https:\/\/gradido.net\/"},{"@type":"ListItem","position":2,"name":"Gradido-Akademie l\u00e4dt Rentner zu erf\u00fclltem Lebensabend ein"}]},{"@type":"WebSite","@id":"https:\/\/gradido.net\/de\/#website","url":"https:\/\/gradido.net\/de\/","name":"Gradido","description":"Den nya valutan \u00e4r tacksamhet","publisher":{"@id":"https:\/\/gradido.net\/de\/#organization"},"potentialAction":[{"@type":"SearchAction","target":{"@type":"EntryPoint","urlTemplate":"https:\/\/gradido.net\/de\/?s={search_term_string}"},"query-input":{"@type":"PropertyValueSpecification","valueRequired":true,"valueName":"search_term_string"}}],"inLanguage":"sv-SE"},{"@type":"Organization","@id":"https:\/\/gradido.net\/de\/#organization","name":"Gradido","url":"https:\/\/gradido.net\/de\/","logo":{"@type":"ImageObject","inLanguage":"sv-SE","@id":"https:\/\/gradido.net\/de\/#\/schema\/logo\/image\/","url":"https:\/\/gradido.net\/wp-content\/uploads\/2022\/04\/gradido-social.jpg","contentUrl":"https:\/\/gradido.net\/wp-content\/uploads\/2022\/04\/gradido-social.jpg","width":527,"height":273,"caption":"Gradido"},"image":{"@id":"https:\/\/gradido.net\/de\/#\/schema\/logo\/image\/"}},{"@type":"Person","@id":"https:\/\/gradido.net\/de\/#\/schema\/person\/9c503a004ad15a1ddecadce2218db5d1","name":"Bernd H\u00fcckst\u00e4dt","sameAs":["https:\/\/gradido.net"],"url":"https:\/\/gradido.net\/sv\/author\/bernd\/"}]}},"_links":{"self":[{"href":"https:\/\/gradido.net\/sv\/wp-json\/wp\/v2\/posts\/2978","targetHints":{"allow":["GET"]}}],"collection":[{"href":"https:\/\/gradido.net\/sv\/wp-json\/wp\/v2\/posts"}],"about":[{"href":"https:\/\/gradido.net\/sv\/wp-json\/wp\/v2\/types\/post"}],"author":[{"embeddable":true,"href":"https:\/\/gradido.net\/sv\/wp-json\/wp\/v2\/users\/2"}],"replies":[{"embeddable":true,"href":"https:\/\/gradido.net\/sv\/wp-json\/wp\/v2\/comments?post=2978"}],"version-history":[{"count":10,"href":"https:\/\/gradido.net\/sv\/wp-json\/wp\/v2\/posts\/2978\/revisions"}],"predecessor-version":[{"id":3778,"href":"https:\/\/gradido.net\/sv\/wp-json\/wp\/v2\/posts\/2978\/revisions\/3778"}],"wp:featuredmedia":[{"embeddable":true,"href":"https:\/\/gradido.net\/sv\/wp-json\/wp\/v2\/media\/2977"}],"wp:attachment":[{"href":"https:\/\/gradido.net\/sv\/wp-json\/wp\/v2\/media?parent=2978"}],"wp:term":[{"taxonomy":"category","embeddable":true,"href":"https:\/\/gradido.net\/sv\/wp-json\/wp\/v2\/categories?post=2978"},{"taxonomy":"post_tag","embeddable":true,"href":"https:\/\/gradido.net\/sv\/wp-json\/wp\/v2\/tags?post=2978"}],"curies":[{"name":"wp","href":"https:\/\/api.w.org\/{rel}","templated":true}]}}