{"id":3792,"date":"2021-12-14T07:00:39","date_gmt":"2021-12-14T06:00:39","guid":{"rendered":"https:\/\/gradido.net\/?p=3792"},"modified":"2021-12-14T08:08:44","modified_gmt":"2021-12-14T07:08:44","slug":"lockdown-opfer-und-krisengewinner","status":"publish","type":"post","link":"https:\/\/gradido.net\/sv\/lockdown-opfer-und-krisengewinner\/","title":{"rendered":"Offren f\u00f6r l\u00e5sning och krisvinnare"},"content":{"rendered":"<div data-elementor-type=\"wp-post\" data-elementor-id=\"3792\" class=\"elementor elementor-3792\" data-elementor-post-type=\"post\">\n\t\t\t\t\t\t<section class=\"elementor-section elementor-top-section elementor-element elementor-element-496e1d53 elementor-section-boxed elementor-section-height-default elementor-section-height-default\" data-id=\"496e1d53\" data-element_type=\"section\" data-e-type=\"section\">\n\t\t\t\t\t\t<div class=\"elementor-container elementor-column-gap-default\">\n\t\t\t\t\t<div class=\"elementor-column elementor-col-100 elementor-top-column elementor-element elementor-element-461d7be0\" data-id=\"461d7be0\" data-element_type=\"column\" data-e-type=\"column\">\n\t\t\t<div class=\"elementor-widget-wrap elementor-element-populated\">\n\t\t\t\t\t\t<div class=\"elementor-element elementor-element-cd9ebe2 elementor-widget elementor-widget-text-editor\" data-id=\"cd9ebe2\" data-element_type=\"widget\" data-e-type=\"widget\" data-widget_type=\"text-editor.default\">\n\t\t\t\t<div class=\"elementor-widget-container\">\n\t\t\t\t\t\t\t\t\t<h2>Gradido fr\u00e4mjar social fred och nytt v\u00e4lst\u00e5nd f\u00f6r alla<\/h2><p><strong>K\u00fcnzelsau, 14.12.2021 - Medan allt fler m\u00e4nniskor k\u00e4mpar f\u00f6r sin existens och dr\u00f6mmer om en b\u00e4ttre tid efter Corona, koncentreras gigantiska miljardvinster till en handfull f\u00f6retag, i f\u00f6rsta hand de s\u00e5 kallade GAFAM-f\u00f6retagen Google, Amazon, Facebook, Apple och Microsoft. Deras marknadsv\u00e4rde har \u00f6kat dramatiskt sedan krisen i Corona och uppg\u00e5r till flera biljoner dollar. Teknikj\u00e4ttarna har en oroande agenda: Bill Gates \u00e4r p\u00e5 v\u00e4g att bli USA:s st\u00f6rsta mark\u00e4gare, Mark Zuckerberg bygger upp ett artificiellt \"metaversum\" och Elon Musk vill flyga till Mars. Gradido Academy for Economic Bionics har utvecklat en lovande modell f\u00f6r att \u00e4ntligen bana en gemensam v\u00e4g till globalt v\u00e4lst\u00e5nd och fred f\u00f6r den m\u00e4nskliga familjen.<\/strong><\/p><h3>Att undkomma masspsykosen<\/h3><p>Sedan Corona har sluttidsscenarierna f\u00e5tt ett uppsving. Den v\u00e4rldsomsp\u00e4nnande f\u00f6rtvivlan f\u00e5r m\u00e4nniskor att hoppas p\u00e5 sj\u00e4lvutn\u00e4mnda \"fr\u00e4lsare\", som med sina iscensatta ber\u00e4ttelser lovordar en ny \"ordning\" som kommer att ge r\u00e4ddning. H\u00e4xbr\u00e4nningarna under medeltiden och de tv\u00e5 tyska diktaturerna \u00e4r varnande exempel p\u00e5 om\u00e4nskliga ideologier. Hur kan vi f\u00f6rebygga eventuella masspsykoser och - utan att vara beroende av allest\u00e4des n\u00e4rvarande ber\u00e4ttelser - utarbeta de l\u00f6sningar med hj\u00e4rta och f\u00f6rst\u00e5nd som m\u00e4nskligheten verkligen beh\u00f6ver nu?<\/p><h3>Levande natur som en framg\u00e5ngsrik f\u00f6rebild<\/h3><p>Bionik \u00e4r namnet p\u00e5 den vetenskapliga disciplin som \u00f6verf\u00f6r naturens geniala uppfinningar till andra omr\u00e5den. Vi kan till exempel tacka den f\u00f6r att f\u00e5glarna fungerade som modell f\u00f6r flygplansbyggandet. I mer \u00e4n tjugo \u00e5r har forskarna vid Gradido Academy for Economic Bionics utforskat naturens framg\u00e5ngsrika lagar, som under miljarder \u00e5r har gett upphov till nytt liv i \u00f6verfl\u00f6d. Om vi f\u00f6ljer naturlagarna borde det enligt deras slutsatser finnas ett s\u00e4tt att g\u00f6ra det m\u00f6jligt f\u00f6r alla m\u00e4nniskor att leva ett gott liv p\u00e5 v\u00e5r vackra jord och att g\u00f6ra det i harmoni med naturen. \"F\u00f6rsta g\u00e5ngen var sv\u00e5r\", minns Margret Baier, \u00e4gare till Gradido Academy, \"vi m\u00f6ttes av tvivel och avslag. Folk fr\u00e5gade vad vi trodde att vi gjorde f\u00f6r att f\u00f6rb\u00e4ttra v\u00e4rlden. Men med 25 000 m\u00e4nniskor som d\u00f6r av hunger varje dag var det inget alternativ att ge upp.\"<\/p><h3>Det gamla systemet strider mot naturlagarna.<\/h3><p>De ekonomiska bionikforskarna konstaterade att det nuvarande finansiella och ekonomiska systemet st\u00e5r i diametral mots\u00e4ttning till naturlagarna och inte alls \u00e4r l\u00e4mpligt f\u00f6r att skapa globalt v\u00e4lst\u00e5nd och fred. \"M\u00e4nskligheten lider av ett globalt skuld-pengsystem d\u00e4r vissa m\u00e4nniskors kredit n\u00f6dv\u00e4ndigtvis \u00e4r andras skuld. Den systematiska globala skulden leder oundvikligen till mordisk konkurrens, fattigdom och hunger, exploatering av m\u00e4nniskor och natur och grymma krig\", varnar Bernd H\u00fcckst\u00e4dt, medgrundare av Gradido Academy.<\/p><h3>Historisk m\u00f6jlighet f\u00f6r den m\u00e4nskliga familjen<\/h3><p>\"Det gamla systemets nuvarande kollaps ger oss en historisk m\u00f6jlighet att g\u00f6ra det b\u00e4ttre i framtiden genom att skapa nya spelregler i enlighet med naturlagarna\", forts\u00e4tter H\u00fcckst\u00e4dt. Tv\u00e5 viktiga naturlagar b\u00f6r s\u00e4rskilt n\u00e4mnas. Den ena \u00e4r lagen om samarbete, om framg\u00e5ngsrik symbios. I en handfull h\u00e4lsosam humus, till exempel, samarbetar fler levande varelser symbiotiskt med varandra \u00e4n det finns m\u00e4nniskor i v\u00e4rlden. Darwins ber\u00e4ttelse om att \"\u00e4ta och bli upp\u00e4ten\" \u00e4r d\u00e4remot mycket mindre vanlig i naturen. Kannibalism, som i ekonomin, f\u00f6rekommer hos spindlar och sniglar. Den andra \u00e4r lagen om att bli till och f\u00f6rsvinna, \u00e4ven kallad \"livets kretslopp\". Fr\u00e5n den minsta atom till den st\u00f6rsta galaxen \u00e4r allting underkastat denna universella naturlag. Det nuvarande ekonomiska systemet bygger d\u00e4remot p\u00e5 permanent exponentiell tillv\u00e4xt. Men naturlagar \u00e4r oundvikliga. Om vi f\u00f6rs\u00f6ker ignorera obest\u00e4ndigheten uppst\u00e5r sm\u00e4rtsamma sammanbrott som vi k\u00e4nner till som sv\u00e5righeter, krig och andra katastrofer. Den senaste globala kollapsen var andra v\u00e4rldskriget.<\/p><h3>En plan f\u00f6r en h\u00e4lsosam v\u00e4rld<\/h3><p>Med utg\u00e5ngspunkt i dessa och andra naturlagar har de ekonomiska bionik-experterna vid Gradido Academy utvecklat ett nytt monet\u00e4rt system d\u00e4r pengar inte l\u00e4ngre skapas av skulder, utan av folket och f\u00f6r folket. F\u00f6r varje person skapas 3 000 Gradido (GDD) varje m\u00e5nad. Gradido st\u00e5r f\u00f6r tacksamhet, v\u00e4rdighet och donation. En Gradido motsvarar en euro. De f\u00f6rsta 1 000 GDD \u00e4r \u00f6ronm\u00e4rkta f\u00f6r en \"aktiv basinkomst\", d\u00e4r varje person kan bidra till samh\u00e4llet med sina talanger och f\u00f6rm\u00e5gor (det han eller hon gillar att g\u00f6ra) och p\u00e5 s\u00e5 s\u00e4tt utveckla sin potential. GDD 1 000 kommer att g\u00e5 till den offentliga budgeten och ytterligare GDD 1 000 till utj\u00e4mnings- och milj\u00f6fonden (AUF) f\u00f6r att l\u00e4ka och bevara naturen. I enlighet med naturlagen om tillblivelse och f\u00f6rfall minskar pengar i form av en negativ r\u00e4nta kontinuerligt med 5,6 % under loppet av en m\u00e5nad. Detta skapar ett sj\u00e4lvreglerande system som h\u00e5ller penningm\u00e4ngden per capita konstant. Skatter och andra avgifter \u00e4r inte l\u00e4ngre n\u00f6dv\u00e4ndiga i detta system, eftersom motsvarande pengar skapas. F\u00f6r de flesta m\u00e4nniskor \u00e4r Gradido mindre f\u00f6r\u00e4nderligt \u00e4n skatteuttaget i det gamla systemet. Investeringar i pengar \u00e4r m\u00f6jliga genom att bevilja r\u00e4ntefria l\u00e5n och f\u00e5 tillbaka det utl\u00e5nade beloppet vid den \u00f6verenskomna tidpunkten.<\/p><h3>Tillsammans mot en framtid f\u00f6r barnbarn<\/h3><p>\"Gradido gynnar alla och skadar ingen\", s\u00e4ger Margret Baier glatt, \"eftersom de rika f\u00f6rblir rika medan de fattiga f\u00e5r v\u00e4lst\u00e5nd och naturen f\u00f6rnyas samtidigt. Detta beror p\u00e5 en f\u00f6r\u00e4ndring av spelreglerna - fr\u00e5n det gamla nollsummesystemet, som fr\u00e4mst producerar f\u00f6rlorare, till ett plussummesystem d\u00e4r alla vinner, f\u00f6rklarar H\u00fcckst\u00e4dt den fredliga omvandlingen. Detta kan vi \u00e5stadkomma tillsammans. <br \/>Gradido \u00e4r ett forskningsprojekt d\u00e4r flera tusen personer redan deltar och st\u00e4ndigt bidrar med nya resultat och insikter. Detta \"stora samarbete\" ger m\u00e4nniskor mod och styrka. F\u00f6r att fr\u00e4mja den fredliga omvandlingen uppmanar Gradido Academy alla ansvariga personer att hj\u00e4lpa till att utforma det gemensamma omvandlingsprojektet. \"Endast de som inte deltar kan f\u00f6rlora. F\u00f6r vad vill vi s\u00e4ga till v\u00e5ra barn n\u00e4r de en dag fr\u00e5gar oss vad vi har bidragit med?\", sammanfattar H\u00fcckst\u00e4dt, \"Jag har v\u00e4ntat och sett, det finns inget vi kan g\u00f6ra \u00e4nd\u00e5\" - eller \"Jag har gjort mitt yttersta f\u00f6r att vi ska f\u00e5 en bra framtid tillsammans\".<\/p><p>Mer information om Gradido-modellen och det \"stora samarbetet\" finns p\u00e5 f\u00f6ljande adress <a href=\"https:\/\/gradido.net\/sv\/\">www.gradido.net<\/a><\/p>\t\t\t\t\t\t\t\t<\/div>\n\t\t\t\t<\/div>\n\t\t\t\t<div class=\"elementor-element elementor-element-e9ff241 elementor-widget elementor-widget-text-editor\" data-id=\"e9ff241\" data-element_type=\"widget\" data-e-type=\"widget\" data-widget_type=\"text-editor.default\">\n\t\t\t\t<div class=\"elementor-widget-container\">\n\t\t\t\t\t\t\t\t\t<p><strong>Om Gradido Academy<\/strong><br>Gradido Academy for Economic Bionics har utvecklat en alternativ \"gemensam god valuta\" med naturen som f\u00f6rebild. Naturen f\u00f6ljer regeln att det \u00e4r bara n\u00e4r n\u00e5got g\u00e5r bort som n\u00e5got nytt kan uppst\u00e5 och d\u00e4rmed \u00e4r det m\u00f6jligt att \u00e5stadkomma en l\u00e5ngsiktig f\u00f6rb\u00e4ttring (evolution). Dess framg\u00e5ngsrecept \u00e4r \"livets kretslopp\". Om v\u00e5r ekonomi ocks\u00e5 skulle f\u00f6lja denna naturliga cykel skulle det l\u00f6sa praktiskt taget alla v\u00e4rldens penningrelaterade problem, enligt experterna p\u00e5 ekonomisk bionik. Gradido-modellen bygger p\u00e5 id\u00e9n att inte bara varje person utan \u00e4ven varje stat f\u00e5r en inkomst som skapas p\u00e5 kreditbasis. P\u00e5 s\u00e5 s\u00e4tt kan den utf\u00f6ra alla sina uppgifter utan att ta ut skatt. Deflation och inflation h\u00f6r till det f\u00f6rflutna. Ekonomin befrias fr\u00e5n det st\u00e4ndiga tv\u00e5nget att v\u00e4xa, och faran f\u00f6r en kollaps av det finansiella systemet \u00e4r \u00e4ntligen avv\u00e4rjd. (<a href=\"https:\/\/gradido.net\/sv\/\">www.gradido.net<\/a>)<\/p>\t\t\t\t\t\t\t\t<\/div>\n\t\t\t\t<\/div>\n\t\t\t\t\t<\/div>\n\t\t<\/div>\n\t\t\t\t\t<\/div>\n\t\t<\/section>\n\t\t\t\t<\/div>","protected":false},"excerpt":{"rendered":"<p>Gradido f\u00f6rdert sozialen Frieden und neuen Wohlstand f\u00fcr alle K\u00fcnzelsau, 14.12.2021 \u2013 W\u00e4hrend immer mehr Menschen um ihre Existenz k\u00e4mpfen und von einer besseren Zeit nach Corona tr\u00e4umen, konzentrieren sich gigantische Milliardengewinne bei einer Handvoll Unternehmen, allen voran die sogenannten GAFAM-Konzerne Google, Amazon, Facebook, Apple und Microsoft. Deren Marktkapitalisierung hat sich seit der Corona-Krise drastisch [&hellip;]<\/p>\n","protected":false},"author":2,"featured_media":3794,"comment_status":"closed","ping_status":"closed","sticky":false,"template":"","format":"standard","meta":{"footnotes":""},"categories":[8],"tags":[],"class_list":["post-3792","post","type-post","status-publish","format-standard","has-post-thumbnail","hentry","category-pressemitteilung"],"yoast_head":"<!-- This site is optimized with the Yoast SEO plugin v27.5 - https:\/\/yoast.com\/product\/yoast-seo-wordpress\/ -->\n<title>Lockdown-Opfer und Krisengewinner - Gradido<\/title>\n<meta name=\"robots\" content=\"index, follow, max-snippet:-1, max-image-preview:large, max-video-preview:-1\" \/>\n<link rel=\"canonical\" href=\"https:\/\/gradido.net\/sv\/lockdown-opfer-und-krisengewinner\/\" \/>\n<meta property=\"og:locale\" content=\"sv_SE\" \/>\n<meta property=\"og:type\" content=\"article\" \/>\n<meta property=\"og:title\" content=\"Lockdown-Opfer und Krisengewinner - Gradido\" \/>\n<meta property=\"og:description\" content=\"Gradido f\u00f6rdert sozialen Frieden und neuen Wohlstand f\u00fcr alle K\u00fcnzelsau, 14.12.2021 \u2013 W\u00e4hrend immer mehr Menschen um ihre Existenz k\u00e4mpfen und von einer besseren Zeit nach Corona tr\u00e4umen, konzentrieren sich gigantische Milliardengewinne bei einer Handvoll Unternehmen, allen voran die sogenannten GAFAM-Konzerne Google, Amazon, Facebook, Apple und Microsoft. Deren Marktkapitalisierung hat sich seit der Corona-Krise drastisch [&hellip;]\" \/>\n<meta property=\"og:url\" content=\"https:\/\/gradido.net\/sv\/lockdown-opfer-und-krisengewinner\/\" \/>\n<meta property=\"og:site_name\" content=\"Gradido\" \/>\n<meta property=\"article:published_time\" content=\"2021-12-14T06:00:39+00:00\" \/>\n<meta property=\"article:modified_time\" content=\"2021-12-14T07:08:44+00:00\" \/>\n<meta property=\"og:image\" content=\"https:\/\/gradido.net\/wp-content\/uploads\/2021\/12\/lockdown-opfer_und_krisengewinner.jpg\" \/>\n\t<meta property=\"og:image:width\" content=\"1458\" \/>\n\t<meta property=\"og:image:height\" content=\"990\" \/>\n\t<meta property=\"og:image:type\" content=\"image\/jpeg\" \/>\n<meta name=\"author\" content=\"Bernd H\u00fcckst\u00e4dt\" \/>\n<meta name=\"twitter:card\" content=\"summary_large_image\" \/>\n<meta name=\"twitter:label1\" content=\"Skriven av\" \/>\n\t<meta name=\"twitter:data1\" content=\"Bernd H\u00fcckst\u00e4dt\" \/>\n\t<meta name=\"twitter:label2\" content=\"Ber\u00e4knad l\u00e4stid\" \/>\n\t<meta name=\"twitter:data2\" content=\"6 minuter\" \/>\n<script type=\"application\/ld+json\" class=\"yoast-schema-graph\">{\"@context\":\"https:\\\/\\\/schema.org\",\"@graph\":[{\"@type\":\"Article\",\"@id\":\"https:\\\/\\\/gradido.net\\\/en\\\/lockdown-opfer-und-krisengewinner\\\/#article\",\"isPartOf\":{\"@id\":\"https:\\\/\\\/gradido.net\\\/en\\\/lockdown-opfer-und-krisengewinner\\\/\"},\"author\":{\"name\":\"Bernd H\u00fcckst\u00e4dt\",\"@id\":\"https:\\\/\\\/gradido.net\\\/de\\\/#\\\/schema\\\/person\\\/9c503a004ad15a1ddecadce2218db5d1\"},\"headline\":\"Lockdown-Opfer und Krisengewinner\",\"datePublished\":\"2021-12-14T06:00:39+00:00\",\"dateModified\":\"2021-12-14T07:08:44+00:00\",\"mainEntityOfPage\":{\"@id\":\"https:\\\/\\\/gradido.net\\\/en\\\/lockdown-opfer-und-krisengewinner\\\/\"},\"wordCount\":1150,\"publisher\":{\"@id\":\"https:\\\/\\\/gradido.net\\\/de\\\/#organization\"},\"image\":{\"@id\":\"https:\\\/\\\/gradido.net\\\/en\\\/lockdown-opfer-und-krisengewinner\\\/#primaryimage\"},\"thumbnailUrl\":\"https:\\\/\\\/gradido.net\\\/wp-content\\\/uploads\\\/2021\\\/12\\\/lockdown-opfer_und_krisengewinner.jpg\",\"articleSection\":[\"Pressemitteilung\"],\"inLanguage\":\"sv-SE\"},{\"@type\":\"WebPage\",\"@id\":\"https:\\\/\\\/gradido.net\\\/en\\\/lockdown-opfer-und-krisengewinner\\\/\",\"url\":\"https:\\\/\\\/gradido.net\\\/en\\\/lockdown-opfer-und-krisengewinner\\\/\",\"name\":\"Lockdown-Opfer und Krisengewinner - Gradido\",\"isPartOf\":{\"@id\":\"https:\\\/\\\/gradido.net\\\/de\\\/#website\"},\"primaryImageOfPage\":{\"@id\":\"https:\\\/\\\/gradido.net\\\/en\\\/lockdown-opfer-und-krisengewinner\\\/#primaryimage\"},\"image\":{\"@id\":\"https:\\\/\\\/gradido.net\\\/en\\\/lockdown-opfer-und-krisengewinner\\\/#primaryimage\"},\"thumbnailUrl\":\"https:\\\/\\\/gradido.net\\\/wp-content\\\/uploads\\\/2021\\\/12\\\/lockdown-opfer_und_krisengewinner.jpg\",\"datePublished\":\"2021-12-14T06:00:39+00:00\",\"dateModified\":\"2021-12-14T07:08:44+00:00\",\"breadcrumb\":{\"@id\":\"https:\\\/\\\/gradido.net\\\/en\\\/lockdown-opfer-und-krisengewinner\\\/#breadcrumb\"},\"inLanguage\":\"sv-SE\",\"potentialAction\":[{\"@type\":\"ReadAction\",\"target\":[\"https:\\\/\\\/gradido.net\\\/en\\\/lockdown-opfer-und-krisengewinner\\\/\"]}]},{\"@type\":\"ImageObject\",\"inLanguage\":\"sv-SE\",\"@id\":\"https:\\\/\\\/gradido.net\\\/en\\\/lockdown-opfer-und-krisengewinner\\\/#primaryimage\",\"url\":\"https:\\\/\\\/gradido.net\\\/wp-content\\\/uploads\\\/2021\\\/12\\\/lockdown-opfer_und_krisengewinner.jpg\",\"contentUrl\":\"https:\\\/\\\/gradido.net\\\/wp-content\\\/uploads\\\/2021\\\/12\\\/lockdown-opfer_und_krisengewinner.jpg\",\"width\":1458,\"height\":990},{\"@type\":\"BreadcrumbList\",\"@id\":\"https:\\\/\\\/gradido.net\\\/en\\\/lockdown-opfer-und-krisengewinner\\\/#breadcrumb\",\"itemListElement\":[{\"@type\":\"ListItem\",\"position\":1,\"name\":\"Startseite\",\"item\":\"https:\\\/\\\/gradido.net\\\/\"},{\"@type\":\"ListItem\",\"position\":2,\"name\":\"Lockdown-Opfer und Krisengewinner\"}]},{\"@type\":\"WebSite\",\"@id\":\"https:\\\/\\\/gradido.net\\\/de\\\/#website\",\"url\":\"https:\\\/\\\/gradido.net\\\/de\\\/\",\"name\":\"Gradido\",\"description\":\"Die neue W\u00e4hrung hei\u00dft Dankbarkeit\",\"publisher\":{\"@id\":\"https:\\\/\\\/gradido.net\\\/de\\\/#organization\"},\"potentialAction\":[{\"@type\":\"SearchAction\",\"target\":{\"@type\":\"EntryPoint\",\"urlTemplate\":\"https:\\\/\\\/gradido.net\\\/de\\\/?s={search_term_string}\"},\"query-input\":{\"@type\":\"PropertyValueSpecification\",\"valueRequired\":true,\"valueName\":\"search_term_string\"}}],\"inLanguage\":\"sv-SE\"},{\"@type\":\"Organization\",\"@id\":\"https:\\\/\\\/gradido.net\\\/de\\\/#organization\",\"name\":\"Gradido\",\"url\":\"https:\\\/\\\/gradido.net\\\/de\\\/\",\"logo\":{\"@type\":\"ImageObject\",\"inLanguage\":\"sv-SE\",\"@id\":\"https:\\\/\\\/gradido.net\\\/de\\\/#\\\/schema\\\/logo\\\/image\\\/\",\"url\":\"https:\\\/\\\/gradido.net\\\/wp-content\\\/uploads\\\/2022\\\/04\\\/gradido-social.jpg\",\"contentUrl\":\"https:\\\/\\\/gradido.net\\\/wp-content\\\/uploads\\\/2022\\\/04\\\/gradido-social.jpg\",\"width\":527,\"height\":273,\"caption\":\"Gradido\"},\"image\":{\"@id\":\"https:\\\/\\\/gradido.net\\\/de\\\/#\\\/schema\\\/logo\\\/image\\\/\"}},{\"@type\":\"Person\",\"@id\":\"https:\\\/\\\/gradido.net\\\/de\\\/#\\\/schema\\\/person\\\/9c503a004ad15a1ddecadce2218db5d1\",\"name\":\"Bernd H\u00fcckst\u00e4dt\",\"sameAs\":[\"https:\\\/\\\/gradido.net\"],\"url\":\"https:\\\/\\\/gradido.net\\\/sv\\\/author\\\/bernd\\\/\"}]}<\/script>\n<!-- \/ Yoast SEO plugin. -->","yoast_head_json":{"title":"Lockdown-offer och krisvinnare - Gradido","robots":{"index":"index","follow":"follow","max-snippet":"max-snippet:-1","max-image-preview":"max-image-preview:large","max-video-preview":"max-video-preview:-1"},"canonical":"https:\/\/gradido.net\/sv\/lockdown-opfer-und-krisengewinner\/","og_locale":"sv_SE","og_type":"article","og_title":"Lockdown-Opfer und Krisengewinner - Gradido","og_description":"Gradido f\u00f6rdert sozialen Frieden und neuen Wohlstand f\u00fcr alle K\u00fcnzelsau, 14.12.2021 \u2013 W\u00e4hrend immer mehr Menschen um ihre Existenz k\u00e4mpfen und von einer besseren Zeit nach Corona tr\u00e4umen, konzentrieren sich gigantische Milliardengewinne bei einer Handvoll Unternehmen, allen voran die sogenannten GAFAM-Konzerne Google, Amazon, Facebook, Apple und Microsoft. Deren Marktkapitalisierung hat sich seit der Corona-Krise drastisch [&hellip;]","og_url":"https:\/\/gradido.net\/sv\/lockdown-opfer-und-krisengewinner\/","og_site_name":"Gradido","article_published_time":"2021-12-14T06:00:39+00:00","article_modified_time":"2021-12-14T07:08:44+00:00","og_image":[{"width":1458,"height":990,"url":"https:\/\/gradido.net\/wp-content\/uploads\/2021\/12\/lockdown-opfer_und_krisengewinner.jpg","type":"image\/jpeg"}],"author":"Bernd H\u00fcckst\u00e4dt","twitter_card":"summary_large_image","twitter_misc":{"Skriven av":"Bernd H\u00fcckst\u00e4dt","Ber\u00e4knad l\u00e4stid":"6 minuter"},"schema":{"@context":"https:\/\/schema.org","@graph":[{"@type":"Article","@id":"https:\/\/gradido.net\/en\/lockdown-opfer-und-krisengewinner\/#article","isPartOf":{"@id":"https:\/\/gradido.net\/en\/lockdown-opfer-und-krisengewinner\/"},"author":{"name":"Bernd H\u00fcckst\u00e4dt","@id":"https:\/\/gradido.net\/de\/#\/schema\/person\/9c503a004ad15a1ddecadce2218db5d1"},"headline":"Lockdown-Opfer und Krisengewinner","datePublished":"2021-12-14T06:00:39+00:00","dateModified":"2021-12-14T07:08:44+00:00","mainEntityOfPage":{"@id":"https:\/\/gradido.net\/en\/lockdown-opfer-und-krisengewinner\/"},"wordCount":1150,"publisher":{"@id":"https:\/\/gradido.net\/de\/#organization"},"image":{"@id":"https:\/\/gradido.net\/en\/lockdown-opfer-und-krisengewinner\/#primaryimage"},"thumbnailUrl":"https:\/\/gradido.net\/wp-content\/uploads\/2021\/12\/lockdown-opfer_und_krisengewinner.jpg","articleSection":["Pressemitteilung"],"inLanguage":"sv-SE"},{"@type":"WebPage","@id":"https:\/\/gradido.net\/en\/lockdown-opfer-und-krisengewinner\/","url":"https:\/\/gradido.net\/en\/lockdown-opfer-und-krisengewinner\/","name":"Lockdown-offer och krisvinnare - Gradido","isPartOf":{"@id":"https:\/\/gradido.net\/de\/#website"},"primaryImageOfPage":{"@id":"https:\/\/gradido.net\/en\/lockdown-opfer-und-krisengewinner\/#primaryimage"},"image":{"@id":"https:\/\/gradido.net\/en\/lockdown-opfer-und-krisengewinner\/#primaryimage"},"thumbnailUrl":"https:\/\/gradido.net\/wp-content\/uploads\/2021\/12\/lockdown-opfer_und_krisengewinner.jpg","datePublished":"2021-12-14T06:00:39+00:00","dateModified":"2021-12-14T07:08:44+00:00","breadcrumb":{"@id":"https:\/\/gradido.net\/en\/lockdown-opfer-und-krisengewinner\/#breadcrumb"},"inLanguage":"sv-SE","potentialAction":[{"@type":"ReadAction","target":["https:\/\/gradido.net\/en\/lockdown-opfer-und-krisengewinner\/"]}]},{"@type":"ImageObject","inLanguage":"sv-SE","@id":"https:\/\/gradido.net\/en\/lockdown-opfer-und-krisengewinner\/#primaryimage","url":"https:\/\/gradido.net\/wp-content\/uploads\/2021\/12\/lockdown-opfer_und_krisengewinner.jpg","contentUrl":"https:\/\/gradido.net\/wp-content\/uploads\/2021\/12\/lockdown-opfer_und_krisengewinner.jpg","width":1458,"height":990},{"@type":"BreadcrumbList","@id":"https:\/\/gradido.net\/en\/lockdown-opfer-und-krisengewinner\/#breadcrumb","itemListElement":[{"@type":"ListItem","position":1,"name":"Startseite","item":"https:\/\/gradido.net\/"},{"@type":"ListItem","position":2,"name":"Lockdown-Opfer und Krisengewinner"}]},{"@type":"WebSite","@id":"https:\/\/gradido.net\/de\/#website","url":"https:\/\/gradido.net\/de\/","name":"Gradido","description":"Den nya valutan \u00e4r tacksamhet","publisher":{"@id":"https:\/\/gradido.net\/de\/#organization"},"potentialAction":[{"@type":"SearchAction","target":{"@type":"EntryPoint","urlTemplate":"https:\/\/gradido.net\/de\/?s={search_term_string}"},"query-input":{"@type":"PropertyValueSpecification","valueRequired":true,"valueName":"search_term_string"}}],"inLanguage":"sv-SE"},{"@type":"Organization","@id":"https:\/\/gradido.net\/de\/#organization","name":"Gradido","url":"https:\/\/gradido.net\/de\/","logo":{"@type":"ImageObject","inLanguage":"sv-SE","@id":"https:\/\/gradido.net\/de\/#\/schema\/logo\/image\/","url":"https:\/\/gradido.net\/wp-content\/uploads\/2022\/04\/gradido-social.jpg","contentUrl":"https:\/\/gradido.net\/wp-content\/uploads\/2022\/04\/gradido-social.jpg","width":527,"height":273,"caption":"Gradido"},"image":{"@id":"https:\/\/gradido.net\/de\/#\/schema\/logo\/image\/"}},{"@type":"Person","@id":"https:\/\/gradido.net\/de\/#\/schema\/person\/9c503a004ad15a1ddecadce2218db5d1","name":"Bernd H\u00fcckst\u00e4dt","sameAs":["https:\/\/gradido.net"],"url":"https:\/\/gradido.net\/sv\/author\/bernd\/"}]}},"_links":{"self":[{"href":"https:\/\/gradido.net\/sv\/wp-json\/wp\/v2\/posts\/3792","targetHints":{"allow":["GET"]}}],"collection":[{"href":"https:\/\/gradido.net\/sv\/wp-json\/wp\/v2\/posts"}],"about":[{"href":"https:\/\/gradido.net\/sv\/wp-json\/wp\/v2\/types\/post"}],"author":[{"embeddable":true,"href":"https:\/\/gradido.net\/sv\/wp-json\/wp\/v2\/users\/2"}],"replies":[{"embeddable":true,"href":"https:\/\/gradido.net\/sv\/wp-json\/wp\/v2\/comments?post=3792"}],"version-history":[{"count":10,"href":"https:\/\/gradido.net\/sv\/wp-json\/wp\/v2\/posts\/3792\/revisions"}],"predecessor-version":[{"id":3803,"href":"https:\/\/gradido.net\/sv\/wp-json\/wp\/v2\/posts\/3792\/revisions\/3803"}],"wp:featuredmedia":[{"embeddable":true,"href":"https:\/\/gradido.net\/sv\/wp-json\/wp\/v2\/media\/3794"}],"wp:attachment":[{"href":"https:\/\/gradido.net\/sv\/wp-json\/wp\/v2\/media?parent=3792"}],"wp:term":[{"taxonomy":"category","embeddable":true,"href":"https:\/\/gradido.net\/sv\/wp-json\/wp\/v2\/categories?post=3792"},{"taxonomy":"post_tag","embeddable":true,"href":"https:\/\/gradido.net\/sv\/wp-json\/wp\/v2\/tags?post=3792"}],"curies":[{"name":"wp","href":"https:\/\/api.w.org\/{rel}","templated":true}]}}