{"id":3833,"date":"2021-12-25T09:15:54","date_gmt":"2021-12-25T08:15:54","guid":{"rendered":"https:\/\/gradido.net\/?p=3833"},"modified":"2021-12-27T12:05:55","modified_gmt":"2021-12-27T11:05:55","slug":"episode-35","status":"publish","type":"post","link":"https:\/\/gradido.net\/sv\/episode-35\/","title":{"rendered":"Stort samarbete: att sluta fred med traumal\u00e4kningen"},"content":{"rendered":"<div data-elementor-type=\"wp-post\" data-elementor-id=\"3833\" class=\"elementor elementor-3833\" data-elementor-post-type=\"post\">\n\t\t\t\t\t\t<section class=\"elementor-section elementor-top-section elementor-element elementor-element-496e1d53 elementor-section-boxed elementor-section-height-default elementor-section-height-default\" data-id=\"496e1d53\" data-element_type=\"section\" data-e-type=\"section\">\n\t\t\t\t\t\t<div class=\"elementor-container elementor-column-gap-default\">\n\t\t\t\t\t<div class=\"elementor-column elementor-col-100 elementor-top-column elementor-element elementor-element-461d7be0\" data-id=\"461d7be0\" data-element_type=\"column\" data-e-type=\"column\">\n\t\t\t<div class=\"elementor-widget-wrap elementor-element-populated\">\n\t\t\t\t\t\t<div class=\"elementor-element elementor-element-cd9ebe2 elementor-widget elementor-widget-text-editor\" data-id=\"cd9ebe2\" data-element_type=\"widget\" data-e-type=\"widget\" data-widget_type=\"text-editor.default\">\n\t\t\t\t<div class=\"elementor-widget-container\">\n\t\t\t\t\t\t\t\t\t<h2>G\u00e4st: Saskia Hoppe och Julia Toma<\/h2>\t\t\t\t\t\t\t\t<\/div>\n\t\t\t\t<\/div>\n\t\t\t\t\t<\/div>\n\t\t<\/div>\n\t\t\t\t\t<\/div>\n\t\t<\/section>\n\t\t\t\t<section class=\"elementor-section elementor-top-section elementor-element elementor-element-2f93e3c3 elementor-section-boxed elementor-section-height-default elementor-section-height-default\" data-id=\"2f93e3c3\" data-element_type=\"section\" data-e-type=\"section\">\n\t\t\t\t\t\t<div class=\"elementor-container elementor-column-gap-default\">\n\t\t\t\t\t<div class=\"elementor-column elementor-col-100 elementor-top-column elementor-element elementor-element-5a9dfd19\" data-id=\"5a9dfd19\" data-element_type=\"column\" data-e-type=\"column\">\n\t\t\t<div class=\"elementor-widget-wrap elementor-element-populated\">\n\t\t\t\t\t\t<div class=\"elementor-element elementor-element-9cdb6b8 elementor-widget elementor-widget-html\" data-id=\"9cdb6b8\" data-element_type=\"widget\" data-e-type=\"widget\" data-widget_type=\"html.default\">\n\t\t\t\t<div class=\"elementor-widget-container\">\n\t\t\t\t\t<script class=\"podigee-podcast-player\" src=\"https:\/\/player.podigee-cdn.net\/podcast-player\/javascripts\/podigee-podcast-player.js\" data-configuration=\"https:\/\/gradido.podigee.io\/35-neue-episode\/embed?context=external&token=yGjCnx3jf0955SnvRbpjKg\"><\/script>\t\t\t\t<\/div>\n\t\t\t\t<\/div>\n\t\t\t\t\t<\/div>\n\t\t<\/div>\n\t\t\t\t\t<\/div>\n\t\t<\/section>\n\t\t\t\t<section class=\"elementor-section elementor-top-section elementor-element elementor-element-585c640 elementor-section-boxed elementor-section-height-default elementor-section-height-default\" data-id=\"585c640\" data-element_type=\"section\" data-e-type=\"section\">\n\t\t\t\t\t\t<div class=\"elementor-container elementor-column-gap-default\">\n\t\t\t\t\t<div class=\"elementor-column elementor-col-50 elementor-top-column elementor-element elementor-element-13c250b\" data-id=\"13c250b\" data-element_type=\"column\" data-e-type=\"column\">\n\t\t\t<div class=\"elementor-widget-wrap elementor-element-populated\">\n\t\t\t\t\t\t<div class=\"elementor-element elementor-element-0561949 elementor-widget elementor-widget-text-editor\" data-id=\"0561949\" data-element_type=\"widget\" data-e-type=\"widget\" data-widget_type=\"text-editor.default\">\n\t\t\t\t<div class=\"elementor-widget-container\">\n\t\t\t\t\t\t\t\t\t<p>S\u00e4rskilt nu under julen, k\u00e4rlekens h\u00f6gtid, \u00f6nskar vi varandra \"fred p\u00e5 jorden och god vilja mot m\u00e4nniskorna\". Vi dr\u00f6mmer om en v\u00e4rld d\u00e4r alla m\u00e5r bra: vi sj\u00e4lva, v\u00e5ra barn och barnbarn - och alla barn p\u00e5 v\u00e5r vackra jord.<\/p><p>F\u00f6rutom det om\u00e4nskliga skuldpengsystemet, vars oundvikliga underg\u00e5ng drunknar i ljudet av Corona-ber\u00e4ttelsen, hindrar trauman - det vill s\u00e4ga omedvetna skador, av vilka en del har g\u00e5tt i arv under generationer - oss fr\u00e5n att f\u00e5 inre fred och d\u00e4rmed ocks\u00e5 fr\u00e5n att f\u00e5 yttre fred. N\u00e4r som helst kan ett trauma utl\u00f6sas och vi har inte l\u00e4ngre kontroll \u00f6ver v\u00e5rt beteende. Kan vi fly fr\u00e5n denna farliga krutdurk och medvetet skapa en fredlig v\u00e4rld?<\/p><p>Saskia Hoppe \u00e4r sk\u00e5despelerska, teaterl\u00e4rare, expert p\u00e5 icke-v\u00e5ldsam kommunikation och traumak\u00e4nslig coach. Kroppsarbete \u00e4r s\u00e4rskilt viktigt f\u00f6r henne. Trauman orsakar r\u00e4dsla, och n\u00e4r vi \u00e4r r\u00e4dda k\u00e4nner vi inte l\u00e4ngre v\u00e5r kropp.<\/p><p>Julia Toma studerade kulturhantering. Som yrkesut\u00f6vare organiserar hon skogshusvistelser och ungdomsl\u00e4ger.<\/p><p>De tv\u00e5 mammorna tr\u00e4ffades f\u00f6r flera \u00e5r sedan i sm\u00e5barnsgruppen. F\u00f6rutom sina barn, som de anser vara deras st\u00f6rsta l\u00e4rare, delar de ett intresse f\u00f6r icke-v\u00e5ldsam kommunikation.<\/p><p>P\u00e5 grund av Corona-\u00e5tg\u00e4rderna kunde de tv\u00e5, liksom m\u00e5nga andra m\u00e4nniskor, inte l\u00e4ngre utf\u00f6ra sina arbeten. Men i st\u00e4llet f\u00f6r att s\u00f6rja och klaga letade de efter nya handlingsalternativ f\u00f6r att kunna g\u00f6ra verklig nytta f\u00f6r andra. D\u00e4rf\u00f6r best\u00e4mde de sig f\u00f6r att anordna en online-kongress d\u00e4r inspirerande och modiga m\u00e4nniskor med sina f\u00f6rebilder ger impulser till att utveckla och leva sin egen potential. Kongressen \"<strong>Kalla p\u00e5 hj\u00e4rtat, lev din dr\u00f6m\". <\/strong>kommer att \u00e4ga rum fr\u00e5n den 7 till den 16 januari 2022, och under denna tid kan alla intervjuer ses gratis. De som vill bli inspirerade i den tysta tiden \"mellan \u00e5ren\" kan nu k\u00f6pa kongresspaketet f\u00f6r en liten summa.<\/p><p>\"Om vi alla gjorde det vi \u00e4lskar att g\u00f6ra fr\u00e5n djupet av v\u00e5ra hj\u00e4rtan skulle vi ha s\u00e5 mycket makt\", gl\u00e4ds Julia och Saskia. Det gamla totalit\u00e4ra systemet kommer inte l\u00e4ngre att fungera s\u00e5 snart en kritisk massa har uppn\u00e5tts och m\u00e5nga m\u00e4nniskor g\u00e5r sin egen speciella v\u00e4g p\u00e5 ett sj\u00e4lvstyrande s\u00e4tt. Gradido har r\u00e4tt v\u00e4rdesystem f\u00f6r detta. Du kan ocks\u00e5 vara en del av det! G\u00e5 med i den st\u00e4ndigt v\u00e4xande gemenskapen och skapa de nya h\u00e4lsosamma pengarna f\u00f6r en v\u00e4rld som passar f\u00f6r barnbarn! Eller ska ungdomarna senare fr\u00e5ga er varf\u00f6r ni inte bidrog till den fredliga omvandlingen? Tillsammans skapar vi en fantastisk framtid - med fred, frihet och globalt v\u00e4lst\u00e5nd i harmoni med naturen!<\/p><p>V\u00e4nster:<br \/><a href=\"http:\/\/www.rufdesherzens.com\">www.rufdesherzens.com<\/a><br \/><a href=\"http:\/\/www.saskiahoppe.de\" data-wplink-edit=\"true\">www.saskiahoppe.de<\/a><\/p>\t\t\t\t\t\t\t\t<\/div>\n\t\t\t\t<\/div>\n\t\t\t\t\t<\/div>\n\t\t<\/div>\n\t\t\t\t<div class=\"elementor-column elementor-col-50 elementor-top-column elementor-element elementor-element-e0d795e\" data-id=\"e0d795e\" data-element_type=\"column\" data-e-type=\"column\">\n\t\t\t<div class=\"elementor-widget-wrap elementor-element-populated\">\n\t\t\t\t\t\t<div class=\"elementor-element elementor-element-8c61bad elementor-widget elementor-widget-image\" data-id=\"8c61bad\" data-element_type=\"widget\" data-e-type=\"widget\" data-widget_type=\"image.default\">\n\t\t\t\t<div class=\"elementor-widget-container\">\n\t\t\t\t\t\t\t\t\t\t\t\t\t\t\t<img fetchpriority=\"high\" decoding=\"async\" width=\"800\" height=\"800\" src=\"https:\/\/gradido.net\/wp-content\/uploads\/2021\/12\/gradido_podcast_toma_hoppe-1024x1024.jpg\" class=\"attachment-large size-large wp-image-3688\" alt=\"\" srcset=\"https:\/\/gradido.net\/wp-content\/uploads\/2021\/12\/gradido_podcast_toma_hoppe-1024x1024.jpg 1024w, https:\/\/gradido.net\/wp-content\/uploads\/2021\/12\/gradido_podcast_toma_hoppe-300x300.jpg 300w, https:\/\/gradido.net\/wp-content\/uploads\/2021\/12\/gradido_podcast_toma_hoppe-150x150.jpg 150w, https:\/\/gradido.net\/wp-content\/uploads\/2021\/12\/gradido_podcast_toma_hoppe-768x768.jpg 768w, https:\/\/gradido.net\/wp-content\/uploads\/2021\/12\/gradido_podcast_toma_hoppe-12x12.jpg 12w, https:\/\/gradido.net\/wp-content\/uploads\/2021\/12\/gradido_podcast_toma_hoppe.jpg 1400w\" sizes=\"(max-width: 800px) 100vw, 800px\" \/>\t\t\t\t\t\t\t\t\t\t\t\t\t\t\t<\/div>\n\t\t\t\t<\/div>\n\t\t\t\t<div class=\"elementor-element elementor-element-ceab137 elementor-widget elementor-widget-text-editor\" data-id=\"ceab137\" data-element_type=\"widget\" data-e-type=\"widget\" data-widget_type=\"text-editor.default\">\n\t\t\t\t<div class=\"elementor-widget-container\">\n\t\t\t\t\t\t\t\t\t<p><a href=\"https:\/\/youtu.be\/bLMSAb2fjHg\" target=\"_blank\" rel=\"noopener\">Lyssna p\u00e5 YouTube<\/a><\/p>\t\t\t\t\t\t\t\t<\/div>\n\t\t\t\t<\/div>\n\t\t\t\t\t<\/div>\n\t\t<\/div>\n\t\t\t\t\t<\/div>\n\t\t<\/section>\n\t\t\t\t<section class=\"elementor-section elementor-top-section elementor-element elementor-element-d051609 elementor-section-boxed elementor-section-height-default elementor-section-height-default\" data-id=\"d051609\" data-element_type=\"section\" data-e-type=\"section\">\n\t\t\t\t\t\t<div class=\"elementor-container elementor-column-gap-default\">\n\t\t\t\t\t<div class=\"elementor-column elementor-col-100 elementor-top-column elementor-element elementor-element-13cc168\" data-id=\"13cc168\" data-element_type=\"column\" data-e-type=\"column\">\n\t\t\t<div class=\"elementor-widget-wrap elementor-element-populated\">\n\t\t\t\t\t\t<div class=\"elementor-element elementor-element-b43b3ee elementor-widget elementor-widget-heading\" data-id=\"b43b3ee\" data-element_type=\"widget\" data-e-type=\"widget\" data-widget_type=\"heading.default\">\n\t\t\t\t<div class=\"elementor-widget-container\">\n\t\t\t\t\t<h2 class=\"elementor-heading-title elementor-size-default\">Utskrift (automatiskt \u00f6versatt)<\/h2>\t\t\t\t<\/div>\n\t\t\t\t<\/div>\n\t\t\t\t\t<\/div>\n\t\t<\/div>\n\t\t\t\t\t<\/div>\n\t\t<\/section>\n\t\t\t\t<section class=\"elementor-section elementor-top-section elementor-element elementor-element-474427c elementor-section-boxed elementor-section-height-default elementor-section-height-default\" data-id=\"474427c\" data-element_type=\"section\" data-e-type=\"section\">\n\t\t\t\t\t\t<div class=\"elementor-container elementor-column-gap-default\">\n\t\t\t\t\t<div class=\"elementor-column elementor-col-100 elementor-top-column elementor-element elementor-element-6041f12\" data-id=\"6041f12\" data-element_type=\"column\" data-e-type=\"column\">\n\t\t\t<div class=\"elementor-widget-wrap elementor-element-populated\">\n\t\t\t\t\t\t\t<\/div>\n\t\t<\/div>\n\t\t\t\t\t<\/div>\n\t\t<\/section>\n\t\t\t\t<\/div>","protected":false},"excerpt":{"rendered":"<p>Saskia Hoppe ist Schauspielerin, Theaterp\u00e4dagogin und trauma-sensibler Coach. Julia Toma studierte Kulturmanagement. Neben ihren Kindern verbindet beide ihre Expertise in gewaltfreier Kommunikation [55:30]<\/p>\n","protected":false},"author":12,"featured_media":3689,"comment_status":"closed","ping_status":"closed","sticky":false,"template":"","format":"standard","meta":{"footnotes":""},"categories":[19],"tags":[16],"class_list":["post-3833","post","type-post","status-publish","format-standard","has-post-thumbnail","hentry","category-podcast","tag-grundeinkommen"],"yoast_head":"<!-- This site is optimized with the Yoast SEO plugin v27.5 - https:\/\/yoast.com\/product\/yoast-seo-wordpress\/ -->\n<title>Great Cooperation: mit Trauma-Heilung Frieden stiften - Gradido<\/title>\n<meta name=\"robots\" content=\"index, follow, max-snippet:-1, max-image-preview:large, max-video-preview:-1\" \/>\n<link rel=\"canonical\" href=\"https:\/\/gradido.net\/sv\/episode-35\/\" \/>\n<meta property=\"og:locale\" content=\"sv_SE\" \/>\n<meta property=\"og:type\" content=\"article\" \/>\n<meta property=\"og:title\" content=\"Great Cooperation: mit Trauma-Heilung Frieden stiften - Gradido\" \/>\n<meta property=\"og:description\" content=\"Saskia Hoppe ist Schauspielerin, Theaterp\u00e4dagogin und trauma-sensibler Coach. Julia Toma studierte Kulturmanagement. Neben ihren Kindern verbindet beide ihre Expertise in gewaltfreier Kommunikation [55:30]\" \/>\n<meta property=\"og:url\" content=\"https:\/\/gradido.net\/sv\/episode-35\/\" \/>\n<meta property=\"og:site_name\" content=\"Gradido\" \/>\n<meta property=\"article:published_time\" content=\"2021-12-25T08:15:54+00:00\" \/>\n<meta property=\"article:modified_time\" content=\"2021-12-27T11:05:55+00:00\" \/>\n<meta property=\"og:image\" content=\"https:\/\/gradido.net\/wp-content\/uploads\/2021\/12\/podcast_www_toma_hoppe.jpg\" \/>\n\t<meta property=\"og:image:width\" content=\"700\" \/>\n\t<meta property=\"og:image:height\" content=\"475\" \/>\n\t<meta property=\"og:image:type\" content=\"image\/jpeg\" \/>\n<meta name=\"author\" content=\"Philipp Kessler\" \/>\n<meta name=\"twitter:card\" content=\"summary_large_image\" \/>\n<meta name=\"twitter:label1\" content=\"Skriven av\" \/>\n\t<meta name=\"twitter:data1\" content=\"Philipp Kessler\" \/>\n\t<meta name=\"twitter:label2\" content=\"Ber\u00e4knad l\u00e4stid\" \/>\n\t<meta name=\"twitter:data2\" content=\"2 minuter\" \/>\n<script type=\"application\/ld+json\" class=\"yoast-schema-graph\">{\"@context\":\"https:\\\/\\\/schema.org\",\"@graph\":[{\"@type\":\"Article\",\"@id\":\"https:\\\/\\\/gradido.net\\\/bg\\\/episode-35\\\/#article\",\"isPartOf\":{\"@id\":\"https:\\\/\\\/gradido.net\\\/bg\\\/episode-35\\\/\"},\"author\":{\"name\":\"Philipp Kessler\",\"@id\":\"https:\\\/\\\/gradido.net\\\/de\\\/#\\\/schema\\\/person\\\/f57399104ec77f2a2d5a68f479b0492f\"},\"headline\":\"Great Cooperation: mit Trauma-Heilung Frieden stiften\",\"datePublished\":\"2021-12-25T08:15:54+00:00\",\"dateModified\":\"2021-12-27T11:05:55+00:00\",\"mainEntityOfPage\":{\"@id\":\"https:\\\/\\\/gradido.net\\\/bg\\\/episode-35\\\/\"},\"wordCount\":453,\"publisher\":{\"@id\":\"https:\\\/\\\/gradido.net\\\/de\\\/#organization\"},\"image\":{\"@id\":\"https:\\\/\\\/gradido.net\\\/bg\\\/episode-35\\\/#primaryimage\"},\"thumbnailUrl\":\"https:\\\/\\\/gradido.net\\\/wp-content\\\/uploads\\\/2021\\\/12\\\/podcast_www_toma_hoppe.jpg\",\"keywords\":[\"Grundeinkommen\"],\"articleSection\":[\"Podcast\"],\"inLanguage\":\"sv-SE\"},{\"@type\":\"WebPage\",\"@id\":\"https:\\\/\\\/gradido.net\\\/bg\\\/episode-35\\\/\",\"url\":\"https:\\\/\\\/gradido.net\\\/bg\\\/episode-35\\\/\",\"name\":\"Great Cooperation: mit Trauma-Heilung Frieden stiften - Gradido\",\"isPartOf\":{\"@id\":\"https:\\\/\\\/gradido.net\\\/de\\\/#website\"},\"primaryImageOfPage\":{\"@id\":\"https:\\\/\\\/gradido.net\\\/bg\\\/episode-35\\\/#primaryimage\"},\"image\":{\"@id\":\"https:\\\/\\\/gradido.net\\\/bg\\\/episode-35\\\/#primaryimage\"},\"thumbnailUrl\":\"https:\\\/\\\/gradido.net\\\/wp-content\\\/uploads\\\/2021\\\/12\\\/podcast_www_toma_hoppe.jpg\",\"datePublished\":\"2021-12-25T08:15:54+00:00\",\"dateModified\":\"2021-12-27T11:05:55+00:00\",\"breadcrumb\":{\"@id\":\"https:\\\/\\\/gradido.net\\\/bg\\\/episode-35\\\/#breadcrumb\"},\"inLanguage\":\"sv-SE\",\"potentialAction\":[{\"@type\":\"ReadAction\",\"target\":[\"https:\\\/\\\/gradido.net\\\/bg\\\/episode-35\\\/\"]}]},{\"@type\":\"ImageObject\",\"inLanguage\":\"sv-SE\",\"@id\":\"https:\\\/\\\/gradido.net\\\/bg\\\/episode-35\\\/#primaryimage\",\"url\":\"https:\\\/\\\/gradido.net\\\/wp-content\\\/uploads\\\/2021\\\/12\\\/podcast_www_toma_hoppe.jpg\",\"contentUrl\":\"https:\\\/\\\/gradido.net\\\/wp-content\\\/uploads\\\/2021\\\/12\\\/podcast_www_toma_hoppe.jpg\",\"width\":700,\"height\":475},{\"@type\":\"BreadcrumbList\",\"@id\":\"https:\\\/\\\/gradido.net\\\/bg\\\/episode-35\\\/#breadcrumb\",\"itemListElement\":[{\"@type\":\"ListItem\",\"position\":1,\"name\":\"Startseite\",\"item\":\"https:\\\/\\\/gradido.net\\\/\"},{\"@type\":\"ListItem\",\"position\":2,\"name\":\"Great Cooperation: mit Trauma-Heilung Frieden stiften\"}]},{\"@type\":\"WebSite\",\"@id\":\"https:\\\/\\\/gradido.net\\\/de\\\/#website\",\"url\":\"https:\\\/\\\/gradido.net\\\/de\\\/\",\"name\":\"Gradido\",\"description\":\"Die neue W\u00e4hrung hei\u00dft Dankbarkeit\",\"publisher\":{\"@id\":\"https:\\\/\\\/gradido.net\\\/de\\\/#organization\"},\"potentialAction\":[{\"@type\":\"SearchAction\",\"target\":{\"@type\":\"EntryPoint\",\"urlTemplate\":\"https:\\\/\\\/gradido.net\\\/de\\\/?s={search_term_string}\"},\"query-input\":{\"@type\":\"PropertyValueSpecification\",\"valueRequired\":true,\"valueName\":\"search_term_string\"}}],\"inLanguage\":\"sv-SE\"},{\"@type\":\"Organization\",\"@id\":\"https:\\\/\\\/gradido.net\\\/de\\\/#organization\",\"name\":\"Gradido\",\"url\":\"https:\\\/\\\/gradido.net\\\/de\\\/\",\"logo\":{\"@type\":\"ImageObject\",\"inLanguage\":\"sv-SE\",\"@id\":\"https:\\\/\\\/gradido.net\\\/de\\\/#\\\/schema\\\/logo\\\/image\\\/\",\"url\":\"https:\\\/\\\/gradido.net\\\/wp-content\\\/uploads\\\/2022\\\/04\\\/gradido-social.jpg\",\"contentUrl\":\"https:\\\/\\\/gradido.net\\\/wp-content\\\/uploads\\\/2022\\\/04\\\/gradido-social.jpg\",\"width\":527,\"height\":273,\"caption\":\"Gradido\"},\"image\":{\"@id\":\"https:\\\/\\\/gradido.net\\\/de\\\/#\\\/schema\\\/logo\\\/image\\\/\"}},{\"@type\":\"Person\",\"@id\":\"https:\\\/\\\/gradido.net\\\/de\\\/#\\\/schema\\\/person\\\/f57399104ec77f2a2d5a68f479b0492f\",\"name\":\"Philipp Kessler\",\"url\":\"https:\\\/\\\/gradido.net\\\/sv\\\/author\\\/philipp\\\/\"}]}<\/script>\n<!-- \/ Yoast SEO plugin. -->","yoast_head_json":{"title":"Stort samarbete: att sluta fred med traumal\u00e4kning - Gradido","robots":{"index":"index","follow":"follow","max-snippet":"max-snippet:-1","max-image-preview":"max-image-preview:large","max-video-preview":"max-video-preview:-1"},"canonical":"https:\/\/gradido.net\/sv\/episode-35\/","og_locale":"sv_SE","og_type":"article","og_title":"Great Cooperation: mit Trauma-Heilung Frieden stiften - Gradido","og_description":"Saskia Hoppe ist Schauspielerin, Theaterp\u00e4dagogin und trauma-sensibler Coach. Julia Toma studierte Kulturmanagement. Neben ihren Kindern verbindet beide ihre Expertise in gewaltfreier Kommunikation [55:30]","og_url":"https:\/\/gradido.net\/sv\/episode-35\/","og_site_name":"Gradido","article_published_time":"2021-12-25T08:15:54+00:00","article_modified_time":"2021-12-27T11:05:55+00:00","og_image":[{"width":700,"height":475,"url":"https:\/\/gradido.net\/wp-content\/uploads\/2021\/12\/podcast_www_toma_hoppe.jpg","type":"image\/jpeg"}],"author":"Philipp Kessler","twitter_card":"summary_large_image","twitter_misc":{"Skriven av":"Philipp Kessler","Ber\u00e4knad l\u00e4stid":"2 minuter"},"schema":{"@context":"https:\/\/schema.org","@graph":[{"@type":"Article","@id":"https:\/\/gradido.net\/bg\/episode-35\/#article","isPartOf":{"@id":"https:\/\/gradido.net\/bg\/episode-35\/"},"author":{"name":"Philipp Kessler","@id":"https:\/\/gradido.net\/de\/#\/schema\/person\/f57399104ec77f2a2d5a68f479b0492f"},"headline":"Great Cooperation: mit Trauma-Heilung Frieden stiften","datePublished":"2021-12-25T08:15:54+00:00","dateModified":"2021-12-27T11:05:55+00:00","mainEntityOfPage":{"@id":"https:\/\/gradido.net\/bg\/episode-35\/"},"wordCount":453,"publisher":{"@id":"https:\/\/gradido.net\/de\/#organization"},"image":{"@id":"https:\/\/gradido.net\/bg\/episode-35\/#primaryimage"},"thumbnailUrl":"https:\/\/gradido.net\/wp-content\/uploads\/2021\/12\/podcast_www_toma_hoppe.jpg","keywords":["Grundeinkommen"],"articleSection":["Podcast"],"inLanguage":"sv-SE"},{"@type":"WebPage","@id":"https:\/\/gradido.net\/bg\/episode-35\/","url":"https:\/\/gradido.net\/bg\/episode-35\/","name":"Stort samarbete: att sluta fred med traumal\u00e4kning - Gradido","isPartOf":{"@id":"https:\/\/gradido.net\/de\/#website"},"primaryImageOfPage":{"@id":"https:\/\/gradido.net\/bg\/episode-35\/#primaryimage"},"image":{"@id":"https:\/\/gradido.net\/bg\/episode-35\/#primaryimage"},"thumbnailUrl":"https:\/\/gradido.net\/wp-content\/uploads\/2021\/12\/podcast_www_toma_hoppe.jpg","datePublished":"2021-12-25T08:15:54+00:00","dateModified":"2021-12-27T11:05:55+00:00","breadcrumb":{"@id":"https:\/\/gradido.net\/bg\/episode-35\/#breadcrumb"},"inLanguage":"sv-SE","potentialAction":[{"@type":"ReadAction","target":["https:\/\/gradido.net\/bg\/episode-35\/"]}]},{"@type":"ImageObject","inLanguage":"sv-SE","@id":"https:\/\/gradido.net\/bg\/episode-35\/#primaryimage","url":"https:\/\/gradido.net\/wp-content\/uploads\/2021\/12\/podcast_www_toma_hoppe.jpg","contentUrl":"https:\/\/gradido.net\/wp-content\/uploads\/2021\/12\/podcast_www_toma_hoppe.jpg","width":700,"height":475},{"@type":"BreadcrumbList","@id":"https:\/\/gradido.net\/bg\/episode-35\/#breadcrumb","itemListElement":[{"@type":"ListItem","position":1,"name":"Startseite","item":"https:\/\/gradido.net\/"},{"@type":"ListItem","position":2,"name":"Great Cooperation: mit Trauma-Heilung Frieden stiften"}]},{"@type":"WebSite","@id":"https:\/\/gradido.net\/de\/#website","url":"https:\/\/gradido.net\/de\/","name":"Gradido","description":"Den nya valutan \u00e4r tacksamhet","publisher":{"@id":"https:\/\/gradido.net\/de\/#organization"},"potentialAction":[{"@type":"SearchAction","target":{"@type":"EntryPoint","urlTemplate":"https:\/\/gradido.net\/de\/?s={search_term_string}"},"query-input":{"@type":"PropertyValueSpecification","valueRequired":true,"valueName":"search_term_string"}}],"inLanguage":"sv-SE"},{"@type":"Organization","@id":"https:\/\/gradido.net\/de\/#organization","name":"Gradido","url":"https:\/\/gradido.net\/de\/","logo":{"@type":"ImageObject","inLanguage":"sv-SE","@id":"https:\/\/gradido.net\/de\/#\/schema\/logo\/image\/","url":"https:\/\/gradido.net\/wp-content\/uploads\/2022\/04\/gradido-social.jpg","contentUrl":"https:\/\/gradido.net\/wp-content\/uploads\/2022\/04\/gradido-social.jpg","width":527,"height":273,"caption":"Gradido"},"image":{"@id":"https:\/\/gradido.net\/de\/#\/schema\/logo\/image\/"}},{"@type":"Person","@id":"https:\/\/gradido.net\/de\/#\/schema\/person\/f57399104ec77f2a2d5a68f479b0492f","name":"Philipp Kessler","url":"https:\/\/gradido.net\/sv\/author\/philipp\/"}]}},"_links":{"self":[{"href":"https:\/\/gradido.net\/sv\/wp-json\/wp\/v2\/posts\/3833","targetHints":{"allow":["GET"]}}],"collection":[{"href":"https:\/\/gradido.net\/sv\/wp-json\/wp\/v2\/posts"}],"about":[{"href":"https:\/\/gradido.net\/sv\/wp-json\/wp\/v2\/types\/post"}],"author":[{"embeddable":true,"href":"https:\/\/gradido.net\/sv\/wp-json\/wp\/v2\/users\/12"}],"replies":[{"embeddable":true,"href":"https:\/\/gradido.net\/sv\/wp-json\/wp\/v2\/comments?post=3833"}],"version-history":[{"count":14,"href":"https:\/\/gradido.net\/sv\/wp-json\/wp\/v2\/posts\/3833\/revisions"}],"predecessor-version":[{"id":3853,"href":"https:\/\/gradido.net\/sv\/wp-json\/wp\/v2\/posts\/3833\/revisions\/3853"}],"wp:featuredmedia":[{"embeddable":true,"href":"https:\/\/gradido.net\/sv\/wp-json\/wp\/v2\/media\/3689"}],"wp:attachment":[{"href":"https:\/\/gradido.net\/sv\/wp-json\/wp\/v2\/media?parent=3833"}],"wp:term":[{"taxonomy":"category","embeddable":true,"href":"https:\/\/gradido.net\/sv\/wp-json\/wp\/v2\/categories?post=3833"},{"taxonomy":"post_tag","embeddable":true,"href":"https:\/\/gradido.net\/sv\/wp-json\/wp\/v2\/tags?post=3833"}],"curies":[{"name":"wp","href":"https:\/\/api.w.org\/{rel}","templated":true}]}}