{"id":4039,"date":"2022-03-05T09:00:52","date_gmt":"2022-03-05T08:00:52","guid":{"rendered":"https:\/\/gradido.net\/?p=4039"},"modified":"2022-03-05T09:32:06","modified_gmt":"2022-03-05T08:32:06","slug":"episode-41","status":"publish","type":"post","link":"https:\/\/gradido.net\/sv\/episode-41\/","title":{"rendered":"Samarbete: Gradido-kontot - ett gemensamt verktyg f\u00f6r att utforma den nya jorden"},"content":{"rendered":"<div data-elementor-type=\"wp-post\" data-elementor-id=\"4039\" class=\"elementor elementor-4039\" data-elementor-post-type=\"post\">\n\t\t\t\t\t\t<section class=\"elementor-section elementor-top-section elementor-element elementor-element-496e1d53 elementor-section-boxed elementor-section-height-default elementor-section-height-default\" data-id=\"496e1d53\" data-element_type=\"section\" data-e-type=\"section\">\n\t\t\t\t\t\t<div class=\"elementor-container elementor-column-gap-default\">\n\t\t\t\t\t<div class=\"elementor-column elementor-col-100 elementor-top-column elementor-element elementor-element-461d7be0\" data-id=\"461d7be0\" data-element_type=\"column\" data-e-type=\"column\">\n\t\t\t<div class=\"elementor-widget-wrap elementor-element-populated\">\n\t\t\t\t\t\t<div class=\"elementor-element elementor-element-cd9ebe2 elementor-widget elementor-widget-text-editor\" data-id=\"cd9ebe2\" data-element_type=\"widget\" data-e-type=\"widget\" data-widget_type=\"text-editor.default\">\n\t\t\t\t<div class=\"elementor-widget-container\">\n\t\t\t\t\t\t\t\t\t<h2>G\u00e4st: Claus-Peter H\u00fcbner och Ulf Gebhardt<\/h2>\t\t\t\t\t\t\t\t<\/div>\n\t\t\t\t<\/div>\n\t\t\t\t\t<\/div>\n\t\t<\/div>\n\t\t\t\t\t<\/div>\n\t\t<\/section>\n\t\t\t\t<section class=\"elementor-section elementor-top-section elementor-element elementor-element-2f93e3c3 elementor-section-boxed elementor-section-height-default elementor-section-height-default\" data-id=\"2f93e3c3\" data-element_type=\"section\" data-e-type=\"section\">\n\t\t\t\t\t\t<div class=\"elementor-container elementor-column-gap-default\">\n\t\t\t\t\t<div class=\"elementor-column elementor-col-100 elementor-top-column elementor-element elementor-element-5a9dfd19\" data-id=\"5a9dfd19\" data-element_type=\"column\" data-e-type=\"column\">\n\t\t\t<div class=\"elementor-widget-wrap elementor-element-populated\">\n\t\t\t\t\t\t<div class=\"elementor-element elementor-element-9cdb6b8 elementor-widget elementor-widget-html\" data-id=\"9cdb6b8\" data-element_type=\"widget\" data-e-type=\"widget\" data-widget_type=\"html.default\">\n\t\t\t\t<div class=\"elementor-widget-container\">\n\t\t\t\t\t<script class=\"podigee-podcast-player\" src=\"https:\/\/player.podigee-cdn.net\/podcast-player\/javascripts\/podigee-podcast-player.js\" data-configuration=\"https:\/\/gradido.podigee.io\/41-neue-episode\/embed?context=external&token=OTXuHqFBcbegaZ39OJh8tw\"><\/script>\t\t\t\t<\/div>\n\t\t\t\t<\/div>\n\t\t\t\t\t<\/div>\n\t\t<\/div>\n\t\t\t\t\t<\/div>\n\t\t<\/section>\n\t\t\t\t<section class=\"elementor-section elementor-top-section elementor-element elementor-element-585c640 elementor-section-boxed elementor-section-height-default elementor-section-height-default\" data-id=\"585c640\" data-element_type=\"section\" data-e-type=\"section\">\n\t\t\t\t\t\t<div class=\"elementor-container elementor-column-gap-default\">\n\t\t\t\t\t<div class=\"elementor-column elementor-col-50 elementor-top-column elementor-element elementor-element-13c250b\" data-id=\"13c250b\" data-element_type=\"column\" data-e-type=\"column\">\n\t\t\t<div class=\"elementor-widget-wrap elementor-element-populated\">\n\t\t\t\t\t\t<div class=\"elementor-element elementor-element-0561949 elementor-widget elementor-widget-text-editor\" data-id=\"0561949\" data-element_type=\"widget\" data-e-type=\"widget\" data-widget_type=\"text-editor.default\">\n\t\t\t\t<div class=\"elementor-widget-container\">\n\t\t\t\t\t\t\t\t\t<p style=\"text-align: right;\"><em>\"Man skapar aldrig f\u00f6r\u00e4ndring genom att bek\u00e4mpa det som redan finns. F\u00f6r att f\u00f6r\u00e4ndra n\u00e5got bygger man modeller som g\u00f6r det gamla f\u00f6r\u00e5ldrat.\"<\/em><br \/><em>- Richard Buckminster Fuller<\/em><\/p><p>Som vi vet \u00e4r tacksamhet och uppskattning starka fredsenergier som \u00f6kar n\u00e4r vi delar dem med andra m\u00e4nniskor. Med en v\u00e5g av tacksamhet skulle vi komma ett stort steg n\u00e4rmare den urgamla m\u00e4nskliga dr\u00f6mmen om h\u00e5llbar fred p\u00e5 jorden.<\/p><p>I det h\u00e4r avsnittet av Gradido Podcast st\u00e4ller vi oss d\u00e4rf\u00f6r fr\u00e5gan:<\/p><p>\"Hur kan vi skapa en s\u00e5dan 'v\u00e5g av tacksamhet'? Ett \"lyckovirus\" som sprider sig exponentiellt, ger leenden \u00e5t alla som det \"infekterar\" och \u00f6vervinner alla mots\u00e4ttningar? Hur kan vi skapa ett \"fredligt\" monet\u00e4rt system som m\u00f6jligg\u00f6r en \"fredlig\" v\u00e4rld f\u00f6r hela den m\u00e4nskliga familjen?\"<\/p><p>Tyv\u00e4rr har den \"m\u00f6rka sidan av kraften\" en annan agenda: den stora \u00e5terst\u00e4llningen med<\/p><p>total digital \u00f6vervakning, upprustning - och krig. Kan vi m\u00e4nniskor \u00e5stadkomma n\u00e5gon f\u00f6r\u00e4ndring alls f\u00f6r att skapa en b\u00e4ttre framtid f\u00f6r alla?<\/p><p>I det h\u00e4r avsnittet pratar vi med v\u00e5r mjukvaruarkitekt Claus-Peter H\u00fcbner och v\u00e5r ledare f\u00f6r utvecklingsteamet Ulf Gebhardt om ett kraftfullt verktyg f\u00f6r att forma framtiden tillsammans: det decentraliserade och globalt skalbara Gradido-kontot, som v\u00e5rt team av programmerare utvecklar med stort fokus, iver och entusiasm.<\/p>\t\t\t\t\t\t\t\t<\/div>\n\t\t\t\t<\/div>\n\t\t\t\t\t<\/div>\n\t\t<\/div>\n\t\t\t\t<div class=\"elementor-column elementor-col-50 elementor-top-column elementor-element elementor-element-e0d795e\" data-id=\"e0d795e\" data-element_type=\"column\" data-e-type=\"column\">\n\t\t\t<div class=\"elementor-widget-wrap elementor-element-populated\">\n\t\t\t\t\t\t<div class=\"elementor-element elementor-element-8c61bad elementor-widget elementor-widget-image\" data-id=\"8c61bad\" data-element_type=\"widget\" data-e-type=\"widget\" data-widget_type=\"image.default\">\n\t\t\t\t<div class=\"elementor-widget-container\">\n\t\t\t\t\t\t\t\t\t\t\t\t\t\t\t<img fetchpriority=\"high\" decoding=\"async\" width=\"800\" height=\"800\" src=\"https:\/\/gradido.net\/wp-content\/uploads\/2022\/03\/gradido_podcast_huebner_gebhardt-1024x1024.jpg\" class=\"attachment-large size-large wp-image-4036\" alt=\"\" srcset=\"https:\/\/gradido.net\/wp-content\/uploads\/2022\/03\/gradido_podcast_huebner_gebhardt-1024x1024.jpg 1024w, https:\/\/gradido.net\/wp-content\/uploads\/2022\/03\/gradido_podcast_huebner_gebhardt-300x300.jpg 300w, https:\/\/gradido.net\/wp-content\/uploads\/2022\/03\/gradido_podcast_huebner_gebhardt-150x150.jpg 150w, https:\/\/gradido.net\/wp-content\/uploads\/2022\/03\/gradido_podcast_huebner_gebhardt-768x768.jpg 768w, https:\/\/gradido.net\/wp-content\/uploads\/2022\/03\/gradido_podcast_huebner_gebhardt-12x12.jpg 12w, https:\/\/gradido.net\/wp-content\/uploads\/2022\/03\/gradido_podcast_huebner_gebhardt.jpg 1400w\" sizes=\"(max-width: 800px) 100vw, 800px\" \/>\t\t\t\t\t\t\t\t\t\t\t\t\t\t\t<\/div>\n\t\t\t\t<\/div>\n\t\t\t\t<div class=\"elementor-element elementor-element-ceab137 elementor-widget elementor-widget-text-editor\" data-id=\"ceab137\" data-element_type=\"widget\" data-e-type=\"widget\" data-widget_type=\"text-editor.default\">\n\t\t\t\t<div class=\"elementor-widget-container\">\n\t\t\t\t\t\t\t\t\t<p><a href=\"https:\/\/youtu.be\/_Fs6dSUe5zI\" target=\"_blank\" rel=\"noopener\">Lyssna p\u00e5 YouTube<\/a><\/p>\t\t\t\t\t\t\t\t<\/div>\n\t\t\t\t<\/div>\n\t\t\t\t\t<\/div>\n\t\t<\/div>\n\t\t\t\t\t<\/div>\n\t\t<\/section>\n\t\t\t\t<section class=\"elementor-section elementor-top-section elementor-element elementor-element-d051609 elementor-section-boxed elementor-section-height-default elementor-section-height-default\" data-id=\"d051609\" data-element_type=\"section\" data-e-type=\"section\">\n\t\t\t\t\t\t<div class=\"elementor-container elementor-column-gap-default\">\n\t\t\t\t\t<div class=\"elementor-column elementor-col-100 elementor-top-column elementor-element elementor-element-13cc168\" data-id=\"13cc168\" data-element_type=\"column\" data-e-type=\"column\">\n\t\t\t<div class=\"elementor-widget-wrap elementor-element-populated\">\n\t\t\t\t\t\t<div class=\"elementor-element elementor-element-b43b3ee elementor-widget elementor-widget-heading\" data-id=\"b43b3ee\" data-element_type=\"widget\" data-e-type=\"widget\" data-widget_type=\"heading.default\">\n\t\t\t\t<div class=\"elementor-widget-container\">\n\t\t\t\t\t<h2 class=\"elementor-heading-title elementor-size-default\">Utskrift (automatiskt \u00f6versatt)<\/h2>\t\t\t\t<\/div>\n\t\t\t\t<\/div>\n\t\t\t\t\t<\/div>\n\t\t<\/div>\n\t\t\t\t\t<\/div>\n\t\t<\/section>\n\t\t\t\t<section class=\"elementor-section elementor-top-section elementor-element elementor-element-474427c elementor-section-boxed elementor-section-height-default elementor-section-height-default\" data-id=\"474427c\" data-element_type=\"section\" data-e-type=\"section\">\n\t\t\t\t\t\t<div class=\"elementor-container elementor-column-gap-default\">\n\t\t\t\t\t<div class=\"elementor-column elementor-col-100 elementor-top-column elementor-element elementor-element-6041f12\" data-id=\"6041f12\" data-element_type=\"column\" data-e-type=\"column\">\n\t\t\t<div class=\"elementor-widget-wrap elementor-element-populated\">\n\t\t\t\t\t\t\t<\/div>\n\t\t<\/div>\n\t\t\t\t\t<\/div>\n\t\t<\/section>\n\t\t\t\t<\/div>","protected":false},"excerpt":{"rendered":"<p>Mit unserem Software-Architekten Claus-Peter H\u00fcbner und unserem Entwicklungsteam-Leiter Ulf Gebhardt sprechen wir \u00fcber das dezentrale und weltweit skalierbare Gradido-Konto, das unser Programmierer-Team mit gro\u00dfem Fokus, Eifer und Begeisterung entwickelt. [56:46]<\/p>\n","protected":false},"author":12,"featured_media":4037,"comment_status":"closed","ping_status":"closed","sticky":false,"template":"","format":"standard","meta":{"footnotes":""},"categories":[19],"tags":[16],"class_list":["post-4039","post","type-post","status-publish","format-standard","has-post-thumbnail","hentry","category-podcast","tag-grundeinkommen"],"yoast_head":"<!-- This site is optimized with the Yoast SEO plugin v27.5 - https:\/\/yoast.com\/product\/yoast-seo-wordpress\/ -->\n<title>Great Cooperation: Gradido-Konto \u2013 gemeinsames Gestaltungswerkzeug f\u00fcr die neue Erde - Gradido<\/title>\n<meta name=\"robots\" content=\"index, follow, max-snippet:-1, max-image-preview:large, max-video-preview:-1\" \/>\n<link rel=\"canonical\" href=\"https:\/\/gradido.net\/sv\/episode-41\/\" \/>\n<meta property=\"og:locale\" content=\"sv_SE\" \/>\n<meta property=\"og:type\" content=\"article\" \/>\n<meta property=\"og:title\" content=\"Great Cooperation: Gradido-Konto \u2013 gemeinsames Gestaltungswerkzeug f\u00fcr die neue Erde - Gradido\" \/>\n<meta property=\"og:description\" content=\"Mit unserem Software-Architekten Claus-Peter H\u00fcbner und unserem Entwicklungsteam-Leiter Ulf Gebhardt sprechen wir \u00fcber das dezentrale und weltweit skalierbare Gradido-Konto, das unser Programmierer-Team mit gro\u00dfem Fokus, Eifer und Begeisterung entwickelt. [56:46]\" \/>\n<meta property=\"og:url\" content=\"https:\/\/gradido.net\/sv\/episode-41\/\" \/>\n<meta property=\"og:site_name\" content=\"Gradido\" \/>\n<meta property=\"article:published_time\" content=\"2022-03-05T08:00:52+00:00\" \/>\n<meta property=\"article:modified_time\" content=\"2022-03-05T08:32:06+00:00\" \/>\n<meta property=\"og:image\" content=\"https:\/\/gradido.net\/wp-content\/uploads\/2022\/03\/podcast_www_huebner_gebhardt.jpg\" \/>\n\t<meta property=\"og:image:width\" content=\"700\" \/>\n\t<meta property=\"og:image:height\" content=\"475\" \/>\n\t<meta property=\"og:image:type\" content=\"image\/jpeg\" \/>\n<meta name=\"author\" content=\"Philipp Kessler\" \/>\n<meta name=\"twitter:card\" content=\"summary_large_image\" \/>\n<meta name=\"twitter:label1\" content=\"Skriven av\" \/>\n\t<meta name=\"twitter:data1\" content=\"Philipp Kessler\" \/>\n\t<meta name=\"twitter:label2\" content=\"Ber\u00e4knad l\u00e4stid\" \/>\n\t<meta name=\"twitter:data2\" content=\"1 minut\" \/>\n<script type=\"application\/ld+json\" class=\"yoast-schema-graph\">{\"@context\":\"https:\\\/\\\/schema.org\",\"@graph\":[{\"@type\":\"Article\",\"@id\":\"https:\\\/\\\/gradido.net\\\/es\\\/episode-41\\\/#article\",\"isPartOf\":{\"@id\":\"https:\\\/\\\/gradido.net\\\/es\\\/episode-41\\\/\"},\"author\":{\"name\":\"Philipp Kessler\",\"@id\":\"https:\\\/\\\/gradido.net\\\/de\\\/#\\\/schema\\\/person\\\/f57399104ec77f2a2d5a68f479b0492f\"},\"headline\":\"Great Cooperation: Gradido-Konto \u2013 gemeinsames Gestaltungswerkzeug f\u00fcr die neue Erde\",\"datePublished\":\"2022-03-05T08:00:52+00:00\",\"dateModified\":\"2022-03-05T08:32:06+00:00\",\"mainEntityOfPage\":{\"@id\":\"https:\\\/\\\/gradido.net\\\/es\\\/episode-41\\\/\"},\"wordCount\":236,\"publisher\":{\"@id\":\"https:\\\/\\\/gradido.net\\\/de\\\/#organization\"},\"image\":{\"@id\":\"https:\\\/\\\/gradido.net\\\/es\\\/episode-41\\\/#primaryimage\"},\"thumbnailUrl\":\"https:\\\/\\\/gradido.net\\\/wp-content\\\/uploads\\\/2022\\\/03\\\/podcast_www_huebner_gebhardt.jpg\",\"keywords\":[\"Grundeinkommen\"],\"articleSection\":[\"Podcast\"],\"inLanguage\":\"sv-SE\"},{\"@type\":\"WebPage\",\"@id\":\"https:\\\/\\\/gradido.net\\\/es\\\/episode-41\\\/\",\"url\":\"https:\\\/\\\/gradido.net\\\/es\\\/episode-41\\\/\",\"name\":\"Great Cooperation: Gradido-Konto \u2013 gemeinsames Gestaltungswerkzeug f\u00fcr die neue Erde - Gradido\",\"isPartOf\":{\"@id\":\"https:\\\/\\\/gradido.net\\\/de\\\/#website\"},\"primaryImageOfPage\":{\"@id\":\"https:\\\/\\\/gradido.net\\\/es\\\/episode-41\\\/#primaryimage\"},\"image\":{\"@id\":\"https:\\\/\\\/gradido.net\\\/es\\\/episode-41\\\/#primaryimage\"},\"thumbnailUrl\":\"https:\\\/\\\/gradido.net\\\/wp-content\\\/uploads\\\/2022\\\/03\\\/podcast_www_huebner_gebhardt.jpg\",\"datePublished\":\"2022-03-05T08:00:52+00:00\",\"dateModified\":\"2022-03-05T08:32:06+00:00\",\"breadcrumb\":{\"@id\":\"https:\\\/\\\/gradido.net\\\/es\\\/episode-41\\\/#breadcrumb\"},\"inLanguage\":\"sv-SE\",\"potentialAction\":[{\"@type\":\"ReadAction\",\"target\":[\"https:\\\/\\\/gradido.net\\\/es\\\/episode-41\\\/\"]}]},{\"@type\":\"ImageObject\",\"inLanguage\":\"sv-SE\",\"@id\":\"https:\\\/\\\/gradido.net\\\/es\\\/episode-41\\\/#primaryimage\",\"url\":\"https:\\\/\\\/gradido.net\\\/wp-content\\\/uploads\\\/2022\\\/03\\\/podcast_www_huebner_gebhardt.jpg\",\"contentUrl\":\"https:\\\/\\\/gradido.net\\\/wp-content\\\/uploads\\\/2022\\\/03\\\/podcast_www_huebner_gebhardt.jpg\",\"width\":700,\"height\":475},{\"@type\":\"BreadcrumbList\",\"@id\":\"https:\\\/\\\/gradido.net\\\/es\\\/episode-41\\\/#breadcrumb\",\"itemListElement\":[{\"@type\":\"ListItem\",\"position\":1,\"name\":\"Startseite\",\"item\":\"https:\\\/\\\/gradido.net\\\/\"},{\"@type\":\"ListItem\",\"position\":2,\"name\":\"Great Cooperation: Gradido-Konto \u2013 gemeinsames Gestaltungswerkzeug f\u00fcr die neue Erde\"}]},{\"@type\":\"WebSite\",\"@id\":\"https:\\\/\\\/gradido.net\\\/de\\\/#website\",\"url\":\"https:\\\/\\\/gradido.net\\\/de\\\/\",\"name\":\"Gradido\",\"description\":\"Die neue W\u00e4hrung hei\u00dft Dankbarkeit\",\"publisher\":{\"@id\":\"https:\\\/\\\/gradido.net\\\/de\\\/#organization\"},\"potentialAction\":[{\"@type\":\"SearchAction\",\"target\":{\"@type\":\"EntryPoint\",\"urlTemplate\":\"https:\\\/\\\/gradido.net\\\/de\\\/?s={search_term_string}\"},\"query-input\":{\"@type\":\"PropertyValueSpecification\",\"valueRequired\":true,\"valueName\":\"search_term_string\"}}],\"inLanguage\":\"sv-SE\"},{\"@type\":\"Organization\",\"@id\":\"https:\\\/\\\/gradido.net\\\/de\\\/#organization\",\"name\":\"Gradido\",\"url\":\"https:\\\/\\\/gradido.net\\\/de\\\/\",\"logo\":{\"@type\":\"ImageObject\",\"inLanguage\":\"sv-SE\",\"@id\":\"https:\\\/\\\/gradido.net\\\/de\\\/#\\\/schema\\\/logo\\\/image\\\/\",\"url\":\"https:\\\/\\\/gradido.net\\\/wp-content\\\/uploads\\\/2022\\\/04\\\/gradido-social.jpg\",\"contentUrl\":\"https:\\\/\\\/gradido.net\\\/wp-content\\\/uploads\\\/2022\\\/04\\\/gradido-social.jpg\",\"width\":527,\"height\":273,\"caption\":\"Gradido\"},\"image\":{\"@id\":\"https:\\\/\\\/gradido.net\\\/de\\\/#\\\/schema\\\/logo\\\/image\\\/\"}},{\"@type\":\"Person\",\"@id\":\"https:\\\/\\\/gradido.net\\\/de\\\/#\\\/schema\\\/person\\\/f57399104ec77f2a2d5a68f479b0492f\",\"name\":\"Philipp Kessler\",\"url\":\"https:\\\/\\\/gradido.net\\\/sv\\\/author\\\/philipp\\\/\"}]}<\/script>\n<!-- \/ Yoast SEO plugin. -->","yoast_head_json":{"title":"Stort samarbete: Gradido-konto - gemensamt designverktyg f\u00f6r den nya jorden - Gradido","robots":{"index":"index","follow":"follow","max-snippet":"max-snippet:-1","max-image-preview":"max-image-preview:large","max-video-preview":"max-video-preview:-1"},"canonical":"https:\/\/gradido.net\/sv\/episode-41\/","og_locale":"sv_SE","og_type":"article","og_title":"Great Cooperation: Gradido-Konto \u2013 gemeinsames Gestaltungswerkzeug f\u00fcr die neue Erde - Gradido","og_description":"Mit unserem Software-Architekten Claus-Peter H\u00fcbner und unserem Entwicklungsteam-Leiter Ulf Gebhardt sprechen wir \u00fcber das dezentrale und weltweit skalierbare Gradido-Konto, das unser Programmierer-Team mit gro\u00dfem Fokus, Eifer und Begeisterung entwickelt. [56:46]","og_url":"https:\/\/gradido.net\/sv\/episode-41\/","og_site_name":"Gradido","article_published_time":"2022-03-05T08:00:52+00:00","article_modified_time":"2022-03-05T08:32:06+00:00","og_image":[{"width":700,"height":475,"url":"https:\/\/gradido.net\/wp-content\/uploads\/2022\/03\/podcast_www_huebner_gebhardt.jpg","type":"image\/jpeg"}],"author":"Philipp Kessler","twitter_card":"summary_large_image","twitter_misc":{"Skriven av":"Philipp Kessler","Ber\u00e4knad l\u00e4stid":"1 minut"},"schema":{"@context":"https:\/\/schema.org","@graph":[{"@type":"Article","@id":"https:\/\/gradido.net\/es\/episode-41\/#article","isPartOf":{"@id":"https:\/\/gradido.net\/es\/episode-41\/"},"author":{"name":"Philipp Kessler","@id":"https:\/\/gradido.net\/de\/#\/schema\/person\/f57399104ec77f2a2d5a68f479b0492f"},"headline":"Great Cooperation: Gradido-Konto \u2013 gemeinsames Gestaltungswerkzeug f\u00fcr die neue Erde","datePublished":"2022-03-05T08:00:52+00:00","dateModified":"2022-03-05T08:32:06+00:00","mainEntityOfPage":{"@id":"https:\/\/gradido.net\/es\/episode-41\/"},"wordCount":236,"publisher":{"@id":"https:\/\/gradido.net\/de\/#organization"},"image":{"@id":"https:\/\/gradido.net\/es\/episode-41\/#primaryimage"},"thumbnailUrl":"https:\/\/gradido.net\/wp-content\/uploads\/2022\/03\/podcast_www_huebner_gebhardt.jpg","keywords":["Grundeinkommen"],"articleSection":["Podcast"],"inLanguage":"sv-SE"},{"@type":"WebPage","@id":"https:\/\/gradido.net\/es\/episode-41\/","url":"https:\/\/gradido.net\/es\/episode-41\/","name":"Stort samarbete: Gradido-konto - gemensamt designverktyg f\u00f6r den nya jorden - Gradido","isPartOf":{"@id":"https:\/\/gradido.net\/de\/#website"},"primaryImageOfPage":{"@id":"https:\/\/gradido.net\/es\/episode-41\/#primaryimage"},"image":{"@id":"https:\/\/gradido.net\/es\/episode-41\/#primaryimage"},"thumbnailUrl":"https:\/\/gradido.net\/wp-content\/uploads\/2022\/03\/podcast_www_huebner_gebhardt.jpg","datePublished":"2022-03-05T08:00:52+00:00","dateModified":"2022-03-05T08:32:06+00:00","breadcrumb":{"@id":"https:\/\/gradido.net\/es\/episode-41\/#breadcrumb"},"inLanguage":"sv-SE","potentialAction":[{"@type":"ReadAction","target":["https:\/\/gradido.net\/es\/episode-41\/"]}]},{"@type":"ImageObject","inLanguage":"sv-SE","@id":"https:\/\/gradido.net\/es\/episode-41\/#primaryimage","url":"https:\/\/gradido.net\/wp-content\/uploads\/2022\/03\/podcast_www_huebner_gebhardt.jpg","contentUrl":"https:\/\/gradido.net\/wp-content\/uploads\/2022\/03\/podcast_www_huebner_gebhardt.jpg","width":700,"height":475},{"@type":"BreadcrumbList","@id":"https:\/\/gradido.net\/es\/episode-41\/#breadcrumb","itemListElement":[{"@type":"ListItem","position":1,"name":"Startseite","item":"https:\/\/gradido.net\/"},{"@type":"ListItem","position":2,"name":"Great Cooperation: Gradido-Konto \u2013 gemeinsames Gestaltungswerkzeug f\u00fcr die neue Erde"}]},{"@type":"WebSite","@id":"https:\/\/gradido.net\/de\/#website","url":"https:\/\/gradido.net\/de\/","name":"Gradido","description":"Den nya valutan \u00e4r tacksamhet","publisher":{"@id":"https:\/\/gradido.net\/de\/#organization"},"potentialAction":[{"@type":"SearchAction","target":{"@type":"EntryPoint","urlTemplate":"https:\/\/gradido.net\/de\/?s={search_term_string}"},"query-input":{"@type":"PropertyValueSpecification","valueRequired":true,"valueName":"search_term_string"}}],"inLanguage":"sv-SE"},{"@type":"Organization","@id":"https:\/\/gradido.net\/de\/#organization","name":"Gradido","url":"https:\/\/gradido.net\/de\/","logo":{"@type":"ImageObject","inLanguage":"sv-SE","@id":"https:\/\/gradido.net\/de\/#\/schema\/logo\/image\/","url":"https:\/\/gradido.net\/wp-content\/uploads\/2022\/04\/gradido-social.jpg","contentUrl":"https:\/\/gradido.net\/wp-content\/uploads\/2022\/04\/gradido-social.jpg","width":527,"height":273,"caption":"Gradido"},"image":{"@id":"https:\/\/gradido.net\/de\/#\/schema\/logo\/image\/"}},{"@type":"Person","@id":"https:\/\/gradido.net\/de\/#\/schema\/person\/f57399104ec77f2a2d5a68f479b0492f","name":"Philipp Kessler","url":"https:\/\/gradido.net\/sv\/author\/philipp\/"}]}},"_links":{"self":[{"href":"https:\/\/gradido.net\/sv\/wp-json\/wp\/v2\/posts\/4039","targetHints":{"allow":["GET"]}}],"collection":[{"href":"https:\/\/gradido.net\/sv\/wp-json\/wp\/v2\/posts"}],"about":[{"href":"https:\/\/gradido.net\/sv\/wp-json\/wp\/v2\/types\/post"}],"author":[{"embeddable":true,"href":"https:\/\/gradido.net\/sv\/wp-json\/wp\/v2\/users\/12"}],"replies":[{"embeddable":true,"href":"https:\/\/gradido.net\/sv\/wp-json\/wp\/v2\/comments?post=4039"}],"version-history":[{"count":9,"href":"https:\/\/gradido.net\/sv\/wp-json\/wp\/v2\/posts\/4039\/revisions"}],"predecessor-version":[{"id":4049,"href":"https:\/\/gradido.net\/sv\/wp-json\/wp\/v2\/posts\/4039\/revisions\/4049"}],"wp:featuredmedia":[{"embeddable":true,"href":"https:\/\/gradido.net\/sv\/wp-json\/wp\/v2\/media\/4037"}],"wp:attachment":[{"href":"https:\/\/gradido.net\/sv\/wp-json\/wp\/v2\/media?parent=4039"}],"wp:term":[{"taxonomy":"category","embeddable":true,"href":"https:\/\/gradido.net\/sv\/wp-json\/wp\/v2\/categories?post=4039"},{"taxonomy":"post_tag","embeddable":true,"href":"https:\/\/gradido.net\/sv\/wp-json\/wp\/v2\/tags?post=4039"}],"curies":[{"name":"wp","href":"https:\/\/api.w.org\/{rel}","templated":true}]}}