{"id":4132,"date":"2022-04-02T09:00:01","date_gmt":"2022-04-02T07:00:01","guid":{"rendered":"https:\/\/gradido.net\/?p=4132"},"modified":"2022-04-01T09:54:55","modified_gmt":"2022-04-01T07:54:55","slug":"episode-43","status":"publish","type":"post","link":"https:\/\/gradido.net\/sv\/episode-43\/","title":{"rendered":"Stort samarbete: Elektroodling s\u00e4krar v\u00e4rldens livsmedelsf\u00f6rs\u00f6rjning i ekologisk kvalitet"},"content":{"rendered":"<div data-elementor-type=\"wp-post\" data-elementor-id=\"4132\" class=\"elementor elementor-4132\" data-elementor-post-type=\"post\">\n\t\t\t\t\t\t<section class=\"elementor-section elementor-top-section elementor-element elementor-element-496e1d53 elementor-section-boxed elementor-section-height-default elementor-section-height-default\" data-id=\"496e1d53\" data-element_type=\"section\" data-e-type=\"section\">\n\t\t\t\t\t\t<div class=\"elementor-container elementor-column-gap-default\">\n\t\t\t\t\t<div class=\"elementor-column elementor-col-100 elementor-top-column elementor-element elementor-element-461d7be0\" data-id=\"461d7be0\" data-element_type=\"column\" data-e-type=\"column\">\n\t\t\t<div class=\"elementor-widget-wrap elementor-element-populated\">\n\t\t\t\t\t\t<div class=\"elementor-element elementor-element-cd9ebe2 elementor-widget elementor-widget-text-editor\" data-id=\"cd9ebe2\" data-element_type=\"widget\" data-e-type=\"widget\" data-widget_type=\"text-editor.default\">\n\t\t\t\t<div class=\"elementor-widget-container\">\n\t\t\t\t\t\t\t\t\t<h2>G\u00e4st: Peter Rettenmund<\/h2>\t\t\t\t\t\t\t\t<\/div>\n\t\t\t\t<\/div>\n\t\t\t\t\t<\/div>\n\t\t<\/div>\n\t\t\t\t\t<\/div>\n\t\t<\/section>\n\t\t\t\t<section class=\"elementor-section elementor-top-section elementor-element elementor-element-2f93e3c3 elementor-section-boxed elementor-section-height-default elementor-section-height-default\" data-id=\"2f93e3c3\" data-element_type=\"section\" data-e-type=\"section\">\n\t\t\t\t\t\t<div class=\"elementor-container elementor-column-gap-default\">\n\t\t\t\t\t<div class=\"elementor-column elementor-col-100 elementor-top-column elementor-element elementor-element-5a9dfd19\" data-id=\"5a9dfd19\" data-element_type=\"column\" data-e-type=\"column\">\n\t\t\t<div class=\"elementor-widget-wrap elementor-element-populated\">\n\t\t\t\t\t\t<div class=\"elementor-element elementor-element-9cdb6b8 elementor-widget elementor-widget-html\" data-id=\"9cdb6b8\" data-element_type=\"widget\" data-e-type=\"widget\" data-widget_type=\"html.default\">\n\t\t\t\t<div class=\"elementor-widget-container\">\n\t\t\t\t\t<script class=\"podigee-podcast-player\" src=\"https:\/\/player.podigee-cdn.net\/podcast-player\/javascripts\/podigee-podcast-player.js\" data-configuration=\"https:\/\/gradido.podigee.io\/43-neue-episode\/embed?context=external&token=oYs1AED7rGcgEiPZB17EqQ\"><\/script>\t\t\t\t<\/div>\n\t\t\t\t<\/div>\n\t\t\t\t\t<\/div>\n\t\t<\/div>\n\t\t\t\t\t<\/div>\n\t\t<\/section>\n\t\t\t\t<section class=\"elementor-section elementor-top-section elementor-element elementor-element-585c640 elementor-section-boxed elementor-section-height-default elementor-section-height-default\" data-id=\"585c640\" data-element_type=\"section\" data-e-type=\"section\">\n\t\t\t\t\t\t<div class=\"elementor-container elementor-column-gap-default\">\n\t\t\t\t\t<div class=\"elementor-column elementor-col-50 elementor-top-column elementor-element elementor-element-13c250b\" data-id=\"13c250b\" data-element_type=\"column\" data-e-type=\"column\">\n\t\t\t<div class=\"elementor-widget-wrap elementor-element-populated\">\n\t\t\t\t\t\t<div class=\"elementor-element elementor-element-0561949 elementor-widget elementor-widget-text-editor\" data-id=\"0561949\" data-element_type=\"widget\" data-e-type=\"widget\" data-widget_type=\"text-editor.default\">\n\t\t\t\t<div class=\"elementor-widget-container\">\n\t\t\t\t\t\t\t\t\t<p>I det h\u00e4r avsnittet av Gradido Podcast pratar vi om sensationella odlingsmetoder som g\u00f6r frukt och gr\u00f6nsaker m\u00e5ngdubbelt st\u00f6rre, friskare och starkare - och i utm\u00e4rkt ekologisk kvalitet. M\u00e4nsklighetens dr\u00f6m om att alla m\u00e4nniskor i v\u00e4rlden ska kunna \u00e4ta h\u00e4lsosam mat \u00e4r d\u00e4rmed inom r\u00e4ckh\u00e5ll.<\/p><p>Kunskapen om detta g\u00e5r tillbaka till 1600-talet och har n\u00e4stan utpl\u00e5nats av systemet, eftersom det inte g\u00e5r att g\u00f6ra n\u00e5gra vinster med det. Kommer vi fortfarande att kunna sprida kunskapen i tid och g\u00f6ra den tillg\u00e4nglig f\u00f6r hela den m\u00e4nskliga familjen - f\u00f6r v\u00e5r egen skull, f\u00f6r v\u00e5ra barns skull och f\u00f6r alla jordens barn?<\/p><p>V\u00e5r g\u00e4st i dag, Peter Rettenmund, ins\u00e5g tidigt att livet m\u00e5ste betyda mer \u00e4n vad man i allm\u00e4nhet tror. Under sin livsresa har han samlat p\u00e5 sig m\u00e5nga erfarenheter och insikter inom livsmedelsproduktion, gastronomi och marknadsf\u00f6ring. Under processen ins\u00e5g han att v\u00e4xter \u00e4r varelser som \u00e4r kopplade till allt liv.<\/p><p>Hans viktigaste f\u00f6ljeslagare \u00e4r den vediska eldritualen Agnihotra och en gammal bortgl\u00f6md planteringsteknik: elektrokultur, som kombinerar jordens elektromagnetiska krafter till f\u00f6rm\u00e5n f\u00f6r v\u00e4xterna. Gr\u00f6nsaker som odlas p\u00e5 detta s\u00e4tt v\u00e4xer b\u00e4ttre, fr\u00f6na gror snabbare och blir st\u00f6rre. Det \u00e4r inte ovanligt med jordgubbar som \u00e4r stora som \u00e4pplen och mor\u00f6tter som v\u00e4ger 500 g. I den b\u00e4sta ekologiska kvaliteten kan hela den m\u00e4nskliga familjen f\u00e5 mat av dem, och tillsammans kan vi forma v\u00e5r planet s\u00e5 att det paradis som finns p\u00e5 insidan ocks\u00e5 blir synligt p\u00e5 utsidan.<\/p><p>V\u00e4nster:<\/p><p><a href=\"https:\/\/www.galaron.de\/\">https:\/\/www.galaron.de\/<\/a><\/p><p>Den h\u00e4r videon visar Peter som m\u00e4nniska: <br \/><a href=\"https:\/\/www.youtube.com\/watch?v=RYRQh-Ctz-g\">https:\/\/www.youtube.com\/watch?v=RYRQh-Ctz-g<\/a><\/p><p>Trailer f\u00f6r webbseminariet Basics: <br \/><a href=\"https:\/\/www.youtube.com\/watch?v=dcbFhNh2hu0\">https:\/\/www.youtube.com\/watch?v=dcbFhNh2hu0<\/a><\/p><p>Utdrag Webinar Grundl\u00e4ggande fr\u00e5gor om elektrokultur: <br \/><a href=\"https:\/\/www.youtube.com\/watch?v=txf2nHhildw\">https:\/\/www.youtube.com\/watch?v=txf2nHhildw<\/a><\/p><p>Vanliga fr\u00e5gor om elektrokultur <a href=\"https:\/\/www.youtube.com\/watch?v=ArMmhziB_sg\">https:\/\/www.youtube.com\/watch?v=ArMmhziB_sg<\/a><\/p><p>M\u00f6jlighet att boka webbseminariet: <br \/><a href=\"https:\/\/elettro-coltura.com\/en\/prodotto\/electroculture-online-live-webinar-english-german-andrea-peter\/\">https:\/\/elettro-coltura.com\/en\/prodotto\/electroculture-online-live-webinar-english-german-andrea-peter\/<\/a><\/p><p>Video: Att se energin i tr\u00e4den <br \/><a href=\"https:\/\/www.youtube.com\/watch?v=zGBNM-HBRVc\">https:\/\/www.youtube.com\/watch?v=zGBNM-HBRVc<\/a><\/p><p>Meddelanden om m\u00f6jliga destinationer i Spanien och Frankrike, mer eller mindre l\u00e4ngs sydkusten, \u00e4r v\u00e4lkomna: <a href=\"mailto:info@galaron.de\">info@galaron.de<\/a><\/p><p>Dokument: Inblick i elektrokulturen (PDF)<br \/><a href=\"https:\/\/gradido.net\/wp-content\/uploads\/2022\/03\/Einblick-in-die-Elektrokultur.pdf\">https:\/\/gradido.net\/wp-content\/uploads\/2022\/03\/Einblick-in-die-Elektrokultur.pdf<\/a><\/p><p>Michael W\u00fcst<br \/><a href=\"http:\/\/www.agnikultur.de\/\">http:\/\/www.agnikultur.de\/<\/a><br \/><a href=\"https:\/\/www.agnikultur.com\/\">https:\/\/www.agnikultur.com\/<\/a><\/p><p>Heidemarie och Mathias Rammer Naturskola Oberlausitz <br \/><a href=\"https:\/\/www.naturschule-oberlausitz.de\/\">https:\/\/www.naturschule-oberlausitz.de\/<\/a><\/p><p>Telegramgrupp:<br \/><a href=\"https:\/\/t.me\/Agnihotra_perma_elektrokultur\">https:\/\/t.me\/Agnihotra_perma_elektrokultur<\/a><\/p>\t\t\t\t\t\t\t\t<\/div>\n\t\t\t\t<\/div>\n\t\t\t\t\t<\/div>\n\t\t<\/div>\n\t\t\t\t<div class=\"elementor-column elementor-col-50 elementor-top-column elementor-element elementor-element-e0d795e\" data-id=\"e0d795e\" data-element_type=\"column\" data-e-type=\"column\">\n\t\t\t<div class=\"elementor-widget-wrap elementor-element-populated\">\n\t\t\t\t\t\t<div class=\"elementor-element elementor-element-8c61bad elementor-widget elementor-widget-image\" data-id=\"8c61bad\" data-element_type=\"widget\" data-e-type=\"widget\" data-widget_type=\"image.default\">\n\t\t\t\t<div class=\"elementor-widget-container\">\n\t\t\t\t\t\t\t\t\t\t\t\t\t\t\t<img fetchpriority=\"high\" decoding=\"async\" width=\"800\" height=\"800\" src=\"https:\/\/gradido.net\/wp-content\/uploads\/2022\/03\/gradido_podcast_rettenmund-1024x1024.jpg\" class=\"attachment-large size-large wp-image-4071\" alt=\"\" srcset=\"https:\/\/gradido.net\/wp-content\/uploads\/2022\/03\/gradido_podcast_rettenmund-1024x1024.jpg 1024w, https:\/\/gradido.net\/wp-content\/uploads\/2022\/03\/gradido_podcast_rettenmund-300x300.jpg 300w, https:\/\/gradido.net\/wp-content\/uploads\/2022\/03\/gradido_podcast_rettenmund-150x150.jpg 150w, https:\/\/gradido.net\/wp-content\/uploads\/2022\/03\/gradido_podcast_rettenmund-768x768.jpg 768w, https:\/\/gradido.net\/wp-content\/uploads\/2022\/03\/gradido_podcast_rettenmund-12x12.jpg 12w, https:\/\/gradido.net\/wp-content\/uploads\/2022\/03\/gradido_podcast_rettenmund.jpg 1400w\" sizes=\"(max-width: 800px) 100vw, 800px\" \/>\t\t\t\t\t\t\t\t\t\t\t\t\t\t\t<\/div>\n\t\t\t\t<\/div>\n\t\t\t\t<div class=\"elementor-element elementor-element-ceab137 elementor-widget elementor-widget-text-editor\" data-id=\"ceab137\" data-element_type=\"widget\" data-e-type=\"widget\" data-widget_type=\"text-editor.default\">\n\t\t\t\t<div class=\"elementor-widget-container\">\n\t\t\t\t\t\t\t\t\t<p><a href=\"https:\/\/youtu.be\/cqs1lG99WeA\" target=\"_blank\" rel=\"noopener\">Lyssna p\u00e5 YouTube<\/a><\/p>\t\t\t\t\t\t\t\t<\/div>\n\t\t\t\t<\/div>\n\t\t\t\t\t<\/div>\n\t\t<\/div>\n\t\t\t\t\t<\/div>\n\t\t<\/section>\n\t\t\t\t<section class=\"elementor-section elementor-top-section elementor-element elementor-element-d051609 elementor-section-boxed elementor-section-height-default elementor-section-height-default\" data-id=\"d051609\" data-element_type=\"section\" data-e-type=\"section\">\n\t\t\t\t\t\t<div class=\"elementor-container elementor-column-gap-default\">\n\t\t\t\t\t<div class=\"elementor-column elementor-col-100 elementor-top-column elementor-element elementor-element-13cc168\" data-id=\"13cc168\" data-element_type=\"column\" data-e-type=\"column\">\n\t\t\t<div class=\"elementor-widget-wrap elementor-element-populated\">\n\t\t\t\t\t\t<div class=\"elementor-element elementor-element-b43b3ee elementor-widget elementor-widget-heading\" data-id=\"b43b3ee\" data-element_type=\"widget\" data-e-type=\"widget\" data-widget_type=\"heading.default\">\n\t\t\t\t<div class=\"elementor-widget-container\">\n\t\t\t\t\t<h2 class=\"elementor-heading-title elementor-size-default\">Utskrift (automatiskt \u00f6versatt)<\/h2>\t\t\t\t<\/div>\n\t\t\t\t<\/div>\n\t\t\t\t\t<\/div>\n\t\t<\/div>\n\t\t\t\t\t<\/div>\n\t\t<\/section>\n\t\t\t\t<section class=\"elementor-section elementor-top-section elementor-element elementor-element-474427c elementor-section-boxed elementor-section-height-default elementor-section-height-default\" data-id=\"474427c\" data-element_type=\"section\" data-e-type=\"section\">\n\t\t\t\t\t\t<div class=\"elementor-container elementor-column-gap-default\">\n\t\t\t\t\t<div class=\"elementor-column elementor-col-100 elementor-top-column elementor-element elementor-element-6041f12\" data-id=\"6041f12\" data-element_type=\"column\" data-e-type=\"column\">\n\t\t\t<div class=\"elementor-widget-wrap elementor-element-populated\">\n\t\t\t\t\t\t\t<\/div>\n\t\t<\/div>\n\t\t\t\t\t<\/div>\n\t\t<\/section>\n\t\t\t\t<\/div>","protected":false},"excerpt":{"rendered":"<p>Mit Peter Rettenmund sprechen wir \u00fcber sensationelle Anbaumethoden, die Obst und Gem\u00fcse um ein Vielfaches gr\u00f6\u00dfer ges\u00fcnder und kr\u00e4ftiger werden lassen \u2013 und dies in exzellenter biologischer Qualit\u00e4t. Der Menschheitstraum, dass sich alle Menschen weltweit gesund ern\u00e4hren k\u00f6nnen, r\u00fcckt damit in greifbare N\u00e4he. [53:02]<\/p>\n","protected":false},"author":12,"featured_media":4075,"comment_status":"closed","ping_status":"closed","sticky":false,"template":"","format":"standard","meta":{"footnotes":""},"categories":[19],"tags":[16],"class_list":["post-4132","post","type-post","status-publish","format-standard","has-post-thumbnail","hentry","category-podcast","tag-grundeinkommen"],"yoast_head":"<!-- This site is optimized with the Yoast SEO plugin v27.5 - https:\/\/yoast.com\/product\/yoast-seo-wordpress\/ -->\n<title>Great Cooperation: Elektrokultur sichert Weltern\u00e4hrung in Bioqualit\u00e4t - Gradido<\/title>\n<meta name=\"robots\" content=\"index, follow, max-snippet:-1, max-image-preview:large, max-video-preview:-1\" \/>\n<link rel=\"canonical\" href=\"https:\/\/gradido.net\/sv\/episode-43\/\" \/>\n<meta property=\"og:locale\" content=\"sv_SE\" \/>\n<meta property=\"og:type\" content=\"article\" \/>\n<meta property=\"og:title\" content=\"Great Cooperation: Elektrokultur sichert Weltern\u00e4hrung in Bioqualit\u00e4t - Gradido\" \/>\n<meta property=\"og:description\" content=\"Mit Peter Rettenmund sprechen wir \u00fcber sensationelle Anbaumethoden, die Obst und Gem\u00fcse um ein Vielfaches gr\u00f6\u00dfer ges\u00fcnder und kr\u00e4ftiger werden lassen \u2013 und dies in exzellenter biologischer Qualit\u00e4t. Der Menschheitstraum, dass sich alle Menschen weltweit gesund ern\u00e4hren k\u00f6nnen, r\u00fcckt damit in greifbare N\u00e4he. [53:02]\" \/>\n<meta property=\"og:url\" content=\"https:\/\/gradido.net\/sv\/episode-43\/\" \/>\n<meta property=\"og:site_name\" content=\"Gradido\" \/>\n<meta property=\"article:published_time\" content=\"2022-04-02T07:00:01+00:00\" \/>\n<meta property=\"og:image\" content=\"https:\/\/gradido.net\/wp-content\/uploads\/2022\/03\/podcast_www_rettenmund-1.jpg\" \/>\n\t<meta property=\"og:image:width\" content=\"700\" \/>\n\t<meta property=\"og:image:height\" content=\"475\" \/>\n\t<meta property=\"og:image:type\" content=\"image\/jpeg\" \/>\n<meta name=\"author\" content=\"Philipp Kessler\" \/>\n<meta name=\"twitter:card\" content=\"summary_large_image\" \/>\n<meta name=\"twitter:label1\" content=\"Skriven av\" \/>\n\t<meta name=\"twitter:data1\" content=\"Philipp Kessler\" \/>\n\t<meta name=\"twitter:label2\" content=\"Ber\u00e4knad l\u00e4stid\" \/>\n\t<meta name=\"twitter:data2\" content=\"2 minuter\" \/>\n<script type=\"application\/ld+json\" class=\"yoast-schema-graph\">{\"@context\":\"https:\\\/\\\/schema.org\",\"@graph\":[{\"@type\":\"Article\",\"@id\":\"https:\\\/\\\/gradido.net\\\/sk\\\/episode-43\\\/#article\",\"isPartOf\":{\"@id\":\"https:\\\/\\\/gradido.net\\\/sk\\\/episode-43\\\/\"},\"author\":{\"name\":\"Philipp Kessler\",\"@id\":\"https:\\\/\\\/gradido.net\\\/de\\\/#\\\/schema\\\/person\\\/f57399104ec77f2a2d5a68f479b0492f\"},\"headline\":\"Great Cooperation: Elektrokultur sichert Weltern\u00e4hrung in Bioqualit\u00e4t\",\"datePublished\":\"2022-04-02T07:00:01+00:00\",\"mainEntityOfPage\":{\"@id\":\"https:\\\/\\\/gradido.net\\\/sk\\\/episode-43\\\/\"},\"wordCount\":403,\"publisher\":{\"@id\":\"https:\\\/\\\/gradido.net\\\/de\\\/#organization\"},\"image\":{\"@id\":\"https:\\\/\\\/gradido.net\\\/sk\\\/episode-43\\\/#primaryimage\"},\"thumbnailUrl\":\"https:\\\/\\\/gradido.net\\\/wp-content\\\/uploads\\\/2022\\\/03\\\/podcast_www_rettenmund-1.jpg\",\"keywords\":[\"Grundeinkommen\"],\"articleSection\":[\"Podcast\"],\"inLanguage\":\"sv-SE\"},{\"@type\":\"WebPage\",\"@id\":\"https:\\\/\\\/gradido.net\\\/sk\\\/episode-43\\\/\",\"url\":\"https:\\\/\\\/gradido.net\\\/sk\\\/episode-43\\\/\",\"name\":\"Great Cooperation: Elektrokultur sichert Weltern\u00e4hrung in Bioqualit\u00e4t - Gradido\",\"isPartOf\":{\"@id\":\"https:\\\/\\\/gradido.net\\\/de\\\/#website\"},\"primaryImageOfPage\":{\"@id\":\"https:\\\/\\\/gradido.net\\\/sk\\\/episode-43\\\/#primaryimage\"},\"image\":{\"@id\":\"https:\\\/\\\/gradido.net\\\/sk\\\/episode-43\\\/#primaryimage\"},\"thumbnailUrl\":\"https:\\\/\\\/gradido.net\\\/wp-content\\\/uploads\\\/2022\\\/03\\\/podcast_www_rettenmund-1.jpg\",\"datePublished\":\"2022-04-02T07:00:01+00:00\",\"breadcrumb\":{\"@id\":\"https:\\\/\\\/gradido.net\\\/sk\\\/episode-43\\\/#breadcrumb\"},\"inLanguage\":\"sv-SE\",\"potentialAction\":[{\"@type\":\"ReadAction\",\"target\":[\"https:\\\/\\\/gradido.net\\\/sk\\\/episode-43\\\/\"]}]},{\"@type\":\"ImageObject\",\"inLanguage\":\"sv-SE\",\"@id\":\"https:\\\/\\\/gradido.net\\\/sk\\\/episode-43\\\/#primaryimage\",\"url\":\"https:\\\/\\\/gradido.net\\\/wp-content\\\/uploads\\\/2022\\\/03\\\/podcast_www_rettenmund-1.jpg\",\"contentUrl\":\"https:\\\/\\\/gradido.net\\\/wp-content\\\/uploads\\\/2022\\\/03\\\/podcast_www_rettenmund-1.jpg\",\"width\":700,\"height\":475},{\"@type\":\"BreadcrumbList\",\"@id\":\"https:\\\/\\\/gradido.net\\\/sk\\\/episode-43\\\/#breadcrumb\",\"itemListElement\":[{\"@type\":\"ListItem\",\"position\":1,\"name\":\"Startseite\",\"item\":\"https:\\\/\\\/gradido.net\\\/\"},{\"@type\":\"ListItem\",\"position\":2,\"name\":\"Great Cooperation: Elektrokultur sichert Weltern\u00e4hrung in Bioqualit\u00e4t\"}]},{\"@type\":\"WebSite\",\"@id\":\"https:\\\/\\\/gradido.net\\\/de\\\/#website\",\"url\":\"https:\\\/\\\/gradido.net\\\/de\\\/\",\"name\":\"Gradido\",\"description\":\"Die neue W\u00e4hrung hei\u00dft Dankbarkeit\",\"publisher\":{\"@id\":\"https:\\\/\\\/gradido.net\\\/de\\\/#organization\"},\"potentialAction\":[{\"@type\":\"SearchAction\",\"target\":{\"@type\":\"EntryPoint\",\"urlTemplate\":\"https:\\\/\\\/gradido.net\\\/de\\\/?s={search_term_string}\"},\"query-input\":{\"@type\":\"PropertyValueSpecification\",\"valueRequired\":true,\"valueName\":\"search_term_string\"}}],\"inLanguage\":\"sv-SE\"},{\"@type\":\"Organization\",\"@id\":\"https:\\\/\\\/gradido.net\\\/de\\\/#organization\",\"name\":\"Gradido\",\"url\":\"https:\\\/\\\/gradido.net\\\/de\\\/\",\"logo\":{\"@type\":\"ImageObject\",\"inLanguage\":\"sv-SE\",\"@id\":\"https:\\\/\\\/gradido.net\\\/de\\\/#\\\/schema\\\/logo\\\/image\\\/\",\"url\":\"https:\\\/\\\/gradido.net\\\/wp-content\\\/uploads\\\/2022\\\/04\\\/gradido-social.jpg\",\"contentUrl\":\"https:\\\/\\\/gradido.net\\\/wp-content\\\/uploads\\\/2022\\\/04\\\/gradido-social.jpg\",\"width\":527,\"height\":273,\"caption\":\"Gradido\"},\"image\":{\"@id\":\"https:\\\/\\\/gradido.net\\\/de\\\/#\\\/schema\\\/logo\\\/image\\\/\"}},{\"@type\":\"Person\",\"@id\":\"https:\\\/\\\/gradido.net\\\/de\\\/#\\\/schema\\\/person\\\/f57399104ec77f2a2d5a68f479b0492f\",\"name\":\"Philipp Kessler\",\"url\":\"https:\\\/\\\/gradido.net\\\/sv\\\/author\\\/philipp\\\/\"}]}<\/script>\n<!-- \/ Yoast SEO plugin. -->","yoast_head_json":{"title":"Bra samarbete: Elektrokultur s\u00e4krar v\u00e4rldslivsmedel i ekologisk kvalitet - Gradido","robots":{"index":"index","follow":"follow","max-snippet":"max-snippet:-1","max-image-preview":"max-image-preview:large","max-video-preview":"max-video-preview:-1"},"canonical":"https:\/\/gradido.net\/sv\/episode-43\/","og_locale":"sv_SE","og_type":"article","og_title":"Great Cooperation: Elektrokultur sichert Weltern\u00e4hrung in Bioqualit\u00e4t - Gradido","og_description":"Mit Peter Rettenmund sprechen wir \u00fcber sensationelle Anbaumethoden, die Obst und Gem\u00fcse um ein Vielfaches gr\u00f6\u00dfer ges\u00fcnder und kr\u00e4ftiger werden lassen \u2013 und dies in exzellenter biologischer Qualit\u00e4t. Der Menschheitstraum, dass sich alle Menschen weltweit gesund ern\u00e4hren k\u00f6nnen, r\u00fcckt damit in greifbare N\u00e4he. [53:02]","og_url":"https:\/\/gradido.net\/sv\/episode-43\/","og_site_name":"Gradido","article_published_time":"2022-04-02T07:00:01+00:00","og_image":[{"width":700,"height":475,"url":"https:\/\/gradido.net\/wp-content\/uploads\/2022\/03\/podcast_www_rettenmund-1.jpg","type":"image\/jpeg"}],"author":"Philipp Kessler","twitter_card":"summary_large_image","twitter_misc":{"Skriven av":"Philipp Kessler","Ber\u00e4knad l\u00e4stid":"2 minuter"},"schema":{"@context":"https:\/\/schema.org","@graph":[{"@type":"Article","@id":"https:\/\/gradido.net\/sk\/episode-43\/#article","isPartOf":{"@id":"https:\/\/gradido.net\/sk\/episode-43\/"},"author":{"name":"Philipp Kessler","@id":"https:\/\/gradido.net\/de\/#\/schema\/person\/f57399104ec77f2a2d5a68f479b0492f"},"headline":"Great Cooperation: Elektrokultur sichert Weltern\u00e4hrung in Bioqualit\u00e4t","datePublished":"2022-04-02T07:00:01+00:00","mainEntityOfPage":{"@id":"https:\/\/gradido.net\/sk\/episode-43\/"},"wordCount":403,"publisher":{"@id":"https:\/\/gradido.net\/de\/#organization"},"image":{"@id":"https:\/\/gradido.net\/sk\/episode-43\/#primaryimage"},"thumbnailUrl":"https:\/\/gradido.net\/wp-content\/uploads\/2022\/03\/podcast_www_rettenmund-1.jpg","keywords":["Grundeinkommen"],"articleSection":["Podcast"],"inLanguage":"sv-SE"},{"@type":"WebPage","@id":"https:\/\/gradido.net\/sk\/episode-43\/","url":"https:\/\/gradido.net\/sk\/episode-43\/","name":"Bra samarbete: Elektrokultur s\u00e4krar v\u00e4rldslivsmedel i ekologisk kvalitet - Gradido","isPartOf":{"@id":"https:\/\/gradido.net\/de\/#website"},"primaryImageOfPage":{"@id":"https:\/\/gradido.net\/sk\/episode-43\/#primaryimage"},"image":{"@id":"https:\/\/gradido.net\/sk\/episode-43\/#primaryimage"},"thumbnailUrl":"https:\/\/gradido.net\/wp-content\/uploads\/2022\/03\/podcast_www_rettenmund-1.jpg","datePublished":"2022-04-02T07:00:01+00:00","breadcrumb":{"@id":"https:\/\/gradido.net\/sk\/episode-43\/#breadcrumb"},"inLanguage":"sv-SE","potentialAction":[{"@type":"ReadAction","target":["https:\/\/gradido.net\/sk\/episode-43\/"]}]},{"@type":"ImageObject","inLanguage":"sv-SE","@id":"https:\/\/gradido.net\/sk\/episode-43\/#primaryimage","url":"https:\/\/gradido.net\/wp-content\/uploads\/2022\/03\/podcast_www_rettenmund-1.jpg","contentUrl":"https:\/\/gradido.net\/wp-content\/uploads\/2022\/03\/podcast_www_rettenmund-1.jpg","width":700,"height":475},{"@type":"BreadcrumbList","@id":"https:\/\/gradido.net\/sk\/episode-43\/#breadcrumb","itemListElement":[{"@type":"ListItem","position":1,"name":"Startseite","item":"https:\/\/gradido.net\/"},{"@type":"ListItem","position":2,"name":"Great Cooperation: Elektrokultur sichert Weltern\u00e4hrung in Bioqualit\u00e4t"}]},{"@type":"WebSite","@id":"https:\/\/gradido.net\/de\/#website","url":"https:\/\/gradido.net\/de\/","name":"Gradido","description":"Den nya valutan \u00e4r tacksamhet","publisher":{"@id":"https:\/\/gradido.net\/de\/#organization"},"potentialAction":[{"@type":"SearchAction","target":{"@type":"EntryPoint","urlTemplate":"https:\/\/gradido.net\/de\/?s={search_term_string}"},"query-input":{"@type":"PropertyValueSpecification","valueRequired":true,"valueName":"search_term_string"}}],"inLanguage":"sv-SE"},{"@type":"Organization","@id":"https:\/\/gradido.net\/de\/#organization","name":"Gradido","url":"https:\/\/gradido.net\/de\/","logo":{"@type":"ImageObject","inLanguage":"sv-SE","@id":"https:\/\/gradido.net\/de\/#\/schema\/logo\/image\/","url":"https:\/\/gradido.net\/wp-content\/uploads\/2022\/04\/gradido-social.jpg","contentUrl":"https:\/\/gradido.net\/wp-content\/uploads\/2022\/04\/gradido-social.jpg","width":527,"height":273,"caption":"Gradido"},"image":{"@id":"https:\/\/gradido.net\/de\/#\/schema\/logo\/image\/"}},{"@type":"Person","@id":"https:\/\/gradido.net\/de\/#\/schema\/person\/f57399104ec77f2a2d5a68f479b0492f","name":"Philipp Kessler","url":"https:\/\/gradido.net\/sv\/author\/philipp\/"}]}},"_links":{"self":[{"href":"https:\/\/gradido.net\/sv\/wp-json\/wp\/v2\/posts\/4132","targetHints":{"allow":["GET"]}}],"collection":[{"href":"https:\/\/gradido.net\/sv\/wp-json\/wp\/v2\/posts"}],"about":[{"href":"https:\/\/gradido.net\/sv\/wp-json\/wp\/v2\/types\/post"}],"author":[{"embeddable":true,"href":"https:\/\/gradido.net\/sv\/wp-json\/wp\/v2\/users\/12"}],"replies":[{"embeddable":true,"href":"https:\/\/gradido.net\/sv\/wp-json\/wp\/v2\/comments?post=4132"}],"version-history":[{"count":14,"href":"https:\/\/gradido.net\/sv\/wp-json\/wp\/v2\/posts\/4132\/revisions"}],"predecessor-version":[{"id":4155,"href":"https:\/\/gradido.net\/sv\/wp-json\/wp\/v2\/posts\/4132\/revisions\/4155"}],"wp:featuredmedia":[{"embeddable":true,"href":"https:\/\/gradido.net\/sv\/wp-json\/wp\/v2\/media\/4075"}],"wp:attachment":[{"href":"https:\/\/gradido.net\/sv\/wp-json\/wp\/v2\/media?parent=4132"}],"wp:term":[{"taxonomy":"category","embeddable":true,"href":"https:\/\/gradido.net\/sv\/wp-json\/wp\/v2\/categories?post=4132"},{"taxonomy":"post_tag","embeddable":true,"href":"https:\/\/gradido.net\/sv\/wp-json\/wp\/v2\/tags?post=4132"}],"curies":[{"name":"wp","href":"https:\/\/api.w.org\/{rel}","templated":true}]}}