{"id":4228,"date":"2022-04-24T10:55:31","date_gmt":"2022-04-24T08:55:31","guid":{"rendered":"https:\/\/gradido.net\/?p=4228"},"modified":"2026-04-24T08:21:44","modified_gmt":"2026-04-24T06:21:44","slug":"gradido-link-erfahrungen-und-textvorschlaege","status":"publish","type":"post","link":"https:\/\/gradido.net\/sv\/gradido-link-erfahrungen-und-textvorschlaege\/","title":{"rendered":"Gradido Link - Erfarenheter och textf\u00f6rslag"},"content":{"rendered":"<div data-elementor-type=\"wp-post\" data-elementor-id=\"4228\" class=\"elementor elementor-4228\" data-elementor-post-type=\"post\">\n\t\t\t\t\t\t<section class=\"elementor-section elementor-top-section elementor-element elementor-element-496e1d53 elementor-section-boxed elementor-section-height-default elementor-section-height-default\" data-id=\"496e1d53\" data-element_type=\"section\" data-e-type=\"section\">\n\t\t\t\t\t\t<div class=\"elementor-container elementor-column-gap-default\">\n\t\t\t\t\t<div class=\"elementor-column elementor-col-100 elementor-top-column elementor-element elementor-element-461d7be0\" data-id=\"461d7be0\" data-element_type=\"column\" data-e-type=\"column\">\n\t\t\t<div class=\"elementor-widget-wrap elementor-element-populated\">\n\t\t\t\t\t\t<div class=\"elementor-element elementor-element-cd9ebe2 elementor-widget elementor-widget-text-editor\" data-id=\"cd9ebe2\" data-element_type=\"widget\" data-e-type=\"widget\" data-widget_type=\"text-editor.default\">\n\t\t\t\t<div class=\"elementor-widget-container\">\n\t\t\t\t\t\t\t\t\t<blockquote><p style=\"text-align: right;\"><em>\"Tacksamma m\u00e4nniskor \u00e4r som b\u00f6rdiga f\u00e4lt. <\/em><br \/><em>De ger tillbaka tio g\u00e5nger mer \u00e4n vad de har f\u00e5tt.\" <\/em><br \/><em>- August von Kotzebue<\/em><\/p><\/blockquote><p>K\u00e4ra l\u00e4sare,<\/p><p>Har du redan provat den nya Gradido-l\u00e4nken och skickat Gradidos till andra via l\u00e4nken? Fungerade det lika bra som f\u00f6r oss, eller fanns det tekniska problem? Syftet med denna inl\u00f6sningsl\u00e4nk \u00e4r att skicka Gradidos till alla och p\u00e5 s\u00e5 s\u00e4tt enkelt sprida det nya penningsystemet som bygger p\u00e5 tacksamhet och uppskattning, s\u00e5 att den m\u00e4nskliga familjen snart kan njuta av v\u00e4rldsomsp\u00e4nnande v\u00e4lst\u00e5nd och fred i harmoni med naturen.<\/p><p>Men vem skickar vi Gradidos till och vad skriver vi om det? Hur hanterar vi v\u00e5ra h\u00e4mningar? Vad g\u00f6r vi om mottagaren reagerar ov\u00e4nligt eller inte alls? \u00c5 ena sidan vill vi inte g\u00e5 n\u00e5gon p\u00e5 nerverna, \u00e5 andra sidan \u00e4r det helt viktigt att Gradido kommer till v\u00e4rlden.<\/p><h2>Bra f\u00f6r alla inblandade<\/h2><p>\u00c4ven vi p\u00e5 Gradido Academy st\u00e4lldes till en b\u00f6rjan inf\u00f6r detta dilemma. S\u00e5 f\u00f6r tillf\u00e4llet skickade vi bara Gradidos via l\u00e4nk till n\u00e5gra personer som vi k\u00e4nde v\u00e4l och som vi var ganska s\u00e4kra p\u00e5 skulle bli glada \u00f6ver det. Vi fr\u00e5gade oss sj\u00e4lva vad vi verkligen var tacksamma f\u00f6r och f\u00f6rs\u00f6kte uttrycka detta. Sedan uppm\u00e4rksammade vi reaktionerna och k\u00e4nde empati f\u00f6r de andra. Vem reagerar p\u00e5 vilket s\u00e4tt och vilka \u00e4r de m\u00f6jliga orsakerna till detta? Hur kan vi reagera p\u00e5 ett s\u00e4tt som \u00e4r bra f\u00f6r alla inblandade? F\u00f6r att g\u00f6ra det s\u00e5 enkelt som m\u00f6jligt f\u00f6r dig har vi skrivit ner v\u00e5ra erfarenheter, systematiserat dem och tagit fram f\u00f6rslag p\u00e5 texter f\u00f6r de olika fallen. Anpassa dem g\u00e4rna efter dina \u00f6nskem\u00e5l och id\u00e9er.<\/p><h3>L\u00e4nktexten<\/h3><p>Med l\u00e4nktext menas den text som du anger p\u00e5 Gradido-kontot n\u00e4r du skapar l\u00e4nken och som senare visas i transaktionslistan. Det b\u00f6r till exempel st\u00e5 vem l\u00e4nken \u00e4r till och vad du tackar dem f\u00f6r:<\/p><p><strong>F\u00f6r ..., tack f\u00f6r att du gjorde ...! Det gjorde mig v\u00e4ldigt glad \ud83d\ude42<\/strong><\/p><h3>Den \u00e5tf\u00f6ljande texten<\/h3><p>Om du vill f\u00f6rs\u00e4kra dig om att mottagaren vet vad du pratar om n\u00e4r du skickar en l\u00e4nk via e-post eller Telegram &amp; Co, kan du l\u00e4gga till n\u00e5gra f\u00f6rklarande ord:<\/p><p><strong>K\u00e4ra ..., tack s\u00e5 mycket f\u00f6r att du gjorde ...! Jag var mycket n\u00f6jd. Som tack vill jag skicka er Gradidos. F\u00f6r att l\u00f6sa in dem, klicka p\u00e5 l\u00e4nken:<\/strong><\/p><h2>M\u00f6jliga reaktioner och svarstexter<\/h2><p>Vissa mottagare l\u00f6ser in l\u00e4nken direkt. Detta \u00e4r s\u00e5 att s\u00e4ga idealfallet. Du erbjuder dig att h\u00e5lla kontakten och hj\u00e4lpa dem att hantera Gradido (fall 6). I v\u00e5rt fall var det dock bara omkring 20%. Vi har delat upp de andra reaktionerna i ytterligare fem fall. Vi f\u00f6resl\u00e5r hur du b\u00e4st kan reagera.<\/p><h3>Fall 1: Ingen reaktion<\/h3><p>Vanligtvis h\u00e4nder ingenting till en b\u00f6rjan. Det \u00e4r inte illvilja. Tv\u00e4rtom: din mottagare har mycket att g\u00f6ra och din Gradido-l\u00e4nk gl\u00f6ms bort.<\/p><p>Du skriver bara en liten p\u00e5minnelse. F\u00f6ljande text har fungerat bra f\u00f6r oss:<\/p><p><strong>K\u00e4ra..., s\u00e5g du l\u00e4nken som jag skickade till dig f\u00f6r att skicka Gradidos till dig? Om du vill l\u00f6sa in den kan du klicka p\u00e5 den f\u00f6r att kreditera den p\u00e5 ditt Gradido-konto. Om du \u00e4nnu inte har ett Gradido-konto kan du snabbt registrera ett. Gradido \u00e4r gratis. Om du har n\u00e5gra fr\u00e5gor om Gradido kan du kontakta mig. Din l\u00e4nk \u00e4r giltig till och med ...<\/strong><\/p><h3>Fall 2: Din mottagare tackar dig men l\u00f6ser inte in l\u00e4nken.<\/h3><p>Det kan ha m\u00e5nga orsaker. Han kanske inte inser att han m\u00e5ste l\u00f6sa in l\u00e4nken inom en kort tidsperiod. Kanske vill han ta reda p\u00e5 mer innan han registrerar sig. Eller s\u00e5 har han redan ett Gradido-konto, men k\u00e4nner inte till \u00e5tkomstuppgifterna. Eller s\u00e5 vill han fortfarande g\u00f6ra ett sponsringsbidrag och sedan \"verkligen\" g\u00e5 med.<\/p><p>Du tackar dem f\u00f6r deras feedback och p\u00e5minner dem om tidsfristen:<\/p><p><strong>K\u00e4ra..., tack s\u00e5 mycket f\u00f6r din fina feedback! Jag \u00e4r mycket n\u00f6jd. Gl\u00f6m inte att l\u00f6sa in l\u00e4nken i tid. Den \u00e4r fortfarande giltig fram till ...<\/strong><\/p><h3>Fall 3: Din mottagare fr\u00e5gar vad det \u00e4r.<\/h3><p>M\u00e5nga k\u00e4nner inte till Gradido \u00e4nnu och vill veta vad det \u00e4r f\u00f6rst.<\/p><p>Du f\u00f6rklarar till exempel:<\/p><p><strong>K\u00e4ra..., tack f\u00f6r att du fr\u00e5gar! Gradidos \u00e4r tacksamhetspunkter. Med Gradido vill vi skapa mer tacksamhet och uppskattning i v\u00e4rlden genom att visa andra m\u00e4nniskor vad vi tycker om dem och vad vi \u00e4r tacksamma f\u00f6r. Det skulle vara trevligt om tacksamhet blev framtidens valuta. D\u00e5 kommer alla i v\u00e4rlden att f\u00e5 det b\u00e4ttre och jorden kommer att bli en vackrare och fredligare plats att leva p\u00e5.<\/strong><\/p><h3>Case4: Din motpart fr\u00e5gar vad han eller hon kan g\u00f6ra med Gradidos.<\/h3><p>M\u00e5nga fr\u00e5gar sig om f\u00f6rdelarna: \"Vad f\u00e5r jag ut av det?\". Det \u00e4r ocks\u00e5 helt normalt.<\/p><p>Du svarar:<\/p><p><strong>K\u00e4ra..., tack f\u00f6r att du fr\u00e5gar! \u00c5 ena sidan kan du uttrycka din tacksamhet och uppskattning till andra m\u00e4nniskor, precis som du kan ge blommor p\u00e5 Alla hj\u00e4rtans dag eller mors dag f\u00f6r att visa din tacksamhet. Den enda skillnaden \u00e4r att du med Gradido kan tacka alla alltid och n\u00e4r som helst och att Gradido inte kostar n\u00e5gonting. \u00c5 andra sidan bildar vi ocks\u00e5 gemenskaper d\u00e4r vi hj\u00e4lper varandra och tackar varandra med Gradidos. Det finns redan marknadsplatser och aff\u00e4rer d\u00e4r saker och ting erbjuds med Gradido-rabatter. P\u00e5 s\u00e5 s\u00e4tt skapar vi ett nytt s\u00e4tt att g\u00f6ra aff\u00e4rer med varandra som bygger p\u00e5 k\u00e4rlek, uppskattning och tacksamhet. Skulle du vilja ha en s\u00e5dan v\u00e4rld?<\/strong><\/p><h3>Fall 5: Din mottagare g\u00f6r en neds\u00e4ttande kommentar eller avvisar dig.<\/h3><p>Det \u00e4r inte alla som \u00e4r \u00f6ppna f\u00f6r Gradido just nu. Ofta f\u00f6rkastar vi ocks\u00e5 n\u00e5got nytt och obekant till en b\u00f6rjan. N\u00e4r vi sedan h\u00f6r om det oftare blir det mer bekant f\u00f6r oss och l\u00e5ter inte l\u00e4ngre s\u00e5 konstigt. Och s\u00e5 sm\u00e5ningom kanske vi till och med tycker att det \u00e4r bra.<\/p><p>Du visar f\u00f6rst\u00e5else och ger tid:<\/p><p><strong>K\u00e4ra ..., jag f\u00f6rst\u00e5r det mycket v\u00e4l. Lyckligtvis \u00e4r vi m\u00e4nniskor olika. Jag, till exempel, tycker att det \u00e4r roligt att ge g\u00e5vor och att tacka. Kanske kommer det att passa dig b\u00e4ttre senare.<\/strong><\/p><h3>Fall 6: L\u00e4nken har l\u00f6sts in - Erbjud din hj\u00e4lp<\/h3><p>Bra, du har f\u00e5tt en ny v\u00e4n i ditt Gradido-n\u00e4tverk! Nu \u00e4r det viktigt att h\u00e5lla kontakten och erbjuda hj\u00e4lp med Gradido. Eftersom du nu ocks\u00e5 \u00e4r ansluten till honom eller henne via Gradido-kontot \u00e4r det en bra id\u00e9 att anv\u00e4nda svarsfunktionen: klicka p\u00e5 hans eller hennes namn och skicka n\u00e5gra fler Gradidos till honom eller henne. Ofta \u00e4r mottagaren mycket tacksam f\u00f6r din hj\u00e4lp.<\/p><p>Anv\u00e4nd svarsfunktionen p\u00e5 Gradido-kontot f\u00f6r att tacka fler Gradidos:<\/p><p><strong>K\u00e4ra..., tack f\u00f6r att ni tog emot mina Gradidos! Nu \u00e4r vi ocks\u00e5 anslutna via Gradido-kontot. Om du har n\u00e5gra fr\u00e5gor eller vill ha st\u00f6d f\u00f6r att hantera Gradido \u00e4r du v\u00e4lkommen att h\u00f6ra av dig, jag hj\u00e4lper g\u00e4rna till \ud83d\ude42 .<\/strong><\/p><h2>Bepr\u00f6vade texter: snabba och s\u00e4kra<\/h2><p>Vi har testat och f\u00f6rfinat texterna under de senaste veckorna. Vi har haft de b\u00e4sta erfarenheterna av dem och anv\u00e4nder dem nu som mallar, som vi vanligtvis anpassar lite grann. Detta fungerar utm\u00e4rkt och sparar tid, s\u00e5 att vi kan skicka en eller flera Gradido-l\u00e4nkar varje dag och \u00e4ven f\u00f6lja upp dem. P\u00e5 detta s\u00e4tt f\u00e5r vi nu cirka 60% av l\u00e4nkarna inl\u00f6sta. Det \u00e4r verkligen roligt och vi f\u00e5r kontakt med nya fantastiska m\u00e4nniskor.<\/p><h2>Ge dig sj\u00e4lv och andra gl\u00e4djen<\/h2><p>Vi inbjuder dig att anv\u00e4nda Gradido-l\u00e4nken tillsammans med textmallarna f\u00f6r att ut\u00f6ka ditt v\u00e4nskapsn\u00e4tverk, sprida ordet om Gradido och dela Gradidos med dina v\u00e4nner. Njut av den goda k\u00e4nslan av tacksamhet och skicka ditt tack till en person varje dag! Det \u00e4r verkligen s\u00e5 enkelt, det \u00e4r gratis och det ger gl\u00e4dje \u00e5t alla inblandade. Varje dag som du inte g\u00f6r det \u00e4r f\u00f6rlorad i det avseendet.<\/p><p>Tillsammans skapar vi en ny livskvalitet f\u00f6r alla: precis som stenar som vi kastar i vattnet bildar cirkul\u00e4ra v\u00e5gor, skapar vi \"tacksamhetsv\u00e5gor\" som \u00f6verlappar, f\u00f6rst\u00e4rker och h\u00f6jer energin p\u00e5 jorden. Tillsammans g\u00f6r vi tacksamhet till den nya valutan f\u00f6r globalt v\u00e4lst\u00e5nd och fred i harmoni med naturen - f\u00f6r v\u00e5r egen och v\u00e4rldens barns skull.<\/p><p>Tusen tack f\u00f6r att du \u00e4r med oss, och med v\u00e4nliga h\u00e4lsningar.<\/p><p>Din<\/p><p><img decoding=\"async\" class=\"alignnone wp-image-4614 size-medium\" src=\"https:\/\/gradido.net\/wp-content\/uploads\/2022\/06\/MargretBernd_2022-300x74.png\" alt=\"\" width=\"300\" height=\"74\" srcset=\"https:\/\/gradido.net\/wp-content\/uploads\/2022\/06\/MargretBernd_2022-300x74.png 300w, https:\/\/gradido.net\/wp-content\/uploads\/2022\/06\/MargretBernd_2022-18x4.png 18w, https:\/\/gradido.net\/wp-content\/uploads\/2022\/06\/MargretBernd_2022.png 431w\" sizes=\"(max-width: 300px) 100vw, 300px\" \/><\/p><p>Margret Baier och Bernd H\u00fcckst\u00e4dt<br \/>Gradidos grundare och utvecklare<\/p>\t\t\t\t\t\t\t\t<\/div>\n\t\t\t\t<\/div>\n\t\t\t\t\t<\/div>\n\t\t<\/div>\n\t\t\t\t\t<\/div>\n\t\t<\/section>\n\t\t\t\t<\/div>","protected":false},"excerpt":{"rendered":"<p>F\u00f6r att g\u00f6ra det s\u00e5 enkelt som m\u00f6jligt f\u00f6r dig har vi f\u00f6rberett textf\u00f6rslag f\u00f6r de olika fallen. Anpassa dem g\u00e4rna efter dina \u00f6nskem\u00e5l och id\u00e9er.<\/p>","protected":false},"author":2,"featured_media":4231,"comment_status":"closed","ping_status":"closed","sticky":false,"template":"","format":"standard","meta":{"footnotes":""},"categories":[11,54,55],"tags":[],"class_list":["post-4228","post","type-post","status-publish","format-standard","has-post-thumbnail","hentry","category-blog","category-community","category-gradido-konto"],"yoast_head":"<!-- This site is optimized with the Yoast SEO plugin v27.5 - https:\/\/yoast.com\/product\/yoast-seo-wordpress\/ -->\n<title>Gradido-Link \u2013 Erfahrungen und Textvorschl\u00e4ge - Gradido<\/title>\n<meta name=\"robots\" content=\"index, follow, max-snippet:-1, max-image-preview:large, max-video-preview:-1\" \/>\n<link rel=\"canonical\" href=\"https:\/\/gradido.net\/sv\/gradido-link-erfahrungen-und-textvorschlaege\/\" \/>\n<meta property=\"og:locale\" content=\"sv_SE\" \/>\n<meta property=\"og:type\" content=\"article\" \/>\n<meta property=\"og:title\" content=\"Gradido-Link \u2013 Erfahrungen und Textvorschl\u00e4ge - Gradido\" \/>\n<meta property=\"og:description\" content=\"Um es Dir so leicht wie m\u00f6glich zu machen, haben wir Textvorschl\u00e4ge f\u00fcr die verschiedenen F\u00e4lle erarbeitet. F\u00fchle Dich frei, diese nach Deinen W\u00fcnschen und Vorstellungen anzupassen.\" \/>\n<meta property=\"og:url\" content=\"https:\/\/gradido.net\/sv\/gradido-link-erfahrungen-und-textvorschlaege\/\" \/>\n<meta property=\"og:site_name\" content=\"Gradido\" \/>\n<meta property=\"article:published_time\" content=\"2022-04-24T08:55:31+00:00\" \/>\n<meta property=\"article:modified_time\" content=\"2026-04-24T06:21:44+00:00\" \/>\n<meta property=\"og:image\" content=\"https:\/\/gradido.net\/wp-content\/uploads\/2022\/04\/DANKE-1.jpg\" \/>\n\t<meta property=\"og:image:width\" content=\"1600\" \/>\n\t<meta property=\"og:image:height\" content=\"708\" \/>\n\t<meta property=\"og:image:type\" content=\"image\/jpeg\" \/>\n<meta name=\"author\" content=\"Bernd H\u00fcckst\u00e4dt\" \/>\n<meta name=\"twitter:card\" content=\"summary_large_image\" \/>\n<meta name=\"twitter:label1\" content=\"Skriven av\" \/>\n\t<meta name=\"twitter:data1\" content=\"Bernd H\u00fcckst\u00e4dt\" \/>\n\t<meta name=\"twitter:label2\" content=\"Ber\u00e4knad l\u00e4stid\" \/>\n\t<meta name=\"twitter:data2\" content=\"8 minuter\" \/>\n<script type=\"application\/ld+json\" class=\"yoast-schema-graph\">{\"@context\":\"https:\\\/\\\/schema.org\",\"@graph\":[{\"@type\":\"Article\",\"@id\":\"https:\\\/\\\/gradido.net\\\/gradido-link-erfahrungen-und-textvorschlaege\\\/#article\",\"isPartOf\":{\"@id\":\"https:\\\/\\\/gradido.net\\\/gradido-link-erfahrungen-und-textvorschlaege\\\/\"},\"author\":{\"name\":\"Bernd H\u00fcckst\u00e4dt\",\"@id\":\"https:\\\/\\\/gradido.net\\\/de\\\/#\\\/schema\\\/person\\\/9c503a004ad15a1ddecadce2218db5d1\"},\"headline\":\"Gradido-Link \u2013 Erfahrungen und Textvorschl\u00e4ge\",\"datePublished\":\"2022-04-24T08:55:31+00:00\",\"dateModified\":\"2026-04-24T06:21:44+00:00\",\"mainEntityOfPage\":{\"@id\":\"https:\\\/\\\/gradido.net\\\/gradido-link-erfahrungen-und-textvorschlaege\\\/\"},\"wordCount\":1422,\"publisher\":{\"@id\":\"https:\\\/\\\/gradido.net\\\/de\\\/#organization\"},\"image\":{\"@id\":\"https:\\\/\\\/gradido.net\\\/gradido-link-erfahrungen-und-textvorschlaege\\\/#primaryimage\"},\"thumbnailUrl\":\"https:\\\/\\\/gradido.net\\\/wp-content\\\/uploads\\\/2022\\\/04\\\/DANKE-1.jpg\",\"articleSection\":[\"Blog\",\"Community\",\"Gradido-Konto\"],\"inLanguage\":\"sv-SE\"},{\"@type\":\"WebPage\",\"@id\":\"https:\\\/\\\/gradido.net\\\/gradido-link-erfahrungen-und-textvorschlaege\\\/\",\"url\":\"https:\\\/\\\/gradido.net\\\/gradido-link-erfahrungen-und-textvorschlaege\\\/\",\"name\":\"Gradido-Link \u2013 Erfahrungen und Textvorschl\u00e4ge - Gradido\",\"isPartOf\":{\"@id\":\"https:\\\/\\\/gradido.net\\\/de\\\/#website\"},\"primaryImageOfPage\":{\"@id\":\"https:\\\/\\\/gradido.net\\\/gradido-link-erfahrungen-und-textvorschlaege\\\/#primaryimage\"},\"image\":{\"@id\":\"https:\\\/\\\/gradido.net\\\/gradido-link-erfahrungen-und-textvorschlaege\\\/#primaryimage\"},\"thumbnailUrl\":\"https:\\\/\\\/gradido.net\\\/wp-content\\\/uploads\\\/2022\\\/04\\\/DANKE-1.jpg\",\"datePublished\":\"2022-04-24T08:55:31+00:00\",\"dateModified\":\"2026-04-24T06:21:44+00:00\",\"breadcrumb\":{\"@id\":\"https:\\\/\\\/gradido.net\\\/gradido-link-erfahrungen-und-textvorschlaege\\\/#breadcrumb\"},\"inLanguage\":\"sv-SE\",\"potentialAction\":[{\"@type\":\"ReadAction\",\"target\":[\"https:\\\/\\\/gradido.net\\\/gradido-link-erfahrungen-und-textvorschlaege\\\/\"]}]},{\"@type\":\"ImageObject\",\"inLanguage\":\"sv-SE\",\"@id\":\"https:\\\/\\\/gradido.net\\\/gradido-link-erfahrungen-und-textvorschlaege\\\/#primaryimage\",\"url\":\"https:\\\/\\\/gradido.net\\\/wp-content\\\/uploads\\\/2022\\\/04\\\/DANKE-1.jpg\",\"contentUrl\":\"https:\\\/\\\/gradido.net\\\/wp-content\\\/uploads\\\/2022\\\/04\\\/DANKE-1.jpg\",\"width\":1600,\"height\":708},{\"@type\":\"BreadcrumbList\",\"@id\":\"https:\\\/\\\/gradido.net\\\/gradido-link-erfahrungen-und-textvorschlaege\\\/#breadcrumb\",\"itemListElement\":[{\"@type\":\"ListItem\",\"position\":1,\"name\":\"Startseite\",\"item\":\"https:\\\/\\\/gradido.net\\\/\"},{\"@type\":\"ListItem\",\"position\":2,\"name\":\"Gradido-Link \u2013 Erfahrungen und Textvorschl\u00e4ge\"}]},{\"@type\":\"WebSite\",\"@id\":\"https:\\\/\\\/gradido.net\\\/de\\\/#website\",\"url\":\"https:\\\/\\\/gradido.net\\\/de\\\/\",\"name\":\"Gradido\",\"description\":\"Die neue W\u00e4hrung hei\u00dft Dankbarkeit\",\"publisher\":{\"@id\":\"https:\\\/\\\/gradido.net\\\/de\\\/#organization\"},\"potentialAction\":[{\"@type\":\"SearchAction\",\"target\":{\"@type\":\"EntryPoint\",\"urlTemplate\":\"https:\\\/\\\/gradido.net\\\/de\\\/?s={search_term_string}\"},\"query-input\":{\"@type\":\"PropertyValueSpecification\",\"valueRequired\":true,\"valueName\":\"search_term_string\"}}],\"inLanguage\":\"sv-SE\"},{\"@type\":\"Organization\",\"@id\":\"https:\\\/\\\/gradido.net\\\/de\\\/#organization\",\"name\":\"Gradido\",\"url\":\"https:\\\/\\\/gradido.net\\\/de\\\/\",\"logo\":{\"@type\":\"ImageObject\",\"inLanguage\":\"sv-SE\",\"@id\":\"https:\\\/\\\/gradido.net\\\/de\\\/#\\\/schema\\\/logo\\\/image\\\/\",\"url\":\"https:\\\/\\\/gradido.net\\\/wp-content\\\/uploads\\\/2022\\\/04\\\/gradido-social.jpg\",\"contentUrl\":\"https:\\\/\\\/gradido.net\\\/wp-content\\\/uploads\\\/2022\\\/04\\\/gradido-social.jpg\",\"width\":527,\"height\":273,\"caption\":\"Gradido\"},\"image\":{\"@id\":\"https:\\\/\\\/gradido.net\\\/de\\\/#\\\/schema\\\/logo\\\/image\\\/\"}},{\"@type\":\"Person\",\"@id\":\"https:\\\/\\\/gradido.net\\\/de\\\/#\\\/schema\\\/person\\\/9c503a004ad15a1ddecadce2218db5d1\",\"name\":\"Bernd H\u00fcckst\u00e4dt\",\"sameAs\":[\"https:\\\/\\\/gradido.net\"],\"url\":\"https:\\\/\\\/gradido.net\\\/sv\\\/author\\\/bernd\\\/\"}]}<\/script>\n<!-- \/ Yoast SEO plugin. -->","yoast_head_json":{"title":"Gradido Link - Erfarenheter och textf\u00f6rslag - Gradido","robots":{"index":"index","follow":"follow","max-snippet":"max-snippet:-1","max-image-preview":"max-image-preview:large","max-video-preview":"max-video-preview:-1"},"canonical":"https:\/\/gradido.net\/sv\/gradido-link-erfahrungen-und-textvorschlaege\/","og_locale":"sv_SE","og_type":"article","og_title":"Gradido-Link \u2013 Erfahrungen und Textvorschl\u00e4ge - Gradido","og_description":"Um es Dir so leicht wie m\u00f6glich zu machen, haben wir Textvorschl\u00e4ge f\u00fcr die verschiedenen F\u00e4lle erarbeitet. F\u00fchle Dich frei, diese nach Deinen W\u00fcnschen und Vorstellungen anzupassen.","og_url":"https:\/\/gradido.net\/sv\/gradido-link-erfahrungen-und-textvorschlaege\/","og_site_name":"Gradido","article_published_time":"2022-04-24T08:55:31+00:00","article_modified_time":"2026-04-24T06:21:44+00:00","og_image":[{"width":1600,"height":708,"url":"https:\/\/gradido.net\/wp-content\/uploads\/2022\/04\/DANKE-1.jpg","type":"image\/jpeg"}],"author":"Bernd H\u00fcckst\u00e4dt","twitter_card":"summary_large_image","twitter_misc":{"Skriven av":"Bernd H\u00fcckst\u00e4dt","Ber\u00e4knad l\u00e4stid":"8 minuter"},"schema":{"@context":"https:\/\/schema.org","@graph":[{"@type":"Article","@id":"https:\/\/gradido.net\/gradido-link-erfahrungen-und-textvorschlaege\/#article","isPartOf":{"@id":"https:\/\/gradido.net\/gradido-link-erfahrungen-und-textvorschlaege\/"},"author":{"name":"Bernd H\u00fcckst\u00e4dt","@id":"https:\/\/gradido.net\/de\/#\/schema\/person\/9c503a004ad15a1ddecadce2218db5d1"},"headline":"Gradido-Link \u2013 Erfahrungen und Textvorschl\u00e4ge","datePublished":"2022-04-24T08:55:31+00:00","dateModified":"2026-04-24T06:21:44+00:00","mainEntityOfPage":{"@id":"https:\/\/gradido.net\/gradido-link-erfahrungen-und-textvorschlaege\/"},"wordCount":1422,"publisher":{"@id":"https:\/\/gradido.net\/de\/#organization"},"image":{"@id":"https:\/\/gradido.net\/gradido-link-erfahrungen-und-textvorschlaege\/#primaryimage"},"thumbnailUrl":"https:\/\/gradido.net\/wp-content\/uploads\/2022\/04\/DANKE-1.jpg","articleSection":["Blog","Community","Gradido-Konto"],"inLanguage":"sv-SE"},{"@type":"WebPage","@id":"https:\/\/gradido.net\/gradido-link-erfahrungen-und-textvorschlaege\/","url":"https:\/\/gradido.net\/gradido-link-erfahrungen-und-textvorschlaege\/","name":"Gradido Link - Erfarenheter och textf\u00f6rslag - Gradido","isPartOf":{"@id":"https:\/\/gradido.net\/de\/#website"},"primaryImageOfPage":{"@id":"https:\/\/gradido.net\/gradido-link-erfahrungen-und-textvorschlaege\/#primaryimage"},"image":{"@id":"https:\/\/gradido.net\/gradido-link-erfahrungen-und-textvorschlaege\/#primaryimage"},"thumbnailUrl":"https:\/\/gradido.net\/wp-content\/uploads\/2022\/04\/DANKE-1.jpg","datePublished":"2022-04-24T08:55:31+00:00","dateModified":"2026-04-24T06:21:44+00:00","breadcrumb":{"@id":"https:\/\/gradido.net\/gradido-link-erfahrungen-und-textvorschlaege\/#breadcrumb"},"inLanguage":"sv-SE","potentialAction":[{"@type":"ReadAction","target":["https:\/\/gradido.net\/gradido-link-erfahrungen-und-textvorschlaege\/"]}]},{"@type":"ImageObject","inLanguage":"sv-SE","@id":"https:\/\/gradido.net\/gradido-link-erfahrungen-und-textvorschlaege\/#primaryimage","url":"https:\/\/gradido.net\/wp-content\/uploads\/2022\/04\/DANKE-1.jpg","contentUrl":"https:\/\/gradido.net\/wp-content\/uploads\/2022\/04\/DANKE-1.jpg","width":1600,"height":708},{"@type":"BreadcrumbList","@id":"https:\/\/gradido.net\/gradido-link-erfahrungen-und-textvorschlaege\/#breadcrumb","itemListElement":[{"@type":"ListItem","position":1,"name":"Startseite","item":"https:\/\/gradido.net\/"},{"@type":"ListItem","position":2,"name":"Gradido-Link \u2013 Erfahrungen und Textvorschl\u00e4ge"}]},{"@type":"WebSite","@id":"https:\/\/gradido.net\/de\/#website","url":"https:\/\/gradido.net\/de\/","name":"Gradido","description":"Den nya valutan \u00e4r tacksamhet","publisher":{"@id":"https:\/\/gradido.net\/de\/#organization"},"potentialAction":[{"@type":"SearchAction","target":{"@type":"EntryPoint","urlTemplate":"https:\/\/gradido.net\/de\/?s={search_term_string}"},"query-input":{"@type":"PropertyValueSpecification","valueRequired":true,"valueName":"search_term_string"}}],"inLanguage":"sv-SE"},{"@type":"Organization","@id":"https:\/\/gradido.net\/de\/#organization","name":"Gradido","url":"https:\/\/gradido.net\/de\/","logo":{"@type":"ImageObject","inLanguage":"sv-SE","@id":"https:\/\/gradido.net\/de\/#\/schema\/logo\/image\/","url":"https:\/\/gradido.net\/wp-content\/uploads\/2022\/04\/gradido-social.jpg","contentUrl":"https:\/\/gradido.net\/wp-content\/uploads\/2022\/04\/gradido-social.jpg","width":527,"height":273,"caption":"Gradido"},"image":{"@id":"https:\/\/gradido.net\/de\/#\/schema\/logo\/image\/"}},{"@type":"Person","@id":"https:\/\/gradido.net\/de\/#\/schema\/person\/9c503a004ad15a1ddecadce2218db5d1","name":"Bernd H\u00fcckst\u00e4dt","sameAs":["https:\/\/gradido.net"],"url":"https:\/\/gradido.net\/sv\/author\/bernd\/"}]}},"_links":{"self":[{"href":"https:\/\/gradido.net\/sv\/wp-json\/wp\/v2\/posts\/4228","targetHints":{"allow":["GET"]}}],"collection":[{"href":"https:\/\/gradido.net\/sv\/wp-json\/wp\/v2\/posts"}],"about":[{"href":"https:\/\/gradido.net\/sv\/wp-json\/wp\/v2\/types\/post"}],"author":[{"embeddable":true,"href":"https:\/\/gradido.net\/sv\/wp-json\/wp\/v2\/users\/2"}],"replies":[{"embeddable":true,"href":"https:\/\/gradido.net\/sv\/wp-json\/wp\/v2\/comments?post=4228"}],"version-history":[{"count":15,"href":"https:\/\/gradido.net\/sv\/wp-json\/wp\/v2\/posts\/4228\/revisions"}],"predecessor-version":[{"id":13613,"href":"https:\/\/gradido.net\/sv\/wp-json\/wp\/v2\/posts\/4228\/revisions\/13613"}],"wp:featuredmedia":[{"embeddable":true,"href":"https:\/\/gradido.net\/sv\/wp-json\/wp\/v2\/media\/4231"}],"wp:attachment":[{"href":"https:\/\/gradido.net\/sv\/wp-json\/wp\/v2\/media?parent=4228"}],"wp:term":[{"taxonomy":"category","embeddable":true,"href":"https:\/\/gradido.net\/sv\/wp-json\/wp\/v2\/categories?post=4228"},{"taxonomy":"post_tag","embeddable":true,"href":"https:\/\/gradido.net\/sv\/wp-json\/wp\/v2\/tags?post=4228"}],"curies":[{"name":"wp","href":"https:\/\/api.w.org\/{rel}","templated":true}]}}