{"id":5381,"date":"2022-07-29T18:41:14","date_gmt":"2022-07-29T16:41:14","guid":{"rendered":"https:\/\/gradido.net\/?p=5381"},"modified":"2026-04-24T08:17:43","modified_gmt":"2026-04-24T06:17:43","slug":"gemeinwohl-beitraege-jetzt-direkt-im-gradido-konto","status":"publish","type":"post","link":"https:\/\/gradido.net\/sv\/gemeinwohl-beitraege-jetzt-direkt-im-gradido-konto\/","title":{"rendered":"Bidragen till det gemensamma b\u00e4sta betalas nu direkt p\u00e5 Gradido-kontot"},"content":{"rendered":"<div data-elementor-type=\"wp-post\" data-elementor-id=\"5381\" class=\"elementor elementor-5381\" data-elementor-post-type=\"post\">\n\t\t\t\t\t\t<section class=\"elementor-section elementor-top-section elementor-element elementor-element-496e1d53 elementor-section-boxed elementor-section-height-default elementor-section-height-default\" data-id=\"496e1d53\" data-element_type=\"section\" data-e-type=\"section\">\n\t\t\t\t\t\t<div class=\"elementor-container elementor-column-gap-default\">\n\t\t\t\t\t<div class=\"elementor-column elementor-col-100 elementor-top-column elementor-element elementor-element-461d7be0\" data-id=\"461d7be0\" data-element_type=\"column\" data-e-type=\"column\">\n\t\t\t<div class=\"elementor-widget-wrap elementor-element-populated\">\n\t\t\t\t\t\t<div class=\"elementor-element elementor-element-cd9ebe2 elementor-widget elementor-widget-text-editor\" data-id=\"cd9ebe2\" data-element_type=\"widget\" data-e-type=\"widget\" data-widget_type=\"text-editor.default\">\n\t\t\t\t<div class=\"elementor-widget-container\">\n\t\t\t\t\t\t\t\t\t<p>K\u00e4ra l\u00e4sare,<\/p><p>Den nya versionen av Gradido-kontot \u00e4r online.<\/p><p>Fr\u00e5n och med nu beh\u00f6ver du inte l\u00e4ngre g\u00e5 till medlemsomr\u00e5det f\u00f6r att ange dina bidrag till samh\u00e4llstj\u00e4nsten.<\/p><p>Du kan nu skicka in dem direkt p\u00e5 Gradido-kontot i avsnittet \"Community\" och f\u00e5 din aktiva basinkomst krediterad omg\u00e5ende.<\/p><p>Ett stort tack till v\u00e5ra fantastiska programmerare!<\/p><p>Med v\u00e4nliga h\u00e4lsningar<\/p><p>Din<\/p><p><img decoding=\"async\" class=\"alignnone wp-image-4614 size-medium\" src=\"https:\/\/gradido.net\/wp-content\/uploads\/2022\/06\/MargretBernd_2022-300x74.png\" alt=\"\" width=\"300\" height=\"74\" srcset=\"https:\/\/gradido.net\/wp-content\/uploads\/2022\/06\/MargretBernd_2022-300x74.png 300w, https:\/\/gradido.net\/wp-content\/uploads\/2022\/06\/MargretBernd_2022-18x4.png 18w, https:\/\/gradido.net\/wp-content\/uploads\/2022\/06\/MargretBernd_2022.png 431w\" sizes=\"(max-width: 300px) 100vw, 300px\" \/><\/p><p>Margret Baier och Bernd H\u00fcckst\u00e4dt<br \/>Gradidos grundare och utvecklare<\/p>\t\t\t\t\t\t\t\t<\/div>\n\t\t\t\t<\/div>\n\t\t\t\t\t<\/div>\n\t\t<\/div>\n\t\t\t\t\t<\/div>\n\t\t<\/section>\n\t\t\t\t<\/div>","protected":false},"excerpt":{"rendered":"<p>Fr\u00e5n och med nu beh\u00f6ver du inte l\u00e4ngre g\u00e5 till medlemsomr\u00e5det f\u00f6r att ange dina bidrag till det gemensamma b\u00e4sta. Nu kan du skicka in dem direkt till ditt Gradido-konto och f\u00e5 din aktiva basinkomst krediterad omg\u00e5ende.<\/p>","protected":false},"author":2,"featured_media":5382,"comment_status":"closed","ping_status":"closed","sticky":false,"template":"","format":"standard","meta":{"footnotes":""},"categories":[11,55],"tags":[],"class_list":["post-5381","post","type-post","status-publish","format-standard","has-post-thumbnail","hentry","category-blog","category-gradido-konto"],"yoast_head":"<!-- This site is optimized with the Yoast SEO plugin v27.4 - https:\/\/yoast.com\/product\/yoast-seo-wordpress\/ -->\n<title>Gemeinwohl-Beitr\u00e4ge jetzt direkt im Gradido-Konto - Gradido<\/title>\n<meta name=\"description\" content=\"Ab sofort braucht Ihr nicht mehr in den Mitgliederbereich zu wechseln, um Eure Gemeinwohl-Beitr\u00e4ge einzutragen. Ihr k\u00f6nnt sie jetzt direkt im Gradido-Konto einreichen und bekommt zeitnah Euer Aktives Grundeinkommen gutgeschrieben.\" \/>\n<meta name=\"robots\" content=\"index, follow, max-snippet:-1, max-image-preview:large, max-video-preview:-1\" \/>\n<link rel=\"canonical\" href=\"https:\/\/gradido.net\/sv\/gemeinwohl-beitraege-jetzt-direkt-im-gradido-konto\/\" \/>\n<meta property=\"og:locale\" content=\"sv_SE\" \/>\n<meta property=\"og:type\" content=\"article\" \/>\n<meta property=\"og:title\" content=\"Gemeinwohl-Beitr\u00e4ge jetzt direkt im Gradido-Konto - Gradido\" \/>\n<meta property=\"og:description\" content=\"Ab sofort braucht Ihr nicht mehr in den Mitgliederbereich zu wechseln, um Eure Gemeinwohl-Beitr\u00e4ge einzutragen. Ihr k\u00f6nnt sie jetzt direkt im Gradido-Konto einreichen und bekommt zeitnah Euer Aktives Grundeinkommen gutgeschrieben.\" \/>\n<meta property=\"og:url\" content=\"https:\/\/gradido.net\/sv\/gemeinwohl-beitraege-jetzt-direkt-im-gradido-konto\/\" \/>\n<meta property=\"og:site_name\" content=\"Gradido\" \/>\n<meta property=\"article:published_time\" content=\"2022-07-29T16:41:14+00:00\" \/>\n<meta property=\"article:modified_time\" content=\"2026-04-24T06:17:43+00:00\" \/>\n<meta property=\"og:image\" content=\"https:\/\/gradido.net\/wp-content\/uploads\/2022\/07\/Neues-Gradido-Konto.jpg\" \/>\n\t<meta property=\"og:image:width\" content=\"800\" \/>\n\t<meta property=\"og:image:height\" content=\"450\" \/>\n\t<meta property=\"og:image:type\" content=\"image\/jpeg\" \/>\n<meta name=\"author\" content=\"Bernd H\u00fcckst\u00e4dt\" \/>\n<meta name=\"twitter:card\" content=\"summary_large_image\" \/>\n<meta name=\"twitter:label1\" content=\"Skriven av\" \/>\n\t<meta name=\"twitter:data1\" content=\"Bernd H\u00fcckst\u00e4dt\" \/>\n\t<meta name=\"twitter:label2\" content=\"Ber\u00e4knad l\u00e4stid\" \/>\n\t<meta name=\"twitter:data2\" content=\"1 minut\" \/>\n<script type=\"application\/ld+json\" class=\"yoast-schema-graph\">{\"@context\":\"https:\\\/\\\/schema.org\",\"@graph\":[{\"@type\":\"Article\",\"@id\":\"https:\\\/\\\/gradido.net\\\/gemeinwohl-beitraege-jetzt-direkt-im-gradido-konto\\\/#article\",\"isPartOf\":{\"@id\":\"https:\\\/\\\/gradido.net\\\/gemeinwohl-beitraege-jetzt-direkt-im-gradido-konto\\\/\"},\"author\":{\"name\":\"Bernd H\u00fcckst\u00e4dt\",\"@id\":\"https:\\\/\\\/gradido.net\\\/de\\\/#\\\/schema\\\/person\\\/9c503a004ad15a1ddecadce2218db5d1\"},\"headline\":\"Gemeinwohl-Beitr\u00e4ge jetzt direkt im Gradido-Konto\",\"datePublished\":\"2022-07-29T16:41:14+00:00\",\"dateModified\":\"2026-04-24T06:17:43+00:00\",\"mainEntityOfPage\":{\"@id\":\"https:\\\/\\\/gradido.net\\\/gemeinwohl-beitraege-jetzt-direkt-im-gradido-konto\\\/\"},\"wordCount\":75,\"publisher\":{\"@id\":\"https:\\\/\\\/gradido.net\\\/de\\\/#organization\"},\"image\":{\"@id\":\"https:\\\/\\\/gradido.net\\\/gemeinwohl-beitraege-jetzt-direkt-im-gradido-konto\\\/#primaryimage\"},\"thumbnailUrl\":\"https:\\\/\\\/gradido.net\\\/wp-content\\\/uploads\\\/2022\\\/07\\\/Neues-Gradido-Konto.jpg\",\"articleSection\":[\"Blog\",\"Gradido-Konto\"],\"inLanguage\":\"sv-SE\"},{\"@type\":\"WebPage\",\"@id\":\"https:\\\/\\\/gradido.net\\\/gemeinwohl-beitraege-jetzt-direkt-im-gradido-konto\\\/\",\"url\":\"https:\\\/\\\/gradido.net\\\/gemeinwohl-beitraege-jetzt-direkt-im-gradido-konto\\\/\",\"name\":\"Gemeinwohl-Beitr\u00e4ge jetzt direkt im Gradido-Konto - Gradido\",\"isPartOf\":{\"@id\":\"https:\\\/\\\/gradido.net\\\/de\\\/#website\"},\"primaryImageOfPage\":{\"@id\":\"https:\\\/\\\/gradido.net\\\/gemeinwohl-beitraege-jetzt-direkt-im-gradido-konto\\\/#primaryimage\"},\"image\":{\"@id\":\"https:\\\/\\\/gradido.net\\\/gemeinwohl-beitraege-jetzt-direkt-im-gradido-konto\\\/#primaryimage\"},\"thumbnailUrl\":\"https:\\\/\\\/gradido.net\\\/wp-content\\\/uploads\\\/2022\\\/07\\\/Neues-Gradido-Konto.jpg\",\"datePublished\":\"2022-07-29T16:41:14+00:00\",\"dateModified\":\"2026-04-24T06:17:43+00:00\",\"description\":\"Ab sofort braucht Ihr nicht mehr in den Mitgliederbereich zu wechseln, um Eure Gemeinwohl-Beitr\u00e4ge einzutragen. Ihr k\u00f6nnt sie jetzt direkt im Gradido-Konto einreichen und bekommt zeitnah Euer Aktives Grundeinkommen gutgeschrieben.\",\"breadcrumb\":{\"@id\":\"https:\\\/\\\/gradido.net\\\/gemeinwohl-beitraege-jetzt-direkt-im-gradido-konto\\\/#breadcrumb\"},\"inLanguage\":\"sv-SE\",\"potentialAction\":[{\"@type\":\"ReadAction\",\"target\":[\"https:\\\/\\\/gradido.net\\\/gemeinwohl-beitraege-jetzt-direkt-im-gradido-konto\\\/\"]}]},{\"@type\":\"ImageObject\",\"inLanguage\":\"sv-SE\",\"@id\":\"https:\\\/\\\/gradido.net\\\/gemeinwohl-beitraege-jetzt-direkt-im-gradido-konto\\\/#primaryimage\",\"url\":\"https:\\\/\\\/gradido.net\\\/wp-content\\\/uploads\\\/2022\\\/07\\\/Neues-Gradido-Konto.jpg\",\"contentUrl\":\"https:\\\/\\\/gradido.net\\\/wp-content\\\/uploads\\\/2022\\\/07\\\/Neues-Gradido-Konto.jpg\",\"width\":800,\"height\":450},{\"@type\":\"BreadcrumbList\",\"@id\":\"https:\\\/\\\/gradido.net\\\/gemeinwohl-beitraege-jetzt-direkt-im-gradido-konto\\\/#breadcrumb\",\"itemListElement\":[{\"@type\":\"ListItem\",\"position\":1,\"name\":\"Startseite\",\"item\":\"https:\\\/\\\/gradido.net\\\/\"},{\"@type\":\"ListItem\",\"position\":2,\"name\":\"Gemeinwohl-Beitr\u00e4ge jetzt direkt im Gradido-Konto\"}]},{\"@type\":\"WebSite\",\"@id\":\"https:\\\/\\\/gradido.net\\\/de\\\/#website\",\"url\":\"https:\\\/\\\/gradido.net\\\/de\\\/\",\"name\":\"Gradido\",\"description\":\"Die neue W\u00e4hrung hei\u00dft Dankbarkeit\",\"publisher\":{\"@id\":\"https:\\\/\\\/gradido.net\\\/de\\\/#organization\"},\"potentialAction\":[{\"@type\":\"SearchAction\",\"target\":{\"@type\":\"EntryPoint\",\"urlTemplate\":\"https:\\\/\\\/gradido.net\\\/de\\\/?s={search_term_string}\"},\"query-input\":{\"@type\":\"PropertyValueSpecification\",\"valueRequired\":true,\"valueName\":\"search_term_string\"}}],\"inLanguage\":\"sv-SE\"},{\"@type\":\"Organization\",\"@id\":\"https:\\\/\\\/gradido.net\\\/de\\\/#organization\",\"name\":\"Gradido\",\"url\":\"https:\\\/\\\/gradido.net\\\/de\\\/\",\"logo\":{\"@type\":\"ImageObject\",\"inLanguage\":\"sv-SE\",\"@id\":\"https:\\\/\\\/gradido.net\\\/de\\\/#\\\/schema\\\/logo\\\/image\\\/\",\"url\":\"https:\\\/\\\/gradido.net\\\/wp-content\\\/uploads\\\/2022\\\/04\\\/gradido-social.jpg\",\"contentUrl\":\"https:\\\/\\\/gradido.net\\\/wp-content\\\/uploads\\\/2022\\\/04\\\/gradido-social.jpg\",\"width\":527,\"height\":273,\"caption\":\"Gradido\"},\"image\":{\"@id\":\"https:\\\/\\\/gradido.net\\\/de\\\/#\\\/schema\\\/logo\\\/image\\\/\"}},{\"@type\":\"Person\",\"@id\":\"https:\\\/\\\/gradido.net\\\/de\\\/#\\\/schema\\\/person\\\/9c503a004ad15a1ddecadce2218db5d1\",\"name\":\"Bernd H\u00fcckst\u00e4dt\",\"sameAs\":[\"https:\\\/\\\/gradido.net\"],\"url\":\"https:\\\/\\\/gradido.net\\\/sv\\\/author\\\/bernd\\\/\"}]}<\/script>\n<!-- \/ Yoast SEO plugin. -->","yoast_head_json":{"title":"Allm\u00e4nnyttiga bidrag nu direkt p\u00e5 Gradido-kontot - Gradido","description":"Fr\u00e5n och med nu beh\u00f6ver du inte l\u00e4ngre g\u00e5 till medlemsomr\u00e5det f\u00f6r att ange dina bidrag till det gemensamma b\u00e4sta. Nu kan du skicka in dem direkt till ditt Gradido-konto och f\u00e5 din aktiva basinkomst krediterad omg\u00e5ende.","robots":{"index":"index","follow":"follow","max-snippet":"max-snippet:-1","max-image-preview":"max-image-preview:large","max-video-preview":"max-video-preview:-1"},"canonical":"https:\/\/gradido.net\/sv\/gemeinwohl-beitraege-jetzt-direkt-im-gradido-konto\/","og_locale":"sv_SE","og_type":"article","og_title":"Gemeinwohl-Beitr\u00e4ge jetzt direkt im Gradido-Konto - Gradido","og_description":"Ab sofort braucht Ihr nicht mehr in den Mitgliederbereich zu wechseln, um Eure Gemeinwohl-Beitr\u00e4ge einzutragen. Ihr k\u00f6nnt sie jetzt direkt im Gradido-Konto einreichen und bekommt zeitnah Euer Aktives Grundeinkommen gutgeschrieben.","og_url":"https:\/\/gradido.net\/sv\/gemeinwohl-beitraege-jetzt-direkt-im-gradido-konto\/","og_site_name":"Gradido","article_published_time":"2022-07-29T16:41:14+00:00","article_modified_time":"2026-04-24T06:17:43+00:00","og_image":[{"width":800,"height":450,"url":"https:\/\/gradido.net\/wp-content\/uploads\/2022\/07\/Neues-Gradido-Konto.jpg","type":"image\/jpeg"}],"author":"Bernd H\u00fcckst\u00e4dt","twitter_card":"summary_large_image","twitter_misc":{"Skriven av":"Bernd H\u00fcckst\u00e4dt","Ber\u00e4knad l\u00e4stid":"1 minut"},"schema":{"@context":"https:\/\/schema.org","@graph":[{"@type":"Article","@id":"https:\/\/gradido.net\/gemeinwohl-beitraege-jetzt-direkt-im-gradido-konto\/#article","isPartOf":{"@id":"https:\/\/gradido.net\/gemeinwohl-beitraege-jetzt-direkt-im-gradido-konto\/"},"author":{"name":"Bernd H\u00fcckst\u00e4dt","@id":"https:\/\/gradido.net\/de\/#\/schema\/person\/9c503a004ad15a1ddecadce2218db5d1"},"headline":"Gemeinwohl-Beitr\u00e4ge jetzt direkt im Gradido-Konto","datePublished":"2022-07-29T16:41:14+00:00","dateModified":"2026-04-24T06:17:43+00:00","mainEntityOfPage":{"@id":"https:\/\/gradido.net\/gemeinwohl-beitraege-jetzt-direkt-im-gradido-konto\/"},"wordCount":75,"publisher":{"@id":"https:\/\/gradido.net\/de\/#organization"},"image":{"@id":"https:\/\/gradido.net\/gemeinwohl-beitraege-jetzt-direkt-im-gradido-konto\/#primaryimage"},"thumbnailUrl":"https:\/\/gradido.net\/wp-content\/uploads\/2022\/07\/Neues-Gradido-Konto.jpg","articleSection":["Blog","Gradido-Konto"],"inLanguage":"sv-SE"},{"@type":"WebPage","@id":"https:\/\/gradido.net\/gemeinwohl-beitraege-jetzt-direkt-im-gradido-konto\/","url":"https:\/\/gradido.net\/gemeinwohl-beitraege-jetzt-direkt-im-gradido-konto\/","name":"Allm\u00e4nnyttiga bidrag nu direkt p\u00e5 Gradido-kontot - Gradido","isPartOf":{"@id":"https:\/\/gradido.net\/de\/#website"},"primaryImageOfPage":{"@id":"https:\/\/gradido.net\/gemeinwohl-beitraege-jetzt-direkt-im-gradido-konto\/#primaryimage"},"image":{"@id":"https:\/\/gradido.net\/gemeinwohl-beitraege-jetzt-direkt-im-gradido-konto\/#primaryimage"},"thumbnailUrl":"https:\/\/gradido.net\/wp-content\/uploads\/2022\/07\/Neues-Gradido-Konto.jpg","datePublished":"2022-07-29T16:41:14+00:00","dateModified":"2026-04-24T06:17:43+00:00","description":"Fr\u00e5n och med nu beh\u00f6ver du inte l\u00e4ngre g\u00e5 till medlemsomr\u00e5det f\u00f6r att ange dina bidrag till det gemensamma b\u00e4sta. Nu kan du skicka in dem direkt till ditt Gradido-konto och f\u00e5 din aktiva basinkomst krediterad omg\u00e5ende.","breadcrumb":{"@id":"https:\/\/gradido.net\/gemeinwohl-beitraege-jetzt-direkt-im-gradido-konto\/#breadcrumb"},"inLanguage":"sv-SE","potentialAction":[{"@type":"ReadAction","target":["https:\/\/gradido.net\/gemeinwohl-beitraege-jetzt-direkt-im-gradido-konto\/"]}]},{"@type":"ImageObject","inLanguage":"sv-SE","@id":"https:\/\/gradido.net\/gemeinwohl-beitraege-jetzt-direkt-im-gradido-konto\/#primaryimage","url":"https:\/\/gradido.net\/wp-content\/uploads\/2022\/07\/Neues-Gradido-Konto.jpg","contentUrl":"https:\/\/gradido.net\/wp-content\/uploads\/2022\/07\/Neues-Gradido-Konto.jpg","width":800,"height":450},{"@type":"BreadcrumbList","@id":"https:\/\/gradido.net\/gemeinwohl-beitraege-jetzt-direkt-im-gradido-konto\/#breadcrumb","itemListElement":[{"@type":"ListItem","position":1,"name":"Startseite","item":"https:\/\/gradido.net\/"},{"@type":"ListItem","position":2,"name":"Gemeinwohl-Beitr\u00e4ge jetzt direkt im Gradido-Konto"}]},{"@type":"WebSite","@id":"https:\/\/gradido.net\/de\/#website","url":"https:\/\/gradido.net\/de\/","name":"Gradido","description":"Den nya valutan \u00e4r tacksamhet","publisher":{"@id":"https:\/\/gradido.net\/de\/#organization"},"potentialAction":[{"@type":"SearchAction","target":{"@type":"EntryPoint","urlTemplate":"https:\/\/gradido.net\/de\/?s={search_term_string}"},"query-input":{"@type":"PropertyValueSpecification","valueRequired":true,"valueName":"search_term_string"}}],"inLanguage":"sv-SE"},{"@type":"Organization","@id":"https:\/\/gradido.net\/de\/#organization","name":"Gradido","url":"https:\/\/gradido.net\/de\/","logo":{"@type":"ImageObject","inLanguage":"sv-SE","@id":"https:\/\/gradido.net\/de\/#\/schema\/logo\/image\/","url":"https:\/\/gradido.net\/wp-content\/uploads\/2022\/04\/gradido-social.jpg","contentUrl":"https:\/\/gradido.net\/wp-content\/uploads\/2022\/04\/gradido-social.jpg","width":527,"height":273,"caption":"Gradido"},"image":{"@id":"https:\/\/gradido.net\/de\/#\/schema\/logo\/image\/"}},{"@type":"Person","@id":"https:\/\/gradido.net\/de\/#\/schema\/person\/9c503a004ad15a1ddecadce2218db5d1","name":"Bernd H\u00fcckst\u00e4dt","sameAs":["https:\/\/gradido.net"],"url":"https:\/\/gradido.net\/sv\/author\/bernd\/"}]}},"_links":{"self":[{"href":"https:\/\/gradido.net\/sv\/wp-json\/wp\/v2\/posts\/5381","targetHints":{"allow":["GET"]}}],"collection":[{"href":"https:\/\/gradido.net\/sv\/wp-json\/wp\/v2\/posts"}],"about":[{"href":"https:\/\/gradido.net\/sv\/wp-json\/wp\/v2\/types\/post"}],"author":[{"embeddable":true,"href":"https:\/\/gradido.net\/sv\/wp-json\/wp\/v2\/users\/2"}],"replies":[{"embeddable":true,"href":"https:\/\/gradido.net\/sv\/wp-json\/wp\/v2\/comments?post=5381"}],"version-history":[{"count":23,"href":"https:\/\/gradido.net\/sv\/wp-json\/wp\/v2\/posts\/5381\/revisions"}],"predecessor-version":[{"id":13608,"href":"https:\/\/gradido.net\/sv\/wp-json\/wp\/v2\/posts\/5381\/revisions\/13608"}],"wp:featuredmedia":[{"embeddable":true,"href":"https:\/\/gradido.net\/sv\/wp-json\/wp\/v2\/media\/5382"}],"wp:attachment":[{"href":"https:\/\/gradido.net\/sv\/wp-json\/wp\/v2\/media?parent=5381"}],"wp:term":[{"taxonomy":"category","embeddable":true,"href":"https:\/\/gradido.net\/sv\/wp-json\/wp\/v2\/categories?post=5381"},{"taxonomy":"post_tag","embeddable":true,"href":"https:\/\/gradido.net\/sv\/wp-json\/wp\/v2\/tags?post=5381"}],"curies":[{"name":"wp","href":"https:\/\/api.w.org\/{rel}","templated":true}]}}