{"id":5711,"date":"2022-10-10T18:52:00","date_gmt":"2022-10-10T16:52:00","guid":{"rendered":"https:\/\/gradido.net\/?p=5711"},"modified":"2026-04-24T08:13:36","modified_gmt":"2026-04-24T06:13:36","slug":"great-cooperation-gradido-akademie-international-und-plasmatec","status":"publish","type":"post","link":"https:\/\/gradido.net\/sv\/great-cooperation-gradido-akademie-international-und-plasmatec\/","title":{"rendered":"Ett bra samarbete: Gradido Academy International och PLASMA TEC"},"content":{"rendered":"<div data-elementor-type=\"wp-post\" data-elementor-id=\"5711\" class=\"elementor elementor-5711\" data-elementor-post-type=\"post\">\n\t\t\t\t\t\t<section class=\"elementor-section elementor-top-section elementor-element elementor-element-496e1d53 elementor-section-boxed elementor-section-height-default elementor-section-height-default\" data-id=\"496e1d53\" data-element_type=\"section\" data-e-type=\"section\">\n\t\t\t\t\t\t<div class=\"elementor-container elementor-column-gap-default\">\n\t\t\t\t\t<div class=\"elementor-column elementor-col-100 elementor-top-column elementor-element elementor-element-461d7be0\" data-id=\"461d7be0\" data-element_type=\"column\" data-e-type=\"column\">\n\t\t\t<div class=\"elementor-widget-wrap elementor-element-populated\">\n\t\t\t\t\t\t<div class=\"elementor-element elementor-element-cd9ebe2 elementor-widget elementor-widget-text-editor\" data-id=\"cd9ebe2\" data-element_type=\"widget\" data-e-type=\"widget\" data-widget_type=\"text-editor.default\">\n\t\t\t\t<div class=\"elementor-widget-container\">\n\t\t\t\t\t\t\t\t\t<blockquote><p style=\"text-align: right;\"><em>\"Det som inte \u00e4r m\u00f6jligt f\u00f6r den enskilde kan m\u00e5nga \u00e5stadkomma.\"<\/em><\/p><p style=\"text-align: right;\"><em>Friedrich Wilhelm Raiffeisen<\/em><\/p><\/blockquote><p>K\u00e4ra l\u00e4sare,<\/p><p>N\u00e4r vi bes\u00f6kte v\u00e5r f\u00f6renings huvudkontor i Quintessenz Centre i Pustritz i K\u00e4rnten\/\u00d6sterrike upplevde vi en underbar tid av m\u00f6ten med intressanta m\u00e4nniskor som arbetar f\u00f6r en god framtid.<\/p><p>Vi fick m\u00f6jlighet att n\u00e4rma oss varandra p\u00e5 ett m\u00e4nskligt plan, att hitta tid f\u00f6r \u00f6msesidig f\u00f6rst\u00e5else och att g\u00f6ra upp planer f\u00f6r vad vi vill genomf\u00f6ra tillsammans.<\/p><p>Vi tr\u00e4ffade bland annat ordf\u00f6randen f\u00f6r forskningsinstitutet PLASMA TEC, Harald Reichl, och diskuterade ytterligare steg i v\u00e5rt gemensamma samarbete.<\/p><p>Tusen tack till Petra Kalter f\u00f6r hennes underbara g\u00e4stfrihet och goda organisation!<\/p><p>Harald producerade f\u00f6ljande video:<\/p>\t\t\t\t\t\t\t\t<\/div>\n\t\t\t\t<\/div>\n\t\t\t\t<div class=\"elementor-element elementor-element-2a5c41a elementor-widget elementor-widget-video\" data-id=\"2a5c41a\" data-element_type=\"widget\" data-e-type=\"widget\" data-settings=\"{&quot;youtube_url&quot;:&quot;https:\\\/\\\/www.youtube.com\\\/watch?v=yWzeP0L0Yv8&quot;,&quot;video_type&quot;:&quot;youtube&quot;,&quot;controls&quot;:&quot;yes&quot;}\" data-widget_type=\"video.default\">\n\t\t\t\t<div class=\"elementor-widget-container\">\n\t\t\t\t\t\t\t<div class=\"elementor-wrapper elementor-open-inline\">\n\t\t\t<div class=\"elementor-video\"><\/div>\t\t<\/div>\n\t\t\t\t\t\t<\/div>\n\t\t\t\t<\/div>\n\t\t\t\t<div class=\"elementor-element elementor-element-17272f9 elementor-widget elementor-widget-text-editor\" data-id=\"17272f9\" data-element_type=\"widget\" data-e-type=\"widget\" data-widget_type=\"text-editor.default\">\n\t\t\t\t<div class=\"elementor-widget-container\">\n\t\t\t\t\t\t\t\t\t<blockquote><p>f.l.t.r. Harald Reichl, Petra Kaltner, Bernd H\u00fcckst\u00e4dt, Margret Baier<\/p><p>Citat PLASMA TEC:<\/p><p>\"Hur kan man bli i stort sett oberoende av eln\u00e4tet? S\u00e4rskilt n\u00e4r media n\u00e4stan varje dag varnar f\u00f6r str\u00f6mavbrott k\u00e4nner man sig mycket bekv\u00e4m n\u00e4r ett lagersystem f\u00f6r hemmet f\u00f6rser byggnaden med energi i n\u00f6dfall. Forskningsanl\u00e4ggningen vid PLASMA TEC-institutet laddas vanligtvis gratis med ett solcellssystem (begagnade moduler \u00e4r ocks\u00e5 mycket l\u00e4mpliga). Om det \u00e4r m\u00f6rkt och sn\u00f6igt i flera dagar p\u00e5 vintern kan lagringsenheten enkelt h\u00e5llas p\u00e5 en s\u00e4ker niv\u00e5 med en eller flera laddare. Om eln\u00e4tet dessutom skulle falla s\u00f6nder kan du ocks\u00e5 ladda lagringsenheten p\u00e5 ganska kort tid med en n\u00f6dgenerator med hj\u00e4lp av en k\u00e4llv\u00e4xel...\"<\/p><\/blockquote><p>Vi ser samarbetet med PLASMA TEC-institutet som en viktig pusselbit i det \"stora samarbetet\" av positiva m\u00e4nniskor och krafter.<\/p><p>Vi ser fram emot m\u00e5nga fler bra samarbeten.<\/p><p>Med v\u00e4nliga h\u00e4lsningar<\/p><p>Din<\/p><p><img decoding=\"async\" class=\"alignnone wp-image-4614 size-medium\" src=\"https:\/\/gradido.net\/wp-content\/uploads\/2022\/06\/MargretBernd_2022-300x74.png\" alt=\"\" width=\"300\" height=\"74\" srcset=\"https:\/\/gradido.net\/wp-content\/uploads\/2022\/06\/MargretBernd_2022-300x74.png 300w, https:\/\/gradido.net\/wp-content\/uploads\/2022\/06\/MargretBernd_2022-18x4.png 18w, https:\/\/gradido.net\/wp-content\/uploads\/2022\/06\/MargretBernd_2022.png 431w\" sizes=\"(max-width: 300px) 100vw, 300px\" \/><\/p><p>Margret Baier och Bernd H\u00fcckst\u00e4dt<br \/>Gradidos grundare och utvecklare<\/p>\t\t\t\t\t\t\t\t<\/div>\n\t\t\t\t<\/div>\n\t\t\t\t<div class=\"elementor-element elementor-element-34f0d98 elementor-widget elementor-widget-text-editor\" data-id=\"34f0d98\" data-element_type=\"widget\" data-e-type=\"widget\" data-widget_type=\"text-editor.default\">\n\t\t\t\t<div class=\"elementor-widget-container\">\n\t\t\t\t\t\t\t\t\t<p><strong>PS:\u00a0<span style=\"color: #ff6600;\"><a style=\"color: #ff6600;\" href=\"https:\/\/gradido.net\/sv\/donations\/\">P\u00e5 grund av Gradidos allt st\u00f6rre betydelse upprepar vi v\u00e5r tacksamhetsaktion den 23 juni:<\/a>\u00a0<\/span><span style=\"color: #0000ff;\"><a style=\"color: #0000ff;\" href=\"https:\/\/gradido.net\/sv\/donations\/\">F\u00f6rutom den multipla GradidoTransform f\u00f6r ditt sponsringsbidrag kommer vi att \u00f6ka alla GDT-konton med 23% den 23 juni 2023. G\u00f6r en kampanj nu och njut av det multipla beloppet av GDT!<\/a><\/span><\/strong><\/p>\t\t\t\t\t\t\t\t<\/div>\n\t\t\t\t<\/div>\n\t\t\t\t\t<\/div>\n\t\t<\/div>\n\t\t\t\t\t<\/div>\n\t\t<\/section>\n\t\t\t\t<\/div>","protected":false},"excerpt":{"rendered":"<p>Under bes\u00f6ket p\u00e5 v\u00e5r f\u00f6renings huvudkontor i Pustritz i K\u00e4rnten\/\u00d6sterrike upplevde vi en underbar tid av m\u00f6ten med intressanta m\u00e4nniskor som arbetar f\u00f6r en god framtid. Vi tr\u00e4ffade bland annat ordf\u00f6randen f\u00f6r forskningsinstitutet PLASMA TEC, Harald Reichl, och diskuterade ytterligare steg i v\u00e5rt gemensamma samarbete.<\/p>","protected":false},"author":2,"featured_media":5713,"comment_status":"closed","ping_status":"closed","sticky":false,"template":"","format":"standard","meta":{"footnotes":""},"categories":[11,54],"tags":[],"class_list":["post-5711","post","type-post","status-publish","format-standard","has-post-thumbnail","hentry","category-blog","category-community"],"yoast_head":"<!-- This site is optimized with the Yoast SEO plugin v27.4 - https:\/\/yoast.com\/product\/yoast-seo-wordpress\/ -->\n<title>Great Cooperation: Gradido Akademie International und PLASMA TEC - Gradido<\/title>\n<meta name=\"description\" content=\"Beim Besuch unseres Vereinssitzes in Pustritz in K\u00e4rnten\/\u00d6sterreich erlebten wir eine wunderbare Zeit der Begegnung von interessanten, f\u00fcr eine gute Zukunft wirkenden Menschen. Unter anderem trafen den Pr\u00e4sidenten des PLASMA TEC -Forschungsinstituts, Harald Reichl, und besprachen weitere Schritte unserer gemeinsamen Kooperation.\" \/>\n<meta name=\"robots\" content=\"index, follow, max-snippet:-1, max-image-preview:large, max-video-preview:-1\" \/>\n<link rel=\"canonical\" href=\"https:\/\/gradido.net\/sv\/great-cooperation-gradido-akademie-international-und-plasmatec\/\" \/>\n<meta property=\"og:locale\" content=\"sv_SE\" \/>\n<meta property=\"og:type\" content=\"article\" \/>\n<meta property=\"og:title\" content=\"Great Cooperation: Gradido Akademie International und PLASMA TEC - Gradido\" \/>\n<meta property=\"og:description\" content=\"Beim Besuch unseres Vereinssitzes in Pustritz in K\u00e4rnten\/\u00d6sterreich erlebten wir eine wunderbare Zeit der Begegnung von interessanten, f\u00fcr eine gute Zukunft wirkenden Menschen. Unter anderem trafen den Pr\u00e4sidenten des PLASMA TEC -Forschungsinstituts, Harald Reichl, und besprachen weitere Schritte unserer gemeinsamen Kooperation.\" \/>\n<meta property=\"og:url\" content=\"https:\/\/gradido.net\/sv\/great-cooperation-gradido-akademie-international-und-plasmatec\/\" \/>\n<meta property=\"og:site_name\" content=\"Gradido\" \/>\n<meta property=\"article:published_time\" content=\"2022-10-10T16:52:00+00:00\" \/>\n<meta property=\"article:modified_time\" content=\"2026-04-24T06:13:36+00:00\" \/>\n<meta property=\"og:image\" content=\"https:\/\/gradido.net\/wp-content\/uploads\/2022\/10\/Pustritz_2.jpg\" \/>\n\t<meta property=\"og:image:width\" content=\"1600\" \/>\n\t<meta property=\"og:image:height\" content=\"1000\" \/>\n\t<meta property=\"og:image:type\" content=\"image\/jpeg\" \/>\n<meta name=\"author\" content=\"Bernd H\u00fcckst\u00e4dt\" \/>\n<meta name=\"twitter:card\" content=\"summary_large_image\" \/>\n<meta name=\"twitter:label1\" content=\"Skriven av\" \/>\n\t<meta name=\"twitter:data1\" content=\"Bernd H\u00fcckst\u00e4dt\" \/>\n\t<meta name=\"twitter:label2\" content=\"Ber\u00e4knad l\u00e4stid\" \/>\n\t<meta name=\"twitter:data2\" content=\"2 minuter\" \/>\n<script type=\"application\/ld+json\" class=\"yoast-schema-graph\">{\"@context\":\"https:\\\/\\\/schema.org\",\"@graph\":[{\"@type\":\"Article\",\"@id\":\"https:\\\/\\\/gradido.net\\\/great-cooperation-gradido-akademie-international-und-plasmatec\\\/#article\",\"isPartOf\":{\"@id\":\"https:\\\/\\\/gradido.net\\\/great-cooperation-gradido-akademie-international-und-plasmatec\\\/\"},\"author\":{\"name\":\"Bernd H\u00fcckst\u00e4dt\",\"@id\":\"https:\\\/\\\/gradido.net\\\/de\\\/#\\\/schema\\\/person\\\/9c503a004ad15a1ddecadce2218db5d1\"},\"headline\":\"Great Cooperation: Gradido Akademie International und PLASMA TEC\",\"datePublished\":\"2022-10-10T16:52:00+00:00\",\"dateModified\":\"2026-04-24T06:13:36+00:00\",\"mainEntityOfPage\":{\"@id\":\"https:\\\/\\\/gradido.net\\\/great-cooperation-gradido-akademie-international-und-plasmatec\\\/\"},\"wordCount\":350,\"publisher\":{\"@id\":\"https:\\\/\\\/gradido.net\\\/de\\\/#organization\"},\"image\":{\"@id\":\"https:\\\/\\\/gradido.net\\\/great-cooperation-gradido-akademie-international-und-plasmatec\\\/#primaryimage\"},\"thumbnailUrl\":\"https:\\\/\\\/gradido.net\\\/wp-content\\\/uploads\\\/2022\\\/10\\\/Pustritz_2.jpg\",\"articleSection\":[\"Blog\",\"Community\"],\"inLanguage\":\"sv-SE\"},{\"@type\":\"WebPage\",\"@id\":\"https:\\\/\\\/gradido.net\\\/great-cooperation-gradido-akademie-international-und-plasmatec\\\/\",\"url\":\"https:\\\/\\\/gradido.net\\\/great-cooperation-gradido-akademie-international-und-plasmatec\\\/\",\"name\":\"Great Cooperation: Gradido Akademie International und PLASMA TEC - Gradido\",\"isPartOf\":{\"@id\":\"https:\\\/\\\/gradido.net\\\/de\\\/#website\"},\"primaryImageOfPage\":{\"@id\":\"https:\\\/\\\/gradido.net\\\/great-cooperation-gradido-akademie-international-und-plasmatec\\\/#primaryimage\"},\"image\":{\"@id\":\"https:\\\/\\\/gradido.net\\\/great-cooperation-gradido-akademie-international-und-plasmatec\\\/#primaryimage\"},\"thumbnailUrl\":\"https:\\\/\\\/gradido.net\\\/wp-content\\\/uploads\\\/2022\\\/10\\\/Pustritz_2.jpg\",\"datePublished\":\"2022-10-10T16:52:00+00:00\",\"dateModified\":\"2026-04-24T06:13:36+00:00\",\"description\":\"Beim Besuch unseres Vereinssitzes in Pustritz in K\u00e4rnten\\\/\u00d6sterreich erlebten wir eine wunderbare Zeit der Begegnung von interessanten, f\u00fcr eine gute Zukunft wirkenden Menschen. Unter anderem trafen den Pr\u00e4sidenten des PLASMA TEC -Forschungsinstituts, Harald Reichl, und besprachen weitere Schritte unserer gemeinsamen Kooperation.\",\"breadcrumb\":{\"@id\":\"https:\\\/\\\/gradido.net\\\/great-cooperation-gradido-akademie-international-und-plasmatec\\\/#breadcrumb\"},\"inLanguage\":\"sv-SE\",\"potentialAction\":[{\"@type\":\"ReadAction\",\"target\":[\"https:\\\/\\\/gradido.net\\\/great-cooperation-gradido-akademie-international-und-plasmatec\\\/\"]}]},{\"@type\":\"ImageObject\",\"inLanguage\":\"sv-SE\",\"@id\":\"https:\\\/\\\/gradido.net\\\/great-cooperation-gradido-akademie-international-und-plasmatec\\\/#primaryimage\",\"url\":\"https:\\\/\\\/gradido.net\\\/wp-content\\\/uploads\\\/2022\\\/10\\\/Pustritz_2.jpg\",\"contentUrl\":\"https:\\\/\\\/gradido.net\\\/wp-content\\\/uploads\\\/2022\\\/10\\\/Pustritz_2.jpg\",\"width\":1600,\"height\":1000},{\"@type\":\"BreadcrumbList\",\"@id\":\"https:\\\/\\\/gradido.net\\\/great-cooperation-gradido-akademie-international-und-plasmatec\\\/#breadcrumb\",\"itemListElement\":[{\"@type\":\"ListItem\",\"position\":1,\"name\":\"Startseite\",\"item\":\"https:\\\/\\\/gradido.net\\\/\"},{\"@type\":\"ListItem\",\"position\":2,\"name\":\"Great Cooperation: Gradido Akademie International und PLASMA TEC\"}]},{\"@type\":\"WebSite\",\"@id\":\"https:\\\/\\\/gradido.net\\\/de\\\/#website\",\"url\":\"https:\\\/\\\/gradido.net\\\/de\\\/\",\"name\":\"Gradido\",\"description\":\"Die neue W\u00e4hrung hei\u00dft Dankbarkeit\",\"publisher\":{\"@id\":\"https:\\\/\\\/gradido.net\\\/de\\\/#organization\"},\"potentialAction\":[{\"@type\":\"SearchAction\",\"target\":{\"@type\":\"EntryPoint\",\"urlTemplate\":\"https:\\\/\\\/gradido.net\\\/de\\\/?s={search_term_string}\"},\"query-input\":{\"@type\":\"PropertyValueSpecification\",\"valueRequired\":true,\"valueName\":\"search_term_string\"}}],\"inLanguage\":\"sv-SE\"},{\"@type\":\"Organization\",\"@id\":\"https:\\\/\\\/gradido.net\\\/de\\\/#organization\",\"name\":\"Gradido\",\"url\":\"https:\\\/\\\/gradido.net\\\/de\\\/\",\"logo\":{\"@type\":\"ImageObject\",\"inLanguage\":\"sv-SE\",\"@id\":\"https:\\\/\\\/gradido.net\\\/de\\\/#\\\/schema\\\/logo\\\/image\\\/\",\"url\":\"https:\\\/\\\/gradido.net\\\/wp-content\\\/uploads\\\/2022\\\/04\\\/gradido-social.jpg\",\"contentUrl\":\"https:\\\/\\\/gradido.net\\\/wp-content\\\/uploads\\\/2022\\\/04\\\/gradido-social.jpg\",\"width\":527,\"height\":273,\"caption\":\"Gradido\"},\"image\":{\"@id\":\"https:\\\/\\\/gradido.net\\\/de\\\/#\\\/schema\\\/logo\\\/image\\\/\"}},{\"@type\":\"Person\",\"@id\":\"https:\\\/\\\/gradido.net\\\/de\\\/#\\\/schema\\\/person\\\/9c503a004ad15a1ddecadce2218db5d1\",\"name\":\"Bernd H\u00fcckst\u00e4dt\",\"sameAs\":[\"https:\\\/\\\/gradido.net\"],\"url\":\"https:\\\/\\\/gradido.net\\\/sv\\\/author\\\/bernd\\\/\"}]}<\/script>\n<!-- \/ Yoast SEO plugin. -->","yoast_head_json":{"title":"Bra samarbete: Gradido Academy International och PLASMA TEC - Gradido","description":"Under bes\u00f6ket p\u00e5 v\u00e5r f\u00f6renings huvudkontor i Pustritz i K\u00e4rnten\/\u00d6sterrike upplevde vi en underbar tid av m\u00f6ten med intressanta m\u00e4nniskor som arbetar f\u00f6r en god framtid. Vi tr\u00e4ffade bland annat ordf\u00f6randen f\u00f6r forskningsinstitutet PLASMA TEC, Harald Reichl, och diskuterade ytterligare steg i v\u00e5rt gemensamma samarbete.","robots":{"index":"index","follow":"follow","max-snippet":"max-snippet:-1","max-image-preview":"max-image-preview:large","max-video-preview":"max-video-preview:-1"},"canonical":"https:\/\/gradido.net\/sv\/great-cooperation-gradido-akademie-international-und-plasmatec\/","og_locale":"sv_SE","og_type":"article","og_title":"Great Cooperation: Gradido Akademie International und PLASMA TEC - Gradido","og_description":"Beim Besuch unseres Vereinssitzes in Pustritz in K\u00e4rnten\/\u00d6sterreich erlebten wir eine wunderbare Zeit der Begegnung von interessanten, f\u00fcr eine gute Zukunft wirkenden Menschen. Unter anderem trafen den Pr\u00e4sidenten des PLASMA TEC -Forschungsinstituts, Harald Reichl, und besprachen weitere Schritte unserer gemeinsamen Kooperation.","og_url":"https:\/\/gradido.net\/sv\/great-cooperation-gradido-akademie-international-und-plasmatec\/","og_site_name":"Gradido","article_published_time":"2022-10-10T16:52:00+00:00","article_modified_time":"2026-04-24T06:13:36+00:00","og_image":[{"width":1600,"height":1000,"url":"https:\/\/gradido.net\/wp-content\/uploads\/2022\/10\/Pustritz_2.jpg","type":"image\/jpeg"}],"author":"Bernd H\u00fcckst\u00e4dt","twitter_card":"summary_large_image","twitter_misc":{"Skriven av":"Bernd H\u00fcckst\u00e4dt","Ber\u00e4knad l\u00e4stid":"2 minuter"},"schema":{"@context":"https:\/\/schema.org","@graph":[{"@type":"Article","@id":"https:\/\/gradido.net\/great-cooperation-gradido-akademie-international-und-plasmatec\/#article","isPartOf":{"@id":"https:\/\/gradido.net\/great-cooperation-gradido-akademie-international-und-plasmatec\/"},"author":{"name":"Bernd H\u00fcckst\u00e4dt","@id":"https:\/\/gradido.net\/de\/#\/schema\/person\/9c503a004ad15a1ddecadce2218db5d1"},"headline":"Great Cooperation: Gradido Akademie International und PLASMA TEC","datePublished":"2022-10-10T16:52:00+00:00","dateModified":"2026-04-24T06:13:36+00:00","mainEntityOfPage":{"@id":"https:\/\/gradido.net\/great-cooperation-gradido-akademie-international-und-plasmatec\/"},"wordCount":350,"publisher":{"@id":"https:\/\/gradido.net\/de\/#organization"},"image":{"@id":"https:\/\/gradido.net\/great-cooperation-gradido-akademie-international-und-plasmatec\/#primaryimage"},"thumbnailUrl":"https:\/\/gradido.net\/wp-content\/uploads\/2022\/10\/Pustritz_2.jpg","articleSection":["Blog","Community"],"inLanguage":"sv-SE"},{"@type":"WebPage","@id":"https:\/\/gradido.net\/great-cooperation-gradido-akademie-international-und-plasmatec\/","url":"https:\/\/gradido.net\/great-cooperation-gradido-akademie-international-und-plasmatec\/","name":"Bra samarbete: Gradido Academy International och PLASMA TEC - Gradido","isPartOf":{"@id":"https:\/\/gradido.net\/de\/#website"},"primaryImageOfPage":{"@id":"https:\/\/gradido.net\/great-cooperation-gradido-akademie-international-und-plasmatec\/#primaryimage"},"image":{"@id":"https:\/\/gradido.net\/great-cooperation-gradido-akademie-international-und-plasmatec\/#primaryimage"},"thumbnailUrl":"https:\/\/gradido.net\/wp-content\/uploads\/2022\/10\/Pustritz_2.jpg","datePublished":"2022-10-10T16:52:00+00:00","dateModified":"2026-04-24T06:13:36+00:00","description":"Under bes\u00f6ket p\u00e5 v\u00e5r f\u00f6renings huvudkontor i Pustritz i K\u00e4rnten\/\u00d6sterrike upplevde vi en underbar tid av m\u00f6ten med intressanta m\u00e4nniskor som arbetar f\u00f6r en god framtid. Vi tr\u00e4ffade bland annat ordf\u00f6randen f\u00f6r forskningsinstitutet PLASMA TEC, Harald Reichl, och diskuterade ytterligare steg i v\u00e5rt gemensamma samarbete.","breadcrumb":{"@id":"https:\/\/gradido.net\/great-cooperation-gradido-akademie-international-und-plasmatec\/#breadcrumb"},"inLanguage":"sv-SE","potentialAction":[{"@type":"ReadAction","target":["https:\/\/gradido.net\/great-cooperation-gradido-akademie-international-und-plasmatec\/"]}]},{"@type":"ImageObject","inLanguage":"sv-SE","@id":"https:\/\/gradido.net\/great-cooperation-gradido-akademie-international-und-plasmatec\/#primaryimage","url":"https:\/\/gradido.net\/wp-content\/uploads\/2022\/10\/Pustritz_2.jpg","contentUrl":"https:\/\/gradido.net\/wp-content\/uploads\/2022\/10\/Pustritz_2.jpg","width":1600,"height":1000},{"@type":"BreadcrumbList","@id":"https:\/\/gradido.net\/great-cooperation-gradido-akademie-international-und-plasmatec\/#breadcrumb","itemListElement":[{"@type":"ListItem","position":1,"name":"Startseite","item":"https:\/\/gradido.net\/"},{"@type":"ListItem","position":2,"name":"Great Cooperation: Gradido Akademie International und PLASMA TEC"}]},{"@type":"WebSite","@id":"https:\/\/gradido.net\/de\/#website","url":"https:\/\/gradido.net\/de\/","name":"Gradido","description":"Den nya valutan \u00e4r tacksamhet","publisher":{"@id":"https:\/\/gradido.net\/de\/#organization"},"potentialAction":[{"@type":"SearchAction","target":{"@type":"EntryPoint","urlTemplate":"https:\/\/gradido.net\/de\/?s={search_term_string}"},"query-input":{"@type":"PropertyValueSpecification","valueRequired":true,"valueName":"search_term_string"}}],"inLanguage":"sv-SE"},{"@type":"Organization","@id":"https:\/\/gradido.net\/de\/#organization","name":"Gradido","url":"https:\/\/gradido.net\/de\/","logo":{"@type":"ImageObject","inLanguage":"sv-SE","@id":"https:\/\/gradido.net\/de\/#\/schema\/logo\/image\/","url":"https:\/\/gradido.net\/wp-content\/uploads\/2022\/04\/gradido-social.jpg","contentUrl":"https:\/\/gradido.net\/wp-content\/uploads\/2022\/04\/gradido-social.jpg","width":527,"height":273,"caption":"Gradido"},"image":{"@id":"https:\/\/gradido.net\/de\/#\/schema\/logo\/image\/"}},{"@type":"Person","@id":"https:\/\/gradido.net\/de\/#\/schema\/person\/9c503a004ad15a1ddecadce2218db5d1","name":"Bernd H\u00fcckst\u00e4dt","sameAs":["https:\/\/gradido.net"],"url":"https:\/\/gradido.net\/sv\/author\/bernd\/"}]}},"_links":{"self":[{"href":"https:\/\/gradido.net\/sv\/wp-json\/wp\/v2\/posts\/5711","targetHints":{"allow":["GET"]}}],"collection":[{"href":"https:\/\/gradido.net\/sv\/wp-json\/wp\/v2\/posts"}],"about":[{"href":"https:\/\/gradido.net\/sv\/wp-json\/wp\/v2\/types\/post"}],"author":[{"embeddable":true,"href":"https:\/\/gradido.net\/sv\/wp-json\/wp\/v2\/users\/2"}],"replies":[{"embeddable":true,"href":"https:\/\/gradido.net\/sv\/wp-json\/wp\/v2\/comments?post=5711"}],"version-history":[{"count":50,"href":"https:\/\/gradido.net\/sv\/wp-json\/wp\/v2\/posts\/5711\/revisions"}],"predecessor-version":[{"id":6609,"href":"https:\/\/gradido.net\/sv\/wp-json\/wp\/v2\/posts\/5711\/revisions\/6609"}],"wp:featuredmedia":[{"embeddable":true,"href":"https:\/\/gradido.net\/sv\/wp-json\/wp\/v2\/media\/5713"}],"wp:attachment":[{"href":"https:\/\/gradido.net\/sv\/wp-json\/wp\/v2\/media?parent=5711"}],"wp:term":[{"taxonomy":"category","embeddable":true,"href":"https:\/\/gradido.net\/sv\/wp-json\/wp\/v2\/categories?post=5711"},{"taxonomy":"post_tag","embeddable":true,"href":"https:\/\/gradido.net\/sv\/wp-json\/wp\/v2\/tags?post=5711"}],"curies":[{"name":"wp","href":"https:\/\/api.w.org\/{rel}","templated":true}]}}