{"id":5802,"date":"2022-10-23T08:40:08","date_gmt":"2022-10-23T06:40:08","guid":{"rendered":"https:\/\/gradido.net\/?p=5802"},"modified":"2026-04-24T08:13:13","modified_gmt":"2026-04-24T06:13:13","slug":"gradido-potenzialentfaltung-im-herbst-2022","status":"publish","type":"post","link":"https:\/\/gradido.net\/sv\/gradido-potenzialentfaltung-im-herbst-2022\/","title":{"rendered":"Gradido potentiell utveckling h\u00f6sten 2022"},"content":{"rendered":"<div data-elementor-type=\"wp-post\" data-elementor-id=\"5802\" class=\"elementor elementor-5802\" data-elementor-post-type=\"post\">\n\t\t\t\t\t\t<section class=\"elementor-section elementor-top-section elementor-element elementor-element-496e1d53 elementor-section-boxed elementor-section-height-default elementor-section-height-default\" data-id=\"496e1d53\" data-element_type=\"section\" data-e-type=\"section\">\n\t\t\t\t\t\t<div class=\"elementor-container elementor-column-gap-default\">\n\t\t\t\t\t<div class=\"elementor-column elementor-col-100 elementor-top-column elementor-element elementor-element-461d7be0\" data-id=\"461d7be0\" data-element_type=\"column\" data-e-type=\"column\">\n\t\t\t<div class=\"elementor-widget-wrap elementor-element-populated\">\n\t\t\t\t\t\t<div class=\"elementor-element elementor-element-cd9ebe2 elementor-widget elementor-widget-text-editor\" data-id=\"cd9ebe2\" data-element_type=\"widget\" data-e-type=\"widget\" data-widget_type=\"text-editor.default\">\n\t\t\t\t<div class=\"elementor-widget-container\">\n\t\t\t\t\t\t\t\t\t<p style=\"text-align: right;\"><em>\"V\u00e5r v\u00e4rlds dilemma \u00e4r att d\u00e5rarna \u00e4r s\u00e5 sj\u00e4lvs\u00e4kra och de kloka \u00e4r s\u00e5 fulla av tvivel.\"<\/em><\/p><p style=\"text-align: right;\"><em>-Bertrand Russell<\/em><\/p><p>K\u00e4ra l\u00e4sare,<\/p><p>Vill du veta mer om hur Gradido kan hj\u00e4lpa dig att uppt\u00e4cka och anv\u00e4nda dina speciella g\u00e5vor f\u00f6r att g\u00f6ra jorden till en plats v\u00e4rd att leva p\u00e5 igen - f\u00f6r oss sj\u00e4lva, v\u00e5ra barn och framtida generationer?<\/p><p>F\u00f6r n\u00e4rvarande pekar tecknen p\u00e5 en storm, och \"den andra sidan\" f\u00f6rs\u00f6ker f\u00f6rhindra eller f\u00f6rbjuda allt positivt. Kommer vi i tid att lyckas utveckla v\u00e5r fulla potential och ta oss an de uppgifter f\u00f6r vilka vi kom till jorden?<\/p>\t\t\t\t\t\t\t\t<\/div>\n\t\t\t\t<\/div>\n\t\t\t\t<div class=\"elementor-element elementor-element-e87c91a elementor-widget elementor-widget-image\" data-id=\"e87c91a\" data-element_type=\"widget\" data-e-type=\"widget\" data-widget_type=\"image.default\">\n\t\t\t\t<div class=\"elementor-widget-container\">\n\t\t\t\t\t\t\t\t\t\t\t\t\t\t\t<img fetchpriority=\"high\" decoding=\"async\" width=\"300\" height=\"264\" src=\"https:\/\/gradido.net\/wp-content\/uploads\/2022\/10\/Joachim_Profil-Bild-300x264.jpg\" class=\"attachment-medium size-medium wp-image-5811\" alt=\"\" srcset=\"https:\/\/gradido.net\/wp-content\/uploads\/2022\/10\/Joachim_Profil-Bild-300x264.jpg 300w, https:\/\/gradido.net\/wp-content\/uploads\/2022\/10\/Joachim_Profil-Bild-14x12.jpg 14w, https:\/\/gradido.net\/wp-content\/uploads\/2022\/10\/Joachim_Profil-Bild.jpg 690w\" sizes=\"(max-width: 300px) 100vw, 300px\" \/>\t\t\t\t\t\t\t\t\t\t\t\t\t\t\t<\/div>\n\t\t\t\t<\/div>\n\t\t\t\t<div class=\"elementor-element elementor-element-17272f9 elementor-widget elementor-widget-text-editor\" data-id=\"17272f9\" data-element_type=\"widget\" data-e-type=\"widget\" data-widget_type=\"text-editor.default\">\n\t\t\t\t<div class=\"elementor-widget-container\">\n\t\t\t\t\t\t\t\t\t<p>Visionsambassad\u00f6ren Joachim har arbetat med dessa fr\u00e5gor i flera \u00e5r och hj\u00e4lper m\u00e4nniskor att (\u00e5ter)uppt\u00e4cka sin personliga vision och leva den framg\u00e5ngsrikt. Sedan ungef\u00e4r ett \u00e5r tillbaka leder han ocks\u00e5 potentiella utvecklingsgrupper p\u00e5 Gradido och bjuder in dig att ansluta dig till honom.<\/p><h3>Vad handlar detta specifikt om?<\/h3><p>Under det senaste \u00e5ret har Joachim lett flera potentialutvecklingsgrupper med j\u00e4mna mellanrum (en g\u00e5ng i veckan) och inspirerat deltagarna att uppt\u00e4cka och utveckla nya potentialer inom sig sj\u00e4lva. De nya potentialerna \u00e4r relaterade till Gradido och fr\u00e5n detta kan man uppleva det trefaldigt goda. Om du inte k\u00e4nner till det trippla v\u00e4lbefinnandet \u00e4n: det beskrivs p\u00e5 ett underh\u00e5llande s\u00e4tt i Gradido-boken och ljudboken (b\u00e5da kan laddas ner fr\u00e5n Gradidos webbplats). <a href=\"https:\/\/gradido.net\/sv\/book\/\">Ladda ner gratis<\/a>).<\/p><p>Utifr\u00e5n Triple Good har Joachim utvecklat en sp\u00e4nnande 12-veckorskurs d\u00e4r deltagarna k\u00e4nner igen sina speciella g\u00e5vor och tillsammans hittar de b\u00e4sta s\u00e4tten att st\u00f6dja varandra p\u00e5 b\u00e4sta m\u00f6jliga s\u00e4tt.<\/p><h3>P\u00e5 grund av den stora framg\u00e5ngen forts\u00e4tter den<\/h3><p>P\u00e5 allm\u00e4n beg\u00e4ran forts\u00e4tter denna utveckling av potentialen nu. Investera 2 timmar i veckan i dig sj\u00e4lv - och du kommer att se vilka positiva f\u00f6r\u00e4ndringar du kommer att uppleva inom 12 veckor.<\/p><h4>Start: 26 oktober kl. 19.00 online<\/h4><p><strong>Kontakta Joachim direkt f\u00f6r information och anm\u00e4lan:<\/strong><br \/><strong>E-post:<\/strong> <a href=\"mailto:potenziale@lifengineering.at\">potenziale@lifengineering.at<\/a> <br \/><strong>Telegram:<\/strong> 0043 660 870 3663 (<a href=\"http:\/\/t.me\/LIFENGINEERING\" target=\"_blank\" rel=\"noopener\">t.me\/LIFENGINEERING<\/a>)<\/p><p><strong>Antalet deltagare \u00e4r begr\u00e4nsat.<\/strong> <br \/>Ett antal intresserade parter har redan registrerat sig i en Telegram-enk\u00e4t.<\/p><p>Om du \u00e4r intresserad, v\u00e4nligen kontakta Joachim s\u00e5 snart som m\u00f6jligt och h\u00e5ll den 26 oktober kl. 19.00 ledig. Du kommer att f\u00e5 all ytterligare information personligen fr\u00e5n Joachim. Joachim ser fram emot ditt deltagande.<\/p><p>Denna turbulenta tid inneb\u00e4r m\u00e5nga utmaningar f\u00f6r oss. Ju fler m\u00e4nniskor utvecklar sin fulla potential och lever sin vision, desto l\u00e4ttare blir det f\u00f6r oss tillsammans att \u00e5terigen forma v\u00e5r vackra jord till det paradis som den f\u00f6rmodligen en g\u00e5ng var t\u00e4nkt att vara - f\u00f6r v\u00e5r egen skull, f\u00f6r v\u00e5ra barns skull och f\u00f6r alla jordens barns skull.<\/p><p>Jag \u00f6nskar er mycket gl\u00e4dje n\u00e4r ni utvecklar era mycket speciella g\u00e5vor.<\/p><p>Din<\/p><p><img decoding=\"async\" class=\"alignnone wp-image-4614 size-medium\" src=\"https:\/\/gradido.net\/wp-content\/uploads\/2022\/06\/MargretBernd_2022-300x74.png\" alt=\"\" width=\"300\" height=\"74\" srcset=\"https:\/\/gradido.net\/wp-content\/uploads\/2022\/06\/MargretBernd_2022-300x74.png 300w, https:\/\/gradido.net\/wp-content\/uploads\/2022\/06\/MargretBernd_2022-18x4.png 18w, https:\/\/gradido.net\/wp-content\/uploads\/2022\/06\/MargretBernd_2022.png 431w\" sizes=\"(max-width: 300px) 100vw, 300px\" \/><\/p><p>Margret Baier och Bernd H\u00fcckst\u00e4dt<br \/>Gradidos grundare och utvecklare<\/p>\t\t\t\t\t\t\t\t<\/div>\n\t\t\t\t<\/div>\n\t\t\t\t\t<\/div>\n\t\t<\/div>\n\t\t\t\t\t<\/div>\n\t\t<\/section>\n\t\t\t\t<section class=\"elementor-section elementor-top-section elementor-element elementor-element-d41b403 elementor-section-boxed elementor-section-height-default elementor-section-height-default\" data-id=\"d41b403\" data-element_type=\"section\" data-e-type=\"section\">\n\t\t\t\t\t\t<div class=\"elementor-container elementor-column-gap-default\">\n\t\t\t\t\t<div class=\"elementor-column elementor-col-100 elementor-top-column elementor-element elementor-element-c7a792b\" data-id=\"c7a792b\" data-element_type=\"column\" data-e-type=\"column\">\n\t\t\t<div class=\"elementor-widget-wrap elementor-element-populated\">\n\t\t\t\t\t\t<div class=\"elementor-element elementor-element-5f4e3f5 elementor-widget elementor-widget-global elementor-global-9341 elementor-widget-text-editor\" data-id=\"5f4e3f5\" data-element_type=\"widget\" data-e-type=\"widget\" data-widget_type=\"text-editor.default\">\n\t\t\t\t<div class=\"elementor-widget-container\">\n\t\t\t\t\t\t\t\t\t<p><strong>PS:\u00a0<span style=\"color: #ff6600;\"><a style=\"color: #ff6600;\" href=\"https:\/\/gradido.net\/sv\/donations\/\">P\u00e5 grund av Gradidos st\u00e4ndigt \u00f6kande betydelse upprepar vi v\u00e5r tacksamhetskampanj den 26 juni 2026:<\/a>\u00a0<\/span><span style=\"color: #0000ff;\"><a style=\"color: #0000ff;\" href=\"https:\/\/gradido.net\/sv\/donations\/\">F\u00f6rutom den multipla GradidoTransform f\u00f6r ditt sponsorbidrag, kommer vi att \u00f6ka alla GDT-kontosaldon med 26% den 26\/06\/2016. Sponsra nu och njut av det multipla beloppet av GDT!<\/a><\/span><\/strong><\/p>\t\t\t\t\t\t\t\t<\/div>\n\t\t\t\t<\/div>\n\t\t\t\t\t<\/div>\n\t\t<\/div>\n\t\t\t\t\t<\/div>\n\t\t<\/section>\n\t\t\t\t<\/div>","protected":false},"excerpt":{"rendered":"<p>P\u00e5 grund av den stora framg\u00e5ngen forts\u00e4tter vi: P\u00e5 allm\u00e4n beg\u00e4ran forts\u00e4tter nu utvecklingen av Gradido-potentialen. Investera 2 timmar i veckan i dig sj\u00e4lv - och du kommer att se vilka positiva f\u00f6r\u00e4ndringar du kommer att uppleva inom 12 veckor.<\/p>","protected":false},"author":2,"featured_media":5803,"comment_status":"closed","ping_status":"closed","sticky":false,"template":"","format":"standard","meta":{"footnotes":""},"categories":[11,54,56],"tags":[],"class_list":["post-5802","post","type-post","status-publish","format-standard","has-post-thumbnail","hentry","category-blog","category-community","category-psychologie"],"yoast_head":"<!-- This site is optimized with the Yoast SEO plugin v27.5 - https:\/\/yoast.com\/product\/yoast-seo-wordpress\/ -->\n<title>Gradido-Potenzialentfaltung im Herbst 2022 - Gradido<\/title>\n<meta name=\"description\" content=\"Wegen des gro\u00dfen Erfolgs geht&#039;s weiter: Auf mehrfachen Wunsch findet nun eine Fortsetzung der Gradido-Potenzialentfaltung statt. Investiere 2 Stunden pro Woche Zeit in Dich \u2013 und Du wirst sehen, was sich innerhalb der 12 Wochen alles positiv fu\u0308r Dich ver\u00e4ndert.\" \/>\n<meta name=\"robots\" content=\"index, follow, max-snippet:-1, max-image-preview:large, max-video-preview:-1\" \/>\n<link rel=\"canonical\" href=\"https:\/\/gradido.net\/sv\/gradido-potenzialentfaltung-im-herbst-2022\/\" \/>\n<meta property=\"og:locale\" content=\"sv_SE\" \/>\n<meta property=\"og:type\" content=\"article\" \/>\n<meta property=\"og:title\" content=\"Gradido-Potenzialentfaltung im Herbst 2022 - Gradido\" \/>\n<meta property=\"og:description\" content=\"Wegen des gro\u00dfen Erfolgs geht&#039;s weiter: Auf mehrfachen Wunsch findet nun eine Fortsetzung der Gradido-Potenzialentfaltung statt. Investiere 2 Stunden pro Woche Zeit in Dich \u2013 und Du wirst sehen, was sich innerhalb der 12 Wochen alles positiv fu\u0308r Dich ver\u00e4ndert.\" \/>\n<meta property=\"og:url\" content=\"https:\/\/gradido.net\/sv\/gradido-potenzialentfaltung-im-herbst-2022\/\" \/>\n<meta property=\"og:site_name\" content=\"Gradido\" \/>\n<meta property=\"article:published_time\" content=\"2022-10-23T06:40:08+00:00\" \/>\n<meta property=\"article:modified_time\" content=\"2026-04-24T06:13:13+00:00\" \/>\n<meta property=\"og:image\" content=\"https:\/\/gradido.net\/wp-content\/uploads\/2022\/10\/Potenzialentfaltung.jpg\" \/>\n\t<meta property=\"og:image:width\" content=\"1500\" \/>\n\t<meta property=\"og:image:height\" content=\"1000\" \/>\n\t<meta property=\"og:image:type\" content=\"image\/jpeg\" \/>\n<meta name=\"author\" content=\"Bernd H\u00fcckst\u00e4dt\" \/>\n<meta name=\"twitter:card\" content=\"summary_large_image\" \/>\n<meta name=\"twitter:label1\" content=\"Skriven av\" \/>\n\t<meta name=\"twitter:data1\" content=\"Bernd H\u00fcckst\u00e4dt\" \/>\n\t<meta name=\"twitter:label2\" content=\"Ber\u00e4knad l\u00e4stid\" \/>\n\t<meta name=\"twitter:data2\" content=\"4 minuter\" \/>\n<script type=\"application\/ld+json\" class=\"yoast-schema-graph\">{\"@context\":\"https:\\\/\\\/schema.org\",\"@graph\":[{\"@type\":\"Article\",\"@id\":\"https:\\\/\\\/gradido.net\\\/gradido-potenzialentfaltung-im-herbst-2022\\\/#article\",\"isPartOf\":{\"@id\":\"https:\\\/\\\/gradido.net\\\/gradido-potenzialentfaltung-im-herbst-2022\\\/\"},\"author\":{\"name\":\"Bernd H\u00fcckst\u00e4dt\",\"@id\":\"https:\\\/\\\/gradido.net\\\/de\\\/#\\\/schema\\\/person\\\/9c503a004ad15a1ddecadce2218db5d1\"},\"headline\":\"Gradido-Potenzialentfaltung im Herbst 2022\",\"datePublished\":\"2022-10-23T06:40:08+00:00\",\"dateModified\":\"2026-04-24T06:13:13+00:00\",\"mainEntityOfPage\":{\"@id\":\"https:\\\/\\\/gradido.net\\\/gradido-potenzialentfaltung-im-herbst-2022\\\/\"},\"wordCount\":511,\"publisher\":{\"@id\":\"https:\\\/\\\/gradido.net\\\/de\\\/#organization\"},\"image\":{\"@id\":\"https:\\\/\\\/gradido.net\\\/gradido-potenzialentfaltung-im-herbst-2022\\\/#primaryimage\"},\"thumbnailUrl\":\"https:\\\/\\\/gradido.net\\\/wp-content\\\/uploads\\\/2022\\\/10\\\/Potenzialentfaltung.jpg\",\"articleSection\":[\"Blog\",\"Community\",\"Psychologie\"],\"inLanguage\":\"sv-SE\"},{\"@type\":\"WebPage\",\"@id\":\"https:\\\/\\\/gradido.net\\\/gradido-potenzialentfaltung-im-herbst-2022\\\/\",\"url\":\"https:\\\/\\\/gradido.net\\\/gradido-potenzialentfaltung-im-herbst-2022\\\/\",\"name\":\"Gradido-Potenzialentfaltung im Herbst 2022 - Gradido\",\"isPartOf\":{\"@id\":\"https:\\\/\\\/gradido.net\\\/de\\\/#website\"},\"primaryImageOfPage\":{\"@id\":\"https:\\\/\\\/gradido.net\\\/gradido-potenzialentfaltung-im-herbst-2022\\\/#primaryimage\"},\"image\":{\"@id\":\"https:\\\/\\\/gradido.net\\\/gradido-potenzialentfaltung-im-herbst-2022\\\/#primaryimage\"},\"thumbnailUrl\":\"https:\\\/\\\/gradido.net\\\/wp-content\\\/uploads\\\/2022\\\/10\\\/Potenzialentfaltung.jpg\",\"datePublished\":\"2022-10-23T06:40:08+00:00\",\"dateModified\":\"2026-04-24T06:13:13+00:00\",\"description\":\"Wegen des gro\u00dfen Erfolgs geht's weiter: Auf mehrfachen Wunsch findet nun eine Fortsetzung der Gradido-Potenzialentfaltung statt. Investiere 2 Stunden pro Woche Zeit in Dich \u2013 und Du wirst sehen, was sich innerhalb der 12 Wochen alles positiv fu\u0308r Dich ver\u00e4ndert.\",\"breadcrumb\":{\"@id\":\"https:\\\/\\\/gradido.net\\\/gradido-potenzialentfaltung-im-herbst-2022\\\/#breadcrumb\"},\"inLanguage\":\"sv-SE\",\"potentialAction\":[{\"@type\":\"ReadAction\",\"target\":[\"https:\\\/\\\/gradido.net\\\/gradido-potenzialentfaltung-im-herbst-2022\\\/\"]}]},{\"@type\":\"ImageObject\",\"inLanguage\":\"sv-SE\",\"@id\":\"https:\\\/\\\/gradido.net\\\/gradido-potenzialentfaltung-im-herbst-2022\\\/#primaryimage\",\"url\":\"https:\\\/\\\/gradido.net\\\/wp-content\\\/uploads\\\/2022\\\/10\\\/Potenzialentfaltung.jpg\",\"contentUrl\":\"https:\\\/\\\/gradido.net\\\/wp-content\\\/uploads\\\/2022\\\/10\\\/Potenzialentfaltung.jpg\",\"width\":1500,\"height\":1000},{\"@type\":\"BreadcrumbList\",\"@id\":\"https:\\\/\\\/gradido.net\\\/gradido-potenzialentfaltung-im-herbst-2022\\\/#breadcrumb\",\"itemListElement\":[{\"@type\":\"ListItem\",\"position\":1,\"name\":\"Startseite\",\"item\":\"https:\\\/\\\/gradido.net\\\/\"},{\"@type\":\"ListItem\",\"position\":2,\"name\":\"Gradido-Potenzialentfaltung im Herbst 2022\"}]},{\"@type\":\"WebSite\",\"@id\":\"https:\\\/\\\/gradido.net\\\/de\\\/#website\",\"url\":\"https:\\\/\\\/gradido.net\\\/de\\\/\",\"name\":\"Gradido\",\"description\":\"Die neue W\u00e4hrung hei\u00dft Dankbarkeit\",\"publisher\":{\"@id\":\"https:\\\/\\\/gradido.net\\\/de\\\/#organization\"},\"potentialAction\":[{\"@type\":\"SearchAction\",\"target\":{\"@type\":\"EntryPoint\",\"urlTemplate\":\"https:\\\/\\\/gradido.net\\\/de\\\/?s={search_term_string}\"},\"query-input\":{\"@type\":\"PropertyValueSpecification\",\"valueRequired\":true,\"valueName\":\"search_term_string\"}}],\"inLanguage\":\"sv-SE\"},{\"@type\":\"Organization\",\"@id\":\"https:\\\/\\\/gradido.net\\\/de\\\/#organization\",\"name\":\"Gradido\",\"url\":\"https:\\\/\\\/gradido.net\\\/de\\\/\",\"logo\":{\"@type\":\"ImageObject\",\"inLanguage\":\"sv-SE\",\"@id\":\"https:\\\/\\\/gradido.net\\\/de\\\/#\\\/schema\\\/logo\\\/image\\\/\",\"url\":\"https:\\\/\\\/gradido.net\\\/wp-content\\\/uploads\\\/2022\\\/04\\\/gradido-social.jpg\",\"contentUrl\":\"https:\\\/\\\/gradido.net\\\/wp-content\\\/uploads\\\/2022\\\/04\\\/gradido-social.jpg\",\"width\":527,\"height\":273,\"caption\":\"Gradido\"},\"image\":{\"@id\":\"https:\\\/\\\/gradido.net\\\/de\\\/#\\\/schema\\\/logo\\\/image\\\/\"}},{\"@type\":\"Person\",\"@id\":\"https:\\\/\\\/gradido.net\\\/de\\\/#\\\/schema\\\/person\\\/9c503a004ad15a1ddecadce2218db5d1\",\"name\":\"Bernd H\u00fcckst\u00e4dt\",\"sameAs\":[\"https:\\\/\\\/gradido.net\"],\"url\":\"https:\\\/\\\/gradido.net\\\/sv\\\/author\\\/bernd\\\/\"}]}<\/script>\n<!-- \/ Yoast SEO plugin. -->","yoast_head_json":{"title":"Gradido potential utvecklas under h\u00f6sten 2022 - Gradido","description":"P\u00e5 grund av den stora framg\u00e5ngen forts\u00e4tter vi: P\u00e5 allm\u00e4n beg\u00e4ran forts\u00e4tter nu Gradido potentialutveckling. Investera 2 timmar per vecka i dig sj\u00e4lv - och du kommer att se vilka positiva f\u00f6r\u00e4ndringar du kommer att uppleva inom 12 veckor.","robots":{"index":"index","follow":"follow","max-snippet":"max-snippet:-1","max-image-preview":"max-image-preview:large","max-video-preview":"max-video-preview:-1"},"canonical":"https:\/\/gradido.net\/sv\/gradido-potenzialentfaltung-im-herbst-2022\/","og_locale":"sv_SE","og_type":"article","og_title":"Gradido-Potenzialentfaltung im Herbst 2022 - Gradido","og_description":"Wegen des gro\u00dfen Erfolgs geht's weiter: Auf mehrfachen Wunsch findet nun eine Fortsetzung der Gradido-Potenzialentfaltung statt. Investiere 2 Stunden pro Woche Zeit in Dich \u2013 und Du wirst sehen, was sich innerhalb der 12 Wochen alles positiv fu\u0308r Dich ver\u00e4ndert.","og_url":"https:\/\/gradido.net\/sv\/gradido-potenzialentfaltung-im-herbst-2022\/","og_site_name":"Gradido","article_published_time":"2022-10-23T06:40:08+00:00","article_modified_time":"2026-04-24T06:13:13+00:00","og_image":[{"width":1500,"height":1000,"url":"https:\/\/gradido.net\/wp-content\/uploads\/2022\/10\/Potenzialentfaltung.jpg","type":"image\/jpeg"}],"author":"Bernd H\u00fcckst\u00e4dt","twitter_card":"summary_large_image","twitter_misc":{"Skriven av":"Bernd H\u00fcckst\u00e4dt","Ber\u00e4knad l\u00e4stid":"4 minuter"},"schema":{"@context":"https:\/\/schema.org","@graph":[{"@type":"Article","@id":"https:\/\/gradido.net\/gradido-potenzialentfaltung-im-herbst-2022\/#article","isPartOf":{"@id":"https:\/\/gradido.net\/gradido-potenzialentfaltung-im-herbst-2022\/"},"author":{"name":"Bernd H\u00fcckst\u00e4dt","@id":"https:\/\/gradido.net\/de\/#\/schema\/person\/9c503a004ad15a1ddecadce2218db5d1"},"headline":"Gradido-Potenzialentfaltung im Herbst 2022","datePublished":"2022-10-23T06:40:08+00:00","dateModified":"2026-04-24T06:13:13+00:00","mainEntityOfPage":{"@id":"https:\/\/gradido.net\/gradido-potenzialentfaltung-im-herbst-2022\/"},"wordCount":511,"publisher":{"@id":"https:\/\/gradido.net\/de\/#organization"},"image":{"@id":"https:\/\/gradido.net\/gradido-potenzialentfaltung-im-herbst-2022\/#primaryimage"},"thumbnailUrl":"https:\/\/gradido.net\/wp-content\/uploads\/2022\/10\/Potenzialentfaltung.jpg","articleSection":["Blog","Community","Psychologie"],"inLanguage":"sv-SE"},{"@type":"WebPage","@id":"https:\/\/gradido.net\/gradido-potenzialentfaltung-im-herbst-2022\/","url":"https:\/\/gradido.net\/gradido-potenzialentfaltung-im-herbst-2022\/","name":"Gradido potential utvecklas under h\u00f6sten 2022 - Gradido","isPartOf":{"@id":"https:\/\/gradido.net\/de\/#website"},"primaryImageOfPage":{"@id":"https:\/\/gradido.net\/gradido-potenzialentfaltung-im-herbst-2022\/#primaryimage"},"image":{"@id":"https:\/\/gradido.net\/gradido-potenzialentfaltung-im-herbst-2022\/#primaryimage"},"thumbnailUrl":"https:\/\/gradido.net\/wp-content\/uploads\/2022\/10\/Potenzialentfaltung.jpg","datePublished":"2022-10-23T06:40:08+00:00","dateModified":"2026-04-24T06:13:13+00:00","description":"P\u00e5 grund av den stora framg\u00e5ngen forts\u00e4tter vi: P\u00e5 allm\u00e4n beg\u00e4ran forts\u00e4tter nu Gradido potentialutveckling. Investera 2 timmar per vecka i dig sj\u00e4lv - och du kommer att se vilka positiva f\u00f6r\u00e4ndringar du kommer att uppleva inom 12 veckor.","breadcrumb":{"@id":"https:\/\/gradido.net\/gradido-potenzialentfaltung-im-herbst-2022\/#breadcrumb"},"inLanguage":"sv-SE","potentialAction":[{"@type":"ReadAction","target":["https:\/\/gradido.net\/gradido-potenzialentfaltung-im-herbst-2022\/"]}]},{"@type":"ImageObject","inLanguage":"sv-SE","@id":"https:\/\/gradido.net\/gradido-potenzialentfaltung-im-herbst-2022\/#primaryimage","url":"https:\/\/gradido.net\/wp-content\/uploads\/2022\/10\/Potenzialentfaltung.jpg","contentUrl":"https:\/\/gradido.net\/wp-content\/uploads\/2022\/10\/Potenzialentfaltung.jpg","width":1500,"height":1000},{"@type":"BreadcrumbList","@id":"https:\/\/gradido.net\/gradido-potenzialentfaltung-im-herbst-2022\/#breadcrumb","itemListElement":[{"@type":"ListItem","position":1,"name":"Startseite","item":"https:\/\/gradido.net\/"},{"@type":"ListItem","position":2,"name":"Gradido-Potenzialentfaltung im Herbst 2022"}]},{"@type":"WebSite","@id":"https:\/\/gradido.net\/de\/#website","url":"https:\/\/gradido.net\/de\/","name":"Gradido","description":"Den nya valutan \u00e4r tacksamhet","publisher":{"@id":"https:\/\/gradido.net\/de\/#organization"},"potentialAction":[{"@type":"SearchAction","target":{"@type":"EntryPoint","urlTemplate":"https:\/\/gradido.net\/de\/?s={search_term_string}"},"query-input":{"@type":"PropertyValueSpecification","valueRequired":true,"valueName":"search_term_string"}}],"inLanguage":"sv-SE"},{"@type":"Organization","@id":"https:\/\/gradido.net\/de\/#organization","name":"Gradido","url":"https:\/\/gradido.net\/de\/","logo":{"@type":"ImageObject","inLanguage":"sv-SE","@id":"https:\/\/gradido.net\/de\/#\/schema\/logo\/image\/","url":"https:\/\/gradido.net\/wp-content\/uploads\/2022\/04\/gradido-social.jpg","contentUrl":"https:\/\/gradido.net\/wp-content\/uploads\/2022\/04\/gradido-social.jpg","width":527,"height":273,"caption":"Gradido"},"image":{"@id":"https:\/\/gradido.net\/de\/#\/schema\/logo\/image\/"}},{"@type":"Person","@id":"https:\/\/gradido.net\/de\/#\/schema\/person\/9c503a004ad15a1ddecadce2218db5d1","name":"Bernd H\u00fcckst\u00e4dt","sameAs":["https:\/\/gradido.net"],"url":"https:\/\/gradido.net\/sv\/author\/bernd\/"}]}},"_links":{"self":[{"href":"https:\/\/gradido.net\/sv\/wp-json\/wp\/v2\/posts\/5802","targetHints":{"allow":["GET"]}}],"collection":[{"href":"https:\/\/gradido.net\/sv\/wp-json\/wp\/v2\/posts"}],"about":[{"href":"https:\/\/gradido.net\/sv\/wp-json\/wp\/v2\/types\/post"}],"author":[{"embeddable":true,"href":"https:\/\/gradido.net\/sv\/wp-json\/wp\/v2\/users\/2"}],"replies":[{"embeddable":true,"href":"https:\/\/gradido.net\/sv\/wp-json\/wp\/v2\/comments?post=5802"}],"version-history":[{"count":26,"href":"https:\/\/gradido.net\/sv\/wp-json\/wp\/v2\/posts\/5802\/revisions"}],"predecessor-version":[{"id":13602,"href":"https:\/\/gradido.net\/sv\/wp-json\/wp\/v2\/posts\/5802\/revisions\/13602"}],"wp:featuredmedia":[{"embeddable":true,"href":"https:\/\/gradido.net\/sv\/wp-json\/wp\/v2\/media\/5803"}],"wp:attachment":[{"href":"https:\/\/gradido.net\/sv\/wp-json\/wp\/v2\/media?parent=5802"}],"wp:term":[{"taxonomy":"category","embeddable":true,"href":"https:\/\/gradido.net\/sv\/wp-json\/wp\/v2\/categories?post=5802"},{"taxonomy":"post_tag","embeddable":true,"href":"https:\/\/gradido.net\/sv\/wp-json\/wp\/v2\/tags?post=5802"}],"curies":[{"name":"wp","href":"https:\/\/api.w.org\/{rel}","templated":true}]}}