{"id":5821,"date":"2022-10-25T06:43:28","date_gmt":"2022-10-25T04:43:28","guid":{"rendered":"https:\/\/gradido.net\/?p=5821"},"modified":"2026-04-24T08:12:29","modified_gmt":"2026-04-24T06:12:29","slug":"10-wochen-voller-dankbarkeit","status":"publish","type":"post","link":"https:\/\/gradido.net\/sv\/10-wochen-voller-dankbarkeit\/","title":{"rendered":"10 veckor fulla av tacksamhet"},"content":{"rendered":"<div data-elementor-type=\"wp-post\" data-elementor-id=\"5821\" class=\"elementor elementor-5821\" data-elementor-post-type=\"post\">\n\t\t\t\t\t\t<section class=\"elementor-section elementor-top-section elementor-element elementor-element-496e1d53 elementor-section-boxed elementor-section-height-default elementor-section-height-default\" data-id=\"496e1d53\" data-element_type=\"section\" data-e-type=\"section\">\n\t\t\t\t\t\t<div class=\"elementor-container elementor-column-gap-default\">\n\t\t\t\t\t<div class=\"elementor-column elementor-col-100 elementor-top-column elementor-element elementor-element-461d7be0\" data-id=\"461d7be0\" data-element_type=\"column\" data-e-type=\"column\">\n\t\t\t<div class=\"elementor-widget-wrap elementor-element-populated\">\n\t\t\t\t\t\t<div class=\"elementor-element elementor-element-cd9ebe2 elementor-widget elementor-widget-text-editor\" data-id=\"cd9ebe2\" data-element_type=\"widget\" data-e-type=\"widget\" data-widget_type=\"text-editor.default\">\n\t\t\t\t<div class=\"elementor-widget-container\">\n\t\t\t\t\t\t\t\t\t<p style=\"text-align: right;\"><em>\"Det \u00e4r inte de lyckliga som \u00e4r tacksamma. Det \u00e4r de tacksamma som \u00e4r lyckliga.\"<\/em><\/p><p style=\"text-align: right;\"><em>- Francis Bacon<\/em><\/p><p>K\u00e4ra l\u00e4sare,<\/p><p>Som ni vet st\u00e5r den f\u00f6rsta stavelsen i Gradido, \"Gra\", f\u00f6r tacksamhet. Varje g\u00e5ng du skickar Gradidos till andra m\u00e4nniskor, skapar du tacksamhet b\u00e5de i deras och i ditt eget liv. Tacksamhet \u00e4r en underbar k\u00e4nsla. Genom att dagligen \u00e5beropa, v\u00e5rda och njuta av den st\u00e4rker vi v\u00e5rt v\u00e4lbefinnande och v\u00e5r kreativa kraft. Och tacksamhet \u00e4r ett kraftfullt verktyg f\u00f6r manifestation: det vi \u00e4r tacksamma f\u00f6r fr\u00e5n hj\u00e4rtat lockar vi in i v\u00e5ra liv.<\/p><p>Men hur kan vi lyckas med att k\u00e4nna och utstr\u00e5la tacksamhet i dessa galna tider n\u00e4r destruktiva krafter hotar att f\u00f6rst\u00f6ra allt gott och vackert? Tacksamhet \u00e4r viktigare nu \u00e4n n\u00e5gonsin tidigare, s\u00e5 att vi tillsammans kan f\u00f6rvandla v\u00e5r vackra jord till det paradis som den en g\u00e5ng var t\u00e4nkt att vara.<\/p>\t\t\t\t\t\t\t\t<\/div>\n\t\t\t\t<\/div>\n\t\t\t\t<div class=\"elementor-element elementor-element-e87c91a elementor-widget elementor-widget-image\" data-id=\"e87c91a\" data-element_type=\"widget\" data-e-type=\"widget\" data-widget_type=\"image.default\">\n\t\t\t\t<div class=\"elementor-widget-container\">\n\t\t\t\t\t\t\t\t\t\t\t\t\t\t\t<img decoding=\"async\" src=\"https:\/\/gradido.net\/wp-content\/uploads\/elementor\/thumbs\/Carola_Firgau-qh4sa6qr809v968n4l99e5zqcksod4kt6il0otfauq.jpg\" title=\"Carola_Firgau\" alt=\"Carola_Firgau\" loading=\"lazy\" \/>\t\t\t\t\t\t\t\t\t\t\t\t\t\t\t<\/div>\n\t\t\t\t<\/div>\n\t\t\t\t<div class=\"elementor-element elementor-element-17272f9 elementor-widget elementor-widget-text-editor\" data-id=\"17272f9\" data-element_type=\"widget\" data-e-type=\"widget\" data-widget_type=\"text-editor.default\">\n\t\t\t\t<div class=\"elementor-widget-container\">\n\t\t\t\t\t\t\t\t\t<p>Som konstn\u00e4r, terapeut och coach k\u00e4nner hon till f\u00f6ljande <a href=\"https:\/\/www.carolafirgau.de\/\" target=\"_blank\" rel=\"noopener\">Carola Firgau<\/a> Du vet mycket v\u00e4l om kraften i tacksamhet. Med titeln <strong>V\u00e4gar till tacksamhet<\/strong> Hon har skapat en underbar arbetsbok som kommer att tj\u00e4na oss tillsammans som en grund f\u00f6r de kommande \"10 veckorna fulla av tacksamhet\". Tusen tack, k\u00e4ra Carola!<\/p><p>Tv\u00e5 g\u00e5nger i veckan kommer vi att skicka ett e-postmeddelande till dig med en \"happiness girl\" som inspirerar dig att tr\u00e4na din \"tacksamhetsmuskel\". Om du integrerar var och en av dessa tacksamhetsimpulser i ditt liv kommer ditt liv att f\u00f6r\u00e4ndras avsev\u00e4rt till det b\u00e4ttre under de tio veckorna.<\/p><h3>S\u00e5 h\u00e4r fungerar det<\/h3><p>Varje tisdag och fredag ger en lycklig tjej dig en impuls av tacksamhet och uppmanar dig att f\u00f6lja denna impuls under de kommande 3-4 dagarna. Vi b\u00f6rjar nu under h\u00f6stdagarna, f\u00f6ljer dig genom advent och jul - d\u00e4r tacksamhet \u00e4nd\u00e5 \u00e4r ett stort \u00e4mne - och sedan genom Raun\u00e4chte fram till den 6 januari. P\u00e5 s\u00e5 s\u00e4tt kan du b\u00f6rja \u00e5r 2023 full av tacksamhet och manifestationskraft.<\/p><p><strong>Vet du att du \u00e4r en skapare? Du utformar en stor del av ditt liv sj\u00e4lv. Med tacksamhet lyckas du s\u00e4rskilt bra och l\u00e4tt.<\/strong><\/p><p>Effekten av tacksamhet \u00e4r enorm. Med tiden kommer du att bli lugnare, lugnare och gladare inom dig. Och den yttre v\u00e4rlden runt omkring dig kommer ocks\u00e5 att f\u00f6r\u00e4ndras till det b\u00e4ttre, eftersom du drar till dig det du \u00e4r tacksam f\u00f6r. Du har allts\u00e5 inget att f\u00f6rlora och mycket att vinna.<\/p><h3>Testa det:<\/h3><p>Hitta n\u00e5got som du \u00e4r tacksam f\u00f6r. K\u00e4nn in i dig sj\u00e4lv. Hur k\u00e4nns det att vara tacksam? \u00c4r det bra? Ler du just nu?<\/p><p>Var sedan d\u00e4r med din tacksamhet under de kommande tio veckorna! De lyckliga flickorna kommer att st\u00f6dja dig. Vem vill vara en otacksam sn\u00e5lj\u00e5p och misshandla sina medm\u00e4nniskor? Tillsammans skapar vi \"v\u00e5gor av tacksamhet\" och g\u00f6r v\u00e4rlden till en b\u00e4ttre plats - f\u00f6r v\u00e5r egen skull, f\u00f6r v\u00e5ra barns skull och f\u00f6r alla barn p\u00e5 jorden!<\/p><p>Vi \u00f6nskar er en underbart tacksam tid.<\/p><p>Din<\/p><p><img decoding=\"async\" class=\"alignnone wp-image-4614 size-medium\" src=\"https:\/\/gradido.net\/wp-content\/uploads\/2022\/06\/MargretBernd_2022-300x74.png\" alt=\"\" width=\"300\" height=\"74\" srcset=\"https:\/\/gradido.net\/wp-content\/uploads\/2022\/06\/MargretBernd_2022-300x74.png 300w, https:\/\/gradido.net\/wp-content\/uploads\/2022\/06\/MargretBernd_2022-18x4.png 18w, https:\/\/gradido.net\/wp-content\/uploads\/2022\/06\/MargretBernd_2022.png 431w\" sizes=\"(max-width: 300px) 100vw, 300px\" \/><\/p><p>Margret Baier och Bernd H\u00fcckst\u00e4dt<br \/>Gradidos grundare och utvecklare<\/p>\t\t\t\t\t\t\t\t<\/div>\n\t\t\t\t<\/div>\n\t\t\t\t\t<\/div>\n\t\t<\/div>\n\t\t\t\t\t<\/div>\n\t\t<\/section>\n\t\t\t\t<section class=\"elementor-section elementor-top-section elementor-element elementor-element-30b31f1 elementor-section-boxed elementor-section-height-default elementor-section-height-default\" data-id=\"30b31f1\" data-element_type=\"section\" data-e-type=\"section\">\n\t\t\t\t\t\t<div class=\"elementor-container elementor-column-gap-default\">\n\t\t\t\t\t<div class=\"elementor-column elementor-col-100 elementor-top-column elementor-element elementor-element-0f96c3c\" data-id=\"0f96c3c\" data-element_type=\"column\" data-e-type=\"column\">\n\t\t\t<div class=\"elementor-widget-wrap elementor-element-populated\">\n\t\t\t\t\t\t<div class=\"elementor-element elementor-element-da46ab7 elementor-widget elementor-widget-global elementor-global-9341 elementor-widget-text-editor\" data-id=\"da46ab7\" data-element_type=\"widget\" data-e-type=\"widget\" data-widget_type=\"text-editor.default\">\n\t\t\t\t<div class=\"elementor-widget-container\">\n\t\t\t\t\t\t\t\t\t<p><strong>PS:\u00a0<span style=\"color: #ff6600;\"><a style=\"color: #ff6600;\" href=\"https:\/\/gradido.net\/sv\/donations\/\">P\u00e5 grund av Gradidos st\u00e4ndigt \u00f6kande betydelse upprepar vi v\u00e5r tacksamhetskampanj den 26 juni 2026:<\/a>\u00a0<\/span><span style=\"color: #0000ff;\"><a style=\"color: #0000ff;\" href=\"https:\/\/gradido.net\/sv\/donations\/\">F\u00f6rutom den multipla GradidoTransform f\u00f6r ditt sponsorbidrag, kommer vi att \u00f6ka alla GDT-kontosaldon med 26% den 26\/06\/2016. Sponsra nu och njut av det multipla beloppet av GDT!<\/a><\/span><\/strong><\/p>\t\t\t\t\t\t\t\t<\/div>\n\t\t\t\t<\/div>\n\t\t\t\t\t<\/div>\n\t\t<\/div>\n\t\t\t\t\t<\/div>\n\t\t<\/section>\n\t\t\t\t<\/div>","protected":false},"excerpt":{"rendered":"<p>Varje g\u00e5ng du skickar Gradidos till andra m\u00e4nniskor ger du dem tacksamhet i deras liv och \u00e4ven i ditt eget. Tacksamhet \u00e4r en underbar k\u00e4nsla. Genom att dagligen \u00e5beropa, v\u00e5rda och njuta av den st\u00e4rker vi v\u00e5rt v\u00e4lbefinnande och v\u00e5r kreativa kraft. <\/p>","protected":false},"author":2,"featured_media":5822,"comment_status":"closed","ping_status":"closed","sticky":false,"template":"","format":"standard","meta":{"footnotes":""},"categories":[11,54,56],"tags":[],"class_list":["post-5821","post","type-post","status-publish","format-standard","has-post-thumbnail","hentry","category-blog","category-community","category-psychologie"],"yoast_head":"<!-- This site is optimized with the Yoast SEO plugin v27.5 - https:\/\/yoast.com\/product\/yoast-seo-wordpress\/ -->\n<title>10 Wochen voller Dankbarkeit - Gradido<\/title>\n<meta name=\"description\" content=\"Jedes Mal, wenn Du anderen Menschen Gradidos sendest, zauberst Du Dankbarkeit sowohl in deren Leben, als auch in Dein eigenes. Dankbarkeit ist ein wunderbares Gef\u00fchl. Indem wir es t\u00e4glich aufrufen, n\u00e4hren und genie\u00dfen, st\u00e4rken wir unser Wohlbefinden und unsere Sch\u00f6pferkraft.\" \/>\n<meta name=\"robots\" content=\"index, follow, max-snippet:-1, max-image-preview:large, max-video-preview:-1\" \/>\n<link rel=\"canonical\" href=\"https:\/\/gradido.net\/sv\/10-wochen-voller-dankbarkeit\/\" \/>\n<meta property=\"og:locale\" content=\"sv_SE\" \/>\n<meta property=\"og:type\" content=\"article\" \/>\n<meta property=\"og:title\" content=\"10 Wochen voller Dankbarkeit - Gradido\" \/>\n<meta property=\"og:description\" content=\"Jedes Mal, wenn Du anderen Menschen Gradidos sendest, zauberst Du Dankbarkeit sowohl in deren Leben, als auch in Dein eigenes. Dankbarkeit ist ein wunderbares Gef\u00fchl. Indem wir es t\u00e4glich aufrufen, n\u00e4hren und genie\u00dfen, st\u00e4rken wir unser Wohlbefinden und unsere Sch\u00f6pferkraft.\" \/>\n<meta property=\"og:url\" content=\"https:\/\/gradido.net\/sv\/10-wochen-voller-dankbarkeit\/\" \/>\n<meta property=\"og:site_name\" content=\"Gradido\" \/>\n<meta property=\"article:published_time\" content=\"2022-10-25T04:43:28+00:00\" \/>\n<meta property=\"article:modified_time\" content=\"2026-04-24T06:12:29+00:00\" \/>\n<meta property=\"og:image\" content=\"https:\/\/gradido.net\/wp-content\/uploads\/2022\/10\/10WDankbarkeit.jpg\" \/>\n\t<meta property=\"og:image:width\" content=\"1500\" \/>\n\t<meta property=\"og:image:height\" content=\"1000\" \/>\n\t<meta property=\"og:image:type\" content=\"image\/jpeg\" \/>\n<meta name=\"author\" content=\"Bernd H\u00fcckst\u00e4dt\" \/>\n<meta name=\"twitter:card\" content=\"summary_large_image\" \/>\n<meta name=\"twitter:label1\" content=\"Skriven av\" \/>\n\t<meta name=\"twitter:data1\" content=\"Bernd H\u00fcckst\u00e4dt\" \/>\n\t<meta name=\"twitter:label2\" content=\"Ber\u00e4knad l\u00e4stid\" \/>\n\t<meta name=\"twitter:data2\" content=\"4 minuter\" \/>\n<script type=\"application\/ld+json\" class=\"yoast-schema-graph\">{\"@context\":\"https:\\\/\\\/schema.org\",\"@graph\":[{\"@type\":\"Article\",\"@id\":\"https:\\\/\\\/gradido.net\\\/10-wochen-voller-dankbarkeit\\\/#article\",\"isPartOf\":{\"@id\":\"https:\\\/\\\/gradido.net\\\/10-wochen-voller-dankbarkeit\\\/\"},\"author\":{\"name\":\"Bernd H\u00fcckst\u00e4dt\",\"@id\":\"https:\\\/\\\/gradido.net\\\/de\\\/#\\\/schema\\\/person\\\/9c503a004ad15a1ddecadce2218db5d1\"},\"headline\":\"10 Wochen voller Dankbarkeit\",\"datePublished\":\"2022-10-25T04:43:28+00:00\",\"dateModified\":\"2026-04-24T06:12:29+00:00\",\"mainEntityOfPage\":{\"@id\":\"https:\\\/\\\/gradido.net\\\/10-wochen-voller-dankbarkeit\\\/\"},\"wordCount\":557,\"publisher\":{\"@id\":\"https:\\\/\\\/gradido.net\\\/de\\\/#organization\"},\"image\":{\"@id\":\"https:\\\/\\\/gradido.net\\\/10-wochen-voller-dankbarkeit\\\/#primaryimage\"},\"thumbnailUrl\":\"https:\\\/\\\/gradido.net\\\/wp-content\\\/uploads\\\/2022\\\/10\\\/10WDankbarkeit.jpg\",\"articleSection\":[\"Blog\",\"Community\",\"Psychologie\"],\"inLanguage\":\"sv-SE\"},{\"@type\":\"WebPage\",\"@id\":\"https:\\\/\\\/gradido.net\\\/10-wochen-voller-dankbarkeit\\\/\",\"url\":\"https:\\\/\\\/gradido.net\\\/10-wochen-voller-dankbarkeit\\\/\",\"name\":\"10 Wochen voller Dankbarkeit - Gradido\",\"isPartOf\":{\"@id\":\"https:\\\/\\\/gradido.net\\\/de\\\/#website\"},\"primaryImageOfPage\":{\"@id\":\"https:\\\/\\\/gradido.net\\\/10-wochen-voller-dankbarkeit\\\/#primaryimage\"},\"image\":{\"@id\":\"https:\\\/\\\/gradido.net\\\/10-wochen-voller-dankbarkeit\\\/#primaryimage\"},\"thumbnailUrl\":\"https:\\\/\\\/gradido.net\\\/wp-content\\\/uploads\\\/2022\\\/10\\\/10WDankbarkeit.jpg\",\"datePublished\":\"2022-10-25T04:43:28+00:00\",\"dateModified\":\"2026-04-24T06:12:29+00:00\",\"description\":\"Jedes Mal, wenn Du anderen Menschen Gradidos sendest, zauberst Du Dankbarkeit sowohl in deren Leben, als auch in Dein eigenes. Dankbarkeit ist ein wunderbares Gef\u00fchl. Indem wir es t\u00e4glich aufrufen, n\u00e4hren und genie\u00dfen, st\u00e4rken wir unser Wohlbefinden und unsere Sch\u00f6pferkraft.\",\"breadcrumb\":{\"@id\":\"https:\\\/\\\/gradido.net\\\/10-wochen-voller-dankbarkeit\\\/#breadcrumb\"},\"inLanguage\":\"sv-SE\",\"potentialAction\":[{\"@type\":\"ReadAction\",\"target\":[\"https:\\\/\\\/gradido.net\\\/10-wochen-voller-dankbarkeit\\\/\"]}]},{\"@type\":\"ImageObject\",\"inLanguage\":\"sv-SE\",\"@id\":\"https:\\\/\\\/gradido.net\\\/10-wochen-voller-dankbarkeit\\\/#primaryimage\",\"url\":\"https:\\\/\\\/gradido.net\\\/wp-content\\\/uploads\\\/2022\\\/10\\\/10WDankbarkeit.jpg\",\"contentUrl\":\"https:\\\/\\\/gradido.net\\\/wp-content\\\/uploads\\\/2022\\\/10\\\/10WDankbarkeit.jpg\",\"width\":1500,\"height\":1000},{\"@type\":\"BreadcrumbList\",\"@id\":\"https:\\\/\\\/gradido.net\\\/10-wochen-voller-dankbarkeit\\\/#breadcrumb\",\"itemListElement\":[{\"@type\":\"ListItem\",\"position\":1,\"name\":\"Startseite\",\"item\":\"https:\\\/\\\/gradido.net\\\/\"},{\"@type\":\"ListItem\",\"position\":2,\"name\":\"10 Wochen voller Dankbarkeit\"}]},{\"@type\":\"WebSite\",\"@id\":\"https:\\\/\\\/gradido.net\\\/de\\\/#website\",\"url\":\"https:\\\/\\\/gradido.net\\\/de\\\/\",\"name\":\"Gradido\",\"description\":\"Die neue W\u00e4hrung hei\u00dft Dankbarkeit\",\"publisher\":{\"@id\":\"https:\\\/\\\/gradido.net\\\/de\\\/#organization\"},\"potentialAction\":[{\"@type\":\"SearchAction\",\"target\":{\"@type\":\"EntryPoint\",\"urlTemplate\":\"https:\\\/\\\/gradido.net\\\/de\\\/?s={search_term_string}\"},\"query-input\":{\"@type\":\"PropertyValueSpecification\",\"valueRequired\":true,\"valueName\":\"search_term_string\"}}],\"inLanguage\":\"sv-SE\"},{\"@type\":\"Organization\",\"@id\":\"https:\\\/\\\/gradido.net\\\/de\\\/#organization\",\"name\":\"Gradido\",\"url\":\"https:\\\/\\\/gradido.net\\\/de\\\/\",\"logo\":{\"@type\":\"ImageObject\",\"inLanguage\":\"sv-SE\",\"@id\":\"https:\\\/\\\/gradido.net\\\/de\\\/#\\\/schema\\\/logo\\\/image\\\/\",\"url\":\"https:\\\/\\\/gradido.net\\\/wp-content\\\/uploads\\\/2022\\\/04\\\/gradido-social.jpg\",\"contentUrl\":\"https:\\\/\\\/gradido.net\\\/wp-content\\\/uploads\\\/2022\\\/04\\\/gradido-social.jpg\",\"width\":527,\"height\":273,\"caption\":\"Gradido\"},\"image\":{\"@id\":\"https:\\\/\\\/gradido.net\\\/de\\\/#\\\/schema\\\/logo\\\/image\\\/\"}},{\"@type\":\"Person\",\"@id\":\"https:\\\/\\\/gradido.net\\\/de\\\/#\\\/schema\\\/person\\\/9c503a004ad15a1ddecadce2218db5d1\",\"name\":\"Bernd H\u00fcckst\u00e4dt\",\"sameAs\":[\"https:\\\/\\\/gradido.net\"],\"url\":\"https:\\\/\\\/gradido.net\\\/sv\\\/author\\\/bernd\\\/\"}]}<\/script>\n<!-- \/ Yoast SEO plugin. -->","yoast_head_json":{"title":"10 veckor fulla av tacksamhet - Gradido","description":"Varje g\u00e5ng du skickar Gradidos till andra m\u00e4nniskor ger du dem tacksamhet i deras liv och \u00e4ven i ditt eget. Tacksamhet \u00e4r en underbar k\u00e4nsla. Genom att dagligen \u00e5beropa, v\u00e5rda och njuta av den st\u00e4rker vi v\u00e5rt v\u00e4lbefinnande och v\u00e5r kreativa kraft.","robots":{"index":"index","follow":"follow","max-snippet":"max-snippet:-1","max-image-preview":"max-image-preview:large","max-video-preview":"max-video-preview:-1"},"canonical":"https:\/\/gradido.net\/sv\/10-wochen-voller-dankbarkeit\/","og_locale":"sv_SE","og_type":"article","og_title":"10 Wochen voller Dankbarkeit - Gradido","og_description":"Jedes Mal, wenn Du anderen Menschen Gradidos sendest, zauberst Du Dankbarkeit sowohl in deren Leben, als auch in Dein eigenes. Dankbarkeit ist ein wunderbares Gef\u00fchl. Indem wir es t\u00e4glich aufrufen, n\u00e4hren und genie\u00dfen, st\u00e4rken wir unser Wohlbefinden und unsere Sch\u00f6pferkraft.","og_url":"https:\/\/gradido.net\/sv\/10-wochen-voller-dankbarkeit\/","og_site_name":"Gradido","article_published_time":"2022-10-25T04:43:28+00:00","article_modified_time":"2026-04-24T06:12:29+00:00","og_image":[{"width":1500,"height":1000,"url":"https:\/\/gradido.net\/wp-content\/uploads\/2022\/10\/10WDankbarkeit.jpg","type":"image\/jpeg"}],"author":"Bernd H\u00fcckst\u00e4dt","twitter_card":"summary_large_image","twitter_misc":{"Skriven av":"Bernd H\u00fcckst\u00e4dt","Ber\u00e4knad l\u00e4stid":"4 minuter"},"schema":{"@context":"https:\/\/schema.org","@graph":[{"@type":"Article","@id":"https:\/\/gradido.net\/10-wochen-voller-dankbarkeit\/#article","isPartOf":{"@id":"https:\/\/gradido.net\/10-wochen-voller-dankbarkeit\/"},"author":{"name":"Bernd H\u00fcckst\u00e4dt","@id":"https:\/\/gradido.net\/de\/#\/schema\/person\/9c503a004ad15a1ddecadce2218db5d1"},"headline":"10 Wochen voller Dankbarkeit","datePublished":"2022-10-25T04:43:28+00:00","dateModified":"2026-04-24T06:12:29+00:00","mainEntityOfPage":{"@id":"https:\/\/gradido.net\/10-wochen-voller-dankbarkeit\/"},"wordCount":557,"publisher":{"@id":"https:\/\/gradido.net\/de\/#organization"},"image":{"@id":"https:\/\/gradido.net\/10-wochen-voller-dankbarkeit\/#primaryimage"},"thumbnailUrl":"https:\/\/gradido.net\/wp-content\/uploads\/2022\/10\/10WDankbarkeit.jpg","articleSection":["Blog","Community","Psychologie"],"inLanguage":"sv-SE"},{"@type":"WebPage","@id":"https:\/\/gradido.net\/10-wochen-voller-dankbarkeit\/","url":"https:\/\/gradido.net\/10-wochen-voller-dankbarkeit\/","name":"10 veckor fulla av tacksamhet - Gradido","isPartOf":{"@id":"https:\/\/gradido.net\/de\/#website"},"primaryImageOfPage":{"@id":"https:\/\/gradido.net\/10-wochen-voller-dankbarkeit\/#primaryimage"},"image":{"@id":"https:\/\/gradido.net\/10-wochen-voller-dankbarkeit\/#primaryimage"},"thumbnailUrl":"https:\/\/gradido.net\/wp-content\/uploads\/2022\/10\/10WDankbarkeit.jpg","datePublished":"2022-10-25T04:43:28+00:00","dateModified":"2026-04-24T06:12:29+00:00","description":"Varje g\u00e5ng du skickar Gradidos till andra m\u00e4nniskor ger du dem tacksamhet i deras liv och \u00e4ven i ditt eget. Tacksamhet \u00e4r en underbar k\u00e4nsla. Genom att dagligen \u00e5beropa, v\u00e5rda och njuta av den st\u00e4rker vi v\u00e5rt v\u00e4lbefinnande och v\u00e5r kreativa kraft.","breadcrumb":{"@id":"https:\/\/gradido.net\/10-wochen-voller-dankbarkeit\/#breadcrumb"},"inLanguage":"sv-SE","potentialAction":[{"@type":"ReadAction","target":["https:\/\/gradido.net\/10-wochen-voller-dankbarkeit\/"]}]},{"@type":"ImageObject","inLanguage":"sv-SE","@id":"https:\/\/gradido.net\/10-wochen-voller-dankbarkeit\/#primaryimage","url":"https:\/\/gradido.net\/wp-content\/uploads\/2022\/10\/10WDankbarkeit.jpg","contentUrl":"https:\/\/gradido.net\/wp-content\/uploads\/2022\/10\/10WDankbarkeit.jpg","width":1500,"height":1000},{"@type":"BreadcrumbList","@id":"https:\/\/gradido.net\/10-wochen-voller-dankbarkeit\/#breadcrumb","itemListElement":[{"@type":"ListItem","position":1,"name":"Startseite","item":"https:\/\/gradido.net\/"},{"@type":"ListItem","position":2,"name":"10 Wochen voller Dankbarkeit"}]},{"@type":"WebSite","@id":"https:\/\/gradido.net\/de\/#website","url":"https:\/\/gradido.net\/de\/","name":"Gradido","description":"Den nya valutan \u00e4r tacksamhet","publisher":{"@id":"https:\/\/gradido.net\/de\/#organization"},"potentialAction":[{"@type":"SearchAction","target":{"@type":"EntryPoint","urlTemplate":"https:\/\/gradido.net\/de\/?s={search_term_string}"},"query-input":{"@type":"PropertyValueSpecification","valueRequired":true,"valueName":"search_term_string"}}],"inLanguage":"sv-SE"},{"@type":"Organization","@id":"https:\/\/gradido.net\/de\/#organization","name":"Gradido","url":"https:\/\/gradido.net\/de\/","logo":{"@type":"ImageObject","inLanguage":"sv-SE","@id":"https:\/\/gradido.net\/de\/#\/schema\/logo\/image\/","url":"https:\/\/gradido.net\/wp-content\/uploads\/2022\/04\/gradido-social.jpg","contentUrl":"https:\/\/gradido.net\/wp-content\/uploads\/2022\/04\/gradido-social.jpg","width":527,"height":273,"caption":"Gradido"},"image":{"@id":"https:\/\/gradido.net\/de\/#\/schema\/logo\/image\/"}},{"@type":"Person","@id":"https:\/\/gradido.net\/de\/#\/schema\/person\/9c503a004ad15a1ddecadce2218db5d1","name":"Bernd H\u00fcckst\u00e4dt","sameAs":["https:\/\/gradido.net"],"url":"https:\/\/gradido.net\/sv\/author\/bernd\/"}]}},"_links":{"self":[{"href":"https:\/\/gradido.net\/sv\/wp-json\/wp\/v2\/posts\/5821","targetHints":{"allow":["GET"]}}],"collection":[{"href":"https:\/\/gradido.net\/sv\/wp-json\/wp\/v2\/posts"}],"about":[{"href":"https:\/\/gradido.net\/sv\/wp-json\/wp\/v2\/types\/post"}],"author":[{"embeddable":true,"href":"https:\/\/gradido.net\/sv\/wp-json\/wp\/v2\/users\/2"}],"replies":[{"embeddable":true,"href":"https:\/\/gradido.net\/sv\/wp-json\/wp\/v2\/comments?post=5821"}],"version-history":[{"count":31,"href":"https:\/\/gradido.net\/sv\/wp-json\/wp\/v2\/posts\/5821\/revisions"}],"predecessor-version":[{"id":13601,"href":"https:\/\/gradido.net\/sv\/wp-json\/wp\/v2\/posts\/5821\/revisions\/13601"}],"wp:featuredmedia":[{"embeddable":true,"href":"https:\/\/gradido.net\/sv\/wp-json\/wp\/v2\/media\/5822"}],"wp:attachment":[{"href":"https:\/\/gradido.net\/sv\/wp-json\/wp\/v2\/media?parent=5821"}],"wp:term":[{"taxonomy":"category","embeddable":true,"href":"https:\/\/gradido.net\/sv\/wp-json\/wp\/v2\/categories?post=5821"},{"taxonomy":"post_tag","embeddable":true,"href":"https:\/\/gradido.net\/sv\/wp-json\/wp\/v2\/tags?post=5821"}],"curies":[{"name":"wp","href":"https:\/\/api.w.org\/{rel}","templated":true}]}}