{"id":5954,"date":"2022-11-26T09:29:13","date_gmt":"2022-11-26T08:29:13","guid":{"rendered":"https:\/\/gradido.net\/?p=5954"},"modified":"2026-04-24T08:10:17","modified_gmt":"2026-04-24T06:10:17","slug":"great-cooperation-gradido-und-unternehmernetzwerke","status":"publish","type":"post","link":"https:\/\/gradido.net\/sv\/great-cooperation-gradido-und-unternehmernetzwerke\/","title":{"rendered":"Ett bra samarbete - Gradido och entrepren\u00f6rsn\u00e4tverk"},"content":{"rendered":"<div data-elementor-type=\"wp-post\" data-elementor-id=\"5954\" class=\"elementor elementor-5954\" data-elementor-post-type=\"post\">\n\t\t\t\t\t\t<section class=\"elementor-section elementor-top-section elementor-element elementor-element-496e1d53 elementor-section-boxed elementor-section-height-default elementor-section-height-default\" data-id=\"496e1d53\" data-element_type=\"section\" data-e-type=\"section\">\n\t\t\t\t\t\t<div class=\"elementor-container elementor-column-gap-default\">\n\t\t\t\t\t<div class=\"elementor-column elementor-col-100 elementor-top-column elementor-element elementor-element-461d7be0\" data-id=\"461d7be0\" data-element_type=\"column\" data-e-type=\"column\">\n\t\t\t<div class=\"elementor-widget-wrap elementor-element-populated\">\n\t\t\t\t\t\t<div class=\"elementor-element elementor-element-cd9ebe2 elementor-widget elementor-widget-text-editor\" data-id=\"cd9ebe2\" data-element_type=\"widget\" data-e-type=\"widget\" data-widget_type=\"text-editor.default\">\n\t\t\t\t<div class=\"elementor-widget-container\">\n\t\t\t\t\t\t\t\t\t<p style=\"text-align: right;\"><em>\"Om alla ser fram\u00e5t tillsammans kommer framg\u00e5ngen av sig sj\u00e4lv.\"<\/em><\/p><p style=\"text-align: right;\"><em>- Henry Ford<\/em><\/p><p>K\u00e4ra l\u00e4sare,<\/p><p>\u00d6nskar du ocks\u00e5 att Gradido s\u00e5 snart som m\u00f6jligt ska f\u00e5 tillg\u00e5ng till vardagliga f\u00f6rn\u00f6denheter och att dr\u00f6mmen om globalt v\u00e4lst\u00e5nd och fred f\u00f6r m\u00e4nskligheten ska bli verklighet?<\/p><p>Men i st\u00e4llet f\u00f6r globalt v\u00e4lst\u00e5nd och fred verkar det motsatta ske. Till och med h\u00e4r i Centraleuropa blir allt fler m\u00e4nniskor fattiga och masskonkurser \u00e4r n\u00e4ra f\u00f6rest\u00e5ende - f\u00f6r att inte tala om de m\u00e5nga andra problemen. Kan vi \"sm\u00e5 m\u00e4nniskor\" fortfarande vidta effektiva mot\u00e5tg\u00e4rder i tid f\u00f6r att skapa en framtid v\u00e4rd att leva i uppskattning, tacksamhet och k\u00e4rlek till varandra? Vi \u00e4r skyldiga oss sj\u00e4lva, v\u00e5ra barn och alla v\u00e4rldens barn att g\u00f6ra detta med alla medel som st\u00e5r till v\u00e5rt f\u00f6rfogande.<\/p><h3>Att \"ta sig an\" framtiden<\/h3><p>P\u00e5 tal om \"f\u00f6retag\": det \u00e4r ofta egenf\u00f6retagare och entrepren\u00f6rer som anv\u00e4nder sin kompetens och sitt kunnande, liksom de n\u00f6dv\u00e4ndiga medlen, f\u00f6r att forma framtiden p\u00e5 ett positivt s\u00e4tt med hj\u00e4rta och sj\u00e4l. Allt fler inser tidens tecken och bildar n\u00e4tverk. Nyligen bj\u00f6ds Bernd in av en lokal grupp i ett entrepren\u00f6rsn\u00e4tverk f\u00f6r att presentera Gradido. Efter\u00e5t svarade han p\u00e5 m\u00e5nga fr\u00e5gor - till de cirka 30 n\u00e4rvarande lyssnarnas fulla bel\u00e5tenhet, som v\u00e4rden ber\u00e4ttade.<\/p>\t\t\t\t\t\t\t\t<\/div>\n\t\t\t\t<\/div>\n\t\t\t\t<div class=\"elementor-element elementor-element-f6b06e6 elementor-widget elementor-widget-video\" data-id=\"f6b06e6\" data-element_type=\"widget\" data-e-type=\"widget\" data-settings=\"{&quot;video_type&quot;:&quot;vimeo&quot;}\" data-widget_type=\"video.default\">\n\t\t\t\t<div class=\"elementor-widget-container\">\n\t\t\t\t\t\t\t<div class=\"elementor-wrapper elementor-open-inline\">\n\t\t\t<iframe hcb-fetch-image-from=\"https:\/\/vimeo.com\/807035387\" class=\"elementor-video-iframe\" allowfullscreen allow=\"clipboard-write\" title=\"vimeo Video predvajalnik\" src=\"https:\/\/player.vimeo.com\/video\/807035387?color&amp;autopause=0&amp;loop=0&amp;muted=0&amp;title=1&amp;portrait=1&amp;byline=1#t=\" data-no-translation-title=\"\"><\/iframe>\t\t<\/div>\n\t\t\t\t\t\t<\/div>\n\t\t\t\t<\/div>\n\t\t\t\t<div class=\"elementor-element elementor-element-17272f9 elementor-widget elementor-widget-text-editor\" data-id=\"17272f9\" data-element_type=\"widget\" data-e-type=\"widget\" data-widget_type=\"text-editor.default\">\n\t\t\t\t<div class=\"elementor-widget-container\">\n\t\t\t\t\t\t\t\t\t<p><a href=\"https:\/\/vimeo.com\/807035387\" target=\"_blank\" rel=\"noopener\">&gt;&gt;&gt;Se direkt p\u00e5 Vimeo<\/a><\/p><h3>Ju st\u00f6rre krisen \u00e4r, desto st\u00f6rre \u00e4r m\u00f6jligheterna<\/h3><p>Nu n\u00e4r de \u00f6desdigra konsekvenserna av skuldpengssystemet blir uppenbara, vaknar allt fler m\u00e4nniskor upp och b\u00f6rjar bilda alternativa strukturer. I de samh\u00e4llen som v\u00e4xer fram p\u00e5 detta s\u00e4tt har vi en historisk m\u00f6jlighet att tillsammans skapa ett nytt monet\u00e4rt system som bygger p\u00e5 uppskattning, tacksamhet och k\u00e4rlek. Gradido skapas decentraliserat av oss m\u00e4nniskor f\u00f6r oss m\u00e4nniskor i n\u00e4tverkssamh\u00e4llen. Varje person kan bidra till det gemensamma b\u00e4sta med sina speciella g\u00e5vor och p\u00e5 s\u00e5 s\u00e4tt skapa sin egen aktiva basinkomst. De Gradidos som skapas p\u00e5 detta s\u00e4tt \u00e4r sedan tillg\u00e4ngliga f\u00f6r utbyte mellan varandra.<\/p><p>Som ni vet kan v\u00e5r planet f\u00f6da flera g\u00e5nger v\u00e4rldens befolkning med ekologisk mat av h\u00f6g kvalitet. Men det finns inga finansiella medel f\u00f6r detta, eftersom pengarna i det gamla systemet g\u00e5r till de 0,01% ofattbara superrika som f\u00f6ljer sin egen agenda.<\/p><p><strong>L\u00f6sningen \u00e4r allts\u00e5 tydlig: <br \/><\/strong><strong>Med Gradido bygger vi m\u00e4nniskor ett nytt finansiellt system underifr\u00e5n som kommer att g\u00f6ra det gamla systemet f\u00f6r\u00e5ldrat.<\/strong><\/p><h3>Tillsammans \u00e4r vi framg\u00e5ngsrika<\/h3><p>F\u00f6rst sporadiskt, sedan p\u00e5 allt fler platser och pl\u00f6tsligt \u00f6verallt, v\u00e4xer Gradidosamh\u00e4llen upp som svampar ur marken. De m\u00e5nga samh\u00e4llena \u00e4r decentraliserade n\u00e4tverk och kan inte l\u00e4ngre stoppas. Tillsammans kan vi producera allt vi beh\u00f6ver f\u00f6r att leva ett full\u00e4ndat liv. D\u00e5 beh\u00f6ver vi inte l\u00e4ngre de superrikas pengar: \"T\u00e4nk att de har alla pengar i v\u00e4rlden, men ingen vill ha dem!\" - D\u00e5 \u00e4r vi fria!<\/p><h3>Tusen tack f\u00f6r ert st\u00f6d!<\/h3><p>Vi tackar er alla fr\u00e5n djupet av v\u00e5ra hj\u00e4rtan f\u00f6r att ni bidrar till det stora gemensamma m\u00e5let: m\u00e4nniskofamiljens frig\u00f6relse i v\u00e4lst\u00e5nd, fred och harmoni med naturen. Ni \u00e4r framtidens hj\u00e4ltar, f\u00f6r ni vet att det handlar om helheten.<\/p><p>Gradido finansieras genom donationer. Tack vare dina gener\u00f6sa bidrag kan vi forts\u00e4tta att finansiera utvecklingen av det decentraliserade och skalbara Gradido-kontot s\u00e5 att det blir tillg\u00e4ngligt f\u00f6r alla m\u00e4nniskor - \u00e4ven de fattigaste - utan kostnad n\u00e4r tiden \u00e4r inne.<\/p><h3>Vi beh\u00f6ver dig<\/h3><p>Naturligtvis \u00e4r du ocks\u00e5 v\u00e4lkommen om du inte kan eller vill ge ekonomiskt st\u00f6d, eftersom alla har sina egna speciella g\u00e5vor. Vissa har tid, andra har pengar. Andra har andra resurser, och ytterligare andra har lite av varje. Alla kan bidra - \u00e4ven du!<\/p><p><strong>Har du inte ett gratis Gradido-konto \u00e4nnu?<\/strong><br \/><a href=\"https:\/\/gdd.gradido.net\/\" target=\"_blank\" rel=\"noopener\"><strong>&gt;&gt;&gt;Registrera den idag!<\/strong>\u00a0<\/a><\/p><p><strong>Du \u00e4r intresserad av v\u00e5rt st\u00f6dprogram och vill f\u00e5 mer \u00e4n 18 g\u00e5nger GradidoTransform som tack?<\/strong><br \/><a href=\"https:\/\/gradido.net\/sv\/donations\/\"><strong>&gt;&gt;&gt;Informera dig h\u00e4r!<\/strong><\/a>\u00a0<\/p><p>Kollapsen av den n\u00e4st st\u00f6rsta kryptob\u00f6rsen FTX, vars kunder blev av med flera miljarder dollar, visade nyligen \u00e4n en g\u00e5ng att Bitcoin &amp; Co inte \u00e4r n\u00e5gon l\u00f6sning.<\/p><p>\"Henry Ford sa: \"N\u00e4r alla ser fram\u00e5t tillsammans kommer framg\u00e5ngen naturligt. Genom att g\u00e5 samman kan vi skapa en framtid som \u00e4r v\u00e4rd att leva f\u00f6r alla. El\u00e4nde, hunger, milj\u00f6f\u00f6rst\u00f6ring och krig kommer d\u00e5 att upph\u00f6ra och ingen kommer att beh\u00f6va fly fr\u00e5n sina hem. V\u00e5r vackra jord kommer \u00e5terigen att bli det paradis som den f\u00f6rmodligen en g\u00e5ng var avsedd att vara - f\u00f6r oss, v\u00e5ra barn och alla v\u00e4rldens barn.<\/p><p>Tack tusen g\u00e5nger f\u00f6r att ni \u00e4r med oss och f\u00f6r att ni \u00e4r med och skapar en livskraftig framtid!<\/p><p>Din<\/p><p><img decoding=\"async\" class=\"alignnone wp-image-4614 size-medium\" src=\"https:\/\/gradido.net\/wp-content\/uploads\/2022\/06\/MargretBernd_2022-300x74.png\" alt=\"\" width=\"300\" height=\"74\" srcset=\"https:\/\/gradido.net\/wp-content\/uploads\/2022\/06\/MargretBernd_2022-300x74.png 300w, https:\/\/gradido.net\/wp-content\/uploads\/2022\/06\/MargretBernd_2022-18x4.png 18w, https:\/\/gradido.net\/wp-content\/uploads\/2022\/06\/MargretBernd_2022.png 431w\" sizes=\"(max-width: 300px) 100vw, 300px\" \/><\/p><p>Margret Baier och Bernd H\u00fcckst\u00e4dt<br \/>Gradidos grundare och utvecklare<\/p>\t\t\t\t\t\t\t\t<\/div>\n\t\t\t\t<\/div>\n\t\t\t\t\t<\/div>\n\t\t<\/div>\n\t\t\t\t\t<\/div>\n\t\t<\/section>\n\t\t\t\t<section class=\"elementor-section elementor-top-section elementor-element elementor-element-71f3d21 elementor-section-boxed elementor-section-height-default elementor-section-height-default\" data-id=\"71f3d21\" data-element_type=\"section\" data-e-type=\"section\">\n\t\t\t\t\t\t<div class=\"elementor-container elementor-column-gap-default\">\n\t\t\t\t\t<div class=\"elementor-column elementor-col-100 elementor-top-column elementor-element elementor-element-265a760\" data-id=\"265a760\" data-element_type=\"column\" data-e-type=\"column\">\n\t\t\t<div class=\"elementor-widget-wrap elementor-element-populated\">\n\t\t\t\t\t\t<div class=\"elementor-element elementor-element-dd32989 elementor-widget elementor-widget-global elementor-global-9341 elementor-widget-text-editor\" data-id=\"dd32989\" data-element_type=\"widget\" data-e-type=\"widget\" data-widget_type=\"text-editor.default\">\n\t\t\t\t<div class=\"elementor-widget-container\">\n\t\t\t\t\t\t\t\t\t<p><strong>PS:\u00a0<span style=\"color: #ff6600;\"><a style=\"color: #ff6600;\" href=\"https:\/\/gradido.net\/sv\/donations\/\">P\u00e5 grund av Gradidos st\u00e4ndigt \u00f6kande betydelse upprepar vi v\u00e5r tacksamhetskampanj den 26 juni 2026:<\/a>\u00a0<\/span><span style=\"color: #0000ff;\"><a style=\"color: #0000ff;\" href=\"https:\/\/gradido.net\/sv\/donations\/\">F\u00f6rutom den multipla GradidoTransform f\u00f6r ditt sponsorbidrag, kommer vi att \u00f6ka alla GDT-kontosaldon med 26% den 26\/06\/2016. Sponsra nu och njut av det multipla beloppet av GDT!<\/a><\/span><\/strong><\/p>\t\t\t\t\t\t\t\t<\/div>\n\t\t\t\t<\/div>\n\t\t\t\t\t<\/div>\n\t\t<\/div>\n\t\t\t\t\t<\/div>\n\t\t<\/section>\n\t\t\t\t<\/div>","protected":false},"excerpt":{"rendered":"<p>Nu n\u00e4r de \u00f6desdigra konsekvenserna av skuldpengssystemet blir uppenbara, vaknar allt fler m\u00e4nniskor upp och b\u00f6rjar bilda alternativa strukturer. I de samh\u00e4llen som v\u00e4xer fram p\u00e5 detta s\u00e4tt har vi en historisk m\u00f6jlighet att tillsammans skapa ett nytt monet\u00e4rt system som bygger p\u00e5 uppskattning, tacksamhet och k\u00e4rlek.<\/p>","protected":false},"author":2,"featured_media":5956,"comment_status":"closed","ping_status":"closed","sticky":false,"template":"","format":"standard","meta":{"footnotes":""},"categories":[11,54],"tags":[],"class_list":["post-5954","post","type-post","status-publish","format-standard","has-post-thumbnail","hentry","category-blog","category-community"],"yoast_head":"<!-- This site is optimized with the Yoast SEO plugin v27.5 - https:\/\/yoast.com\/product\/yoast-seo-wordpress\/ -->\n<title>Great Cooperation \u2013 Gradido und Unternehmernetzwerke - Gradido<\/title>\n<meta name=\"description\" content=\"Jetzt, wo die fatalen Folgen des Schuldgeldsystems un\u00fcbersehbar werden, wachen immer mehr Menschen auf und beginnen alternative Strukturen zu bilden. In den so entstehenden Communities haben wir die historische Chance, gemeinsam ein neues Geldsystem zu erschaffen, das auf Wertsch\u00e4tzung, Dankbarkeit und Liebe gr\u00fcndet.\" \/>\n<meta name=\"robots\" content=\"index, follow, max-snippet:-1, max-image-preview:large, max-video-preview:-1\" \/>\n<link rel=\"canonical\" href=\"https:\/\/gradido.net\/sv\/great-cooperation-gradido-und-unternehmernetzwerke\/\" \/>\n<meta property=\"og:locale\" content=\"sv_SE\" \/>\n<meta property=\"og:type\" content=\"article\" \/>\n<meta property=\"og:title\" content=\"Great Cooperation \u2013 Gradido und Unternehmernetzwerke - Gradido\" \/>\n<meta property=\"og:description\" content=\"Jetzt, wo die fatalen Folgen des Schuldgeldsystems un\u00fcbersehbar werden, wachen immer mehr Menschen auf und beginnen alternative Strukturen zu bilden. In den so entstehenden Communities haben wir die historische Chance, gemeinsam ein neues Geldsystem zu erschaffen, das auf Wertsch\u00e4tzung, Dankbarkeit und Liebe gr\u00fcndet.\" \/>\n<meta property=\"og:url\" content=\"https:\/\/gradido.net\/sv\/great-cooperation-gradido-und-unternehmernetzwerke\/\" \/>\n<meta property=\"og:site_name\" content=\"Gradido\" \/>\n<meta property=\"article:published_time\" content=\"2022-11-26T08:29:13+00:00\" \/>\n<meta property=\"article:modified_time\" content=\"2026-04-24T06:10:17+00:00\" \/>\n<meta property=\"og:image\" content=\"https:\/\/gradido.net\/wp-content\/uploads\/2022\/11\/Unternehmer-Netzwerk-1.jpg\" \/>\n\t<meta property=\"og:image:width\" content=\"1500\" \/>\n\t<meta property=\"og:image:height\" content=\"850\" \/>\n\t<meta property=\"og:image:type\" content=\"image\/jpeg\" \/>\n<meta name=\"author\" content=\"Bernd H\u00fcckst\u00e4dt\" \/>\n<meta name=\"twitter:card\" content=\"summary_large_image\" \/>\n<meta name=\"twitter:label1\" content=\"Skriven av\" \/>\n\t<meta name=\"twitter:data1\" content=\"Bernd H\u00fcckst\u00e4dt\" \/>\n\t<meta name=\"twitter:label2\" content=\"Ber\u00e4knad l\u00e4stid\" \/>\n\t<meta name=\"twitter:data2\" content=\"5 minuter\" \/>\n<script type=\"application\/ld+json\" class=\"yoast-schema-graph\">{\"@context\":\"https:\\\/\\\/schema.org\",\"@graph\":[{\"@type\":\"Article\",\"@id\":\"https:\\\/\\\/gradido.net\\\/great-cooperation-gradido-und-unternehmernetzwerke\\\/#article\",\"isPartOf\":{\"@id\":\"https:\\\/\\\/gradido.net\\\/great-cooperation-gradido-und-unternehmernetzwerke\\\/\"},\"author\":{\"name\":\"Bernd H\u00fcckst\u00e4dt\",\"@id\":\"https:\\\/\\\/gradido.net\\\/de\\\/#\\\/schema\\\/person\\\/9c503a004ad15a1ddecadce2218db5d1\"},\"headline\":\"Great Cooperation \u2013 Gradido und Unternehmernetzwerke\",\"datePublished\":\"2022-11-26T08:29:13+00:00\",\"dateModified\":\"2026-04-24T06:10:17+00:00\",\"mainEntityOfPage\":{\"@id\":\"https:\\\/\\\/gradido.net\\\/great-cooperation-gradido-und-unternehmernetzwerke\\\/\"},\"wordCount\":840,\"publisher\":{\"@id\":\"https:\\\/\\\/gradido.net\\\/de\\\/#organization\"},\"image\":{\"@id\":\"https:\\\/\\\/gradido.net\\\/great-cooperation-gradido-und-unternehmernetzwerke\\\/#primaryimage\"},\"thumbnailUrl\":\"https:\\\/\\\/gradido.net\\\/wp-content\\\/uploads\\\/2022\\\/11\\\/Unternehmer-Netzwerk-1.jpg\",\"articleSection\":[\"Blog\",\"Community\"],\"inLanguage\":\"sv-SE\"},{\"@type\":\"WebPage\",\"@id\":\"https:\\\/\\\/gradido.net\\\/great-cooperation-gradido-und-unternehmernetzwerke\\\/\",\"url\":\"https:\\\/\\\/gradido.net\\\/great-cooperation-gradido-und-unternehmernetzwerke\\\/\",\"name\":\"Great Cooperation \u2013 Gradido und Unternehmernetzwerke - Gradido\",\"isPartOf\":{\"@id\":\"https:\\\/\\\/gradido.net\\\/de\\\/#website\"},\"primaryImageOfPage\":{\"@id\":\"https:\\\/\\\/gradido.net\\\/great-cooperation-gradido-und-unternehmernetzwerke\\\/#primaryimage\"},\"image\":{\"@id\":\"https:\\\/\\\/gradido.net\\\/great-cooperation-gradido-und-unternehmernetzwerke\\\/#primaryimage\"},\"thumbnailUrl\":\"https:\\\/\\\/gradido.net\\\/wp-content\\\/uploads\\\/2022\\\/11\\\/Unternehmer-Netzwerk-1.jpg\",\"datePublished\":\"2022-11-26T08:29:13+00:00\",\"dateModified\":\"2026-04-24T06:10:17+00:00\",\"description\":\"Jetzt, wo die fatalen Folgen des Schuldgeldsystems un\u00fcbersehbar werden, wachen immer mehr Menschen auf und beginnen alternative Strukturen zu bilden. In den so entstehenden Communities haben wir die historische Chance, gemeinsam ein neues Geldsystem zu erschaffen, das auf Wertsch\u00e4tzung, Dankbarkeit und Liebe gr\u00fcndet.\",\"breadcrumb\":{\"@id\":\"https:\\\/\\\/gradido.net\\\/great-cooperation-gradido-und-unternehmernetzwerke\\\/#breadcrumb\"},\"inLanguage\":\"sv-SE\",\"potentialAction\":[{\"@type\":\"ReadAction\",\"target\":[\"https:\\\/\\\/gradido.net\\\/great-cooperation-gradido-und-unternehmernetzwerke\\\/\"]}]},{\"@type\":\"ImageObject\",\"inLanguage\":\"sv-SE\",\"@id\":\"https:\\\/\\\/gradido.net\\\/great-cooperation-gradido-und-unternehmernetzwerke\\\/#primaryimage\",\"url\":\"https:\\\/\\\/gradido.net\\\/wp-content\\\/uploads\\\/2022\\\/11\\\/Unternehmer-Netzwerk-1.jpg\",\"contentUrl\":\"https:\\\/\\\/gradido.net\\\/wp-content\\\/uploads\\\/2022\\\/11\\\/Unternehmer-Netzwerk-1.jpg\",\"width\":1500,\"height\":850},{\"@type\":\"BreadcrumbList\",\"@id\":\"https:\\\/\\\/gradido.net\\\/great-cooperation-gradido-und-unternehmernetzwerke\\\/#breadcrumb\",\"itemListElement\":[{\"@type\":\"ListItem\",\"position\":1,\"name\":\"Startseite\",\"item\":\"https:\\\/\\\/gradido.net\\\/\"},{\"@type\":\"ListItem\",\"position\":2,\"name\":\"Great Cooperation \u2013 Gradido und Unternehmernetzwerke\"}]},{\"@type\":\"WebSite\",\"@id\":\"https:\\\/\\\/gradido.net\\\/de\\\/#website\",\"url\":\"https:\\\/\\\/gradido.net\\\/de\\\/\",\"name\":\"Gradido\",\"description\":\"Die neue W\u00e4hrung hei\u00dft Dankbarkeit\",\"publisher\":{\"@id\":\"https:\\\/\\\/gradido.net\\\/de\\\/#organization\"},\"potentialAction\":[{\"@type\":\"SearchAction\",\"target\":{\"@type\":\"EntryPoint\",\"urlTemplate\":\"https:\\\/\\\/gradido.net\\\/de\\\/?s={search_term_string}\"},\"query-input\":{\"@type\":\"PropertyValueSpecification\",\"valueRequired\":true,\"valueName\":\"search_term_string\"}}],\"inLanguage\":\"sv-SE\"},{\"@type\":\"Organization\",\"@id\":\"https:\\\/\\\/gradido.net\\\/de\\\/#organization\",\"name\":\"Gradido\",\"url\":\"https:\\\/\\\/gradido.net\\\/de\\\/\",\"logo\":{\"@type\":\"ImageObject\",\"inLanguage\":\"sv-SE\",\"@id\":\"https:\\\/\\\/gradido.net\\\/de\\\/#\\\/schema\\\/logo\\\/image\\\/\",\"url\":\"https:\\\/\\\/gradido.net\\\/wp-content\\\/uploads\\\/2022\\\/04\\\/gradido-social.jpg\",\"contentUrl\":\"https:\\\/\\\/gradido.net\\\/wp-content\\\/uploads\\\/2022\\\/04\\\/gradido-social.jpg\",\"width\":527,\"height\":273,\"caption\":\"Gradido\"},\"image\":{\"@id\":\"https:\\\/\\\/gradido.net\\\/de\\\/#\\\/schema\\\/logo\\\/image\\\/\"}},{\"@type\":\"Person\",\"@id\":\"https:\\\/\\\/gradido.net\\\/de\\\/#\\\/schema\\\/person\\\/9c503a004ad15a1ddecadce2218db5d1\",\"name\":\"Bernd H\u00fcckst\u00e4dt\",\"sameAs\":[\"https:\\\/\\\/gradido.net\"],\"url\":\"https:\\\/\\\/gradido.net\\\/sv\\\/author\\\/bernd\\\/\"}]}<\/script>\n<!-- \/ Yoast SEO plugin. -->","yoast_head_json":{"title":"Stora samarbeten - Gradido och entrepren\u00f6riella n\u00e4tverk - Gradido","description":"Nu n\u00e4r de \u00f6desdigra konsekvenserna av skuldpengssystemet blir uppenbara, vaknar allt fler m\u00e4nniskor upp och b\u00f6rjar bilda alternativa strukturer. I de samh\u00e4llen som v\u00e4xer fram p\u00e5 detta s\u00e4tt har vi en historisk m\u00f6jlighet att tillsammans skapa ett nytt monet\u00e4rt system som bygger p\u00e5 uppskattning, tacksamhet och k\u00e4rlek.","robots":{"index":"index","follow":"follow","max-snippet":"max-snippet:-1","max-image-preview":"max-image-preview:large","max-video-preview":"max-video-preview:-1"},"canonical":"https:\/\/gradido.net\/sv\/great-cooperation-gradido-und-unternehmernetzwerke\/","og_locale":"sv_SE","og_type":"article","og_title":"Great Cooperation \u2013 Gradido und Unternehmernetzwerke - Gradido","og_description":"Jetzt, wo die fatalen Folgen des Schuldgeldsystems un\u00fcbersehbar werden, wachen immer mehr Menschen auf und beginnen alternative Strukturen zu bilden. In den so entstehenden Communities haben wir die historische Chance, gemeinsam ein neues Geldsystem zu erschaffen, das auf Wertsch\u00e4tzung, Dankbarkeit und Liebe gr\u00fcndet.","og_url":"https:\/\/gradido.net\/sv\/great-cooperation-gradido-und-unternehmernetzwerke\/","og_site_name":"Gradido","article_published_time":"2022-11-26T08:29:13+00:00","article_modified_time":"2026-04-24T06:10:17+00:00","og_image":[{"width":1500,"height":850,"url":"https:\/\/gradido.net\/wp-content\/uploads\/2022\/11\/Unternehmer-Netzwerk-1.jpg","type":"image\/jpeg"}],"author":"Bernd H\u00fcckst\u00e4dt","twitter_card":"summary_large_image","twitter_misc":{"Skriven av":"Bernd H\u00fcckst\u00e4dt","Ber\u00e4knad l\u00e4stid":"5 minuter"},"schema":{"@context":"https:\/\/schema.org","@graph":[{"@type":"Article","@id":"https:\/\/gradido.net\/great-cooperation-gradido-und-unternehmernetzwerke\/#article","isPartOf":{"@id":"https:\/\/gradido.net\/great-cooperation-gradido-und-unternehmernetzwerke\/"},"author":{"name":"Bernd H\u00fcckst\u00e4dt","@id":"https:\/\/gradido.net\/de\/#\/schema\/person\/9c503a004ad15a1ddecadce2218db5d1"},"headline":"Great Cooperation \u2013 Gradido und Unternehmernetzwerke","datePublished":"2022-11-26T08:29:13+00:00","dateModified":"2026-04-24T06:10:17+00:00","mainEntityOfPage":{"@id":"https:\/\/gradido.net\/great-cooperation-gradido-und-unternehmernetzwerke\/"},"wordCount":840,"publisher":{"@id":"https:\/\/gradido.net\/de\/#organization"},"image":{"@id":"https:\/\/gradido.net\/great-cooperation-gradido-und-unternehmernetzwerke\/#primaryimage"},"thumbnailUrl":"https:\/\/gradido.net\/wp-content\/uploads\/2022\/11\/Unternehmer-Netzwerk-1.jpg","articleSection":["Blog","Community"],"inLanguage":"sv-SE"},{"@type":"WebPage","@id":"https:\/\/gradido.net\/great-cooperation-gradido-und-unternehmernetzwerke\/","url":"https:\/\/gradido.net\/great-cooperation-gradido-und-unternehmernetzwerke\/","name":"Stora samarbeten - Gradido och entrepren\u00f6riella n\u00e4tverk - Gradido","isPartOf":{"@id":"https:\/\/gradido.net\/de\/#website"},"primaryImageOfPage":{"@id":"https:\/\/gradido.net\/great-cooperation-gradido-und-unternehmernetzwerke\/#primaryimage"},"image":{"@id":"https:\/\/gradido.net\/great-cooperation-gradido-und-unternehmernetzwerke\/#primaryimage"},"thumbnailUrl":"https:\/\/gradido.net\/wp-content\/uploads\/2022\/11\/Unternehmer-Netzwerk-1.jpg","datePublished":"2022-11-26T08:29:13+00:00","dateModified":"2026-04-24T06:10:17+00:00","description":"Nu n\u00e4r de \u00f6desdigra konsekvenserna av skuldpengssystemet blir uppenbara, vaknar allt fler m\u00e4nniskor upp och b\u00f6rjar bilda alternativa strukturer. I de samh\u00e4llen som v\u00e4xer fram p\u00e5 detta s\u00e4tt har vi en historisk m\u00f6jlighet att tillsammans skapa ett nytt monet\u00e4rt system som bygger p\u00e5 uppskattning, tacksamhet och k\u00e4rlek.","breadcrumb":{"@id":"https:\/\/gradido.net\/great-cooperation-gradido-und-unternehmernetzwerke\/#breadcrumb"},"inLanguage":"sv-SE","potentialAction":[{"@type":"ReadAction","target":["https:\/\/gradido.net\/great-cooperation-gradido-und-unternehmernetzwerke\/"]}]},{"@type":"ImageObject","inLanguage":"sv-SE","@id":"https:\/\/gradido.net\/great-cooperation-gradido-und-unternehmernetzwerke\/#primaryimage","url":"https:\/\/gradido.net\/wp-content\/uploads\/2022\/11\/Unternehmer-Netzwerk-1.jpg","contentUrl":"https:\/\/gradido.net\/wp-content\/uploads\/2022\/11\/Unternehmer-Netzwerk-1.jpg","width":1500,"height":850},{"@type":"BreadcrumbList","@id":"https:\/\/gradido.net\/great-cooperation-gradido-und-unternehmernetzwerke\/#breadcrumb","itemListElement":[{"@type":"ListItem","position":1,"name":"Startseite","item":"https:\/\/gradido.net\/"},{"@type":"ListItem","position":2,"name":"Great Cooperation \u2013 Gradido und Unternehmernetzwerke"}]},{"@type":"WebSite","@id":"https:\/\/gradido.net\/de\/#website","url":"https:\/\/gradido.net\/de\/","name":"Gradido","description":"Den nya valutan \u00e4r tacksamhet","publisher":{"@id":"https:\/\/gradido.net\/de\/#organization"},"potentialAction":[{"@type":"SearchAction","target":{"@type":"EntryPoint","urlTemplate":"https:\/\/gradido.net\/de\/?s={search_term_string}"},"query-input":{"@type":"PropertyValueSpecification","valueRequired":true,"valueName":"search_term_string"}}],"inLanguage":"sv-SE"},{"@type":"Organization","@id":"https:\/\/gradido.net\/de\/#organization","name":"Gradido","url":"https:\/\/gradido.net\/de\/","logo":{"@type":"ImageObject","inLanguage":"sv-SE","@id":"https:\/\/gradido.net\/de\/#\/schema\/logo\/image\/","url":"https:\/\/gradido.net\/wp-content\/uploads\/2022\/04\/gradido-social.jpg","contentUrl":"https:\/\/gradido.net\/wp-content\/uploads\/2022\/04\/gradido-social.jpg","width":527,"height":273,"caption":"Gradido"},"image":{"@id":"https:\/\/gradido.net\/de\/#\/schema\/logo\/image\/"}},{"@type":"Person","@id":"https:\/\/gradido.net\/de\/#\/schema\/person\/9c503a004ad15a1ddecadce2218db5d1","name":"Bernd H\u00fcckst\u00e4dt","sameAs":["https:\/\/gradido.net"],"url":"https:\/\/gradido.net\/sv\/author\/bernd\/"}]}},"_links":{"self":[{"href":"https:\/\/gradido.net\/sv\/wp-json\/wp\/v2\/posts\/5954","targetHints":{"allow":["GET"]}}],"collection":[{"href":"https:\/\/gradido.net\/sv\/wp-json\/wp\/v2\/posts"}],"about":[{"href":"https:\/\/gradido.net\/sv\/wp-json\/wp\/v2\/types\/post"}],"author":[{"embeddable":true,"href":"https:\/\/gradido.net\/sv\/wp-json\/wp\/v2\/users\/2"}],"replies":[{"embeddable":true,"href":"https:\/\/gradido.net\/sv\/wp-json\/wp\/v2\/comments?post=5954"}],"version-history":[{"count":46,"href":"https:\/\/gradido.net\/sv\/wp-json\/wp\/v2\/posts\/5954\/revisions"}],"predecessor-version":[{"id":13599,"href":"https:\/\/gradido.net\/sv\/wp-json\/wp\/v2\/posts\/5954\/revisions\/13599"}],"wp:featuredmedia":[{"embeddable":true,"href":"https:\/\/gradido.net\/sv\/wp-json\/wp\/v2\/media\/5956"}],"wp:attachment":[{"href":"https:\/\/gradido.net\/sv\/wp-json\/wp\/v2\/media?parent=5954"}],"wp:term":[{"taxonomy":"category","embeddable":true,"href":"https:\/\/gradido.net\/sv\/wp-json\/wp\/v2\/categories?post=5954"},{"taxonomy":"post_tag","embeddable":true,"href":"https:\/\/gradido.net\/sv\/wp-json\/wp\/v2\/tags?post=5954"}],"curies":[{"name":"wp","href":"https:\/\/api.w.org\/{rel}","templated":true}]}}