{"id":6017,"date":"2023-01-01T00:17:31","date_gmt":"2022-12-31T23:17:31","guid":{"rendered":"https:\/\/gradido.net\/?p=6017"},"modified":"2026-04-24T08:09:27","modified_gmt":"2026-04-24T06:09:27","slug":"gradido-konto-2023-neues-design-und-dezentrale-communities","status":"publish","type":"post","link":"https:\/\/gradido.net\/sv\/gradido-konto-2023-neues-design-und-dezentrale-communities\/","title":{"rendered":"Gradido account 2023: ny design och decentraliserade samh\u00e4llen"},"content":{"rendered":"<div data-elementor-type=\"wp-post\" data-elementor-id=\"6017\" class=\"elementor elementor-6017\" data-elementor-post-type=\"post\">\n\t\t\t\t\t\t<section class=\"elementor-section elementor-top-section elementor-element elementor-element-496e1d53 elementor-section-boxed elementor-section-height-default elementor-section-height-default\" data-id=\"496e1d53\" data-element_type=\"section\" data-e-type=\"section\">\n\t\t\t\t\t\t<div class=\"elementor-container elementor-column-gap-default\">\n\t\t\t\t\t<div class=\"elementor-column elementor-col-100 elementor-top-column elementor-element elementor-element-461d7be0\" data-id=\"461d7be0\" data-element_type=\"column\" data-e-type=\"column\">\n\t\t\t<div class=\"elementor-widget-wrap elementor-element-populated\">\n\t\t\t\t\t\t<div class=\"elementor-element elementor-element-cd9ebe2 elementor-widget elementor-widget-text-editor\" data-id=\"cd9ebe2\" data-element_type=\"widget\" data-e-type=\"widget\" data-widget_type=\"text-editor.default\">\n\t\t\t\t<div class=\"elementor-widget-container\">\n\t\t\t\t\t\t\t\t\t<p style=\"text-align: right;\"><em>\"Vi f\u00f6rundras \u00f6ver fj\u00e4rilens sk\u00f6nhet, men vi \u00e4r s\u00e4llan medvetna om de f\u00f6r\u00e4ndringar som den m\u00e5ste genomg\u00e5 f\u00f6r att bli s\u00e5 vacker.\"<\/em><br \/><em>\u00a0<\/em><br \/><em>- Maya Angelou <br \/>USA-amerikansk f\u00f6rfattare, professor och m\u00e4nniskor\u00e4ttsaktivist. <br \/>1928\u20132014<\/em><\/p><p style=\"text-align: left;\">K\u00e4ra l\u00e4sare,<\/p><p>Innan vi kommer till dagens viktiga \u00e4mne, l\u00e5t oss st\u00e4lla en fr\u00e5ga:<\/p><h4>\"\u00c4r du en Imago-cell\"?<\/h4><p>Imago - Vad????<br \/>N\u00e4r larvens tid \u00e4r slut bildas nya typer av celler - till en b\u00f6rjan sporadiskt - som redan b\u00e4r bilden av den f\u00e4rgglada fj\u00e4rilen full av liv. De kallas imago-celler. Till att b\u00f6rja med bek\u00e4mpas de h\u00e5rt av de gamla larvcellerna. Men med tiden blir Imago-cellerna alltmer omfattande. De k\u00e4nner igen varandra och f\u00e5r kontakt med varandra. De skapar parallella strukturer och g\u00f6r sig s\u00e5 bekv\u00e4ma som m\u00f6jligt i en larv. Varje Imago-cell bidrar med sina egna speciella f\u00f6rm\u00e5gor till gemenskapen. Sm\u00e5ningom blir de nya cellgrupperna st\u00f6rre och fler. Precis som svampar dyker de upp \u00f6verallt och bildar en stor helhet tills den gamla larven inte l\u00e4ngre finns kvar. Pl\u00f6tsligt kl\u00e4cks en vacker fj\u00e4ril ur puppan och stiger upp i luften med l\u00e4tthet och gl\u00e4dje.<\/p>\t\t\t\t\t\t\t\t<\/div>\n\t\t\t\t<\/div>\n\t\t\t\t<div class=\"elementor-element elementor-element-f16312a elementor-widget elementor-widget-image\" data-id=\"f16312a\" data-element_type=\"widget\" data-e-type=\"widget\" data-widget_type=\"image.default\">\n\t\t\t\t<div class=\"elementor-widget-container\">\n\t\t\t\t\t\t\t\t\t\t\t\t\t\t\t<img fetchpriority=\"high\" decoding=\"async\" width=\"1200\" height=\"288\" src=\"https:\/\/gradido.net\/wp-content\/uploads\/2022\/12\/Raupe-Schmetterling.jpg\" class=\"attachment-full size-full wp-image-6023\" alt=\"Metamorfos fr\u00e5n larv till fj\u00e4ril\" srcset=\"https:\/\/gradido.net\/wp-content\/uploads\/2022\/12\/Raupe-Schmetterling.jpg 1200w, https:\/\/gradido.net\/wp-content\/uploads\/2022\/12\/Raupe-Schmetterling-300x72.jpg 300w, https:\/\/gradido.net\/wp-content\/uploads\/2022\/12\/Raupe-Schmetterling-1024x246.jpg 1024w, https:\/\/gradido.net\/wp-content\/uploads\/2022\/12\/Raupe-Schmetterling-768x184.jpg 768w, https:\/\/gradido.net\/wp-content\/uploads\/2022\/12\/Raupe-Schmetterling-18x4.jpg 18w\" sizes=\"(max-width: 1200px) 100vw, 1200px\" \/>\t\t\t\t\t\t\t\t\t\t\t\t\t\t\t<\/div>\n\t\t\t\t<\/div>\n\t\t\t\t<div class=\"elementor-element elementor-element-17272f9 elementor-widget elementor-widget-text-editor\" data-id=\"17272f9\" data-element_type=\"widget\" data-e-type=\"widget\" data-widget_type=\"text-editor.default\">\n\t\t\t\t<div class=\"elementor-widget-container\">\n\t\t\t\t\t\t\t\t\t<p>\u00c4r du ocks\u00e5 en Imago-cell? Ja? D\u00e5 kommer du att m\u00e4rka att du m\u00f6ter fler och fler m\u00e4nniskor som - var och en p\u00e5 sitt eget s\u00e4tt - bidrar till att det gamla larvsystemet f\u00f6rvandlas till en ny fj\u00e4rilsepok f\u00f6r den m\u00e4nskliga familjen.<\/p><p><strong>Den nya tiden kommer att pr\u00e4glas av uppskattning, tacksamhet och k\u00e4rleksfull samvaro - och detta bland mycket olika m\u00e4nniskor.<\/strong><\/p><p>Men det finns fortfarande m\u00e5nga steg att ta fram till dess. F\u00f6r medan allting d\u00e4r ute blir dyrare och os\u00e4krare, miljarder dollar br\u00e4nns utomlands, det gamla skuld-pengar-systemet kollapsar med en allt h\u00f6gre krasch och de vanliga misst\u00e4nkta \u00e4r <a href=\"https:\/\/www.centerforhealthsecurity.org\/our-work\/exercises\/2022-catastrophic-contagion\/\" target=\"_blank\" rel=\"noopener\">n\u00e4sta katastrofala pandemi<\/a> repetitioner - den h\u00e4r g\u00e5ngen med fokus p\u00e5 v\u00e5ra barn(!) - uppst\u00e5r den oroliga fr\u00e5gan:<\/p><p><strong>P\u00e5 dag X, n\u00e4r Gradido beh\u00f6vs \u00f6ver hela v\u00e4rlden, kommer vi att vara redo att tillsammans installera ett r\u00e4ttvist och fredligt monet\u00e4rt och ekonomiskt system p\u00e5 jorden - f\u00f6r v\u00e5r egen skull, f\u00f6r v\u00e5ra barn och f\u00f6r alla jordens barn?<\/strong>\u00a0<\/p><p>Det \u00e4r ofta de tystare m\u00e4nniskorna som tyst, flitigt och med hj\u00e4rta och sj\u00e4l skapar grunden f\u00f6r en stor utveckling. V\u00e5r <a href=\"https:\/\/gradido.net\/sv\/team\/\">Utvecklare<\/a> har gjort ett stort f\u00f6rberedande arbete under de senaste m\u00e5naderna, som kommer att f\u00f6rverkligas 2023. \u00c5 ena sidan v\u00e4ljer de den s\u00e4kraste tekniken f\u00f6r utvecklingen och \u00e5 andra sidan g\u00f6r de allt f\u00f6r att g\u00f6ra det s\u00e5 enkelt och intuitivt som m\u00f6jligt f\u00f6r oss anv\u00e4ndare. Kanske har du ocks\u00e5 redan m\u00e4rkt att du har l\u00e4ttare och l\u00e4ttare att ta dig fram och knappt beh\u00f6ver st\u00f6d l\u00e4ngre?<\/p><p><strong>Vi Imago-m\u00e4nniskor \u00e4r m\u00e5nga och v\u00e4xer. Det \u00e4r inte alla av oss som \u00e4r engagerade i den fredliga omvandlingen av det finansiella systemet, och \u00e4nnu f\u00e4rre f\u00f6rst\u00e5r att detta \u00e4r den arkimediska punkt d\u00e4r vi m\u00e5ste dra i spaken f\u00f6r att \u00e5stadkomma f\u00f6r\u00e4ndring - frig\u00f6relsen av den m\u00e4nskliga familjen.<\/strong><\/p>\t\t\t\t\t\t\t\t<\/div>\n\t\t\t\t<\/div>\n\t\t\t\t<div class=\"elementor-element elementor-element-483438c elementor-widget elementor-widget-image\" data-id=\"483438c\" data-element_type=\"widget\" data-e-type=\"widget\" data-widget_type=\"image.default\">\n\t\t\t\t<div class=\"elementor-widget-container\">\n\t\t\t\t\t\t\t\t\t\t\t\t\t\t\t<img decoding=\"async\" width=\"1300\" height=\"600\" src=\"https:\/\/gradido.net\/wp-content\/uploads\/2022\/12\/Hebel_Archimedes.jpg\" class=\"attachment-full size-full wp-image-6033\" alt=\"\" srcset=\"https:\/\/gradido.net\/wp-content\/uploads\/2022\/12\/Hebel_Archimedes.jpg 1300w, https:\/\/gradido.net\/wp-content\/uploads\/2022\/12\/Hebel_Archimedes-300x138.jpg 300w, https:\/\/gradido.net\/wp-content\/uploads\/2022\/12\/Hebel_Archimedes-1024x473.jpg 1024w, https:\/\/gradido.net\/wp-content\/uploads\/2022\/12\/Hebel_Archimedes-768x354.jpg 768w, https:\/\/gradido.net\/wp-content\/uploads\/2022\/12\/Hebel_Archimedes-18x8.jpg 18w\" sizes=\"(max-width: 1300px) 100vw, 1300px\" \/>\t\t\t\t\t\t\t\t\t\t\t\t\t\t\t<\/div>\n\t\t\t\t<\/div>\n\t\t\t\t<div class=\"elementor-element elementor-element-b136aa9 elementor-widget elementor-widget-text-editor\" data-id=\"b136aa9\" data-element_type=\"widget\" data-e-type=\"widget\" data-widget_type=\"text-editor.default\">\n\t\t\t\t<div class=\"elementor-widget-container\">\n\t\t\t\t\t\t\t\t\t<p>Den som har makt \u00f6ver pengar har makten. Eller f\u00f6r att uttrycka det p\u00e5 ett annat s\u00e4tt:<\/p><p style=\"text-align: right;\"><strong><em>\"Ge mig kontroll \u00f6ver en nations valuta och jag bryr mig inte om vem som stiftar lagarna!\"<\/em><\/strong><\/p><p style=\"text-align: right;\"><em>- Mayer Amschel Rothschild<\/em><br \/><em>(1744 - 1812), tysk adelsman och bankir<\/em><\/p><p>Med Gradido har vi som m\u00e4nsklig familj verktygen i v\u00e5ra h\u00e4nder f\u00f6r att \u00e5terta kontrollen \u00f6ver pengarna och skapa v\u00e4lst\u00e5nd och fred f\u00f6r alla - i harmoni med naturen. Detta b\u00f6rjar med att varje individ skapar pengar i decentraliserade n\u00e4tverkssamh\u00e4llen, genom frihet med hj\u00e4lp av den sj\u00e4lvskapade aktiva basinkomsten, till sociokratiska strukturer f\u00f6r beslutsfattande om anv\u00e4ndningen av den offentliga budgeten och utj\u00e4mnings- och milj\u00f6fonden.<\/p><p>F\u00f6r att Gradido ska kunna spridas l\u00e4tt m\u00e5ste det vara roligt. P\u00e5 s\u00e5 s\u00e4tt blir det ocks\u00e5 attraktivt f\u00f6r unga m\u00e4nniskor. Det kan bli ett l\u00e4ttanv\u00e4nt lekfullt verktyg f\u00f6r att utveckla potential, sj\u00e4lvf\u00f6rtroende och kreativitet.<\/p><p><strong>I geng\u00e4ld f\u00e5r Gradido-kontot en modern, tilltalande och ljus rund design som \u00e4r s\u00e5 universellt utformad att den fortfarande h\u00e5ller \u00f6ppet f\u00f6r de m\u00e5nga framtida funktioner som \u00e4nnu inte \u00e4r klara.<\/strong><\/p><p>Ursprungligen var det t\u00e4nkt att vara en julklapp till Gradidogruppen. Nu kan vi v\u00e4nta till mitten av januari och njuta av f\u00f6rv\u00e4ntningarna fram till dess. \ud83d\ude0a<\/p><h3>L\u00e5t oss se vad v\u00e5ra programmerare har \u00e5stadkommit under det senaste \u00e5ret.<\/h3><p>F\u00f6ljande funktioner utvecklades under 2022:<\/p><ol><li>Ny hemsida i responsiv design (l\u00e4mplig f\u00f6r dator och mobil)<\/li><li>Flerspr\u00e5kighet<\/li><li>Fem spr\u00e5k integrerade, ytterligare tv\u00e5 \u00e4r under f\u00f6rberedelse<\/li><li>Gradido-l\u00e4nk och QR-kod: skicka till vilken Gradido som helst.<\/li><li>Automatiska l\u00e4nkar och QR-koder f\u00f6r startkrediter etc.<\/li><li>Ange bidrag till allm\u00e4nnyttiga \u00e4ndam\u00e5l direkt p\u00e5 kontot<\/li><li>Delta i en dialog med anv\u00e4ndarna genom fr\u00e5gor om bidrag till det gemensamma b\u00e4sta.<\/li><li>E-postmeddelanden n\u00e4r du kommenterar och bekr\u00e4ftar gemensamma bra inl\u00e4gg<\/li><li>M\u00e5nga fler f\u00f6rb\u00e4ttringar<\/li><li>F\u00f6rberedelse av de decentraliserade gemenskapsservrarna<\/li><li>F\u00f6rberedelse av den nya designen<\/li><li>Automatiska provningar<\/li><li>LogFiles, dvs. loggning av de flesta \u00e5tg\u00e4rder f\u00f6r att snabbt kunna rekonstruera eventuella fel.<\/li><\/ol><p><span style=\"color: #ffffff;\">.<\/span><\/p><p>De tv\u00e5 sista punkterna \u00e4r ett enormt arbete som du f\u00f6rmodligen har haft stor nytta av utan att inse det.<\/p><p><strong>Eller har du lagt m\u00e4rke till det?<\/strong><\/p><ul><li>att programvaran fortsatte att fungera p\u00e5 ett tillf\u00f6rlitligt s\u00e4tt genom alla de m\u00e5nga uppgraderingar som gjordes,<\/li><li>att inga hackerattacker blev m\u00e4rkbara,<\/li><li>att Gradido-kontot praktiskt taget alltid var uppkopplat,<\/li><li>att du kan skicka och ta emot Gradido via l\u00e4nkar (med tillh\u00f6rande text) och QR-koder utan problem?<\/li><\/ul><p><span style=\"color: #ffffff;\">.<\/span><\/p><p>F\u00f6r att garantera denna h\u00f6ga s\u00e4kerhetsniv\u00e5 skriver vi ocks\u00e5 automatiska tester f\u00f6r praktiskt taget alla funktioner samtidigt. Den nuvarande testt\u00e4ckningen \u00e4r cirka 95% i de flesta omr\u00e5den. Varje \u00e4ndring m\u00e5ste f\u00f6rst g\u00e5 igenom alla tester, annars kommer den inte att inf\u00f6ras i programvaran.<\/p><h2>Vi tackar er fr\u00e5n djupet av v\u00e5ra hj\u00e4rtan.<\/h2><p>Allt detta har vi att tacka v\u00e5r underbara gemenskap, ni k\u00e4ra Imago-m\u00e4nniskor, som har sett till att v\u00e5ra programmerare kan utf\u00f6ra sitt v\u00e4rdefulla arbete tack vare era gener\u00f6sa bidrag och medlemskap. Vi k\u00e4nner att ni \u00e4r engagerade. Ni ger oss en visshet om att vi tillsammans \u00e4r p\u00e5 r\u00e4tt v\u00e4g.<\/p><p>Vi tackar er fr\u00e5n djupet av v\u00e5ra hj\u00e4rtan f\u00f6r era st\u00f6dbidrag i multiplar av GradidoTransform. Som du f\u00f6rmodligen redan vet krediterar vi ditt Gradido-konto med minst 15 GDT f\u00f6r varje euro. Fr\u00e5n 1 000 euro \u00e4r det 16 g\u00e5nger och fr\u00e5n 10 000 euro till och med 18 g\u00e5nger. GradidoTransform (GDT) \u00e4r tacksamhetspunkter f\u00f6r tiden f\u00f6r omvandlingen. I motsats till Gradido \u00e4r de inte f\u00f6r\u00e4nderliga. De tj\u00e4nar omvandlingen och kan senare omvandlas 1:1 till Gradido - ett fantastiskt \"startkapital\" f\u00f6r den nya tiden.<\/p><h3>Action 'Grateful March 23' - Plus 23% GDT p\u00e5 23.03.23<\/h3><p>Den 23 mars 2023 kommer vi att \u00f6ka alla GDT-kontosaldon med ytterligare 23 %. Alla bidrag som tas emot f\u00f6re midnatt denna dag kommer att delta i kampanjen.<\/p><p>Med detta finansieringskoncept vill vi s\u00e4rskilt tacka de underbara m\u00e4nniskor som redan i projektets nuvarande skede st\u00f6der Gradido och d\u00e4rmed ger oss sitt f\u00f6rtroende.<\/p>\t\t\t\t\t\t\t\t<\/div>\n\t\t\t\t<\/div>\n\t\t\t\t<div class=\"elementor-element elementor-element-4408cdf elementor-align-center elementor-widget elementor-widget-button\" data-id=\"4408cdf\" data-element_type=\"widget\" data-e-type=\"widget\" data-widget_type=\"button.default\">\n\t\t\t\t<div class=\"elementor-widget-container\">\n\t\t\t\t\t\t\t\t\t<div class=\"elementor-button-wrapper\">\n\t\t\t\t\t<a class=\"elementor-button elementor-button-link elementor-size-sm\" href=\"\/sv\/donations\/\">\n\t\t\t\t\t\t<span class=\"elementor-button-content-wrapper\">\n\t\t\t\t\t\t\t\t\t<span class=\"elementor-button-text\">G\u00f6r reklam nu och f\u00e5 GDT m\u00e5nga g\u00e5nger om!<\/span>\n\t\t\t\t\t<\/span>\n\t\t\t\t\t<\/a>\n\t\t\t\t<\/div>\n\t\t\t\t\t\t\t\t<\/div>\n\t\t\t\t<\/div>\n\t\t\t\t<div class=\"elementor-element elementor-element-d74dfa0 elementor-widget elementor-widget-text-editor\" data-id=\"d74dfa0\" data-element_type=\"widget\" data-e-type=\"widget\" data-widget_type=\"text-editor.default\">\n\t\t\t\t<div class=\"elementor-widget-container\">\n\t\t\t\t\t\t\t\t\t<p><strong>Mycket tyder p\u00e5 att 2023 kommer att bli ett \u00f6desdigert \u00e5r. Nu \u00e4r det viktigt att vi h\u00e5ller ihop och s\u00e4tter allt m\u00e4nskligt m\u00f6jligt i r\u00f6relse f\u00f6r att skapa en framtid v\u00e4rd att leva f\u00f6r oss sj\u00e4lva och v\u00e5ra barn.<\/strong><\/p><h2>Vad ska du s\u00e4ga till dem?<\/h2><p>N\u00e4r ungdomarna senare fr\u00e5gar dig: \"Var du ocks\u00e5 en Imago-cell p\u00e5 den tiden? Bidrog du till den fredliga omvandlingen med de resurser du hade till ditt f\u00f6rfogande? Eller f\u00f6redrog du att v\u00e4nta tills de andra hade avslutat sitt arbete?\" - Vad ska du s\u00e4ga till dem?<\/p><p>Vi \u00f6nskar att ni kan se dem i \u00f6gonen med gl\u00e4dje och s\u00e4ga: \"Ja, jag var en s\u00e5dan Imago-cell p\u00e5 den tiden. Det var ofta inte l\u00e4tt, men jag \u00e4r stolt \u00f6ver att ha bidragit till att g\u00f6ra v\u00e5r vackra jord till det paradis som den f\u00f6rmodligen en g\u00e5ng var t\u00e4nkt att vara. Och jag \u00e4r o\u00e4ndligt tacksam f\u00f6r att vi nu kan leva ett liv som \u00e4r v\u00e4rt att leva tillsammans som en m\u00e4nsklig familj - i v\u00e4lst\u00e5nd, fred och harmoni med naturen.\"<\/p><p>Tack tusen g\u00e5nger f\u00f6r att ni \u00e4r med oss och f\u00f6r att ni tillsammans skapar en framtid som \u00e4r v\u00e4rd att leva!<\/p><p>Vi \u00f6nskar dig och dina n\u00e4ra och k\u00e4ra ett underbart 2023.<\/p><p>Din<\/p><p><img decoding=\"async\" class=\"alignnone wp-image-4614 size-medium\" src=\"https:\/\/gradido.net\/wp-content\/uploads\/2022\/06\/MargretBernd_2022-300x74.png\" alt=\"\" width=\"300\" height=\"74\" srcset=\"https:\/\/gradido.net\/wp-content\/uploads\/2022\/06\/MargretBernd_2022-300x74.png 300w, https:\/\/gradido.net\/wp-content\/uploads\/2022\/06\/MargretBernd_2022-18x4.png 18w, https:\/\/gradido.net\/wp-content\/uploads\/2022\/06\/MargretBernd_2022.png 431w\" sizes=\"(max-width: 300px) 100vw, 300px\" \/><\/p><p>Margret Baier och Bernd H\u00fcckst\u00e4dt<br \/>Gradidos grundare och utvecklare<\/p>\t\t\t\t\t\t\t\t<\/div>\n\t\t\t\t<\/div>\n\t\t\t\t\t<\/div>\n\t\t<\/div>\n\t\t\t\t\t<\/div>\n\t\t<\/section>\n\t\t\t\t<section class=\"elementor-section elementor-top-section elementor-element elementor-element-b5881ca elementor-section-boxed elementor-section-height-default elementor-section-height-default\" data-id=\"b5881ca\" data-element_type=\"section\" data-e-type=\"section\">\n\t\t\t\t\t\t<div class=\"elementor-container elementor-column-gap-default\">\n\t\t\t\t\t<div class=\"elementor-column elementor-col-100 elementor-top-column elementor-element elementor-element-838f41e\" data-id=\"838f41e\" data-element_type=\"column\" data-e-type=\"column\">\n\t\t\t<div class=\"elementor-widget-wrap elementor-element-populated\">\n\t\t\t\t\t\t<div class=\"elementor-element elementor-element-1b0e402 elementor-widget elementor-widget-global elementor-global-9341 elementor-widget-text-editor\" data-id=\"1b0e402\" data-element_type=\"widget\" data-e-type=\"widget\" data-widget_type=\"text-editor.default\">\n\t\t\t\t<div class=\"elementor-widget-container\">\n\t\t\t\t\t\t\t\t\t<p><strong>PS:\u00a0<span style=\"color: #ff6600;\"><a style=\"color: #ff6600;\" href=\"https:\/\/gradido.net\/sv\/donations\/\">P\u00e5 grund av Gradidos st\u00e4ndigt \u00f6kande betydelse upprepar vi v\u00e5r tacksamhetskampanj den 26 juni 2026:<\/a>\u00a0<\/span><span style=\"color: #0000ff;\"><a style=\"color: #0000ff;\" href=\"https:\/\/gradido.net\/sv\/donations\/\">F\u00f6rutom den multipla GradidoTransform f\u00f6r ditt sponsorbidrag, kommer vi att \u00f6ka alla GDT-kontosaldon med 26% den 26\/06\/2016. Sponsra nu och njut av det multipla beloppet av GDT!<\/a><\/span><\/strong><\/p>\t\t\t\t\t\t\t\t<\/div>\n\t\t\t\t<\/div>\n\t\t\t\t\t<\/div>\n\t\t<\/div>\n\t\t\t\t\t<\/div>\n\t\t<\/section>\n\t\t\t\t<\/div>","protected":false},"excerpt":{"rendered":"<p>Det \u00e4r ofta de tystare m\u00e4nniskorna som tyst, flitigt och med hj\u00e4rta och sj\u00e4l l\u00e4gger grunden f\u00f6r den historiska utvecklingen. V\u00e5ra programmerare har gjort ett stort grundarbete under det senaste \u00e5ret som kommer att b\u00e4ra frukt 2023.<\/p>","protected":false},"author":2,"featured_media":6018,"comment_status":"closed","ping_status":"closed","sticky":false,"template":"","format":"standard","meta":{"footnotes":""},"categories":[11,55],"tags":[],"class_list":["post-6017","post","type-post","status-publish","format-standard","has-post-thumbnail","hentry","category-blog","category-gradido-konto"],"yoast_head":"<!-- This site is optimized with the Yoast SEO plugin v27.4 - https:\/\/yoast.com\/product\/yoast-seo-wordpress\/ -->\n<title>Gradido-Konto 2023: neues Design und dezentrale Communities - Gradido<\/title>\n<meta name=\"description\" content=\"Oft sind es die leiseren Menschen, die still, flei\u00dfig und mit Herzblut die Grundlagen f\u00fcr historische Entwicklungen schaffen. Unsere Programmierer haben im vergangenen Jahr gro\u00dfartige Vorarbeiten gemacht, die 2023 zum Tragen kommen werden.\" \/>\n<meta name=\"robots\" content=\"index, follow, max-snippet:-1, max-image-preview:large, max-video-preview:-1\" \/>\n<link rel=\"canonical\" href=\"https:\/\/gradido.net\/sv\/gradido-konto-2023-neues-design-und-dezentrale-communities\/\" \/>\n<meta property=\"og:locale\" content=\"sv_SE\" \/>\n<meta property=\"og:type\" content=\"article\" \/>\n<meta property=\"og:title\" content=\"Gradido-Konto 2023: neues Design und dezentrale Communities - Gradido\" \/>\n<meta property=\"og:description\" content=\"Oft sind es die leiseren Menschen, die still, flei\u00dfig und mit Herzblut die Grundlagen f\u00fcr historische Entwicklungen schaffen. Unsere Programmierer haben im vergangenen Jahr gro\u00dfartige Vorarbeiten gemacht, die 2023 zum Tragen kommen werden.\" \/>\n<meta property=\"og:url\" content=\"https:\/\/gradido.net\/sv\/gradido-konto-2023-neues-design-und-dezentrale-communities\/\" \/>\n<meta property=\"og:site_name\" content=\"Gradido\" \/>\n<meta property=\"article:published_time\" content=\"2022-12-31T23:17:31+00:00\" \/>\n<meta property=\"article:modified_time\" content=\"2026-04-24T06:09:27+00:00\" \/>\n<meta property=\"og:image\" content=\"https:\/\/gradido.net\/wp-content\/uploads\/2022\/12\/Test_fertig_1920.jpg\" \/>\n\t<meta property=\"og:image:width\" content=\"1920\" \/>\n\t<meta property=\"og:image:height\" content=\"1067\" \/>\n\t<meta property=\"og:image:type\" content=\"image\/jpeg\" \/>\n<meta name=\"author\" content=\"Bernd H\u00fcckst\u00e4dt\" \/>\n<meta name=\"twitter:card\" content=\"summary_large_image\" \/>\n<meta name=\"twitter:label1\" content=\"Skriven av\" \/>\n\t<meta name=\"twitter:data1\" content=\"Bernd H\u00fcckst\u00e4dt\" \/>\n\t<meta name=\"twitter:label2\" content=\"Ber\u00e4knad l\u00e4stid\" \/>\n\t<meta name=\"twitter:data2\" content=\"9 minuter\" \/>\n<script type=\"application\/ld+json\" class=\"yoast-schema-graph\">{\"@context\":\"https:\\\/\\\/schema.org\",\"@graph\":[{\"@type\":\"Article\",\"@id\":\"https:\\\/\\\/gradido.net\\\/gradido-konto-2023-neues-design-und-dezentrale-communities\\\/#article\",\"isPartOf\":{\"@id\":\"https:\\\/\\\/gradido.net\\\/gradido-konto-2023-neues-design-und-dezentrale-communities\\\/\"},\"author\":{\"name\":\"Bernd H\u00fcckst\u00e4dt\",\"@id\":\"https:\\\/\\\/gradido.net\\\/de\\\/#\\\/schema\\\/person\\\/9c503a004ad15a1ddecadce2218db5d1\"},\"headline\":\"Gradido-Konto 2023: neues Design und dezentrale Communities\",\"datePublished\":\"2022-12-31T23:17:31+00:00\",\"dateModified\":\"2026-04-24T06:09:27+00:00\",\"mainEntityOfPage\":{\"@id\":\"https:\\\/\\\/gradido.net\\\/gradido-konto-2023-neues-design-und-dezentrale-communities\\\/\"},\"wordCount\":1390,\"publisher\":{\"@id\":\"https:\\\/\\\/gradido.net\\\/de\\\/#organization\"},\"image\":{\"@id\":\"https:\\\/\\\/gradido.net\\\/gradido-konto-2023-neues-design-und-dezentrale-communities\\\/#primaryimage\"},\"thumbnailUrl\":\"https:\\\/\\\/gradido.net\\\/wp-content\\\/uploads\\\/2022\\\/12\\\/Test_fertig_1920.jpg\",\"articleSection\":[\"Blog\",\"Gradido-Konto\"],\"inLanguage\":\"sv-SE\"},{\"@type\":\"WebPage\",\"@id\":\"https:\\\/\\\/gradido.net\\\/gradido-konto-2023-neues-design-und-dezentrale-communities\\\/\",\"url\":\"https:\\\/\\\/gradido.net\\\/gradido-konto-2023-neues-design-und-dezentrale-communities\\\/\",\"name\":\"Gradido-Konto 2023: neues Design und dezentrale Communities - Gradido\",\"isPartOf\":{\"@id\":\"https:\\\/\\\/gradido.net\\\/de\\\/#website\"},\"primaryImageOfPage\":{\"@id\":\"https:\\\/\\\/gradido.net\\\/gradido-konto-2023-neues-design-und-dezentrale-communities\\\/#primaryimage\"},\"image\":{\"@id\":\"https:\\\/\\\/gradido.net\\\/gradido-konto-2023-neues-design-und-dezentrale-communities\\\/#primaryimage\"},\"thumbnailUrl\":\"https:\\\/\\\/gradido.net\\\/wp-content\\\/uploads\\\/2022\\\/12\\\/Test_fertig_1920.jpg\",\"datePublished\":\"2022-12-31T23:17:31+00:00\",\"dateModified\":\"2026-04-24T06:09:27+00:00\",\"description\":\"Oft sind es die leiseren Menschen, die still, flei\u00dfig und mit Herzblut die Grundlagen f\u00fcr historische Entwicklungen schaffen. Unsere Programmierer haben im vergangenen Jahr gro\u00dfartige Vorarbeiten gemacht, die 2023 zum Tragen kommen werden.\",\"breadcrumb\":{\"@id\":\"https:\\\/\\\/gradido.net\\\/gradido-konto-2023-neues-design-und-dezentrale-communities\\\/#breadcrumb\"},\"inLanguage\":\"sv-SE\",\"potentialAction\":[{\"@type\":\"ReadAction\",\"target\":[\"https:\\\/\\\/gradido.net\\\/gradido-konto-2023-neues-design-und-dezentrale-communities\\\/\"]}]},{\"@type\":\"ImageObject\",\"inLanguage\":\"sv-SE\",\"@id\":\"https:\\\/\\\/gradido.net\\\/gradido-konto-2023-neues-design-und-dezentrale-communities\\\/#primaryimage\",\"url\":\"https:\\\/\\\/gradido.net\\\/wp-content\\\/uploads\\\/2022\\\/12\\\/Test_fertig_1920.jpg\",\"contentUrl\":\"https:\\\/\\\/gradido.net\\\/wp-content\\\/uploads\\\/2022\\\/12\\\/Test_fertig_1920.jpg\",\"width\":1920,\"height\":1067},{\"@type\":\"BreadcrumbList\",\"@id\":\"https:\\\/\\\/gradido.net\\\/gradido-konto-2023-neues-design-und-dezentrale-communities\\\/#breadcrumb\",\"itemListElement\":[{\"@type\":\"ListItem\",\"position\":1,\"name\":\"Startseite\",\"item\":\"https:\\\/\\\/gradido.net\\\/\"},{\"@type\":\"ListItem\",\"position\":2,\"name\":\"Gradido-Konto 2023: neues Design und dezentrale Communities\"}]},{\"@type\":\"WebSite\",\"@id\":\"https:\\\/\\\/gradido.net\\\/de\\\/#website\",\"url\":\"https:\\\/\\\/gradido.net\\\/de\\\/\",\"name\":\"Gradido\",\"description\":\"Die neue W\u00e4hrung hei\u00dft Dankbarkeit\",\"publisher\":{\"@id\":\"https:\\\/\\\/gradido.net\\\/de\\\/#organization\"},\"potentialAction\":[{\"@type\":\"SearchAction\",\"target\":{\"@type\":\"EntryPoint\",\"urlTemplate\":\"https:\\\/\\\/gradido.net\\\/de\\\/?s={search_term_string}\"},\"query-input\":{\"@type\":\"PropertyValueSpecification\",\"valueRequired\":true,\"valueName\":\"search_term_string\"}}],\"inLanguage\":\"sv-SE\"},{\"@type\":\"Organization\",\"@id\":\"https:\\\/\\\/gradido.net\\\/de\\\/#organization\",\"name\":\"Gradido\",\"url\":\"https:\\\/\\\/gradido.net\\\/de\\\/\",\"logo\":{\"@type\":\"ImageObject\",\"inLanguage\":\"sv-SE\",\"@id\":\"https:\\\/\\\/gradido.net\\\/de\\\/#\\\/schema\\\/logo\\\/image\\\/\",\"url\":\"https:\\\/\\\/gradido.net\\\/wp-content\\\/uploads\\\/2022\\\/04\\\/gradido-social.jpg\",\"contentUrl\":\"https:\\\/\\\/gradido.net\\\/wp-content\\\/uploads\\\/2022\\\/04\\\/gradido-social.jpg\",\"width\":527,\"height\":273,\"caption\":\"Gradido\"},\"image\":{\"@id\":\"https:\\\/\\\/gradido.net\\\/de\\\/#\\\/schema\\\/logo\\\/image\\\/\"}},{\"@type\":\"Person\",\"@id\":\"https:\\\/\\\/gradido.net\\\/de\\\/#\\\/schema\\\/person\\\/9c503a004ad15a1ddecadce2218db5d1\",\"name\":\"Bernd H\u00fcckst\u00e4dt\",\"sameAs\":[\"https:\\\/\\\/gradido.net\"],\"url\":\"https:\\\/\\\/gradido.net\\\/sv\\\/author\\\/bernd\\\/\"}]}<\/script>\n<!-- \/ Yoast SEO plugin. -->","yoast_head_json":{"title":"Gradido Account 2023: ny design och decentraliserade samh\u00e4llen - Gradido","description":"Det \u00e4r ofta de tystare m\u00e4nniskorna som tyst, flitigt och med hj\u00e4rta och sj\u00e4l l\u00e4gger grunden f\u00f6r den historiska utvecklingen. V\u00e5ra programmerare har gjort ett stort grundarbete under det senaste \u00e5ret som kommer att b\u00e4ra frukt 2023.","robots":{"index":"index","follow":"follow","max-snippet":"max-snippet:-1","max-image-preview":"max-image-preview:large","max-video-preview":"max-video-preview:-1"},"canonical":"https:\/\/gradido.net\/sv\/gradido-konto-2023-neues-design-und-dezentrale-communities\/","og_locale":"sv_SE","og_type":"article","og_title":"Gradido-Konto 2023: neues Design und dezentrale Communities - Gradido","og_description":"Oft sind es die leiseren Menschen, die still, flei\u00dfig und mit Herzblut die Grundlagen f\u00fcr historische Entwicklungen schaffen. Unsere Programmierer haben im vergangenen Jahr gro\u00dfartige Vorarbeiten gemacht, die 2023 zum Tragen kommen werden.","og_url":"https:\/\/gradido.net\/sv\/gradido-konto-2023-neues-design-und-dezentrale-communities\/","og_site_name":"Gradido","article_published_time":"2022-12-31T23:17:31+00:00","article_modified_time":"2026-04-24T06:09:27+00:00","og_image":[{"width":1920,"height":1067,"url":"https:\/\/gradido.net\/wp-content\/uploads\/2022\/12\/Test_fertig_1920.jpg","type":"image\/jpeg"}],"author":"Bernd H\u00fcckst\u00e4dt","twitter_card":"summary_large_image","twitter_misc":{"Skriven av":"Bernd H\u00fcckst\u00e4dt","Ber\u00e4knad l\u00e4stid":"9 minuter"},"schema":{"@context":"https:\/\/schema.org","@graph":[{"@type":"Article","@id":"https:\/\/gradido.net\/gradido-konto-2023-neues-design-und-dezentrale-communities\/#article","isPartOf":{"@id":"https:\/\/gradido.net\/gradido-konto-2023-neues-design-und-dezentrale-communities\/"},"author":{"name":"Bernd H\u00fcckst\u00e4dt","@id":"https:\/\/gradido.net\/de\/#\/schema\/person\/9c503a004ad15a1ddecadce2218db5d1"},"headline":"Gradido-Konto 2023: neues Design und dezentrale Communities","datePublished":"2022-12-31T23:17:31+00:00","dateModified":"2026-04-24T06:09:27+00:00","mainEntityOfPage":{"@id":"https:\/\/gradido.net\/gradido-konto-2023-neues-design-und-dezentrale-communities\/"},"wordCount":1390,"publisher":{"@id":"https:\/\/gradido.net\/de\/#organization"},"image":{"@id":"https:\/\/gradido.net\/gradido-konto-2023-neues-design-und-dezentrale-communities\/#primaryimage"},"thumbnailUrl":"https:\/\/gradido.net\/wp-content\/uploads\/2022\/12\/Test_fertig_1920.jpg","articleSection":["Blog","Gradido-Konto"],"inLanguage":"sv-SE"},{"@type":"WebPage","@id":"https:\/\/gradido.net\/gradido-konto-2023-neues-design-und-dezentrale-communities\/","url":"https:\/\/gradido.net\/gradido-konto-2023-neues-design-und-dezentrale-communities\/","name":"Gradido Account 2023: ny design och decentraliserade samh\u00e4llen - Gradido","isPartOf":{"@id":"https:\/\/gradido.net\/de\/#website"},"primaryImageOfPage":{"@id":"https:\/\/gradido.net\/gradido-konto-2023-neues-design-und-dezentrale-communities\/#primaryimage"},"image":{"@id":"https:\/\/gradido.net\/gradido-konto-2023-neues-design-und-dezentrale-communities\/#primaryimage"},"thumbnailUrl":"https:\/\/gradido.net\/wp-content\/uploads\/2022\/12\/Test_fertig_1920.jpg","datePublished":"2022-12-31T23:17:31+00:00","dateModified":"2026-04-24T06:09:27+00:00","description":"Det \u00e4r ofta de tystare m\u00e4nniskorna som tyst, flitigt och med hj\u00e4rta och sj\u00e4l l\u00e4gger grunden f\u00f6r den historiska utvecklingen. V\u00e5ra programmerare har gjort ett stort grundarbete under det senaste \u00e5ret som kommer att b\u00e4ra frukt 2023.","breadcrumb":{"@id":"https:\/\/gradido.net\/gradido-konto-2023-neues-design-und-dezentrale-communities\/#breadcrumb"},"inLanguage":"sv-SE","potentialAction":[{"@type":"ReadAction","target":["https:\/\/gradido.net\/gradido-konto-2023-neues-design-und-dezentrale-communities\/"]}]},{"@type":"ImageObject","inLanguage":"sv-SE","@id":"https:\/\/gradido.net\/gradido-konto-2023-neues-design-und-dezentrale-communities\/#primaryimage","url":"https:\/\/gradido.net\/wp-content\/uploads\/2022\/12\/Test_fertig_1920.jpg","contentUrl":"https:\/\/gradido.net\/wp-content\/uploads\/2022\/12\/Test_fertig_1920.jpg","width":1920,"height":1067},{"@type":"BreadcrumbList","@id":"https:\/\/gradido.net\/gradido-konto-2023-neues-design-und-dezentrale-communities\/#breadcrumb","itemListElement":[{"@type":"ListItem","position":1,"name":"Startseite","item":"https:\/\/gradido.net\/"},{"@type":"ListItem","position":2,"name":"Gradido-Konto 2023: neues Design und dezentrale Communities"}]},{"@type":"WebSite","@id":"https:\/\/gradido.net\/de\/#website","url":"https:\/\/gradido.net\/de\/","name":"Gradido","description":"Den nya valutan \u00e4r tacksamhet","publisher":{"@id":"https:\/\/gradido.net\/de\/#organization"},"potentialAction":[{"@type":"SearchAction","target":{"@type":"EntryPoint","urlTemplate":"https:\/\/gradido.net\/de\/?s={search_term_string}"},"query-input":{"@type":"PropertyValueSpecification","valueRequired":true,"valueName":"search_term_string"}}],"inLanguage":"sv-SE"},{"@type":"Organization","@id":"https:\/\/gradido.net\/de\/#organization","name":"Gradido","url":"https:\/\/gradido.net\/de\/","logo":{"@type":"ImageObject","inLanguage":"sv-SE","@id":"https:\/\/gradido.net\/de\/#\/schema\/logo\/image\/","url":"https:\/\/gradido.net\/wp-content\/uploads\/2022\/04\/gradido-social.jpg","contentUrl":"https:\/\/gradido.net\/wp-content\/uploads\/2022\/04\/gradido-social.jpg","width":527,"height":273,"caption":"Gradido"},"image":{"@id":"https:\/\/gradido.net\/de\/#\/schema\/logo\/image\/"}},{"@type":"Person","@id":"https:\/\/gradido.net\/de\/#\/schema\/person\/9c503a004ad15a1ddecadce2218db5d1","name":"Bernd H\u00fcckst\u00e4dt","sameAs":["https:\/\/gradido.net"],"url":"https:\/\/gradido.net\/sv\/author\/bernd\/"}]}},"_links":{"self":[{"href":"https:\/\/gradido.net\/sv\/wp-json\/wp\/v2\/posts\/6017","targetHints":{"allow":["GET"]}}],"collection":[{"href":"https:\/\/gradido.net\/sv\/wp-json\/wp\/v2\/posts"}],"about":[{"href":"https:\/\/gradido.net\/sv\/wp-json\/wp\/v2\/types\/post"}],"author":[{"embeddable":true,"href":"https:\/\/gradido.net\/sv\/wp-json\/wp\/v2\/users\/2"}],"replies":[{"embeddable":true,"href":"https:\/\/gradido.net\/sv\/wp-json\/wp\/v2\/comments?post=6017"}],"version-history":[{"count":76,"href":"https:\/\/gradido.net\/sv\/wp-json\/wp\/v2\/posts\/6017\/revisions"}],"predecessor-version":[{"id":13598,"href":"https:\/\/gradido.net\/sv\/wp-json\/wp\/v2\/posts\/6017\/revisions\/13598"}],"wp:featuredmedia":[{"embeddable":true,"href":"https:\/\/gradido.net\/sv\/wp-json\/wp\/v2\/media\/6018"}],"wp:attachment":[{"href":"https:\/\/gradido.net\/sv\/wp-json\/wp\/v2\/media?parent=6017"}],"wp:term":[{"taxonomy":"category","embeddable":true,"href":"https:\/\/gradido.net\/sv\/wp-json\/wp\/v2\/categories?post=6017"},{"taxonomy":"post_tag","embeddable":true,"href":"https:\/\/gradido.net\/sv\/wp-json\/wp\/v2\/tags?post=6017"}],"curies":[{"name":"wp","href":"https:\/\/api.w.org\/{rel}","templated":true}]}}