{"id":6159,"date":"2023-01-06T09:55:46","date_gmt":"2023-01-06T08:55:46","guid":{"rendered":"https:\/\/gradido.net\/?p=6159"},"modified":"2026-04-24T08:09:00","modified_gmt":"2026-04-24T06:09:00","slug":"der-dankbar-kommt-gradido-in-scheinen","status":"publish","type":"post","link":"https:\/\/gradido.net\/sv\/der-dankbar-kommt-gradido-in-scheinen\/","title":{"rendered":"DankBar \u00e4r p\u00e5 v\u00e4g - Gradido i anteckningar"},"content":{"rendered":"<div data-elementor-type=\"wp-post\" data-elementor-id=\"6159\" class=\"elementor elementor-6159\" data-elementor-post-type=\"post\">\n\t\t\t\t\t\t<section class=\"elementor-section elementor-top-section elementor-element elementor-element-496e1d53 elementor-section-boxed elementor-section-height-default elementor-section-height-default\" data-id=\"496e1d53\" data-element_type=\"section\" data-e-type=\"section\">\n\t\t\t\t\t\t<div class=\"elementor-container elementor-column-gap-default\">\n\t\t\t\t\t<div class=\"elementor-column elementor-col-100 elementor-top-column elementor-element elementor-element-461d7be0\" data-id=\"461d7be0\" data-element_type=\"column\" data-e-type=\"column\">\n\t\t\t<div class=\"elementor-widget-wrap elementor-element-populated\">\n\t\t\t\t\t\t<div class=\"elementor-element elementor-element-cd9ebe2 elementor-widget elementor-widget-text-editor\" data-id=\"cd9ebe2\" data-element_type=\"widget\" data-e-type=\"widget\" data-widget_type=\"text-editor.default\">\n\t\t\t\t<div class=\"elementor-widget-container\">\n\t\t\t\t\t\t\t\t\t<p style=\"text-align: right;\"><em><strong>\"(Kontanta) pengar \u00e4r pr\u00e4glade av frihet.\"<\/strong><\/em><br \/><em>- Fjodor Michailovitj Dostojevskij (1821-1881)<\/em><br \/><em>Rysk f\u00f6rfattare som tillbringade n\u00e4stan 10 \u00e5r i ett straffl\u00e4ger i Sibirien.\u00a0<\/em><\/p><p style=\"text-align: left;\">K\u00e4ra l\u00e4sare,<\/p><p>G\u00e5ng p\u00e5 g\u00e5ng fr\u00e5gar k\u00e4ra medborgare oss om Gradido ocks\u00e5 \u00e4r m\u00f6jligt i kontanter ut\u00f6ver det decentraliserade Gradido-kontot. De oroar sig f\u00f6r att mormor och morfar ska ha sv\u00e5rt att hantera tekniken, f\u00f6r str\u00f6mavbrott n\u00e4r allt elektriskt kollapsar och f\u00f6r den totala \u00f6vervakning som digitala centralbankspengar kan medf\u00f6ra. De vill ha Gradido som kontanter.<\/p><p>Vi vill nu uppfylla denna \u00f6nskan i form av tackkuponger som kallas DankBar. Visste du f\u00f6rresten att vi utvecklade Gradido-modellen med f\u00f6rg\u00e4ngliga kontanter redan fr\u00e5n b\u00f6rjan? Kontanter st\u00e5r f\u00f6r frihet utan kontroll fr\u00e5n myndigheterna. N\u00e4r Gradido inf\u00f6rs beh\u00f6ver staten inte l\u00e4ngre kontrollera medborgarnas finanser, eftersom den offentliga budgeten d\u00e5 finansieras - helt utan skatter - genom den andra pengaskapelsen. Kontanter \u00e4r en av de 100 f\u00f6rdelarna med Gradido (f\u00f6rdel 84 i <a href=\"https:\/\/gradido.net\/sv\/book\/\">Gradido bok<\/a>). Tillsammans med de andra f\u00f6rdelarna har vi med Gradido ett verktyg i v\u00e5ra h\u00e4nder f\u00f6r att skapa v\u00e4lst\u00e5nd och fred f\u00f6r alla p\u00e5 v\u00e5r underbara jord, i harmoni med naturen.<\/p><h3>F\u00f6rg\u00e4ngliga kontanter - hur fungerar det?<\/h3><p>Men tills dess har vi fortfarande en bit kvar att g\u00e5 tillsammans. I en tid d\u00e5 digitala centralbankspengar, sociala kreditsystem och avskaffandet av kontanter drivs fram\u00e5t av tj\u00e4nstem\u00e4nnen hotar vi m\u00e4nniskor att bli allt mer transparenta och manipulerbara. \u00c4r vi ens kapabla att v\u00e4nda utvecklingen i tid? Kommer vi tillsammans att lyckas l\u00e4mna v\u00e5ra barn en framtid v\u00e4rd att leva i v\u00e4lst\u00e5nd, fred och frihet utan digital kontroll?<\/p><p>N\u00e4r vi tv\u00e5, Margret och Bernd, f\u00f6r 22 \u00e5r sedan best\u00e4mde oss f\u00f6r att f\u00f6ra ut livets naturliga ekonomi till v\u00e4rlden och sprida den goda nyheten att v\u00e4lst\u00e5nd och fred \u00e4r uppn\u00e5eligt f\u00f6r hela den m\u00e4nskliga familjen, talades det inte om digitala pengar. P\u00e5 den tiden betalade man kontant eller med check, och de som gjorde en bank\u00f6verf\u00f6ring fyllde i en blankett och tog med den till banken.<\/p><p>Utmaningen vid den tidpunkten var att utforma flyktiga kontanter som skulle vara lika l\u00e4tta att hantera som de officiella kontanterna i det gamla systemet. De nya regimernas metod att klistra sm\u00e5 m\u00e4rken p\u00e5 sedlarna tyckte vi inte var praktisk. S\u00e5 vi b\u00f6rjade utveckla en elegantare och enklare metod - men se sj\u00e4lv:<\/p><h3>Tandemvaluta: Gradido och Gradido DankBar<\/h3><p>F\u00f6r att skapa f\u00f6rg\u00e4ngliga papperspengar beh\u00f6ver vi f\u00f6rst och fr\u00e4mst en konstant m\u00e5ttstock som vi kan j\u00e4mf\u00f6ra det aktuella v\u00e4rdet med. Vi har redan detta i form av Gradido. D\u00e4rf\u00f6r kombinerar vi den elektroniska tackvalutan \"Gradido\" (GDD), vars v\u00e4rde \u00e4r konstant, med en pappersvaluta, \"Gradido DankBar\" (GDB), eller kort sagt \"DankBar\", som \u00e4ndrar sitt v\u00e4rde i f\u00f6rh\u00e5llande till Gradido under \u00e5rets lopp.<\/p><p>Sedlarna \u00e4r tryckta med \u00e5rtalet, t.ex. \"Gradido DankBar 2023\". Eftersom v\u00e4rdet av den (digitala) Gradido f\u00f6rblir konstant, anges priserna i Gradido. Om du vill betala priset kontant omvandlar du fr\u00e5n Gradido till \"DankBar\" till den aktuella kursen. Detta fungerar med <a href=\"https:\/\/effortless-cranachan-188f81.netlify.app\/\" target=\"_blank\" rel=\"noopener\">Kalkylator till cent<\/a> - eller grovt i huvudet.<\/p>\t\t\t\t\t\t\t\t<\/div>\n\t\t\t\t<\/div>\n\t\t\t\t<div class=\"elementor-element elementor-element-83cd277 elementor-widget elementor-widget-html\" data-id=\"83cd277\" data-element_type=\"widget\" data-e-type=\"widget\" data-widget_type=\"html.default\">\n\t\t\t\t<div class=\"elementor-widget-container\">\n\t\t\t\t\t<!DOCTYPE html>\n<html>\n<head>\n\t<title>Gradido till DankBar omvandlare<\/title>\n\t<script>\n\t\t\/\/ Berechne den heutigen Tag des Jahres\n\t\tvar jetzt = new Date();\n\t\tvar start = new Date(jetzt.getFullYear(), 0, 0);\n\t\tvar diff = (jetzt - start) + ((start.getTimezoneOffset() - jetzt.getTimezoneOffset()) * 60 * 1000);\n\t\tvar tag = Math.floor(diff \/ (1000 * 60 * 60 * 24));\n\n\t\t\/\/ Berechne Faktor1 und Faktor2\n\t\tvar faktor1 = Math.pow(0.998098, tag-1);\n\t\tvar faktor2 = 1 \/ faktor1;\n\n\t\t\/\/ Funktion zum Umrechnen von Gradido zu Dankbar und umgekehrt\n\t\tfunction umrechnen() {\n\t\t\tvar gradido = parseFloat(document.getElementById(\"gradido\").value);\n\t\t\tvar dankbar = parseFloat(document.getElementById(\"dankbar\").value);\n\n\t\t\tif (gradido) {\n\t\t\t\tvar ergebnis = gradido * faktor2;\n\t\t\t\tdocument.getElementById(\"dankbar\").value = ergebnis.toFixed(2);\n\t\t\t} else if (dankbar) {\n\t\t\t\tvar ergebnis = dankbar * faktor1;\n\t\t\t\tdocument.getElementById(\"gradido\").value = ergebnis.toFixed(2);\n\t\t\t} else {\n\t\t\t\tdocument.getElementById(\"ergebnis\").innerHTML = \"Bitte geben Sie entweder Gradido oder DankBar ein\";\n\t\t\t}\n\t\t}\n\t<\/script>\n<\/head>\n<body>\n\t<h1>Gradido till DankBar omvandlare<\/h1>\n\t<p>\u00c5rets dag: <span id=\"tag\"><\/span><\/p>\n\t<p>Faktor: <span id=\"faktor\"><\/span><\/p>\n\t<form action=\"\">\n\t\t<label for=\"gradido\">Gradido:<\/label>\n\t\t<input type=\"number\" id=\"gradido\" name=\"gradido\" value=\"1\" oninput=\"document.getElementById('dankbar').value=''\"><br><br>\n\t\t<label for=\"dankbar\">DankBar:<\/label>\n\t\t<input type=\"number\" id=\"dankbar\" name=\"dankbar\" value=\"1\" oninput=\"document.getElementById('gradido').value=''\"><br><br>\n\t\t<input type=\"button\" value=\"Ber\u00e4kna\" onclick=\"umrechnen()\">\n\t<input type=\"hidden\" name=\"trp-form-language\" value=\"sv\"\/><\/form>\n\t<p id=\"ergebnis\"><\/p>\n\t<script>\n\t\t\/\/ Aktualisiere das HTML-Formular mit den berechneten Werten\n\t\tdocument.getElementById(\"tag\").innerHTML = tag;\n\t\tdocument.getElementById(\"faktor\").innerHTML = faktor2.toFixed(2);\n\t<\/script>\n<\/body>\n<\/html>\n\t\t\t\t<\/div>\n\t\t\t\t<\/div>\n\t\t\t\t<div class=\"elementor-element elementor-element-ff77d40 elementor-widget elementor-widget-text-editor\" data-id=\"ff77d40\" data-element_type=\"widget\" data-e-type=\"widget\" data-widget_type=\"text-editor.default\">\n\t\t\t\t<div class=\"elementor-widget-container\">\n\t\t\t\t\t\t\t\t\t<h3 style=\"font-family: Varta, sans-serif; color: #3d443b;\">De tre magiska siffrorna i DankBar<\/h3>\n<p>Som jag sa f\u00f6rlorar DankBar h\u00e4lften av sitt v\u00e4rde under \u00e5ret. Detta inneb\u00e4r att vi ger eller f\u00e5r motsvarande mer DankBar f\u00f6r samma m\u00e4ngd Gradidos. Men hur mycket mer finns det? Vi kan ta reda p\u00e5 det exakta beloppet med hj\u00e4lp av minir\u00e4knaren, eller s\u00e5 anv\u00e4nder vi&nbsp;<span style=\"background-color: var( --e-global-color-1939326 ); color: var( --e-global-color-text );\">En enkel tumregel som vi anv\u00e4nder f\u00f6r att uppskatta den m\u00e4ngd som vi har i huvudet. Det \u00e4r de tre magiska siffrorna i DankBar: en fj\u00e4rdedel, tv\u00e5 fj\u00e4rdedelar och tre fj\u00e4rdedelar.<\/span><\/p>\n<h3 style=\"font-family: Varta, sans-serif; color: #3d443b;\">En, tv\u00e5, tre fj\u00e4rdedelar - DankBar i den \u00e5rliga cykeln<\/h3>\t\t\t\t\t\t\t\t<\/div>\n\t\t\t\t<\/div>\n\t\t\t\t<div class=\"elementor-element elementor-element-f16312a elementor-widget elementor-widget-image\" data-id=\"f16312a\" data-element_type=\"widget\" data-e-type=\"widget\" data-widget_type=\"image.default\">\n\t\t\t\t<div class=\"elementor-widget-container\">\n\t\t\t\t\t\t\t\t\t\t\t\t\t\t\t<img fetchpriority=\"high\" decoding=\"async\" width=\"500\" height=\"400\" src=\"https:\/\/gradido.net\/wp-content\/uploads\/2023\/01\/Jahreskreis_durchsichtig.png\" class=\"attachment-full size-full wp-image-6169\" alt=\"\" srcset=\"https:\/\/gradido.net\/wp-content\/uploads\/2023\/01\/Jahreskreis_durchsichtig.png 500w, https:\/\/gradido.net\/wp-content\/uploads\/2023\/01\/Jahreskreis_durchsichtig-300x240.png 300w, https:\/\/gradido.net\/wp-content\/uploads\/2023\/01\/Jahreskreis_durchsichtig-15x12.png 15w\" sizes=\"(max-width: 500px) 100vw, 500px\" \/>\t\t\t\t\t\t\t\t\t\t\t\t\t\t\t<\/div>\n\t\t\t\t<\/div>\n\t\t\t\t<div class=\"elementor-element elementor-element-d74dfa0 elementor-widget elementor-widget-text-editor\" data-id=\"d74dfa0\" data-element_type=\"widget\" data-e-type=\"widget\" data-widget_type=\"text-editor.default\">\n\t\t\t\t<div class=\"elementor-widget-container\">\n\t\t\t\t\t\t\t\t\t<h4>Hur mycket DankBar \u00e4r 1 Gradido?<\/h4><ul><li>I b\u00f6rjan av \u00e5ret var 1 Gradido = 1 DankBar.<\/li><li>Ett kvartal senare, dvs. fr\u00e5n och med april, \u00e4r det ungef\u00e4r en fj\u00e4rdedel mer: 1 GDD = 1,25 GDB.<\/li><li>Ytterligare ett kvartal senare - fr\u00e5n och med juli - \u00e4r det tv\u00e5 kvartal eller h\u00e4lften mer: 1 GDD = 1,5 GDB.<\/li><li>Tre kvartal senare - fr\u00e5n och med oktober - \u00e4r det tre kvartal mer: 1 GDD = 1,75 GDB.<\/li><\/ul><p>Vid \u00e5rsskiftet byts tv\u00e5 gamla DankBar ut mot en ny, och en ny \u00e5rscykel b\u00f6rjar.<\/p><h3>Tillr\u00e4ckligt exakt f\u00f6r daglig anv\u00e4ndning<\/h3><p>F\u00f6r daglig anv\u00e4ndning med mindre m\u00e4ngder \u00e4r den uppskattade noggrannheten vanligtvis tillr\u00e4cklig. P\u00e5 Gradido har vi \u00f6verfl\u00f6d och vill g\u00e4rna ge lite mer. Avvikelsen f\u00f6r mindre belopp \u00e4r i den storleksordning som vi ocks\u00e5 tipsar om. St\u00f6rre transaktioner g\u00f6r vi online eller tar med oss minir\u00e4knaren.<\/p><h3>\"Frihet med mynt\" - garanterad i Gradido-modellen!<\/h3><p>Eftersom den offentliga budgeten finansieras helt utan skatter genom det andra penningskapandet finns det per definition inga svarta pengar, ingen penningtv\u00e4tt och d\u00e4rmed ingen rimlig anledning att kontrollera m\u00e4nniskor genom att avskaffa kontanter. Detta g\u00f6r Gradido till den enda ritning vi k\u00e4nner till f\u00f6r ett framtida finansiellt system som respekterar friheten. <strong>av alla m\u00e4nniskor<\/strong> garanteras i s\u00e5 h\u00f6g grad.<\/p><h3>Vi g\u00e5r v\u00e4gen tillsammans<\/h3><p>Med Gradido DankBar har vi snart n\u00e5tt ytterligare en milstolpe p\u00e5 den gemensamma v\u00e4gen mot fredlig omvandling. Det magiska ordet \u00e4r \"tillsammans\". Den nya tidskvaliteten leder oss fr\u00e5n \"jag\" till \"vi\". Tillsammans kan vi f\u00f6r\u00e4ndra v\u00e4rlden till det b\u00e4ttre. Alla \u00e4r viktiga f\u00f6r detta. Tusen tack f\u00f6r att ni \u00e4r med oss och vandrar v\u00e4gen tillsammans med oss!<\/p><h4>Bli aktiv!<\/h4><p>Det \u00e4r s\u00e5 h\u00e4r du bygger upp ditt tacksamhetsn\u00e4tverk:<\/p><ul><li>Om du inte har gjort det \u00e4n kan du registrera ditt kostnadsfria Gradido-konto nu.<\/li><li>Skapa din aktiva basinkomst<\/li><li>Tacka m\u00e4nniskor s\u00e5 ofta som m\u00f6jligt med Gradidos via en l\u00e4nk eller QR-kod och uppmana dem att ocks\u00e5 \u00f6ppna ett Gradido-konto.<\/li><li>Registrera dig p\u00e5 en Gradido marknadsplats (t.ex. wkw) och l\u00e4gg in erbjudanden och f\u00f6rfr\u00e5gningar<\/li><li>Nu n\u00e4r tackkupongerna finns tillg\u00e4ngliga kan du ocks\u00e5 s\u00e4ga tack med \"DankBar<\/li><li>Finns det solidariska g\u00e5rdar, matkooperativ, ekologiska jordbrukare, g\u00e5rdsbutiker, reparationskaf\u00e9er osv. i ditt n\u00e4romr\u00e5de som du kan inspirera med Gradido? Prata med dem!<\/li><\/ul><p><span style=\"color: #ffffff;\">.<\/span><\/p><p>Du beh\u00f6ver inte g\u00f6ra allt. V\u00e4lj de aktiviteter du vill ha, precis som vid en buff\u00e9. Du f\u00e5r g\u00e4rna utbyta id\u00e9er med andra Gradido-v\u00e4nner i v\u00e5ra Telegramgrupper!<\/p><p>Kontanter \u00e4r inte bara i fara i Europa. I flera \u00e5r har allt fler r\u00f6ster h\u00f6jts f\u00f6r att kr\u00e4va ett v\u00e4rldsomfattande f\u00f6rbud. Detta skulle leda oss \u00e4nnu l\u00e4ngre in i total kontroll.<\/p><p>Med Gradido v\u00e4nder vi riktning och g\u00e5r tillsammans mot en framtid som \u00e4r v\u00e4rd att leva i v\u00e4lst\u00e5nd, fred och frihet f\u00f6r alla m\u00e4nniskor, i harmoni med naturen.<\/p><p>Tacksamhet g\u00f6r dig glad och fri.<\/p><p>Med v\u00e4nliga h\u00e4lsningar<\/p><p>Din<\/p><p><img decoding=\"async\" class=\"alignnone wp-image-4614 size-medium\" src=\"https:\/\/gradido.net\/wp-content\/uploads\/2022\/06\/MargretBernd_2022-300x74.png\" alt=\"\" width=\"300\" height=\"74\" srcset=\"https:\/\/gradido.net\/wp-content\/uploads\/2022\/06\/MargretBernd_2022-300x74.png 300w, https:\/\/gradido.net\/wp-content\/uploads\/2022\/06\/MargretBernd_2022-18x4.png 18w, https:\/\/gradido.net\/wp-content\/uploads\/2022\/06\/MargretBernd_2022.png 431w\" sizes=\"(max-width: 300px) 100vw, 300px\" \/><\/p><p>Margret Baier och Bernd H\u00fcckst\u00e4dt<br \/>Gradidos grundare och utvecklare<\/p>\t\t\t\t\t\t\t\t<\/div>\n\t\t\t\t<\/div>\n\t\t\t\t\t<\/div>\n\t\t<\/div>\n\t\t\t\t\t<\/div>\n\t\t<\/section>\n\t\t\t\t<section class=\"elementor-section elementor-top-section elementor-element elementor-element-2391283 elementor-section-boxed elementor-section-height-default elementor-section-height-default\" data-id=\"2391283\" data-element_type=\"section\" data-e-type=\"section\">\n\t\t\t\t\t\t<div class=\"elementor-container elementor-column-gap-default\">\n\t\t\t\t\t<div class=\"elementor-column elementor-col-100 elementor-top-column elementor-element elementor-element-89ea1d3\" data-id=\"89ea1d3\" data-element_type=\"column\" data-e-type=\"column\">\n\t\t\t<div class=\"elementor-widget-wrap elementor-element-populated\">\n\t\t\t\t\t\t<div class=\"elementor-element elementor-element-79cb90b elementor-widget elementor-widget-global elementor-global-9341 elementor-widget-text-editor\" data-id=\"79cb90b\" data-element_type=\"widget\" data-e-type=\"widget\" data-widget_type=\"text-editor.default\">\n\t\t\t\t<div class=\"elementor-widget-container\">\n\t\t\t\t\t\t\t\t\t<p><strong>PS:\u00a0<span style=\"color: #ff6600;\"><a style=\"color: #ff6600;\" href=\"https:\/\/gradido.net\/sv\/donations\/\">P\u00e5 grund av Gradidos st\u00e4ndigt \u00f6kande betydelse upprepar vi v\u00e5r tacksamhetskampanj den 26 juni 2026:<\/a>\u00a0<\/span><span style=\"color: #0000ff;\"><a style=\"color: #0000ff;\" href=\"https:\/\/gradido.net\/sv\/donations\/\">F\u00f6rutom den multipla GradidoTransform f\u00f6r ditt sponsorbidrag, kommer vi att \u00f6ka alla GDT-kontosaldon med 26% den 26\/06\/2016. Sponsra nu och njut av det multipla beloppet av GDT!<\/a><\/span><\/strong><\/p>\t\t\t\t\t\t\t\t<\/div>\n\t\t\t\t<\/div>\n\t\t\t\t\t<\/div>\n\t\t<\/div>\n\t\t\t\t\t<\/div>\n\t\t<\/section>\n\t\t\t\t<\/div>","protected":false},"excerpt":{"rendered":"<p>Kontanter st\u00e5r f\u00f6r frihet utan kontroll fr\u00e5n myndigheterna. N\u00e4r Gradido inf\u00f6rs beh\u00f6ver staten inte l\u00e4ngre kontrollera medborgarnas ekonomi, eftersom den offentliga budgeten d\u00e5 finansieras - helt utan skatter - genom den andra penningskapelsen.<\/p>","protected":false},"author":2,"featured_media":6160,"comment_status":"closed","ping_status":"closed","sticky":false,"template":"","format":"standard","meta":{"footnotes":""},"categories":[11,55],"tags":[],"class_list":["post-6159","post","type-post","status-publish","format-standard","has-post-thumbnail","hentry","category-blog","category-gradido-konto"],"yoast_head":"<!-- This site is optimized with the Yoast SEO plugin v27.5 - https:\/\/yoast.com\/product\/yoast-seo-wordpress\/ -->\n<title>Der \u201aDankBar\u2018 kommt \u2013 Gradido in Scheinen - Gradido<\/title>\n<meta name=\"description\" content=\"Bargeld steht f\u00fcr Freiheit ohne Kontrolle durch die Obrigkeit. Wenn Gradido eingef\u00fchrt ist, braucht der Staat die Finanzen seiner B\u00fcrger nicht mehr zu kontrollieren, denn der \u00f6ffentliche Haushalt finanziert sich dann \u2013 ganz ohne Steuern \u2013 durch die zweite Geldsch\u00f6pfung.\" \/>\n<meta name=\"robots\" content=\"index, follow, max-snippet:-1, max-image-preview:large, max-video-preview:-1\" \/>\n<link rel=\"canonical\" href=\"https:\/\/gradido.net\/sv\/der-dankbar-kommt-gradido-in-scheinen\/\" \/>\n<meta property=\"og:locale\" content=\"sv_SE\" \/>\n<meta property=\"og:type\" content=\"article\" \/>\n<meta property=\"og:title\" content=\"Der \u201aDankBar\u2018 kommt \u2013 Gradido in Scheinen - Gradido\" \/>\n<meta property=\"og:description\" content=\"Bargeld steht f\u00fcr Freiheit ohne Kontrolle durch die Obrigkeit. Wenn Gradido eingef\u00fchrt ist, braucht der Staat die Finanzen seiner B\u00fcrger nicht mehr zu kontrollieren, denn der \u00f6ffentliche Haushalt finanziert sich dann \u2013 ganz ohne Steuern \u2013 durch die zweite Geldsch\u00f6pfung.\" \/>\n<meta property=\"og:url\" content=\"https:\/\/gradido.net\/sv\/der-dankbar-kommt-gradido-in-scheinen\/\" \/>\n<meta property=\"og:site_name\" content=\"Gradido\" \/>\n<meta property=\"article:published_time\" content=\"2023-01-06T08:55:46+00:00\" \/>\n<meta property=\"article:modified_time\" content=\"2026-04-24T06:09:00+00:00\" \/>\n<meta property=\"og:image\" content=\"https:\/\/gradido.net\/wp-content\/uploads\/2023\/01\/Bargeld.jpg\" \/>\n\t<meta property=\"og:image:width\" content=\"1500\" \/>\n\t<meta property=\"og:image:height\" content=\"620\" \/>\n\t<meta property=\"og:image:type\" content=\"image\/jpeg\" \/>\n<meta name=\"author\" content=\"Bernd H\u00fcckst\u00e4dt\" \/>\n<meta name=\"twitter:card\" content=\"summary_large_image\" \/>\n<meta name=\"twitter:label1\" content=\"Skriven av\" \/>\n\t<meta name=\"twitter:data1\" content=\"Bernd H\u00fcckst\u00e4dt\" \/>\n\t<meta name=\"twitter:label2\" content=\"Ber\u00e4knad l\u00e4stid\" \/>\n\t<meta name=\"twitter:data2\" content=\"7 minuter\" \/>\n<script type=\"application\/ld+json\" class=\"yoast-schema-graph\">{\"@context\":\"https:\\\/\\\/schema.org\",\"@graph\":[{\"@type\":\"Article\",\"@id\":\"https:\\\/\\\/gradido.net\\\/der-dankbar-kommt-gradido-in-scheinen\\\/#article\",\"isPartOf\":{\"@id\":\"https:\\\/\\\/gradido.net\\\/der-dankbar-kommt-gradido-in-scheinen\\\/\"},\"author\":{\"name\":\"Bernd H\u00fcckst\u00e4dt\",\"@id\":\"https:\\\/\\\/gradido.net\\\/de\\\/#\\\/schema\\\/person\\\/9c503a004ad15a1ddecadce2218db5d1\"},\"headline\":\"Der \u201aDankBar\u2018 kommt \u2013 Gradido in Scheinen\",\"datePublished\":\"2023-01-06T08:55:46+00:00\",\"dateModified\":\"2026-04-24T06:09:00+00:00\",\"mainEntityOfPage\":{\"@id\":\"https:\\\/\\\/gradido.net\\\/der-dankbar-kommt-gradido-in-scheinen\\\/\"},\"wordCount\":1182,\"publisher\":{\"@id\":\"https:\\\/\\\/gradido.net\\\/de\\\/#organization\"},\"image\":{\"@id\":\"https:\\\/\\\/gradido.net\\\/der-dankbar-kommt-gradido-in-scheinen\\\/#primaryimage\"},\"thumbnailUrl\":\"https:\\\/\\\/gradido.net\\\/wp-content\\\/uploads\\\/2023\\\/01\\\/Bargeld.jpg\",\"articleSection\":[\"Blog\",\"Gradido-Konto\"],\"inLanguage\":\"sv-SE\"},{\"@type\":\"WebPage\",\"@id\":\"https:\\\/\\\/gradido.net\\\/der-dankbar-kommt-gradido-in-scheinen\\\/\",\"url\":\"https:\\\/\\\/gradido.net\\\/der-dankbar-kommt-gradido-in-scheinen\\\/\",\"name\":\"Der \u201aDankBar\u2018 kommt \u2013 Gradido in Scheinen - Gradido\",\"isPartOf\":{\"@id\":\"https:\\\/\\\/gradido.net\\\/de\\\/#website\"},\"primaryImageOfPage\":{\"@id\":\"https:\\\/\\\/gradido.net\\\/der-dankbar-kommt-gradido-in-scheinen\\\/#primaryimage\"},\"image\":{\"@id\":\"https:\\\/\\\/gradido.net\\\/der-dankbar-kommt-gradido-in-scheinen\\\/#primaryimage\"},\"thumbnailUrl\":\"https:\\\/\\\/gradido.net\\\/wp-content\\\/uploads\\\/2023\\\/01\\\/Bargeld.jpg\",\"datePublished\":\"2023-01-06T08:55:46+00:00\",\"dateModified\":\"2026-04-24T06:09:00+00:00\",\"description\":\"Bargeld steht f\u00fcr Freiheit ohne Kontrolle durch die Obrigkeit. Wenn Gradido eingef\u00fchrt ist, braucht der Staat die Finanzen seiner B\u00fcrger nicht mehr zu kontrollieren, denn der \u00f6ffentliche Haushalt finanziert sich dann \u2013 ganz ohne Steuern \u2013 durch die zweite Geldsch\u00f6pfung.\",\"breadcrumb\":{\"@id\":\"https:\\\/\\\/gradido.net\\\/der-dankbar-kommt-gradido-in-scheinen\\\/#breadcrumb\"},\"inLanguage\":\"sv-SE\",\"potentialAction\":[{\"@type\":\"ReadAction\",\"target\":[\"https:\\\/\\\/gradido.net\\\/der-dankbar-kommt-gradido-in-scheinen\\\/\"]}]},{\"@type\":\"ImageObject\",\"inLanguage\":\"sv-SE\",\"@id\":\"https:\\\/\\\/gradido.net\\\/der-dankbar-kommt-gradido-in-scheinen\\\/#primaryimage\",\"url\":\"https:\\\/\\\/gradido.net\\\/wp-content\\\/uploads\\\/2023\\\/01\\\/Bargeld.jpg\",\"contentUrl\":\"https:\\\/\\\/gradido.net\\\/wp-content\\\/uploads\\\/2023\\\/01\\\/Bargeld.jpg\",\"width\":1500,\"height\":620},{\"@type\":\"BreadcrumbList\",\"@id\":\"https:\\\/\\\/gradido.net\\\/der-dankbar-kommt-gradido-in-scheinen\\\/#breadcrumb\",\"itemListElement\":[{\"@type\":\"ListItem\",\"position\":1,\"name\":\"Startseite\",\"item\":\"https:\\\/\\\/gradido.net\\\/\"},{\"@type\":\"ListItem\",\"position\":2,\"name\":\"Der \u201aDankBar\u2018 kommt \u2013 Gradido in Scheinen\"}]},{\"@type\":\"WebSite\",\"@id\":\"https:\\\/\\\/gradido.net\\\/de\\\/#website\",\"url\":\"https:\\\/\\\/gradido.net\\\/de\\\/\",\"name\":\"Gradido\",\"description\":\"Die neue W\u00e4hrung hei\u00dft Dankbarkeit\",\"publisher\":{\"@id\":\"https:\\\/\\\/gradido.net\\\/de\\\/#organization\"},\"potentialAction\":[{\"@type\":\"SearchAction\",\"target\":{\"@type\":\"EntryPoint\",\"urlTemplate\":\"https:\\\/\\\/gradido.net\\\/de\\\/?s={search_term_string}\"},\"query-input\":{\"@type\":\"PropertyValueSpecification\",\"valueRequired\":true,\"valueName\":\"search_term_string\"}}],\"inLanguage\":\"sv-SE\"},{\"@type\":\"Organization\",\"@id\":\"https:\\\/\\\/gradido.net\\\/de\\\/#organization\",\"name\":\"Gradido\",\"url\":\"https:\\\/\\\/gradido.net\\\/de\\\/\",\"logo\":{\"@type\":\"ImageObject\",\"inLanguage\":\"sv-SE\",\"@id\":\"https:\\\/\\\/gradido.net\\\/de\\\/#\\\/schema\\\/logo\\\/image\\\/\",\"url\":\"https:\\\/\\\/gradido.net\\\/wp-content\\\/uploads\\\/2022\\\/04\\\/gradido-social.jpg\",\"contentUrl\":\"https:\\\/\\\/gradido.net\\\/wp-content\\\/uploads\\\/2022\\\/04\\\/gradido-social.jpg\",\"width\":527,\"height\":273,\"caption\":\"Gradido\"},\"image\":{\"@id\":\"https:\\\/\\\/gradido.net\\\/de\\\/#\\\/schema\\\/logo\\\/image\\\/\"}},{\"@type\":\"Person\",\"@id\":\"https:\\\/\\\/gradido.net\\\/de\\\/#\\\/schema\\\/person\\\/9c503a004ad15a1ddecadce2218db5d1\",\"name\":\"Bernd H\u00fcckst\u00e4dt\",\"sameAs\":[\"https:\\\/\\\/gradido.net\"],\"url\":\"https:\\\/\\\/gradido.net\\\/sv\\\/author\\\/bernd\\\/\"}]}<\/script>\n<!-- \/ Yoast SEO plugin. -->","yoast_head_json":{"title":"Dankbaren \u00e4r p\u00e5 v\u00e4g - Gradido i noter - Gradido","description":"Kontanter st\u00e5r f\u00f6r frihet utan kontroll fr\u00e5n myndigheterna. N\u00e4r Gradido inf\u00f6rs beh\u00f6ver staten inte l\u00e4ngre kontrollera medborgarnas ekonomi, eftersom den offentliga budgeten d\u00e5 finansieras - helt utan skatter - genom den andra penningskapelsen.","robots":{"index":"index","follow":"follow","max-snippet":"max-snippet:-1","max-image-preview":"max-image-preview:large","max-video-preview":"max-video-preview:-1"},"canonical":"https:\/\/gradido.net\/sv\/der-dankbar-kommt-gradido-in-scheinen\/","og_locale":"sv_SE","og_type":"article","og_title":"Der \u201aDankBar\u2018 kommt \u2013 Gradido in Scheinen - Gradido","og_description":"Bargeld steht f\u00fcr Freiheit ohne Kontrolle durch die Obrigkeit. Wenn Gradido eingef\u00fchrt ist, braucht der Staat die Finanzen seiner B\u00fcrger nicht mehr zu kontrollieren, denn der \u00f6ffentliche Haushalt finanziert sich dann \u2013 ganz ohne Steuern \u2013 durch die zweite Geldsch\u00f6pfung.","og_url":"https:\/\/gradido.net\/sv\/der-dankbar-kommt-gradido-in-scheinen\/","og_site_name":"Gradido","article_published_time":"2023-01-06T08:55:46+00:00","article_modified_time":"2026-04-24T06:09:00+00:00","og_image":[{"width":1500,"height":620,"url":"https:\/\/gradido.net\/wp-content\/uploads\/2023\/01\/Bargeld.jpg","type":"image\/jpeg"}],"author":"Bernd H\u00fcckst\u00e4dt","twitter_card":"summary_large_image","twitter_misc":{"Skriven av":"Bernd H\u00fcckst\u00e4dt","Ber\u00e4knad l\u00e4stid":"7 minuter"},"schema":{"@context":"https:\/\/schema.org","@graph":[{"@type":"Article","@id":"https:\/\/gradido.net\/der-dankbar-kommt-gradido-in-scheinen\/#article","isPartOf":{"@id":"https:\/\/gradido.net\/der-dankbar-kommt-gradido-in-scheinen\/"},"author":{"name":"Bernd H\u00fcckst\u00e4dt","@id":"https:\/\/gradido.net\/de\/#\/schema\/person\/9c503a004ad15a1ddecadce2218db5d1"},"headline":"Der \u201aDankBar\u2018 kommt \u2013 Gradido in Scheinen","datePublished":"2023-01-06T08:55:46+00:00","dateModified":"2026-04-24T06:09:00+00:00","mainEntityOfPage":{"@id":"https:\/\/gradido.net\/der-dankbar-kommt-gradido-in-scheinen\/"},"wordCount":1182,"publisher":{"@id":"https:\/\/gradido.net\/de\/#organization"},"image":{"@id":"https:\/\/gradido.net\/der-dankbar-kommt-gradido-in-scheinen\/#primaryimage"},"thumbnailUrl":"https:\/\/gradido.net\/wp-content\/uploads\/2023\/01\/Bargeld.jpg","articleSection":["Blog","Gradido-Konto"],"inLanguage":"sv-SE"},{"@type":"WebPage","@id":"https:\/\/gradido.net\/der-dankbar-kommt-gradido-in-scheinen\/","url":"https:\/\/gradido.net\/der-dankbar-kommt-gradido-in-scheinen\/","name":"Dankbaren \u00e4r p\u00e5 v\u00e4g - Gradido i noter - Gradido","isPartOf":{"@id":"https:\/\/gradido.net\/de\/#website"},"primaryImageOfPage":{"@id":"https:\/\/gradido.net\/der-dankbar-kommt-gradido-in-scheinen\/#primaryimage"},"image":{"@id":"https:\/\/gradido.net\/der-dankbar-kommt-gradido-in-scheinen\/#primaryimage"},"thumbnailUrl":"https:\/\/gradido.net\/wp-content\/uploads\/2023\/01\/Bargeld.jpg","datePublished":"2023-01-06T08:55:46+00:00","dateModified":"2026-04-24T06:09:00+00:00","description":"Kontanter st\u00e5r f\u00f6r frihet utan kontroll fr\u00e5n myndigheterna. N\u00e4r Gradido inf\u00f6rs beh\u00f6ver staten inte l\u00e4ngre kontrollera medborgarnas ekonomi, eftersom den offentliga budgeten d\u00e5 finansieras - helt utan skatter - genom den andra penningskapelsen.","breadcrumb":{"@id":"https:\/\/gradido.net\/der-dankbar-kommt-gradido-in-scheinen\/#breadcrumb"},"inLanguage":"sv-SE","potentialAction":[{"@type":"ReadAction","target":["https:\/\/gradido.net\/der-dankbar-kommt-gradido-in-scheinen\/"]}]},{"@type":"ImageObject","inLanguage":"sv-SE","@id":"https:\/\/gradido.net\/der-dankbar-kommt-gradido-in-scheinen\/#primaryimage","url":"https:\/\/gradido.net\/wp-content\/uploads\/2023\/01\/Bargeld.jpg","contentUrl":"https:\/\/gradido.net\/wp-content\/uploads\/2023\/01\/Bargeld.jpg","width":1500,"height":620},{"@type":"BreadcrumbList","@id":"https:\/\/gradido.net\/der-dankbar-kommt-gradido-in-scheinen\/#breadcrumb","itemListElement":[{"@type":"ListItem","position":1,"name":"Startseite","item":"https:\/\/gradido.net\/"},{"@type":"ListItem","position":2,"name":"Der \u201aDankBar\u2018 kommt \u2013 Gradido in Scheinen"}]},{"@type":"WebSite","@id":"https:\/\/gradido.net\/de\/#website","url":"https:\/\/gradido.net\/de\/","name":"Gradido","description":"Den nya valutan \u00e4r tacksamhet","publisher":{"@id":"https:\/\/gradido.net\/de\/#organization"},"potentialAction":[{"@type":"SearchAction","target":{"@type":"EntryPoint","urlTemplate":"https:\/\/gradido.net\/de\/?s={search_term_string}"},"query-input":{"@type":"PropertyValueSpecification","valueRequired":true,"valueName":"search_term_string"}}],"inLanguage":"sv-SE"},{"@type":"Organization","@id":"https:\/\/gradido.net\/de\/#organization","name":"Gradido","url":"https:\/\/gradido.net\/de\/","logo":{"@type":"ImageObject","inLanguage":"sv-SE","@id":"https:\/\/gradido.net\/de\/#\/schema\/logo\/image\/","url":"https:\/\/gradido.net\/wp-content\/uploads\/2022\/04\/gradido-social.jpg","contentUrl":"https:\/\/gradido.net\/wp-content\/uploads\/2022\/04\/gradido-social.jpg","width":527,"height":273,"caption":"Gradido"},"image":{"@id":"https:\/\/gradido.net\/de\/#\/schema\/logo\/image\/"}},{"@type":"Person","@id":"https:\/\/gradido.net\/de\/#\/schema\/person\/9c503a004ad15a1ddecadce2218db5d1","name":"Bernd H\u00fcckst\u00e4dt","sameAs":["https:\/\/gradido.net"],"url":"https:\/\/gradido.net\/sv\/author\/bernd\/"}]}},"_links":{"self":[{"href":"https:\/\/gradido.net\/sv\/wp-json\/wp\/v2\/posts\/6159","targetHints":{"allow":["GET"]}}],"collection":[{"href":"https:\/\/gradido.net\/sv\/wp-json\/wp\/v2\/posts"}],"about":[{"href":"https:\/\/gradido.net\/sv\/wp-json\/wp\/v2\/types\/post"}],"author":[{"embeddable":true,"href":"https:\/\/gradido.net\/sv\/wp-json\/wp\/v2\/users\/2"}],"replies":[{"embeddable":true,"href":"https:\/\/gradido.net\/sv\/wp-json\/wp\/v2\/comments?post=6159"}],"version-history":[{"count":51,"href":"https:\/\/gradido.net\/sv\/wp-json\/wp\/v2\/posts\/6159\/revisions"}],"predecessor-version":[{"id":13597,"href":"https:\/\/gradido.net\/sv\/wp-json\/wp\/v2\/posts\/6159\/revisions\/13597"}],"wp:featuredmedia":[{"embeddable":true,"href":"https:\/\/gradido.net\/sv\/wp-json\/wp\/v2\/media\/6160"}],"wp:attachment":[{"href":"https:\/\/gradido.net\/sv\/wp-json\/wp\/v2\/media?parent=6159"}],"wp:term":[{"taxonomy":"category","embeddable":true,"href":"https:\/\/gradido.net\/sv\/wp-json\/wp\/v2\/categories?post=6159"},{"taxonomy":"post_tag","embeddable":true,"href":"https:\/\/gradido.net\/sv\/wp-json\/wp\/v2\/tags?post=6159"}],"curies":[{"name":"wp","href":"https:\/\/api.w.org\/{rel}","templated":true}]}}