{"id":616,"date":"2020-05-26T15:29:00","date_gmt":"2020-05-26T13:29:00","guid":{"rendered":"http:\/\/neu.gradido.net\/?p=616"},"modified":"2021-12-10T13:08:25","modified_gmt":"2021-12-10T12:08:25","slug":"corona-krise-zeit-fuer-die-natuerliche-oekonomie-des-lebens","status":"publish","type":"post","link":"https:\/\/gradido.net\/sv\/corona-krise-zeit-fuer-die-natuerliche-oekonomie-des-lebens\/","title":{"rendered":"Koronakrisen: Dags f\u00f6r en naturlig livsekonomi"},"content":{"rendered":"<div data-elementor-type=\"wp-post\" data-elementor-id=\"616\" class=\"elementor elementor-616\" data-elementor-post-type=\"post\">\n\t\t\t\t\t\t<section class=\"elementor-section elementor-top-section elementor-element elementor-element-f9a81c7 elementor-section-boxed elementor-section-height-default elementor-section-height-default\" data-id=\"f9a81c7\" data-element_type=\"section\" data-e-type=\"section\">\n\t\t\t\t\t\t<div class=\"elementor-container elementor-column-gap-default\">\n\t\t\t\t\t<div class=\"elementor-column elementor-col-100 elementor-top-column elementor-element elementor-element-31d55dd\" data-id=\"31d55dd\" data-element_type=\"column\" data-e-type=\"column\">\n\t\t\t<div class=\"elementor-widget-wrap elementor-element-populated\">\n\t\t\t\t\t\t<div class=\"elementor-element elementor-element-6cca0d4 elementor-widget elementor-widget-text-editor\" data-id=\"6cca0d4\" data-element_type=\"widget\" data-e-type=\"widget\" data-widget_type=\"text-editor.default\">\n\t\t\t\t<div class=\"elementor-widget-container\">\n\t\t\t\t\t\t\t\t\t<h2>Ekonomisk bionik \u00e5terg\u00e5r till en global valuta f\u00f6r det gemensamma b\u00e4sta<\/h2>\n<p><strong>K\u00fcnzelsau, 26 maj 2020 - Coronakrisen har p\u00e5 mycket kort tid f\u00f6r\u00e4ndrat v\u00e5r v\u00e4rld i grunden. Trots st\u00f6dprogram f\u00f6r miljarder \u00e4r ekonomin i fritt fall. Det globala finansiella systemet hotar att g\u00e5 omkull, vilket kommer att leda till massinsolvenser, rekordh\u00f6g arbetsl\u00f6shet och djup fattigdom. Endast med ett h\u00e5llbart nytt monet\u00e4rt system, d\u00e4r de ekonomiska, ekologiska och sociala incitamenten pekar i samma riktning, kan m\u00e4nskligheten \u00f6vervinna dessa utmaningar. Gradido Academy for Economic Bionics har utvecklat ett s\u00e5dant system. Den nya gemensamma goda valutan Gradido har potential att skapa v\u00e4lst\u00e5nd och fred i hela v\u00e4rlden.<\/strong><\/p>\n<p><strong><!-- \/wp:paragraph --><!-- wp:paragraph --><\/strong><\/p>\n<p><strong>Gradido Academy har i 20 \u00e5r utvecklat en valuta f\u00f6r det gemensamma b\u00e4sta, med naturen som f\u00f6rebild. I den st\u00e4ndiga cykeln av tillblivelse och bortg\u00e5ng \u00e4r allting i naturen i cykler. Detta \u00e4r det enda s\u00e4ttet att garantera en st\u00e4ndig f\u00f6rnyelse av v\u00e5r planet. Enligt denna \"livscykel\" fungerar ocks\u00e5 balanssystemet Gradido, som skulle kunna ge hela m\u00e4nskligheten inte bara en stabil f\u00f6rs\u00f6rjning, utan \u00e4ven ett liv i v\u00e4lst\u00e5nd och fredlig samexistens.<\/strong><\/p>\n<p><!-- \/wp:paragraph --><!-- wp:paragraph --><\/p>\n<p><strong>En ekonomisk pandemi var oundviklig<\/strong><br>Viruset \u00e4r inte orsaken till den globala \"ekonomiska pandemin\", utan bara den utl\u00f6sande faktorn, f\u00f6rklarar de ekonomiska bionikexperterna Margret Baier och Bernd H\u00fcckst\u00e4dt: \"Precis som stenen bara utl\u00f6ser lavinen som st\u00f6rtar ner i dalen eftersom marken inte var tillr\u00e4ckligt stabil, kunde Coronaviruset bara s\u00e4tta ig\u00e5ng den nuvarande krisen i det globala ekonomiska och finansiella systemet eftersom det nuvarande globala finansiella systemet \u00e4r extremt instabilt\", f\u00f6rklarar H\u00fcckst\u00e4dt. Grundarna av Gradido Academy har tagit itu med fr\u00e5gan om vad ekonomin kan l\u00e4ra sig av naturen. Precis som varje flygtekniker m\u00e5ste studera f\u00e5glarnas flygning, unders\u00f6ker den ekonomiska bionikern vilka naturliga processer som kan vara modeller f\u00f6r framg\u00e5ngsrika ekonomiska processer. Enligt resultaten fr\u00e5n Gradido Academy kan det uttalade m\u00e5let f\u00f6r en social marknadsekonomi, att skapa v\u00e4lst\u00e5nd f\u00f6r alla, inte alls uppn\u00e5s med det nuvarande finansiella systemet. I st\u00e4llet \u00e4r det inbyggt i systemet att vissa m\u00e4nniskors kredit \u00e4r andras skuld. Fatal konsekvens: det r\u00e5dande ekonomiska systemet skapar katastrofala incitament f\u00f6r exploatering av m\u00e4nniskor och natur. De oundvikliga konsekvenserna \u00e4r global fattigdom, krig och katastrofal milj\u00f6f\u00f6rst\u00f6ring. M\u00e4nsklighetens och v\u00e5r planets framtid \u00e4r d\u00e4rmed existentiellt hotad.<\/p>\n<p><!-- \/wp:paragraph --><!-- wp:paragraph --><\/p>\n<p><strong>Den ekonomiska bionikens timme<\/strong><br>Uppfinnarna av Gradido-valutan ser nu chansen att permanent bryta denna onda onda cirkel. Den v\u00e4rldsomsp\u00e4nnande Corona Lockdown skapar inte bara ett behov av ompr\u00f6vning, utan ocks\u00e5 en tydlig insikt om hur br\u00e4ckligt det r\u00e5dande ekonomiska systemet \u00e4r. Det \u00f6ppnar ocks\u00e5 en ny k\u00e4nslighet f\u00f6r naturens framg\u00e5ngsmodeller, som redan har visat sig fungera i fyra och en halv miljard \u00e5r. F\u00f6ljaktligen ser samh\u00e4llet alltmer f\u00f6rv\u00e4ntansfullt p\u00e5 den \u00e4nnu unga vetenskapen om ekonomisk bionik och dess svar p\u00e5 v\u00e5r tids existentiella fr\u00e5gor.<\/p>\n<p><!-- \/wp:paragraph --><!-- wp:paragraph --><\/p>\n<p><strong>Akademin Gradido<\/strong><br>Namnet Gradido \u00e4r sammansatt av de engelska termerna f\u00f6r tacksamhet, v\u00e4rdighet och donation. Den f\u00f6renar s\u00e5ledes de tre grundl\u00e4ggande v\u00e4rdena i den nya ekonomiska kulturen, som \u00e4r att m\u00f6jligg\u00f6ra och s\u00e4kerst\u00e4lla en sund ekonomisk verksamhet till f\u00f6rm\u00e5n f\u00f6r alla. Gradidos etiska grundprincip bygger p\u00e5 att harmonisera individens v\u00e4lbefinnande med gemenskapens och den st\u00f6rre helhetens v\u00e4lbefinnande - i betydelsen natur och milj\u00f6. Livets kretslopp \u00e4r naturens grundrecept f\u00f6r framg\u00e5ng. Naturen f\u00f6ljer regeln att det \u00e4r bara n\u00e4r n\u00e5got g\u00e5r bort som n\u00e5got nytt kan uppst\u00e5 och d\u00e4rmed \u00e4r det m\u00f6jligt att \u00e5stadkomma en l\u00e5ngsiktig f\u00f6rb\u00e4ttring (evolution). Om v\u00e5r ekonomi skulle f\u00f6lja denna naturliga cykel tror experter p\u00e5 ekonomisk bionik att praktiskt taget alla v\u00e4rldens penningrelaterade problem skulle kunna l\u00f6sas. Det nuvarande v\u00e4rldsekonomiska systemet har dock den rakt motsatta effekten. Den str\u00e4var efter exponentiell ekonomisk tillv\u00e4xt, vilket p\u00e5 grund av systemets natur alltid m\u00e5ste leda till kollaps.<\/p>\n<p><!-- \/wp:paragraph --><!-- wp:paragraph --><\/p>\n<p><strong>Gradido-valutan<\/strong><br>I Gradido Academys modell integreras cykeln av tillblivande och bortg\u00e5ng genom regelbunden skapande av pengar och planerad f\u00f6rvandling av pengar. Pengar skapas p\u00e5 grundval av befolkningsutvecklingen. Detta eliminerar den gr\u00e4nsl\u00f6sa f\u00f6r\u00f6kningen av bokpengar och ger penningm\u00e4ngdens utveckling en naturlig grund. I Gradido Academy-modellen delas pengarna ut enligt en princip med tre pelare: varje v\u00e4rldsmedborgare f\u00e5r totalt 3 000 Gradido, som \u00e4r valutans namn, som bed\u00f6ms. En tredjedel g\u00e5r till varje medborgare som en aktiv basinkomst, den andra tredjedelen g\u00e5r till staten f\u00f6r dess tj\u00e4nster till samh\u00e4llet och den tredje delen g\u00e5r till en kompensations- och milj\u00f6fond f\u00f6r att m\u00f6jligg\u00f6ra en sanering av det ekonomiska och ekologiska arvet. Anledningen till att pengarna delas upp p\u00e5 exakt detta s\u00e4tt har sin grund i etiken om det \"trefaldigt goda\". Individen \u00e4r en del av samh\u00e4llet, staten, som i sin tur \u00e4r en del av den \"stora bilden\", ekosystemet. Om en av dessa tre aspekter f\u00f6rsummas hamnar hela systemet i obalans. Inom varje \u00e5r f\u00f6rfaller 50 procent av de skapade pengarna. Denna planerade cykel av tillblivelse och f\u00f6rfall h\u00e5ller penningm\u00e4ngden stabil och systemet i balans.<strong>.<\/strong>&nbsp;Inf\u00f6randet av Gradido-valutan kan ske s\u00e5v\u00e4l globalt som i enskilda l\u00e4nder och kan utformas i etapper parallellt med det befintliga systemet s\u00e5 att alla delar kan testas riskfritt och optimeras vid behov.<\/p>\n<p><!-- \/wp:paragraph --><!-- wp:paragraph --><\/p>\n<p><strong>Passion och ansvar<\/strong><br>\"Internationella valutafonden (IMF) f\u00f6rutsp\u00e5r den v\u00e4rsta ekonomiska krisen p\u00e5 90 \u00e5r, och nya l\u00f6sningar \u00e4r nu n\u00f6dv\u00e4ndiga. Tiden \u00e4r verkligen mogen f\u00f6r Gradido och vi ser det som v\u00e5rt ansvar att f\u00f6ra in denna modell i den politiska diskussionen\", betonar Bernd H\u00fcckst\u00e4dt. Margret Baier till\u00e4gger: \"Vi har hittat en l\u00f6sning som \u00e4r inriktad p\u00e5 naturens principer och som kommer att s\u00e4kra en framtid som \u00e4r v\u00e4rd att leva f\u00f6r nuvarande och kommande generationer. P\u00e5 s\u00e5 s\u00e4tt kan vi faktiskt lyckas f\u00f6rverkliga en av m\u00e4nsklighetens st\u00f6rsta dr\u00f6mmar och skapa varaktig fred och v\u00e4lst\u00e5nd f\u00f6r alla m\u00e4nniskor p\u00e5 jorden i harmoni med naturen.\" F\u00f6r mer information, se&nbsp;<a href=\"https:\/\/gradido.net\/sv\/\" target=\"_blank\" rel=\"noreferrer noopener\" data-type=\"URL\" data-id=\"https:\/\/gradido.net\/\">www.gradido.net<\/a><\/p>\n<p><!-- \/wp:paragraph --><\/p>\t\t\t\t\t\t\t\t<\/div>\n\t\t\t\t<\/div>\n\t\t\t\t\t<\/div>\n\t\t<\/div>\n\t\t\t\t\t<\/div>\n\t\t<\/section>\n\t\t\t\t<\/div>","protected":false},"excerpt":{"rendered":"<p>Wirtschaftsbioniker setzen auf weltweite Gemeinwohlw\u00e4hrung K\u00fcnzelsau, 26. Mai 2020 \u2013 Die Corona-Krise hat unsere Welt binnen k\u00fcrzester Zeit grundlegend ver\u00e4ndert. Trotz billionenschwerer Hilfsprogramme befindet sich die Wirtschaft im freien Fall. Das weltweite Finanzsystem droht zu scheitern, gefolgt von Masseninsolvenzen, Rekordarbeitslosigkeit und bitterer Armut. Nur mit einem zukunftsf\u00e4higen neuen Geldsystem, bei dem die \u00f6konomischen, \u00f6kologischen und [&hellip;]<\/p>\n","protected":false},"author":1,"featured_media":858,"comment_status":"closed","ping_status":"closed","sticky":false,"template":"","format":"standard","meta":{"footnotes":""},"categories":[8],"tags":[15],"class_list":["post-616","post","type-post","status-publish","format-standard","has-post-thumbnail","hentry","category-pressemitteilung","tag-wirtschaftsbionik"],"yoast_head":"<!-- This site is optimized with the Yoast SEO plugin v27.5 - https:\/\/yoast.com\/product\/yoast-seo-wordpress\/ -->\n<title>Corona-Krise: Zeit f\u00fcr die \u201eNat\u00fcrliche \u00d6konomie des Lebens\u201c - Gradido<\/title>\n<meta name=\"robots\" content=\"index, follow, max-snippet:-1, max-image-preview:large, max-video-preview:-1\" \/>\n<link rel=\"canonical\" href=\"https:\/\/gradido.net\/sv\/corona-krise-zeit-fuer-die-natuerliche-oekonomie-des-lebens\/\" \/>\n<meta property=\"og:locale\" content=\"sv_SE\" \/>\n<meta property=\"og:type\" content=\"article\" \/>\n<meta property=\"og:title\" content=\"Corona-Krise: Zeit f\u00fcr die \u201eNat\u00fcrliche \u00d6konomie des Lebens\u201c - Gradido\" \/>\n<meta property=\"og:description\" content=\"Wirtschaftsbioniker setzen auf weltweite Gemeinwohlw\u00e4hrung K\u00fcnzelsau, 26. Mai 2020 \u2013 Die Corona-Krise hat unsere Welt binnen k\u00fcrzester Zeit grundlegend ver\u00e4ndert. Trotz billionenschwerer Hilfsprogramme befindet sich die Wirtschaft im freien Fall. Das weltweite Finanzsystem droht zu scheitern, gefolgt von Masseninsolvenzen, Rekordarbeitslosigkeit und bitterer Armut. Nur mit einem zukunftsf\u00e4higen neuen Geldsystem, bei dem die \u00f6konomischen, \u00f6kologischen und [&hellip;]\" \/>\n<meta property=\"og:url\" content=\"https:\/\/gradido.net\/sv\/corona-krise-zeit-fuer-die-natuerliche-oekonomie-des-lebens\/\" \/>\n<meta property=\"og:site_name\" content=\"Gradido\" \/>\n<meta property=\"article:published_time\" content=\"2020-05-26T13:29:00+00:00\" \/>\n<meta property=\"article:modified_time\" content=\"2021-12-10T12:08:25+00:00\" \/>\n<meta property=\"og:image\" content=\"https:\/\/gradido.net\/wp-content\/uploads\/2020\/05\/gemeinwohlwaehrung.jpg\" \/>\n\t<meta property=\"og:image:width\" content=\"1000\" \/>\n\t<meta property=\"og:image:height\" content=\"684\" \/>\n\t<meta property=\"og:image:type\" content=\"image\/jpeg\" \/>\n<meta name=\"author\" content=\"GR4dmin\" \/>\n<meta name=\"twitter:card\" content=\"summary_large_image\" \/>\n<meta name=\"twitter:label1\" content=\"Skriven av\" \/>\n\t<meta name=\"twitter:data1\" content=\"GR4dmin\" \/>\n\t<meta name=\"twitter:label2\" content=\"Ber\u00e4knad l\u00e4stid\" \/>\n\t<meta name=\"twitter:data2\" content=\"5 minuter\" \/>\n<script type=\"application\/ld+json\" class=\"yoast-schema-graph\">{\"@context\":\"https:\\\/\\\/schema.org\",\"@graph\":[{\"@type\":\"Article\",\"@id\":\"https:\\\/\\\/gradido.net\\\/et\\\/corona-krise-zeit-fuer-die-natuerliche-oekonomie-des-lebens\\\/#article\",\"isPartOf\":{\"@id\":\"https:\\\/\\\/gradido.net\\\/et\\\/corona-krise-zeit-fuer-die-natuerliche-oekonomie-des-lebens\\\/\"},\"author\":{\"name\":\"GR4dmin\",\"@id\":\"https:\\\/\\\/gradido.net\\\/de\\\/#\\\/schema\\\/person\\\/9f913f37a47e7a82ad686b58fc907588\"},\"headline\":\"Corona-Krise: Zeit f\u00fcr die \u201eNat\u00fcrliche \u00d6konomie des Lebens\u201c\",\"datePublished\":\"2020-05-26T13:29:00+00:00\",\"dateModified\":\"2021-12-10T12:08:25+00:00\",\"mainEntityOfPage\":{\"@id\":\"https:\\\/\\\/gradido.net\\\/et\\\/corona-krise-zeit-fuer-die-natuerliche-oekonomie-des-lebens\\\/\"},\"wordCount\":983,\"publisher\":{\"@id\":\"https:\\\/\\\/gradido.net\\\/de\\\/#organization\"},\"image\":{\"@id\":\"https:\\\/\\\/gradido.net\\\/et\\\/corona-krise-zeit-fuer-die-natuerliche-oekonomie-des-lebens\\\/#primaryimage\"},\"thumbnailUrl\":\"https:\\\/\\\/gradido.net\\\/wp-content\\\/uploads\\\/2020\\\/05\\\/gemeinwohlwaehrung.jpg\",\"keywords\":[\"Wirtschaftsbionik\"],\"articleSection\":[\"Pressemitteilung\"],\"inLanguage\":\"sv-SE\"},{\"@type\":\"WebPage\",\"@id\":\"https:\\\/\\\/gradido.net\\\/et\\\/corona-krise-zeit-fuer-die-natuerliche-oekonomie-des-lebens\\\/\",\"url\":\"https:\\\/\\\/gradido.net\\\/et\\\/corona-krise-zeit-fuer-die-natuerliche-oekonomie-des-lebens\\\/\",\"name\":\"Corona-Krise: Zeit f\u00fcr die \u201eNat\u00fcrliche \u00d6konomie des Lebens\u201c - Gradido\",\"isPartOf\":{\"@id\":\"https:\\\/\\\/gradido.net\\\/de\\\/#website\"},\"primaryImageOfPage\":{\"@id\":\"https:\\\/\\\/gradido.net\\\/et\\\/corona-krise-zeit-fuer-die-natuerliche-oekonomie-des-lebens\\\/#primaryimage\"},\"image\":{\"@id\":\"https:\\\/\\\/gradido.net\\\/et\\\/corona-krise-zeit-fuer-die-natuerliche-oekonomie-des-lebens\\\/#primaryimage\"},\"thumbnailUrl\":\"https:\\\/\\\/gradido.net\\\/wp-content\\\/uploads\\\/2020\\\/05\\\/gemeinwohlwaehrung.jpg\",\"datePublished\":\"2020-05-26T13:29:00+00:00\",\"dateModified\":\"2021-12-10T12:08:25+00:00\",\"breadcrumb\":{\"@id\":\"https:\\\/\\\/gradido.net\\\/et\\\/corona-krise-zeit-fuer-die-natuerliche-oekonomie-des-lebens\\\/#breadcrumb\"},\"inLanguage\":\"sv-SE\",\"potentialAction\":[{\"@type\":\"ReadAction\",\"target\":[\"https:\\\/\\\/gradido.net\\\/et\\\/corona-krise-zeit-fuer-die-natuerliche-oekonomie-des-lebens\\\/\"]}]},{\"@type\":\"ImageObject\",\"inLanguage\":\"sv-SE\",\"@id\":\"https:\\\/\\\/gradido.net\\\/et\\\/corona-krise-zeit-fuer-die-natuerliche-oekonomie-des-lebens\\\/#primaryimage\",\"url\":\"https:\\\/\\\/gradido.net\\\/wp-content\\\/uploads\\\/2020\\\/05\\\/gemeinwohlwaehrung.jpg\",\"contentUrl\":\"https:\\\/\\\/gradido.net\\\/wp-content\\\/uploads\\\/2020\\\/05\\\/gemeinwohlwaehrung.jpg\",\"width\":1000,\"height\":684},{\"@type\":\"BreadcrumbList\",\"@id\":\"https:\\\/\\\/gradido.net\\\/et\\\/corona-krise-zeit-fuer-die-natuerliche-oekonomie-des-lebens\\\/#breadcrumb\",\"itemListElement\":[{\"@type\":\"ListItem\",\"position\":1,\"name\":\"Startseite\",\"item\":\"https:\\\/\\\/gradido.net\\\/\"},{\"@type\":\"ListItem\",\"position\":2,\"name\":\"Corona-Krise: Zeit f\u00fcr die \u201eNat\u00fcrliche \u00d6konomie des Lebens\u201c\"}]},{\"@type\":\"WebSite\",\"@id\":\"https:\\\/\\\/gradido.net\\\/de\\\/#website\",\"url\":\"https:\\\/\\\/gradido.net\\\/de\\\/\",\"name\":\"Gradido\",\"description\":\"Die neue W\u00e4hrung hei\u00dft Dankbarkeit\",\"publisher\":{\"@id\":\"https:\\\/\\\/gradido.net\\\/de\\\/#organization\"},\"potentialAction\":[{\"@type\":\"SearchAction\",\"target\":{\"@type\":\"EntryPoint\",\"urlTemplate\":\"https:\\\/\\\/gradido.net\\\/de\\\/?s={search_term_string}\"},\"query-input\":{\"@type\":\"PropertyValueSpecification\",\"valueRequired\":true,\"valueName\":\"search_term_string\"}}],\"inLanguage\":\"sv-SE\"},{\"@type\":\"Organization\",\"@id\":\"https:\\\/\\\/gradido.net\\\/de\\\/#organization\",\"name\":\"Gradido\",\"url\":\"https:\\\/\\\/gradido.net\\\/de\\\/\",\"logo\":{\"@type\":\"ImageObject\",\"inLanguage\":\"sv-SE\",\"@id\":\"https:\\\/\\\/gradido.net\\\/de\\\/#\\\/schema\\\/logo\\\/image\\\/\",\"url\":\"https:\\\/\\\/gradido.net\\\/wp-content\\\/uploads\\\/2022\\\/04\\\/gradido-social.jpg\",\"contentUrl\":\"https:\\\/\\\/gradido.net\\\/wp-content\\\/uploads\\\/2022\\\/04\\\/gradido-social.jpg\",\"width\":527,\"height\":273,\"caption\":\"Gradido\"},\"image\":{\"@id\":\"https:\\\/\\\/gradido.net\\\/de\\\/#\\\/schema\\\/logo\\\/image\\\/\"}},{\"@type\":\"Person\",\"@id\":\"https:\\\/\\\/gradido.net\\\/de\\\/#\\\/schema\\\/person\\\/9f913f37a47e7a82ad686b58fc907588\",\"name\":\"GR4dmin\",\"sameAs\":[\"https:\\\/\\\/gradido.net\"],\"url\":\"https:\\\/\\\/gradido.net\\\/sv\\\/author\\\/gr4dmin\\\/\"}]}<\/script>\n<!-- \/ Yoast SEO plugin. -->","yoast_head_json":{"title":"Coronakrisen: Dags f\u00f6r den \"naturliga livsekonomin\" - Gradido","robots":{"index":"index","follow":"follow","max-snippet":"max-snippet:-1","max-image-preview":"max-image-preview:large","max-video-preview":"max-video-preview:-1"},"canonical":"https:\/\/gradido.net\/sv\/corona-krise-zeit-fuer-die-natuerliche-oekonomie-des-lebens\/","og_locale":"sv_SE","og_type":"article","og_title":"Corona-Krise: Zeit f\u00fcr die \u201eNat\u00fcrliche \u00d6konomie des Lebens\u201c - Gradido","og_description":"Wirtschaftsbioniker setzen auf weltweite Gemeinwohlw\u00e4hrung K\u00fcnzelsau, 26. Mai 2020 \u2013 Die Corona-Krise hat unsere Welt binnen k\u00fcrzester Zeit grundlegend ver\u00e4ndert. Trotz billionenschwerer Hilfsprogramme befindet sich die Wirtschaft im freien Fall. Das weltweite Finanzsystem droht zu scheitern, gefolgt von Masseninsolvenzen, Rekordarbeitslosigkeit und bitterer Armut. Nur mit einem zukunftsf\u00e4higen neuen Geldsystem, bei dem die \u00f6konomischen, \u00f6kologischen und [&hellip;]","og_url":"https:\/\/gradido.net\/sv\/corona-krise-zeit-fuer-die-natuerliche-oekonomie-des-lebens\/","og_site_name":"Gradido","article_published_time":"2020-05-26T13:29:00+00:00","article_modified_time":"2021-12-10T12:08:25+00:00","og_image":[{"width":1000,"height":684,"url":"https:\/\/gradido.net\/wp-content\/uploads\/2020\/05\/gemeinwohlwaehrung.jpg","type":"image\/jpeg"}],"author":"GR4dmin","twitter_card":"summary_large_image","twitter_misc":{"Skriven av":"GR4dmin","Ber\u00e4knad l\u00e4stid":"5 minuter"},"schema":{"@context":"https:\/\/schema.org","@graph":[{"@type":"Article","@id":"https:\/\/gradido.net\/et\/corona-krise-zeit-fuer-die-natuerliche-oekonomie-des-lebens\/#article","isPartOf":{"@id":"https:\/\/gradido.net\/et\/corona-krise-zeit-fuer-die-natuerliche-oekonomie-des-lebens\/"},"author":{"name":"GR4dmin","@id":"https:\/\/gradido.net\/de\/#\/schema\/person\/9f913f37a47e7a82ad686b58fc907588"},"headline":"Corona-Krise: Zeit f\u00fcr die \u201eNat\u00fcrliche \u00d6konomie des Lebens\u201c","datePublished":"2020-05-26T13:29:00+00:00","dateModified":"2021-12-10T12:08:25+00:00","mainEntityOfPage":{"@id":"https:\/\/gradido.net\/et\/corona-krise-zeit-fuer-die-natuerliche-oekonomie-des-lebens\/"},"wordCount":983,"publisher":{"@id":"https:\/\/gradido.net\/de\/#organization"},"image":{"@id":"https:\/\/gradido.net\/et\/corona-krise-zeit-fuer-die-natuerliche-oekonomie-des-lebens\/#primaryimage"},"thumbnailUrl":"https:\/\/gradido.net\/wp-content\/uploads\/2020\/05\/gemeinwohlwaehrung.jpg","keywords":["Wirtschaftsbionik"],"articleSection":["Pressemitteilung"],"inLanguage":"sv-SE"},{"@type":"WebPage","@id":"https:\/\/gradido.net\/et\/corona-krise-zeit-fuer-die-natuerliche-oekonomie-des-lebens\/","url":"https:\/\/gradido.net\/et\/corona-krise-zeit-fuer-die-natuerliche-oekonomie-des-lebens\/","name":"Coronakrisen: Dags f\u00f6r den \"naturliga livsekonomin\" - Gradido","isPartOf":{"@id":"https:\/\/gradido.net\/de\/#website"},"primaryImageOfPage":{"@id":"https:\/\/gradido.net\/et\/corona-krise-zeit-fuer-die-natuerliche-oekonomie-des-lebens\/#primaryimage"},"image":{"@id":"https:\/\/gradido.net\/et\/corona-krise-zeit-fuer-die-natuerliche-oekonomie-des-lebens\/#primaryimage"},"thumbnailUrl":"https:\/\/gradido.net\/wp-content\/uploads\/2020\/05\/gemeinwohlwaehrung.jpg","datePublished":"2020-05-26T13:29:00+00:00","dateModified":"2021-12-10T12:08:25+00:00","breadcrumb":{"@id":"https:\/\/gradido.net\/et\/corona-krise-zeit-fuer-die-natuerliche-oekonomie-des-lebens\/#breadcrumb"},"inLanguage":"sv-SE","potentialAction":[{"@type":"ReadAction","target":["https:\/\/gradido.net\/et\/corona-krise-zeit-fuer-die-natuerliche-oekonomie-des-lebens\/"]}]},{"@type":"ImageObject","inLanguage":"sv-SE","@id":"https:\/\/gradido.net\/et\/corona-krise-zeit-fuer-die-natuerliche-oekonomie-des-lebens\/#primaryimage","url":"https:\/\/gradido.net\/wp-content\/uploads\/2020\/05\/gemeinwohlwaehrung.jpg","contentUrl":"https:\/\/gradido.net\/wp-content\/uploads\/2020\/05\/gemeinwohlwaehrung.jpg","width":1000,"height":684},{"@type":"BreadcrumbList","@id":"https:\/\/gradido.net\/et\/corona-krise-zeit-fuer-die-natuerliche-oekonomie-des-lebens\/#breadcrumb","itemListElement":[{"@type":"ListItem","position":1,"name":"Startseite","item":"https:\/\/gradido.net\/"},{"@type":"ListItem","position":2,"name":"Corona-Krise: Zeit f\u00fcr die \u201eNat\u00fcrliche \u00d6konomie des Lebens\u201c"}]},{"@type":"WebSite","@id":"https:\/\/gradido.net\/de\/#website","url":"https:\/\/gradido.net\/de\/","name":"Gradido","description":"Den nya valutan \u00e4r tacksamhet","publisher":{"@id":"https:\/\/gradido.net\/de\/#organization"},"potentialAction":[{"@type":"SearchAction","target":{"@type":"EntryPoint","urlTemplate":"https:\/\/gradido.net\/de\/?s={search_term_string}"},"query-input":{"@type":"PropertyValueSpecification","valueRequired":true,"valueName":"search_term_string"}}],"inLanguage":"sv-SE"},{"@type":"Organization","@id":"https:\/\/gradido.net\/de\/#organization","name":"Gradido","url":"https:\/\/gradido.net\/de\/","logo":{"@type":"ImageObject","inLanguage":"sv-SE","@id":"https:\/\/gradido.net\/de\/#\/schema\/logo\/image\/","url":"https:\/\/gradido.net\/wp-content\/uploads\/2022\/04\/gradido-social.jpg","contentUrl":"https:\/\/gradido.net\/wp-content\/uploads\/2022\/04\/gradido-social.jpg","width":527,"height":273,"caption":"Gradido"},"image":{"@id":"https:\/\/gradido.net\/de\/#\/schema\/logo\/image\/"}},{"@type":"Person","@id":"https:\/\/gradido.net\/de\/#\/schema\/person\/9f913f37a47e7a82ad686b58fc907588","name":"GR4dmin","sameAs":["https:\/\/gradido.net"],"url":"https:\/\/gradido.net\/sv\/author\/gr4dmin\/"}]}},"_links":{"self":[{"href":"https:\/\/gradido.net\/sv\/wp-json\/wp\/v2\/posts\/616","targetHints":{"allow":["GET"]}}],"collection":[{"href":"https:\/\/gradido.net\/sv\/wp-json\/wp\/v2\/posts"}],"about":[{"href":"https:\/\/gradido.net\/sv\/wp-json\/wp\/v2\/types\/post"}],"author":[{"embeddable":true,"href":"https:\/\/gradido.net\/sv\/wp-json\/wp\/v2\/users\/1"}],"replies":[{"embeddable":true,"href":"https:\/\/gradido.net\/sv\/wp-json\/wp\/v2\/comments?post=616"}],"version-history":[{"count":15,"href":"https:\/\/gradido.net\/sv\/wp-json\/wp\/v2\/posts\/616\/revisions"}],"predecessor-version":[{"id":3718,"href":"https:\/\/gradido.net\/sv\/wp-json\/wp\/v2\/posts\/616\/revisions\/3718"}],"wp:featuredmedia":[{"embeddable":true,"href":"https:\/\/gradido.net\/sv\/wp-json\/wp\/v2\/media\/858"}],"wp:attachment":[{"href":"https:\/\/gradido.net\/sv\/wp-json\/wp\/v2\/media?parent=616"}],"wp:term":[{"taxonomy":"category","embeddable":true,"href":"https:\/\/gradido.net\/sv\/wp-json\/wp\/v2\/categories?post=616"},{"taxonomy":"post_tag","embeddable":true,"href":"https:\/\/gradido.net\/sv\/wp-json\/wp\/v2\/tags?post=616"}],"curies":[{"name":"wp","href":"https:\/\/api.w.org\/{rel}","templated":true}]}}