{"id":6206,"date":"2023-01-20T16:21:47","date_gmt":"2023-01-20T15:21:47","guid":{"rendered":"https:\/\/gradido.net\/?p=6206"},"modified":"2026-04-24T08:08:35","modified_gmt":"2026-04-24T06:08:35","slug":"gradido-konto-neues-design-ist-online","status":"publish","type":"post","link":"https:\/\/gradido.net\/sv\/gradido-konto-neues-design-ist-online\/","title":{"rendered":"Gradido-konto: den nya designen \u00e4r online"},"content":{"rendered":"<div data-elementor-type=\"wp-post\" data-elementor-id=\"6206\" class=\"elementor elementor-6206\" data-elementor-post-type=\"post\">\n\t\t\t\t\t\t<section class=\"elementor-section elementor-top-section elementor-element elementor-element-496e1d53 elementor-section-boxed elementor-section-height-default elementor-section-height-default\" data-id=\"496e1d53\" data-element_type=\"section\" data-e-type=\"section\">\n\t\t\t\t\t\t<div class=\"elementor-container elementor-column-gap-default\">\n\t\t\t\t\t<div class=\"elementor-column elementor-col-100 elementor-top-column elementor-element elementor-element-461d7be0\" data-id=\"461d7be0\" data-element_type=\"column\" data-e-type=\"column\">\n\t\t\t<div class=\"elementor-widget-wrap elementor-element-populated\">\n\t\t\t\t\t\t<div class=\"elementor-element elementor-element-cd9ebe2 elementor-widget elementor-widget-text-editor\" data-id=\"cd9ebe2\" data-element_type=\"widget\" data-e-type=\"widget\" data-widget_type=\"text-editor.default\">\n\t\t\t\t<div class=\"elementor-widget-container\">\n\t\t\t\t\t\t\t\t\t<p>K\u00e4ra Margret,<\/p><p>Vi har just installerat den nya designen p\u00e5 Gradido-kontot.<\/p><p>Detta \u00e4r en av de senaste m\u00e5nadernas st\u00f6rsta uppgraderingar, som f\u00f6rutom ett fantastiskt modernt utseende \u00e4r grunden f\u00f6r m\u00e5nga kommande funktioner. Det \u00e4r bland annat grunden f\u00f6r de decentraliserade n\u00e4tverkssamh\u00e4llen som planeras till v\u00e5ren.<\/p><p>Hela anv\u00e4ndargr\u00e4nssnittet har utvecklats p\u00e5 nytt. Och \u00e4ven om vi har testat allting mycket noggrant kan det h\u00e4nda att vi har f\u00f6rbisett ett eller tv\u00e5 fel.<\/p><p>D\u00e4rf\u00f6r \u00e4r det v\u00e5r beg\u00e4ran:<\/p><p>Logga in p\u00e5 ditt Gradido-konto:<\/p>\t\t\t\t\t\t\t\t<\/div>\n\t\t\t\t<\/div>\n\t\t\t\t<div class=\"elementor-element elementor-element-4408cdf elementor-align-center elementor-widget elementor-widget-button\" data-id=\"4408cdf\" data-element_type=\"widget\" data-e-type=\"widget\" data-widget_type=\"button.default\">\n\t\t\t\t<div class=\"elementor-widget-container\">\n\t\t\t\t\t\t\t\t\t<div class=\"elementor-button-wrapper\">\n\t\t\t\t\t<a class=\"elementor-button elementor-button-link elementor-size-sm\" href=\"https:\/\/gdd.gradido.net\/\" target=\"_blank\">\n\t\t\t\t\t\t<span class=\"elementor-button-content-wrapper\">\n\t\t\t\t\t\t\t\t\t<span class=\"elementor-button-text\">Till Gradido-kontot<\/span>\n\t\t\t\t\t<\/span>\n\t\t\t\t\t<\/a>\n\t\t\t\t<\/div>\n\t\t\t\t\t\t\t\t<\/div>\n\t\t\t\t<\/div>\n\t\t\t\t<div class=\"elementor-element elementor-element-d74dfa0 elementor-widget elementor-widget-text-editor\" data-id=\"d74dfa0\" data-element_type=\"widget\" data-e-type=\"widget\" data-widget_type=\"text-editor.default\">\n\t\t\t\t<div class=\"elementor-widget-container\">\n\t\t\t\t\t\t\t\t\t<p>eller om du inte har ett Gradido-konto \u00e4nnu, registrera dig:<br \/><a href=\"https:\/\/gdd.gradido.net\/register\" target=\"_blank\" rel=\"noopener\">https:\/\/gdd.gradido.net\/register<\/a><\/p><p>Prova allt - transaktionslista, skicka Gradidos (direkt och via l\u00e4nk\/ QR-kod), ange bidrag till gemensamma nyttigheter (menyn \"scoop\") osv.<\/p><p>Om du uppt\u00e4cker n\u00e5gra fel, v\u00e4nligen skriv till oss p\u00e5 support@gradido.net.<\/p><p>Tusen tack f\u00f6r hj\u00e4lpen och med v\u00e4nliga h\u00e4lsningar<\/p><p>Din<\/p><p><img decoding=\"async\" class=\"alignnone wp-image-4614 size-medium\" src=\"https:\/\/gradido.net\/wp-content\/uploads\/2022\/06\/MargretBernd_2022-300x74.png\" alt=\"\" width=\"300\" height=\"74\" srcset=\"https:\/\/gradido.net\/wp-content\/uploads\/2022\/06\/MargretBernd_2022-300x74.png 300w, https:\/\/gradido.net\/wp-content\/uploads\/2022\/06\/MargretBernd_2022-18x4.png 18w, https:\/\/gradido.net\/wp-content\/uploads\/2022\/06\/MargretBernd_2022.png 431w\" sizes=\"(max-width: 300px) 100vw, 300px\" \/><\/p><p>Margret Baier och Bernd H\u00fcckst\u00e4dt<br \/>Gradidos grundare och utvecklare<\/p>\t\t\t\t\t\t\t\t<\/div>\n\t\t\t\t<\/div>\n\t\t\t\t\t<\/div>\n\t\t<\/div>\n\t\t\t\t\t<\/div>\n\t\t<\/section>\n\t\t\t\t<section class=\"elementor-section elementor-top-section elementor-element elementor-element-7ffc39c elementor-section-boxed elementor-section-height-default elementor-section-height-default\" data-id=\"7ffc39c\" data-element_type=\"section\" data-e-type=\"section\">\n\t\t\t\t\t\t<div class=\"elementor-container elementor-column-gap-default\">\n\t\t\t\t\t<div class=\"elementor-column elementor-col-100 elementor-top-column elementor-element elementor-element-ab846a9\" data-id=\"ab846a9\" data-element_type=\"column\" data-e-type=\"column\">\n\t\t\t<div class=\"elementor-widget-wrap elementor-element-populated\">\n\t\t\t\t\t\t<div class=\"elementor-element elementor-element-469cf26 elementor-widget elementor-widget-global elementor-global-9341 elementor-widget-text-editor\" data-id=\"469cf26\" data-element_type=\"widget\" data-e-type=\"widget\" data-widget_type=\"text-editor.default\">\n\t\t\t\t<div class=\"elementor-widget-container\">\n\t\t\t\t\t\t\t\t\t<p><strong>PS:\u00a0<span style=\"color: #ff6600;\"><a style=\"color: #ff6600;\" href=\"https:\/\/gradido.net\/sv\/donations\/\">P\u00e5 grund av Gradidos st\u00e4ndigt \u00f6kande betydelse upprepar vi v\u00e5r tacksamhetskampanj den 26 juni 2026:<\/a>\u00a0<\/span><span style=\"color: #0000ff;\"><a style=\"color: #0000ff;\" href=\"https:\/\/gradido.net\/sv\/donations\/\">F\u00f6rutom den multipla GradidoTransform f\u00f6r ditt sponsorbidrag, kommer vi att \u00f6ka alla GDT-kontosaldon med 26% den 26\/06\/2016. Sponsra nu och njut av det multipla beloppet av GDT!<\/a><\/span><\/strong><\/p>\t\t\t\t\t\t\t\t<\/div>\n\t\t\t\t<\/div>\n\t\t\t\t\t<\/div>\n\t\t<\/div>\n\t\t\t\t\t<\/div>\n\t\t<\/section>\n\t\t\t\t<\/div>","protected":false},"excerpt":{"rendered":"<p>Vi har precis lanserat den nya designen f\u00f6r Gradido-kontot. Detta \u00e4r en av de st\u00f6rsta uppgraderingarna under de senaste m\u00e5naderna, och f\u00f6rutom att den har ett modernt utseende utg\u00f6r den grunden f\u00f6r m\u00e5nga kommande funktioner.<\/p>","protected":false},"author":2,"featured_media":6207,"comment_status":"closed","ping_status":"closed","sticky":false,"template":"","format":"standard","meta":{"footnotes":""},"categories":[11,55],"tags":[],"class_list":["post-6206","post","type-post","status-publish","format-standard","has-post-thumbnail","hentry","category-blog","category-gradido-konto"],"yoast_head":"<!-- This site is optimized with the Yoast SEO plugin v27.5 - https:\/\/yoast.com\/product\/yoast-seo-wordpress\/ -->\n<title>Gradido-Konto: neues Design ist online - Gradido<\/title>\n<meta name=\"description\" content=\"Soeben haben wir beim Gradido-Konto das neue Design\u00a0aufgespielt. Hierbei handelt es sich um eines der gr\u00f6\u00dften Upgrades der letzten Monate, das neben gro\u00dfartigem modernem\u00a0Aussehen die Grundlage f\u00fcr viele kommende Funktionen bildet.\" \/>\n<meta name=\"robots\" content=\"index, follow, max-snippet:-1, max-image-preview:large, max-video-preview:-1\" \/>\n<link rel=\"canonical\" href=\"https:\/\/gradido.net\/sv\/gradido-konto-neues-design-ist-online\/\" \/>\n<meta property=\"og:locale\" content=\"sv_SE\" \/>\n<meta property=\"og:type\" content=\"article\" \/>\n<meta property=\"og:title\" content=\"Gradido-Konto: neues Design ist online - Gradido\" \/>\n<meta property=\"og:description\" content=\"Soeben haben wir beim Gradido-Konto das neue Design\u00a0aufgespielt. Hierbei handelt es sich um eines der gr\u00f6\u00dften Upgrades der letzten Monate, das neben gro\u00dfartigem modernem\u00a0Aussehen die Grundlage f\u00fcr viele kommende Funktionen bildet.\" \/>\n<meta property=\"og:url\" content=\"https:\/\/gradido.net\/sv\/gradido-konto-neues-design-ist-online\/\" \/>\n<meta property=\"og:site_name\" content=\"Gradido\" \/>\n<meta property=\"article:published_time\" content=\"2023-01-20T15:21:47+00:00\" \/>\n<meta property=\"article:modified_time\" content=\"2026-04-24T06:08:35+00:00\" \/>\n<meta property=\"og:image\" content=\"https:\/\/gradido.net\/wp-content\/uploads\/2023\/01\/Neues_Design_online_Blog.jpg\" \/>\n\t<meta property=\"og:image:width\" content=\"1600\" \/>\n\t<meta property=\"og:image:height\" content=\"1066\" \/>\n\t<meta property=\"og:image:type\" content=\"image\/jpeg\" \/>\n<meta name=\"author\" content=\"Bernd H\u00fcckst\u00e4dt\" \/>\n<meta name=\"twitter:card\" content=\"summary_large_image\" \/>\n<meta name=\"twitter:label1\" content=\"Skriven av\" \/>\n\t<meta name=\"twitter:data1\" content=\"Bernd H\u00fcckst\u00e4dt\" \/>\n\t<meta name=\"twitter:label2\" content=\"Ber\u00e4knad l\u00e4stid\" \/>\n\t<meta name=\"twitter:data2\" content=\"2 minuter\" \/>\n<script type=\"application\/ld+json\" class=\"yoast-schema-graph\">{\"@context\":\"https:\\\/\\\/schema.org\",\"@graph\":[{\"@type\":\"Article\",\"@id\":\"https:\\\/\\\/gradido.net\\\/gradido-konto-neues-design-ist-online\\\/#article\",\"isPartOf\":{\"@id\":\"https:\\\/\\\/gradido.net\\\/gradido-konto-neues-design-ist-online\\\/\"},\"author\":{\"name\":\"Bernd H\u00fcckst\u00e4dt\",\"@id\":\"https:\\\/\\\/gradido.net\\\/de\\\/#\\\/schema\\\/person\\\/9c503a004ad15a1ddecadce2218db5d1\"},\"headline\":\"Gradido-Konto: neues Design ist online\",\"datePublished\":\"2023-01-20T15:21:47+00:00\",\"dateModified\":\"2026-04-24T06:08:35+00:00\",\"mainEntityOfPage\":{\"@id\":\"https:\\\/\\\/gradido.net\\\/gradido-konto-neues-design-ist-online\\\/\"},\"wordCount\":214,\"publisher\":{\"@id\":\"https:\\\/\\\/gradido.net\\\/de\\\/#organization\"},\"image\":{\"@id\":\"https:\\\/\\\/gradido.net\\\/gradido-konto-neues-design-ist-online\\\/#primaryimage\"},\"thumbnailUrl\":\"https:\\\/\\\/gradido.net\\\/wp-content\\\/uploads\\\/2023\\\/01\\\/Neues_Design_online_Blog.jpg\",\"articleSection\":[\"Blog\",\"Gradido-Konto\"],\"inLanguage\":\"sv-SE\"},{\"@type\":\"WebPage\",\"@id\":\"https:\\\/\\\/gradido.net\\\/gradido-konto-neues-design-ist-online\\\/\",\"url\":\"https:\\\/\\\/gradido.net\\\/gradido-konto-neues-design-ist-online\\\/\",\"name\":\"Gradido-Konto: neues Design ist online - Gradido\",\"isPartOf\":{\"@id\":\"https:\\\/\\\/gradido.net\\\/de\\\/#website\"},\"primaryImageOfPage\":{\"@id\":\"https:\\\/\\\/gradido.net\\\/gradido-konto-neues-design-ist-online\\\/#primaryimage\"},\"image\":{\"@id\":\"https:\\\/\\\/gradido.net\\\/gradido-konto-neues-design-ist-online\\\/#primaryimage\"},\"thumbnailUrl\":\"https:\\\/\\\/gradido.net\\\/wp-content\\\/uploads\\\/2023\\\/01\\\/Neues_Design_online_Blog.jpg\",\"datePublished\":\"2023-01-20T15:21:47+00:00\",\"dateModified\":\"2026-04-24T06:08:35+00:00\",\"description\":\"Soeben haben wir beim Gradido-Konto das neue Design\u00a0aufgespielt. Hierbei handelt es sich um eines der gr\u00f6\u00dften Upgrades der letzten Monate, das neben gro\u00dfartigem modernem\u00a0Aussehen die Grundlage f\u00fcr viele kommende Funktionen bildet.\",\"breadcrumb\":{\"@id\":\"https:\\\/\\\/gradido.net\\\/gradido-konto-neues-design-ist-online\\\/#breadcrumb\"},\"inLanguage\":\"sv-SE\",\"potentialAction\":[{\"@type\":\"ReadAction\",\"target\":[\"https:\\\/\\\/gradido.net\\\/gradido-konto-neues-design-ist-online\\\/\"]}]},{\"@type\":\"ImageObject\",\"inLanguage\":\"sv-SE\",\"@id\":\"https:\\\/\\\/gradido.net\\\/gradido-konto-neues-design-ist-online\\\/#primaryimage\",\"url\":\"https:\\\/\\\/gradido.net\\\/wp-content\\\/uploads\\\/2023\\\/01\\\/Neues_Design_online_Blog.jpg\",\"contentUrl\":\"https:\\\/\\\/gradido.net\\\/wp-content\\\/uploads\\\/2023\\\/01\\\/Neues_Design_online_Blog.jpg\",\"width\":1600,\"height\":1066},{\"@type\":\"BreadcrumbList\",\"@id\":\"https:\\\/\\\/gradido.net\\\/gradido-konto-neues-design-ist-online\\\/#breadcrumb\",\"itemListElement\":[{\"@type\":\"ListItem\",\"position\":1,\"name\":\"Startseite\",\"item\":\"https:\\\/\\\/gradido.net\\\/\"},{\"@type\":\"ListItem\",\"position\":2,\"name\":\"Gradido-Konto: neues Design ist online\"}]},{\"@type\":\"WebSite\",\"@id\":\"https:\\\/\\\/gradido.net\\\/de\\\/#website\",\"url\":\"https:\\\/\\\/gradido.net\\\/de\\\/\",\"name\":\"Gradido\",\"description\":\"Die neue W\u00e4hrung hei\u00dft Dankbarkeit\",\"publisher\":{\"@id\":\"https:\\\/\\\/gradido.net\\\/de\\\/#organization\"},\"potentialAction\":[{\"@type\":\"SearchAction\",\"target\":{\"@type\":\"EntryPoint\",\"urlTemplate\":\"https:\\\/\\\/gradido.net\\\/de\\\/?s={search_term_string}\"},\"query-input\":{\"@type\":\"PropertyValueSpecification\",\"valueRequired\":true,\"valueName\":\"search_term_string\"}}],\"inLanguage\":\"sv-SE\"},{\"@type\":\"Organization\",\"@id\":\"https:\\\/\\\/gradido.net\\\/de\\\/#organization\",\"name\":\"Gradido\",\"url\":\"https:\\\/\\\/gradido.net\\\/de\\\/\",\"logo\":{\"@type\":\"ImageObject\",\"inLanguage\":\"sv-SE\",\"@id\":\"https:\\\/\\\/gradido.net\\\/de\\\/#\\\/schema\\\/logo\\\/image\\\/\",\"url\":\"https:\\\/\\\/gradido.net\\\/wp-content\\\/uploads\\\/2022\\\/04\\\/gradido-social.jpg\",\"contentUrl\":\"https:\\\/\\\/gradido.net\\\/wp-content\\\/uploads\\\/2022\\\/04\\\/gradido-social.jpg\",\"width\":527,\"height\":273,\"caption\":\"Gradido\"},\"image\":{\"@id\":\"https:\\\/\\\/gradido.net\\\/de\\\/#\\\/schema\\\/logo\\\/image\\\/\"}},{\"@type\":\"Person\",\"@id\":\"https:\\\/\\\/gradido.net\\\/de\\\/#\\\/schema\\\/person\\\/9c503a004ad15a1ddecadce2218db5d1\",\"name\":\"Bernd H\u00fcckst\u00e4dt\",\"sameAs\":[\"https:\\\/\\\/gradido.net\"],\"url\":\"https:\\\/\\\/gradido.net\\\/sv\\\/author\\\/bernd\\\/\"}]}<\/script>\n<!-- \/ Yoast SEO plugin. -->","yoast_head_json":{"title":"Gradido-konto: ny design \u00e4r online - Gradido","description":"Vi har precis lanserat den nya designen f\u00f6r Gradido-kontot. Detta \u00e4r en av de st\u00f6rsta uppgraderingarna under de senaste m\u00e5naderna, och f\u00f6rutom att den har ett modernt utseende utg\u00f6r den grunden f\u00f6r m\u00e5nga kommande funktioner.","robots":{"index":"index","follow":"follow","max-snippet":"max-snippet:-1","max-image-preview":"max-image-preview:large","max-video-preview":"max-video-preview:-1"},"canonical":"https:\/\/gradido.net\/sv\/gradido-konto-neues-design-ist-online\/","og_locale":"sv_SE","og_type":"article","og_title":"Gradido-Konto: neues Design ist online - Gradido","og_description":"Soeben haben wir beim Gradido-Konto das neue Design\u00a0aufgespielt. Hierbei handelt es sich um eines der gr\u00f6\u00dften Upgrades der letzten Monate, das neben gro\u00dfartigem modernem\u00a0Aussehen die Grundlage f\u00fcr viele kommende Funktionen bildet.","og_url":"https:\/\/gradido.net\/sv\/gradido-konto-neues-design-ist-online\/","og_site_name":"Gradido","article_published_time":"2023-01-20T15:21:47+00:00","article_modified_time":"2026-04-24T06:08:35+00:00","og_image":[{"width":1600,"height":1066,"url":"https:\/\/gradido.net\/wp-content\/uploads\/2023\/01\/Neues_Design_online_Blog.jpg","type":"image\/jpeg"}],"author":"Bernd H\u00fcckst\u00e4dt","twitter_card":"summary_large_image","twitter_misc":{"Skriven av":"Bernd H\u00fcckst\u00e4dt","Ber\u00e4knad l\u00e4stid":"2 minuter"},"schema":{"@context":"https:\/\/schema.org","@graph":[{"@type":"Article","@id":"https:\/\/gradido.net\/gradido-konto-neues-design-ist-online\/#article","isPartOf":{"@id":"https:\/\/gradido.net\/gradido-konto-neues-design-ist-online\/"},"author":{"name":"Bernd H\u00fcckst\u00e4dt","@id":"https:\/\/gradido.net\/de\/#\/schema\/person\/9c503a004ad15a1ddecadce2218db5d1"},"headline":"Gradido-Konto: neues Design ist online","datePublished":"2023-01-20T15:21:47+00:00","dateModified":"2026-04-24T06:08:35+00:00","mainEntityOfPage":{"@id":"https:\/\/gradido.net\/gradido-konto-neues-design-ist-online\/"},"wordCount":214,"publisher":{"@id":"https:\/\/gradido.net\/de\/#organization"},"image":{"@id":"https:\/\/gradido.net\/gradido-konto-neues-design-ist-online\/#primaryimage"},"thumbnailUrl":"https:\/\/gradido.net\/wp-content\/uploads\/2023\/01\/Neues_Design_online_Blog.jpg","articleSection":["Blog","Gradido-Konto"],"inLanguage":"sv-SE"},{"@type":"WebPage","@id":"https:\/\/gradido.net\/gradido-konto-neues-design-ist-online\/","url":"https:\/\/gradido.net\/gradido-konto-neues-design-ist-online\/","name":"Gradido-konto: ny design \u00e4r online - Gradido","isPartOf":{"@id":"https:\/\/gradido.net\/de\/#website"},"primaryImageOfPage":{"@id":"https:\/\/gradido.net\/gradido-konto-neues-design-ist-online\/#primaryimage"},"image":{"@id":"https:\/\/gradido.net\/gradido-konto-neues-design-ist-online\/#primaryimage"},"thumbnailUrl":"https:\/\/gradido.net\/wp-content\/uploads\/2023\/01\/Neues_Design_online_Blog.jpg","datePublished":"2023-01-20T15:21:47+00:00","dateModified":"2026-04-24T06:08:35+00:00","description":"Vi har precis lanserat den nya designen f\u00f6r Gradido-kontot. Detta \u00e4r en av de st\u00f6rsta uppgraderingarna under de senaste m\u00e5naderna, och f\u00f6rutom att den har ett modernt utseende utg\u00f6r den grunden f\u00f6r m\u00e5nga kommande funktioner.","breadcrumb":{"@id":"https:\/\/gradido.net\/gradido-konto-neues-design-ist-online\/#breadcrumb"},"inLanguage":"sv-SE","potentialAction":[{"@type":"ReadAction","target":["https:\/\/gradido.net\/gradido-konto-neues-design-ist-online\/"]}]},{"@type":"ImageObject","inLanguage":"sv-SE","@id":"https:\/\/gradido.net\/gradido-konto-neues-design-ist-online\/#primaryimage","url":"https:\/\/gradido.net\/wp-content\/uploads\/2023\/01\/Neues_Design_online_Blog.jpg","contentUrl":"https:\/\/gradido.net\/wp-content\/uploads\/2023\/01\/Neues_Design_online_Blog.jpg","width":1600,"height":1066},{"@type":"BreadcrumbList","@id":"https:\/\/gradido.net\/gradido-konto-neues-design-ist-online\/#breadcrumb","itemListElement":[{"@type":"ListItem","position":1,"name":"Startseite","item":"https:\/\/gradido.net\/"},{"@type":"ListItem","position":2,"name":"Gradido-Konto: neues Design ist online"}]},{"@type":"WebSite","@id":"https:\/\/gradido.net\/de\/#website","url":"https:\/\/gradido.net\/de\/","name":"Gradido","description":"Den nya valutan \u00e4r tacksamhet","publisher":{"@id":"https:\/\/gradido.net\/de\/#organization"},"potentialAction":[{"@type":"SearchAction","target":{"@type":"EntryPoint","urlTemplate":"https:\/\/gradido.net\/de\/?s={search_term_string}"},"query-input":{"@type":"PropertyValueSpecification","valueRequired":true,"valueName":"search_term_string"}}],"inLanguage":"sv-SE"},{"@type":"Organization","@id":"https:\/\/gradido.net\/de\/#organization","name":"Gradido","url":"https:\/\/gradido.net\/de\/","logo":{"@type":"ImageObject","inLanguage":"sv-SE","@id":"https:\/\/gradido.net\/de\/#\/schema\/logo\/image\/","url":"https:\/\/gradido.net\/wp-content\/uploads\/2022\/04\/gradido-social.jpg","contentUrl":"https:\/\/gradido.net\/wp-content\/uploads\/2022\/04\/gradido-social.jpg","width":527,"height":273,"caption":"Gradido"},"image":{"@id":"https:\/\/gradido.net\/de\/#\/schema\/logo\/image\/"}},{"@type":"Person","@id":"https:\/\/gradido.net\/de\/#\/schema\/person\/9c503a004ad15a1ddecadce2218db5d1","name":"Bernd H\u00fcckst\u00e4dt","sameAs":["https:\/\/gradido.net"],"url":"https:\/\/gradido.net\/sv\/author\/bernd\/"}]}},"_links":{"self":[{"href":"https:\/\/gradido.net\/sv\/wp-json\/wp\/v2\/posts\/6206","targetHints":{"allow":["GET"]}}],"collection":[{"href":"https:\/\/gradido.net\/sv\/wp-json\/wp\/v2\/posts"}],"about":[{"href":"https:\/\/gradido.net\/sv\/wp-json\/wp\/v2\/types\/post"}],"author":[{"embeddable":true,"href":"https:\/\/gradido.net\/sv\/wp-json\/wp\/v2\/users\/2"}],"replies":[{"embeddable":true,"href":"https:\/\/gradido.net\/sv\/wp-json\/wp\/v2\/comments?post=6206"}],"version-history":[{"count":22,"href":"https:\/\/gradido.net\/sv\/wp-json\/wp\/v2\/posts\/6206\/revisions"}],"predecessor-version":[{"id":13596,"href":"https:\/\/gradido.net\/sv\/wp-json\/wp\/v2\/posts\/6206\/revisions\/13596"}],"wp:featuredmedia":[{"embeddable":true,"href":"https:\/\/gradido.net\/sv\/wp-json\/wp\/v2\/media\/6207"}],"wp:attachment":[{"href":"https:\/\/gradido.net\/sv\/wp-json\/wp\/v2\/media?parent=6206"}],"wp:term":[{"taxonomy":"category","embeddable":true,"href":"https:\/\/gradido.net\/sv\/wp-json\/wp\/v2\/categories?post=6206"},{"taxonomy":"post_tag","embeddable":true,"href":"https:\/\/gradido.net\/sv\/wp-json\/wp\/v2\/tags?post=6206"}],"curies":[{"name":"wp","href":"https:\/\/api.w.org\/{rel}","templated":true}]}}