{"id":639,"date":"2020-06-30T16:02:00","date_gmt":"2020-06-30T14:02:00","guid":{"rendered":"http:\/\/neu.gradido.net\/?p=639"},"modified":"2021-12-10T13:06:49","modified_gmt":"2021-12-10T12:06:49","slug":"versorgung-statt-verschuldung","status":"publish","type":"post","link":"https:\/\/gradido.net\/sv\/versorgung-statt-verschuldung\/","title":{"rendered":"Utbud i st\u00e4llet f\u00f6r skuld"},"content":{"rendered":"<div data-elementor-type=\"wp-post\" data-elementor-id=\"639\" class=\"elementor elementor-639\" data-elementor-post-type=\"post\">\n\t\t\t\t\t\t<section class=\"elementor-section elementor-top-section elementor-element elementor-element-44441480 elementor-section-boxed elementor-section-height-default elementor-section-height-default\" data-id=\"44441480\" data-element_type=\"section\" data-e-type=\"section\">\n\t\t\t\t\t\t<div class=\"elementor-container elementor-column-gap-default\">\n\t\t\t\t\t<div class=\"elementor-column elementor-col-100 elementor-top-column elementor-element elementor-element-b1bdbce\" data-id=\"b1bdbce\" data-element_type=\"column\" data-e-type=\"column\">\n\t\t\t<div class=\"elementor-widget-wrap elementor-element-populated\">\n\t\t\t\t\t\t<div class=\"elementor-element elementor-element-6881bb09 elementor-widget elementor-widget-text-editor\" data-id=\"6881bb09\" data-element_type=\"widget\" data-e-type=\"widget\" data-widget_type=\"text-editor.default\">\n\t\t\t\t<div class=\"elementor-widget-container\">\n\t\t\t\t\t\t\t\t\t<h3>Ett nytt finansiellt system f\u00f6r skuldfria \u00e4ttlingar<\/h3>\n<p><strong>K\u00fcnzelsau, 30 juni 2020 - R\u00e4ddningsfonder i miljardklassen ska mildra de f\u00f6r\u00f6dande ekonomiska konsekvenserna av Coronakrisen. Behovet \u00e4r lika stort som oron f\u00f6r hur kommande generationer ska kunna betala av detta gigantiska skuldberg. Enligt de ekonomiska bionik-experterna vid Gradido Academy kan v\u00e5rt finansiella och ekonomiska system misslyckas p\u00e5 grund av denna utmaning. Deras alternativ med en framtid \u00e4r \"Gradidomodellen\".<\/strong><\/p>\n<p>I det r\u00e5dande finanssystemet \u00e4r vissa m\u00e4nniskors kredit alltid andras skuld. Denna systemmekanism kan endast brytas genom en omvandling av det monet\u00e4ra systemet. I 20 \u00e5r har Gradido Academy for Economic Bionics utvecklat en \"gemensam god valuta\" som bygger p\u00e5 naturens modell och \u00f6ppnar helt nya m\u00f6jligheter. I Gradidomodellen, det finansiella och ekonomiska system som bygger p\u00e5 den naturliga modellen, \u00e4r skapandet av pengar helt skuldfritt. Enligt grundprincipen om det trefaldiga goda \u00e4r \u00e4nd\u00e5 grundf\u00f6rs\u00f6rjningen f\u00f6r varje individ, statsbudgetarna och en v\u00e4rldsomsp\u00e4nnande milj\u00f6fond garanterad.<\/p>\n<h4>Livspengar i st\u00e4llet f\u00f6r penningskulder<\/h4>\n<p>F\u00f6r varje person skopas 1 000 gradido (GDD) tre g\u00e5nger i m\u00e5naden:<\/p>\n<p>1 000 GDD f\u00f6r den aktiva basinkomsten<br>1 000 GDD f\u00f6r den offentliga budgeten, inklusive h\u00e4lsosektorn.<br>1 000 GDD f\u00f6r ers\u00e4ttnings- och milj\u00f6fonden (AUF)<\/p>\n<h4>N\u00f6dpengar i h\u00e4ndelse av en finansiell krasch<\/h4>\n<p>Om det r\u00e5dande finansiella systemet faktiskt skulle kollapsa p\u00e5 grund av de enorma nuvarande b\u00f6rdorna skulle Gradido kunna fungera som n\u00f6dpengar f\u00f6r tillf\u00e4llet och p\u00e5 s\u00e5 s\u00e4tt h\u00e5lla ig\u00e5ng det ekonomiska livet. F\u00f6r att vara omedelbart tillg\u00e4ngliga i en s\u00e5dan n\u00f6dsituation arbetar de ekonomiska bionikerna med att inf\u00f6ra Gradido parallellt med befintliga valutor med hj\u00e4lp av ett bonussystem.<\/p>\n<p>N\u00e4rmare uppgifter om Gradido-modellen finns p\u00e5 f\u00f6ljande webbplats&nbsp;<a href=\"https:\/\/gradido.net\/sv\/coin\/\">https:\/\/gradido.net\/de\/coin<\/a><\/p>\n<p><\/p>\n<h4>Om Gradido Academy<\/h4>\n<p>Gradido Academy for Economic Bionics har utvecklat en alternativ \"gemensam god valuta\" med naturen som f\u00f6rebild. Naturen f\u00f6ljer regeln att det \u00e4r bara n\u00e4r n\u00e5got g\u00e5r bort som n\u00e5got nytt kan uppst\u00e5 och d\u00e4rmed \u00e4r det m\u00f6jligt att \u00e5stadkomma en l\u00e5ngsiktig f\u00f6rb\u00e4ttring (evolution). Dess framg\u00e5ngsrecept \u00e4r \"livets kretslopp\". Om v\u00e5r ekonomi ocks\u00e5 skulle f\u00f6lja denna naturliga cykel skulle det l\u00f6sa praktiskt taget alla v\u00e4rldens penningrelaterade problem, enligt experterna p\u00e5 ekonomisk bionik. Gradido-modellen bygger p\u00e5 id\u00e9n att inte bara varje person utan \u00e4ven varje stat f\u00e5r en inkomst som skapas p\u00e5 kreditbasis. P\u00e5 s\u00e5 s\u00e4tt kan den utf\u00f6ra alla sina uppgifter utan att ta ut skatt. Deflation och inflation h\u00f6r till det f\u00f6rflutna. Ekonomin befrias fr\u00e5n det st\u00e4ndiga tv\u00e5nget att v\u00e4xa, och faran f\u00f6r en kollaps av det finansiella systemet \u00e4r \u00e4ntligen avv\u00e4rjd. (<a href=\"https:\/\/gradido.net\/sv\/\">www.gradido.net<\/a>)<\/p>\t\t\t\t\t\t\t\t<\/div>\n\t\t\t\t<\/div>\n\t\t\t\t\t<\/div>\n\t\t<\/div>\n\t\t\t\t\t<\/div>\n\t\t<\/section>\n\t\t\t\t<\/div>","protected":false},"excerpt":{"rendered":"<p>Neues Finanzsystem f\u00fcr schuldenfreie Nachkommen K\u00fcnzelsau, 30. Juni 2020 \u2013 Milliardenschwere Rettungsfonds sollen die verheerenden wirtschaftlichen Folgen der Coronakrise mildern. Der Bedarf ist ebenso gewaltig wie die Sorge darum, wie k\u00fcnftige Generationen diesen gigantischen Schuldenberg abtragen sollen. Den Wirtschaftsbionikern der Gradido-Akademie zufolge k\u00f6nnte unser Finanz- und Wirt-schaftssystem an dieser Herausforderung scheitern. Ihre Alternative mit Zukunft [&hellip;]<\/p>\n","protected":false},"author":1,"featured_media":227,"comment_status":"closed","ping_status":"closed","sticky":false,"template":"","format":"standard","meta":{"footnotes":""},"categories":[8],"tags":[14],"class_list":["post-639","post","type-post","status-publish","format-standard","has-post-thumbnail","hentry","category-pressemitteilung","tag-finanzsystem"],"yoast_head":"<!-- This site is optimized with the Yoast SEO plugin v27.5 - https:\/\/yoast.com\/product\/yoast-seo-wordpress\/ -->\n<title>Versorgung statt Verschuldung - Gradido<\/title>\n<meta name=\"robots\" content=\"index, follow, max-snippet:-1, max-image-preview:large, max-video-preview:-1\" \/>\n<link rel=\"canonical\" href=\"https:\/\/gradido.net\/sv\/versorgung-statt-verschuldung\/\" \/>\n<meta property=\"og:locale\" content=\"sv_SE\" \/>\n<meta property=\"og:type\" content=\"article\" \/>\n<meta property=\"og:title\" content=\"Versorgung statt Verschuldung - Gradido\" \/>\n<meta property=\"og:description\" content=\"Neues Finanzsystem f\u00fcr schuldenfreie Nachkommen K\u00fcnzelsau, 30. Juni 2020 \u2013 Milliardenschwere Rettungsfonds sollen die verheerenden wirtschaftlichen Folgen der Coronakrise mildern. Der Bedarf ist ebenso gewaltig wie die Sorge darum, wie k\u00fcnftige Generationen diesen gigantischen Schuldenberg abtragen sollen. Den Wirtschaftsbionikern der Gradido-Akademie zufolge k\u00f6nnte unser Finanz- und Wirt-schaftssystem an dieser Herausforderung scheitern. Ihre Alternative mit Zukunft [&hellip;]\" \/>\n<meta property=\"og:url\" content=\"https:\/\/gradido.net\/sv\/versorgung-statt-verschuldung\/\" \/>\n<meta property=\"og:site_name\" content=\"Gradido\" \/>\n<meta property=\"article:published_time\" content=\"2020-06-30T14:02:00+00:00\" \/>\n<meta property=\"article:modified_time\" content=\"2021-12-10T12:06:49+00:00\" \/>\n<meta property=\"og:image\" content=\"https:\/\/gradido.net\/wp-content\/uploads\/2020\/06\/mother.jpg\" \/>\n\t<meta property=\"og:image:width\" content=\"1000\" \/>\n\t<meta property=\"og:image:height\" content=\"667\" \/>\n\t<meta property=\"og:image:type\" content=\"image\/jpeg\" \/>\n<meta name=\"author\" content=\"GR4dmin\" \/>\n<meta name=\"twitter:card\" content=\"summary_large_image\" \/>\n<meta name=\"twitter:label1\" content=\"Skriven av\" \/>\n\t<meta name=\"twitter:data1\" content=\"GR4dmin\" \/>\n\t<meta name=\"twitter:label2\" content=\"Ber\u00e4knad l\u00e4stid\" \/>\n\t<meta name=\"twitter:data2\" content=\"2 minuter\" \/>\n<script type=\"application\/ld+json\" class=\"yoast-schema-graph\">{\"@context\":\"https:\\\/\\\/schema.org\",\"@graph\":[{\"@type\":\"Article\",\"@id\":\"https:\\\/\\\/gradido.net\\\/fi\\\/versorgung-statt-verschuldung\\\/#article\",\"isPartOf\":{\"@id\":\"https:\\\/\\\/gradido.net\\\/fi\\\/versorgung-statt-verschuldung\\\/\"},\"author\":{\"name\":\"GR4dmin\",\"@id\":\"https:\\\/\\\/gradido.net\\\/de\\\/#\\\/schema\\\/person\\\/9f913f37a47e7a82ad686b58fc907588\"},\"headline\":\"Versorgung statt Verschuldung\",\"datePublished\":\"2020-06-30T14:02:00+00:00\",\"dateModified\":\"2021-12-10T12:06:49+00:00\",\"mainEntityOfPage\":{\"@id\":\"https:\\\/\\\/gradido.net\\\/fi\\\/versorgung-statt-verschuldung\\\/\"},\"wordCount\":409,\"publisher\":{\"@id\":\"https:\\\/\\\/gradido.net\\\/de\\\/#organization\"},\"image\":{\"@id\":\"https:\\\/\\\/gradido.net\\\/fi\\\/versorgung-statt-verschuldung\\\/#primaryimage\"},\"thumbnailUrl\":\"https:\\\/\\\/gradido.net\\\/wp-content\\\/uploads\\\/2020\\\/06\\\/mother.jpg\",\"keywords\":[\"Finanzsystem\"],\"articleSection\":[\"Pressemitteilung\"],\"inLanguage\":\"sv-SE\"},{\"@type\":\"WebPage\",\"@id\":\"https:\\\/\\\/gradido.net\\\/fi\\\/versorgung-statt-verschuldung\\\/\",\"url\":\"https:\\\/\\\/gradido.net\\\/fi\\\/versorgung-statt-verschuldung\\\/\",\"name\":\"Versorgung statt Verschuldung - Gradido\",\"isPartOf\":{\"@id\":\"https:\\\/\\\/gradido.net\\\/de\\\/#website\"},\"primaryImageOfPage\":{\"@id\":\"https:\\\/\\\/gradido.net\\\/fi\\\/versorgung-statt-verschuldung\\\/#primaryimage\"},\"image\":{\"@id\":\"https:\\\/\\\/gradido.net\\\/fi\\\/versorgung-statt-verschuldung\\\/#primaryimage\"},\"thumbnailUrl\":\"https:\\\/\\\/gradido.net\\\/wp-content\\\/uploads\\\/2020\\\/06\\\/mother.jpg\",\"datePublished\":\"2020-06-30T14:02:00+00:00\",\"dateModified\":\"2021-12-10T12:06:49+00:00\",\"breadcrumb\":{\"@id\":\"https:\\\/\\\/gradido.net\\\/fi\\\/versorgung-statt-verschuldung\\\/#breadcrumb\"},\"inLanguage\":\"sv-SE\",\"potentialAction\":[{\"@type\":\"ReadAction\",\"target\":[\"https:\\\/\\\/gradido.net\\\/fi\\\/versorgung-statt-verschuldung\\\/\"]}]},{\"@type\":\"ImageObject\",\"inLanguage\":\"sv-SE\",\"@id\":\"https:\\\/\\\/gradido.net\\\/fi\\\/versorgung-statt-verschuldung\\\/#primaryimage\",\"url\":\"https:\\\/\\\/gradido.net\\\/wp-content\\\/uploads\\\/2020\\\/06\\\/mother.jpg\",\"contentUrl\":\"https:\\\/\\\/gradido.net\\\/wp-content\\\/uploads\\\/2020\\\/06\\\/mother.jpg\",\"width\":1000,\"height\":667},{\"@type\":\"BreadcrumbList\",\"@id\":\"https:\\\/\\\/gradido.net\\\/fi\\\/versorgung-statt-verschuldung\\\/#breadcrumb\",\"itemListElement\":[{\"@type\":\"ListItem\",\"position\":1,\"name\":\"Startseite\",\"item\":\"https:\\\/\\\/gradido.net\\\/\"},{\"@type\":\"ListItem\",\"position\":2,\"name\":\"Versorgung statt Verschuldung\"}]},{\"@type\":\"WebSite\",\"@id\":\"https:\\\/\\\/gradido.net\\\/de\\\/#website\",\"url\":\"https:\\\/\\\/gradido.net\\\/de\\\/\",\"name\":\"Gradido\",\"description\":\"Die neue W\u00e4hrung hei\u00dft Dankbarkeit\",\"publisher\":{\"@id\":\"https:\\\/\\\/gradido.net\\\/de\\\/#organization\"},\"potentialAction\":[{\"@type\":\"SearchAction\",\"target\":{\"@type\":\"EntryPoint\",\"urlTemplate\":\"https:\\\/\\\/gradido.net\\\/de\\\/?s={search_term_string}\"},\"query-input\":{\"@type\":\"PropertyValueSpecification\",\"valueRequired\":true,\"valueName\":\"search_term_string\"}}],\"inLanguage\":\"sv-SE\"},{\"@type\":\"Organization\",\"@id\":\"https:\\\/\\\/gradido.net\\\/de\\\/#organization\",\"name\":\"Gradido\",\"url\":\"https:\\\/\\\/gradido.net\\\/de\\\/\",\"logo\":{\"@type\":\"ImageObject\",\"inLanguage\":\"sv-SE\",\"@id\":\"https:\\\/\\\/gradido.net\\\/de\\\/#\\\/schema\\\/logo\\\/image\\\/\",\"url\":\"https:\\\/\\\/gradido.net\\\/wp-content\\\/uploads\\\/2022\\\/04\\\/gradido-social.jpg\",\"contentUrl\":\"https:\\\/\\\/gradido.net\\\/wp-content\\\/uploads\\\/2022\\\/04\\\/gradido-social.jpg\",\"width\":527,\"height\":273,\"caption\":\"Gradido\"},\"image\":{\"@id\":\"https:\\\/\\\/gradido.net\\\/de\\\/#\\\/schema\\\/logo\\\/image\\\/\"}},{\"@type\":\"Person\",\"@id\":\"https:\\\/\\\/gradido.net\\\/de\\\/#\\\/schema\\\/person\\\/9f913f37a47e7a82ad686b58fc907588\",\"name\":\"GR4dmin\",\"sameAs\":[\"https:\\\/\\\/gradido.net\"],\"url\":\"https:\\\/\\\/gradido.net\\\/sv\\\/author\\\/gr4dmin\\\/\"}]}<\/script>\n<!-- \/ Yoast SEO plugin. -->","yoast_head_json":{"title":"Tillg\u00e5ng ist\u00e4llet f\u00f6r skuld - Gradido","robots":{"index":"index","follow":"follow","max-snippet":"max-snippet:-1","max-image-preview":"max-image-preview:large","max-video-preview":"max-video-preview:-1"},"canonical":"https:\/\/gradido.net\/sv\/versorgung-statt-verschuldung\/","og_locale":"sv_SE","og_type":"article","og_title":"Versorgung statt Verschuldung - Gradido","og_description":"Neues Finanzsystem f\u00fcr schuldenfreie Nachkommen K\u00fcnzelsau, 30. Juni 2020 \u2013 Milliardenschwere Rettungsfonds sollen die verheerenden wirtschaftlichen Folgen der Coronakrise mildern. Der Bedarf ist ebenso gewaltig wie die Sorge darum, wie k\u00fcnftige Generationen diesen gigantischen Schuldenberg abtragen sollen. Den Wirtschaftsbionikern der Gradido-Akademie zufolge k\u00f6nnte unser Finanz- und Wirt-schaftssystem an dieser Herausforderung scheitern. Ihre Alternative mit Zukunft [&hellip;]","og_url":"https:\/\/gradido.net\/sv\/versorgung-statt-verschuldung\/","og_site_name":"Gradido","article_published_time":"2020-06-30T14:02:00+00:00","article_modified_time":"2021-12-10T12:06:49+00:00","og_image":[{"width":1000,"height":667,"url":"https:\/\/gradido.net\/wp-content\/uploads\/2020\/06\/mother.jpg","type":"image\/jpeg"}],"author":"GR4dmin","twitter_card":"summary_large_image","twitter_misc":{"Skriven av":"GR4dmin","Ber\u00e4knad l\u00e4stid":"2 minuter"},"schema":{"@context":"https:\/\/schema.org","@graph":[{"@type":"Article","@id":"https:\/\/gradido.net\/fi\/versorgung-statt-verschuldung\/#article","isPartOf":{"@id":"https:\/\/gradido.net\/fi\/versorgung-statt-verschuldung\/"},"author":{"name":"GR4dmin","@id":"https:\/\/gradido.net\/de\/#\/schema\/person\/9f913f37a47e7a82ad686b58fc907588"},"headline":"Versorgung statt Verschuldung","datePublished":"2020-06-30T14:02:00+00:00","dateModified":"2021-12-10T12:06:49+00:00","mainEntityOfPage":{"@id":"https:\/\/gradido.net\/fi\/versorgung-statt-verschuldung\/"},"wordCount":409,"publisher":{"@id":"https:\/\/gradido.net\/de\/#organization"},"image":{"@id":"https:\/\/gradido.net\/fi\/versorgung-statt-verschuldung\/#primaryimage"},"thumbnailUrl":"https:\/\/gradido.net\/wp-content\/uploads\/2020\/06\/mother.jpg","keywords":["Finanzsystem"],"articleSection":["Pressemitteilung"],"inLanguage":"sv-SE"},{"@type":"WebPage","@id":"https:\/\/gradido.net\/fi\/versorgung-statt-verschuldung\/","url":"https:\/\/gradido.net\/fi\/versorgung-statt-verschuldung\/","name":"Tillg\u00e5ng ist\u00e4llet f\u00f6r skuld - Gradido","isPartOf":{"@id":"https:\/\/gradido.net\/de\/#website"},"primaryImageOfPage":{"@id":"https:\/\/gradido.net\/fi\/versorgung-statt-verschuldung\/#primaryimage"},"image":{"@id":"https:\/\/gradido.net\/fi\/versorgung-statt-verschuldung\/#primaryimage"},"thumbnailUrl":"https:\/\/gradido.net\/wp-content\/uploads\/2020\/06\/mother.jpg","datePublished":"2020-06-30T14:02:00+00:00","dateModified":"2021-12-10T12:06:49+00:00","breadcrumb":{"@id":"https:\/\/gradido.net\/fi\/versorgung-statt-verschuldung\/#breadcrumb"},"inLanguage":"sv-SE","potentialAction":[{"@type":"ReadAction","target":["https:\/\/gradido.net\/fi\/versorgung-statt-verschuldung\/"]}]},{"@type":"ImageObject","inLanguage":"sv-SE","@id":"https:\/\/gradido.net\/fi\/versorgung-statt-verschuldung\/#primaryimage","url":"https:\/\/gradido.net\/wp-content\/uploads\/2020\/06\/mother.jpg","contentUrl":"https:\/\/gradido.net\/wp-content\/uploads\/2020\/06\/mother.jpg","width":1000,"height":667},{"@type":"BreadcrumbList","@id":"https:\/\/gradido.net\/fi\/versorgung-statt-verschuldung\/#breadcrumb","itemListElement":[{"@type":"ListItem","position":1,"name":"Startseite","item":"https:\/\/gradido.net\/"},{"@type":"ListItem","position":2,"name":"Versorgung statt Verschuldung"}]},{"@type":"WebSite","@id":"https:\/\/gradido.net\/de\/#website","url":"https:\/\/gradido.net\/de\/","name":"Gradido","description":"Den nya valutan \u00e4r tacksamhet","publisher":{"@id":"https:\/\/gradido.net\/de\/#organization"},"potentialAction":[{"@type":"SearchAction","target":{"@type":"EntryPoint","urlTemplate":"https:\/\/gradido.net\/de\/?s={search_term_string}"},"query-input":{"@type":"PropertyValueSpecification","valueRequired":true,"valueName":"search_term_string"}}],"inLanguage":"sv-SE"},{"@type":"Organization","@id":"https:\/\/gradido.net\/de\/#organization","name":"Gradido","url":"https:\/\/gradido.net\/de\/","logo":{"@type":"ImageObject","inLanguage":"sv-SE","@id":"https:\/\/gradido.net\/de\/#\/schema\/logo\/image\/","url":"https:\/\/gradido.net\/wp-content\/uploads\/2022\/04\/gradido-social.jpg","contentUrl":"https:\/\/gradido.net\/wp-content\/uploads\/2022\/04\/gradido-social.jpg","width":527,"height":273,"caption":"Gradido"},"image":{"@id":"https:\/\/gradido.net\/de\/#\/schema\/logo\/image\/"}},{"@type":"Person","@id":"https:\/\/gradido.net\/de\/#\/schema\/person\/9f913f37a47e7a82ad686b58fc907588","name":"GR4dmin","sameAs":["https:\/\/gradido.net"],"url":"https:\/\/gradido.net\/sv\/author\/gr4dmin\/"}]}},"_links":{"self":[{"href":"https:\/\/gradido.net\/sv\/wp-json\/wp\/v2\/posts\/639","targetHints":{"allow":["GET"]}}],"collection":[{"href":"https:\/\/gradido.net\/sv\/wp-json\/wp\/v2\/posts"}],"about":[{"href":"https:\/\/gradido.net\/sv\/wp-json\/wp\/v2\/types\/post"}],"author":[{"embeddable":true,"href":"https:\/\/gradido.net\/sv\/wp-json\/wp\/v2\/users\/1"}],"replies":[{"embeddable":true,"href":"https:\/\/gradido.net\/sv\/wp-json\/wp\/v2\/comments?post=639"}],"version-history":[{"count":10,"href":"https:\/\/gradido.net\/sv\/wp-json\/wp\/v2\/posts\/639\/revisions"}],"predecessor-version":[{"id":3712,"href":"https:\/\/gradido.net\/sv\/wp-json\/wp\/v2\/posts\/639\/revisions\/3712"}],"wp:featuredmedia":[{"embeddable":true,"href":"https:\/\/gradido.net\/sv\/wp-json\/wp\/v2\/media\/227"}],"wp:attachment":[{"href":"https:\/\/gradido.net\/sv\/wp-json\/wp\/v2\/media?parent=639"}],"wp:term":[{"taxonomy":"category","embeddable":true,"href":"https:\/\/gradido.net\/sv\/wp-json\/wp\/v2\/categories?post=639"},{"taxonomy":"post_tag","embeddable":true,"href":"https:\/\/gradido.net\/sv\/wp-json\/wp\/v2\/tags?post=639"}],"curies":[{"name":"wp","href":"https:\/\/api.w.org\/{rel}","templated":true}]}}