{"id":657,"date":"2020-09-16T16:19:00","date_gmt":"2020-09-16T14:19:00","guid":{"rendered":"http:\/\/neu.gradido.net\/?p=657"},"modified":"2021-12-11T09:19:06","modified_gmt":"2021-12-11T08:19:06","slug":"gemeinwohlwaehrung-statt-existenzverlust","status":"publish","type":"post","link":"https:\/\/gradido.net\/sv\/gemeinwohlwaehrung-statt-existenzverlust\/","title":{"rendered":"Insolvensv\u00e5gen som en m\u00f6jlighet"},"content":{"rendered":"<div data-elementor-type=\"wp-post\" data-elementor-id=\"657\" class=\"elementor elementor-657\" data-elementor-post-type=\"post\">\n\t\t\t\t\t\t<section class=\"elementor-section elementor-top-section elementor-element elementor-element-60efa048 elementor-section-boxed elementor-section-height-default elementor-section-height-default\" data-id=\"60efa048\" data-element_type=\"section\" data-e-type=\"section\">\n\t\t\t\t\t\t<div class=\"elementor-container elementor-column-gap-default\">\n\t\t\t\t\t<div class=\"elementor-column elementor-col-100 elementor-top-column elementor-element elementor-element-74c9f994\" data-id=\"74c9f994\" data-element_type=\"column\" data-e-type=\"column\">\n\t\t\t<div class=\"elementor-widget-wrap elementor-element-populated\">\n\t\t\t\t\t\t<div class=\"elementor-element elementor-element-35df8729 elementor-widget elementor-widget-text-editor\" data-id=\"35df8729\" data-element_type=\"widget\" data-e-type=\"widget\" data-widget_type=\"text-editor.default\">\n\t\t\t\t<div class=\"elementor-widget-container\">\n\t\t\t\t\t\t\t\t\t<div>\n<h3>Gemensam god valuta i st\u00e4llet f\u00f6r f\u00f6rlust av existens<\/h3>\n<p><strong>K\u00fcnzelsau, den 16 september 2020 - Senast i slutet av \u00e5ret kommer Tyskland att drabbas av en verklig konkursv\u00e5g. Det tyska detaljhandelsf\u00f6rbundet HDE befarar att omkring 50 000 f\u00f6retag kommer att l\u00e4ggas ned. Den tyska hotell- och restaurangf\u00f6reningen k\u00e4mpar med den st\u00f6rsta krisen under efterkrigstiden: 61,6 procent av hotell- och restaurangf\u00f6retagen fruktar f\u00f6r sin existens. Enligt den tyska resef\u00f6reningen DRV har turistindustrin redan i juni lidit f\u00f6rs\u00e4ljningsf\u00f6rluster p\u00e5 10,8 miljarder euro p\u00e5 grund av avsp\u00e4rrningen. Journalister, konstn\u00e4rer, annons\u00f6rer och otaliga sm\u00e5f\u00f6retagare fruktar ocks\u00e5 f\u00f6r sina jobb. De ekonomiska bionik-experterna vid Gradido Academy ser ett i grunden f\u00f6r\u00e4ndrat ekonomiskt och finansiellt system som ett perspektiv efter denna kris. Deras modell lovar o\u00f6vertr\u00e4ffade m\u00f6jligheter till tryggad f\u00f6rs\u00f6rjning och omorientering - tack vare en \"aktiv basinkomst\".<\/strong><\/p>\n<p>De insolvenser som orsakats eller gynnats av Corona-\u00e5tg\u00e4rderna finns \u00e4nnu inte registrerade, eftersom den federala regeringen har upph\u00e4vt skyldigheten att ans\u00f6ka om insolvens i Coronakrisen f\u00f6r att mildra dess effekter. Fram till \u00e5rsskiftet kan f\u00f6retag vars skulder \u00f6verstiger deras befintliga tillg\u00e5ngar fortfarande skjuta upp sin ans\u00f6kan. De som faktiskt \u00e4r insolventa m\u00e5ste dock ans\u00f6ka om insolvens fr\u00e5n och med den 1 oktober 2020. Alla insolvenser leder inte n\u00f6dv\u00e4ndigtvis till att anst\u00e4llda f\u00f6rlorar sina jobb, men man kan f\u00f6rv\u00e4nta sig att m\u00e5nga anst\u00e4llda och egenf\u00f6retagare kommer att st\u00e5 utan jobb i slutet av \u00e5ret - och r\u00e4dslan \u00e4r stor.<\/p>\n<p>Nu n\u00e4r hela branscher \u00e4r hotade i sin existens kommer m\u00e5nga m\u00e4nniskor inte l\u00e4ngre att kunna arbeta inom sitt l\u00e4rda yrke utan m\u00e5ste \u00f6verv\u00e4ga ett nytt yrke eller en ny utbildning - om det finns. Om man f\u00e5r tro experterna p\u00e5 aff\u00e4rsbionik vid Gradido Academy, inneb\u00e4r denna kris ocks\u00e5 ett enormt tillf\u00e4lle att korrigera saker som l\u00e4nge varit i behov av en grundl\u00e4ggande omorientering.<\/p>\n<p>\"Det globala finansiella systemet hotar nu att misslyckas, vilket kommer att leda till massinsolvens, rekordh\u00f6g arbetsl\u00f6shet och extrem fattigdom\", varnar Bernd H\u00fcckst\u00e4dt, medgrundare av akademin. Dessa utmaningar kan endast bem\u00e4stras med ett h\u00e5llbart nytt monet\u00e4rt system d\u00e4r de ekonomiska, ekologiska och sociala incitamenten pekar i samma riktning. Gradido Academy har utvecklat ett s\u00e5dant system.<\/p>\n<h4>Business bionics kommer i fokus<\/h4>\n<p>Enligt H\u00fcckst\u00e4dt har den globala koronablockaden gjort det r\u00e5dande ekonomiska systemets s\u00e5rbarhet - och behovet av ompr\u00f6vning - synligt. Det febriga s\u00f6kandet efter v\u00e4gar ut ur krisen ger oanad uppm\u00e4rksamhet \u00e5t den \u00e4nnu unga vetenskapen om ekonomisk bionik. Samtidigt har Gradido Academy i \u00f6ver 20 \u00e5r behandlat fr\u00e5gan om vad ekonomin kan l\u00e4ra sig av naturen. Precis som alla flygtekniker b\u00f6r studera f\u00e5glarnas flygning, unders\u00f6ker de vilka naturliga processer som kan tj\u00e4na som modeller f\u00f6r framg\u00e5ngsrika ekonomiska processer. Resultatet av flera \u00e5rs forskning \u00e4r den gemensamma godhetsvalutan Gradido. Syftet \u00e4r att garantera m\u00e4nniskor \u00f6ver hela v\u00e4rlden en f\u00f6rs\u00f6rjning och att g\u00f6ra livs- och arbetsv\u00e4rlden mer m\u00e5ngsidig och tillfredsst\u00e4llande. Modellens huvudprinciper \u00e4r \"aktiv basinkomst\", \"ovillkorligt deltagande\" och \"trefaldigt v\u00e4lbefinnande\". Existentiell r\u00e4dsla borde d\u00e4rmed vara ett minne blott, liksom social utest\u00e4ngning och isolering.<\/p>\n<h4>\"Aktiv basinkomst\" i st\u00e4llet f\u00f6r arbetsl\u00f6shetsers\u00e4ttning<\/h4>\n<p>Tack vare den aktiva basinkomsten enligt Gradido-modellen kan varje person uppn\u00e5 en grundtrygghet med hj\u00e4lp av aktiviteter som han eller hon sj\u00e4lv v\u00e4ljer f\u00f6r det gemensamma b\u00e4sta. Dessutom har han m\u00f6jlighet att utforska sina egna f\u00f6rm\u00e5gor p\u00e5 ett helt nytt s\u00e4tt, s\u00e5 att han vid behov kan ta en ny v\u00e4g. I st\u00e4llet f\u00f6r k\u00e4nslan av att ha misslyckats - den existentiella \u00e5ngesten och r\u00e4dslan f\u00f6r hotande social isolering - b\u00f6r m\u00e4nniskor utveckla gl\u00e4dje \u00f6ver personlig utveckling, tro p\u00e5 sin egen f\u00f6rm\u00e5ga och en \u00f6nskan om en ny b\u00f6rjan\", f\u00f6rklarar H\u00fcckst\u00e4dt.<\/p>\n<p>Varje person f\u00e5r 1 000 Gradido (GDD) av den gemensamma valutan varje m\u00e5nad som en basinkomst. En Gradido motsvarar v\u00e4rdet av en euro. Denna \"aktiva basinkomst\" skiljer sig avsev\u00e4rt fr\u00e5n den mycket omdiskuterade \"ovillkorliga basinkomsten\" genom att m\u00e4nniskor i alla \u00e5ldrar bidrar till samh\u00e4llet i enlighet med sina individuella m\u00f6jligheter f\u00f6r att kunna g\u00f6ra anspr\u00e5k p\u00e5 den. H\u00f6gst 50 timmar per m\u00e5nad ers\u00e4tts med 20 GDD per timme. Denna summa \u00e4r ett grundbelopp ut\u00f6ver andra inkomstk\u00e4llor.<\/p>\n<h4>\"Villkorsl\u00f6st deltagande\" f\u00f6r att prova och utveckla<\/h4>\n<p>Den aktiva basinkomsten s\u00e4kerst\u00e4ller allts\u00e5 ett ovillkorligt deltagande i samh\u00e4llslivet. Konkret inneb\u00e4r detta att alla kan bidra med sina b\u00f6jelser och f\u00e4rdigheter d\u00e4r det passar dem b\u00e4st. Praktiska, konstn\u00e4rliga och kreativa aktiviteter \u00e4r lika v\u00e4lkomna som sociala uppgifter. Grundtanken med \"ovillkorligt deltagande\" \u00e4r att alla kan bidra med sina personliga talanger f\u00f6r att st\u00e4rka gemenskapen och samtidigt utveckla sin egen potential p\u00e5 b\u00e4sta s\u00e4tt. P\u00e5 s\u00e5 s\u00e4tt kan han eller hon hitta den b\u00e4sta v\u00e4gen in i arbetslivet eller till en kurs\u00e4ndring. Det villkorsl\u00f6sa deltagandet \u00e4r ocks\u00e5 uttryckligen avsett att bidra till utvecklingen av nya id\u00e9er, visioner och f\u00e4rdigheter som m\u00e4nskligheten s\u00e5 v\u00e4l beh\u00f6ver just nu.<\/p>\n<h4>Krisskydd tack vare Triple Wellbeing<\/h4>\n<p>Gradidos etiska grundprincip bygger p\u00e5 att harmonisera individens v\u00e4lbefinnande med samh\u00e4llets och den st\u00f6rre helhetens v\u00e4lbefinnande - i termer av natur och milj\u00f6. D\u00e4rf\u00f6r sk\u00f6rdas totalt 3 000 Gradido (GDD) per m\u00e5nad f\u00f6r varje person i v\u00e4rlden. En tredjedel g\u00e5r till varje medborgare som \"aktiv basinkomst\", en andra tredjedel g\u00e5r till staten f\u00f6r dess tj\u00e4nster till allm\u00e4nheten och en tredje del g\u00e5r till en kompensations- och milj\u00f6fond f\u00f6r att m\u00f6jligg\u00f6ra \u00e5terst\u00e4llande av det ekonomiska och ekologiska arvet. Totalt sett skulle mer pengar \u00e4n tidigare finnas tillg\u00e4ngliga f\u00f6r statliga tj\u00e4nster och h\u00e4lsov\u00e5rdssystemet - utan skulder och utan skatter.<\/p>\n<p>\"Nu n\u00e4r den f\u00f6rest\u00e5ende v\u00e5gen av insolvenser kan hota s\u00e5 m\u00e5nga m\u00e4nniskors existens \u00e4r nya l\u00f6sningar oundg\u00e4ngliga. Tiden \u00e4r mogen f\u00f6r Gradido, och vi ser det som v\u00e5rt ansvar att f\u00f6ra in denna modell i den politiska diskussionen\", betonar H\u00fcckst\u00e4dt, och hans partner Margret Baier till\u00e4gger: \"Med denna l\u00f6sning, som \u00e4r inriktad p\u00e5 naturens principer, kan vi s\u00e4kra en livskraftig framtid f\u00f6r nuvarande och kommande generationer.\"<\/p>\n<p>N\u00e4rmare uppgifter om Gradido-modellen finns p\u00e5 f\u00f6ljande adress&nbsp;<a href=\"https:\/\/gradido.net\/sv\/\">https:\/\/gradido.net<\/a><\/p>\n<p><\/p>\n<\/div>\n<div>\n<div>\n<p><strong>Om Gradido Academy<\/strong><br>Gradido Academy for Economic Bionics har utvecklat en alternativ \"gemensam god valuta\" med naturen som f\u00f6rebild. Naturen f\u00f6ljer regeln att det \u00e4r bara n\u00e4r n\u00e5got g\u00e5r bort som n\u00e5got nytt kan uppst\u00e5 och d\u00e4rmed \u00e4r det m\u00f6jligt att \u00e5stadkomma en l\u00e5ngsiktig f\u00f6rb\u00e4ttring (evolution). Dess framg\u00e5ngsrecept \u00e4r \"livets kretslopp\". Om v\u00e5r ekonomi ocks\u00e5 skulle f\u00f6lja denna naturliga cykel skulle det l\u00f6sa praktiskt taget alla v\u00e4rldens penningrelaterade problem, enligt experterna p\u00e5 ekonomisk bionik. Gradido-modellen bygger p\u00e5 id\u00e9n att inte bara varje person utan \u00e4ven varje stat f\u00e5r en inkomst som skapas p\u00e5 kreditbasis. P\u00e5 s\u00e5 s\u00e4tt kan den utf\u00f6ra alla sina uppgifter utan att ta ut skatt. Deflation och inflation h\u00f6r till det f\u00f6rflutna. Ekonomin befrias fr\u00e5n det st\u00e4ndiga tv\u00e5nget att v\u00e4xa, och faran f\u00f6r en kollaps av det finansiella systemet \u00e4r \u00e4ntligen avv\u00e4rjd.&nbsp;<a href=\"https:\/\/gradido.net\/sv\/\">(www.gradido.net<\/a>)<\/p>\n<\/div>\n<\/div>\t\t\t\t\t\t\t\t<\/div>\n\t\t\t\t<\/div>\n\t\t\t\t\t<\/div>\n\t\t<\/div>\n\t\t\t\t\t<\/div>\n\t\t<\/section>\n\t\t\t\t<\/div>","protected":false},"excerpt":{"rendered":"<p>Gemeinwohlw\u00e4hrung statt Existenzverlust K\u00fcnzelsau, 16. September 2020&nbsp;\u2013 Sp\u00e4testens zum Jahresende wird eine regelrechte Pleitewelle Deutschland \u00fcberrollen. Rund 50.000 Gesch\u00e4ftsschlie\u00dfungen bef\u00fcrchtet der Handelsverband Deutschland (HDE). Der Deutsche Hotel- und Gastst\u00e4ttenverband k\u00e4mpft mit der gr\u00f6\u00dften Krise der Nachkriegszeit: 61,6 Prozent der gastgewerblichen Unternehmen bangen um ihre Existenz. Die Tourismusindustrie hatte dem Deutschem Reiseverband (DRV) zufolge bereits im [&hellip;]<\/p>\n","protected":false},"author":1,"featured_media":842,"comment_status":"closed","ping_status":"closed","sticky":false,"template":"","format":"standard","meta":{"footnotes":""},"categories":[8],"tags":[14],"class_list":["post-657","post","type-post","status-publish","format-standard","has-post-thumbnail","hentry","category-pressemitteilung","tag-finanzsystem"],"yoast_head":"<!-- This site is optimized with the Yoast SEO plugin v27.5 - https:\/\/yoast.com\/product\/yoast-seo-wordpress\/ -->\n<title>Insolvenzwelle als Chance - Gradido<\/title>\n<meta name=\"robots\" content=\"index, follow, max-snippet:-1, max-image-preview:large, max-video-preview:-1\" \/>\n<link rel=\"canonical\" href=\"https:\/\/gradido.net\/sv\/gemeinwohlwaehrung-statt-existenzverlust\/\" \/>\n<meta property=\"og:locale\" content=\"sv_SE\" \/>\n<meta property=\"og:type\" content=\"article\" \/>\n<meta property=\"og:title\" content=\"Insolvenzwelle als Chance - Gradido\" \/>\n<meta property=\"og:description\" content=\"Gemeinwohlw\u00e4hrung statt Existenzverlust K\u00fcnzelsau, 16. September 2020&nbsp;\u2013 Sp\u00e4testens zum Jahresende wird eine regelrechte Pleitewelle Deutschland \u00fcberrollen. Rund 50.000 Gesch\u00e4ftsschlie\u00dfungen bef\u00fcrchtet der Handelsverband Deutschland (HDE). Der Deutsche Hotel- und Gastst\u00e4ttenverband k\u00e4mpft mit der gr\u00f6\u00dften Krise der Nachkriegszeit: 61,6 Prozent der gastgewerblichen Unternehmen bangen um ihre Existenz. Die Tourismusindustrie hatte dem Deutschem Reiseverband (DRV) zufolge bereits im [&hellip;]\" \/>\n<meta property=\"og:url\" content=\"https:\/\/gradido.net\/sv\/gemeinwohlwaehrung-statt-existenzverlust\/\" \/>\n<meta property=\"og:site_name\" content=\"Gradido\" \/>\n<meta property=\"article:published_time\" content=\"2020-09-16T14:19:00+00:00\" \/>\n<meta property=\"article:modified_time\" content=\"2021-12-11T08:19:06+00:00\" \/>\n<meta property=\"og:image\" content=\"https:\/\/gradido.net\/wp-content\/uploads\/2020\/09\/insolvenz-als-zweite-chance.jpg\" \/>\n\t<meta property=\"og:image:width\" content=\"1000\" \/>\n\t<meta property=\"og:image:height\" content=\"684\" \/>\n\t<meta property=\"og:image:type\" content=\"image\/jpeg\" \/>\n<meta name=\"author\" content=\"GR4dmin\" \/>\n<meta name=\"twitter:card\" content=\"summary_large_image\" \/>\n<meta name=\"twitter:label1\" content=\"Skriven av\" \/>\n\t<meta name=\"twitter:data1\" content=\"GR4dmin\" \/>\n\t<meta name=\"twitter:label2\" content=\"Ber\u00e4knad l\u00e4stid\" \/>\n\t<meta name=\"twitter:data2\" content=\"6 minuter\" \/>\n<script type=\"application\/ld+json\" class=\"yoast-schema-graph\">{\"@context\":\"https:\\\/\\\/schema.org\",\"@graph\":[{\"@type\":\"Article\",\"@id\":\"https:\\\/\\\/gradido.net\\\/pt\\\/gemeinwohlwaehrung-statt-existenzverlust\\\/#article\",\"isPartOf\":{\"@id\":\"https:\\\/\\\/gradido.net\\\/pt\\\/gemeinwohlwaehrung-statt-existenzverlust\\\/\"},\"author\":{\"name\":\"GR4dmin\",\"@id\":\"https:\\\/\\\/gradido.net\\\/de\\\/#\\\/schema\\\/person\\\/9f913f37a47e7a82ad686b58fc907588\"},\"headline\":\"Insolvenzwelle als Chance\",\"datePublished\":\"2020-09-16T14:19:00+00:00\",\"dateModified\":\"2021-12-11T08:19:06+00:00\",\"mainEntityOfPage\":{\"@id\":\"https:\\\/\\\/gradido.net\\\/pt\\\/gemeinwohlwaehrung-statt-existenzverlust\\\/\"},\"wordCount\":1129,\"publisher\":{\"@id\":\"https:\\\/\\\/gradido.net\\\/de\\\/#organization\"},\"image\":{\"@id\":\"https:\\\/\\\/gradido.net\\\/pt\\\/gemeinwohlwaehrung-statt-existenzverlust\\\/#primaryimage\"},\"thumbnailUrl\":\"https:\\\/\\\/gradido.net\\\/wp-content\\\/uploads\\\/2020\\\/09\\\/insolvenz-als-zweite-chance.jpg\",\"keywords\":[\"Finanzsystem\"],\"articleSection\":[\"Pressemitteilung\"],\"inLanguage\":\"sv-SE\"},{\"@type\":\"WebPage\",\"@id\":\"https:\\\/\\\/gradido.net\\\/pt\\\/gemeinwohlwaehrung-statt-existenzverlust\\\/\",\"url\":\"https:\\\/\\\/gradido.net\\\/pt\\\/gemeinwohlwaehrung-statt-existenzverlust\\\/\",\"name\":\"Insolvenzwelle als Chance - Gradido\",\"isPartOf\":{\"@id\":\"https:\\\/\\\/gradido.net\\\/de\\\/#website\"},\"primaryImageOfPage\":{\"@id\":\"https:\\\/\\\/gradido.net\\\/pt\\\/gemeinwohlwaehrung-statt-existenzverlust\\\/#primaryimage\"},\"image\":{\"@id\":\"https:\\\/\\\/gradido.net\\\/pt\\\/gemeinwohlwaehrung-statt-existenzverlust\\\/#primaryimage\"},\"thumbnailUrl\":\"https:\\\/\\\/gradido.net\\\/wp-content\\\/uploads\\\/2020\\\/09\\\/insolvenz-als-zweite-chance.jpg\",\"datePublished\":\"2020-09-16T14:19:00+00:00\",\"dateModified\":\"2021-12-11T08:19:06+00:00\",\"breadcrumb\":{\"@id\":\"https:\\\/\\\/gradido.net\\\/pt\\\/gemeinwohlwaehrung-statt-existenzverlust\\\/#breadcrumb\"},\"inLanguage\":\"sv-SE\",\"potentialAction\":[{\"@type\":\"ReadAction\",\"target\":[\"https:\\\/\\\/gradido.net\\\/pt\\\/gemeinwohlwaehrung-statt-existenzverlust\\\/\"]}]},{\"@type\":\"ImageObject\",\"inLanguage\":\"sv-SE\",\"@id\":\"https:\\\/\\\/gradido.net\\\/pt\\\/gemeinwohlwaehrung-statt-existenzverlust\\\/#primaryimage\",\"url\":\"https:\\\/\\\/gradido.net\\\/wp-content\\\/uploads\\\/2020\\\/09\\\/insolvenz-als-zweite-chance.jpg\",\"contentUrl\":\"https:\\\/\\\/gradido.net\\\/wp-content\\\/uploads\\\/2020\\\/09\\\/insolvenz-als-zweite-chance.jpg\",\"width\":1000,\"height\":684},{\"@type\":\"BreadcrumbList\",\"@id\":\"https:\\\/\\\/gradido.net\\\/pt\\\/gemeinwohlwaehrung-statt-existenzverlust\\\/#breadcrumb\",\"itemListElement\":[{\"@type\":\"ListItem\",\"position\":1,\"name\":\"Startseite\",\"item\":\"https:\\\/\\\/gradido.net\\\/\"},{\"@type\":\"ListItem\",\"position\":2,\"name\":\"Insolvenzwelle als Chance\"}]},{\"@type\":\"WebSite\",\"@id\":\"https:\\\/\\\/gradido.net\\\/de\\\/#website\",\"url\":\"https:\\\/\\\/gradido.net\\\/de\\\/\",\"name\":\"Gradido\",\"description\":\"Die neue W\u00e4hrung hei\u00dft Dankbarkeit\",\"publisher\":{\"@id\":\"https:\\\/\\\/gradido.net\\\/de\\\/#organization\"},\"potentialAction\":[{\"@type\":\"SearchAction\",\"target\":{\"@type\":\"EntryPoint\",\"urlTemplate\":\"https:\\\/\\\/gradido.net\\\/de\\\/?s={search_term_string}\"},\"query-input\":{\"@type\":\"PropertyValueSpecification\",\"valueRequired\":true,\"valueName\":\"search_term_string\"}}],\"inLanguage\":\"sv-SE\"},{\"@type\":\"Organization\",\"@id\":\"https:\\\/\\\/gradido.net\\\/de\\\/#organization\",\"name\":\"Gradido\",\"url\":\"https:\\\/\\\/gradido.net\\\/de\\\/\",\"logo\":{\"@type\":\"ImageObject\",\"inLanguage\":\"sv-SE\",\"@id\":\"https:\\\/\\\/gradido.net\\\/de\\\/#\\\/schema\\\/logo\\\/image\\\/\",\"url\":\"https:\\\/\\\/gradido.net\\\/wp-content\\\/uploads\\\/2022\\\/04\\\/gradido-social.jpg\",\"contentUrl\":\"https:\\\/\\\/gradido.net\\\/wp-content\\\/uploads\\\/2022\\\/04\\\/gradido-social.jpg\",\"width\":527,\"height\":273,\"caption\":\"Gradido\"},\"image\":{\"@id\":\"https:\\\/\\\/gradido.net\\\/de\\\/#\\\/schema\\\/logo\\\/image\\\/\"}},{\"@type\":\"Person\",\"@id\":\"https:\\\/\\\/gradido.net\\\/de\\\/#\\\/schema\\\/person\\\/9f913f37a47e7a82ad686b58fc907588\",\"name\":\"GR4dmin\",\"sameAs\":[\"https:\\\/\\\/gradido.net\"],\"url\":\"https:\\\/\\\/gradido.net\\\/sv\\\/author\\\/gr4dmin\\\/\"}]}<\/script>\n<!-- \/ Yoast SEO plugin. -->","yoast_head_json":{"title":"Insolvensv\u00e5gen som en m\u00f6jlighet - Gradido","robots":{"index":"index","follow":"follow","max-snippet":"max-snippet:-1","max-image-preview":"max-image-preview:large","max-video-preview":"max-video-preview:-1"},"canonical":"https:\/\/gradido.net\/sv\/gemeinwohlwaehrung-statt-existenzverlust\/","og_locale":"sv_SE","og_type":"article","og_title":"Insolvenzwelle als Chance - Gradido","og_description":"Gemeinwohlw\u00e4hrung statt Existenzverlust K\u00fcnzelsau, 16. September 2020&nbsp;\u2013 Sp\u00e4testens zum Jahresende wird eine regelrechte Pleitewelle Deutschland \u00fcberrollen. Rund 50.000 Gesch\u00e4ftsschlie\u00dfungen bef\u00fcrchtet der Handelsverband Deutschland (HDE). Der Deutsche Hotel- und Gastst\u00e4ttenverband k\u00e4mpft mit der gr\u00f6\u00dften Krise der Nachkriegszeit: 61,6 Prozent der gastgewerblichen Unternehmen bangen um ihre Existenz. Die Tourismusindustrie hatte dem Deutschem Reiseverband (DRV) zufolge bereits im [&hellip;]","og_url":"https:\/\/gradido.net\/sv\/gemeinwohlwaehrung-statt-existenzverlust\/","og_site_name":"Gradido","article_published_time":"2020-09-16T14:19:00+00:00","article_modified_time":"2021-12-11T08:19:06+00:00","og_image":[{"width":1000,"height":684,"url":"https:\/\/gradido.net\/wp-content\/uploads\/2020\/09\/insolvenz-als-zweite-chance.jpg","type":"image\/jpeg"}],"author":"GR4dmin","twitter_card":"summary_large_image","twitter_misc":{"Skriven av":"GR4dmin","Ber\u00e4knad l\u00e4stid":"6 minuter"},"schema":{"@context":"https:\/\/schema.org","@graph":[{"@type":"Article","@id":"https:\/\/gradido.net\/pt\/gemeinwohlwaehrung-statt-existenzverlust\/#article","isPartOf":{"@id":"https:\/\/gradido.net\/pt\/gemeinwohlwaehrung-statt-existenzverlust\/"},"author":{"name":"GR4dmin","@id":"https:\/\/gradido.net\/de\/#\/schema\/person\/9f913f37a47e7a82ad686b58fc907588"},"headline":"Insolvenzwelle als Chance","datePublished":"2020-09-16T14:19:00+00:00","dateModified":"2021-12-11T08:19:06+00:00","mainEntityOfPage":{"@id":"https:\/\/gradido.net\/pt\/gemeinwohlwaehrung-statt-existenzverlust\/"},"wordCount":1129,"publisher":{"@id":"https:\/\/gradido.net\/de\/#organization"},"image":{"@id":"https:\/\/gradido.net\/pt\/gemeinwohlwaehrung-statt-existenzverlust\/#primaryimage"},"thumbnailUrl":"https:\/\/gradido.net\/wp-content\/uploads\/2020\/09\/insolvenz-als-zweite-chance.jpg","keywords":["Finanzsystem"],"articleSection":["Pressemitteilung"],"inLanguage":"sv-SE"},{"@type":"WebPage","@id":"https:\/\/gradido.net\/pt\/gemeinwohlwaehrung-statt-existenzverlust\/","url":"https:\/\/gradido.net\/pt\/gemeinwohlwaehrung-statt-existenzverlust\/","name":"Insolvensv\u00e5gen som en m\u00f6jlighet - Gradido","isPartOf":{"@id":"https:\/\/gradido.net\/de\/#website"},"primaryImageOfPage":{"@id":"https:\/\/gradido.net\/pt\/gemeinwohlwaehrung-statt-existenzverlust\/#primaryimage"},"image":{"@id":"https:\/\/gradido.net\/pt\/gemeinwohlwaehrung-statt-existenzverlust\/#primaryimage"},"thumbnailUrl":"https:\/\/gradido.net\/wp-content\/uploads\/2020\/09\/insolvenz-als-zweite-chance.jpg","datePublished":"2020-09-16T14:19:00+00:00","dateModified":"2021-12-11T08:19:06+00:00","breadcrumb":{"@id":"https:\/\/gradido.net\/pt\/gemeinwohlwaehrung-statt-existenzverlust\/#breadcrumb"},"inLanguage":"sv-SE","potentialAction":[{"@type":"ReadAction","target":["https:\/\/gradido.net\/pt\/gemeinwohlwaehrung-statt-existenzverlust\/"]}]},{"@type":"ImageObject","inLanguage":"sv-SE","@id":"https:\/\/gradido.net\/pt\/gemeinwohlwaehrung-statt-existenzverlust\/#primaryimage","url":"https:\/\/gradido.net\/wp-content\/uploads\/2020\/09\/insolvenz-als-zweite-chance.jpg","contentUrl":"https:\/\/gradido.net\/wp-content\/uploads\/2020\/09\/insolvenz-als-zweite-chance.jpg","width":1000,"height":684},{"@type":"BreadcrumbList","@id":"https:\/\/gradido.net\/pt\/gemeinwohlwaehrung-statt-existenzverlust\/#breadcrumb","itemListElement":[{"@type":"ListItem","position":1,"name":"Startseite","item":"https:\/\/gradido.net\/"},{"@type":"ListItem","position":2,"name":"Insolvenzwelle als Chance"}]},{"@type":"WebSite","@id":"https:\/\/gradido.net\/de\/#website","url":"https:\/\/gradido.net\/de\/","name":"Gradido","description":"Den nya valutan \u00e4r tacksamhet","publisher":{"@id":"https:\/\/gradido.net\/de\/#organization"},"potentialAction":[{"@type":"SearchAction","target":{"@type":"EntryPoint","urlTemplate":"https:\/\/gradido.net\/de\/?s={search_term_string}"},"query-input":{"@type":"PropertyValueSpecification","valueRequired":true,"valueName":"search_term_string"}}],"inLanguage":"sv-SE"},{"@type":"Organization","@id":"https:\/\/gradido.net\/de\/#organization","name":"Gradido","url":"https:\/\/gradido.net\/de\/","logo":{"@type":"ImageObject","inLanguage":"sv-SE","@id":"https:\/\/gradido.net\/de\/#\/schema\/logo\/image\/","url":"https:\/\/gradido.net\/wp-content\/uploads\/2022\/04\/gradido-social.jpg","contentUrl":"https:\/\/gradido.net\/wp-content\/uploads\/2022\/04\/gradido-social.jpg","width":527,"height":273,"caption":"Gradido"},"image":{"@id":"https:\/\/gradido.net\/de\/#\/schema\/logo\/image\/"}},{"@type":"Person","@id":"https:\/\/gradido.net\/de\/#\/schema\/person\/9f913f37a47e7a82ad686b58fc907588","name":"GR4dmin","sameAs":["https:\/\/gradido.net"],"url":"https:\/\/gradido.net\/sv\/author\/gr4dmin\/"}]}},"_links":{"self":[{"href":"https:\/\/gradido.net\/sv\/wp-json\/wp\/v2\/posts\/657","targetHints":{"allow":["GET"]}}],"collection":[{"href":"https:\/\/gradido.net\/sv\/wp-json\/wp\/v2\/posts"}],"about":[{"href":"https:\/\/gradido.net\/sv\/wp-json\/wp\/v2\/types\/post"}],"author":[{"embeddable":true,"href":"https:\/\/gradido.net\/sv\/wp-json\/wp\/v2\/users\/1"}],"replies":[{"embeddable":true,"href":"https:\/\/gradido.net\/sv\/wp-json\/wp\/v2\/comments?post=657"}],"version-history":[{"count":9,"href":"https:\/\/gradido.net\/sv\/wp-json\/wp\/v2\/posts\/657\/revisions"}],"predecessor-version":[{"id":3730,"href":"https:\/\/gradido.net\/sv\/wp-json\/wp\/v2\/posts\/657\/revisions\/3730"}],"wp:featuredmedia":[{"embeddable":true,"href":"https:\/\/gradido.net\/sv\/wp-json\/wp\/v2\/media\/842"}],"wp:attachment":[{"href":"https:\/\/gradido.net\/sv\/wp-json\/wp\/v2\/media?parent=657"}],"wp:term":[{"taxonomy":"category","embeddable":true,"href":"https:\/\/gradido.net\/sv\/wp-json\/wp\/v2\/categories?post=657"},{"taxonomy":"post_tag","embeddable":true,"href":"https:\/\/gradido.net\/sv\/wp-json\/wp\/v2\/tags?post=657"}],"curies":[{"name":"wp","href":"https:\/\/api.w.org\/{rel}","templated":true}]}}