{"id":7125,"date":"2023-08-14T15:31:18","date_gmt":"2023-08-14T13:31:18","guid":{"rendered":"https:\/\/gradido.net\/?p=7125"},"modified":"2026-04-23T07:16:21","modified_gmt":"2026-04-23T05:16:21","slug":"lieblingsstadt-1-des-buergermeisters-mutiger-plan","status":"publish","type":"post","link":"https:\/\/gradido.net\/sv\/lieblingsstadt-1-des-buergermeisters-mutiger-plan\/","title":{"rendered":"Favourite City 1 - Borgm\u00e4starens dj\u00e4rva plan"},"content":{"rendered":"<div data-elementor-type=\"wp-post\" data-elementor-id=\"7125\" class=\"elementor elementor-7125\" data-elementor-post-type=\"post\">\n\t\t\t\t\t\t<section class=\"elementor-section elementor-top-section elementor-element elementor-element-496e1d53 elementor-section-boxed elementor-section-height-default elementor-section-height-default\" data-id=\"496e1d53\" data-element_type=\"section\" data-e-type=\"section\">\n\t\t\t\t\t\t<div class=\"elementor-container elementor-column-gap-default\">\n\t\t\t\t\t<div class=\"elementor-column elementor-col-100 elementor-top-column elementor-element elementor-element-461d7be0\" data-id=\"461d7be0\" data-element_type=\"column\" data-e-type=\"column\">\n\t\t\t<div class=\"elementor-widget-wrap elementor-element-populated\">\n\t\t\t\t\t\t<div class=\"elementor-element elementor-element-cd9ebe2 elementor-widget elementor-widget-text-editor\" data-id=\"cd9ebe2\" data-element_type=\"widget\" data-e-type=\"widget\" data-widget_type=\"text-editor.default\">\n\t\t\t\t<div class=\"elementor-widget-container\">\n\t\t\t\t\t\t\t\t\t<p style=\"text-align: right;\"><em>\"Engagerade m\u00e4nniskor f\u00f6r\u00e4ndrar v\u00e4rlden - och sig sj\u00e4lva\".<\/em><\/p><p>K\u00e4ra l\u00e4sare,<\/p><p>I den fiktiva kommunen \"Favourite Town\" \u00e4r Michael Miteinand en popul\u00e4r borgm\u00e4stare. Hans starka engagemang f\u00f6r sin stad och dess inv\u00e5nare \u00e4r v\u00e4lk\u00e4nt. Hans senaste projekt lovar att ta livet i Lieblingsstadt till en ny niv\u00e5.<\/p><p>N\u00e4r det g\u00e4ller framtiden har Michael en dj\u00e4rv plan f\u00f6r att inf\u00f6ra Gradidos bel\u00f6ningssystem f\u00f6r samh\u00e4llsinsatser. Detta innovativa po\u00e4ngsystem bel\u00f6nar frivilligt arbete med Gradido-tackpo\u00e4ng och skapar en kultur av erk\u00e4nnande och uppskattning. Inf\u00f6randet av Gradido har potential att p\u00e5 ett positivt s\u00e4tt f\u00f6r\u00e4ndra dynamiken i hela staden och knyta samman medborgarna p\u00e5 nya och kreativa s\u00e4tt.<\/p><p>Butikerna i Lieblingsstadt har redan signalerat sitt st\u00f6d. De erbjuder attraktiva rabatter och andra f\u00f6rm\u00e5ner som kan l\u00f6sas in mot Gradidos. Det \u00e4r en win-win-situation: f\u00f6retagen f\u00e5r \u00f6kad f\u00f6rs\u00e4ljning genom \u00f6kad kundlojalitet, medan medborgarna bel\u00f6nas f\u00f6r sitt volont\u00e4rarbete.<\/p>\t\t\t\t\t\t\t\t<\/div>\n\t\t\t\t<\/div>\n\t\t\t\t<div class=\"elementor-element elementor-element-e51c407 elementor-widget elementor-widget-image\" data-id=\"e51c407\" data-element_type=\"widget\" data-e-type=\"widget\" data-widget_type=\"image.default\">\n\t\t\t\t<div class=\"elementor-widget-container\">\n\t\t\t\t\t\t\t\t\t\t\t\t\t\t\t<img fetchpriority=\"high\" decoding=\"async\" width=\"800\" height=\"450\" src=\"https:\/\/gradido.net\/wp-content\/uploads\/2023\/08\/GradidoCafe\u0301_800.jpg\" class=\"attachment-large size-large wp-image-7128\" alt=\"\" srcset=\"https:\/\/gradido.net\/wp-content\/uploads\/2023\/08\/GradidoCafe\u0301_800.jpg 800w, https:\/\/gradido.net\/wp-content\/uploads\/2023\/08\/GradidoCafe\u0301_800-300x169.jpg 300w, https:\/\/gradido.net\/wp-content\/uploads\/2023\/08\/GradidoCafe\u0301_800-768x432.jpg 768w, https:\/\/gradido.net\/wp-content\/uploads\/2023\/08\/GradidoCafe\u0301_800-18x10.jpg 18w\" sizes=\"(max-width: 800px) 100vw, 800px\" \/>\t\t\t\t\t\t\t\t\t\t\t\t\t\t\t<\/div>\n\t\t\t\t<\/div>\n\t\t\t\t<div class=\"elementor-element elementor-element-06a4667 elementor-widget elementor-widget-text-editor\" data-id=\"06a4667\" data-element_type=\"widget\" data-e-type=\"widget\" data-widget_type=\"text-editor.default\">\n\t\t\t\t<div class=\"elementor-widget-container\">\n\t\t\t\t\t\t\t\t\t<p>Men det handlar inte bara om aff\u00e4rer. M\u00e4nniskor flockas p\u00e5 s\u00e5 kallade \"Gradido-caf\u00e9er\". Det \u00e4r livliga m\u00f6tesplatser d\u00e4r man kan ta del av aktuella erbjudanden eller bara prata \u00f6ver en kopp kaffe. Det sociala n\u00e4tverket i staden blir p\u00e5 s\u00e5 s\u00e4tt t\u00e4tare och gemenskapsk\u00e4nslan st\u00e4rks.<\/p><p>Gradido-projektet ger inte bara liv \u00e5t Lieblingsstadt - det knyter ocks\u00e5 samman dess inv\u00e5nare p\u00e5 ett s\u00e4tt som aldrig tidigare sk\u00e5dats. Entusiasmen \u00e4r smittsam. Alla vill vara en aktiv deltagare i detta sp\u00e4nnande nya initiativ.<\/p><p>Nyheten sprider sig snabbt utanf\u00f6r Lieblingsstadens gr\u00e4nser. Andra st\u00e4der b\u00f6rjar visa intresse f\u00f6r detta innovativa system.<\/p><p>Tack vare borgm\u00e4stare Miteinands uppfinningsrikedom blomstrar Lieblingsstadt som aldrig f\u00f6rr. Staden hyllas som ett exempel p\u00e5 sociala framsteg.<\/p>\t\t\t\t\t\t\t\t<\/div>\n\t\t\t\t<\/div>\n\t\t\t\t<div class=\"elementor-element elementor-element-e858257 elementor-widget-divider--view-line elementor-widget elementor-widget-divider\" data-id=\"e858257\" data-element_type=\"widget\" data-e-type=\"widget\" data-widget_type=\"divider.default\">\n\t\t\t\t<div class=\"elementor-widget-container\">\n\t\t\t\t\t\t\t<div class=\"elementor-divider\">\n\t\t\t<span class=\"elementor-divider-separator\">\n\t\t\t\t\t\t<\/span>\n\t\t<\/div>\n\t\t\t\t\t\t<\/div>\n\t\t\t\t<\/div>\n\t\t\t\t<div class=\"elementor-element elementor-element-d74dfa0 elementor-widget elementor-widget-text-editor\" data-id=\"d74dfa0\" data-element_type=\"widget\" data-e-type=\"widget\" data-widget_type=\"text-editor.default\">\n\t\t\t\t<div class=\"elementor-widget-container\">\n\t\t\t\t\t\t\t\t\t<div data-pm-slice=\"1 1 []\" data-en-clipboard=\"true\"><p>Detta \u00e4r det f\u00f6rsta inl\u00e4gget i v\u00e5r serie\u00a0<strong>\"Gradido i favoritstaden\"<\/strong>. I korta ber\u00e4ttelser ber\u00e4ttar vi hur Gradido-modellen avsev\u00e4rt f\u00f6rb\u00e4ttrar m\u00e4nniskors livskvalitet, g\u00f6r staden s\u00e4krare och till och med r\u00e4ddar f\u00f6retag och stadens sjukhus.<\/p><p>Vidarebefordra g\u00e4rna denna serie till din stadsf\u00f6rvaltning, f\u00f6reningar och n\u00e4ringsidkare. L\u00e5t inte den nuvarande ned\u00e5tg\u00e5ende trenden i det m\u00e4nskliga och ekonomiska livet forts\u00e4tta!<\/p><p>Tillsammans f\u00f6rvandlar vi v\u00e5ra st\u00e4der till levande oaser - v\u00e5ra favoritplatser!<\/p><p>Med v\u00e4nliga h\u00e4lsningar fr\u00e5n Hohenlohe<\/p><\/div><p>Din<\/p><p><img decoding=\"async\" class=\"alignnone wp-image-4614 size-medium\" src=\"https:\/\/gradido.net\/wp-content\/uploads\/2022\/06\/MargretBernd_2022-300x74.png\" alt=\"\" width=\"300\" height=\"74\" srcset=\"https:\/\/gradido.net\/wp-content\/uploads\/2022\/06\/MargretBernd_2022-300x74.png 300w, https:\/\/gradido.net\/wp-content\/uploads\/2022\/06\/MargretBernd_2022-18x4.png 18w, https:\/\/gradido.net\/wp-content\/uploads\/2022\/06\/MargretBernd_2022.png 431w\" sizes=\"(max-width: 300px) 100vw, 300px\" \/><\/p><p>Margret Baier och Bernd H\u00fcckst\u00e4dt<br \/>Gradidos grundare och utvecklare<\/p>\t\t\t\t\t\t\t\t<\/div>\n\t\t\t\t<\/div>\n\t\t\t\t\t<\/div>\n\t\t<\/div>\n\t\t\t\t\t<\/div>\n\t\t<\/section>\n\t\t\t\t<section class=\"elementor-section elementor-top-section elementor-element elementor-element-d9b3194 elementor-section-boxed elementor-section-height-default elementor-section-height-default\" data-id=\"d9b3194\" data-element_type=\"section\" data-e-type=\"section\">\n\t\t\t\t\t\t<div class=\"elementor-container elementor-column-gap-default\">\n\t\t\t\t\t<div class=\"elementor-column elementor-col-100 elementor-top-column elementor-element elementor-element-da01aa6\" data-id=\"da01aa6\" data-element_type=\"column\" data-e-type=\"column\">\n\t\t\t<div class=\"elementor-widget-wrap elementor-element-populated\">\n\t\t\t\t\t\t<div class=\"elementor-element elementor-element-07ca149 elementor-position-inline-start white-links elementor-widget__width-initial elementor-view-default elementor-mobile-position-block-start elementor-widget elementor-widget-icon-box\" data-id=\"07ca149\" data-element_type=\"widget\" data-e-type=\"widget\" data-no-translation=\"\" data-widget_type=\"icon-box.default\">\n\t\t\t\t<div class=\"elementor-widget-container\">\n\t\t\t\t\t<style>.elementor-element-07ca149{display:none !important}<\/style>\t\t\t\t<\/div>\n\t\t\t\t<\/div>\n\t\t\t\t\t<\/div>\n\t\t<\/div>\n\t\t\t\t\t<\/div>\n\t\t<\/section>\n\t\t\t\t<section class=\"elementor-section elementor-top-section elementor-element elementor-element-14532fe elementor-section-boxed elementor-section-height-default elementor-section-height-default\" data-id=\"14532fe\" data-element_type=\"section\" data-e-type=\"section\">\n\t\t\t\t\t\t<div class=\"elementor-container elementor-column-gap-default\">\n\t\t\t\t\t<div class=\"elementor-column elementor-col-100 elementor-top-column elementor-element elementor-element-65d2298\" data-id=\"65d2298\" data-element_type=\"column\" data-e-type=\"column\">\n\t\t\t<div class=\"elementor-widget-wrap elementor-element-populated\">\n\t\t\t\t\t\t<div class=\"elementor-element elementor-element-3147104 elementor-widget elementor-widget-global elementor-global-9341 elementor-widget-text-editor\" data-id=\"3147104\" data-element_type=\"widget\" data-e-type=\"widget\" data-widget_type=\"text-editor.default\">\n\t\t\t\t<div class=\"elementor-widget-container\">\n\t\t\t\t\t\t\t\t\t<p><strong>PS:\u00a0<span style=\"color: #ff6600;\"><a style=\"color: #ff6600;\" href=\"https:\/\/gradido.net\/sv\/donations\/\">P\u00e5 grund av Gradidos st\u00e4ndigt \u00f6kande betydelse upprepar vi v\u00e5r tacksamhetskampanj den 26 juni 2026:<\/a>\u00a0<\/span><span style=\"color: #0000ff;\"><a style=\"color: #0000ff;\" href=\"https:\/\/gradido.net\/sv\/donations\/\">F\u00f6rutom den multipla GradidoTransform f\u00f6r ditt sponsorbidrag, kommer vi att \u00f6ka alla GDT-kontosaldon med 26% den 26\/06\/2016. Sponsra nu och njut av det multipla beloppet av GDT!<\/a><\/span><\/strong><\/p>\t\t\t\t\t\t\t\t<\/div>\n\t\t\t\t<\/div>\n\t\t\t\t\t<\/div>\n\t\t<\/div>\n\t\t\t\t\t<\/div>\n\t\t<\/section>\n\t\t\t\t<\/div>","protected":false},"excerpt":{"rendered":"<p>N\u00e4r det g\u00e4ller framtiden har Michael en dj\u00e4rv plan f\u00f6r att inf\u00f6ra Gradidos bel\u00f6ningssystem f\u00f6r samh\u00e4llsnyttiga insatser. Detta innovativa po\u00e4ngsystem bel\u00f6nar volont\u00e4rarbete med Gradido tackpo\u00e4ng och skapar en kultur av erk\u00e4nnande och uppskattning.<\/p>","protected":false},"author":2,"featured_media":7127,"comment_status":"closed","ping_status":"closed","sticky":false,"template":"","format":"standard","meta":{"footnotes":""},"categories":[11,53],"tags":[],"class_list":["post-7125","post","type-post","status-publish","format-standard","has-post-thumbnail","hentry","category-blog","category-lieblingsstadt"],"yoast_head":"<!-- This site is optimized with the Yoast SEO plugin v27.5 - https:\/\/yoast.com\/product\/yoast-seo-wordpress\/ -->\n<title>Lieblingsstadt 1 \u2013 Des B\u00fcrgermeisters mutiger Plan - Gradido<\/title>\n<meta name=\"description\" content=\"Mit Blick auf die Zukunft hat Michael den mutigen Plan, das Gemeinwohl-Verg\u00fctungssystem Gradido einzuf\u00fchren. Dieses innovative Punkte-System honoriert ehrenamtliche Arbeit mit Gradido-Dankpunkten, wodurch eine Kultur der Anerkennung und Wertsch\u00e4tzung geschaffen wird.\" \/>\n<meta name=\"robots\" content=\"index, follow, max-snippet:-1, max-image-preview:large, max-video-preview:-1\" \/>\n<link rel=\"canonical\" href=\"https:\/\/gradido.net\/sv\/lieblingsstadt-1-des-buergermeisters-mutiger-plan\/\" \/>\n<meta property=\"og:locale\" content=\"sv_SE\" \/>\n<meta property=\"og:type\" content=\"article\" \/>\n<meta property=\"og:title\" content=\"Lieblingsstadt 1 \u2013 Des B\u00fcrgermeisters mutiger Plan - Gradido\" \/>\n<meta property=\"og:description\" content=\"Mit Blick auf die Zukunft hat Michael den mutigen Plan, das Gemeinwohl-Verg\u00fctungssystem Gradido einzuf\u00fchren. Dieses innovative Punkte-System honoriert ehrenamtliche Arbeit mit Gradido-Dankpunkten, wodurch eine Kultur der Anerkennung und Wertsch\u00e4tzung geschaffen wird.\" \/>\n<meta property=\"og:url\" content=\"https:\/\/gradido.net\/sv\/lieblingsstadt-1-des-buergermeisters-mutiger-plan\/\" \/>\n<meta property=\"og:site_name\" content=\"Gradido\" \/>\n<meta property=\"article:published_time\" content=\"2023-08-14T13:31:18+00:00\" \/>\n<meta property=\"article:modified_time\" content=\"2026-04-23T05:16:21+00:00\" \/>\n<meta property=\"og:image\" content=\"https:\/\/gradido.net\/wp-content\/uploads\/2023\/08\/Michael_1_1920.jpg\" \/>\n\t<meta property=\"og:image:width\" content=\"1920\" \/>\n\t<meta property=\"og:image:height\" content=\"1200\" \/>\n\t<meta property=\"og:image:type\" content=\"image\/jpeg\" \/>\n<meta name=\"author\" content=\"Bernd H\u00fcckst\u00e4dt\" \/>\n<meta name=\"twitter:card\" content=\"summary_large_image\" \/>\n<meta name=\"twitter:label1\" content=\"Skriven av\" \/>\n\t<meta name=\"twitter:data1\" content=\"Bernd H\u00fcckst\u00e4dt\" \/>\n\t<meta name=\"twitter:label2\" content=\"Ber\u00e4knad l\u00e4stid\" \/>\n\t<meta name=\"twitter:data2\" content=\"3 minuter\" \/>\n<script type=\"application\/ld+json\" class=\"yoast-schema-graph\">{\"@context\":\"https:\\\/\\\/schema.org\",\"@graph\":[{\"@type\":\"Article\",\"@id\":\"https:\\\/\\\/gradido.net\\\/lieblingsstadt-1-des-buergermeisters-mutiger-plan\\\/#article\",\"isPartOf\":{\"@id\":\"https:\\\/\\\/gradido.net\\\/lieblingsstadt-1-des-buergermeisters-mutiger-plan\\\/\"},\"author\":{\"name\":\"Bernd H\u00fcckst\u00e4dt\",\"@id\":\"https:\\\/\\\/gradido.net\\\/de\\\/#\\\/schema\\\/person\\\/9c503a004ad15a1ddecadce2218db5d1\"},\"headline\":\"Lieblingsstadt 1 \u2013 Des B\u00fcrgermeisters mutiger Plan\",\"datePublished\":\"2023-08-14T13:31:18+00:00\",\"dateModified\":\"2026-04-23T05:16:21+00:00\",\"mainEntityOfPage\":{\"@id\":\"https:\\\/\\\/gradido.net\\\/lieblingsstadt-1-des-buergermeisters-mutiger-plan\\\/\"},\"wordCount\":476,\"publisher\":{\"@id\":\"https:\\\/\\\/gradido.net\\\/de\\\/#organization\"},\"image\":{\"@id\":\"https:\\\/\\\/gradido.net\\\/lieblingsstadt-1-des-buergermeisters-mutiger-plan\\\/#primaryimage\"},\"thumbnailUrl\":\"https:\\\/\\\/gradido.net\\\/wp-content\\\/uploads\\\/2023\\\/08\\\/Michael_1_1920.jpg\",\"articleSection\":[\"Blog\",\"Lieblingsstadt\"],\"inLanguage\":\"sv-SE\"},{\"@type\":\"WebPage\",\"@id\":\"https:\\\/\\\/gradido.net\\\/lieblingsstadt-1-des-buergermeisters-mutiger-plan\\\/\",\"url\":\"https:\\\/\\\/gradido.net\\\/lieblingsstadt-1-des-buergermeisters-mutiger-plan\\\/\",\"name\":\"Lieblingsstadt 1 \u2013 Des B\u00fcrgermeisters mutiger Plan - Gradido\",\"isPartOf\":{\"@id\":\"https:\\\/\\\/gradido.net\\\/de\\\/#website\"},\"primaryImageOfPage\":{\"@id\":\"https:\\\/\\\/gradido.net\\\/lieblingsstadt-1-des-buergermeisters-mutiger-plan\\\/#primaryimage\"},\"image\":{\"@id\":\"https:\\\/\\\/gradido.net\\\/lieblingsstadt-1-des-buergermeisters-mutiger-plan\\\/#primaryimage\"},\"thumbnailUrl\":\"https:\\\/\\\/gradido.net\\\/wp-content\\\/uploads\\\/2023\\\/08\\\/Michael_1_1920.jpg\",\"datePublished\":\"2023-08-14T13:31:18+00:00\",\"dateModified\":\"2026-04-23T05:16:21+00:00\",\"description\":\"Mit Blick auf die Zukunft hat Michael den mutigen Plan, das Gemeinwohl-Verg\u00fctungssystem Gradido einzuf\u00fchren. Dieses innovative Punkte-System honoriert ehrenamtliche Arbeit mit Gradido-Dankpunkten, wodurch eine Kultur der Anerkennung und Wertsch\u00e4tzung geschaffen wird.\",\"breadcrumb\":{\"@id\":\"https:\\\/\\\/gradido.net\\\/lieblingsstadt-1-des-buergermeisters-mutiger-plan\\\/#breadcrumb\"},\"inLanguage\":\"sv-SE\",\"potentialAction\":[{\"@type\":\"ReadAction\",\"target\":[\"https:\\\/\\\/gradido.net\\\/lieblingsstadt-1-des-buergermeisters-mutiger-plan\\\/\"]}]},{\"@type\":\"ImageObject\",\"inLanguage\":\"sv-SE\",\"@id\":\"https:\\\/\\\/gradido.net\\\/lieblingsstadt-1-des-buergermeisters-mutiger-plan\\\/#primaryimage\",\"url\":\"https:\\\/\\\/gradido.net\\\/wp-content\\\/uploads\\\/2023\\\/08\\\/Michael_1_1920.jpg\",\"contentUrl\":\"https:\\\/\\\/gradido.net\\\/wp-content\\\/uploads\\\/2023\\\/08\\\/Michael_1_1920.jpg\",\"width\":1920,\"height\":1200},{\"@type\":\"BreadcrumbList\",\"@id\":\"https:\\\/\\\/gradido.net\\\/lieblingsstadt-1-des-buergermeisters-mutiger-plan\\\/#breadcrumb\",\"itemListElement\":[{\"@type\":\"ListItem\",\"position\":1,\"name\":\"Startseite\",\"item\":\"https:\\\/\\\/gradido.net\\\/\"},{\"@type\":\"ListItem\",\"position\":2,\"name\":\"Lieblingsstadt 1 \u2013 Des B\u00fcrgermeisters mutiger Plan\"}]},{\"@type\":\"WebSite\",\"@id\":\"https:\\\/\\\/gradido.net\\\/de\\\/#website\",\"url\":\"https:\\\/\\\/gradido.net\\\/de\\\/\",\"name\":\"Gradido\",\"description\":\"Die neue W\u00e4hrung hei\u00dft Dankbarkeit\",\"publisher\":{\"@id\":\"https:\\\/\\\/gradido.net\\\/de\\\/#organization\"},\"potentialAction\":[{\"@type\":\"SearchAction\",\"target\":{\"@type\":\"EntryPoint\",\"urlTemplate\":\"https:\\\/\\\/gradido.net\\\/de\\\/?s={search_term_string}\"},\"query-input\":{\"@type\":\"PropertyValueSpecification\",\"valueRequired\":true,\"valueName\":\"search_term_string\"}}],\"inLanguage\":\"sv-SE\"},{\"@type\":\"Organization\",\"@id\":\"https:\\\/\\\/gradido.net\\\/de\\\/#organization\",\"name\":\"Gradido\",\"url\":\"https:\\\/\\\/gradido.net\\\/de\\\/\",\"logo\":{\"@type\":\"ImageObject\",\"inLanguage\":\"sv-SE\",\"@id\":\"https:\\\/\\\/gradido.net\\\/de\\\/#\\\/schema\\\/logo\\\/image\\\/\",\"url\":\"https:\\\/\\\/gradido.net\\\/wp-content\\\/uploads\\\/2022\\\/04\\\/gradido-social.jpg\",\"contentUrl\":\"https:\\\/\\\/gradido.net\\\/wp-content\\\/uploads\\\/2022\\\/04\\\/gradido-social.jpg\",\"width\":527,\"height\":273,\"caption\":\"Gradido\"},\"image\":{\"@id\":\"https:\\\/\\\/gradido.net\\\/de\\\/#\\\/schema\\\/logo\\\/image\\\/\"}},{\"@type\":\"Person\",\"@id\":\"https:\\\/\\\/gradido.net\\\/de\\\/#\\\/schema\\\/person\\\/9c503a004ad15a1ddecadce2218db5d1\",\"name\":\"Bernd H\u00fcckst\u00e4dt\",\"sameAs\":[\"https:\\\/\\\/gradido.net\"],\"url\":\"https:\\\/\\\/gradido.net\\\/sv\\\/author\\\/bernd\\\/\"}]}<\/script>\n<!-- \/ Yoast SEO plugin. -->","yoast_head_json":{"title":"Favoritstad 1 - Borgm\u00e4starens dj\u00e4rva plan - Gradido","description":"N\u00e4r det g\u00e4ller framtiden har Michael en dj\u00e4rv plan f\u00f6r att inf\u00f6ra Gradidos bel\u00f6ningssystem f\u00f6r samh\u00e4llsnyttiga insatser. Detta innovativa po\u00e4ngsystem bel\u00f6nar volont\u00e4rarbete med Gradido tackpo\u00e4ng och skapar en kultur av erk\u00e4nnande och uppskattning.","robots":{"index":"index","follow":"follow","max-snippet":"max-snippet:-1","max-image-preview":"max-image-preview:large","max-video-preview":"max-video-preview:-1"},"canonical":"https:\/\/gradido.net\/sv\/lieblingsstadt-1-des-buergermeisters-mutiger-plan\/","og_locale":"sv_SE","og_type":"article","og_title":"Lieblingsstadt 1 \u2013 Des B\u00fcrgermeisters mutiger Plan - Gradido","og_description":"Mit Blick auf die Zukunft hat Michael den mutigen Plan, das Gemeinwohl-Verg\u00fctungssystem Gradido einzuf\u00fchren. Dieses innovative Punkte-System honoriert ehrenamtliche Arbeit mit Gradido-Dankpunkten, wodurch eine Kultur der Anerkennung und Wertsch\u00e4tzung geschaffen wird.","og_url":"https:\/\/gradido.net\/sv\/lieblingsstadt-1-des-buergermeisters-mutiger-plan\/","og_site_name":"Gradido","article_published_time":"2023-08-14T13:31:18+00:00","article_modified_time":"2026-04-23T05:16:21+00:00","og_image":[{"width":1920,"height":1200,"url":"https:\/\/gradido.net\/wp-content\/uploads\/2023\/08\/Michael_1_1920.jpg","type":"image\/jpeg"}],"author":"Bernd H\u00fcckst\u00e4dt","twitter_card":"summary_large_image","twitter_misc":{"Skriven av":"Bernd H\u00fcckst\u00e4dt","Ber\u00e4knad l\u00e4stid":"3 minuter"},"schema":{"@context":"https:\/\/schema.org","@graph":[{"@type":"Article","@id":"https:\/\/gradido.net\/lieblingsstadt-1-des-buergermeisters-mutiger-plan\/#article","isPartOf":{"@id":"https:\/\/gradido.net\/lieblingsstadt-1-des-buergermeisters-mutiger-plan\/"},"author":{"name":"Bernd H\u00fcckst\u00e4dt","@id":"https:\/\/gradido.net\/de\/#\/schema\/person\/9c503a004ad15a1ddecadce2218db5d1"},"headline":"Lieblingsstadt 1 \u2013 Des B\u00fcrgermeisters mutiger Plan","datePublished":"2023-08-14T13:31:18+00:00","dateModified":"2026-04-23T05:16:21+00:00","mainEntityOfPage":{"@id":"https:\/\/gradido.net\/lieblingsstadt-1-des-buergermeisters-mutiger-plan\/"},"wordCount":476,"publisher":{"@id":"https:\/\/gradido.net\/de\/#organization"},"image":{"@id":"https:\/\/gradido.net\/lieblingsstadt-1-des-buergermeisters-mutiger-plan\/#primaryimage"},"thumbnailUrl":"https:\/\/gradido.net\/wp-content\/uploads\/2023\/08\/Michael_1_1920.jpg","articleSection":["Blog","Lieblingsstadt"],"inLanguage":"sv-SE"},{"@type":"WebPage","@id":"https:\/\/gradido.net\/lieblingsstadt-1-des-buergermeisters-mutiger-plan\/","url":"https:\/\/gradido.net\/lieblingsstadt-1-des-buergermeisters-mutiger-plan\/","name":"Favoritstad 1 - Borgm\u00e4starens dj\u00e4rva plan - Gradido","isPartOf":{"@id":"https:\/\/gradido.net\/de\/#website"},"primaryImageOfPage":{"@id":"https:\/\/gradido.net\/lieblingsstadt-1-des-buergermeisters-mutiger-plan\/#primaryimage"},"image":{"@id":"https:\/\/gradido.net\/lieblingsstadt-1-des-buergermeisters-mutiger-plan\/#primaryimage"},"thumbnailUrl":"https:\/\/gradido.net\/wp-content\/uploads\/2023\/08\/Michael_1_1920.jpg","datePublished":"2023-08-14T13:31:18+00:00","dateModified":"2026-04-23T05:16:21+00:00","description":"N\u00e4r det g\u00e4ller framtiden har Michael en dj\u00e4rv plan f\u00f6r att inf\u00f6ra Gradidos bel\u00f6ningssystem f\u00f6r samh\u00e4llsnyttiga insatser. Detta innovativa po\u00e4ngsystem bel\u00f6nar volont\u00e4rarbete med Gradido tackpo\u00e4ng och skapar en kultur av erk\u00e4nnande och uppskattning.","breadcrumb":{"@id":"https:\/\/gradido.net\/lieblingsstadt-1-des-buergermeisters-mutiger-plan\/#breadcrumb"},"inLanguage":"sv-SE","potentialAction":[{"@type":"ReadAction","target":["https:\/\/gradido.net\/lieblingsstadt-1-des-buergermeisters-mutiger-plan\/"]}]},{"@type":"ImageObject","inLanguage":"sv-SE","@id":"https:\/\/gradido.net\/lieblingsstadt-1-des-buergermeisters-mutiger-plan\/#primaryimage","url":"https:\/\/gradido.net\/wp-content\/uploads\/2023\/08\/Michael_1_1920.jpg","contentUrl":"https:\/\/gradido.net\/wp-content\/uploads\/2023\/08\/Michael_1_1920.jpg","width":1920,"height":1200},{"@type":"BreadcrumbList","@id":"https:\/\/gradido.net\/lieblingsstadt-1-des-buergermeisters-mutiger-plan\/#breadcrumb","itemListElement":[{"@type":"ListItem","position":1,"name":"Startseite","item":"https:\/\/gradido.net\/"},{"@type":"ListItem","position":2,"name":"Lieblingsstadt 1 \u2013 Des B\u00fcrgermeisters mutiger Plan"}]},{"@type":"WebSite","@id":"https:\/\/gradido.net\/de\/#website","url":"https:\/\/gradido.net\/de\/","name":"Gradido","description":"Den nya valutan \u00e4r tacksamhet","publisher":{"@id":"https:\/\/gradido.net\/de\/#organization"},"potentialAction":[{"@type":"SearchAction","target":{"@type":"EntryPoint","urlTemplate":"https:\/\/gradido.net\/de\/?s={search_term_string}"},"query-input":{"@type":"PropertyValueSpecification","valueRequired":true,"valueName":"search_term_string"}}],"inLanguage":"sv-SE"},{"@type":"Organization","@id":"https:\/\/gradido.net\/de\/#organization","name":"Gradido","url":"https:\/\/gradido.net\/de\/","logo":{"@type":"ImageObject","inLanguage":"sv-SE","@id":"https:\/\/gradido.net\/de\/#\/schema\/logo\/image\/","url":"https:\/\/gradido.net\/wp-content\/uploads\/2022\/04\/gradido-social.jpg","contentUrl":"https:\/\/gradido.net\/wp-content\/uploads\/2022\/04\/gradido-social.jpg","width":527,"height":273,"caption":"Gradido"},"image":{"@id":"https:\/\/gradido.net\/de\/#\/schema\/logo\/image\/"}},{"@type":"Person","@id":"https:\/\/gradido.net\/de\/#\/schema\/person\/9c503a004ad15a1ddecadce2218db5d1","name":"Bernd H\u00fcckst\u00e4dt","sameAs":["https:\/\/gradido.net"],"url":"https:\/\/gradido.net\/sv\/author\/bernd\/"}]}},"_links":{"self":[{"href":"https:\/\/gradido.net\/sv\/wp-json\/wp\/v2\/posts\/7125","targetHints":{"allow":["GET"]}}],"collection":[{"href":"https:\/\/gradido.net\/sv\/wp-json\/wp\/v2\/posts"}],"about":[{"href":"https:\/\/gradido.net\/sv\/wp-json\/wp\/v2\/types\/post"}],"author":[{"embeddable":true,"href":"https:\/\/gradido.net\/sv\/wp-json\/wp\/v2\/users\/2"}],"replies":[{"embeddable":true,"href":"https:\/\/gradido.net\/sv\/wp-json\/wp\/v2\/comments?post=7125"}],"version-history":[{"count":21,"href":"https:\/\/gradido.net\/sv\/wp-json\/wp\/v2\/posts\/7125\/revisions"}],"predecessor-version":[{"id":13549,"href":"https:\/\/gradido.net\/sv\/wp-json\/wp\/v2\/posts\/7125\/revisions\/13549"}],"wp:featuredmedia":[{"embeddable":true,"href":"https:\/\/gradido.net\/sv\/wp-json\/wp\/v2\/media\/7127"}],"wp:attachment":[{"href":"https:\/\/gradido.net\/sv\/wp-json\/wp\/v2\/media?parent=7125"}],"wp:term":[{"taxonomy":"category","embeddable":true,"href":"https:\/\/gradido.net\/sv\/wp-json\/wp\/v2\/categories?post=7125"},{"taxonomy":"post_tag","embeddable":true,"href":"https:\/\/gradido.net\/sv\/wp-json\/wp\/v2\/tags?post=7125"}],"curies":[{"name":"wp","href":"https:\/\/api.w.org\/{rel}","templated":true}]}}