{"id":7396,"date":"2023-08-28T06:51:11","date_gmt":"2023-08-28T04:51:11","guid":{"rendered":"https:\/\/gradido.net\/?p=7396"},"modified":"2026-04-23T07:10:40","modified_gmt":"2026-04-23T05:10:40","slug":"lieblingsstadt-8-rettung-des-staedtischen-krankenhauses","status":"publish","type":"post","link":"https:\/\/gradido.net\/sv\/lieblingsstadt-8-rettung-des-staedtischen-krankenhauses\/","title":{"rendered":"Favourite City 8 - R\u00e4dda stadens sjukhus"},"content":{"rendered":"<div data-elementor-type=\"wp-post\" data-elementor-id=\"7396\" class=\"elementor elementor-7396\" data-elementor-post-type=\"post\">\n\t\t\t\t\t\t<section class=\"elementor-section elementor-top-section elementor-element elementor-element-496e1d53 elementor-section-boxed elementor-section-height-default elementor-section-height-default\" data-id=\"496e1d53\" data-element_type=\"section\" data-e-type=\"section\">\n\t\t\t\t\t\t<div class=\"elementor-container elementor-column-gap-default\">\n\t\t\t\t\t<div class=\"elementor-column elementor-col-100 elementor-top-column elementor-element elementor-element-461d7be0\" data-id=\"461d7be0\" data-element_type=\"column\" data-e-type=\"column\">\n\t\t\t<div class=\"elementor-widget-wrap elementor-element-populated\">\n\t\t\t\t\t\t<div class=\"elementor-element elementor-element-cd9ebe2 elementor-widget elementor-widget-text-editor\" data-id=\"cd9ebe2\" data-element_type=\"widget\" data-e-type=\"widget\" data-widget_type=\"text-editor.default\">\n\t\t\t\t<div class=\"elementor-widget-container\">\n\t\t\t\t\t\t\t\t\t<p style=\"text-align: right;\"><em>\"H\u00e4lsa \u00e4r v\u00e5r mest v\u00e4rdefulla tillg\u00e5ng. Det \u00e4r d\u00e4rf\u00f6r vi nu tar den i egna h\u00e4nder. Lieblingsst\u00e4dter Ehrenamt-Klinik lyser som en f\u00f6rebild l\u00e5ngt utanf\u00f6r stadens gr\u00e4nser.\"<\/em><\/p>\n<p>K\u00e4ra l\u00e4sare,<\/p>\n<p>i favoritstaden var sjukhuset av central betydelse. Kliniken tillhandah\u00f6ll inte bara medicinsk v\u00e5rd till inv\u00e5narna, utan var ocks\u00e5 en viktig arbetsgivare i staden. Men som i s\u00e5 m\u00e5nga andra st\u00e4der ledde h\u00f6ga personalkostnader och dyr medicinsk utrustning till att klinikoperat\u00f6ren tvingades g\u00e5 i konkurs.<\/p>\t\t\t\t\t\t\t\t<\/div>\n\t\t\t\t<\/div>\n\t\t\t\t<div class=\"elementor-element elementor-element-b482206 elementor-widget elementor-widget-image\" data-id=\"b482206\" data-element_type=\"widget\" data-e-type=\"widget\" data-widget_type=\"image.default\">\n\t\t\t\t<div class=\"elementor-widget-container\">\n\t\t\t\t\t\t\t\t\t\t\t\t\t\t\t<img fetchpriority=\"high\" decoding=\"async\" width=\"500\" height=\"375\" src=\"https:\/\/gradido.net\/wp-content\/uploads\/2023\/08\/Konkurs_500.png\" class=\"attachment-full size-full wp-image-7403\" alt=\"\" srcset=\"https:\/\/gradido.net\/wp-content\/uploads\/2023\/08\/Konkurs_500.png 500w, https:\/\/gradido.net\/wp-content\/uploads\/2023\/08\/Konkurs_500-300x225.png 300w, https:\/\/gradido.net\/wp-content\/uploads\/2023\/08\/Konkurs_500-16x12.png 16w\" sizes=\"(max-width: 500px) 100vw, 500px\" \/>\t\t\t\t\t\t\t\t\t\t\t\t\t\t\t<\/div>\n\t\t\t\t<\/div>\n\t\t\t\t<div class=\"elementor-element elementor-element-c5e61d4 elementor-widget elementor-widget-text-editor\" data-id=\"c5e61d4\" data-element_type=\"widget\" data-e-type=\"widget\" data-widget_type=\"text-editor.default\">\n\t\t\t\t<div class=\"elementor-widget-container\">\n\t\t\t\t\t\t\t\t\t<p>St\u00e4ngningen av det viktiga stadssjukhuset l\u00e4mnade en stor lucka i h\u00e4lsov\u00e5rden f\u00f6r de mest popul\u00e4ra stadsborna. Patienterna fick resa l\u00e5nga str\u00e4ckor till avl\u00e4gsna specialistkliniker, d\u00e4r de ofta bara behandlades polikliniskt. Efter behandlingen fick de sedan klara sig sj\u00e4lva hemma.<\/p>\t\t\t\t\t\t\t\t<\/div>\n\t\t\t\t<\/div>\n\t\t\t\t<div class=\"elementor-element elementor-element-f223bb6 elementor-widget elementor-widget-image\" data-id=\"f223bb6\" data-element_type=\"widget\" data-e-type=\"widget\" data-widget_type=\"image.default\">\n\t\t\t\t<div class=\"elementor-widget-container\">\n\t\t\t\t\t\t\t\t\t\t\t\t\t\t\t<img decoding=\"async\" width=\"500\" height=\"312\" src=\"https:\/\/gradido.net\/wp-content\/uploads\/2023\/08\/Krankenwagen_500.jpg\" class=\"attachment-full size-full wp-image-7404\" alt=\"\" srcset=\"https:\/\/gradido.net\/wp-content\/uploads\/2023\/08\/Krankenwagen_500.jpg 500w, https:\/\/gradido.net\/wp-content\/uploads\/2023\/08\/Krankenwagen_500-300x187.jpg 300w, https:\/\/gradido.net\/wp-content\/uploads\/2023\/08\/Krankenwagen_500-18x12.jpg 18w\" sizes=\"(max-width: 500px) 100vw, 500px\" \/>\t\t\t\t\t\t\t\t\t\t\t\t\t\t\t<\/div>\n\t\t\t\t<\/div>\n\t\t\t\t<div class=\"elementor-element elementor-element-0499f3c elementor-widget elementor-widget-text-editor\" data-id=\"0499f3c\" data-element_type=\"widget\" data-e-type=\"widget\" data-widget_type=\"text-editor.default\">\n\t\t\t\t<div class=\"elementor-widget-container\">\n\t\t\t\t\t\t\t\t\t<p>I denna sv\u00e5ra situation sammankallar borgm\u00e4stare Michael Miteinand \u00e5terigen ett team av experter. Deras uppgift \u00e4r att ta fram en genomf\u00f6rbar l\u00f6sning f\u00f6r att r\u00e4dda sjukhuset och s\u00e4kerst\u00e4lla v\u00e5rden f\u00f6r inv\u00e5narna.<\/p><p>De framg\u00e5ngsrika r\u00e4ddningarna av skofabriken och bryggeriet tj\u00e4nar som f\u00f6rebild.\u00a0<\/p><p>Man har beslutat att utveckla en delvis volont\u00e4rbaserad verksamhetsmodell \u00e4ven f\u00f6r sjukhuset, med st\u00f6d av Gradidos ers\u00e4ttningssystem f\u00f6r volont\u00e4rer. Detta kommer att \u00e5teruppliva sjukhuset som en icke-vinstdrivande institution och driva det huvudsakligen med volont\u00e4rer.<\/p>\t\t\t\t\t\t\t\t<\/div>\n\t\t\t\t<\/div>\n\t\t\t\t<div class=\"elementor-element elementor-element-392458a elementor-widget elementor-widget-image\" data-id=\"392458a\" data-element_type=\"widget\" data-e-type=\"widget\" data-widget_type=\"image.default\">\n\t\t\t\t<div class=\"elementor-widget-container\">\n\t\t\t\t\t\t\t\t\t\t\t\t\t\t\t<img decoding=\"async\" width=\"500\" height=\"312\" src=\"https:\/\/gradido.net\/wp-content\/uploads\/2023\/08\/Gesundheitspersonal_500.jpg\" class=\"attachment-full size-full wp-image-7405\" alt=\"\" srcset=\"https:\/\/gradido.net\/wp-content\/uploads\/2023\/08\/Gesundheitspersonal_500.jpg 500w, https:\/\/gradido.net\/wp-content\/uploads\/2023\/08\/Gesundheitspersonal_500-300x187.jpg 300w, https:\/\/gradido.net\/wp-content\/uploads\/2023\/08\/Gesundheitspersonal_500-18x12.jpg 18w\" sizes=\"(max-width: 500px) 100vw, 500px\" \/>\t\t\t\t\t\t\t\t\t\t\t\t\t\t\t<\/div>\n\t\t\t\t<\/div>\n\t\t\t\t<div class=\"elementor-element elementor-element-8fcbf61 elementor-widget elementor-widget-text-editor\" data-id=\"8fcbf61\" data-element_type=\"widget\" data-e-type=\"widget\" data-widget_type=\"text-editor.default\">\n\t\t\t\t<div class=\"elementor-widget-container\">\n\t\t\t\t\t\t\t\t\t<p>Engagerade l\u00e4kare deltar i detta innovativa projekt. I utbyte mot sitt volont\u00e4rarbete f\u00e5r de tillg\u00e5ng till klinikrum och medicinsk utrustning.<\/p>\t\t\t\t\t\t\t\t<\/div>\n\t\t\t\t<\/div>\n\t\t\t\t<div class=\"elementor-element elementor-element-5e2ead6 elementor-widget elementor-widget-image\" data-id=\"5e2ead6\" data-element_type=\"widget\" data-e-type=\"widget\" data-widget_type=\"image.default\">\n\t\t\t\t<div class=\"elementor-widget-container\">\n\t\t\t\t\t\t\t\t\t\t\t\t\t\t\t<img loading=\"lazy\" decoding=\"async\" width=\"500\" height=\"312\" src=\"https:\/\/gradido.net\/wp-content\/uploads\/2023\/08\/A\u0308rztin_Herz_500.jpg\" class=\"attachment-full size-full wp-image-7406\" alt=\"\" srcset=\"https:\/\/gradido.net\/wp-content\/uploads\/2023\/08\/A\u0308rztin_Herz_500.jpg 500w, https:\/\/gradido.net\/wp-content\/uploads\/2023\/08\/A\u0308rztin_Herz_500-300x187.jpg 300w, https:\/\/gradido.net\/wp-content\/uploads\/2023\/08\/A\u0308rztin_Herz_500-18x12.jpg 18w\" sizes=\"(max-width: 500px) 100vw, 500px\" \/>\t\t\t\t\t\t\t\t\t\t\t\t\t\t\t<\/div>\n\t\t\t\t<\/div>\n\t\t\t\t<div class=\"elementor-element elementor-element-5043a2c elementor-widget elementor-widget-text-editor\" data-id=\"5043a2c\" data-element_type=\"widget\" data-e-type=\"widget\" data-widget_type=\"text-editor.default\">\n\t\t\t\t<div class=\"elementor-widget-container\">\n\t\t\t\t\t\t\t\t\t<p>K\u00f6ket drivs av lokala cateringfirmor som levererar varm mat varje dag. Frukost och middag tillagas av volont\u00e4rer. En stor del av den ekologiska maten kommer fr\u00e5n Lieblingsstadts frivilligdrivna solidaritetsjordbruk, som vi kommer att rapportera om senare.<\/p>\t\t\t\t\t\t\t\t<\/div>\n\t\t\t\t<\/div>\n\t\t\t\t<div class=\"elementor-element elementor-element-7645971 elementor-widget elementor-widget-image\" data-id=\"7645971\" data-element_type=\"widget\" data-e-type=\"widget\" data-widget_type=\"image.default\">\n\t\t\t\t<div class=\"elementor-widget-container\">\n\t\t\t\t\t\t\t\t\t\t\t\t\t\t\t<img loading=\"lazy\" decoding=\"async\" width=\"500\" height=\"281\" src=\"https:\/\/gradido.net\/wp-content\/uploads\/2023\/08\/Ku\u0308che_500.jpg\" class=\"attachment-full size-full wp-image-7407\" alt=\"\" srcset=\"https:\/\/gradido.net\/wp-content\/uploads\/2023\/08\/Ku\u0308che_500.jpg 500w, https:\/\/gradido.net\/wp-content\/uploads\/2023\/08\/Ku\u0308che_500-300x169.jpg 300w, https:\/\/gradido.net\/wp-content\/uploads\/2023\/08\/Ku\u0308che_500-18x10.jpg 18w\" sizes=\"(max-width: 500px) 100vw, 500px\" \/>\t\t\t\t\t\t\t\t\t\t\t\t\t\t\t<\/div>\n\t\t\t\t<\/div>\n\t\t\t\t<div class=\"elementor-element elementor-element-5684ae1 elementor-widget elementor-widget-text-editor\" data-id=\"5684ae1\" data-element_type=\"widget\" data-e-type=\"widget\" data-widget_type=\"text-editor.default\">\n\t\t\t\t<div class=\"elementor-widget-container\">\n\t\t\t\t\t\t\t\t\t<p>Som alltid bel\u00f6nas det frivilliga arbetet med 20 Gradido tackpo\u00e4ng per timme, som i sin tur kan v\u00e4xlas in mot m\u00e5nga gener\u00f6sa rabatter och f\u00f6rm\u00e5ner.<\/p><p>En annan bra aspekt av samh\u00e4llsinitiativet \u00e4r att patienter och deras anh\u00f6riga \u00e4r delaktiga i v\u00e5rdprocessen - fr\u00e5n att ta med egna s\u00e4ngkl\u00e4der till att organisera m\u00e5ltider f\u00f6r sig sj\u00e4lva och i allt h\u00f6gre grad f\u00f6r medpatienter.<\/p><p>Trots alla dessa f\u00f6r\u00e4ndringar har patienternas h\u00e4lsa alltid h\u00f6gsta prioritet. Det \u00e4r d\u00e4rf\u00f6r vi samarbetar med andra kliniker i omr\u00e5det och med frivilligdrivna transporttj\u00e4nster.<\/p><p>Denna modell har inte bara lett till att sjukhuset har \u00f6ppnats igen och att befolkningen i Lieblingsstadt nu kan f\u00e5 tillg\u00e5ng till grundl\u00e4ggande h\u00e4lso- och sjukv\u00e5rdstj\u00e4nster - den skapar ocks\u00e5 en ny k\u00e4nsla av gemenskap bland inv\u00e5narna. De har knutit nya band genom att \u00f6msesidigt ge och ta emot till nytta f\u00f6r alla.<\/p>\t\t\t\t\t\t\t\t<\/div>\n\t\t\t\t<\/div>\n\t\t\t\t<div class=\"elementor-element elementor-element-e858257 elementor-widget-divider--view-line elementor-widget elementor-widget-divider\" data-id=\"e858257\" data-element_type=\"widget\" data-e-type=\"widget\" data-widget_type=\"divider.default\">\n\t\t\t\t<div class=\"elementor-widget-container\">\n\t\t\t\t\t\t\t<div class=\"elementor-divider\">\n\t\t\t<span class=\"elementor-divider-separator\">\n\t\t\t\t\t\t<\/span>\n\t\t<\/div>\n\t\t\t\t\t\t<\/div>\n\t\t\t\t<\/div>\n\t\t\t\t<div class=\"elementor-element elementor-element-d74dfa0 elementor-widget elementor-widget-text-editor\" data-id=\"d74dfa0\" data-element_type=\"widget\" data-e-type=\"widget\" data-widget_type=\"text-editor.default\">\n\t\t\t\t<div class=\"elementor-widget-container\">\n\t\t\t\t\t\t\t\t\t<div data-pm-slice=\"1 1 []\" data-en-clipboard=\"true\"><p>I v\u00e5rt \u00e5ttonde avsnitt av den popul\u00e4ra serien <strong>\"Gradido i favoritstaden\" <\/strong>f\u00e5r vi veta hur favoritstadsborna till och med r\u00e4ddar sitt kommunala sjukhus. Detta \u00e4r m\u00f6jligt tack vare ett exemplariskt samarbete mellan inv\u00e5narna, till stor del p\u00e5 frivillig basis. Med hj\u00e4lp av det frivilliga ers\u00e4ttningssystemet \"Gradido\" ers\u00e4tts det frivilliga arbetet med 20 Gradido per timme. Det finns m\u00e5nga f\u00f6rm\u00e5ner och rabatter f\u00f6r Gradidos. Dessutom finns det ett livligt utbyte mellan medborgarna. Detta minskar levnadskostnaderna f\u00f6r alla inblandade.\u00a0<\/p><p><strong>Vidarebefordra g\u00e4rna denna serie till din kommunstyrelse, f\u00f6reningar och n\u00e4ringsidkare!<\/strong><\/p><p>Om vi inte g\u00f6r n\u00e5got kommer de stora att forts\u00e4tta att \u00e4ta upp de sm\u00e5, medelklassen kommer att g\u00e5 i konkurs och v\u00e5r h\u00e4lso- och sjukv\u00e5rd kommer att bli allt s\u00e4mre.<\/p><p>Med Gradido har vi ett effektivt verktyg f\u00f6r positiv h\u00e5llbar framtidsdesign i v\u00e5ra h\u00e4nder. Tillsammans f\u00f6rvandlar vi v\u00e5ra st\u00e4der och t\u00e4torter till levande och blomstrande oaser - v\u00e5ra favoritplatser!<\/p><p>Med v\u00e4nliga h\u00e4lsningar<\/p><\/div><p>Din<\/p><p><img loading=\"lazy\" decoding=\"async\" class=\"alignnone wp-image-4614 size-medium\" src=\"https:\/\/gradido.net\/wp-content\/uploads\/2022\/06\/MargretBernd_2022-300x74.png\" alt=\"\" width=\"300\" height=\"74\" srcset=\"https:\/\/gradido.net\/wp-content\/uploads\/2022\/06\/MargretBernd_2022-300x74.png 300w, https:\/\/gradido.net\/wp-content\/uploads\/2022\/06\/MargretBernd_2022-18x4.png 18w, https:\/\/gradido.net\/wp-content\/uploads\/2022\/06\/MargretBernd_2022.png 431w\" sizes=\"(max-width: 300px) 100vw, 300px\" \/><\/p><p>Margret Baier och Bernd H\u00fcckst\u00e4dt<br \/>Gradidos grundare och utvecklare<\/p>\t\t\t\t\t\t\t\t<\/div>\n\t\t\t\t<\/div>\n\t\t\t\t\t<\/div>\n\t\t<\/div>\n\t\t\t\t\t<\/div>\n\t\t<\/section>\n\t\t\t\t<section class=\"elementor-section elementor-top-section elementor-element elementor-element-587d816 elementor-section-boxed elementor-section-height-default elementor-section-height-default\" data-id=\"587d816\" data-element_type=\"section\" data-e-type=\"section\">\n\t\t\t\t\t\t<div class=\"elementor-container elementor-column-gap-default\">\n\t\t\t\t\t<div class=\"elementor-column elementor-col-100 elementor-top-column elementor-element elementor-element-973dda4\" data-id=\"973dda4\" data-element_type=\"column\" data-e-type=\"column\">\n\t\t\t<div class=\"elementor-widget-wrap elementor-element-populated\">\n\t\t\t\t\t\t<div class=\"elementor-element elementor-element-95f3110 elementor-position-inline-start white-links elementor-widget__width-initial elementor-view-default elementor-mobile-position-block-start elementor-widget elementor-widget-icon-box\" data-id=\"95f3110\" data-element_type=\"widget\" data-e-type=\"widget\" data-no-translation=\"\" data-widget_type=\"icon-box.default\">\n\t\t\t\t<div class=\"elementor-widget-container\">\n\t\t\t\t\t<style>.elementor-element-95f3110{display:none !important}<\/style>\t\t\t\t<\/div>\n\t\t\t\t<\/div>\n\t\t\t\t\t<\/div>\n\t\t<\/div>\n\t\t\t\t\t<\/div>\n\t\t<\/section>\n\t\t\t\t<section class=\"elementor-section elementor-top-section elementor-element elementor-element-14532fe elementor-section-boxed elementor-section-height-default elementor-section-height-default\" data-id=\"14532fe\" data-element_type=\"section\" data-e-type=\"section\">\n\t\t\t\t\t\t<div class=\"elementor-container elementor-column-gap-default\">\n\t\t\t\t\t<div class=\"elementor-column elementor-col-100 elementor-top-column elementor-element elementor-element-65d2298\" data-id=\"65d2298\" data-element_type=\"column\" data-e-type=\"column\">\n\t\t\t<div class=\"elementor-widget-wrap elementor-element-populated\">\n\t\t\t\t\t\t<div class=\"elementor-element elementor-element-1aaad01 elementor-widget elementor-widget-global elementor-global-9341 elementor-widget-text-editor\" data-id=\"1aaad01\" data-element_type=\"widget\" data-e-type=\"widget\" data-widget_type=\"text-editor.default\">\n\t\t\t\t<div class=\"elementor-widget-container\">\n\t\t\t\t\t\t\t\t\t<p><strong>PS:\u00a0<span style=\"color: #ff6600;\"><a style=\"color: #ff6600;\" href=\"https:\/\/gradido.net\/sv\/donations\/\">P\u00e5 grund av Gradidos st\u00e4ndigt \u00f6kande betydelse upprepar vi v\u00e5r tacksamhetskampanj den 26 juni 2026:<\/a>\u00a0<\/span><span style=\"color: #0000ff;\"><a style=\"color: #0000ff;\" href=\"https:\/\/gradido.net\/sv\/donations\/\">F\u00f6rutom den multipla GradidoTransform f\u00f6r ditt sponsorbidrag, kommer vi att \u00f6ka alla GDT-kontosaldon med 26% den 26\/06\/2016. Sponsra nu och njut av det multipla beloppet av GDT!<\/a><\/span><\/strong><\/p>\t\t\t\t\t\t\t\t<\/div>\n\t\t\t\t<\/div>\n\t\t\t\t\t<\/div>\n\t\t<\/div>\n\t\t\t\t\t<\/div>\n\t\t<\/section>\n\t\t\t\t<\/div>","protected":false},"excerpt":{"rendered":"<p>Lieblingstadt-kliniken tillhandah\u00f6ll inte bara medicinsk v\u00e5rd till inv\u00e5narna, utan var ocks\u00e5 en viktig arbetsgivare. H\u00f6ga personalkostnader och dyr medicinsk utrustning ledde till att klinikoperat\u00f6ren var tvungen att ans\u00f6ka om konkurs. Men inv\u00e5narna i Lieblingstadt hittade en l\u00f6sning.<\/p>","protected":false},"author":2,"featured_media":7398,"comment_status":"closed","ping_status":"closed","sticky":false,"template":"","format":"standard","meta":{"footnotes":""},"categories":[11,53],"tags":[],"class_list":["post-7396","post","type-post","status-publish","format-standard","has-post-thumbnail","hentry","category-blog","category-lieblingsstadt"],"yoast_head":"<!-- This site is optimized with the Yoast SEO plugin v27.5 - https:\/\/yoast.com\/product\/yoast-seo-wordpress\/ -->\n<title>Lieblingsstadt 8 \u2013 Rettung des st\u00e4dtischen Krankenhauses - Gradido<\/title>\n<meta name=\"description\" content=\"Die Lieblingst\u00e4dter Klinik versorgte die Einwohner nicht nur medizinisch, sondern war auch ein wichtiger Arbeitgeber. Hohe Personalkosten und teure medizinische Ger\u00e4te f\u00fchrten dazu, dass der Klinikbetreiber Konkurs anmelden musste. Doch die Lieblingsst\u00e4dter finden eine L\u00f6sung.\" \/>\n<meta name=\"robots\" content=\"index, follow, max-snippet:-1, max-image-preview:large, max-video-preview:-1\" \/>\n<link rel=\"canonical\" href=\"https:\/\/gradido.net\/sv\/lieblingsstadt-8-rettung-des-staedtischen-krankenhauses\/\" \/>\n<meta property=\"og:locale\" content=\"sv_SE\" \/>\n<meta property=\"og:type\" content=\"article\" \/>\n<meta property=\"og:title\" content=\"Lieblingsstadt 8 \u2013 Rettung des st\u00e4dtischen Krankenhauses - Gradido\" \/>\n<meta property=\"og:description\" content=\"Die Lieblingst\u00e4dter Klinik versorgte die Einwohner nicht nur medizinisch, sondern war auch ein wichtiger Arbeitgeber. Hohe Personalkosten und teure medizinische Ger\u00e4te f\u00fchrten dazu, dass der Klinikbetreiber Konkurs anmelden musste. Doch die Lieblingsst\u00e4dter finden eine L\u00f6sung.\" \/>\n<meta property=\"og:url\" content=\"https:\/\/gradido.net\/sv\/lieblingsstadt-8-rettung-des-staedtischen-krankenhauses\/\" \/>\n<meta property=\"og:site_name\" content=\"Gradido\" \/>\n<meta property=\"article:published_time\" content=\"2023-08-28T04:51:11+00:00\" \/>\n<meta property=\"article:modified_time\" content=\"2026-04-23T05:10:40+00:00\" \/>\n<meta property=\"og:image\" content=\"https:\/\/gradido.net\/wp-content\/uploads\/2023\/08\/Klinik_1920.jpg\" \/>\n\t<meta property=\"og:image:width\" content=\"1920\" \/>\n\t<meta property=\"og:image:height\" content=\"1300\" \/>\n\t<meta property=\"og:image:type\" content=\"image\/jpeg\" \/>\n<meta name=\"author\" content=\"Bernd H\u00fcckst\u00e4dt\" \/>\n<meta name=\"twitter:card\" content=\"summary_large_image\" \/>\n<meta name=\"twitter:label1\" content=\"Skriven av\" \/>\n\t<meta name=\"twitter:data1\" content=\"Bernd H\u00fcckst\u00e4dt\" \/>\n\t<meta name=\"twitter:label2\" content=\"Ber\u00e4knad l\u00e4stid\" \/>\n\t<meta name=\"twitter:data2\" content=\"5 minuter\" \/>\n<script type=\"application\/ld+json\" class=\"yoast-schema-graph\">{\"@context\":\"https:\\\/\\\/schema.org\",\"@graph\":[{\"@type\":\"Article\",\"@id\":\"https:\\\/\\\/gradido.net\\\/lieblingsstadt-8-rettung-des-staedtischen-krankenhauses\\\/#article\",\"isPartOf\":{\"@id\":\"https:\\\/\\\/gradido.net\\\/lieblingsstadt-8-rettung-des-staedtischen-krankenhauses\\\/\"},\"author\":{\"name\":\"Bernd H\u00fcckst\u00e4dt\",\"@id\":\"https:\\\/\\\/gradido.net\\\/de\\\/#\\\/schema\\\/person\\\/9c503a004ad15a1ddecadce2218db5d1\"},\"headline\":\"Lieblingsstadt 8 \u2013 Rettung des st\u00e4dtischen Krankenhauses\",\"datePublished\":\"2023-08-28T04:51:11+00:00\",\"dateModified\":\"2026-04-23T05:10:40+00:00\",\"mainEntityOfPage\":{\"@id\":\"https:\\\/\\\/gradido.net\\\/lieblingsstadt-8-rettung-des-staedtischen-krankenhauses\\\/\"},\"wordCount\":658,\"publisher\":{\"@id\":\"https:\\\/\\\/gradido.net\\\/de\\\/#organization\"},\"image\":{\"@id\":\"https:\\\/\\\/gradido.net\\\/lieblingsstadt-8-rettung-des-staedtischen-krankenhauses\\\/#primaryimage\"},\"thumbnailUrl\":\"https:\\\/\\\/gradido.net\\\/wp-content\\\/uploads\\\/2023\\\/08\\\/Klinik_1920.jpg\",\"articleSection\":[\"Blog\",\"Lieblingsstadt\"],\"inLanguage\":\"sv-SE\"},{\"@type\":\"WebPage\",\"@id\":\"https:\\\/\\\/gradido.net\\\/lieblingsstadt-8-rettung-des-staedtischen-krankenhauses\\\/\",\"url\":\"https:\\\/\\\/gradido.net\\\/lieblingsstadt-8-rettung-des-staedtischen-krankenhauses\\\/\",\"name\":\"Lieblingsstadt 8 \u2013 Rettung des st\u00e4dtischen Krankenhauses - Gradido\",\"isPartOf\":{\"@id\":\"https:\\\/\\\/gradido.net\\\/de\\\/#website\"},\"primaryImageOfPage\":{\"@id\":\"https:\\\/\\\/gradido.net\\\/lieblingsstadt-8-rettung-des-staedtischen-krankenhauses\\\/#primaryimage\"},\"image\":{\"@id\":\"https:\\\/\\\/gradido.net\\\/lieblingsstadt-8-rettung-des-staedtischen-krankenhauses\\\/#primaryimage\"},\"thumbnailUrl\":\"https:\\\/\\\/gradido.net\\\/wp-content\\\/uploads\\\/2023\\\/08\\\/Klinik_1920.jpg\",\"datePublished\":\"2023-08-28T04:51:11+00:00\",\"dateModified\":\"2026-04-23T05:10:40+00:00\",\"description\":\"Die Lieblingst\u00e4dter Klinik versorgte die Einwohner nicht nur medizinisch, sondern war auch ein wichtiger Arbeitgeber. Hohe Personalkosten und teure medizinische Ger\u00e4te f\u00fchrten dazu, dass der Klinikbetreiber Konkurs anmelden musste. Doch die Lieblingsst\u00e4dter finden eine L\u00f6sung.\",\"breadcrumb\":{\"@id\":\"https:\\\/\\\/gradido.net\\\/lieblingsstadt-8-rettung-des-staedtischen-krankenhauses\\\/#breadcrumb\"},\"inLanguage\":\"sv-SE\",\"potentialAction\":[{\"@type\":\"ReadAction\",\"target\":[\"https:\\\/\\\/gradido.net\\\/lieblingsstadt-8-rettung-des-staedtischen-krankenhauses\\\/\"]}]},{\"@type\":\"ImageObject\",\"inLanguage\":\"sv-SE\",\"@id\":\"https:\\\/\\\/gradido.net\\\/lieblingsstadt-8-rettung-des-staedtischen-krankenhauses\\\/#primaryimage\",\"url\":\"https:\\\/\\\/gradido.net\\\/wp-content\\\/uploads\\\/2023\\\/08\\\/Klinik_1920.jpg\",\"contentUrl\":\"https:\\\/\\\/gradido.net\\\/wp-content\\\/uploads\\\/2023\\\/08\\\/Klinik_1920.jpg\",\"width\":1920,\"height\":1300},{\"@type\":\"BreadcrumbList\",\"@id\":\"https:\\\/\\\/gradido.net\\\/lieblingsstadt-8-rettung-des-staedtischen-krankenhauses\\\/#breadcrumb\",\"itemListElement\":[{\"@type\":\"ListItem\",\"position\":1,\"name\":\"Startseite\",\"item\":\"https:\\\/\\\/gradido.net\\\/\"},{\"@type\":\"ListItem\",\"position\":2,\"name\":\"Lieblingsstadt 8 \u2013 Rettung des st\u00e4dtischen Krankenhauses\"}]},{\"@type\":\"WebSite\",\"@id\":\"https:\\\/\\\/gradido.net\\\/de\\\/#website\",\"url\":\"https:\\\/\\\/gradido.net\\\/de\\\/\",\"name\":\"Gradido\",\"description\":\"Die neue W\u00e4hrung hei\u00dft Dankbarkeit\",\"publisher\":{\"@id\":\"https:\\\/\\\/gradido.net\\\/de\\\/#organization\"},\"potentialAction\":[{\"@type\":\"SearchAction\",\"target\":{\"@type\":\"EntryPoint\",\"urlTemplate\":\"https:\\\/\\\/gradido.net\\\/de\\\/?s={search_term_string}\"},\"query-input\":{\"@type\":\"PropertyValueSpecification\",\"valueRequired\":true,\"valueName\":\"search_term_string\"}}],\"inLanguage\":\"sv-SE\"},{\"@type\":\"Organization\",\"@id\":\"https:\\\/\\\/gradido.net\\\/de\\\/#organization\",\"name\":\"Gradido\",\"url\":\"https:\\\/\\\/gradido.net\\\/de\\\/\",\"logo\":{\"@type\":\"ImageObject\",\"inLanguage\":\"sv-SE\",\"@id\":\"https:\\\/\\\/gradido.net\\\/de\\\/#\\\/schema\\\/logo\\\/image\\\/\",\"url\":\"https:\\\/\\\/gradido.net\\\/wp-content\\\/uploads\\\/2022\\\/04\\\/gradido-social.jpg\",\"contentUrl\":\"https:\\\/\\\/gradido.net\\\/wp-content\\\/uploads\\\/2022\\\/04\\\/gradido-social.jpg\",\"width\":527,\"height\":273,\"caption\":\"Gradido\"},\"image\":{\"@id\":\"https:\\\/\\\/gradido.net\\\/de\\\/#\\\/schema\\\/logo\\\/image\\\/\"}},{\"@type\":\"Person\",\"@id\":\"https:\\\/\\\/gradido.net\\\/de\\\/#\\\/schema\\\/person\\\/9c503a004ad15a1ddecadce2218db5d1\",\"name\":\"Bernd H\u00fcckst\u00e4dt\",\"sameAs\":[\"https:\\\/\\\/gradido.net\"],\"url\":\"https:\\\/\\\/gradido.net\\\/sv\\\/author\\\/bernd\\\/\"}]}<\/script>\n<!-- \/ Yoast SEO plugin. -->","yoast_head_json":{"title":"Favourite City 8 - R\u00e4dda stadens sjukhus - Gradido","description":"Lieblingstadt-kliniken tillhandah\u00f6ll inte bara medicinsk v\u00e5rd till inv\u00e5narna, utan var ocks\u00e5 en viktig arbetsgivare. H\u00f6ga personalkostnader och dyr medicinsk utrustning ledde till att klinikoperat\u00f6ren var tvungen att ans\u00f6ka om konkurs. Men inv\u00e5narna i Lieblingstadt hittade en l\u00f6sning.","robots":{"index":"index","follow":"follow","max-snippet":"max-snippet:-1","max-image-preview":"max-image-preview:large","max-video-preview":"max-video-preview:-1"},"canonical":"https:\/\/gradido.net\/sv\/lieblingsstadt-8-rettung-des-staedtischen-krankenhauses\/","og_locale":"sv_SE","og_type":"article","og_title":"Lieblingsstadt 8 \u2013 Rettung des st\u00e4dtischen Krankenhauses - Gradido","og_description":"Die Lieblingst\u00e4dter Klinik versorgte die Einwohner nicht nur medizinisch, sondern war auch ein wichtiger Arbeitgeber. Hohe Personalkosten und teure medizinische Ger\u00e4te f\u00fchrten dazu, dass der Klinikbetreiber Konkurs anmelden musste. Doch die Lieblingsst\u00e4dter finden eine L\u00f6sung.","og_url":"https:\/\/gradido.net\/sv\/lieblingsstadt-8-rettung-des-staedtischen-krankenhauses\/","og_site_name":"Gradido","article_published_time":"2023-08-28T04:51:11+00:00","article_modified_time":"2026-04-23T05:10:40+00:00","og_image":[{"width":1920,"height":1300,"url":"https:\/\/gradido.net\/wp-content\/uploads\/2023\/08\/Klinik_1920.jpg","type":"image\/jpeg"}],"author":"Bernd H\u00fcckst\u00e4dt","twitter_card":"summary_large_image","twitter_misc":{"Skriven av":"Bernd H\u00fcckst\u00e4dt","Ber\u00e4knad l\u00e4stid":"5 minuter"},"schema":{"@context":"https:\/\/schema.org","@graph":[{"@type":"Article","@id":"https:\/\/gradido.net\/lieblingsstadt-8-rettung-des-staedtischen-krankenhauses\/#article","isPartOf":{"@id":"https:\/\/gradido.net\/lieblingsstadt-8-rettung-des-staedtischen-krankenhauses\/"},"author":{"name":"Bernd H\u00fcckst\u00e4dt","@id":"https:\/\/gradido.net\/de\/#\/schema\/person\/9c503a004ad15a1ddecadce2218db5d1"},"headline":"Lieblingsstadt 8 \u2013 Rettung des st\u00e4dtischen Krankenhauses","datePublished":"2023-08-28T04:51:11+00:00","dateModified":"2026-04-23T05:10:40+00:00","mainEntityOfPage":{"@id":"https:\/\/gradido.net\/lieblingsstadt-8-rettung-des-staedtischen-krankenhauses\/"},"wordCount":658,"publisher":{"@id":"https:\/\/gradido.net\/de\/#organization"},"image":{"@id":"https:\/\/gradido.net\/lieblingsstadt-8-rettung-des-staedtischen-krankenhauses\/#primaryimage"},"thumbnailUrl":"https:\/\/gradido.net\/wp-content\/uploads\/2023\/08\/Klinik_1920.jpg","articleSection":["Blog","Lieblingsstadt"],"inLanguage":"sv-SE"},{"@type":"WebPage","@id":"https:\/\/gradido.net\/lieblingsstadt-8-rettung-des-staedtischen-krankenhauses\/","url":"https:\/\/gradido.net\/lieblingsstadt-8-rettung-des-staedtischen-krankenhauses\/","name":"Favourite City 8 - R\u00e4dda stadens sjukhus - Gradido","isPartOf":{"@id":"https:\/\/gradido.net\/de\/#website"},"primaryImageOfPage":{"@id":"https:\/\/gradido.net\/lieblingsstadt-8-rettung-des-staedtischen-krankenhauses\/#primaryimage"},"image":{"@id":"https:\/\/gradido.net\/lieblingsstadt-8-rettung-des-staedtischen-krankenhauses\/#primaryimage"},"thumbnailUrl":"https:\/\/gradido.net\/wp-content\/uploads\/2023\/08\/Klinik_1920.jpg","datePublished":"2023-08-28T04:51:11+00:00","dateModified":"2026-04-23T05:10:40+00:00","description":"Lieblingstadt-kliniken tillhandah\u00f6ll inte bara medicinsk v\u00e5rd till inv\u00e5narna, utan var ocks\u00e5 en viktig arbetsgivare. H\u00f6ga personalkostnader och dyr medicinsk utrustning ledde till att klinikoperat\u00f6ren var tvungen att ans\u00f6ka om konkurs. Men inv\u00e5narna i Lieblingstadt hittade en l\u00f6sning.","breadcrumb":{"@id":"https:\/\/gradido.net\/lieblingsstadt-8-rettung-des-staedtischen-krankenhauses\/#breadcrumb"},"inLanguage":"sv-SE","potentialAction":[{"@type":"ReadAction","target":["https:\/\/gradido.net\/lieblingsstadt-8-rettung-des-staedtischen-krankenhauses\/"]}]},{"@type":"ImageObject","inLanguage":"sv-SE","@id":"https:\/\/gradido.net\/lieblingsstadt-8-rettung-des-staedtischen-krankenhauses\/#primaryimage","url":"https:\/\/gradido.net\/wp-content\/uploads\/2023\/08\/Klinik_1920.jpg","contentUrl":"https:\/\/gradido.net\/wp-content\/uploads\/2023\/08\/Klinik_1920.jpg","width":1920,"height":1300},{"@type":"BreadcrumbList","@id":"https:\/\/gradido.net\/lieblingsstadt-8-rettung-des-staedtischen-krankenhauses\/#breadcrumb","itemListElement":[{"@type":"ListItem","position":1,"name":"Startseite","item":"https:\/\/gradido.net\/"},{"@type":"ListItem","position":2,"name":"Lieblingsstadt 8 \u2013 Rettung des st\u00e4dtischen Krankenhauses"}]},{"@type":"WebSite","@id":"https:\/\/gradido.net\/de\/#website","url":"https:\/\/gradido.net\/de\/","name":"Gradido","description":"Den nya valutan \u00e4r tacksamhet","publisher":{"@id":"https:\/\/gradido.net\/de\/#organization"},"potentialAction":[{"@type":"SearchAction","target":{"@type":"EntryPoint","urlTemplate":"https:\/\/gradido.net\/de\/?s={search_term_string}"},"query-input":{"@type":"PropertyValueSpecification","valueRequired":true,"valueName":"search_term_string"}}],"inLanguage":"sv-SE"},{"@type":"Organization","@id":"https:\/\/gradido.net\/de\/#organization","name":"Gradido","url":"https:\/\/gradido.net\/de\/","logo":{"@type":"ImageObject","inLanguage":"sv-SE","@id":"https:\/\/gradido.net\/de\/#\/schema\/logo\/image\/","url":"https:\/\/gradido.net\/wp-content\/uploads\/2022\/04\/gradido-social.jpg","contentUrl":"https:\/\/gradido.net\/wp-content\/uploads\/2022\/04\/gradido-social.jpg","width":527,"height":273,"caption":"Gradido"},"image":{"@id":"https:\/\/gradido.net\/de\/#\/schema\/logo\/image\/"}},{"@type":"Person","@id":"https:\/\/gradido.net\/de\/#\/schema\/person\/9c503a004ad15a1ddecadce2218db5d1","name":"Bernd H\u00fcckst\u00e4dt","sameAs":["https:\/\/gradido.net"],"url":"https:\/\/gradido.net\/sv\/author\/bernd\/"}]}},"_links":{"self":[{"href":"https:\/\/gradido.net\/sv\/wp-json\/wp\/v2\/posts\/7396","targetHints":{"allow":["GET"]}}],"collection":[{"href":"https:\/\/gradido.net\/sv\/wp-json\/wp\/v2\/posts"}],"about":[{"href":"https:\/\/gradido.net\/sv\/wp-json\/wp\/v2\/types\/post"}],"author":[{"embeddable":true,"href":"https:\/\/gradido.net\/sv\/wp-json\/wp\/v2\/users\/2"}],"replies":[{"embeddable":true,"href":"https:\/\/gradido.net\/sv\/wp-json\/wp\/v2\/comments?post=7396"}],"version-history":[{"count":49,"href":"https:\/\/gradido.net\/sv\/wp-json\/wp\/v2\/posts\/7396\/revisions"}],"predecessor-version":[{"id":13542,"href":"https:\/\/gradido.net\/sv\/wp-json\/wp\/v2\/posts\/7396\/revisions\/13542"}],"wp:featuredmedia":[{"embeddable":true,"href":"https:\/\/gradido.net\/sv\/wp-json\/wp\/v2\/media\/7398"}],"wp:attachment":[{"href":"https:\/\/gradido.net\/sv\/wp-json\/wp\/v2\/media?parent=7396"}],"wp:term":[{"taxonomy":"category","embeddable":true,"href":"https:\/\/gradido.net\/sv\/wp-json\/wp\/v2\/categories?post=7396"},{"taxonomy":"post_tag","embeddable":true,"href":"https:\/\/gradido.net\/sv\/wp-json\/wp\/v2\/tags?post=7396"}],"curies":[{"name":"wp","href":"https:\/\/api.w.org\/{rel}","templated":true}]}}