{"id":7478,"date":"2023-09-03T07:06:58","date_gmt":"2023-09-03T05:06:58","guid":{"rendered":"https:\/\/gradido.net\/?p=7478"},"modified":"2026-04-23T07:09:20","modified_gmt":"2026-04-23T05:09:20","slug":"lieblingsstadt-10-die-stadt-wird-wieder-sicher","status":"publish","type":"post","link":"https:\/\/gradido.net\/sv\/lieblingsstadt-10-die-stadt-wird-wieder-sicher\/","title":{"rendered":"Favoritstad 10 - Staden blir s\u00e4ker igen"},"content":{"rendered":"<div data-elementor-type=\"wp-post\" data-elementor-id=\"7478\" class=\"elementor elementor-7478\" data-elementor-post-type=\"post\">\n\t\t\t\t\t\t<section class=\"elementor-section elementor-top-section elementor-element elementor-element-496e1d53 elementor-section-boxed elementor-section-height-default elementor-section-height-default\" data-id=\"496e1d53\" data-element_type=\"section\" data-e-type=\"section\">\n\t\t\t\t\t\t<div class=\"elementor-container elementor-column-gap-default\">\n\t\t\t\t\t<div class=\"elementor-column elementor-col-100 elementor-top-column elementor-element elementor-element-461d7be0\" data-id=\"461d7be0\" data-element_type=\"column\" data-e-type=\"column\">\n\t\t\t<div class=\"elementor-widget-wrap elementor-element-populated\">\n\t\t\t\t\t\t<div class=\"elementor-element elementor-element-cd9ebe2 elementor-widget elementor-widget-text-editor\" data-id=\"cd9ebe2\" data-element_type=\"widget\" data-e-type=\"widget\" data-widget_type=\"text-editor.default\">\n\t\t\t\t<div class=\"elementor-widget-container\">\n\t\t\t\t\t\t\t\t\t<p style=\"text-align: right;\"><em>\"Vi \u00e4r m\u00e5nga. Tillsammans g\u00f6r vi staden s\u00e4ker utan att kontrollera m\u00e4nniskorna.\"<\/em><\/p><p>K\u00e4ra l\u00e4sare,<\/p><p>\u00c4ven i Lieblingsstadt, ett samh\u00e4lle som \u00e4r k\u00e4nt f\u00f6r sin \u00f6ppenhet och vilja att hj\u00e4lpa, m\u00e4rktes konsekvenserna av flyktingkrisen tydligt. V\u00e5ldsamma attacker utgjorde en ny utmaning och skakade om det annars s\u00e5 lugna livet i denna fredliga stad. Polisen reagerade p\u00e5 denna situation genom att inf\u00f6ra sj\u00e4lvf\u00f6rsvarskurser.<\/p>\t\t\t\t\t\t\t\t<\/div>\n\t\t\t\t<\/div>\n\t\t\t\t<div class=\"elementor-element elementor-element-b482206 elementor-widget elementor-widget-image\" data-id=\"b482206\" data-element_type=\"widget\" data-e-type=\"widget\" data-widget_type=\"image.default\">\n\t\t\t\t<div class=\"elementor-widget-container\">\n\t\t\t\t\t\t\t\t\t\t\t\t\t\t\t<img fetchpriority=\"high\" decoding=\"async\" width=\"500\" height=\"340\" src=\"https:\/\/gradido.net\/wp-content\/uploads\/2023\/09\/Selbstverteidigung_500.jpg\" class=\"attachment-full size-full wp-image-7482\" alt=\"\" srcset=\"https:\/\/gradido.net\/wp-content\/uploads\/2023\/09\/Selbstverteidigung_500.jpg 500w, https:\/\/gradido.net\/wp-content\/uploads\/2023\/09\/Selbstverteidigung_500-300x204.jpg 300w, https:\/\/gradido.net\/wp-content\/uploads\/2023\/09\/Selbstverteidigung_500-18x12.jpg 18w\" sizes=\"(max-width: 500px) 100vw, 500px\" \/>\t\t\t\t\t\t\t\t\t\t\t\t\t\t\t<\/div>\n\t\t\t\t<\/div>\n\t\t\t\t<div class=\"elementor-element elementor-element-c5e61d4 elementor-widget elementor-widget-text-editor\" data-id=\"c5e61d4\" data-element_type=\"widget\" data-e-type=\"widget\" data-widget_type=\"text-editor.default\">\n\t\t\t\t<div class=\"elementor-widget-container\">\n\t\t\t\t\t\t\t\t\t<p>Dessa kurser, som \u00e4r \u00f6ppna f\u00f6r b\u00e5de kvinnor och m\u00e4n, blir snabbt popul\u00e4ra. De ger inte bara medborgarna praktiska f\u00e4rdigheter f\u00f6r deras egen s\u00e4kerhet, utan st\u00e4rker ocks\u00e5 k\u00e4nslan av gemenskap och solidaritet bland dem.<\/p><p>Dessa kurser \u00e4r dock inte tillr\u00e4ckliga f\u00f6r att helt \u00e5terst\u00e4lla s\u00e4kerheten i favoritst\u00e4derna.\u00a0<\/p><h3>Bra samarbete med polis-, s\u00e4kerhets- och idrottsf\u00f6reningar<\/h3><p>Uppmuntrad av framg\u00e5ngen med det stora samarbetet mellan klubbar f\u00f6resl\u00e5r borgm\u00e4stare Michael Miteinand ett \"stort samarbete f\u00f6r s\u00e4kerhet\". Polis, s\u00e4kerhetsf\u00f6retag, idrottsklubbar, fitnessstudior, motorcykelklubbar och intresserade medborgare g\u00e5r samman.<\/p><p>\"Vi \u00e4r m\u00e5nga. Tillsammans g\u00f6r vi staden s\u00e4ker utan att kontrollera m\u00e4nniskorna\", s\u00e4ger Miteinand entusiastiskt till sina medm\u00e4nniskor.<\/p><h3>Fredliga hj\u00e4ltar<\/h3><p>Projektet f\u00e5r namnet <strong>\"Favorit City Heroes\".<\/strong> Hj\u00e4ltarnas m\u00e5l \u00e4r att garantera s\u00e4kerheten i staden. I samarbete utvecklar de s\u00e4rskilda \"hj\u00e4lteutbildningar\" som omfattar sj\u00e4lvf\u00f6rsvar samt n\u00f6dv\u00e4ndiga juridiska grunder, metoder f\u00f6r nedtrappning och tydliga uppf\u00f6randeregler i h\u00e4ndelse av ett v\u00e5ldsamt \u00f6verfall.<\/p><h3>Vi \u00e4r m\u00e5nga<\/h3><p>Intresset hos inv\u00e5narna \u00e4r enormt. M\u00e5nga vill vara hj\u00e4ltar och p\u00e5 n\u00e5got s\u00e4tt bidra till den allm\u00e4nna s\u00e4kerheten. De mindre sportiga engagerar sig i organisationen. P\u00e5 nolltid organiserar de att hj\u00e4ltar \u00e4r i r\u00f6relse dygnet runt i deras favoritstad. M\u00e5nga f\u00f6rknippar detta med att g\u00e5 till jobbet, handla, promenera, cykla eller jogga.<\/p><p>Motorcykelhj\u00e4ltarna har skapat en n\u00f6dgrupp p\u00e5 Telegram och \u00e4r omedelbart p\u00e5 plats vid ett larm. En g\u00e5ng, n\u00e4r n\u00e5gra unga m\u00e4n ville starta ett upplopp framf\u00f6r diskoteket p\u00e5 natten, var 20 motorcykelhj\u00e4ltar p\u00e5 plats inom 10 minuter, och sp\u00f6ket var \u00f6ver.<\/p><p>Med denna \u00f6vervikt av fredliga hj\u00e4ltar v\u00e5gar ingen l\u00e4ngre tr\u00e4nga sig p\u00e5.<\/p>\t\t\t\t\t\t\t\t<\/div>\n\t\t\t\t<\/div>\n\t\t\t\t<div class=\"elementor-element elementor-element-f223bb6 elementor-widget elementor-widget-image\" data-id=\"f223bb6\" data-element_type=\"widget\" data-e-type=\"widget\" data-widget_type=\"image.default\">\n\t\t\t\t<div class=\"elementor-widget-container\">\n\t\t\t\t\t\t\t\t\t\t\t\t\t\t\t<img decoding=\"async\" width=\"500\" height=\"500\" src=\"https:\/\/gradido.net\/wp-content\/uploads\/2023\/09\/Heldenpolizei_500.jpg\" class=\"attachment-full size-full wp-image-7484\" alt=\"\" srcset=\"https:\/\/gradido.net\/wp-content\/uploads\/2023\/09\/Heldenpolizei_500.jpg 500w, https:\/\/gradido.net\/wp-content\/uploads\/2023\/09\/Heldenpolizei_500-300x300.jpg 300w, https:\/\/gradido.net\/wp-content\/uploads\/2023\/09\/Heldenpolizei_500-150x150.jpg 150w, https:\/\/gradido.net\/wp-content\/uploads\/2023\/09\/Heldenpolizei_500-12x12.jpg 12w\" sizes=\"(max-width: 500px) 100vw, 500px\" \/>\t\t\t\t\t\t\t\t\t\t\t\t\t\t\t<\/div>\n\t\t\t\t<\/div>\n\t\t\t\t<div class=\"elementor-element elementor-element-0499f3c elementor-widget elementor-widget-text-editor\" data-id=\"0499f3c\" data-element_type=\"widget\" data-e-type=\"widget\" data-widget_type=\"text-editor.default\">\n\t\t\t\t<div class=\"elementor-widget-container\">\n\t\t\t\t\t\t\t\t\t<p>Det n\u00e4ra samarbetet med den lokala polisen g\u00f6r hj\u00e4ltarna i Favourite City till en garant f\u00f6r allm\u00e4nhetens s\u00e4kerhet.<\/p><h3>Ers\u00e4ttning med Gradido<\/h3><p>Genom ers\u00e4ttningssystemet \"Gradido\" f\u00e5r \"hj\u00e4ltarna\" 20 Gradido per timme f\u00f6r sina insatser. De kan l\u00f6sa in detta mot gener\u00f6sa Gradido-rabatter och f\u00f6rm\u00e5ner i lokala butiker. P\u00e5 s\u00e5 s\u00e4tt sparar de in p\u00e5 levnadsomkostnader och kan unna sig \u00f6nskningar som annars skulle ha f\u00f6rblivit ouppfyllda.<\/p><p>Det som \u00e4r s\u00e4rskilt viktigt f\u00f6r dem \u00e4r dock den v\u00e4xande k\u00e4nslan av \u00e4gande, s\u00e4kerhet och fred i deras \u00e4lskade hemstad.<\/p><h3>S\u00e4kert och rent, dygnet runt<\/h3><p>Efter en kort tid \u00e4r Favourite City s\u00e4kert igen. Och utan n\u00e5gon kontroll, eftersom n\u00e4rvaron av de m\u00e5nga v\u00e4lutbildade hj\u00e4ltarna garanterar att inga attacker sker. Inv\u00e5narna kan tryggt g\u00e5 ut dag och natt och njuta av sina liv till fullo.\u00a0<\/p><p>Och n\u00e5got annat har f\u00f6rb\u00e4ttrats: Favourite City har blivit skinande rent. F\u00f6r under hj\u00e4ltarnas \u00f6gon \u00e4r det ingen som vill l\u00e4mna sitt skr\u00e4p liggande eller orsaka annan nedsmutsning.<\/p><p>P\u00e5 s\u00e5 s\u00e4tt blev Lieblingsstadt \u00e5terigen en symbol f\u00f6r att ansvar, sammanh\u00e5llning och samarbete kan \u00f6vervinna \u00e4ven sv\u00e5ra tider.<\/p>\t\t\t\t\t\t\t\t<\/div>\n\t\t\t\t<\/div>\n\t\t\t\t<div class=\"elementor-element elementor-element-e858257 elementor-widget-divider--view-line elementor-widget elementor-widget-divider\" data-id=\"e858257\" data-element_type=\"widget\" data-e-type=\"widget\" data-widget_type=\"divider.default\">\n\t\t\t\t<div class=\"elementor-widget-container\">\n\t\t\t\t\t\t\t<div class=\"elementor-divider\">\n\t\t\t<span class=\"elementor-divider-separator\">\n\t\t\t\t\t\t<\/span>\n\t\t<\/div>\n\t\t\t\t\t\t<\/div>\n\t\t\t\t<\/div>\n\t\t\t\t<div class=\"elementor-element elementor-element-d74dfa0 elementor-widget elementor-widget-text-editor\" data-id=\"d74dfa0\" data-element_type=\"widget\" data-e-type=\"widget\" data-widget_type=\"text-editor.default\">\n\t\t\t\t<div class=\"elementor-widget-container\">\n\t\t\t\t\t\t\t\t\t<div data-pm-slice=\"1 1 []\" data-en-clipboard=\"true\"><p>Den <strong>\"Bra samarbete<\/strong> \u00f6kar farten. I det 10:e avsnittet av den popul\u00e4ra serien <strong>\"Gradido i favoritstaden\" <\/strong>vi g\u00f6r staden s\u00e4ker. Alla de metoder som beskrivs h\u00e4r bygger p\u00e5 principen att samarbete m\u00e5nga g\u00e5nger \u00e4r b\u00e4ttre \u00e4n konkurrens. Frivilligt arbete bygger till stor del p\u00e5 samarbete. Med hj\u00e4lp av volont\u00e4rers\u00e4ttningssystemet \"Gradido\" ers\u00e4tts volont\u00e4rarbete med 20 Gradido per timme.<\/p><p>F\u00f6r Gradidos finns en m\u00e4ngd olika f\u00f6rm\u00e5ner och rabatter som kan utnyttjas hos lokala f\u00f6retag. Dessutom finns det ett livligt utbyte mellan medborgarna. Detta minskar kostnaderna f\u00f6r alla inblandade och stora projekt blir genomf\u00f6rbara. En win-win-win-situation f\u00f6r alla!<\/p><p><strong>Vidarebefordra g\u00e4rna denna serie till din kommunstyrelse, f\u00f6reningar och n\u00e4ringsidkare!<\/strong><\/p><p>Om vi inte g\u00f6r n\u00e5got nu kommer <strong>Ned\u00e5tg\u00e5ende spiral<\/strong> bort. St\u00e4derna blir alltmer os\u00e4kra och smutsiga, och medelklassen g\u00e5r under.<\/p><p>Med Gradido och det stora samarbetet genererar vi <strong>Upp\u00e5tg\u00e5ende spiraler<\/strong> att forma framtiden p\u00e5 ett positivt och h\u00e5llbart s\u00e4tt. Tillsammans f\u00f6rvandlar vi v\u00e5ra st\u00e4der och samh\u00e4llen till levande och blomstrande oaser - v\u00e5ra favoritplatser!<\/p><p>Med v\u00e4nliga h\u00e4lsningar<\/p><\/div><p>Din<\/p><p><img decoding=\"async\" class=\"alignnone wp-image-4614 size-medium\" src=\"https:\/\/gradido.net\/wp-content\/uploads\/2022\/06\/MargretBernd_2022-300x74.png\" alt=\"\" width=\"300\" height=\"74\" srcset=\"https:\/\/gradido.net\/wp-content\/uploads\/2022\/06\/MargretBernd_2022-300x74.png 300w, https:\/\/gradido.net\/wp-content\/uploads\/2022\/06\/MargretBernd_2022-18x4.png 18w, https:\/\/gradido.net\/wp-content\/uploads\/2022\/06\/MargretBernd_2022.png 431w\" sizes=\"(max-width: 300px) 100vw, 300px\" \/><\/p><p>Margret Baier och Bernd H\u00fcckst\u00e4dt<br \/>Gradidos grundare och utvecklare<\/p>\t\t\t\t\t\t\t\t<\/div>\n\t\t\t\t<\/div>\n\t\t\t\t\t<\/div>\n\t\t<\/div>\n\t\t\t\t\t<\/div>\n\t\t<\/section>\n\t\t\t\t<section class=\"elementor-section elementor-top-section elementor-element elementor-element-b155181 elementor-section-boxed elementor-section-height-default elementor-section-height-default\" data-id=\"b155181\" data-element_type=\"section\" data-e-type=\"section\">\n\t\t\t\t\t\t<div class=\"elementor-container elementor-column-gap-default\">\n\t\t\t\t\t<div class=\"elementor-column elementor-col-100 elementor-top-column elementor-element elementor-element-16509c4\" data-id=\"16509c4\" data-element_type=\"column\" data-e-type=\"column\">\n\t\t\t<div class=\"elementor-widget-wrap elementor-element-populated\">\n\t\t\t\t\t\t<div class=\"elementor-element elementor-element-2f155c8 elementor-position-inline-start white-links elementor-widget__width-initial elementor-view-default elementor-mobile-position-block-start elementor-widget elementor-widget-icon-box\" data-id=\"2f155c8\" data-element_type=\"widget\" data-e-type=\"widget\" data-no-translation=\"\" data-widget_type=\"icon-box.default\">\n\t\t\t\t<div class=\"elementor-widget-container\">\n\t\t\t\t\t<style>.elementor-element-2f155c8{display:none !important}<\/style>\t\t\t\t<\/div>\n\t\t\t\t<\/div>\n\t\t\t\t\t<\/div>\n\t\t<\/div>\n\t\t\t\t\t<\/div>\n\t\t<\/section>\n\t\t\t\t<section class=\"elementor-section elementor-top-section elementor-element elementor-element-14532fe elementor-section-boxed elementor-section-height-default elementor-section-height-default\" data-id=\"14532fe\" data-element_type=\"section\" data-e-type=\"section\">\n\t\t\t\t\t\t<div class=\"elementor-container elementor-column-gap-default\">\n\t\t\t\t\t<div class=\"elementor-column elementor-col-100 elementor-top-column elementor-element elementor-element-65d2298\" data-id=\"65d2298\" data-element_type=\"column\" data-e-type=\"column\">\n\t\t\t<div class=\"elementor-widget-wrap elementor-element-populated\">\n\t\t\t\t\t\t<div class=\"elementor-element elementor-element-bb63b70 elementor-widget elementor-widget-global elementor-global-9341 elementor-widget-text-editor\" data-id=\"bb63b70\" data-element_type=\"widget\" data-e-type=\"widget\" data-widget_type=\"text-editor.default\">\n\t\t\t\t<div class=\"elementor-widget-container\">\n\t\t\t\t\t\t\t\t\t<p><strong>PS:\u00a0<span style=\"color: #ff6600;\"><a style=\"color: #ff6600;\" href=\"https:\/\/gradido.net\/sv\/donations\/\">P\u00e5 grund av Gradidos st\u00e4ndigt \u00f6kande betydelse upprepar vi v\u00e5r tacksamhetskampanj den 26 juni 2026:<\/a>\u00a0<\/span><span style=\"color: #0000ff;\"><a style=\"color: #0000ff;\" href=\"https:\/\/gradido.net\/sv\/donations\/\">F\u00f6rutom den multipla GradidoTransform f\u00f6r ditt sponsorbidrag, kommer vi att \u00f6ka alla GDT-kontosaldon med 26% den 26\/06\/2016. Sponsra nu och njut av det multipla beloppet av GDT!<\/a><\/span><\/strong><\/p>\t\t\t\t\t\t\t\t<\/div>\n\t\t\t\t<\/div>\n\t\t\t\t\t<\/div>\n\t\t<\/div>\n\t\t\t\t\t<\/div>\n\t\t<\/section>\n\t\t\t\t<\/div>","protected":false},"excerpt":{"rendered":"<p>Uppmuntrad av framg\u00e5ngen med det \"stora samarbetet mellan klubbar\" f\u00f6resl\u00e5r borgm\u00e4stare Michael Miteinand ett \"stort samarbete f\u00f6r s\u00e4kerhet\". Polis, s\u00e4kerhetsf\u00f6retag, idrottsklubbar, fitnessstudior, motorcykelklubbar och intresserade medborgare kommer samman.<\/p>","protected":false},"author":2,"featured_media":7517,"comment_status":"closed","ping_status":"closed","sticky":false,"template":"","format":"standard","meta":{"footnotes":""},"categories":[11,53],"tags":[22],"class_list":["post-7478","post","type-post","status-publish","format-standard","has-post-thumbnail","hentry","category-blog","category-lieblingsstadt","tag-bild-oben"],"yoast_head":"<!-- This site is optimized with the Yoast SEO plugin v27.5 - https:\/\/yoast.com\/product\/yoast-seo-wordpress\/ -->\n<title>Lieblingsstadt 10 \u2013 Die Stadt wird wieder sicher - Gradido<\/title>\n<meta name=\"description\" content=\"Ermutigt vom Erfolg der \u201aGro\u00dfen Kooperation der Vereine\u2018 regt B\u00fcrgermeister Michael Miteinand eine \u201aGro\u00dfe Kooperation f\u00fcr die Sicherheit\u2018 an. Polizei, Security-Unternehmen, Sportvereine, Fitnessstudios, Motorrad-Clubs und interessierte B\u00fcrger finden sich zusammen.\" \/>\n<meta name=\"robots\" content=\"index, follow, max-snippet:-1, max-image-preview:large, max-video-preview:-1\" \/>\n<link rel=\"canonical\" href=\"https:\/\/gradido.net\/sv\/lieblingsstadt-10-die-stadt-wird-wieder-sicher\/\" \/>\n<meta property=\"og:locale\" content=\"sv_SE\" \/>\n<meta property=\"og:type\" content=\"article\" \/>\n<meta property=\"og:title\" content=\"Lieblingsstadt 10 \u2013 Die Stadt wird wieder sicher - Gradido\" \/>\n<meta property=\"og:description\" content=\"Ermutigt vom Erfolg der \u201aGro\u00dfen Kooperation der Vereine\u2018 regt B\u00fcrgermeister Michael Miteinand eine \u201aGro\u00dfe Kooperation f\u00fcr die Sicherheit\u2018 an. Polizei, Security-Unternehmen, Sportvereine, Fitnessstudios, Motorrad-Clubs und interessierte B\u00fcrger finden sich zusammen.\" \/>\n<meta property=\"og:url\" content=\"https:\/\/gradido.net\/sv\/lieblingsstadt-10-die-stadt-wird-wieder-sicher\/\" \/>\n<meta property=\"og:site_name\" content=\"Gradido\" \/>\n<meta property=\"article:published_time\" content=\"2023-09-03T05:06:58+00:00\" \/>\n<meta property=\"article:modified_time\" content=\"2026-04-23T05:09:20+00:00\" \/>\n<meta property=\"og:image\" content=\"https:\/\/gradido.net\/wp-content\/uploads\/2023\/09\/Jungens_1920.jpg\" \/>\n\t<meta property=\"og:image:width\" content=\"1920\" \/>\n\t<meta property=\"og:image:height\" content=\"1200\" \/>\n\t<meta property=\"og:image:type\" content=\"image\/jpeg\" \/>\n<meta name=\"author\" content=\"Bernd H\u00fcckst\u00e4dt\" \/>\n<meta name=\"twitter:card\" content=\"summary_large_image\" \/>\n<meta name=\"twitter:label1\" content=\"Skriven av\" \/>\n\t<meta name=\"twitter:data1\" content=\"Bernd H\u00fcckst\u00e4dt\" \/>\n\t<meta name=\"twitter:label2\" content=\"Ber\u00e4knad l\u00e4stid\" \/>\n\t<meta name=\"twitter:data2\" content=\"5 minuter\" \/>\n<script type=\"application\/ld+json\" class=\"yoast-schema-graph\">{\"@context\":\"https:\\\/\\\/schema.org\",\"@graph\":[{\"@type\":\"Article\",\"@id\":\"https:\\\/\\\/gradido.net\\\/lieblingsstadt-10-die-stadt-wird-wieder-sicher\\\/#article\",\"isPartOf\":{\"@id\":\"https:\\\/\\\/gradido.net\\\/lieblingsstadt-10-die-stadt-wird-wieder-sicher\\\/\"},\"author\":{\"name\":\"Bernd H\u00fcckst\u00e4dt\",\"@id\":\"https:\\\/\\\/gradido.net\\\/de\\\/#\\\/schema\\\/person\\\/9c503a004ad15a1ddecadce2218db5d1\"},\"headline\":\"Lieblingsstadt 10 \u2013 Die Stadt wird wieder sicher\",\"datePublished\":\"2023-09-03T05:06:58+00:00\",\"dateModified\":\"2026-04-23T05:09:20+00:00\",\"mainEntityOfPage\":{\"@id\":\"https:\\\/\\\/gradido.net\\\/lieblingsstadt-10-die-stadt-wird-wieder-sicher\\\/\"},\"wordCount\":813,\"publisher\":{\"@id\":\"https:\\\/\\\/gradido.net\\\/de\\\/#organization\"},\"image\":{\"@id\":\"https:\\\/\\\/gradido.net\\\/lieblingsstadt-10-die-stadt-wird-wieder-sicher\\\/#primaryimage\"},\"thumbnailUrl\":\"https:\\\/\\\/gradido.net\\\/wp-content\\\/uploads\\\/2023\\\/09\\\/Jungens_1920.jpg\",\"keywords\":[\"Bild oben\"],\"articleSection\":[\"Blog\",\"Lieblingsstadt\"],\"inLanguage\":\"sv-SE\"},{\"@type\":\"WebPage\",\"@id\":\"https:\\\/\\\/gradido.net\\\/lieblingsstadt-10-die-stadt-wird-wieder-sicher\\\/\",\"url\":\"https:\\\/\\\/gradido.net\\\/lieblingsstadt-10-die-stadt-wird-wieder-sicher\\\/\",\"name\":\"Lieblingsstadt 10 \u2013 Die Stadt wird wieder sicher - Gradido\",\"isPartOf\":{\"@id\":\"https:\\\/\\\/gradido.net\\\/de\\\/#website\"},\"primaryImageOfPage\":{\"@id\":\"https:\\\/\\\/gradido.net\\\/lieblingsstadt-10-die-stadt-wird-wieder-sicher\\\/#primaryimage\"},\"image\":{\"@id\":\"https:\\\/\\\/gradido.net\\\/lieblingsstadt-10-die-stadt-wird-wieder-sicher\\\/#primaryimage\"},\"thumbnailUrl\":\"https:\\\/\\\/gradido.net\\\/wp-content\\\/uploads\\\/2023\\\/09\\\/Jungens_1920.jpg\",\"datePublished\":\"2023-09-03T05:06:58+00:00\",\"dateModified\":\"2026-04-23T05:09:20+00:00\",\"description\":\"Ermutigt vom Erfolg der \u201aGro\u00dfen Kooperation der Vereine\u2018 regt B\u00fcrgermeister Michael Miteinand eine \u201aGro\u00dfe Kooperation f\u00fcr die Sicherheit\u2018 an. Polizei, Security-Unternehmen, Sportvereine, Fitnessstudios, Motorrad-Clubs und interessierte B\u00fcrger finden sich zusammen.\",\"breadcrumb\":{\"@id\":\"https:\\\/\\\/gradido.net\\\/lieblingsstadt-10-die-stadt-wird-wieder-sicher\\\/#breadcrumb\"},\"inLanguage\":\"sv-SE\",\"potentialAction\":[{\"@type\":\"ReadAction\",\"target\":[\"https:\\\/\\\/gradido.net\\\/lieblingsstadt-10-die-stadt-wird-wieder-sicher\\\/\"]}]},{\"@type\":\"ImageObject\",\"inLanguage\":\"sv-SE\",\"@id\":\"https:\\\/\\\/gradido.net\\\/lieblingsstadt-10-die-stadt-wird-wieder-sicher\\\/#primaryimage\",\"url\":\"https:\\\/\\\/gradido.net\\\/wp-content\\\/uploads\\\/2023\\\/09\\\/Jungens_1920.jpg\",\"contentUrl\":\"https:\\\/\\\/gradido.net\\\/wp-content\\\/uploads\\\/2023\\\/09\\\/Jungens_1920.jpg\",\"width\":1920,\"height\":1200},{\"@type\":\"BreadcrumbList\",\"@id\":\"https:\\\/\\\/gradido.net\\\/lieblingsstadt-10-die-stadt-wird-wieder-sicher\\\/#breadcrumb\",\"itemListElement\":[{\"@type\":\"ListItem\",\"position\":1,\"name\":\"Startseite\",\"item\":\"https:\\\/\\\/gradido.net\\\/\"},{\"@type\":\"ListItem\",\"position\":2,\"name\":\"Lieblingsstadt 10 \u2013 Die Stadt wird wieder sicher\"}]},{\"@type\":\"WebSite\",\"@id\":\"https:\\\/\\\/gradido.net\\\/de\\\/#website\",\"url\":\"https:\\\/\\\/gradido.net\\\/de\\\/\",\"name\":\"Gradido\",\"description\":\"Die neue W\u00e4hrung hei\u00dft Dankbarkeit\",\"publisher\":{\"@id\":\"https:\\\/\\\/gradido.net\\\/de\\\/#organization\"},\"potentialAction\":[{\"@type\":\"SearchAction\",\"target\":{\"@type\":\"EntryPoint\",\"urlTemplate\":\"https:\\\/\\\/gradido.net\\\/de\\\/?s={search_term_string}\"},\"query-input\":{\"@type\":\"PropertyValueSpecification\",\"valueRequired\":true,\"valueName\":\"search_term_string\"}}],\"inLanguage\":\"sv-SE\"},{\"@type\":\"Organization\",\"@id\":\"https:\\\/\\\/gradido.net\\\/de\\\/#organization\",\"name\":\"Gradido\",\"url\":\"https:\\\/\\\/gradido.net\\\/de\\\/\",\"logo\":{\"@type\":\"ImageObject\",\"inLanguage\":\"sv-SE\",\"@id\":\"https:\\\/\\\/gradido.net\\\/de\\\/#\\\/schema\\\/logo\\\/image\\\/\",\"url\":\"https:\\\/\\\/gradido.net\\\/wp-content\\\/uploads\\\/2022\\\/04\\\/gradido-social.jpg\",\"contentUrl\":\"https:\\\/\\\/gradido.net\\\/wp-content\\\/uploads\\\/2022\\\/04\\\/gradido-social.jpg\",\"width\":527,\"height\":273,\"caption\":\"Gradido\"},\"image\":{\"@id\":\"https:\\\/\\\/gradido.net\\\/de\\\/#\\\/schema\\\/logo\\\/image\\\/\"}},{\"@type\":\"Person\",\"@id\":\"https:\\\/\\\/gradido.net\\\/de\\\/#\\\/schema\\\/person\\\/9c503a004ad15a1ddecadce2218db5d1\",\"name\":\"Bernd H\u00fcckst\u00e4dt\",\"sameAs\":[\"https:\\\/\\\/gradido.net\"],\"url\":\"https:\\\/\\\/gradido.net\\\/sv\\\/author\\\/bernd\\\/\"}]}<\/script>\n<!-- \/ Yoast SEO plugin. -->","yoast_head_json":{"title":"Favoritstad 10 - Staden kommer att bli s\u00e4ker igen - Gradido","description":"Uppmuntrad av framg\u00e5ngen med det \"stora samarbetet mellan klubbar\" f\u00f6resl\u00e5r borgm\u00e4stare Michael Miteinand ett \"stort samarbete f\u00f6r s\u00e4kerhet\". Polis, s\u00e4kerhetsf\u00f6retag, idrottsklubbar, fitnessstudior, motorcykelklubbar och intresserade medborgare kommer samman.","robots":{"index":"index","follow":"follow","max-snippet":"max-snippet:-1","max-image-preview":"max-image-preview:large","max-video-preview":"max-video-preview:-1"},"canonical":"https:\/\/gradido.net\/sv\/lieblingsstadt-10-die-stadt-wird-wieder-sicher\/","og_locale":"sv_SE","og_type":"article","og_title":"Lieblingsstadt 10 \u2013 Die Stadt wird wieder sicher - Gradido","og_description":"Ermutigt vom Erfolg der \u201aGro\u00dfen Kooperation der Vereine\u2018 regt B\u00fcrgermeister Michael Miteinand eine \u201aGro\u00dfe Kooperation f\u00fcr die Sicherheit\u2018 an. Polizei, Security-Unternehmen, Sportvereine, Fitnessstudios, Motorrad-Clubs und interessierte B\u00fcrger finden sich zusammen.","og_url":"https:\/\/gradido.net\/sv\/lieblingsstadt-10-die-stadt-wird-wieder-sicher\/","og_site_name":"Gradido","article_published_time":"2023-09-03T05:06:58+00:00","article_modified_time":"2026-04-23T05:09:20+00:00","og_image":[{"width":1920,"height":1200,"url":"https:\/\/gradido.net\/wp-content\/uploads\/2023\/09\/Jungens_1920.jpg","type":"image\/jpeg"}],"author":"Bernd H\u00fcckst\u00e4dt","twitter_card":"summary_large_image","twitter_misc":{"Skriven av":"Bernd H\u00fcckst\u00e4dt","Ber\u00e4knad l\u00e4stid":"5 minuter"},"schema":{"@context":"https:\/\/schema.org","@graph":[{"@type":"Article","@id":"https:\/\/gradido.net\/lieblingsstadt-10-die-stadt-wird-wieder-sicher\/#article","isPartOf":{"@id":"https:\/\/gradido.net\/lieblingsstadt-10-die-stadt-wird-wieder-sicher\/"},"author":{"name":"Bernd H\u00fcckst\u00e4dt","@id":"https:\/\/gradido.net\/de\/#\/schema\/person\/9c503a004ad15a1ddecadce2218db5d1"},"headline":"Lieblingsstadt 10 \u2013 Die Stadt wird wieder sicher","datePublished":"2023-09-03T05:06:58+00:00","dateModified":"2026-04-23T05:09:20+00:00","mainEntityOfPage":{"@id":"https:\/\/gradido.net\/lieblingsstadt-10-die-stadt-wird-wieder-sicher\/"},"wordCount":813,"publisher":{"@id":"https:\/\/gradido.net\/de\/#organization"},"image":{"@id":"https:\/\/gradido.net\/lieblingsstadt-10-die-stadt-wird-wieder-sicher\/#primaryimage"},"thumbnailUrl":"https:\/\/gradido.net\/wp-content\/uploads\/2023\/09\/Jungens_1920.jpg","keywords":["Bild oben"],"articleSection":["Blog","Lieblingsstadt"],"inLanguage":"sv-SE"},{"@type":"WebPage","@id":"https:\/\/gradido.net\/lieblingsstadt-10-die-stadt-wird-wieder-sicher\/","url":"https:\/\/gradido.net\/lieblingsstadt-10-die-stadt-wird-wieder-sicher\/","name":"Favoritstad 10 - Staden kommer att bli s\u00e4ker igen - Gradido","isPartOf":{"@id":"https:\/\/gradido.net\/de\/#website"},"primaryImageOfPage":{"@id":"https:\/\/gradido.net\/lieblingsstadt-10-die-stadt-wird-wieder-sicher\/#primaryimage"},"image":{"@id":"https:\/\/gradido.net\/lieblingsstadt-10-die-stadt-wird-wieder-sicher\/#primaryimage"},"thumbnailUrl":"https:\/\/gradido.net\/wp-content\/uploads\/2023\/09\/Jungens_1920.jpg","datePublished":"2023-09-03T05:06:58+00:00","dateModified":"2026-04-23T05:09:20+00:00","description":"Uppmuntrad av framg\u00e5ngen med det \"stora samarbetet mellan klubbar\" f\u00f6resl\u00e5r borgm\u00e4stare Michael Miteinand ett \"stort samarbete f\u00f6r s\u00e4kerhet\". Polis, s\u00e4kerhetsf\u00f6retag, idrottsklubbar, fitnessstudior, motorcykelklubbar och intresserade medborgare kommer samman.","breadcrumb":{"@id":"https:\/\/gradido.net\/lieblingsstadt-10-die-stadt-wird-wieder-sicher\/#breadcrumb"},"inLanguage":"sv-SE","potentialAction":[{"@type":"ReadAction","target":["https:\/\/gradido.net\/lieblingsstadt-10-die-stadt-wird-wieder-sicher\/"]}]},{"@type":"ImageObject","inLanguage":"sv-SE","@id":"https:\/\/gradido.net\/lieblingsstadt-10-die-stadt-wird-wieder-sicher\/#primaryimage","url":"https:\/\/gradido.net\/wp-content\/uploads\/2023\/09\/Jungens_1920.jpg","contentUrl":"https:\/\/gradido.net\/wp-content\/uploads\/2023\/09\/Jungens_1920.jpg","width":1920,"height":1200},{"@type":"BreadcrumbList","@id":"https:\/\/gradido.net\/lieblingsstadt-10-die-stadt-wird-wieder-sicher\/#breadcrumb","itemListElement":[{"@type":"ListItem","position":1,"name":"Startseite","item":"https:\/\/gradido.net\/"},{"@type":"ListItem","position":2,"name":"Lieblingsstadt 10 \u2013 Die Stadt wird wieder sicher"}]},{"@type":"WebSite","@id":"https:\/\/gradido.net\/de\/#website","url":"https:\/\/gradido.net\/de\/","name":"Gradido","description":"Den nya valutan \u00e4r tacksamhet","publisher":{"@id":"https:\/\/gradido.net\/de\/#organization"},"potentialAction":[{"@type":"SearchAction","target":{"@type":"EntryPoint","urlTemplate":"https:\/\/gradido.net\/de\/?s={search_term_string}"},"query-input":{"@type":"PropertyValueSpecification","valueRequired":true,"valueName":"search_term_string"}}],"inLanguage":"sv-SE"},{"@type":"Organization","@id":"https:\/\/gradido.net\/de\/#organization","name":"Gradido","url":"https:\/\/gradido.net\/de\/","logo":{"@type":"ImageObject","inLanguage":"sv-SE","@id":"https:\/\/gradido.net\/de\/#\/schema\/logo\/image\/","url":"https:\/\/gradido.net\/wp-content\/uploads\/2022\/04\/gradido-social.jpg","contentUrl":"https:\/\/gradido.net\/wp-content\/uploads\/2022\/04\/gradido-social.jpg","width":527,"height":273,"caption":"Gradido"},"image":{"@id":"https:\/\/gradido.net\/de\/#\/schema\/logo\/image\/"}},{"@type":"Person","@id":"https:\/\/gradido.net\/de\/#\/schema\/person\/9c503a004ad15a1ddecadce2218db5d1","name":"Bernd H\u00fcckst\u00e4dt","sameAs":["https:\/\/gradido.net"],"url":"https:\/\/gradido.net\/sv\/author\/bernd\/"}]}},"_links":{"self":[{"href":"https:\/\/gradido.net\/sv\/wp-json\/wp\/v2\/posts\/7478","targetHints":{"allow":["GET"]}}],"collection":[{"href":"https:\/\/gradido.net\/sv\/wp-json\/wp\/v2\/posts"}],"about":[{"href":"https:\/\/gradido.net\/sv\/wp-json\/wp\/v2\/types\/post"}],"author":[{"embeddable":true,"href":"https:\/\/gradido.net\/sv\/wp-json\/wp\/v2\/users\/2"}],"replies":[{"embeddable":true,"href":"https:\/\/gradido.net\/sv\/wp-json\/wp\/v2\/comments?post=7478"}],"version-history":[{"count":87,"href":"https:\/\/gradido.net\/sv\/wp-json\/wp\/v2\/posts\/7478\/revisions"}],"predecessor-version":[{"id":13540,"href":"https:\/\/gradido.net\/sv\/wp-json\/wp\/v2\/posts\/7478\/revisions\/13540"}],"wp:featuredmedia":[{"embeddable":true,"href":"https:\/\/gradido.net\/sv\/wp-json\/wp\/v2\/media\/7517"}],"wp:attachment":[{"href":"https:\/\/gradido.net\/sv\/wp-json\/wp\/v2\/media?parent=7478"}],"wp:term":[{"taxonomy":"category","embeddable":true,"href":"https:\/\/gradido.net\/sv\/wp-json\/wp\/v2\/categories?post=7478"},{"taxonomy":"post_tag","embeddable":true,"href":"https:\/\/gradido.net\/sv\/wp-json\/wp\/v2\/tags?post=7478"}],"curies":[{"name":"wp","href":"https:\/\/api.w.org\/{rel}","templated":true}]}}