{"id":7565,"date":"2023-09-09T10:14:16","date_gmt":"2023-09-09T08:14:16","guid":{"rendered":"https:\/\/gradido.net\/?p=7565"},"modified":"2026-04-23T07:08:15","modified_gmt":"2026-04-23T05:08:15","slug":"lieblingsstadt-11-grosse-kooperation-fuer-autarkie","status":"publish","type":"post","link":"https:\/\/gradido.net\/sv\/lieblingsstadt-11-grosse-kooperation-fuer-autarkie\/","title":{"rendered":"Favoritstad 11 - Bra samarbete f\u00f6r sj\u00e4lvf\u00f6rs\u00f6rjning"},"content":{"rendered":"<div data-elementor-type=\"wp-post\" data-elementor-id=\"7565\" class=\"elementor elementor-7565\" data-elementor-post-type=\"post\">\n\t\t\t\t\t\t<section class=\"elementor-section elementor-top-section elementor-element elementor-element-496e1d53 elementor-section-boxed elementor-section-height-default elementor-section-height-default\" data-id=\"496e1d53\" data-element_type=\"section\" data-e-type=\"section\">\n\t\t\t\t\t\t<div class=\"elementor-container elementor-column-gap-default\">\n\t\t\t\t\t<div class=\"elementor-column elementor-col-100 elementor-top-column elementor-element elementor-element-461d7be0\" data-id=\"461d7be0\" data-element_type=\"column\" data-e-type=\"column\">\n\t\t\t<div class=\"elementor-widget-wrap elementor-element-populated\">\n\t\t\t\t\t\t<div class=\"elementor-element elementor-element-cd9ebe2 elementor-widget elementor-widget-text-editor\" data-id=\"cd9ebe2\" data-element_type=\"widget\" data-e-type=\"widget\" data-widget_type=\"text-editor.default\">\n\t\t\t\t<div class=\"elementor-widget-container\">\n\t\t\t\t\t\t\t\t\t<p style=\"text-align: right;\"><em>\"I en tid av \u00f6kande kriser \u00e4r det helt enkelt oansvarigt att vara beroende av utl\u00e4ndska livsmedel. Vi b\u00f6r producera all mat vi beh\u00f6ver lokalt, helst i ekologisk kvalitet.\"<\/em><\/p><p>K\u00e4ra l\u00e4sare,<\/p><p>Efter att Lieblingsstadt har blivit en s\u00e4ker plats d\u00e4r m\u00e4nniskor kan r\u00f6ra sig tryggt och bekymmersfritt dag som natt, tar borgm\u00e4stare Michael Miteinand itu med n\u00e4sta stora fr\u00e5ga. Inspirerad av Andernach, den framg\u00e5ngsrika \"\u00e4tbara staden\", vill han g\u00f6ra Lieblingsstadt sj\u00e4lvf\u00f6rs\u00f6rjande p\u00e5 livsmedel.<\/p><p>\"I en tid av \u00f6kande kriser \u00e4r det helt enkelt oansvarigt att vara beroende av utl\u00e4ndsk mat. Vi b\u00f6r producera all mat vi beh\u00f6ver lokalt, helst i ekologisk kvalitet\", argumenterar Miteinand.<\/p><h3>Startm\u00f6te f\u00f6r sj\u00e4lvf\u00f6rs\u00f6rjning av livsmedel<\/h3><p>Michael kallar samman sitt expertteam. Han bjuder ocks\u00e5 in stadens favoritb\u00f6nder och tr\u00e4dg\u00e5rdsm\u00e4stare till m\u00f6tet. M\u00f6tet ska bli startskottet f\u00f6r ett \"stort samarbete f\u00f6r sj\u00e4lvf\u00f6rs\u00f6rjning\".<\/p><p>\"Jag har h\u00f6rt att man kan f\u00e5 enorma sk\u00f6rdar med permakultur p\u00e5 en mycket liten yta. Vem vet n\u00e5got om det?\" fr\u00e5gar han gruppen.<\/p><p>Sabrina, permakulturexpert och ordf\u00f6rande f\u00f6r favoritf\u00f6reningen f\u00f6r stadstr\u00e4dg\u00e5rdar, s\u00e4ger sitt:<\/p><p>\"Ja, det st\u00e4mmer. Permakultur syftar till att efterlikna naturliga ekosystem f\u00f6r att skapa h\u00e5llbara jordbrukssystem. Det handlar om att anv\u00e4nda marken effektivt och samtidigt fr\u00e4mja den biologiska m\u00e5ngfalden.\"<\/p>\t\t\t\t\t\t\t\t<\/div>\n\t\t\t\t<\/div>\n\t\t\t\t<div class=\"elementor-element elementor-element-b482206 elementor-widget elementor-widget-image\" data-id=\"b482206\" data-element_type=\"widget\" data-e-type=\"widget\" data-widget_type=\"image.default\">\n\t\t\t\t<div class=\"elementor-widget-container\">\n\t\t\t\t\t\t\t\t\t\t\t\t\t\t\t<img fetchpriority=\"high\" decoding=\"async\" width=\"500\" height=\"337\" src=\"https:\/\/gradido.net\/wp-content\/uploads\/2023\/09\/Ga\u0308rtnerin_500.jpg\" class=\"attachment-full size-full wp-image-7572\" alt=\"\" srcset=\"https:\/\/gradido.net\/wp-content\/uploads\/2023\/09\/Ga\u0308rtnerin_500.jpg 500w, https:\/\/gradido.net\/wp-content\/uploads\/2023\/09\/Ga\u0308rtnerin_500-300x202.jpg 300w, https:\/\/gradido.net\/wp-content\/uploads\/2023\/09\/Ga\u0308rtnerin_500-18x12.jpg 18w\" sizes=\"(max-width: 500px) 100vw, 500px\" \/>\t\t\t\t\t\t\t\t\t\t\t\t\t\t\t<\/div>\n\t\t\t\t<\/div>\n\t\t\t\t<div class=\"elementor-element elementor-element-c5e61d4 elementor-widget elementor-widget-text-editor\" data-id=\"c5e61d4\" data-element_type=\"widget\" data-e-type=\"widget\" data-widget_type=\"text-editor.default\">\n\t\t\t\t<div class=\"elementor-widget-container\">\n\t\t\t\t\t\t\t\t\t<h3>H\u00f6g avkastning med permakultur<\/h3><p>\"Hur uppst\u00e5r de h\u00f6ga avkastningarna?\" vill Michael veta.<\/p><p>\"\u00c5 ena sidan genom <strong>effektiv anv\u00e4ndning av utrymme<\/strong>: Permakulturprinciperna omfattar ofta vertikal odling, t.ex. kl\u00e4tterv\u00e4xter p\u00e5 v\u00e4ggar eller strukturer, flerskiktade b\u00e4ddar eller anv\u00e4ndning av sm\u00e5 ytor f\u00f6r en m\u00e4ngd olika v\u00e4xter. Detta kan \u00f6ka produktiviteten per kvadratmeter enormt.<\/p><p>Sedan genom <strong>Markens h\u00e4lsa<\/strong>: Permakultur fr\u00e4mjar tekniker som kompostering och mulching som bidrar till att f\u00f6rb\u00e4ttra jordens b\u00f6rdighet. En frisk jord ger friska v\u00e4xter som ger b\u00e4ttre avkastning.<\/p><p>Dessutom finns det <strong>M\u00e5ngfald av v\u00e4xter<\/strong>Genom att odla en m\u00e4ngd olika gr\u00f6dor kan skadedjur och sjukdomar bek\u00e4mpas och olika sk\u00f6rdar kan produceras samtidigt.<\/p><p>Detta resulterar i den ordspr\u00e5kiga <strong>H\u00e5llbarhet hos permakultursystem<\/strong>. Resurser som vatten anv\u00e4nds effektivt. Som ett resultat f\u00f6rblir avkastningen i stort sett stabil \u00e4ven under torka eller andra sv\u00e5ra f\u00f6rh\u00e5llanden.\"<\/p><h3>Finns det redan exempel?<\/h3><p>\"Var kan man hitta bra exempel p\u00e5 permakultur?\", undrar Michael<\/p><p>\"Permakultur anv\u00e4nds \u00f6ver hela v\u00e4rlden.  \u00c4ven i \u00f6kenomr\u00e5den finns det framg\u00e5ngsrika permakulturprojekt. S\u00e4rskilt imponerande n\u00e4r det g\u00e4ller <strong>Jordbruk i st\u00e4der<\/strong> Jag tycker att \"<strong>Urban hembygdsg\u00e5rd<\/strong>\" i Pasadena, Kalifornien, d\u00e4r en familj producerar en fantastisk m\u00e4ngd mat p\u00e5 mindre \u00e4n en fj\u00e4rdedel av en hektar.\"<\/p><p>\"Kan du ber\u00e4tta mer om det?\" fr\u00e5gar Siegbert, stadens kass\u00f6r.<\/p><p>\"Med gl\u00e4dje! The Urban Homestead producerar \u00f6ver 2700 kg mat per \u00e5r. De har redan odlat \u00f6ver 400 olika sorters frukt och gr\u00f6nsaker. De producerar ocks\u00e5 \u00e4gg och honung.\u00a0<\/p><p>Familjen anv\u00e4nder olika h\u00e5llbara metoder, bland annat kompostering, vattenbesparing genom droppbevattning, solenergi och uppf\u00f6dning av kycklingar och ankor f\u00f6r skadedjursbek\u00e4mpning.\"<\/p>\t\t\t\t\t\t\t\t<\/div>\n\t\t\t\t<\/div>\n\t\t\t\t<div class=\"elementor-element elementor-element-f223bb6 elementor-widget elementor-widget-image\" data-id=\"f223bb6\" data-element_type=\"widget\" data-e-type=\"widget\" data-widget_type=\"image.default\">\n\t\t\t\t<div class=\"elementor-widget-container\">\n\t\t\t\t\t\t\t\t\t\t\t\t\t\t\t<img decoding=\"async\" width=\"500\" height=\"337\" src=\"https:\/\/gradido.net\/wp-content\/uploads\/2023\/09\/Kompostbeha\u0308lter_500.jpg\" class=\"attachment-full size-full wp-image-7576\" alt=\"\" srcset=\"https:\/\/gradido.net\/wp-content\/uploads\/2023\/09\/Kompostbeha\u0308lter_500.jpg 500w, https:\/\/gradido.net\/wp-content\/uploads\/2023\/09\/Kompostbeha\u0308lter_500-300x202.jpg 300w, https:\/\/gradido.net\/wp-content\/uploads\/2023\/09\/Kompostbeha\u0308lter_500-18x12.jpg 18w\" sizes=\"(max-width: 500px) 100vw, 500px\" \/>\t\t\t\t\t\t\t\t\t\t\t\t\t\t\t<\/div>\n\t\t\t\t<\/div>\n\t\t\t\t<div class=\"elementor-element elementor-element-0499f3c elementor-widget elementor-widget-text-editor\" data-id=\"0499f3c\" data-element_type=\"widget\" data-e-type=\"widget\" data-widget_type=\"text-editor.default\">\n\t\t\t\t<div class=\"elementor-widget-container\">\n\t\t\t\t\t\t\t\t\t<p>\"Det g\u00f6r vi ocks\u00e5\", ber\u00e4ttar Reiner, som odlar ekologiska tr\u00e4dg\u00e5rdar.<\/p><p>\"Just det! Vi i tr\u00e4dg\u00e5rdsf\u00f6reningen f\u00f6rlitar oss ocks\u00e5 till stor del p\u00e5 permakultur\", till\u00e4gger Sabrina, \"dessutom arbetar n\u00e5gra av v\u00e5ra medlemmar med effektiva mikroorganismer. Andra experimenterar med Agnihotra och elektrokultur - vissa med fantastisk framg\u00e5ng.\"<\/p><h3>All kunskap \u00e4r tillg\u00e4nglig<\/h3><p>\"Tillsammans har vi mycket kunskap och know-how\", s\u00e4ger Michael n\u00f6jt, \"s\u00e5 vi kan skapa ett forsknings- och utvecklingsprojekt: ett pilotprojekt f\u00f6r sj\u00e4lvf\u00f6rs\u00f6rjande klimatv\u00e4nlig stadsutveckling...\"<\/p><p>\"Jag \u00e4r s\u00e4ker p\u00e5 att det finns subventioner f\u00f6r det\", misst\u00e4nker Siegbert.<\/p>\t\t\t\t\t\t\t\t<\/div>\n\t\t\t\t<\/div>\n\t\t\t\t<div class=\"elementor-element elementor-element-2ce76a0 elementor-widget elementor-widget-image\" data-id=\"2ce76a0\" data-element_type=\"widget\" data-e-type=\"widget\" data-widget_type=\"image.default\">\n\t\t\t\t<div class=\"elementor-widget-container\">\n\t\t\t\t\t\t\t\t\t\t\t\t\t\t\t<img decoding=\"async\" width=\"500\" height=\"337\" src=\"https:\/\/gradido.net\/wp-content\/uploads\/2023\/09\/Taschenrechner_500.jpg\" class=\"attachment-full size-full wp-image-7583\" alt=\"\" srcset=\"https:\/\/gradido.net\/wp-content\/uploads\/2023\/09\/Taschenrechner_500.jpg 500w, https:\/\/gradido.net\/wp-content\/uploads\/2023\/09\/Taschenrechner_500-300x202.jpg 300w, https:\/\/gradido.net\/wp-content\/uploads\/2023\/09\/Taschenrechner_500-18x12.jpg 18w\" sizes=\"(max-width: 500px) 100vw, 500px\" \/>\t\t\t\t\t\t\t\t\t\t\t\t\t\t\t<\/div>\n\t\t\t\t<\/div>\n\t\t\t\t<div class=\"elementor-element elementor-element-d19fa5e elementor-widget elementor-widget-text-editor\" data-id=\"d19fa5e\" data-element_type=\"widget\" data-e-type=\"widget\" data-widget_type=\"text-editor.default\">\n\t\t\t\t<div class=\"elementor-widget-container\">\n\t\t\t\t\t\t\t\t\t<h3>Har vi tillr\u00e4ckligt med odlingsbar mark?<\/h3><p>\"L\u00e5t oss g\u00f6ra lite grov matematik!\" Siegbert tar fram sin minir\u00e4knare. \"En kvarts hektar producerar 2700 kilogram mat per \u00e5r. L\u00e5t oss anta att en person \u00e4ter ett kilo per dag, d\u00e5 blir det 365 kilo per \u00e5r. En fj\u00e4rdedels hektar kan allts\u00e5 f\u00f6da n\u00e4stan 7,5 personer. Det \u00e4r 30 per hektar, s\u00e5 vi skulle beh\u00f6va cirka 670 hektar f\u00f6r v\u00e5ra 20 000 inv\u00e5nare. Men det \u00e4r inte lika varmt och sk\u00f6nt h\u00e4r som i Kalifornien.\"<\/p><p>\"Sepp Holzer, den ber\u00f6mde 'jordbruksrebellen', planterade citroner p\u00e5 1600 meters h\u00f6jd i \u00d6sterrike\", f\u00f6rklarar Sabrina. \"Men man beh\u00f6ver mycket kunskap och erfarenhet f\u00f6r att f\u00e5 s\u00e5dana sk\u00f6rdar.\"<\/p><p>\"V\u00e5r stads yta \u00e4r cirka 20 kvadratkilometer, varav 25% \u00e4r gr\u00f6nomr\u00e5den, det vill s\u00e4ga 5 kvadratkilometer eller 500 hektar. Ungef\u00e4r h\u00e4lften av detta \u00e4r offentlig mark. Men vi vill ju inte f\u00f6rvandla allt till k\u00f6kstr\u00e4dg\u00e5rdar, eller hur?\" s\u00e4ger Siegbert.<\/p><h3>Taktr\u00e4dg\u00e5rdar och vertikal odling<\/h3><p>\"I vissa st\u00e4der odlar folk till och med gr\u00f6nsaker p\u00e5 taken. Och har du n\u00e5gonsin h\u00f6rt talas om vertikal tr\u00e4dg\u00e5rdssk\u00f6tsel? M\u00e4nniskor planterar gr\u00f6nsaker p\u00e5 v\u00e4ggarna i sina hus. Betong\u00f6knar f\u00f6rvandlas till gr\u00f6na oaser. Det \u00e4r ocks\u00e5 bra f\u00f6r klimatet!\" s\u00e4ger Jennie, stadens klimatchef.<\/p>\t\t\t\t\t\t\t\t<\/div>\n\t\t\t\t<\/div>\n\t\t\t\t<div class=\"elementor-element elementor-element-4023560 elementor-widget elementor-widget-image\" data-id=\"4023560\" data-element_type=\"widget\" data-e-type=\"widget\" data-widget_type=\"image.default\">\n\t\t\t\t<div class=\"elementor-widget-container\">\n\t\t\t\t\t\t\t\t\t\t\t\t\t\t\t<img loading=\"lazy\" decoding=\"async\" width=\"500\" height=\"270\" src=\"https:\/\/gradido.net\/wp-content\/uploads\/2023\/09\/Vertical_Gardening_500.jpg\" class=\"attachment-large size-large wp-image-7601\" alt=\"\" srcset=\"https:\/\/gradido.net\/wp-content\/uploads\/2023\/09\/Vertical_Gardening_500.jpg 500w, https:\/\/gradido.net\/wp-content\/uploads\/2023\/09\/Vertical_Gardening_500-300x162.jpg 300w, https:\/\/gradido.net\/wp-content\/uploads\/2023\/09\/Vertical_Gardening_500-18x10.jpg 18w\" sizes=\"(max-width: 500px) 100vw, 500px\" \/>\t\t\t\t\t\t\t\t\t\t\t\t\t\t\t<\/div>\n\t\t\t\t<\/div>\n\t\t\t\t<div class=\"elementor-element elementor-element-32c8728 elementor-widget elementor-widget-text-editor\" data-id=\"32c8728\" data-element_type=\"widget\" data-e-type=\"widget\" data-widget_type=\"text-editor.default\">\n\t\t\t\t<div class=\"elementor-widget-container\">\n\t\t\t\t\t\t\t\t\t<h3>Ekologiskt och konventionellt - l\u00e5t oss samarbeta!<\/h3><p>\"Vi tr\u00e4dg\u00e5rdsm\u00e4stare och jordbrukare finns fortfarande kvar\", inflikar Reiner. \"I omr\u00e5det kring Lieblingsstadt odlas flera tusen hektar.<\/p><p>\"De flesta jordbrukare odlar konventionellt, precis som vi\", p\u00e5pekar Franz, \"Vi levererar fortfarande de h\u00f6gre avkastningarna.\"<\/p><p>\"Ja, b\u00e5da metoderna har sina f\u00f6r- och nackdelar och kan vara l\u00e4mpliga i olika sammanhang\", lugnar Michael, \"L\u00e5t oss samarbeta - f\u00f6r allas b\u00e4sta!\"<\/p>\t\t\t\t\t\t\t\t<\/div>\n\t\t\t\t<\/div>\n\t\t\t\t<div class=\"elementor-element elementor-element-7fcb08c elementor-widget elementor-widget-image\" data-id=\"7fcb08c\" data-element_type=\"widget\" data-e-type=\"widget\" data-widget_type=\"image.default\">\n\t\t\t\t<div class=\"elementor-widget-container\">\n\t\t\t\t\t\t\t\t\t\t\t\t\t\t\t<img loading=\"lazy\" decoding=\"async\" width=\"500\" height=\"337\" src=\"https:\/\/gradido.net\/wp-content\/uploads\/2023\/09\/Getreide_500.jpg\" class=\"attachment-full size-full wp-image-7587\" alt=\"\" srcset=\"https:\/\/gradido.net\/wp-content\/uploads\/2023\/09\/Getreide_500.jpg 500w, https:\/\/gradido.net\/wp-content\/uploads\/2023\/09\/Getreide_500-300x202.jpg 300w, https:\/\/gradido.net\/wp-content\/uploads\/2023\/09\/Getreide_500-18x12.jpg 18w\" sizes=\"(max-width: 500px) 100vw, 500px\" \/>\t\t\t\t\t\t\t\t\t\t\t\t\t\t\t<\/div>\n\t\t\t\t<\/div>\n\t\t\t\t<div class=\"elementor-element elementor-element-e6aa2b3 elementor-widget elementor-widget-text-editor\" data-id=\"e6aa2b3\" data-element_type=\"widget\" data-e-type=\"widget\" data-widget_type=\"text-editor.default\">\n\t\t\t\t<div class=\"elementor-widget-container\">\n\t\t\t\t\t\t\t\t\t<h3>Solidariskt jordbruk<\/h3><p>\"P\u00e5 tal om samarbete, k\u00e4nner ni till SoLaWi?\" fr\u00e5gar Jennie gruppen. \"Solidaritetsjordbruk \u00e4r en jordbruksmodell som syftar till ett n\u00e4ra samarbete mellan konsumenter och jordbrukare. I den h\u00e4r modellen b\u00e4r medlemmarna gemensamt kostnaderna f\u00f6r att driva en g\u00e5rd och delar p\u00e5 sk\u00f6rden. Det \u00e4r win-win f\u00f6r alla: jordbrukarna har en s\u00e4ker inkomst och medlemmarna f\u00e5r f\u00e4rsk ekologisk mat.\"<\/p><p>\"Mycket bra! S\u00e5 tillsammans har vi tillr\u00e4ckligt med omr\u00e5den, id\u00e9er och kompetenser f\u00f6r att g\u00f6ra staden sj\u00e4lvf\u00f6rs\u00f6rjande\", s\u00e4ger Michael n\u00f6jt. \"Sj\u00e4lvf\u00f6rs\u00f6rjning \u00e4r ett stort och omfattande \u00e5tagande. Vi kan bara g\u00f6ra det tillsammans. Vi b\u00f6r testa olika tillv\u00e4gag\u00e5ngss\u00e4tt f\u00f6r att se om de \u00e4r anv\u00e4ndbara och g\u00e4rna pr\u00f6va flera metoder, som i b\u00e4sta fall kompletterar varandra. Gradido, det bepr\u00f6vade systemet f\u00f6r hedersers\u00e4ttning, b\u00f6r ocks\u00e5 \u00e5terinf\u00f6ras. Detta kommer att ge oss m\u00e5nga frivilliga som vill arbeta entusiastiskt mot detta stora gemensamma m\u00e5l.\"<\/p>\t\t\t\t\t\t\t\t<\/div>\n\t\t\t\t<\/div>\n\t\t\t\t<div class=\"elementor-element elementor-element-e858257 elementor-widget-divider--view-line elementor-widget elementor-widget-divider\" data-id=\"e858257\" data-element_type=\"widget\" data-e-type=\"widget\" data-widget_type=\"divider.default\">\n\t\t\t\t<div class=\"elementor-widget-container\">\n\t\t\t\t\t\t\t<div class=\"elementor-divider\">\n\t\t\t<span class=\"elementor-divider-separator\">\n\t\t\t\t\t\t<\/span>\n\t\t<\/div>\n\t\t\t\t\t\t<\/div>\n\t\t\t\t<\/div>\n\t\t\t\t<div class=\"elementor-element elementor-element-d74dfa0 elementor-widget elementor-widget-text-editor\" data-id=\"d74dfa0\" data-element_type=\"widget\" data-e-type=\"widget\" data-widget_type=\"text-editor.default\">\n\t\t\t\t<div class=\"elementor-widget-container\">\n\t\t\t\t\t\t\t\t\t<div data-pm-slice=\"1 1 []\" data-en-clipboard=\"true\"><p>Den <strong>\"Bra samarbete<\/strong> kan ocks\u00e5 till\u00e4mpas p\u00e5 jordbruket. I det 11:e avsnittet av den popul\u00e4ra serien <strong>\"Gradido i favoritstaden\" <\/strong>l\u00e4ggs grunden f\u00f6r en sj\u00e4lvf\u00f6rs\u00f6rjande livsmedelsproduktion f\u00f6r staden. Som med alla de metoder som beskrivs ovan \u00e4r samarbete mycket b\u00e4ttre \u00e4n konkurrens. Frivilligt arbete bygger till stor del p\u00e5 samarbete. Med hj\u00e4lp av det frivilliga ers\u00e4ttningssystemet \"Gradido\" ers\u00e4tts frivilligt arbete med 20 Gradido per timme.<\/p><p>F\u00f6r Gradidos finns en m\u00e4ngd olika f\u00f6rm\u00e5ner och rabatter som kan utnyttjas hos lokala f\u00f6retag. Dessutom finns det ett livligt utbyte mellan medborgarna. Detta minskar kostnaderna f\u00f6r alla inblandade och stora projekt blir genomf\u00f6rbara. En win-win-win-situation f\u00f6r alla!<\/p><p><strong>Vidarebefordra g\u00e4rna denna serie till din kommunstyrelse, f\u00f6reningar och n\u00e4ringsidkare!<\/strong><\/p><p>Om vi inte g\u00f6r n\u00e5got nu kommer <strong>Ned\u00e5tg\u00e5ende spiral<\/strong> bort. Vi blir mer och mer beroende av livsmedel fr\u00e5n utlandet och v\u00e5rt inhemska jordbruk h\u00e5ller p\u00e5 att g\u00e5 omkull.<\/p><p>Med Gradido och det stora samarbetet genererar vi <strong>Upp\u00e5tg\u00e5ende spiraler<\/strong> att forma framtiden p\u00e5 ett positivt och h\u00e5llbart s\u00e4tt. Tillsammans f\u00f6rvandlar vi v\u00e5ra st\u00e4der och samh\u00e4llen till levande och blomstrande oaser - v\u00e5ra favoritplatser!<\/p><p>Med v\u00e4nliga h\u00e4lsningar<\/p><\/div><p>Din<\/p><p><img loading=\"lazy\" decoding=\"async\" class=\"alignnone wp-image-4614 size-medium\" src=\"https:\/\/gradido.net\/wp-content\/uploads\/2022\/06\/MargretBernd_2022-300x74.png\" alt=\"\" width=\"300\" height=\"74\" srcset=\"https:\/\/gradido.net\/wp-content\/uploads\/2022\/06\/MargretBernd_2022-300x74.png 300w, https:\/\/gradido.net\/wp-content\/uploads\/2022\/06\/MargretBernd_2022-18x4.png 18w, https:\/\/gradido.net\/wp-content\/uploads\/2022\/06\/MargretBernd_2022.png 431w\" sizes=\"(max-width: 300px) 100vw, 300px\" \/><\/p><p>Margret Baier och Bernd H\u00fcckst\u00e4dt<br \/>Gradidos grundare och utvecklare<\/p>\t\t\t\t\t\t\t\t<\/div>\n\t\t\t\t<\/div>\n\t\t\t\t\t<\/div>\n\t\t<\/div>\n\t\t\t\t\t<\/div>\n\t\t<\/section>\n\t\t\t\t<section class=\"elementor-section elementor-top-section elementor-element elementor-element-e4767e0 elementor-section-boxed elementor-section-height-default elementor-section-height-default\" data-id=\"e4767e0\" data-element_type=\"section\" data-e-type=\"section\">\n\t\t\t\t\t\t<div class=\"elementor-container elementor-column-gap-default\">\n\t\t\t\t\t<div class=\"elementor-column elementor-col-100 elementor-top-column elementor-element elementor-element-3af9904\" data-id=\"3af9904\" data-element_type=\"column\" data-e-type=\"column\">\n\t\t\t<div class=\"elementor-widget-wrap elementor-element-populated\">\n\t\t\t\t\t\t<div class=\"elementor-element elementor-element-7643008 elementor-position-inline-start white-links elementor-widget__width-initial elementor-view-default elementor-mobile-position-block-start elementor-widget elementor-widget-icon-box\" data-id=\"7643008\" data-element_type=\"widget\" data-e-type=\"widget\" data-no-translation=\"\" data-widget_type=\"icon-box.default\">\n\t\t\t\t<div class=\"elementor-widget-container\">\n\t\t\t\t\t<style>.elementor-element-7643008{display:none !important}<\/style>\t\t\t\t<\/div>\n\t\t\t\t<\/div>\n\t\t\t\t\t<\/div>\n\t\t<\/div>\n\t\t\t\t\t<\/div>\n\t\t<\/section>\n\t\t\t\t<section class=\"elementor-section elementor-top-section elementor-element elementor-element-14532fe elementor-section-boxed elementor-section-height-default elementor-section-height-default\" data-id=\"14532fe\" data-element_type=\"section\" data-e-type=\"section\">\n\t\t\t\t\t\t<div class=\"elementor-container elementor-column-gap-default\">\n\t\t\t\t\t<div class=\"elementor-column elementor-col-100 elementor-top-column elementor-element elementor-element-65d2298\" data-id=\"65d2298\" data-element_type=\"column\" data-e-type=\"column\">\n\t\t\t<div class=\"elementor-widget-wrap elementor-element-populated\">\n\t\t\t\t\t\t<div class=\"elementor-element elementor-element-0a35dba elementor-widget elementor-widget-global elementor-global-9341 elementor-widget-text-editor\" data-id=\"0a35dba\" data-element_type=\"widget\" data-e-type=\"widget\" data-widget_type=\"text-editor.default\">\n\t\t\t\t<div class=\"elementor-widget-container\">\n\t\t\t\t\t\t\t\t\t<p><strong>PS:\u00a0<span style=\"color: #ff6600;\"><a style=\"color: #ff6600;\" href=\"https:\/\/gradido.net\/sv\/donations\/\">P\u00e5 grund av Gradidos st\u00e4ndigt \u00f6kande betydelse upprepar vi v\u00e5r tacksamhetskampanj den 26 juni 2026:<\/a>\u00a0<\/span><span style=\"color: #0000ff;\"><a style=\"color: #0000ff;\" href=\"https:\/\/gradido.net\/sv\/donations\/\">F\u00f6rutom den multipla GradidoTransform f\u00f6r ditt sponsorbidrag, kommer vi att \u00f6ka alla GDT-kontosaldon med 26% den 26\/06\/2016. Sponsra nu och njut av det multipla beloppet av GDT!<\/a><\/span><\/strong><\/p>\t\t\t\t\t\t\t\t<\/div>\n\t\t\t\t<\/div>\n\t\t\t\t\t<\/div>\n\t\t<\/div>\n\t\t\t\t\t<\/div>\n\t\t<\/section>\n\t\t\t\t<\/div>","protected":false},"excerpt":{"rendered":"<p>Inspirerad av Andernach, den \"\u00e4tbara staden\" och andra framg\u00e5ngsrika exempel p\u00e5 stadsodling, str\u00e4var Lieblingsstadt efter att bli sj\u00e4lvf\u00f6rs\u00f6rjande p\u00e5 livsmedel.<\/p>","protected":false},"author":2,"featured_media":7568,"comment_status":"closed","ping_status":"closed","sticky":false,"template":"","format":"standard","meta":{"footnotes":""},"categories":[11,53],"tags":[49],"class_list":["post-7565","post","type-post","status-publish","format-standard","has-post-thumbnail","hentry","category-blog","category-lieblingsstadt","tag-grosse-kooperation"],"yoast_head":"<!-- This site is optimized with the Yoast SEO plugin v27.5 - https:\/\/yoast.com\/product\/yoast-seo-wordpress\/ -->\n<title>Lieblingsstadt 11 \u2013 Gro\u00dfe Kooperation f\u00fcr Autarkie - Gradido<\/title>\n<meta name=\"description\" content=\"Inspiriert von Andernach, der \u201aEssbaren Stadt\u2018 und anderen erfolgreichen Beispielen f\u00fcr urbane Landwirtschaft soll Lieblingsstadt Lebensmittel-autark werden.\" \/>\n<meta name=\"robots\" content=\"index, follow, max-snippet:-1, max-image-preview:large, max-video-preview:-1\" \/>\n<link rel=\"canonical\" href=\"https:\/\/gradido.net\/sv\/lieblingsstadt-11-grosse-kooperation-fuer-autarkie\/\" \/>\n<meta property=\"og:locale\" content=\"sv_SE\" \/>\n<meta property=\"og:type\" content=\"article\" \/>\n<meta property=\"og:title\" content=\"Lieblingsstadt 11 \u2013 Gro\u00dfe Kooperation f\u00fcr Autarkie - Gradido\" \/>\n<meta property=\"og:description\" content=\"Inspiriert von Andernach, der \u201aEssbaren Stadt\u2018 und anderen erfolgreichen Beispielen f\u00fcr urbane Landwirtschaft soll Lieblingsstadt Lebensmittel-autark werden.\" \/>\n<meta property=\"og:url\" content=\"https:\/\/gradido.net\/sv\/lieblingsstadt-11-grosse-kooperation-fuer-autarkie\/\" \/>\n<meta property=\"og:site_name\" content=\"Gradido\" \/>\n<meta property=\"article:published_time\" content=\"2023-09-09T08:14:16+00:00\" \/>\n<meta property=\"article:modified_time\" content=\"2026-04-23T05:08:15+00:00\" \/>\n<meta property=\"og:image\" content=\"https:\/\/gradido.net\/wp-content\/uploads\/2023\/09\/Dachgarten_1920_2.jpg\" \/>\n\t<meta property=\"og:image:width\" content=\"1920\" \/>\n\t<meta property=\"og:image:height\" content=\"1200\" \/>\n\t<meta property=\"og:image:type\" content=\"image\/jpeg\" \/>\n<meta name=\"author\" content=\"Bernd H\u00fcckst\u00e4dt\" \/>\n<meta name=\"twitter:card\" content=\"summary_large_image\" \/>\n<meta name=\"twitter:label1\" content=\"Skriven av\" \/>\n\t<meta name=\"twitter:data1\" content=\"Bernd H\u00fcckst\u00e4dt\" \/>\n\t<meta name=\"twitter:label2\" content=\"Ber\u00e4knad l\u00e4stid\" \/>\n\t<meta name=\"twitter:data2\" content=\"8 minuter\" \/>\n<script type=\"application\/ld+json\" class=\"yoast-schema-graph\">{\"@context\":\"https:\\\/\\\/schema.org\",\"@graph\":[{\"@type\":\"Article\",\"@id\":\"https:\\\/\\\/gradido.net\\\/lieblingsstadt-11-grosse-kooperation-fuer-autarkie\\\/#article\",\"isPartOf\":{\"@id\":\"https:\\\/\\\/gradido.net\\\/lieblingsstadt-11-grosse-kooperation-fuer-autarkie\\\/\"},\"author\":{\"name\":\"Bernd H\u00fcckst\u00e4dt\",\"@id\":\"https:\\\/\\\/gradido.net\\\/de\\\/#\\\/schema\\\/person\\\/9c503a004ad15a1ddecadce2218db5d1\"},\"headline\":\"Lieblingsstadt 11 \u2013 Gro\u00dfe Kooperation f\u00fcr Autarkie\",\"datePublished\":\"2023-09-09T08:14:16+00:00\",\"dateModified\":\"2026-04-23T05:08:15+00:00\",\"mainEntityOfPage\":{\"@id\":\"https:\\\/\\\/gradido.net\\\/lieblingsstadt-11-grosse-kooperation-fuer-autarkie\\\/\"},\"wordCount\":1287,\"publisher\":{\"@id\":\"https:\\\/\\\/gradido.net\\\/de\\\/#organization\"},\"image\":{\"@id\":\"https:\\\/\\\/gradido.net\\\/lieblingsstadt-11-grosse-kooperation-fuer-autarkie\\\/#primaryimage\"},\"thumbnailUrl\":\"https:\\\/\\\/gradido.net\\\/wp-content\\\/uploads\\\/2023\\\/09\\\/Dachgarten_1920_2.jpg\",\"keywords\":[\"Gro\u00dfe Kooperation\"],\"articleSection\":[\"Blog\",\"Lieblingsstadt\"],\"inLanguage\":\"sv-SE\"},{\"@type\":\"WebPage\",\"@id\":\"https:\\\/\\\/gradido.net\\\/lieblingsstadt-11-grosse-kooperation-fuer-autarkie\\\/\",\"url\":\"https:\\\/\\\/gradido.net\\\/lieblingsstadt-11-grosse-kooperation-fuer-autarkie\\\/\",\"name\":\"Lieblingsstadt 11 \u2013 Gro\u00dfe Kooperation f\u00fcr Autarkie - Gradido\",\"isPartOf\":{\"@id\":\"https:\\\/\\\/gradido.net\\\/de\\\/#website\"},\"primaryImageOfPage\":{\"@id\":\"https:\\\/\\\/gradido.net\\\/lieblingsstadt-11-grosse-kooperation-fuer-autarkie\\\/#primaryimage\"},\"image\":{\"@id\":\"https:\\\/\\\/gradido.net\\\/lieblingsstadt-11-grosse-kooperation-fuer-autarkie\\\/#primaryimage\"},\"thumbnailUrl\":\"https:\\\/\\\/gradido.net\\\/wp-content\\\/uploads\\\/2023\\\/09\\\/Dachgarten_1920_2.jpg\",\"datePublished\":\"2023-09-09T08:14:16+00:00\",\"dateModified\":\"2026-04-23T05:08:15+00:00\",\"description\":\"Inspiriert von Andernach, der \u201aEssbaren Stadt\u2018 und anderen erfolgreichen Beispielen f\u00fcr urbane Landwirtschaft soll Lieblingsstadt Lebensmittel-autark werden.\",\"breadcrumb\":{\"@id\":\"https:\\\/\\\/gradido.net\\\/lieblingsstadt-11-grosse-kooperation-fuer-autarkie\\\/#breadcrumb\"},\"inLanguage\":\"sv-SE\",\"potentialAction\":[{\"@type\":\"ReadAction\",\"target\":[\"https:\\\/\\\/gradido.net\\\/lieblingsstadt-11-grosse-kooperation-fuer-autarkie\\\/\"]}]},{\"@type\":\"ImageObject\",\"inLanguage\":\"sv-SE\",\"@id\":\"https:\\\/\\\/gradido.net\\\/lieblingsstadt-11-grosse-kooperation-fuer-autarkie\\\/#primaryimage\",\"url\":\"https:\\\/\\\/gradido.net\\\/wp-content\\\/uploads\\\/2023\\\/09\\\/Dachgarten_1920_2.jpg\",\"contentUrl\":\"https:\\\/\\\/gradido.net\\\/wp-content\\\/uploads\\\/2023\\\/09\\\/Dachgarten_1920_2.jpg\",\"width\":1920,\"height\":1200},{\"@type\":\"BreadcrumbList\",\"@id\":\"https:\\\/\\\/gradido.net\\\/lieblingsstadt-11-grosse-kooperation-fuer-autarkie\\\/#breadcrumb\",\"itemListElement\":[{\"@type\":\"ListItem\",\"position\":1,\"name\":\"Startseite\",\"item\":\"https:\\\/\\\/gradido.net\\\/\"},{\"@type\":\"ListItem\",\"position\":2,\"name\":\"Lieblingsstadt 11 \u2013 Gro\u00dfe Kooperation f\u00fcr Autarkie\"}]},{\"@type\":\"WebSite\",\"@id\":\"https:\\\/\\\/gradido.net\\\/de\\\/#website\",\"url\":\"https:\\\/\\\/gradido.net\\\/de\\\/\",\"name\":\"Gradido\",\"description\":\"Die neue W\u00e4hrung hei\u00dft Dankbarkeit\",\"publisher\":{\"@id\":\"https:\\\/\\\/gradido.net\\\/de\\\/#organization\"},\"potentialAction\":[{\"@type\":\"SearchAction\",\"target\":{\"@type\":\"EntryPoint\",\"urlTemplate\":\"https:\\\/\\\/gradido.net\\\/de\\\/?s={search_term_string}\"},\"query-input\":{\"@type\":\"PropertyValueSpecification\",\"valueRequired\":true,\"valueName\":\"search_term_string\"}}],\"inLanguage\":\"sv-SE\"},{\"@type\":\"Organization\",\"@id\":\"https:\\\/\\\/gradido.net\\\/de\\\/#organization\",\"name\":\"Gradido\",\"url\":\"https:\\\/\\\/gradido.net\\\/de\\\/\",\"logo\":{\"@type\":\"ImageObject\",\"inLanguage\":\"sv-SE\",\"@id\":\"https:\\\/\\\/gradido.net\\\/de\\\/#\\\/schema\\\/logo\\\/image\\\/\",\"url\":\"https:\\\/\\\/gradido.net\\\/wp-content\\\/uploads\\\/2022\\\/04\\\/gradido-social.jpg\",\"contentUrl\":\"https:\\\/\\\/gradido.net\\\/wp-content\\\/uploads\\\/2022\\\/04\\\/gradido-social.jpg\",\"width\":527,\"height\":273,\"caption\":\"Gradido\"},\"image\":{\"@id\":\"https:\\\/\\\/gradido.net\\\/de\\\/#\\\/schema\\\/logo\\\/image\\\/\"}},{\"@type\":\"Person\",\"@id\":\"https:\\\/\\\/gradido.net\\\/de\\\/#\\\/schema\\\/person\\\/9c503a004ad15a1ddecadce2218db5d1\",\"name\":\"Bernd H\u00fcckst\u00e4dt\",\"sameAs\":[\"https:\\\/\\\/gradido.net\"],\"url\":\"https:\\\/\\\/gradido.net\\\/sv\\\/author\\\/bernd\\\/\"}]}<\/script>\n<!-- \/ Yoast SEO plugin. -->","yoast_head_json":{"title":"Favoritstad 11 - Bra samarbete f\u00f6r sj\u00e4lvf\u00f6rs\u00f6rjning - Gradido","description":"Inspirerad av Andernach, den \"\u00e4tbara staden\" och andra framg\u00e5ngsrika exempel p\u00e5 stadsodling, str\u00e4var Lieblingsstadt efter att bli sj\u00e4lvf\u00f6rs\u00f6rjande p\u00e5 livsmedel.","robots":{"index":"index","follow":"follow","max-snippet":"max-snippet:-1","max-image-preview":"max-image-preview:large","max-video-preview":"max-video-preview:-1"},"canonical":"https:\/\/gradido.net\/sv\/lieblingsstadt-11-grosse-kooperation-fuer-autarkie\/","og_locale":"sv_SE","og_type":"article","og_title":"Lieblingsstadt 11 \u2013 Gro\u00dfe Kooperation f\u00fcr Autarkie - Gradido","og_description":"Inspiriert von Andernach, der \u201aEssbaren Stadt\u2018 und anderen erfolgreichen Beispielen f\u00fcr urbane Landwirtschaft soll Lieblingsstadt Lebensmittel-autark werden.","og_url":"https:\/\/gradido.net\/sv\/lieblingsstadt-11-grosse-kooperation-fuer-autarkie\/","og_site_name":"Gradido","article_published_time":"2023-09-09T08:14:16+00:00","article_modified_time":"2026-04-23T05:08:15+00:00","og_image":[{"width":1920,"height":1200,"url":"https:\/\/gradido.net\/wp-content\/uploads\/2023\/09\/Dachgarten_1920_2.jpg","type":"image\/jpeg"}],"author":"Bernd H\u00fcckst\u00e4dt","twitter_card":"summary_large_image","twitter_misc":{"Skriven av":"Bernd H\u00fcckst\u00e4dt","Ber\u00e4knad l\u00e4stid":"8 minuter"},"schema":{"@context":"https:\/\/schema.org","@graph":[{"@type":"Article","@id":"https:\/\/gradido.net\/lieblingsstadt-11-grosse-kooperation-fuer-autarkie\/#article","isPartOf":{"@id":"https:\/\/gradido.net\/lieblingsstadt-11-grosse-kooperation-fuer-autarkie\/"},"author":{"name":"Bernd H\u00fcckst\u00e4dt","@id":"https:\/\/gradido.net\/de\/#\/schema\/person\/9c503a004ad15a1ddecadce2218db5d1"},"headline":"Lieblingsstadt 11 \u2013 Gro\u00dfe Kooperation f\u00fcr Autarkie","datePublished":"2023-09-09T08:14:16+00:00","dateModified":"2026-04-23T05:08:15+00:00","mainEntityOfPage":{"@id":"https:\/\/gradido.net\/lieblingsstadt-11-grosse-kooperation-fuer-autarkie\/"},"wordCount":1287,"publisher":{"@id":"https:\/\/gradido.net\/de\/#organization"},"image":{"@id":"https:\/\/gradido.net\/lieblingsstadt-11-grosse-kooperation-fuer-autarkie\/#primaryimage"},"thumbnailUrl":"https:\/\/gradido.net\/wp-content\/uploads\/2023\/09\/Dachgarten_1920_2.jpg","keywords":["Gro\u00dfe Kooperation"],"articleSection":["Blog","Lieblingsstadt"],"inLanguage":"sv-SE"},{"@type":"WebPage","@id":"https:\/\/gradido.net\/lieblingsstadt-11-grosse-kooperation-fuer-autarkie\/","url":"https:\/\/gradido.net\/lieblingsstadt-11-grosse-kooperation-fuer-autarkie\/","name":"Favoritstad 11 - Bra samarbete f\u00f6r sj\u00e4lvf\u00f6rs\u00f6rjning - Gradido","isPartOf":{"@id":"https:\/\/gradido.net\/de\/#website"},"primaryImageOfPage":{"@id":"https:\/\/gradido.net\/lieblingsstadt-11-grosse-kooperation-fuer-autarkie\/#primaryimage"},"image":{"@id":"https:\/\/gradido.net\/lieblingsstadt-11-grosse-kooperation-fuer-autarkie\/#primaryimage"},"thumbnailUrl":"https:\/\/gradido.net\/wp-content\/uploads\/2023\/09\/Dachgarten_1920_2.jpg","datePublished":"2023-09-09T08:14:16+00:00","dateModified":"2026-04-23T05:08:15+00:00","description":"Inspirerad av Andernach, den \"\u00e4tbara staden\" och andra framg\u00e5ngsrika exempel p\u00e5 stadsodling, str\u00e4var Lieblingsstadt efter att bli sj\u00e4lvf\u00f6rs\u00f6rjande p\u00e5 livsmedel.","breadcrumb":{"@id":"https:\/\/gradido.net\/lieblingsstadt-11-grosse-kooperation-fuer-autarkie\/#breadcrumb"},"inLanguage":"sv-SE","potentialAction":[{"@type":"ReadAction","target":["https:\/\/gradido.net\/lieblingsstadt-11-grosse-kooperation-fuer-autarkie\/"]}]},{"@type":"ImageObject","inLanguage":"sv-SE","@id":"https:\/\/gradido.net\/lieblingsstadt-11-grosse-kooperation-fuer-autarkie\/#primaryimage","url":"https:\/\/gradido.net\/wp-content\/uploads\/2023\/09\/Dachgarten_1920_2.jpg","contentUrl":"https:\/\/gradido.net\/wp-content\/uploads\/2023\/09\/Dachgarten_1920_2.jpg","width":1920,"height":1200},{"@type":"BreadcrumbList","@id":"https:\/\/gradido.net\/lieblingsstadt-11-grosse-kooperation-fuer-autarkie\/#breadcrumb","itemListElement":[{"@type":"ListItem","position":1,"name":"Startseite","item":"https:\/\/gradido.net\/"},{"@type":"ListItem","position":2,"name":"Lieblingsstadt 11 \u2013 Gro\u00dfe Kooperation f\u00fcr Autarkie"}]},{"@type":"WebSite","@id":"https:\/\/gradido.net\/de\/#website","url":"https:\/\/gradido.net\/de\/","name":"Gradido","description":"Den nya valutan \u00e4r tacksamhet","publisher":{"@id":"https:\/\/gradido.net\/de\/#organization"},"potentialAction":[{"@type":"SearchAction","target":{"@type":"EntryPoint","urlTemplate":"https:\/\/gradido.net\/de\/?s={search_term_string}"},"query-input":{"@type":"PropertyValueSpecification","valueRequired":true,"valueName":"search_term_string"}}],"inLanguage":"sv-SE"},{"@type":"Organization","@id":"https:\/\/gradido.net\/de\/#organization","name":"Gradido","url":"https:\/\/gradido.net\/de\/","logo":{"@type":"ImageObject","inLanguage":"sv-SE","@id":"https:\/\/gradido.net\/de\/#\/schema\/logo\/image\/","url":"https:\/\/gradido.net\/wp-content\/uploads\/2022\/04\/gradido-social.jpg","contentUrl":"https:\/\/gradido.net\/wp-content\/uploads\/2022\/04\/gradido-social.jpg","width":527,"height":273,"caption":"Gradido"},"image":{"@id":"https:\/\/gradido.net\/de\/#\/schema\/logo\/image\/"}},{"@type":"Person","@id":"https:\/\/gradido.net\/de\/#\/schema\/person\/9c503a004ad15a1ddecadce2218db5d1","name":"Bernd H\u00fcckst\u00e4dt","sameAs":["https:\/\/gradido.net"],"url":"https:\/\/gradido.net\/sv\/author\/bernd\/"}]}},"_links":{"self":[{"href":"https:\/\/gradido.net\/sv\/wp-json\/wp\/v2\/posts\/7565","targetHints":{"allow":["GET"]}}],"collection":[{"href":"https:\/\/gradido.net\/sv\/wp-json\/wp\/v2\/posts"}],"about":[{"href":"https:\/\/gradido.net\/sv\/wp-json\/wp\/v2\/types\/post"}],"author":[{"embeddable":true,"href":"https:\/\/gradido.net\/sv\/wp-json\/wp\/v2\/users\/2"}],"replies":[{"embeddable":true,"href":"https:\/\/gradido.net\/sv\/wp-json\/wp\/v2\/comments?post=7565"}],"version-history":[{"count":58,"href":"https:\/\/gradido.net\/sv\/wp-json\/wp\/v2\/posts\/7565\/revisions"}],"predecessor-version":[{"id":13539,"href":"https:\/\/gradido.net\/sv\/wp-json\/wp\/v2\/posts\/7565\/revisions\/13539"}],"wp:featuredmedia":[{"embeddable":true,"href":"https:\/\/gradido.net\/sv\/wp-json\/wp\/v2\/media\/7568"}],"wp:attachment":[{"href":"https:\/\/gradido.net\/sv\/wp-json\/wp\/v2\/media?parent=7565"}],"wp:term":[{"taxonomy":"category","embeddable":true,"href":"https:\/\/gradido.net\/sv\/wp-json\/wp\/v2\/categories?post=7565"},{"taxonomy":"post_tag","embeddable":true,"href":"https:\/\/gradido.net\/sv\/wp-json\/wp\/v2\/tags?post=7565"}],"curies":[{"name":"wp","href":"https:\/\/api.w.org\/{rel}","templated":true}]}}