{"id":8075,"date":"2023-11-01T09:19:21","date_gmt":"2023-11-01T08:19:21","guid":{"rendered":"https:\/\/gradido.net\/?p=8075"},"modified":"2026-04-24T08:04:33","modified_gmt":"2026-04-24T06:04:33","slug":"gradido-2-0-dezentrale-gradido-server","status":"publish","type":"post","link":"https:\/\/gradido.net\/sv\/gradido-2-0-dezentrale-gradido-server\/","title":{"rendered":"Gradido 2.0 - Decentraliserad Gradido Server"},"content":{"rendered":"<div data-elementor-type=\"wp-post\" data-elementor-id=\"8075\" class=\"elementor elementor-8075\" data-elementor-post-type=\"post\">\n\t\t\t\t\t\t<section class=\"elementor-section elementor-top-section elementor-element elementor-element-496e1d53 elementor-section-boxed elementor-section-height-default elementor-section-height-default\" data-id=\"496e1d53\" data-element_type=\"section\" data-e-type=\"section\">\n\t\t\t\t\t\t<div class=\"elementor-container elementor-column-gap-default\">\n\t\t\t\t\t<div class=\"elementor-column elementor-col-100 elementor-top-column elementor-element elementor-element-461d7be0\" data-id=\"461d7be0\" data-element_type=\"column\" data-e-type=\"column\">\n\t\t\t<div class=\"elementor-widget-wrap elementor-element-populated\">\n\t\t\t\t\t\t<div class=\"elementor-element elementor-element-cd9ebe2 elementor-widget elementor-widget-text-editor\" data-id=\"cd9ebe2\" data-element_type=\"widget\" data-e-type=\"widget\" data-widget_type=\"text-editor.default\">\n\t\t\t\t<div class=\"elementor-widget-container\">\n\t\t\t\t\t\t\t\t\t<p style=\"text-align: right;\"><em>\"Det som inte \u00e4r m\u00f6jligt f\u00f6r den enskilde kan m\u00e5nga \u00e5stadkomma.\"<br \/>- Friedrich Wilhelm Raiffeisen<br \/><\/em><\/p><p>K\u00e4ra l\u00e4sare,<\/p><p>\u00c4ntligen \u00e4r det dags: Gradido blir decentraliserat! Med Gradido 2.0 kan vi nu uppfylla m\u00e5nga deltagares \u00f6nskan om att organisera sitt samh\u00e4lle sj\u00e4lvst\u00e4ndigt. Detta f\u00f6r oss mycket n\u00e4rmare dr\u00f6mmen om ett m\u00e4nskligt, decentraliserat betalningssystem som kan bidra till v\u00e4lst\u00e5nd och fred f\u00f6r hela den m\u00e4nskliga familjen. Tusen tack till de h\u00e5rt arbetande programmerarna och till er, k\u00e4ra supportrar, som med era <a href=\"https:\/\/gradido.net\/sv\/memberships\/\" target=\"_blank\" rel=\"noopener\">Avgifter f\u00f6r medlemskap och sponsring<\/a> gjort denna s\u00e5 viktiga utveckling m\u00f6jlig! Och ocks\u00e5 tusen tack till alla aktiva m\u00e4nniskor som bidrar med sina mycket speciella g\u00e5vor och potentialer f\u00f6r att lyckas med v\u00e5rt stora gemensamma m\u00e5l!<\/p><h2>Cykliska kollapser i det gamla systemet<\/h2><p>Som ni vet kollapsar det gamla skuldpenningsystemet med n\u00e5gra decenniers mellanrum p\u00e5 grund av dess inneboende tillv\u00e4xtbegr\u00e4nsning och nollsummespel. Den senaste g\u00e5ngen var under andra v\u00e4rldskriget. F\u00f6r n\u00e4rvarande hotar en ny kollaps. Kanske fr\u00e5gar du dig sj\u00e4lv om vi fortfarande kan lyckas avv\u00e4rja det v\u00e4rsta tillsammans i tid? Vi vill ju trots allt l\u00e4mna en v\u00e4rld v\u00e4rd att leva i till v\u00e5ra barn och framtida generationer.<\/p><h2>Naturen ger l\u00f6sningen<\/h2><p>I Gradido Academy har vi arbetat med ekonomisk bionik i \u00f6ver tjugo \u00e5r. Vi forskar om naturens livslagar och det finansiella systemets livsfientliga mekanismer. Baserat p\u00e5 resultaten har vi utvecklat Natural Economy of Life f\u00f6r v\u00e4rldsomsp\u00e4nnande v\u00e4lst\u00e5nd och fred i harmoni med naturen, kort sagt: Gradido.<\/p><h2>Decentraliserade \"fr\u00f6n\" till en levande organism<\/h2><p>Som \u00f6verallt i den levande naturen finns fr\u00f6et f\u00f6rst, i vilket hela organismen redan \u00e4r anlagd. Gradido \u00e4r f\u00f6r n\u00e4rvarande ett hedersrelaterat ers\u00e4ttningssystem. Det har alla tillg\u00e5ngar f\u00f6r att skalas upp decentraliserat \u00f6ver hela v\u00e4rlden om det visar sig fungera och m\u00e4nniskor vill ha det.<\/p><p>Med Gradido 2.0 och dess decentraliserade servrar \u00f6verl\u00e4mnar vi Gradido steg f\u00f6r steg till den m\u00e4nskliga familjen. Gradido \u00e4r \u00f6ppen k\u00e4llkod. K\u00e4llkoden \u00e4r \u00f6ppen. Vem som helst kan ladda ner den och driva en communityserver, f\u00f6rutsatt att han eller hon har den tekniska kunskapen f\u00f6r att g\u00f6ra det.<\/p><h2>Hur du skaffar en egen Gradido-server<\/h2><p>Om du vill driva en egen community-server i din community b\u00f6r du ta h\u00e4nsyn till f\u00f6ljande fr\u00e5gor:<\/p><ol><li>\u00c4r din community tillr\u00e4ckligt stor f\u00f6r att det ska l\u00f6na sig att driva en server, eller \u00e4r det kanske mer meningsfullt att driva en server tillsammans med andra communities?<\/li><li>Har ni IT-proffs i er kommun som kan installera och driva en server, eller f\u00f6redrar ni att anlita en professionell leverant\u00f6r som erbjuder Managed Gradido Hosting?<\/li><\/ol><p><span style=\"color: #ffffff;\">.<\/span><\/p><p>Naturligtvis kommer vi inte att l\u00e4mna dig ensam med dina fr\u00e5gor. Kontakta oss helt enkelt via e-post <a href=\"mailto:support@gradido.net\" target=\"_blank\" rel=\"noopener\">support@gradido.net<\/a>. Sedan kommer vi att diskutera allt och st\u00f6dja dig i n\u00e4sta steg.<\/p><h2>Tillsammans bygger vi ett decentraliserat ers\u00e4ttningssystem<\/h2><p>Prata med m\u00e4nniskorna i ditt samh\u00e4lle om de fantastiska m\u00f6jligheter som din egen samh\u00e4llsserver erbjuder dig! Ist\u00e4llet f\u00f6r att klaga p\u00e5 det gamla skuldpenningssystemet, bidra till att bygga ett nytt decentraliserat betalningssystem f\u00f6r m\u00e4nniskor och natur tillsammans. Gradido har potential att skapa v\u00e4lst\u00e5nd, fred och frihet f\u00f6r hela den m\u00e4nskliga familjen - f\u00f6r v\u00e5r egen, v\u00e5ra barns och framtida generationers skull.<\/p>\t\t\t\t\t\t\t\t<\/div>\n\t\t\t\t<\/div>\n\t\t\t\t<div class=\"elementor-element elementor-element-d74dfa0 elementor-widget elementor-widget-text-editor\" data-id=\"d74dfa0\" data-element_type=\"widget\" data-e-type=\"widget\" data-widget_type=\"text-editor.default\">\n\t\t\t\t<div class=\"elementor-widget-container\">\n\t\t\t\t\t\t\t\t\t<div data-pm-slice=\"1 1 []\" data-en-clipboard=\"true\"><p>Med v\u00e4nliga h\u00e4lsningar<\/p><\/div><p>Din<\/p><p><img decoding=\"async\" class=\"alignnone wp-image-4614 size-medium\" src=\"https:\/\/gradido.net\/wp-content\/uploads\/2022\/06\/MargretBernd_2022-300x74.png\" alt=\"\" width=\"300\" height=\"74\" srcset=\"https:\/\/gradido.net\/wp-content\/uploads\/2022\/06\/MargretBernd_2022-300x74.png 300w, https:\/\/gradido.net\/wp-content\/uploads\/2022\/06\/MargretBernd_2022-18x4.png 18w, https:\/\/gradido.net\/wp-content\/uploads\/2022\/06\/MargretBernd_2022.png 431w\" sizes=\"(max-width: 300px) 100vw, 300px\" \/><\/p><p>Margret Baier och Bernd H\u00fcckst\u00e4dt<br \/>Gradidos grundare och utvecklare<\/p>\t\t\t\t\t\t\t\t<\/div>\n\t\t\t\t<\/div>\n\t\t\t\t\t<\/div>\n\t\t<\/div>\n\t\t\t\t\t<\/div>\n\t\t<\/section>\n\t\t\t\t<section class=\"elementor-section elementor-top-section elementor-element elementor-element-14532fe elementor-section-boxed elementor-section-height-default elementor-section-height-default\" data-id=\"14532fe\" data-element_type=\"section\" data-e-type=\"section\">\n\t\t\t\t\t\t<div class=\"elementor-container elementor-column-gap-default\">\n\t\t\t\t\t<div class=\"elementor-column elementor-col-100 elementor-top-column elementor-element elementor-element-65d2298\" data-id=\"65d2298\" data-element_type=\"column\" data-e-type=\"column\">\n\t\t\t<div class=\"elementor-widget-wrap elementor-element-populated\">\n\t\t\t\t\t\t<div class=\"elementor-element elementor-element-0083f5c elementor-widget elementor-widget-global elementor-global-9341 elementor-widget-text-editor\" data-id=\"0083f5c\" data-element_type=\"widget\" data-e-type=\"widget\" data-widget_type=\"text-editor.default\">\n\t\t\t\t<div class=\"elementor-widget-container\">\n\t\t\t\t\t\t\t\t\t<p><strong>PS:\u00a0<span style=\"color: #ff6600;\"><a style=\"color: #ff6600;\" href=\"https:\/\/gradido.net\/sv\/donations\/\">P\u00e5 grund av Gradidos st\u00e4ndigt \u00f6kande betydelse upprepar vi v\u00e5r tacksamhetskampanj den 26 juni 2026:<\/a>\u00a0<\/span><span style=\"color: #0000ff;\"><a style=\"color: #0000ff;\" href=\"https:\/\/gradido.net\/sv\/donations\/\">F\u00f6rutom den multipla GradidoTransform f\u00f6r ditt sponsorbidrag, kommer vi att \u00f6ka alla GDT-kontosaldon med 26% den 26\/06\/2016. Sponsra nu och njut av det multipla beloppet av GDT!<\/a><\/span><\/strong><\/p>\t\t\t\t\t\t\t\t<\/div>\n\t\t\t\t<\/div>\n\t\t\t\t\t<\/div>\n\t\t<\/div>\n\t\t\t\t\t<\/div>\n\t\t<\/section>\n\t\t\t\t<\/div>","protected":false},"excerpt":{"rendered":"<p>Gradido blir decentraliserat! Med Gradido 2.0 kan vi nu uppfylla m\u00e5nga deltagares \u00f6nskan om att organisera sin community sj\u00e4lvst\u00e4ndigt. Detta tar oss ett stort steg n\u00e4rmare dr\u00f6mmen om ett m\u00e4nskligt, decentraliserat ers\u00e4ttningssystem.<\/p>","protected":false},"author":2,"featured_media":8076,"comment_status":"closed","ping_status":"closed","sticky":false,"template":"","format":"standard","meta":{"footnotes":""},"categories":[11,55],"tags":[],"class_list":["post-8075","post","type-post","status-publish","format-standard","has-post-thumbnail","hentry","category-blog","category-gradido-konto"],"yoast_head":"<!-- This site is optimized with the Yoast SEO plugin v27.4 - https:\/\/yoast.com\/product\/yoast-seo-wordpress\/ -->\n<title>Gradido 2.0 \u2013 Dezentrale Gradido-Server - Gradido<\/title>\n<meta name=\"description\" content=\"Gradido wird dezentral! Mit Gradido 2.0 k\u00f6nnen wir nun den Wunsch vieler Teilnehmerinnen und Teilnehmer erf\u00fcllen, ihre Community autonom zu organisieren. Damit kommen wir dem Traum eines menschlichen, dezentralen Verg\u00fctungssystems ein gro\u00dfes St\u00fcck n\u00e4her.\" \/>\n<meta name=\"robots\" content=\"index, follow, max-snippet:-1, max-image-preview:large, max-video-preview:-1\" \/>\n<link rel=\"canonical\" href=\"https:\/\/gradido.net\/sv\/gradido-2-0-dezentrale-gradido-server\/\" \/>\n<meta property=\"og:locale\" content=\"sv_SE\" \/>\n<meta property=\"og:type\" content=\"article\" \/>\n<meta property=\"og:title\" content=\"Gradido 2.0 \u2013 Dezentrale Gradido-Server - Gradido\" \/>\n<meta property=\"og:description\" content=\"Gradido wird dezentral! Mit Gradido 2.0 k\u00f6nnen wir nun den Wunsch vieler Teilnehmerinnen und Teilnehmer erf\u00fcllen, ihre Community autonom zu organisieren. Damit kommen wir dem Traum eines menschlichen, dezentralen Verg\u00fctungssystems ein gro\u00dfes St\u00fcck n\u00e4her.\" \/>\n<meta property=\"og:url\" content=\"https:\/\/gradido.net\/sv\/gradido-2-0-dezentrale-gradido-server\/\" \/>\n<meta property=\"og:site_name\" content=\"Gradido\" \/>\n<meta property=\"article:published_time\" content=\"2023-11-01T08:19:21+00:00\" \/>\n<meta property=\"article:modified_time\" content=\"2026-04-24T06:04:33+00:00\" \/>\n<meta property=\"og:image\" content=\"https:\/\/gradido.net\/wp-content\/uploads\/2023\/11\/Dezentrale_Server_1920.jpg\" \/>\n\t<meta property=\"og:image:width\" content=\"1920\" \/>\n\t<meta property=\"og:image:height\" content=\"1200\" \/>\n\t<meta property=\"og:image:type\" content=\"image\/jpeg\" \/>\n<meta name=\"author\" content=\"Bernd H\u00fcckst\u00e4dt\" \/>\n<meta name=\"twitter:card\" content=\"summary_large_image\" \/>\n<meta name=\"twitter:label1\" content=\"Skriven av\" \/>\n\t<meta name=\"twitter:data1\" content=\"Bernd H\u00fcckst\u00e4dt\" \/>\n\t<meta name=\"twitter:label2\" content=\"Ber\u00e4knad l\u00e4stid\" \/>\n\t<meta name=\"twitter:data2\" content=\"4 minuter\" \/>\n<script type=\"application\/ld+json\" class=\"yoast-schema-graph\">{\"@context\":\"https:\\\/\\\/schema.org\",\"@graph\":[{\"@type\":\"Article\",\"@id\":\"https:\\\/\\\/gradido.net\\\/gradido-2-0-dezentrale-gradido-server\\\/#article\",\"isPartOf\":{\"@id\":\"https:\\\/\\\/gradido.net\\\/gradido-2-0-dezentrale-gradido-server\\\/\"},\"author\":{\"name\":\"Bernd H\u00fcckst\u00e4dt\",\"@id\":\"https:\\\/\\\/gradido.net\\\/de\\\/#\\\/schema\\\/person\\\/9c503a004ad15a1ddecadce2218db5d1\"},\"headline\":\"Gradido 2.0 \u2013 Dezentrale Gradido-Server\",\"datePublished\":\"2023-11-01T08:19:21+00:00\",\"dateModified\":\"2026-04-24T06:04:33+00:00\",\"mainEntityOfPage\":{\"@id\":\"https:\\\/\\\/gradido.net\\\/gradido-2-0-dezentrale-gradido-server\\\/\"},\"wordCount\":592,\"publisher\":{\"@id\":\"https:\\\/\\\/gradido.net\\\/de\\\/#organization\"},\"image\":{\"@id\":\"https:\\\/\\\/gradido.net\\\/gradido-2-0-dezentrale-gradido-server\\\/#primaryimage\"},\"thumbnailUrl\":\"https:\\\/\\\/gradido.net\\\/wp-content\\\/uploads\\\/2023\\\/11\\\/Dezentrale_Server_1920.jpg\",\"articleSection\":[\"Blog\",\"Gradido-Konto\"],\"inLanguage\":\"sv-SE\"},{\"@type\":\"WebPage\",\"@id\":\"https:\\\/\\\/gradido.net\\\/gradido-2-0-dezentrale-gradido-server\\\/\",\"url\":\"https:\\\/\\\/gradido.net\\\/gradido-2-0-dezentrale-gradido-server\\\/\",\"name\":\"Gradido 2.0 \u2013 Dezentrale Gradido-Server - Gradido\",\"isPartOf\":{\"@id\":\"https:\\\/\\\/gradido.net\\\/de\\\/#website\"},\"primaryImageOfPage\":{\"@id\":\"https:\\\/\\\/gradido.net\\\/gradido-2-0-dezentrale-gradido-server\\\/#primaryimage\"},\"image\":{\"@id\":\"https:\\\/\\\/gradido.net\\\/gradido-2-0-dezentrale-gradido-server\\\/#primaryimage\"},\"thumbnailUrl\":\"https:\\\/\\\/gradido.net\\\/wp-content\\\/uploads\\\/2023\\\/11\\\/Dezentrale_Server_1920.jpg\",\"datePublished\":\"2023-11-01T08:19:21+00:00\",\"dateModified\":\"2026-04-24T06:04:33+00:00\",\"description\":\"Gradido wird dezentral! Mit Gradido 2.0 k\u00f6nnen wir nun den Wunsch vieler Teilnehmerinnen und Teilnehmer erf\u00fcllen, ihre Community autonom zu organisieren. Damit kommen wir dem Traum eines menschlichen, dezentralen Verg\u00fctungssystems ein gro\u00dfes St\u00fcck n\u00e4her.\",\"breadcrumb\":{\"@id\":\"https:\\\/\\\/gradido.net\\\/gradido-2-0-dezentrale-gradido-server\\\/#breadcrumb\"},\"inLanguage\":\"sv-SE\",\"potentialAction\":[{\"@type\":\"ReadAction\",\"target\":[\"https:\\\/\\\/gradido.net\\\/gradido-2-0-dezentrale-gradido-server\\\/\"]}]},{\"@type\":\"ImageObject\",\"inLanguage\":\"sv-SE\",\"@id\":\"https:\\\/\\\/gradido.net\\\/gradido-2-0-dezentrale-gradido-server\\\/#primaryimage\",\"url\":\"https:\\\/\\\/gradido.net\\\/wp-content\\\/uploads\\\/2023\\\/11\\\/Dezentrale_Server_1920.jpg\",\"contentUrl\":\"https:\\\/\\\/gradido.net\\\/wp-content\\\/uploads\\\/2023\\\/11\\\/Dezentrale_Server_1920.jpg\",\"width\":1920,\"height\":1200},{\"@type\":\"BreadcrumbList\",\"@id\":\"https:\\\/\\\/gradido.net\\\/gradido-2-0-dezentrale-gradido-server\\\/#breadcrumb\",\"itemListElement\":[{\"@type\":\"ListItem\",\"position\":1,\"name\":\"Startseite\",\"item\":\"https:\\\/\\\/gradido.net\\\/\"},{\"@type\":\"ListItem\",\"position\":2,\"name\":\"Gradido 2.0 \u2013 Dezentrale Gradido-Server\"}]},{\"@type\":\"WebSite\",\"@id\":\"https:\\\/\\\/gradido.net\\\/de\\\/#website\",\"url\":\"https:\\\/\\\/gradido.net\\\/de\\\/\",\"name\":\"Gradido\",\"description\":\"Die neue W\u00e4hrung hei\u00dft Dankbarkeit\",\"publisher\":{\"@id\":\"https:\\\/\\\/gradido.net\\\/de\\\/#organization\"},\"potentialAction\":[{\"@type\":\"SearchAction\",\"target\":{\"@type\":\"EntryPoint\",\"urlTemplate\":\"https:\\\/\\\/gradido.net\\\/de\\\/?s={search_term_string}\"},\"query-input\":{\"@type\":\"PropertyValueSpecification\",\"valueRequired\":true,\"valueName\":\"search_term_string\"}}],\"inLanguage\":\"sv-SE\"},{\"@type\":\"Organization\",\"@id\":\"https:\\\/\\\/gradido.net\\\/de\\\/#organization\",\"name\":\"Gradido\",\"url\":\"https:\\\/\\\/gradido.net\\\/de\\\/\",\"logo\":{\"@type\":\"ImageObject\",\"inLanguage\":\"sv-SE\",\"@id\":\"https:\\\/\\\/gradido.net\\\/de\\\/#\\\/schema\\\/logo\\\/image\\\/\",\"url\":\"https:\\\/\\\/gradido.net\\\/wp-content\\\/uploads\\\/2022\\\/04\\\/gradido-social.jpg\",\"contentUrl\":\"https:\\\/\\\/gradido.net\\\/wp-content\\\/uploads\\\/2022\\\/04\\\/gradido-social.jpg\",\"width\":527,\"height\":273,\"caption\":\"Gradido\"},\"image\":{\"@id\":\"https:\\\/\\\/gradido.net\\\/de\\\/#\\\/schema\\\/logo\\\/image\\\/\"}},{\"@type\":\"Person\",\"@id\":\"https:\\\/\\\/gradido.net\\\/de\\\/#\\\/schema\\\/person\\\/9c503a004ad15a1ddecadce2218db5d1\",\"name\":\"Bernd H\u00fcckst\u00e4dt\",\"sameAs\":[\"https:\\\/\\\/gradido.net\"],\"url\":\"https:\\\/\\\/gradido.net\\\/sv\\\/author\\\/bernd\\\/\"}]}<\/script>\n<!-- \/ Yoast SEO plugin. -->","yoast_head_json":{"title":"Gradido 2.0 - Decentraliserad Gradido Server - Gradido","description":"Gradido blir decentraliserat! Med Gradido 2.0 kan vi nu uppfylla m\u00e5nga deltagares \u00f6nskan om att organisera sin community sj\u00e4lvst\u00e4ndigt. Detta tar oss ett stort steg n\u00e4rmare dr\u00f6mmen om ett m\u00e4nskligt, decentraliserat ers\u00e4ttningssystem.","robots":{"index":"index","follow":"follow","max-snippet":"max-snippet:-1","max-image-preview":"max-image-preview:large","max-video-preview":"max-video-preview:-1"},"canonical":"https:\/\/gradido.net\/sv\/gradido-2-0-dezentrale-gradido-server\/","og_locale":"sv_SE","og_type":"article","og_title":"Gradido 2.0 \u2013 Dezentrale Gradido-Server - Gradido","og_description":"Gradido wird dezentral! Mit Gradido 2.0 k\u00f6nnen wir nun den Wunsch vieler Teilnehmerinnen und Teilnehmer erf\u00fcllen, ihre Community autonom zu organisieren. Damit kommen wir dem Traum eines menschlichen, dezentralen Verg\u00fctungssystems ein gro\u00dfes St\u00fcck n\u00e4her.","og_url":"https:\/\/gradido.net\/sv\/gradido-2-0-dezentrale-gradido-server\/","og_site_name":"Gradido","article_published_time":"2023-11-01T08:19:21+00:00","article_modified_time":"2026-04-24T06:04:33+00:00","og_image":[{"width":1920,"height":1200,"url":"https:\/\/gradido.net\/wp-content\/uploads\/2023\/11\/Dezentrale_Server_1920.jpg","type":"image\/jpeg"}],"author":"Bernd H\u00fcckst\u00e4dt","twitter_card":"summary_large_image","twitter_misc":{"Skriven av":"Bernd H\u00fcckst\u00e4dt","Ber\u00e4knad l\u00e4stid":"4 minuter"},"schema":{"@context":"https:\/\/schema.org","@graph":[{"@type":"Article","@id":"https:\/\/gradido.net\/gradido-2-0-dezentrale-gradido-server\/#article","isPartOf":{"@id":"https:\/\/gradido.net\/gradido-2-0-dezentrale-gradido-server\/"},"author":{"name":"Bernd H\u00fcckst\u00e4dt","@id":"https:\/\/gradido.net\/de\/#\/schema\/person\/9c503a004ad15a1ddecadce2218db5d1"},"headline":"Gradido 2.0 \u2013 Dezentrale Gradido-Server","datePublished":"2023-11-01T08:19:21+00:00","dateModified":"2026-04-24T06:04:33+00:00","mainEntityOfPage":{"@id":"https:\/\/gradido.net\/gradido-2-0-dezentrale-gradido-server\/"},"wordCount":592,"publisher":{"@id":"https:\/\/gradido.net\/de\/#organization"},"image":{"@id":"https:\/\/gradido.net\/gradido-2-0-dezentrale-gradido-server\/#primaryimage"},"thumbnailUrl":"https:\/\/gradido.net\/wp-content\/uploads\/2023\/11\/Dezentrale_Server_1920.jpg","articleSection":["Blog","Gradido-Konto"],"inLanguage":"sv-SE"},{"@type":"WebPage","@id":"https:\/\/gradido.net\/gradido-2-0-dezentrale-gradido-server\/","url":"https:\/\/gradido.net\/gradido-2-0-dezentrale-gradido-server\/","name":"Gradido 2.0 - Decentraliserad Gradido Server - Gradido","isPartOf":{"@id":"https:\/\/gradido.net\/de\/#website"},"primaryImageOfPage":{"@id":"https:\/\/gradido.net\/gradido-2-0-dezentrale-gradido-server\/#primaryimage"},"image":{"@id":"https:\/\/gradido.net\/gradido-2-0-dezentrale-gradido-server\/#primaryimage"},"thumbnailUrl":"https:\/\/gradido.net\/wp-content\/uploads\/2023\/11\/Dezentrale_Server_1920.jpg","datePublished":"2023-11-01T08:19:21+00:00","dateModified":"2026-04-24T06:04:33+00:00","description":"Gradido blir decentraliserat! Med Gradido 2.0 kan vi nu uppfylla m\u00e5nga deltagares \u00f6nskan om att organisera sin community sj\u00e4lvst\u00e4ndigt. Detta tar oss ett stort steg n\u00e4rmare dr\u00f6mmen om ett m\u00e4nskligt, decentraliserat ers\u00e4ttningssystem.","breadcrumb":{"@id":"https:\/\/gradido.net\/gradido-2-0-dezentrale-gradido-server\/#breadcrumb"},"inLanguage":"sv-SE","potentialAction":[{"@type":"ReadAction","target":["https:\/\/gradido.net\/gradido-2-0-dezentrale-gradido-server\/"]}]},{"@type":"ImageObject","inLanguage":"sv-SE","@id":"https:\/\/gradido.net\/gradido-2-0-dezentrale-gradido-server\/#primaryimage","url":"https:\/\/gradido.net\/wp-content\/uploads\/2023\/11\/Dezentrale_Server_1920.jpg","contentUrl":"https:\/\/gradido.net\/wp-content\/uploads\/2023\/11\/Dezentrale_Server_1920.jpg","width":1920,"height":1200},{"@type":"BreadcrumbList","@id":"https:\/\/gradido.net\/gradido-2-0-dezentrale-gradido-server\/#breadcrumb","itemListElement":[{"@type":"ListItem","position":1,"name":"Startseite","item":"https:\/\/gradido.net\/"},{"@type":"ListItem","position":2,"name":"Gradido 2.0 \u2013 Dezentrale Gradido-Server"}]},{"@type":"WebSite","@id":"https:\/\/gradido.net\/de\/#website","url":"https:\/\/gradido.net\/de\/","name":"Gradido","description":"Den nya valutan \u00e4r tacksamhet","publisher":{"@id":"https:\/\/gradido.net\/de\/#organization"},"potentialAction":[{"@type":"SearchAction","target":{"@type":"EntryPoint","urlTemplate":"https:\/\/gradido.net\/de\/?s={search_term_string}"},"query-input":{"@type":"PropertyValueSpecification","valueRequired":true,"valueName":"search_term_string"}}],"inLanguage":"sv-SE"},{"@type":"Organization","@id":"https:\/\/gradido.net\/de\/#organization","name":"Gradido","url":"https:\/\/gradido.net\/de\/","logo":{"@type":"ImageObject","inLanguage":"sv-SE","@id":"https:\/\/gradido.net\/de\/#\/schema\/logo\/image\/","url":"https:\/\/gradido.net\/wp-content\/uploads\/2022\/04\/gradido-social.jpg","contentUrl":"https:\/\/gradido.net\/wp-content\/uploads\/2022\/04\/gradido-social.jpg","width":527,"height":273,"caption":"Gradido"},"image":{"@id":"https:\/\/gradido.net\/de\/#\/schema\/logo\/image\/"}},{"@type":"Person","@id":"https:\/\/gradido.net\/de\/#\/schema\/person\/9c503a004ad15a1ddecadce2218db5d1","name":"Bernd H\u00fcckst\u00e4dt","sameAs":["https:\/\/gradido.net"],"url":"https:\/\/gradido.net\/sv\/author\/bernd\/"}]}},"_links":{"self":[{"href":"https:\/\/gradido.net\/sv\/wp-json\/wp\/v2\/posts\/8075","targetHints":{"allow":["GET"]}}],"collection":[{"href":"https:\/\/gradido.net\/sv\/wp-json\/wp\/v2\/posts"}],"about":[{"href":"https:\/\/gradido.net\/sv\/wp-json\/wp\/v2\/types\/post"}],"author":[{"embeddable":true,"href":"https:\/\/gradido.net\/sv\/wp-json\/wp\/v2\/users\/2"}],"replies":[{"embeddable":true,"href":"https:\/\/gradido.net\/sv\/wp-json\/wp\/v2\/comments?post=8075"}],"version-history":[{"count":26,"href":"https:\/\/gradido.net\/sv\/wp-json\/wp\/v2\/posts\/8075\/revisions"}],"predecessor-version":[{"id":13589,"href":"https:\/\/gradido.net\/sv\/wp-json\/wp\/v2\/posts\/8075\/revisions\/13589"}],"wp:featuredmedia":[{"embeddable":true,"href":"https:\/\/gradido.net\/sv\/wp-json\/wp\/v2\/media\/8076"}],"wp:attachment":[{"href":"https:\/\/gradido.net\/sv\/wp-json\/wp\/v2\/media?parent=8075"}],"wp:term":[{"taxonomy":"category","embeddable":true,"href":"https:\/\/gradido.net\/sv\/wp-json\/wp\/v2\/categories?post=8075"},{"taxonomy":"post_tag","embeddable":true,"href":"https:\/\/gradido.net\/sv\/wp-json\/wp\/v2\/tags?post=8075"}],"curies":[{"name":"wp","href":"https:\/\/api.w.org\/{rel}","templated":true}]}}