{"id":8362,"date":"2023-12-14T16:43:40","date_gmt":"2023-12-14T15:43:40","guid":{"rendered":"https:\/\/gradido.net\/?p=8362"},"modified":"2026-04-24T08:04:06","modified_gmt":"2026-04-24T06:04:06","slug":"gradido-kreise-gemeinsam-mit-freunden-die-zukunft-gestalten","status":"publish","type":"post","link":"https:\/\/gradido.net\/sv\/gradido-kreise-gemeinsam-mit-freunden-die-zukunft-gestalten\/","title":{"rendered":"Gradido-cirklar - forma framtiden tillsammans med v\u00e4nner"},"content":{"rendered":"<div data-elementor-type=\"wp-post\" data-elementor-id=\"8362\" class=\"elementor elementor-8362\" data-elementor-post-type=\"post\">\n\t\t\t\t\t\t<section class=\"elementor-section elementor-top-section elementor-element elementor-element-496e1d53 elementor-section-boxed elementor-section-height-default elementor-section-height-default\" data-id=\"496e1d53\" data-element_type=\"section\" data-e-type=\"section\">\n\t\t\t\t\t\t<div class=\"elementor-container elementor-column-gap-default\">\n\t\t\t\t\t<div class=\"elementor-column elementor-col-100 elementor-top-column elementor-element elementor-element-461d7be0\" data-id=\"461d7be0\" data-element_type=\"column\" data-e-type=\"column\">\n\t\t\t<div class=\"elementor-widget-wrap elementor-element-populated\">\n\t\t\t\t\t\t<div class=\"elementor-element elementor-element-cd9ebe2 elementor-widget elementor-widget-text-editor\" data-id=\"cd9ebe2\" data-element_type=\"widget\" data-e-type=\"widget\" data-widget_type=\"text-editor.default\">\n\t\t\t\t<div class=\"elementor-widget-container\">\n\t\t\t\t\t\t\t\t\t<p style=\"text-align: right;\"><em>\"Det som en person inte kan g\u00f6ra ensam, kan m\u00e5nga g\u00f6ra tillsammans.\"<\/em><br \/><em>- Friedrich Wilhelm Raiffeisen<\/em><\/p><p>K\u00e4ra l\u00e4sare,<\/p><p>Som sociala varelser \u00e4r vi beroende av andra m\u00e4nniskors s\u00e4llskap. Vi vill ha v\u00e4nner som f\u00f6rst\u00e5r oss och som vi kan lita p\u00e5. Tillh\u00f6righet \u00e4r ett grundl\u00e4ggande m\u00e4nskligt behov. Bara tillsammans kan vi skapa en bra framtid f\u00f6r alla.<\/p><p>Men gemenskaper har ocks\u00e5 m\u00f6rka sidor. Ofrivilliga medlemskap i gemenskaper som daghem, skolor, arbetsplatser, byalag etc. kan f\u00f6rvandlas till helveten om v\u00e5gl\u00e4ngden inte st\u00e4mmer. K\u00e4nsliga, tysta m\u00e4nniskor blir d\u00e5 snabbt outsiders. De k\u00e4nner sig mobbade och trakasserade. T\u00e4nker du ibland \"jag h\u00f6r inte hemma h\u00e4r\" eller - \u00e4nnu v\u00e4rre - \"det \u00e4r n\u00e5got fel p\u00e5 mig\"? \u00c4nd\u00e5 har vi alla r\u00e4tt att h\u00f6ra hemma och k\u00e4nna oss trygga i en krets av v\u00e4lmenande m\u00e4nniskor som \u00e4r r\u00e4tt f\u00f6r oss.<\/p><h2>Utveckla potentialen tillsammans<\/h2><p>Det \u00e4r mycket viktigt f\u00f6r oss Gradidogrundare att du trivs hos oss. Vi hoppas att du l\u00e4r k\u00e4nna h\u00e4rliga m\u00e4nniskor p\u00e5 Gradido och d\u00e4rf\u00f6r kan bjuda in v\u00e4nner, bekanta och sl\u00e4ktingar med en bra k\u00e4nsla. Kort sagt: att du omger dig med en krets av goda v\u00e4nner d\u00e4r du k\u00e4nner dig trygg och s\u00e4ker. P\u00e5 s\u00e5 s\u00e4tt st\u00f6ttar ni varandra i att f\u00f6rverkliga er st\u00f6rsta potential.<\/p><p>Det spelar ingen roll om ni tr\u00e4ffades f\u00f6rsta g\u00e5ngen genom Gradido eller har k\u00e4nt varandra l\u00e4nge. Kanske har ni ett gemensamt intresse (f\u00f6rening, projekt, initiativ, sj\u00e4lvhj\u00e4lpsgrupp etc.) eller s\u00e5 tycker ni helt enkelt om varandra och trivs d\u00e4rf\u00f6r tillsammans.\u00a0<\/p><p>Samh\u00e4llen utvecklar styrka och \u00e4r imago-celler f\u00f6r omvandling. Tillsammans kan vi uppn\u00e5 det som en person ensam inte kan.\u00a0<\/p><h2>Tillsammans f\u00f6r v\u00e4lst\u00e5nd, fred och frihet<\/h2><p>Medan ekonomin och det gamla finansiella systemet kollapsar utanf\u00f6r, fler och fler f\u00f6retag g\u00e5r i konkurs, massor av anst\u00e4llda s\u00e4gs upp, fattigdomen bland \u00e4ldre och barn \u00f6kar, de federala, statliga och lokala regeringarna st\u00e5r inf\u00f6r allt st\u00f6rre finansiella problem och kan bli insolventa, skapar vi den nya tidens ers\u00e4ttningssystem tillsammans genom v\u00e5rt bidrag till det gemensamma b\u00e4sta. Efter en period av testning och spridning kommer det att utvecklas till det nya monet\u00e4ra system som har potential att skapa v\u00e4lst\u00e5nd f\u00f6r alla m\u00e4nniskor, i fred, frihet och harmoni med naturen.<\/p><h2>\u00c4ven utan din egen Gradido-server<\/h2><p>Oavsett om ni redan tillh\u00f6r en grupp eller om ni hittade varandra via Gradido - om ni vill anv\u00e4nda Gradido tillsammans beh\u00f6ver ni ingen egen Gradido-server.<\/p><p>Ni v\u00e4ljer 2-3 moderatorer fr\u00e5n era led som ni litar p\u00e5. Sedan kontaktar ni Gradidos support f\u00f6r ett inledande m\u00f6te. Om allt st\u00e4mmer blir ni registrerade som en Gradidocirkel och fr\u00e5n och med d\u00e5 kan ni skapa Gradidos p\u00e5 eget ansvar. Era moderatorer kommer att bekr\u00e4fta de gemensamma goda bidrag ni har lagt in och d\u00e4rmed skapelserna. Eftersom ni k\u00e4nner varandra v\u00e4l kan ni snabbt diskutera och l\u00f6sa eventuella oklarheter tillsammans.\u00a0<\/p><h2>3 steg till din egen Gradido-cirkel<\/h2><p>S\u00e5 f\u00e5 som 5-10 personer kan bilda en cirkel.\u00a0<\/p><p>Det \u00e4r ganska enkelt:<\/p><ol><li>Ni ger er sj\u00e4lva ett namn, t.ex. \"V\u00e5r underbara cirkel\" och v\u00e4ljer en hashtag, t.ex. #uwukreis. Du s\u00e4tter denna hashtag framf\u00f6r texten till vart och ett av dina bidrag till det gemensamma b\u00e4sta.<\/li><li>Du v\u00e4ljer dina moderatorer och kontaktar supportteamet f\u00f6r ditt Gradido-community.<\/li><li>Efter ett lyckat introduktionsm\u00f6te aktiverar Support dina moderatorer och ger dem en kort introduktion till administrat\u00f6rsomr\u00e5det, d\u00e4r de kan redigera dina inl\u00e4gg.\u00a0<\/li><\/ol><h2>Du \u00e4r fantastisk - precis som du \u00e4r!<\/h2><p>Ni \u00e4r bra som ni \u00e4r - som individer och \u00e4ven som grupp eller f\u00f6rening. Ni beh\u00f6ver inte \u00e4ndra er identitet som grupp om ni vill anv\u00e4nda Gradido tillsammans eller ensamma.\u00a0<\/p><h2>Prata med dina v\u00e4nner<\/h2><p>Prata g\u00e4rna med personer du k\u00e4nner om att anv\u00e4nda Gradido f\u00f6r att st\u00f6tta varandra i den st\u00e4ndigt v\u00e4xande r\u00f6relsen och hj\u00e4lpa till att forma en bra framtid f\u00f6r alla.\u00a0<\/p><p>Alla beh\u00f6ver n\u00e5gon g\u00e5ng st\u00f6d fr\u00e5n goda v\u00e4nner. F\u00f6r - vare sig vi vill det eller inte - \u00e4r den \"stora omv\u00e4lvningen\" redan i full g\u00e5ng. Den kommande tiden blir alltmer os\u00e4ker och kommer att medf\u00f6ra stora f\u00f6r\u00e4ndringar. Och det \u00e4r bra om ni har organiserat er i god tid.<\/p><p>I slut\u00e4ndan kommer allt att bli bra. Tillsammans skapar vi underbara samh\u00e4llen, m\u00e4nskliga oaser omgivna av frisk natur, d\u00e4r unga och gamla njuter av att leva tillsammans - i fred, frihet och i harmoni med naturen.<\/p><p>Vi \u00e4r m\u00e5nga och vi blir fler och fler.<\/p><p>Tusen tack f\u00f6r att ni \u00e4r med oss!<\/p>\t\t\t\t\t\t\t\t<\/div>\n\t\t\t\t<\/div>\n\t\t\t\t<div class=\"elementor-element elementor-element-d74dfa0 elementor-widget elementor-widget-text-editor\" data-id=\"d74dfa0\" data-element_type=\"widget\" data-e-type=\"widget\" data-widget_type=\"text-editor.default\">\n\t\t\t\t<div class=\"elementor-widget-container\">\n\t\t\t\t\t\t\t\t\t<div data-pm-slice=\"1 1 []\" data-en-clipboard=\"true\"><p>Med v\u00e4nliga h\u00e4lsningar<\/p><\/div><p>Din<\/p><p><img decoding=\"async\" class=\"alignnone wp-image-4614 size-medium\" src=\"https:\/\/gradido.net\/wp-content\/uploads\/2022\/06\/MargretBernd_2022-300x74.png\" alt=\"\" width=\"300\" height=\"74\" srcset=\"https:\/\/gradido.net\/wp-content\/uploads\/2022\/06\/MargretBernd_2022-300x74.png 300w, https:\/\/gradido.net\/wp-content\/uploads\/2022\/06\/MargretBernd_2022-18x4.png 18w, https:\/\/gradido.net\/wp-content\/uploads\/2022\/06\/MargretBernd_2022.png 431w\" sizes=\"(max-width: 300px) 100vw, 300px\" \/><\/p><p>Margret Baier och Bernd H\u00fcckst\u00e4dt<br \/>Gradidos grundare och utvecklare<\/p>\t\t\t\t\t\t\t\t<\/div>\n\t\t\t\t<\/div>\n\t\t\t\t\t<\/div>\n\t\t<\/div>\n\t\t\t\t\t<\/div>\n\t\t<\/section>\n\t\t\t\t<section class=\"elementor-section elementor-top-section elementor-element elementor-element-14532fe elementor-section-boxed elementor-section-height-default elementor-section-height-default\" data-id=\"14532fe\" data-element_type=\"section\" data-e-type=\"section\">\n\t\t\t\t\t\t<div class=\"elementor-container elementor-column-gap-default\">\n\t\t\t\t\t<div class=\"elementor-column elementor-col-100 elementor-top-column elementor-element elementor-element-65d2298\" data-id=\"65d2298\" data-element_type=\"column\" data-e-type=\"column\">\n\t\t\t<div class=\"elementor-widget-wrap elementor-element-populated\">\n\t\t\t\t\t\t<div class=\"elementor-element elementor-element-ff276d0 elementor-widget elementor-widget-global elementor-global-9341 elementor-widget-text-editor\" data-id=\"ff276d0\" data-element_type=\"widget\" data-e-type=\"widget\" data-widget_type=\"text-editor.default\">\n\t\t\t\t<div class=\"elementor-widget-container\">\n\t\t\t\t\t\t\t\t\t<p><strong>PS:\u00a0<span style=\"color: #ff6600;\"><a style=\"color: #ff6600;\" href=\"https:\/\/gradido.net\/sv\/donations\/\">P\u00e5 grund av Gradidos st\u00e4ndigt \u00f6kande betydelse upprepar vi v\u00e5r tacksamhetskampanj den 26 juni 2026:<\/a>\u00a0<\/span><span style=\"color: #0000ff;\"><a style=\"color: #0000ff;\" href=\"https:\/\/gradido.net\/sv\/donations\/\">F\u00f6rutom den multipla GradidoTransform f\u00f6r ditt sponsorbidrag, kommer vi att \u00f6ka alla GDT-kontosaldon med 26% den 26\/06\/2016. Sponsra nu och njut av det multipla beloppet av GDT!<\/a><\/span><\/strong><\/p>\t\t\t\t\t\t\t\t<\/div>\n\t\t\t\t<\/div>\n\t\t\t\t\t<\/div>\n\t\t<\/div>\n\t\t\t\t\t<\/div>\n\t\t<\/section>\n\t\t\t\t<\/div>","protected":false},"excerpt":{"rendered":"<p>Oavsett om ni redan tillh\u00f6r en grupp eller om ni hittade varandra via Gradido - om ni vill anv\u00e4nda Gradido tillsammans beh\u00f6ver ni ingen egen Gradido-server.<\/p>","protected":false},"author":2,"featured_media":8364,"comment_status":"closed","ping_status":"closed","sticky":false,"template":"","format":"standard","meta":{"footnotes":""},"categories":[11,54],"tags":[],"class_list":["post-8362","post","type-post","status-publish","format-standard","has-post-thumbnail","hentry","category-blog","category-community"],"yoast_head":"<!-- This site is optimized with the Yoast SEO plugin v27.5 - https:\/\/yoast.com\/product\/yoast-seo-wordpress\/ -->\n<title>Gradido-Kreise \u2013 Gemeinsam mit Freunden die Zukunft gestalten - Gradido<\/title>\n<meta name=\"description\" content=\"Ganz gleich, ob Ihr bereits einer Gruppe zugeh\u00f6rig seid oder ob Ihr Euch \u00fcber Gradido gefunden habt \u2013 wenn Ihr gemeinsam Gradido nutzen wollt, braucht Ihr nicht gleich einen eigenen Gradido-Server.\" \/>\n<meta name=\"robots\" content=\"index, follow, max-snippet:-1, max-image-preview:large, max-video-preview:-1\" \/>\n<link rel=\"canonical\" href=\"https:\/\/gradido.net\/sv\/gradido-kreise-gemeinsam-mit-freunden-die-zukunft-gestalten\/\" \/>\n<meta property=\"og:locale\" content=\"sv_SE\" \/>\n<meta property=\"og:type\" content=\"article\" \/>\n<meta property=\"og:title\" content=\"Gradido-Kreise \u2013 Gemeinsam mit Freunden die Zukunft gestalten - Gradido\" \/>\n<meta property=\"og:description\" content=\"Ganz gleich, ob Ihr bereits einer Gruppe zugeh\u00f6rig seid oder ob Ihr Euch \u00fcber Gradido gefunden habt \u2013 wenn Ihr gemeinsam Gradido nutzen wollt, braucht Ihr nicht gleich einen eigenen Gradido-Server.\" \/>\n<meta property=\"og:url\" content=\"https:\/\/gradido.net\/sv\/gradido-kreise-gemeinsam-mit-freunden-die-zukunft-gestalten\/\" \/>\n<meta property=\"og:site_name\" content=\"Gradido\" \/>\n<meta property=\"article:published_time\" content=\"2023-12-14T15:43:40+00:00\" \/>\n<meta property=\"article:modified_time\" content=\"2026-04-24T06:04:06+00:00\" \/>\n<meta property=\"og:image\" content=\"https:\/\/gradido.net\/wp-content\/uploads\/2023\/12\/Freundeskreis.jpg\" \/>\n\t<meta property=\"og:image:width\" content=\"1920\" \/>\n\t<meta property=\"og:image:height\" content=\"1080\" \/>\n\t<meta property=\"og:image:type\" content=\"image\/jpeg\" \/>\n<meta name=\"author\" content=\"Bernd H\u00fcckst\u00e4dt\" \/>\n<meta name=\"twitter:card\" content=\"summary_large_image\" \/>\n<meta name=\"twitter:label1\" content=\"Skriven av\" \/>\n\t<meta name=\"twitter:data1\" content=\"Bernd H\u00fcckst\u00e4dt\" \/>\n\t<meta name=\"twitter:label2\" content=\"Ber\u00e4knad l\u00e4stid\" \/>\n\t<meta name=\"twitter:data2\" content=\"5 minuter\" \/>\n<script type=\"application\/ld+json\" class=\"yoast-schema-graph\">{\"@context\":\"https:\\\/\\\/schema.org\",\"@graph\":[{\"@type\":\"Article\",\"@id\":\"https:\\\/\\\/gradido.net\\\/gradido-kreise-gemeinsam-mit-freunden-die-zukunft-gestalten\\\/#article\",\"isPartOf\":{\"@id\":\"https:\\\/\\\/gradido.net\\\/gradido-kreise-gemeinsam-mit-freunden-die-zukunft-gestalten\\\/\"},\"author\":{\"name\":\"Bernd H\u00fcckst\u00e4dt\",\"@id\":\"https:\\\/\\\/gradido.net\\\/de\\\/#\\\/schema\\\/person\\\/9c503a004ad15a1ddecadce2218db5d1\"},\"headline\":\"Gradido-Kreise \u2013 Gemeinsam mit Freunden die Zukunft gestalten\",\"datePublished\":\"2023-12-14T15:43:40+00:00\",\"dateModified\":\"2026-04-24T06:04:06+00:00\",\"mainEntityOfPage\":{\"@id\":\"https:\\\/\\\/gradido.net\\\/gradido-kreise-gemeinsam-mit-freunden-die-zukunft-gestalten\\\/\"},\"wordCount\":807,\"publisher\":{\"@id\":\"https:\\\/\\\/gradido.net\\\/de\\\/#organization\"},\"image\":{\"@id\":\"https:\\\/\\\/gradido.net\\\/gradido-kreise-gemeinsam-mit-freunden-die-zukunft-gestalten\\\/#primaryimage\"},\"thumbnailUrl\":\"https:\\\/\\\/gradido.net\\\/wp-content\\\/uploads\\\/2023\\\/12\\\/Freundeskreis.jpg\",\"articleSection\":[\"Blog\",\"Community\"],\"inLanguage\":\"sv-SE\"},{\"@type\":\"WebPage\",\"@id\":\"https:\\\/\\\/gradido.net\\\/gradido-kreise-gemeinsam-mit-freunden-die-zukunft-gestalten\\\/\",\"url\":\"https:\\\/\\\/gradido.net\\\/gradido-kreise-gemeinsam-mit-freunden-die-zukunft-gestalten\\\/\",\"name\":\"Gradido-Kreise \u2013 Gemeinsam mit Freunden die Zukunft gestalten - Gradido\",\"isPartOf\":{\"@id\":\"https:\\\/\\\/gradido.net\\\/de\\\/#website\"},\"primaryImageOfPage\":{\"@id\":\"https:\\\/\\\/gradido.net\\\/gradido-kreise-gemeinsam-mit-freunden-die-zukunft-gestalten\\\/#primaryimage\"},\"image\":{\"@id\":\"https:\\\/\\\/gradido.net\\\/gradido-kreise-gemeinsam-mit-freunden-die-zukunft-gestalten\\\/#primaryimage\"},\"thumbnailUrl\":\"https:\\\/\\\/gradido.net\\\/wp-content\\\/uploads\\\/2023\\\/12\\\/Freundeskreis.jpg\",\"datePublished\":\"2023-12-14T15:43:40+00:00\",\"dateModified\":\"2026-04-24T06:04:06+00:00\",\"description\":\"Ganz gleich, ob Ihr bereits einer Gruppe zugeh\u00f6rig seid oder ob Ihr Euch \u00fcber Gradido gefunden habt \u2013 wenn Ihr gemeinsam Gradido nutzen wollt, braucht Ihr nicht gleich einen eigenen Gradido-Server.\",\"breadcrumb\":{\"@id\":\"https:\\\/\\\/gradido.net\\\/gradido-kreise-gemeinsam-mit-freunden-die-zukunft-gestalten\\\/#breadcrumb\"},\"inLanguage\":\"sv-SE\",\"potentialAction\":[{\"@type\":\"ReadAction\",\"target\":[\"https:\\\/\\\/gradido.net\\\/gradido-kreise-gemeinsam-mit-freunden-die-zukunft-gestalten\\\/\"]}]},{\"@type\":\"ImageObject\",\"inLanguage\":\"sv-SE\",\"@id\":\"https:\\\/\\\/gradido.net\\\/gradido-kreise-gemeinsam-mit-freunden-die-zukunft-gestalten\\\/#primaryimage\",\"url\":\"https:\\\/\\\/gradido.net\\\/wp-content\\\/uploads\\\/2023\\\/12\\\/Freundeskreis.jpg\",\"contentUrl\":\"https:\\\/\\\/gradido.net\\\/wp-content\\\/uploads\\\/2023\\\/12\\\/Freundeskreis.jpg\",\"width\":1920,\"height\":1080},{\"@type\":\"BreadcrumbList\",\"@id\":\"https:\\\/\\\/gradido.net\\\/gradido-kreise-gemeinsam-mit-freunden-die-zukunft-gestalten\\\/#breadcrumb\",\"itemListElement\":[{\"@type\":\"ListItem\",\"position\":1,\"name\":\"Startseite\",\"item\":\"https:\\\/\\\/gradido.net\\\/\"},{\"@type\":\"ListItem\",\"position\":2,\"name\":\"Gradido-Kreise \u2013 Gemeinsam mit Freunden die Zukunft gestalten\"}]},{\"@type\":\"WebSite\",\"@id\":\"https:\\\/\\\/gradido.net\\\/de\\\/#website\",\"url\":\"https:\\\/\\\/gradido.net\\\/de\\\/\",\"name\":\"Gradido\",\"description\":\"Die neue W\u00e4hrung hei\u00dft Dankbarkeit\",\"publisher\":{\"@id\":\"https:\\\/\\\/gradido.net\\\/de\\\/#organization\"},\"potentialAction\":[{\"@type\":\"SearchAction\",\"target\":{\"@type\":\"EntryPoint\",\"urlTemplate\":\"https:\\\/\\\/gradido.net\\\/de\\\/?s={search_term_string}\"},\"query-input\":{\"@type\":\"PropertyValueSpecification\",\"valueRequired\":true,\"valueName\":\"search_term_string\"}}],\"inLanguage\":\"sv-SE\"},{\"@type\":\"Organization\",\"@id\":\"https:\\\/\\\/gradido.net\\\/de\\\/#organization\",\"name\":\"Gradido\",\"url\":\"https:\\\/\\\/gradido.net\\\/de\\\/\",\"logo\":{\"@type\":\"ImageObject\",\"inLanguage\":\"sv-SE\",\"@id\":\"https:\\\/\\\/gradido.net\\\/de\\\/#\\\/schema\\\/logo\\\/image\\\/\",\"url\":\"https:\\\/\\\/gradido.net\\\/wp-content\\\/uploads\\\/2022\\\/04\\\/gradido-social.jpg\",\"contentUrl\":\"https:\\\/\\\/gradido.net\\\/wp-content\\\/uploads\\\/2022\\\/04\\\/gradido-social.jpg\",\"width\":527,\"height\":273,\"caption\":\"Gradido\"},\"image\":{\"@id\":\"https:\\\/\\\/gradido.net\\\/de\\\/#\\\/schema\\\/logo\\\/image\\\/\"}},{\"@type\":\"Person\",\"@id\":\"https:\\\/\\\/gradido.net\\\/de\\\/#\\\/schema\\\/person\\\/9c503a004ad15a1ddecadce2218db5d1\",\"name\":\"Bernd H\u00fcckst\u00e4dt\",\"sameAs\":[\"https:\\\/\\\/gradido.net\"],\"url\":\"https:\\\/\\\/gradido.net\\\/sv\\\/author\\\/bernd\\\/\"}]}<\/script>\n<!-- \/ Yoast SEO plugin. -->","yoast_head_json":{"title":"Gradido cirklar - Att forma framtiden tillsammans med v\u00e4nner - Gradido","description":"Oavsett om ni redan tillh\u00f6r en grupp eller om ni hittade varandra via Gradido - om ni vill anv\u00e4nda Gradido tillsammans beh\u00f6ver ni ingen egen Gradido-server.","robots":{"index":"index","follow":"follow","max-snippet":"max-snippet:-1","max-image-preview":"max-image-preview:large","max-video-preview":"max-video-preview:-1"},"canonical":"https:\/\/gradido.net\/sv\/gradido-kreise-gemeinsam-mit-freunden-die-zukunft-gestalten\/","og_locale":"sv_SE","og_type":"article","og_title":"Gradido-Kreise \u2013 Gemeinsam mit Freunden die Zukunft gestalten - Gradido","og_description":"Ganz gleich, ob Ihr bereits einer Gruppe zugeh\u00f6rig seid oder ob Ihr Euch \u00fcber Gradido gefunden habt \u2013 wenn Ihr gemeinsam Gradido nutzen wollt, braucht Ihr nicht gleich einen eigenen Gradido-Server.","og_url":"https:\/\/gradido.net\/sv\/gradido-kreise-gemeinsam-mit-freunden-die-zukunft-gestalten\/","og_site_name":"Gradido","article_published_time":"2023-12-14T15:43:40+00:00","article_modified_time":"2026-04-24T06:04:06+00:00","og_image":[{"width":1920,"height":1080,"url":"https:\/\/gradido.net\/wp-content\/uploads\/2023\/12\/Freundeskreis.jpg","type":"image\/jpeg"}],"author":"Bernd H\u00fcckst\u00e4dt","twitter_card":"summary_large_image","twitter_misc":{"Skriven av":"Bernd H\u00fcckst\u00e4dt","Ber\u00e4knad l\u00e4stid":"5 minuter"},"schema":{"@context":"https:\/\/schema.org","@graph":[{"@type":"Article","@id":"https:\/\/gradido.net\/gradido-kreise-gemeinsam-mit-freunden-die-zukunft-gestalten\/#article","isPartOf":{"@id":"https:\/\/gradido.net\/gradido-kreise-gemeinsam-mit-freunden-die-zukunft-gestalten\/"},"author":{"name":"Bernd H\u00fcckst\u00e4dt","@id":"https:\/\/gradido.net\/de\/#\/schema\/person\/9c503a004ad15a1ddecadce2218db5d1"},"headline":"Gradido-Kreise \u2013 Gemeinsam mit Freunden die Zukunft gestalten","datePublished":"2023-12-14T15:43:40+00:00","dateModified":"2026-04-24T06:04:06+00:00","mainEntityOfPage":{"@id":"https:\/\/gradido.net\/gradido-kreise-gemeinsam-mit-freunden-die-zukunft-gestalten\/"},"wordCount":807,"publisher":{"@id":"https:\/\/gradido.net\/de\/#organization"},"image":{"@id":"https:\/\/gradido.net\/gradido-kreise-gemeinsam-mit-freunden-die-zukunft-gestalten\/#primaryimage"},"thumbnailUrl":"https:\/\/gradido.net\/wp-content\/uploads\/2023\/12\/Freundeskreis.jpg","articleSection":["Blog","Community"],"inLanguage":"sv-SE"},{"@type":"WebPage","@id":"https:\/\/gradido.net\/gradido-kreise-gemeinsam-mit-freunden-die-zukunft-gestalten\/","url":"https:\/\/gradido.net\/gradido-kreise-gemeinsam-mit-freunden-die-zukunft-gestalten\/","name":"Gradido cirklar - Att forma framtiden tillsammans med v\u00e4nner - Gradido","isPartOf":{"@id":"https:\/\/gradido.net\/de\/#website"},"primaryImageOfPage":{"@id":"https:\/\/gradido.net\/gradido-kreise-gemeinsam-mit-freunden-die-zukunft-gestalten\/#primaryimage"},"image":{"@id":"https:\/\/gradido.net\/gradido-kreise-gemeinsam-mit-freunden-die-zukunft-gestalten\/#primaryimage"},"thumbnailUrl":"https:\/\/gradido.net\/wp-content\/uploads\/2023\/12\/Freundeskreis.jpg","datePublished":"2023-12-14T15:43:40+00:00","dateModified":"2026-04-24T06:04:06+00:00","description":"Oavsett om ni redan tillh\u00f6r en grupp eller om ni hittade varandra via Gradido - om ni vill anv\u00e4nda Gradido tillsammans beh\u00f6ver ni ingen egen Gradido-server.","breadcrumb":{"@id":"https:\/\/gradido.net\/gradido-kreise-gemeinsam-mit-freunden-die-zukunft-gestalten\/#breadcrumb"},"inLanguage":"sv-SE","potentialAction":[{"@type":"ReadAction","target":["https:\/\/gradido.net\/gradido-kreise-gemeinsam-mit-freunden-die-zukunft-gestalten\/"]}]},{"@type":"ImageObject","inLanguage":"sv-SE","@id":"https:\/\/gradido.net\/gradido-kreise-gemeinsam-mit-freunden-die-zukunft-gestalten\/#primaryimage","url":"https:\/\/gradido.net\/wp-content\/uploads\/2023\/12\/Freundeskreis.jpg","contentUrl":"https:\/\/gradido.net\/wp-content\/uploads\/2023\/12\/Freundeskreis.jpg","width":1920,"height":1080},{"@type":"BreadcrumbList","@id":"https:\/\/gradido.net\/gradido-kreise-gemeinsam-mit-freunden-die-zukunft-gestalten\/#breadcrumb","itemListElement":[{"@type":"ListItem","position":1,"name":"Startseite","item":"https:\/\/gradido.net\/"},{"@type":"ListItem","position":2,"name":"Gradido-Kreise \u2013 Gemeinsam mit Freunden die Zukunft gestalten"}]},{"@type":"WebSite","@id":"https:\/\/gradido.net\/de\/#website","url":"https:\/\/gradido.net\/de\/","name":"Gradido","description":"Den nya valutan \u00e4r tacksamhet","publisher":{"@id":"https:\/\/gradido.net\/de\/#organization"},"potentialAction":[{"@type":"SearchAction","target":{"@type":"EntryPoint","urlTemplate":"https:\/\/gradido.net\/de\/?s={search_term_string}"},"query-input":{"@type":"PropertyValueSpecification","valueRequired":true,"valueName":"search_term_string"}}],"inLanguage":"sv-SE"},{"@type":"Organization","@id":"https:\/\/gradido.net\/de\/#organization","name":"Gradido","url":"https:\/\/gradido.net\/de\/","logo":{"@type":"ImageObject","inLanguage":"sv-SE","@id":"https:\/\/gradido.net\/de\/#\/schema\/logo\/image\/","url":"https:\/\/gradido.net\/wp-content\/uploads\/2022\/04\/gradido-social.jpg","contentUrl":"https:\/\/gradido.net\/wp-content\/uploads\/2022\/04\/gradido-social.jpg","width":527,"height":273,"caption":"Gradido"},"image":{"@id":"https:\/\/gradido.net\/de\/#\/schema\/logo\/image\/"}},{"@type":"Person","@id":"https:\/\/gradido.net\/de\/#\/schema\/person\/9c503a004ad15a1ddecadce2218db5d1","name":"Bernd H\u00fcckst\u00e4dt","sameAs":["https:\/\/gradido.net"],"url":"https:\/\/gradido.net\/sv\/author\/bernd\/"}]}},"_links":{"self":[{"href":"https:\/\/gradido.net\/sv\/wp-json\/wp\/v2\/posts\/8362","targetHints":{"allow":["GET"]}}],"collection":[{"href":"https:\/\/gradido.net\/sv\/wp-json\/wp\/v2\/posts"}],"about":[{"href":"https:\/\/gradido.net\/sv\/wp-json\/wp\/v2\/types\/post"}],"author":[{"embeddable":true,"href":"https:\/\/gradido.net\/sv\/wp-json\/wp\/v2\/users\/2"}],"replies":[{"embeddable":true,"href":"https:\/\/gradido.net\/sv\/wp-json\/wp\/v2\/comments?post=8362"}],"version-history":[{"count":24,"href":"https:\/\/gradido.net\/sv\/wp-json\/wp\/v2\/posts\/8362\/revisions"}],"predecessor-version":[{"id":13588,"href":"https:\/\/gradido.net\/sv\/wp-json\/wp\/v2\/posts\/8362\/revisions\/13588"}],"wp:featuredmedia":[{"embeddable":true,"href":"https:\/\/gradido.net\/sv\/wp-json\/wp\/v2\/media\/8364"}],"wp:attachment":[{"href":"https:\/\/gradido.net\/sv\/wp-json\/wp\/v2\/media?parent=8362"}],"wp:term":[{"taxonomy":"category","embeddable":true,"href":"https:\/\/gradido.net\/sv\/wp-json\/wp\/v2\/categories?post=8362"},{"taxonomy":"post_tag","embeddable":true,"href":"https:\/\/gradido.net\/sv\/wp-json\/wp\/v2\/tags?post=8362"}],"curies":[{"name":"wp","href":"https:\/\/api.w.org\/{rel}","templated":true}]}}