{"id":9595,"date":"2024-10-07T16:21:51","date_gmt":"2024-10-07T14:21:51","guid":{"rendered":"https:\/\/gradido.net\/?p=9595"},"modified":"2026-04-24T07:29:22","modified_gmt":"2026-04-24T05:29:22","slug":"studienkreis-gradido-botschafter-n-e-u","status":"publish","type":"post","link":"https:\/\/gradido.net\/sv\/studienkreis-gradido-botschafter-n-e-u\/","title":{"rendered":"Studiecirkel: Gradido ambassad\u00f6r N.E.U."},"content":{"rendered":"<div data-elementor-type=\"wp-post\" data-elementor-id=\"9595\" class=\"elementor elementor-9595\" data-elementor-post-type=\"post\">\n\t\t\t\t\t\t<section class=\"elementor-section elementor-top-section elementor-element elementor-element-496e1d53 elementor-section-boxed elementor-section-height-default elementor-section-height-default\" data-id=\"496e1d53\" data-element_type=\"section\" data-e-type=\"section\">\n\t\t\t\t\t\t<div class=\"elementor-container elementor-column-gap-default\">\n\t\t\t\t\t<div class=\"elementor-column elementor-col-100 elementor-top-column elementor-element elementor-element-461d7be0\" data-id=\"461d7be0\" data-element_type=\"column\" data-e-type=\"column\">\n\t\t\t<div class=\"elementor-widget-wrap elementor-element-populated\">\n\t\t\t\t\t\t<div class=\"elementor-element elementor-element-cd9ebe2 elementor-widget elementor-widget-text-editor\" data-id=\"cd9ebe2\" data-element_type=\"widget\" data-e-type=\"widget\" data-widget_type=\"text-editor.default\">\n\t\t\t\t<div class=\"elementor-widget-container\">\n\t\t\t\t\t\t\t\t\t<p style=\"text-align: right;\"><em>\"Alla har sina egna speciella g\u00e5vor. Tillsammans hittar vi de b\u00e4sta s\u00e4tten att st\u00f6dja varandra p\u00e5 b\u00e4sta s\u00e4tt.\"<\/em><\/p><p style=\"text-align: right;\"><em>- Fr\u00e5n \"Gradido-bekr\u00e4ftelsen<\/em><\/p><p>K\u00e4ra l\u00e4sare,<\/p><p>K\u00e4nner du likadant?<br \/>Du \u00e4r en unik person med dina alldeles speciella talanger, b\u00f6jelser och f\u00f6rm\u00e5gor. Du l\u00e4ngtar efter att Gradido snart ska bli verklighet och att alla \u00e4ntligen ska kunna leva ett v\u00e4rdigt liv enligt sina egna id\u00e9er.<\/p><p>Du k\u00e4nner dig ofta missf\u00f6rst\u00e5dd eller avvisad av din omgivning. Systemet vill att normala m\u00e4nniskor ska anpassa sig - och de \u00e4r m\u00e5nga. Kanske undrar du om du ens har styrkan och resurserna att organisera ditt liv enligt dina egna id\u00e9er nu och samtidigt g\u00f6ra din del f\u00f6r en bra framtid f\u00f6r alla?<\/p><h2>Du \u00e4r inte ensam i detta<\/h2><p>Gradido-r\u00f6relsen v\u00e4xer stadigt. Gradido st\u00e5r f\u00f6r globalt v\u00e4lst\u00e5nd, fred och frihet i harmoni med naturen. En v\u00e4rld d\u00e4r alla m\u00e4nniskor kan leva sina \u00f6nskningar och dr\u00f6mmar efter sina talanger, s\u00e5 l\u00e4nge de inte skadar andra. Det fredliga monet\u00e4ra och ekonomiska systemet som bygger p\u00e5 tacksamhet, k\u00e4rlek, samarbete och naturens lagar har utvecklats och kontinuerligt f\u00f6rb\u00e4ttrats vid Gradido Academy i \u00f6ver 20 \u00e5r.\u00a0<\/p><p>I v\u00e5rt gemensamma forskningsn\u00e4tverk testar och utvecklar vi Gradido tillsammans och tar det till v\u00e4rlden tillsammans. Med dina frivilliga medlemskap och sponsorbidrag finansierar du utvecklingen av det decentraliserade och globalt skalbara Gradido-kontot. Ni g\u00f6r det m\u00f6jligt f\u00f6r Gradido att vara tillg\u00e4ngligt f\u00f6r alla \u00f6ver hela v\u00e4rlden utan kostnad, utan att vara beroende av enskilda individers intressen. Vi tackar er fr\u00e5n djupet av v\u00e5ra hj\u00e4rtan.\u00a0<\/p><h2>Lev din dr\u00f6m och f\u00f6r Gradido till v\u00e4rlden p\u00e5 samma g\u00e5ng!<\/h2><p>Hur kan du leva ut dina \u00f6nskningar och dr\u00f6mmar nu samtidigt som du arbetar med oss mot det stora m\u00e5let? Vi har forskat kring detta i flera \u00e5r. L\u00f6sningen \u00e4r i grund och botten enkel: genom att arbeta tillsammans f\u00f6r att hitta de b\u00e4sta s\u00e4tten att st\u00f6dja varandra p\u00e5 b\u00e4sta m\u00f6jliga s\u00e4tt.<\/p><h2>Studiecirkel Gradido Ambassad\u00f6r N.E.U.<\/h2><p><strong><em>N\u00e4tverkande. Utveckla. St\u00f6d.<\/em><\/strong><\/p><p>F\u00f6rutom n\u00f6dv\u00e4ndig kunskap om Gradido, GradidoTransform, konto, cirklar, GradidoCaf\u00e9, DankBar, cirkelkultur m.m. f\u00e5r du l\u00e4ra dig effektiva metoder f\u00f6r att utveckla din potential och forma din framtid.<\/p><p>Alla metoder \u00e4r inte l\u00e4mpliga f\u00f6r alla. Och \u00e4ven den b\u00e4sta v\u00e4gen \u00e4r bara anv\u00e4ndbar om du f\u00f6ljer den. Det \u00e4r d\u00e4rf\u00f6r vi beh\u00f6ver gemenskapen. I studiecirkeln bildar vi s\u00e5 kallade dr\u00f6mcirklar. D\u00e4r st\u00f6ttar vi varandra i att f\u00f6rverkliga v\u00e5ra \u00f6nskningar och m\u00e5l. Vi hj\u00e4lper varandra d\u00e4r vi kan och p\u00e5minner varandra om att h\u00e5lla oss p\u00e5 r\u00e4tt sp\u00e5r.<\/p><p><strong>Tillsammans - och bara tillsammans - \u00e4r allt m\u00f6jligt, och till synes ouppn\u00e5eliga m\u00e5l blir uppn\u00e5eliga.\u00a0<\/strong><\/p><h2>L\u00e4ra tillsammans och forma framtiden<\/h2><p>\"Vad du vill l\u00e4ra dig, l\u00e4r ut!\" - s\u00e5 lyder ordspr\u00e5ket. Alla \u00e4r b\u00e5de en elev och en l\u00e4rare. Den tekniska termen \u00e4r peer learning. Detta \u00e4r ytterligare ett sk\u00e4l till att vi har valt studiecirkelformen. P\u00e5 s\u00e5 s\u00e4tt kan vi dela med oss av v\u00e5ra erfarenheter tillsammans. Vi f\u00e5r den n\u00f6dv\u00e4ndiga expertkunskapen fr\u00e5n de b\u00e4sta inom varje omr\u00e5de.<\/p><h3>Till exempel dr Joe Dispenza:<\/h3><p>Tillsammans kommer vi att studera hans enast\u00e5ende (ljud)bok: Bli \u00f6vernaturlig - Hur vanliga m\u00e4nniskor uppn\u00e5r det ovanliga.<\/p><p>Med Dr Joes guidade meditationer har vanliga m\u00e4nniskor botat sin cancer, andra har kunnat g\u00e5 eller se igen. Ytterligare andra har n\u00e5tt extraordin\u00e4r framg\u00e5ng och skapat sin dr\u00f6mframtid - professionellt och personligt.\u00a0<\/p><p><strong>Och om de klarade det, s\u00e5 kan du ocks\u00e5 g\u00f6ra det - s\u00e4rskilt eftersom du inte \u00e4r ensam och vi st\u00f6ttar varandra s\u00e5 gott vi kan.<\/strong><\/p><h2>Du tj\u00e4nar det trefaldiga goda<\/h2><p>Genom att delta i studiecirkeln tj\u00e4nar du b\u00e5de dig sj\u00e4lv, samh\u00e4llet och det allm\u00e4nna b\u00e4sta:<\/p><ol><li>Du f\u00f6rverkligar dina \u00f6nskningar och dr\u00f6mmar och har roligt n\u00e4r du g\u00f6r det.<\/li><li>P\u00e5 s\u00e5 s\u00e4tt blir du ett lysande exempel f\u00f6r andra som vill g\u00f6ra samma sak. Det \u00e4r s\u00e5 h\u00e4r du blir en Gradido-ambassad\u00f6r. Fler och fler m\u00e4nniskor ansluter sig till Gradido och v\u00e5r kollektiva r\u00f6relse v\u00e4xer exponentiellt.<\/li><li>Gradido kommer till v\u00e4rlden och skapar globalt v\u00e4lst\u00e5nd, fred och frihet f\u00f6r hela den m\u00e4nskliga familjen - i harmoni med naturen.<\/li><\/ol><h2>Vem kan delta?<\/h2><p>Alla befintliga och nya guld- och sponsringsmedlemmar kan delta i Studienkreis Gradido Ambassador N.E.U.-programmet.<\/p><h3>Med tre steg \u00e4r du d\u00e4r:<\/h3><ol><li>Om du \u00e4nnu inte \u00e4r guld- eller st\u00f6dmedlem kan du <a href=\"https:\/\/elopage.com\/s\/gradido\/gold-de\/payment\" target=\"_blank\" rel=\"noopener\">Bli guldmedlem med rabatt p\u00e5 50% Gradido<\/a>. Som alltid tackar vi dig f\u00f6r din medlemsavgift med 15x GradidoTransform. Dessutom kommer du att delta i alla framtida tacksamhetskampanjer som ytterligare kommer att \u00f6ka ditt GDT-kontosaldo.<\/li><li>Studiecirkeln \u00e4ger rum i ett privat utrymme i Gradido-cirklarna. F\u00f6r att delta i studiecirkeln, v\u00e4nligen skicka ett mail till support@gradido.net. Vi kommer att kontrollera ditt medlemskap och sedan bjuda in dig till utrymmet.<\/li><li>Den allra f\u00f6rsta dagen f\u00e5r du en kraftfull morgonmeditation av Dr Joe Dispenza och bjuds in till din dr\u00f6mcirkel. Detta blir b\u00f6rjan p\u00e5 din resa in i din nya framtid. Du kan antingen h\u00e5lla dig till v\u00e5rt f\u00f6reslagna schema eller g\u00e5 i din egen takt, beroende p\u00e5 vad som passar dig b\u00e4st.<\/li><\/ol><p><strong>Utan n\u00e5gon risk f\u00f6r dig:<br \/><\/strong>Om du av n\u00e5gon anledning \u00e5ngrar dig inom 30 dagar, skriv ett e-postmeddelande till oss s\u00e5 f\u00e5r du naturligtvis pengarna tillbaka.<\/p><h2>Var med redan fr\u00e5n b\u00f6rjan!<\/h2><p>Bli medlem i Studienkreis nu! Bli Gradido-ambassad\u00f6r och f\u00f6rverkliga dina dr\u00f6mmar! Vi \u00e4r b\u00e5da involverade i de tv\u00e5 f\u00f6rsta dr\u00f6mcirklarna sj\u00e4lva. Om du vill vara en del av det, registrera dig nu!<\/p><p><strong><a href=\"https:\/\/elopage.com\/s\/gradidohttps:\/\/elopage.com\/s\/gradido\/https:\/\/elopage.com\/s\/gradido\/gold-de\/paymentgold-de\/payment\/gold-de\/payment\" target=\"_blank\" rel=\"noopener\">Bli en Gold Member nu med en 50% Gradido rabatt!<\/a><\/strong><\/p><p>L\u00e5t inte andra m\u00e4nniskor f\u00f6ra Gradido till v\u00e4rlden medan du bara sitter p\u00e5 \u00e5sk\u00e5darplats! Vad vill du s\u00e4ga till folk n\u00e4r de senare fr\u00e5gar dig vad du har gjort f\u00f6r att styra f\u00f6r\u00e4ndringen i en bra riktning? Tillsammans skapar vi en god framtid i v\u00e4rldsomsp\u00e4nnande v\u00e4lst\u00e5nd, fred och frihet f\u00f6r hela den m\u00e4nskliga familjen - i harmoni med naturen.<\/p>\t\t\t\t\t\t\t\t<\/div>\n\t\t\t\t<\/div>\n\t\t\t\t<div class=\"elementor-element elementor-element-d74dfa0 elementor-widget elementor-widget-text-editor\" data-id=\"d74dfa0\" data-element_type=\"widget\" data-e-type=\"widget\" data-widget_type=\"text-editor.default\">\n\t\t\t\t<div class=\"elementor-widget-container\">\n\t\t\t\t\t\t\t\t\t<div data-pm-slice=\"1 1 []\" data-en-clipboard=\"true\"><p>Med v\u00e4nliga h\u00e4lsningar<\/p><\/div><p>Din<\/p><p><img decoding=\"async\" class=\"alignnone wp-image-4614 size-medium\" src=\"https:\/\/gradido.net\/wp-content\/uploads\/2022\/06\/MargretBernd_2022-300x74.png\" alt=\"\" width=\"300\" height=\"74\" srcset=\"https:\/\/gradido.net\/wp-content\/uploads\/2022\/06\/MargretBernd_2022-300x74.png 300w, https:\/\/gradido.net\/wp-content\/uploads\/2022\/06\/MargretBernd_2022-18x4.png 18w, https:\/\/gradido.net\/wp-content\/uploads\/2022\/06\/MargretBernd_2022.png 431w\" sizes=\"(max-width: 300px) 100vw, 300px\" \/><\/p><p>Margret Baier och Bernd H\u00fcckst\u00e4dt<br \/>Gradidos grundare och utvecklare<\/p>\t\t\t\t\t\t\t\t<\/div>\n\t\t\t\t<\/div>\n\t\t\t\t\t<\/div>\n\t\t<\/div>\n\t\t\t\t\t<\/div>\n\t\t<\/section>\n\t\t\t\t<section class=\"elementor-section elementor-top-section elementor-element elementor-element-14532fe elementor-section-boxed elementor-section-height-default elementor-section-height-default\" data-id=\"14532fe\" data-element_type=\"section\" data-e-type=\"section\">\n\t\t\t\t\t\t<div class=\"elementor-container elementor-column-gap-default\">\n\t\t\t\t\t<div class=\"elementor-column elementor-col-100 elementor-top-column elementor-element elementor-element-65d2298\" data-id=\"65d2298\" data-element_type=\"column\" data-e-type=\"column\">\n\t\t\t<div class=\"elementor-widget-wrap elementor-element-populated\">\n\t\t\t\t\t\t<div class=\"elementor-element elementor-element-bea124f elementor-widget elementor-widget-global elementor-global-9341 elementor-widget-text-editor\" data-id=\"bea124f\" data-element_type=\"widget\" data-e-type=\"widget\" data-widget_type=\"text-editor.default\">\n\t\t\t\t<div class=\"elementor-widget-container\">\n\t\t\t\t\t\t\t\t\t<p><strong>PS:\u00a0<span style=\"color: #ff6600;\"><a style=\"color: #ff6600;\" href=\"https:\/\/gradido.net\/sv\/donations\/\">P\u00e5 grund av Gradidos st\u00e4ndigt \u00f6kande betydelse upprepar vi v\u00e5r tacksamhetskampanj den 26 juni 2026:<\/a>\u00a0<\/span><span style=\"color: #0000ff;\"><a style=\"color: #0000ff;\" href=\"https:\/\/gradido.net\/sv\/donations\/\">F\u00f6rutom den multipla GradidoTransform f\u00f6r ditt sponsorbidrag, kommer vi att \u00f6ka alla GDT-kontosaldon med 26% den 26\/06\/2016. Sponsra nu och njut av det multipla beloppet av GDT!<\/a><\/span><\/strong><\/p>\t\t\t\t\t\t\t\t<\/div>\n\t\t\t\t<\/div>\n\t\t\t\t\t<\/div>\n\t\t<\/div>\n\t\t\t\t\t<\/div>\n\t\t<\/section>\n\t\t\t\t<section class=\"elementor-section elementor-top-section elementor-element elementor-element-29dfc07 elementor-section-boxed elementor-section-height-default elementor-section-height-default\" data-id=\"29dfc07\" data-element_type=\"section\" data-e-type=\"section\">\n\t\t\t\t\t\t<div class=\"elementor-container elementor-column-gap-default\">\n\t\t\t\t\t<div class=\"elementor-column elementor-col-100 elementor-top-column elementor-element elementor-element-d37ec5a\" data-id=\"d37ec5a\" data-element_type=\"column\" data-e-type=\"column\">\n\t\t\t<div class=\"elementor-widget-wrap\">\n\t\t\t\t\t\t\t<\/div>\n\t\t<\/div>\n\t\t\t\t\t<\/div>\n\t\t<\/section>\n\t\t\t\t<\/div>","protected":false},"excerpt":{"rendered":"<p>Hur kan du leva ut dina \u00f6nskningar och dr\u00f6mmar nu samtidigt som du arbetar med oss mot det stora m\u00e5let? Vi har forskat kring detta i flera \u00e5r. L\u00f6sningen \u00e4r i grund och botten enkel:<\/p>","protected":false},"author":2,"featured_media":9597,"comment_status":"closed","ping_status":"closed","sticky":false,"template":"","format":"standard","meta":{"footnotes":""},"categories":[11,54],"tags":[],"class_list":["post-9595","post","type-post","status-publish","format-standard","has-post-thumbnail","hentry","category-blog","category-community"],"yoast_head":"<!-- This site is optimized with the Yoast SEO plugin v27.5 - https:\/\/yoast.com\/product\/yoast-seo-wordpress\/ -->\n<title>Studien-Kreis: Gradido-Botschafter N.E.U. - Gradido<\/title>\n<meta name=\"description\" content=\"Wie kannst Du schon jetzt Deine W\u00fcnsche und Tr\u00e4ume leben, w\u00e4hrend Du gemeinsam mit uns auf das gro\u00dfe Ziel hinarbeitest? Daran haben wir jahrelang geforscht. Die L\u00f6sung ist im Grunde einfach:\" \/>\n<meta name=\"robots\" content=\"index, follow, max-snippet:-1, max-image-preview:large, max-video-preview:-1\" \/>\n<link rel=\"canonical\" href=\"https:\/\/gradido.net\/sv\/studienkreis-gradido-botschafter-n-e-u\/\" \/>\n<meta property=\"og:locale\" content=\"sv_SE\" \/>\n<meta property=\"og:type\" content=\"article\" \/>\n<meta property=\"og:title\" content=\"Studien-Kreis: Gradido-Botschafter N.E.U. - Gradido\" \/>\n<meta property=\"og:description\" content=\"Wie kannst Du schon jetzt Deine W\u00fcnsche und Tr\u00e4ume leben, w\u00e4hrend Du gemeinsam mit uns auf das gro\u00dfe Ziel hinarbeitest? Daran haben wir jahrelang geforscht. Die L\u00f6sung ist im Grunde einfach:\" \/>\n<meta property=\"og:url\" content=\"https:\/\/gradido.net\/sv\/studienkreis-gradido-botschafter-n-e-u\/\" \/>\n<meta property=\"og:site_name\" content=\"Gradido\" \/>\n<meta property=\"article:published_time\" content=\"2024-10-07T14:21:51+00:00\" \/>\n<meta property=\"article:modified_time\" content=\"2026-04-24T05:29:22+00:00\" \/>\n<meta property=\"og:image\" content=\"https:\/\/gradido.net\/wp-content\/uploads\/2024\/10\/Friedenstaube_Gradido.jpg\" \/>\n\t<meta property=\"og:image:width\" content=\"1920\" \/>\n\t<meta property=\"og:image:height\" content=\"900\" \/>\n\t<meta property=\"og:image:type\" content=\"image\/jpeg\" \/>\n<meta name=\"author\" content=\"Bernd H\u00fcckst\u00e4dt\" \/>\n<meta name=\"twitter:card\" content=\"summary_large_image\" \/>\n<meta name=\"twitter:label1\" content=\"Skriven av\" \/>\n\t<meta name=\"twitter:data1\" content=\"Bernd H\u00fcckst\u00e4dt\" \/>\n\t<meta name=\"twitter:label2\" content=\"Ber\u00e4knad l\u00e4stid\" \/>\n\t<meta name=\"twitter:data2\" content=\"6 minuter\" \/>\n<script type=\"application\/ld+json\" class=\"yoast-schema-graph\">{\"@context\":\"https:\\\/\\\/schema.org\",\"@graph\":[{\"@type\":\"Article\",\"@id\":\"https:\\\/\\\/gradido.net\\\/studienkreis-gradido-botschafter-n-e-u\\\/#article\",\"isPartOf\":{\"@id\":\"https:\\\/\\\/gradido.net\\\/studienkreis-gradido-botschafter-n-e-u\\\/\"},\"author\":{\"name\":\"Bernd H\u00fcckst\u00e4dt\",\"@id\":\"https:\\\/\\\/gradido.net\\\/de\\\/#\\\/schema\\\/person\\\/9c503a004ad15a1ddecadce2218db5d1\"},\"headline\":\"Studien-Kreis: Gradido-Botschafter N.E.U.\",\"datePublished\":\"2024-10-07T14:21:51+00:00\",\"dateModified\":\"2026-04-24T05:29:22+00:00\",\"mainEntityOfPage\":{\"@id\":\"https:\\\/\\\/gradido.net\\\/studienkreis-gradido-botschafter-n-e-u\\\/\"},\"wordCount\":1038,\"publisher\":{\"@id\":\"https:\\\/\\\/gradido.net\\\/de\\\/#organization\"},\"image\":{\"@id\":\"https:\\\/\\\/gradido.net\\\/studienkreis-gradido-botschafter-n-e-u\\\/#primaryimage\"},\"thumbnailUrl\":\"https:\\\/\\\/gradido.net\\\/wp-content\\\/uploads\\\/2024\\\/10\\\/Friedenstaube_Gradido.jpg\",\"articleSection\":[\"Blog\",\"Community\"],\"inLanguage\":\"sv-SE\"},{\"@type\":\"WebPage\",\"@id\":\"https:\\\/\\\/gradido.net\\\/studienkreis-gradido-botschafter-n-e-u\\\/\",\"url\":\"https:\\\/\\\/gradido.net\\\/studienkreis-gradido-botschafter-n-e-u\\\/\",\"name\":\"Studien-Kreis: Gradido-Botschafter N.E.U. - Gradido\",\"isPartOf\":{\"@id\":\"https:\\\/\\\/gradido.net\\\/de\\\/#website\"},\"primaryImageOfPage\":{\"@id\":\"https:\\\/\\\/gradido.net\\\/studienkreis-gradido-botschafter-n-e-u\\\/#primaryimage\"},\"image\":{\"@id\":\"https:\\\/\\\/gradido.net\\\/studienkreis-gradido-botschafter-n-e-u\\\/#primaryimage\"},\"thumbnailUrl\":\"https:\\\/\\\/gradido.net\\\/wp-content\\\/uploads\\\/2024\\\/10\\\/Friedenstaube_Gradido.jpg\",\"datePublished\":\"2024-10-07T14:21:51+00:00\",\"dateModified\":\"2026-04-24T05:29:22+00:00\",\"description\":\"Wie kannst Du schon jetzt Deine W\u00fcnsche und Tr\u00e4ume leben, w\u00e4hrend Du gemeinsam mit uns auf das gro\u00dfe Ziel hinarbeitest? Daran haben wir jahrelang geforscht. Die L\u00f6sung ist im Grunde einfach:\",\"breadcrumb\":{\"@id\":\"https:\\\/\\\/gradido.net\\\/studienkreis-gradido-botschafter-n-e-u\\\/#breadcrumb\"},\"inLanguage\":\"sv-SE\",\"potentialAction\":[{\"@type\":\"ReadAction\",\"target\":[\"https:\\\/\\\/gradido.net\\\/studienkreis-gradido-botschafter-n-e-u\\\/\"]}]},{\"@type\":\"ImageObject\",\"inLanguage\":\"sv-SE\",\"@id\":\"https:\\\/\\\/gradido.net\\\/studienkreis-gradido-botschafter-n-e-u\\\/#primaryimage\",\"url\":\"https:\\\/\\\/gradido.net\\\/wp-content\\\/uploads\\\/2024\\\/10\\\/Friedenstaube_Gradido.jpg\",\"contentUrl\":\"https:\\\/\\\/gradido.net\\\/wp-content\\\/uploads\\\/2024\\\/10\\\/Friedenstaube_Gradido.jpg\",\"width\":1920,\"height\":900},{\"@type\":\"BreadcrumbList\",\"@id\":\"https:\\\/\\\/gradido.net\\\/studienkreis-gradido-botschafter-n-e-u\\\/#breadcrumb\",\"itemListElement\":[{\"@type\":\"ListItem\",\"position\":1,\"name\":\"Startseite\",\"item\":\"https:\\\/\\\/gradido.net\\\/\"},{\"@type\":\"ListItem\",\"position\":2,\"name\":\"Studien-Kreis: Gradido-Botschafter N.E.U.\"}]},{\"@type\":\"WebSite\",\"@id\":\"https:\\\/\\\/gradido.net\\\/de\\\/#website\",\"url\":\"https:\\\/\\\/gradido.net\\\/de\\\/\",\"name\":\"Gradido\",\"description\":\"Die neue W\u00e4hrung hei\u00dft Dankbarkeit\",\"publisher\":{\"@id\":\"https:\\\/\\\/gradido.net\\\/de\\\/#organization\"},\"potentialAction\":[{\"@type\":\"SearchAction\",\"target\":{\"@type\":\"EntryPoint\",\"urlTemplate\":\"https:\\\/\\\/gradido.net\\\/de\\\/?s={search_term_string}\"},\"query-input\":{\"@type\":\"PropertyValueSpecification\",\"valueRequired\":true,\"valueName\":\"search_term_string\"}}],\"inLanguage\":\"sv-SE\"},{\"@type\":\"Organization\",\"@id\":\"https:\\\/\\\/gradido.net\\\/de\\\/#organization\",\"name\":\"Gradido\",\"url\":\"https:\\\/\\\/gradido.net\\\/de\\\/\",\"logo\":{\"@type\":\"ImageObject\",\"inLanguage\":\"sv-SE\",\"@id\":\"https:\\\/\\\/gradido.net\\\/de\\\/#\\\/schema\\\/logo\\\/image\\\/\",\"url\":\"https:\\\/\\\/gradido.net\\\/wp-content\\\/uploads\\\/2022\\\/04\\\/gradido-social.jpg\",\"contentUrl\":\"https:\\\/\\\/gradido.net\\\/wp-content\\\/uploads\\\/2022\\\/04\\\/gradido-social.jpg\",\"width\":527,\"height\":273,\"caption\":\"Gradido\"},\"image\":{\"@id\":\"https:\\\/\\\/gradido.net\\\/de\\\/#\\\/schema\\\/logo\\\/image\\\/\"}},{\"@type\":\"Person\",\"@id\":\"https:\\\/\\\/gradido.net\\\/de\\\/#\\\/schema\\\/person\\\/9c503a004ad15a1ddecadce2218db5d1\",\"name\":\"Bernd H\u00fcckst\u00e4dt\",\"sameAs\":[\"https:\\\/\\\/gradido.net\"],\"url\":\"https:\\\/\\\/gradido.net\\\/sv\\\/author\\\/bernd\\\/\"}]}<\/script>\n<!-- \/ Yoast SEO plugin. -->","yoast_head_json":{"title":"Studiecirkel: Gradido ambassad\u00f6r N.E.U. - Gradido","description":"Hur kan du leva ut dina \u00f6nskningar och dr\u00f6mmar nu samtidigt som du arbetar med oss mot det stora m\u00e5let? Vi har forskat kring detta i flera \u00e5r. L\u00f6sningen \u00e4r i grund och botten enkel:","robots":{"index":"index","follow":"follow","max-snippet":"max-snippet:-1","max-image-preview":"max-image-preview:large","max-video-preview":"max-video-preview:-1"},"canonical":"https:\/\/gradido.net\/sv\/studienkreis-gradido-botschafter-n-e-u\/","og_locale":"sv_SE","og_type":"article","og_title":"Studien-Kreis: Gradido-Botschafter N.E.U. - Gradido","og_description":"Wie kannst Du schon jetzt Deine W\u00fcnsche und Tr\u00e4ume leben, w\u00e4hrend Du gemeinsam mit uns auf das gro\u00dfe Ziel hinarbeitest? Daran haben wir jahrelang geforscht. Die L\u00f6sung ist im Grunde einfach:","og_url":"https:\/\/gradido.net\/sv\/studienkreis-gradido-botschafter-n-e-u\/","og_site_name":"Gradido","article_published_time":"2024-10-07T14:21:51+00:00","article_modified_time":"2026-04-24T05:29:22+00:00","og_image":[{"width":1920,"height":900,"url":"https:\/\/gradido.net\/wp-content\/uploads\/2024\/10\/Friedenstaube_Gradido.jpg","type":"image\/jpeg"}],"author":"Bernd H\u00fcckst\u00e4dt","twitter_card":"summary_large_image","twitter_misc":{"Skriven av":"Bernd H\u00fcckst\u00e4dt","Ber\u00e4knad l\u00e4stid":"6 minuter"},"schema":{"@context":"https:\/\/schema.org","@graph":[{"@type":"Article","@id":"https:\/\/gradido.net\/studienkreis-gradido-botschafter-n-e-u\/#article","isPartOf":{"@id":"https:\/\/gradido.net\/studienkreis-gradido-botschafter-n-e-u\/"},"author":{"name":"Bernd H\u00fcckst\u00e4dt","@id":"https:\/\/gradido.net\/de\/#\/schema\/person\/9c503a004ad15a1ddecadce2218db5d1"},"headline":"Studien-Kreis: Gradido-Botschafter N.E.U.","datePublished":"2024-10-07T14:21:51+00:00","dateModified":"2026-04-24T05:29:22+00:00","mainEntityOfPage":{"@id":"https:\/\/gradido.net\/studienkreis-gradido-botschafter-n-e-u\/"},"wordCount":1038,"publisher":{"@id":"https:\/\/gradido.net\/de\/#organization"},"image":{"@id":"https:\/\/gradido.net\/studienkreis-gradido-botschafter-n-e-u\/#primaryimage"},"thumbnailUrl":"https:\/\/gradido.net\/wp-content\/uploads\/2024\/10\/Friedenstaube_Gradido.jpg","articleSection":["Blog","Community"],"inLanguage":"sv-SE"},{"@type":"WebPage","@id":"https:\/\/gradido.net\/studienkreis-gradido-botschafter-n-e-u\/","url":"https:\/\/gradido.net\/studienkreis-gradido-botschafter-n-e-u\/","name":"Studiecirkel: Gradido ambassad\u00f6r N.E.U. - Gradido","isPartOf":{"@id":"https:\/\/gradido.net\/de\/#website"},"primaryImageOfPage":{"@id":"https:\/\/gradido.net\/studienkreis-gradido-botschafter-n-e-u\/#primaryimage"},"image":{"@id":"https:\/\/gradido.net\/studienkreis-gradido-botschafter-n-e-u\/#primaryimage"},"thumbnailUrl":"https:\/\/gradido.net\/wp-content\/uploads\/2024\/10\/Friedenstaube_Gradido.jpg","datePublished":"2024-10-07T14:21:51+00:00","dateModified":"2026-04-24T05:29:22+00:00","description":"Hur kan du leva ut dina \u00f6nskningar och dr\u00f6mmar nu samtidigt som du arbetar med oss mot det stora m\u00e5let? Vi har forskat kring detta i flera \u00e5r. L\u00f6sningen \u00e4r i grund och botten enkel:","breadcrumb":{"@id":"https:\/\/gradido.net\/studienkreis-gradido-botschafter-n-e-u\/#breadcrumb"},"inLanguage":"sv-SE","potentialAction":[{"@type":"ReadAction","target":["https:\/\/gradido.net\/studienkreis-gradido-botschafter-n-e-u\/"]}]},{"@type":"ImageObject","inLanguage":"sv-SE","@id":"https:\/\/gradido.net\/studienkreis-gradido-botschafter-n-e-u\/#primaryimage","url":"https:\/\/gradido.net\/wp-content\/uploads\/2024\/10\/Friedenstaube_Gradido.jpg","contentUrl":"https:\/\/gradido.net\/wp-content\/uploads\/2024\/10\/Friedenstaube_Gradido.jpg","width":1920,"height":900},{"@type":"BreadcrumbList","@id":"https:\/\/gradido.net\/studienkreis-gradido-botschafter-n-e-u\/#breadcrumb","itemListElement":[{"@type":"ListItem","position":1,"name":"Startseite","item":"https:\/\/gradido.net\/"},{"@type":"ListItem","position":2,"name":"Studien-Kreis: Gradido-Botschafter N.E.U."}]},{"@type":"WebSite","@id":"https:\/\/gradido.net\/de\/#website","url":"https:\/\/gradido.net\/de\/","name":"Gradido","description":"Den nya valutan \u00e4r tacksamhet","publisher":{"@id":"https:\/\/gradido.net\/de\/#organization"},"potentialAction":[{"@type":"SearchAction","target":{"@type":"EntryPoint","urlTemplate":"https:\/\/gradido.net\/de\/?s={search_term_string}"},"query-input":{"@type":"PropertyValueSpecification","valueRequired":true,"valueName":"search_term_string"}}],"inLanguage":"sv-SE"},{"@type":"Organization","@id":"https:\/\/gradido.net\/de\/#organization","name":"Gradido","url":"https:\/\/gradido.net\/de\/","logo":{"@type":"ImageObject","inLanguage":"sv-SE","@id":"https:\/\/gradido.net\/de\/#\/schema\/logo\/image\/","url":"https:\/\/gradido.net\/wp-content\/uploads\/2022\/04\/gradido-social.jpg","contentUrl":"https:\/\/gradido.net\/wp-content\/uploads\/2022\/04\/gradido-social.jpg","width":527,"height":273,"caption":"Gradido"},"image":{"@id":"https:\/\/gradido.net\/de\/#\/schema\/logo\/image\/"}},{"@type":"Person","@id":"https:\/\/gradido.net\/de\/#\/schema\/person\/9c503a004ad15a1ddecadce2218db5d1","name":"Bernd H\u00fcckst\u00e4dt","sameAs":["https:\/\/gradido.net"],"url":"https:\/\/gradido.net\/sv\/author\/bernd\/"}]}},"_links":{"self":[{"href":"https:\/\/gradido.net\/sv\/wp-json\/wp\/v2\/posts\/9595","targetHints":{"allow":["GET"]}}],"collection":[{"href":"https:\/\/gradido.net\/sv\/wp-json\/wp\/v2\/posts"}],"about":[{"href":"https:\/\/gradido.net\/sv\/wp-json\/wp\/v2\/types\/post"}],"author":[{"embeddable":true,"href":"https:\/\/gradido.net\/sv\/wp-json\/wp\/v2\/users\/2"}],"replies":[{"embeddable":true,"href":"https:\/\/gradido.net\/sv\/wp-json\/wp\/v2\/comments?post=9595"}],"version-history":[{"count":23,"href":"https:\/\/gradido.net\/sv\/wp-json\/wp\/v2\/posts\/9595\/revisions"}],"predecessor-version":[{"id":13582,"href":"https:\/\/gradido.net\/sv\/wp-json\/wp\/v2\/posts\/9595\/revisions\/13582"}],"wp:featuredmedia":[{"embeddable":true,"href":"https:\/\/gradido.net\/sv\/wp-json\/wp\/v2\/media\/9597"}],"wp:attachment":[{"href":"https:\/\/gradido.net\/sv\/wp-json\/wp\/v2\/media?parent=9595"}],"wp:term":[{"taxonomy":"category","embeddable":true,"href":"https:\/\/gradido.net\/sv\/wp-json\/wp\/v2\/categories?post=9595"},{"taxonomy":"post_tag","embeddable":true,"href":"https:\/\/gradido.net\/sv\/wp-json\/wp\/v2\/tags?post=9595"}],"curies":[{"name":"wp","href":"https:\/\/api.w.org\/{rel}","templated":true}]}}