{"id":9844,"date":"2024-11-27T16:26:48","date_gmt":"2024-11-27T15:26:48","guid":{"rendered":"https:\/\/gradido.net\/?p=9844"},"modified":"2026-04-24T07:26:18","modified_gmt":"2026-04-24T05:26:18","slug":"dein-mitwirken-ist-gefragt","status":"publish","type":"post","link":"https:\/\/gradido.net\/sv\/dein-mitwirken-ist-gefragt\/","title":{"rendered":"Din \"medverkan+handling\" \u00e4r n\u00f6dv\u00e4ndig"},"content":{"rendered":"<div data-elementor-type=\"wp-post\" data-elementor-id=\"9844\" class=\"elementor elementor-9844\" data-elementor-post-type=\"post\">\n\t\t\t\t\t\t<section class=\"elementor-section elementor-top-section elementor-element elementor-element-496e1d53 elementor-section-boxed elementor-section-height-default elementor-section-height-default\" data-id=\"496e1d53\" data-element_type=\"section\" data-e-type=\"section\">\n\t\t\t\t\t\t<div class=\"elementor-container elementor-column-gap-default\">\n\t\t\t\t\t<div class=\"elementor-column elementor-col-100 elementor-top-column elementor-element elementor-element-461d7be0\" data-id=\"461d7be0\" data-element_type=\"column\" data-e-type=\"column\">\n\t\t\t<div class=\"elementor-widget-wrap elementor-element-populated\">\n\t\t\t\t\t\t<div class=\"elementor-element elementor-element-cd9ebe2 elementor-widget elementor-widget-text-editor\" data-id=\"cd9ebe2\" data-element_type=\"widget\" data-e-type=\"widget\" data-widget_type=\"text-editor.default\">\n\t\t\t\t<div class=\"elementor-widget-container\">\n\t\t\t\t\t\t\t\t\t<p><em>Fr\u00e5n Eva-Maria Zander<\/em><\/p><p style=\"text-align: right;\"><em>\"<strong>Om du vill bygga ett skepp,<\/strong> s\u00e5 trumma inte upp m\u00e4n, <\/em><br \/><em>att k\u00f6pa in virke, f\u00f6rdela arbetsuppgifter och organisera arbetet, <\/em><br \/><em>utan l\u00e4ra m\u00e4n att l\u00e4ngta efter det stora, o\u00e4ndliga havet. \"<\/em><\/p><p style=\"text-align: right;\"><em>Antoine de Saint-Exup\u00e9ry<\/em><\/p><p>K\u00e4ra l\u00e4sare,<\/p><p>Vill du ocks\u00e5 komma i \u00e4nnu b\u00e4ttre kontakt med oss och andra Gradidomedlemmar och g\u00f6ra v\u00e5r koppling till varandra p\u00e5taglig? Och vill du bidra med dina alldeles speciella g\u00e5vor f\u00f6r att vinna \u00e4nnu fler m\u00e4nniskor f\u00f6r Gradido, f\u00f6r att knyta samman varandra genom Gradido och inspirera dem till gemensamma projekt?<\/p><p><strong>D\u00e5 har jag tv\u00e5 fr\u00e5gor till dig idag:<\/strong><\/p><ol><li>Vilka aktiviteter tycker du om av hela ditt hj\u00e4rta?<\/li><li>Hur kan dessa kombineras med Gradido?<\/li><\/ol><p>.<br \/>Om du inte kan besvara den andra fr\u00e5gan spontant, l\u00e5t det r\u00e4cka med att besvara den f\u00f6rsta. Kanske kommer andra av oss att ha briljanta id\u00e9er och vi kan anv\u00e4nda sv\u00e4rmintelligensen tillsammans.<\/p><p>V\u00e4nligen skriv ditt\/dina svar i utrymmet \"Mit+Wirken\" i Gradido-cirklarna!<\/p><p>Som du vet kan du n\u00e5 gradidocirklarna i <a href=\"https:\/\/gdd.gradido.net\/\" target=\"_blank\" rel=\"noopener\">Gradido-konto<\/a> via menyn \"Cirklar\". Utrymmet \"Join + Contribute\" finns h\u00f6gst upp p\u00e5 andra plats. Klicka bara p\u00e5 \"Join\" och skriv ditt\/dina svar.<\/p><p>Det skulle vara bra om du <strong>Dina svar senast den 8 december<\/strong> post. Sedan kan vi diskutera dem vid v\u00e5rt n\u00e4sta Vision Circle-m\u00f6te och ta st\u00e4llning till dem.<\/p><p>Tusen tack f\u00f6r hj\u00e4lpen och med v\u00e4nliga h\u00e4lsningar<\/p><p>Din<\/p><p>Eva-Maria fr\u00e5n Visionscirkeln<\/p><p>\u00a0<img fetchpriority=\"high\" decoding=\"async\" class=\"alignnone wp-image-9853 size-medium\" src=\"https:\/\/gradido.net\/wp-content\/uploads\/2024\/11\/BildschiImpulse-259x300.png\" alt=\"\" width=\"259\" height=\"300\" \/><\/p>\t\t\t\t\t\t\t\t<\/div>\n\t\t\t\t<\/div>\n\t\t\t\t\t<\/div>\n\t\t<\/div>\n\t\t\t\t\t<\/div>\n\t\t<\/section>\n\t\t\t\t<section class=\"elementor-section elementor-top-section elementor-element elementor-element-14532fe elementor-section-boxed elementor-section-height-default elementor-section-height-default\" data-id=\"14532fe\" data-element_type=\"section\" data-e-type=\"section\">\n\t\t\t\t\t\t<div class=\"elementor-container elementor-column-gap-default\">\n\t\t\t\t\t<div class=\"elementor-column elementor-col-100 elementor-top-column elementor-element elementor-element-65d2298\" data-id=\"65d2298\" data-element_type=\"column\" data-e-type=\"column\">\n\t\t\t<div class=\"elementor-widget-wrap elementor-element-populated\">\n\t\t\t\t\t\t<div class=\"elementor-element elementor-element-bea124f elementor-widget elementor-widget-global elementor-global-9341 elementor-widget-text-editor\" data-id=\"bea124f\" data-element_type=\"widget\" data-e-type=\"widget\" data-widget_type=\"text-editor.default\">\n\t\t\t\t<div class=\"elementor-widget-container\">\n\t\t\t\t\t\t\t\t\t<p><strong>PS:\u00a0<span style=\"color: #ff6600;\"><a style=\"color: #ff6600;\" href=\"https:\/\/gradido.net\/sv\/donations\/\">P\u00e5 grund av Gradidos st\u00e4ndigt \u00f6kande betydelse upprepar vi v\u00e5r tacksamhetskampanj den 26 juni 2026:<\/a>\u00a0<\/span><span style=\"color: #0000ff;\"><a style=\"color: #0000ff;\" href=\"https:\/\/gradido.net\/sv\/donations\/\">F\u00f6rutom den multipla GradidoTransform f\u00f6r ditt sponsorbidrag, kommer vi att \u00f6ka alla GDT-kontosaldon med 26% den 26\/06\/2016. Sponsra nu och njut av det multipla beloppet av GDT!<\/a><\/span><\/strong><\/p>\t\t\t\t\t\t\t\t<\/div>\n\t\t\t\t<\/div>\n\t\t\t\t\t<\/div>\n\t\t<\/div>\n\t\t\t\t\t<\/div>\n\t\t<\/section>\n\t\t\t\t<section class=\"elementor-section elementor-top-section elementor-element elementor-element-29dfc07 elementor-section-boxed elementor-section-height-default elementor-section-height-default\" data-id=\"29dfc07\" data-element_type=\"section\" data-e-type=\"section\">\n\t\t\t\t\t\t<div class=\"elementor-container elementor-column-gap-default\">\n\t\t\t\t\t<div class=\"elementor-column elementor-col-100 elementor-top-column elementor-element elementor-element-d37ec5a\" data-id=\"d37ec5a\" data-element_type=\"column\" data-e-type=\"column\">\n\t\t\t<div class=\"elementor-widget-wrap\">\n\t\t\t\t\t\t\t<\/div>\n\t\t<\/div>\n\t\t\t\t\t<\/div>\n\t\t<\/section>\n\t\t\t\t<\/div>","protected":false},"excerpt":{"rendered":"<p>Vill du ocks\u00e5 komma i \u00e4nnu b\u00e4ttre kontakt med oss och andra Gradido-medlemmar och g\u00f6ra v\u00e5r koppling till varandra p\u00e5taglig? Och skulle du vilja anv\u00e4nda dina mycket speciella g\u00e5vor f\u00f6r att ...<\/p>","protected":false},"author":2,"featured_media":9857,"comment_status":"closed","ping_status":"closed","sticky":false,"template":"","format":"standard","meta":{"footnotes":""},"categories":[11,54],"tags":[],"class_list":["post-9844","post","type-post","status-publish","format-standard","has-post-thumbnail","hentry","category-blog","category-community"],"yoast_head":"<!-- This site is optimized with the Yoast SEO plugin v27.5 - https:\/\/yoast.com\/product\/yoast-seo-wordpress\/ -->\n<title>Dein \u00bbMit+Wirken\u00ab ist gefragt - Gradido<\/title>\n<meta name=\"description\" content=\"M\u00f6chtest auch Du noch besser mit uns und anderen Gradido-Mitgliedern in Kontakt kommen und unsere Verbindung zueinander f\u00fchlbar werden lassen? Und m\u00f6chtest Du Deine ganz besonderen Gaben einflie\u00dfen lassen, um \u2026\" \/>\n<meta name=\"robots\" content=\"index, follow, max-snippet:-1, max-image-preview:large, max-video-preview:-1\" \/>\n<link rel=\"canonical\" href=\"https:\/\/gradido.net\/sv\/dein-mitwirken-ist-gefragt\/\" \/>\n<meta property=\"og:locale\" content=\"sv_SE\" \/>\n<meta property=\"og:type\" content=\"article\" \/>\n<meta property=\"og:title\" content=\"Dein \u00bbMit+Wirken\u00ab ist gefragt - Gradido\" \/>\n<meta property=\"og:description\" content=\"M\u00f6chtest auch Du noch besser mit uns und anderen Gradido-Mitgliedern in Kontakt kommen und unsere Verbindung zueinander f\u00fchlbar werden lassen? Und m\u00f6chtest Du Deine ganz besonderen Gaben einflie\u00dfen lassen, um \u2026\" \/>\n<meta property=\"og:url\" content=\"https:\/\/gradido.net\/sv\/dein-mitwirken-ist-gefragt\/\" \/>\n<meta property=\"og:site_name\" content=\"Gradido\" \/>\n<meta property=\"article:published_time\" content=\"2024-11-27T15:26:48+00:00\" \/>\n<meta property=\"article:modified_time\" content=\"2026-04-24T05:26:18+00:00\" \/>\n<meta property=\"og:image\" content=\"https:\/\/gradido.net\/wp-content\/uploads\/2024\/11\/Mitwirken.jpg\" \/>\n\t<meta property=\"og:image:width\" content=\"1920\" \/>\n\t<meta property=\"og:image:height\" content=\"800\" \/>\n\t<meta property=\"og:image:type\" content=\"image\/jpeg\" \/>\n<meta name=\"author\" content=\"Bernd H\u00fcckst\u00e4dt\" \/>\n<meta name=\"twitter:card\" content=\"summary_large_image\" \/>\n<meta name=\"twitter:label1\" content=\"Skriven av\" \/>\n\t<meta name=\"twitter:data1\" content=\"Bernd H\u00fcckst\u00e4dt\" \/>\n\t<meta name=\"twitter:label2\" content=\"Ber\u00e4knad l\u00e4stid\" \/>\n\t<meta name=\"twitter:data2\" content=\"2 minuter\" \/>\n<script type=\"application\/ld+json\" class=\"yoast-schema-graph\">{\"@context\":\"https:\\\/\\\/schema.org\",\"@graph\":[{\"@type\":\"Article\",\"@id\":\"https:\\\/\\\/gradido.net\\\/dein-mitwirken-ist-gefragt\\\/#article\",\"isPartOf\":{\"@id\":\"https:\\\/\\\/gradido.net\\\/dein-mitwirken-ist-gefragt\\\/\"},\"author\":{\"name\":\"Bernd H\u00fcckst\u00e4dt\",\"@id\":\"https:\\\/\\\/gradido.net\\\/de\\\/#\\\/schema\\\/person\\\/9c503a004ad15a1ddecadce2218db5d1\"},\"headline\":\"Dein \u00bbMit+Wirken\u00ab ist gefragt\",\"datePublished\":\"2024-11-27T15:26:48+00:00\",\"dateModified\":\"2026-04-24T05:26:18+00:00\",\"mainEntityOfPage\":{\"@id\":\"https:\\\/\\\/gradido.net\\\/dein-mitwirken-ist-gefragt\\\/\"},\"wordCount\":300,\"publisher\":{\"@id\":\"https:\\\/\\\/gradido.net\\\/de\\\/#organization\"},\"image\":{\"@id\":\"https:\\\/\\\/gradido.net\\\/dein-mitwirken-ist-gefragt\\\/#primaryimage\"},\"thumbnailUrl\":\"https:\\\/\\\/gradido.net\\\/wp-content\\\/uploads\\\/2024\\\/11\\\/Mitwirken.jpg\",\"articleSection\":[\"Blog\",\"Community\"],\"inLanguage\":\"sv-SE\"},{\"@type\":\"WebPage\",\"@id\":\"https:\\\/\\\/gradido.net\\\/dein-mitwirken-ist-gefragt\\\/\",\"url\":\"https:\\\/\\\/gradido.net\\\/dein-mitwirken-ist-gefragt\\\/\",\"name\":\"Dein \u00bbMit+Wirken\u00ab ist gefragt - Gradido\",\"isPartOf\":{\"@id\":\"https:\\\/\\\/gradido.net\\\/de\\\/#website\"},\"primaryImageOfPage\":{\"@id\":\"https:\\\/\\\/gradido.net\\\/dein-mitwirken-ist-gefragt\\\/#primaryimage\"},\"image\":{\"@id\":\"https:\\\/\\\/gradido.net\\\/dein-mitwirken-ist-gefragt\\\/#primaryimage\"},\"thumbnailUrl\":\"https:\\\/\\\/gradido.net\\\/wp-content\\\/uploads\\\/2024\\\/11\\\/Mitwirken.jpg\",\"datePublished\":\"2024-11-27T15:26:48+00:00\",\"dateModified\":\"2026-04-24T05:26:18+00:00\",\"description\":\"M\u00f6chtest auch Du noch besser mit uns und anderen Gradido-Mitgliedern in Kontakt kommen und unsere Verbindung zueinander f\u00fchlbar werden lassen? Und m\u00f6chtest Du Deine ganz besonderen Gaben einflie\u00dfen lassen, um \u2026\",\"breadcrumb\":{\"@id\":\"https:\\\/\\\/gradido.net\\\/dein-mitwirken-ist-gefragt\\\/#breadcrumb\"},\"inLanguage\":\"sv-SE\",\"potentialAction\":[{\"@type\":\"ReadAction\",\"target\":[\"https:\\\/\\\/gradido.net\\\/dein-mitwirken-ist-gefragt\\\/\"]}]},{\"@type\":\"ImageObject\",\"inLanguage\":\"sv-SE\",\"@id\":\"https:\\\/\\\/gradido.net\\\/dein-mitwirken-ist-gefragt\\\/#primaryimage\",\"url\":\"https:\\\/\\\/gradido.net\\\/wp-content\\\/uploads\\\/2024\\\/11\\\/Mitwirken.jpg\",\"contentUrl\":\"https:\\\/\\\/gradido.net\\\/wp-content\\\/uploads\\\/2024\\\/11\\\/Mitwirken.jpg\",\"width\":1920,\"height\":800},{\"@type\":\"BreadcrumbList\",\"@id\":\"https:\\\/\\\/gradido.net\\\/dein-mitwirken-ist-gefragt\\\/#breadcrumb\",\"itemListElement\":[{\"@type\":\"ListItem\",\"position\":1,\"name\":\"Startseite\",\"item\":\"https:\\\/\\\/gradido.net\\\/\"},{\"@type\":\"ListItem\",\"position\":2,\"name\":\"Dein \u00bbMit+Wirken\u00ab ist gefragt\"}]},{\"@type\":\"WebSite\",\"@id\":\"https:\\\/\\\/gradido.net\\\/de\\\/#website\",\"url\":\"https:\\\/\\\/gradido.net\\\/de\\\/\",\"name\":\"Gradido\",\"description\":\"Die neue W\u00e4hrung hei\u00dft Dankbarkeit\",\"publisher\":{\"@id\":\"https:\\\/\\\/gradido.net\\\/de\\\/#organization\"},\"potentialAction\":[{\"@type\":\"SearchAction\",\"target\":{\"@type\":\"EntryPoint\",\"urlTemplate\":\"https:\\\/\\\/gradido.net\\\/de\\\/?s={search_term_string}\"},\"query-input\":{\"@type\":\"PropertyValueSpecification\",\"valueRequired\":true,\"valueName\":\"search_term_string\"}}],\"inLanguage\":\"sv-SE\"},{\"@type\":\"Organization\",\"@id\":\"https:\\\/\\\/gradido.net\\\/de\\\/#organization\",\"name\":\"Gradido\",\"url\":\"https:\\\/\\\/gradido.net\\\/de\\\/\",\"logo\":{\"@type\":\"ImageObject\",\"inLanguage\":\"sv-SE\",\"@id\":\"https:\\\/\\\/gradido.net\\\/de\\\/#\\\/schema\\\/logo\\\/image\\\/\",\"url\":\"https:\\\/\\\/gradido.net\\\/wp-content\\\/uploads\\\/2022\\\/04\\\/gradido-social.jpg\",\"contentUrl\":\"https:\\\/\\\/gradido.net\\\/wp-content\\\/uploads\\\/2022\\\/04\\\/gradido-social.jpg\",\"width\":527,\"height\":273,\"caption\":\"Gradido\"},\"image\":{\"@id\":\"https:\\\/\\\/gradido.net\\\/de\\\/#\\\/schema\\\/logo\\\/image\\\/\"}},{\"@type\":\"Person\",\"@id\":\"https:\\\/\\\/gradido.net\\\/de\\\/#\\\/schema\\\/person\\\/9c503a004ad15a1ddecadce2218db5d1\",\"name\":\"Bernd H\u00fcckst\u00e4dt\",\"sameAs\":[\"https:\\\/\\\/gradido.net\"],\"url\":\"https:\\\/\\\/gradido.net\\\/sv\\\/author\\\/bernd\\\/\"}]}<\/script>\n<!-- \/ Yoast SEO plugin. -->","yoast_head_json":{"title":"Din \"medverkan+handling\" \u00e4r n\u00f6dv\u00e4ndig - Gradido","description":"Vill du ocks\u00e5 komma i \u00e4nnu b\u00e4ttre kontakt med oss och andra Gradido-medlemmar och g\u00f6ra v\u00e5r koppling till varandra p\u00e5taglig? Och skulle du vilja anv\u00e4nda dina mycket speciella g\u00e5vor f\u00f6r att ...","robots":{"index":"index","follow":"follow","max-snippet":"max-snippet:-1","max-image-preview":"max-image-preview:large","max-video-preview":"max-video-preview:-1"},"canonical":"https:\/\/gradido.net\/sv\/dein-mitwirken-ist-gefragt\/","og_locale":"sv_SE","og_type":"article","og_title":"Dein \u00bbMit+Wirken\u00ab ist gefragt - Gradido","og_description":"M\u00f6chtest auch Du noch besser mit uns und anderen Gradido-Mitgliedern in Kontakt kommen und unsere Verbindung zueinander f\u00fchlbar werden lassen? Und m\u00f6chtest Du Deine ganz besonderen Gaben einflie\u00dfen lassen, um \u2026","og_url":"https:\/\/gradido.net\/sv\/dein-mitwirken-ist-gefragt\/","og_site_name":"Gradido","article_published_time":"2024-11-27T15:26:48+00:00","article_modified_time":"2026-04-24T05:26:18+00:00","og_image":[{"width":1920,"height":800,"url":"https:\/\/gradido.net\/wp-content\/uploads\/2024\/11\/Mitwirken.jpg","type":"image\/jpeg"}],"author":"Bernd H\u00fcckst\u00e4dt","twitter_card":"summary_large_image","twitter_misc":{"Skriven av":"Bernd H\u00fcckst\u00e4dt","Ber\u00e4knad l\u00e4stid":"2 minuter"},"schema":{"@context":"https:\/\/schema.org","@graph":[{"@type":"Article","@id":"https:\/\/gradido.net\/dein-mitwirken-ist-gefragt\/#article","isPartOf":{"@id":"https:\/\/gradido.net\/dein-mitwirken-ist-gefragt\/"},"author":{"name":"Bernd H\u00fcckst\u00e4dt","@id":"https:\/\/gradido.net\/de\/#\/schema\/person\/9c503a004ad15a1ddecadce2218db5d1"},"headline":"Dein \u00bbMit+Wirken\u00ab ist gefragt","datePublished":"2024-11-27T15:26:48+00:00","dateModified":"2026-04-24T05:26:18+00:00","mainEntityOfPage":{"@id":"https:\/\/gradido.net\/dein-mitwirken-ist-gefragt\/"},"wordCount":300,"publisher":{"@id":"https:\/\/gradido.net\/de\/#organization"},"image":{"@id":"https:\/\/gradido.net\/dein-mitwirken-ist-gefragt\/#primaryimage"},"thumbnailUrl":"https:\/\/gradido.net\/wp-content\/uploads\/2024\/11\/Mitwirken.jpg","articleSection":["Blog","Community"],"inLanguage":"sv-SE"},{"@type":"WebPage","@id":"https:\/\/gradido.net\/dein-mitwirken-ist-gefragt\/","url":"https:\/\/gradido.net\/dein-mitwirken-ist-gefragt\/","name":"Din \"medverkan+handling\" \u00e4r n\u00f6dv\u00e4ndig - Gradido","isPartOf":{"@id":"https:\/\/gradido.net\/de\/#website"},"primaryImageOfPage":{"@id":"https:\/\/gradido.net\/dein-mitwirken-ist-gefragt\/#primaryimage"},"image":{"@id":"https:\/\/gradido.net\/dein-mitwirken-ist-gefragt\/#primaryimage"},"thumbnailUrl":"https:\/\/gradido.net\/wp-content\/uploads\/2024\/11\/Mitwirken.jpg","datePublished":"2024-11-27T15:26:48+00:00","dateModified":"2026-04-24T05:26:18+00:00","description":"Vill du ocks\u00e5 komma i \u00e4nnu b\u00e4ttre kontakt med oss och andra Gradido-medlemmar och g\u00f6ra v\u00e5r koppling till varandra p\u00e5taglig? Och skulle du vilja anv\u00e4nda dina mycket speciella g\u00e5vor f\u00f6r att ...","breadcrumb":{"@id":"https:\/\/gradido.net\/dein-mitwirken-ist-gefragt\/#breadcrumb"},"inLanguage":"sv-SE","potentialAction":[{"@type":"ReadAction","target":["https:\/\/gradido.net\/dein-mitwirken-ist-gefragt\/"]}]},{"@type":"ImageObject","inLanguage":"sv-SE","@id":"https:\/\/gradido.net\/dein-mitwirken-ist-gefragt\/#primaryimage","url":"https:\/\/gradido.net\/wp-content\/uploads\/2024\/11\/Mitwirken.jpg","contentUrl":"https:\/\/gradido.net\/wp-content\/uploads\/2024\/11\/Mitwirken.jpg","width":1920,"height":800},{"@type":"BreadcrumbList","@id":"https:\/\/gradido.net\/dein-mitwirken-ist-gefragt\/#breadcrumb","itemListElement":[{"@type":"ListItem","position":1,"name":"Startseite","item":"https:\/\/gradido.net\/"},{"@type":"ListItem","position":2,"name":"Dein \u00bbMit+Wirken\u00ab ist gefragt"}]},{"@type":"WebSite","@id":"https:\/\/gradido.net\/de\/#website","url":"https:\/\/gradido.net\/de\/","name":"Gradido","description":"Den nya valutan \u00e4r tacksamhet","publisher":{"@id":"https:\/\/gradido.net\/de\/#organization"},"potentialAction":[{"@type":"SearchAction","target":{"@type":"EntryPoint","urlTemplate":"https:\/\/gradido.net\/de\/?s={search_term_string}"},"query-input":{"@type":"PropertyValueSpecification","valueRequired":true,"valueName":"search_term_string"}}],"inLanguage":"sv-SE"},{"@type":"Organization","@id":"https:\/\/gradido.net\/de\/#organization","name":"Gradido","url":"https:\/\/gradido.net\/de\/","logo":{"@type":"ImageObject","inLanguage":"sv-SE","@id":"https:\/\/gradido.net\/de\/#\/schema\/logo\/image\/","url":"https:\/\/gradido.net\/wp-content\/uploads\/2022\/04\/gradido-social.jpg","contentUrl":"https:\/\/gradido.net\/wp-content\/uploads\/2022\/04\/gradido-social.jpg","width":527,"height":273,"caption":"Gradido"},"image":{"@id":"https:\/\/gradido.net\/de\/#\/schema\/logo\/image\/"}},{"@type":"Person","@id":"https:\/\/gradido.net\/de\/#\/schema\/person\/9c503a004ad15a1ddecadce2218db5d1","name":"Bernd H\u00fcckst\u00e4dt","sameAs":["https:\/\/gradido.net"],"url":"https:\/\/gradido.net\/sv\/author\/bernd\/"}]}},"_links":{"self":[{"href":"https:\/\/gradido.net\/sv\/wp-json\/wp\/v2\/posts\/9844","targetHints":{"allow":["GET"]}}],"collection":[{"href":"https:\/\/gradido.net\/sv\/wp-json\/wp\/v2\/posts"}],"about":[{"href":"https:\/\/gradido.net\/sv\/wp-json\/wp\/v2\/types\/post"}],"author":[{"embeddable":true,"href":"https:\/\/gradido.net\/sv\/wp-json\/wp\/v2\/users\/2"}],"replies":[{"embeddable":true,"href":"https:\/\/gradido.net\/sv\/wp-json\/wp\/v2\/comments?post=9844"}],"version-history":[{"count":22,"href":"https:\/\/gradido.net\/sv\/wp-json\/wp\/v2\/posts\/9844\/revisions"}],"predecessor-version":[{"id":13579,"href":"https:\/\/gradido.net\/sv\/wp-json\/wp\/v2\/posts\/9844\/revisions\/13579"}],"wp:featuredmedia":[{"embeddable":true,"href":"https:\/\/gradido.net\/sv\/wp-json\/wp\/v2\/media\/9857"}],"wp:attachment":[{"href":"https:\/\/gradido.net\/sv\/wp-json\/wp\/v2\/media?parent=9844"}],"wp:term":[{"taxonomy":"category","embeddable":true,"href":"https:\/\/gradido.net\/sv\/wp-json\/wp\/v2\/categories?post=9844"},{"taxonomy":"post_tag","embeddable":true,"href":"https:\/\/gradido.net\/sv\/wp-json\/wp\/v2\/tags?post=9844"}],"curies":[{"name":"wp","href":"https:\/\/api.w.org\/{rel}","templated":true}]}}