{"id":9881,"date":"2024-12-15T10:02:26","date_gmt":"2024-12-15T09:02:26","guid":{"rendered":"https:\/\/gradido.net\/?p=9881"},"modified":"2026-04-24T07:25:43","modified_gmt":"2026-04-24T05:25:43","slug":"sieben-themenbereiche-wie-du-mitwirken-kannst","status":"publish","type":"post","link":"https:\/\/gradido.net\/sv\/sieben-themenbereiche-wie-du-mitwirken-kannst\/","title":{"rendered":"Sju omr\u00e5den d\u00e4r du kan engagera dig"},"content":{"rendered":"<div data-elementor-type=\"wp-post\" data-elementor-id=\"9881\" class=\"elementor elementor-9881\" data-elementor-post-type=\"post\">\n\t\t\t\t\t\t<section class=\"elementor-section elementor-top-section elementor-element elementor-element-496e1d53 elementor-section-boxed elementor-section-height-default elementor-section-height-default\" data-id=\"496e1d53\" data-element_type=\"section\" data-e-type=\"section\">\n\t\t\t\t\t\t<div class=\"elementor-container elementor-column-gap-default\">\n\t\t\t\t\t<div class=\"elementor-column elementor-col-100 elementor-top-column elementor-element elementor-element-461d7be0\" data-id=\"461d7be0\" data-element_type=\"column\" data-e-type=\"column\">\n\t\t\t<div class=\"elementor-widget-wrap elementor-element-populated\">\n\t\t\t\t\t\t<div class=\"elementor-element elementor-element-cd9ebe2 elementor-widget elementor-widget-text-editor\" data-id=\"cd9ebe2\" data-element_type=\"widget\" data-e-type=\"widget\" data-widget_type=\"text-editor.default\">\n\t\t\t\t<div class=\"elementor-widget-container\">\n\t\t\t\t\t\t\t\t\t<p><em>Fr\u00e5n Eva-Maria Zander<\/em><\/p><p style=\"text-align: right;\"><strong><em>\"Du \u00e4r en g\u00e5va till v\u00e4rlden\"<\/em><\/strong><br \/><em>Thich Nhat Hanh<\/em><\/p><p>Ett stort tack till er alla,<\/p><p>K\u00e4ra ni, ni har delat med er av s\u00e5 m\u00e5nga f\u00f6rm\u00e5gor som ni ger till v\u00e4rlden. Vissa har redan kopplat sina g\u00e5vor till Gradido, andra v\u00e4ntar fortfarande p\u00e5 en id\u00e9 om hur de ska g\u00f6ra detta.<\/p><p>Gradido motsvarar v\u00e5r sanna essens, v\u00e5rt sanna v\u00e4sen av v\u00e4nlighet, h\u00e4ngivenhet, tacksamhet, frihet och fred med varandra. Genom att vi sj\u00e4lva v\u00e4rdes\u00e4tter v\u00e5ra g\u00e5vor f\u00f6r vi ocks\u00e5 med oss denna attityd till andra.<\/p><p><strong>Jag har delat in utv\u00e4rderingen i sju \u00e4mnesomr\u00e5den och ber dig att l\u00e4gga in id\u00e9er f\u00f6r implementering direkt som en kommentar under respektive \u00e4mnesomr\u00e5de.<\/strong><\/p><p>Du kan hitta \u00e4mnena <br \/><a href=\"https:\/\/community.gradido.net\/s\/mitwirken\/\"><strong>i utrymmet \"Mit+Wirken\" i Gradido-cirklarna<\/strong>. <\/a><\/p><p>Du kan ta reda p\u00e5 hur du kommer in i cirklarna i <a href=\"https:\/\/gradido.net\/sv\/entdecke-die-neuen-gradido-kreise\/\">den h\u00e4r artikeln.<\/a><\/p><p>Jag ser med gl\u00e4dje fram emot v\u00e5rt fortsatta utbyte.<\/p><p>Fylld av tacksamhet och f\u00f6rundran \u00f6nskar jag er alla en fridfull jul,<\/p><p>Eva-Maria fr\u00e5n Visionscirkeln<\/p><p>\u00a0<img fetchpriority=\"high\" decoding=\"async\" class=\"alignnone wp-image-9886 size-medium\" src=\"https:\/\/gradido.net\/wp-content\/uploads\/2024\/12\/Bildschirmfoto-2024-12-14-um-19.16.30-219x300.png\" alt=\"\" width=\"219\" height=\"300\" srcset=\"https:\/\/gradido.net\/wp-content\/uploads\/2024\/12\/Bildschirmfoto-2024-12-14-um-19.16.30-219x300.png 219w, https:\/\/gradido.net\/wp-content\/uploads\/2024\/12\/Bildschirmfoto-2024-12-14-um-19.16.30-9x12.png 9w, https:\/\/gradido.net\/wp-content\/uploads\/2024\/12\/Bildschirmfoto-2024-12-14-um-19.16.30.png 510w\" sizes=\"(max-width: 219px) 100vw, 219px\" \/><\/p>\t\t\t\t\t\t\t\t<\/div>\n\t\t\t\t<\/div>\n\t\t\t\t\t<\/div>\n\t\t<\/div>\n\t\t\t\t\t<\/div>\n\t\t<\/section>\n\t\t\t\t<section class=\"elementor-section elementor-top-section elementor-element elementor-element-14532fe elementor-section-boxed elementor-section-height-default elementor-section-height-default\" data-id=\"14532fe\" data-element_type=\"section\" data-e-type=\"section\">\n\t\t\t\t\t\t<div class=\"elementor-container elementor-column-gap-default\">\n\t\t\t\t\t<div class=\"elementor-column elementor-col-100 elementor-top-column elementor-element elementor-element-65d2298\" data-id=\"65d2298\" data-element_type=\"column\" data-e-type=\"column\">\n\t\t\t<div class=\"elementor-widget-wrap elementor-element-populated\">\n\t\t\t\t\t\t<div class=\"elementor-element elementor-element-bea124f elementor-widget elementor-widget-global elementor-global-9341 elementor-widget-text-editor\" data-id=\"bea124f\" data-element_type=\"widget\" data-e-type=\"widget\" data-widget_type=\"text-editor.default\">\n\t\t\t\t<div class=\"elementor-widget-container\">\n\t\t\t\t\t\t\t\t\t<p><strong>PS:\u00a0<span style=\"color: #ff6600;\"><a style=\"color: #ff6600;\" href=\"https:\/\/gradido.net\/sv\/donations\/\">P\u00e5 grund av Gradidos st\u00e4ndigt \u00f6kande betydelse upprepar vi v\u00e5r tacksamhetskampanj den 26 juni 2026:<\/a>\u00a0<\/span><span style=\"color: #0000ff;\"><a style=\"color: #0000ff;\" href=\"https:\/\/gradido.net\/sv\/donations\/\">F\u00f6rutom den multipla GradidoTransform f\u00f6r ditt sponsorbidrag, kommer vi att \u00f6ka alla GDT-kontosaldon med 26% den 26\/06\/2016. Sponsra nu och njut av det multipla beloppet av GDT!<\/a><\/span><\/strong><\/p>\t\t\t\t\t\t\t\t<\/div>\n\t\t\t\t<\/div>\n\t\t\t\t\t<\/div>\n\t\t<\/div>\n\t\t\t\t\t<\/div>\n\t\t<\/section>\n\t\t\t\t<section class=\"elementor-section elementor-top-section elementor-element elementor-element-29dfc07 elementor-section-boxed elementor-section-height-default elementor-section-height-default\" data-id=\"29dfc07\" data-element_type=\"section\" data-e-type=\"section\">\n\t\t\t\t\t\t<div class=\"elementor-container elementor-column-gap-default\">\n\t\t\t\t\t<div class=\"elementor-column elementor-col-100 elementor-top-column elementor-element elementor-element-d37ec5a\" data-id=\"d37ec5a\" data-element_type=\"column\" data-e-type=\"column\">\n\t\t\t<div class=\"elementor-widget-wrap\">\n\t\t\t\t\t\t\t<\/div>\n\t\t<\/div>\n\t\t\t\t\t<\/div>\n\t\t<\/section>\n\t\t\t\t<\/div>","protected":false},"excerpt":{"rendered":"<p>Ett stort tack till er alla, ni har delat med er av s\u00e5 m\u00e5nga f\u00e4rdigheter i utrymmet \"Mit+Wirken\" i Gradido-cirklarna, som ni ger till v\u00e4rlden. Jag har organiserat utv\u00e4rderingen i \u00e4mnesomr\u00e5den och ber er att dela med er av id\u00e9er ...<\/p>","protected":false},"author":2,"featured_media":9857,"comment_status":"closed","ping_status":"closed","sticky":false,"template":"","format":"standard","meta":{"footnotes":""},"categories":[11,54],"tags":[],"class_list":["post-9881","post","type-post","status-publish","format-standard","has-post-thumbnail","hentry","category-blog","category-community"],"yoast_head":"<!-- This site is optimized with the Yoast SEO plugin v27.5 - https:\/\/yoast.com\/product\/yoast-seo-wordpress\/ -->\n<title>Sieben Themenbereiche wie du mitwirken kannst - Gradido<\/title>\n<meta name=\"description\" content=\"Ein herzliches Dankesch\u00f6n euch allen, ihr habt im Space \u00bbMit+Wirken\u00ab in den Gradido-Kreisen so viele F\u00e4higkeiten geteilt, die ihr der Welt schenkt. Ich habe die Auswertung in Themenbereiche geordnet und bitte euch, Ideen \u2026\" \/>\n<meta name=\"robots\" content=\"index, follow, max-snippet:-1, max-image-preview:large, max-video-preview:-1\" \/>\n<link rel=\"canonical\" href=\"https:\/\/gradido.net\/sv\/sieben-themenbereiche-wie-du-mitwirken-kannst\/\" \/>\n<meta property=\"og:locale\" content=\"sv_SE\" \/>\n<meta property=\"og:type\" content=\"article\" \/>\n<meta property=\"og:title\" content=\"Sieben Themenbereiche wie du mitwirken kannst - Gradido\" \/>\n<meta property=\"og:description\" content=\"Ein herzliches Dankesch\u00f6n euch allen, ihr habt im Space \u00bbMit+Wirken\u00ab in den Gradido-Kreisen so viele F\u00e4higkeiten geteilt, die ihr der Welt schenkt. Ich habe die Auswertung in Themenbereiche geordnet und bitte euch, Ideen \u2026\" \/>\n<meta property=\"og:url\" content=\"https:\/\/gradido.net\/sv\/sieben-themenbereiche-wie-du-mitwirken-kannst\/\" \/>\n<meta property=\"og:site_name\" content=\"Gradido\" \/>\n<meta property=\"article:published_time\" content=\"2024-12-15T09:02:26+00:00\" \/>\n<meta property=\"article:modified_time\" content=\"2026-04-24T05:25:43+00:00\" \/>\n<meta property=\"og:image\" content=\"https:\/\/gradido.net\/wp-content\/uploads\/2024\/11\/Mitwirken.jpg\" \/>\n\t<meta property=\"og:image:width\" content=\"1920\" \/>\n\t<meta property=\"og:image:height\" content=\"800\" \/>\n\t<meta property=\"og:image:type\" content=\"image\/jpeg\" \/>\n<meta name=\"author\" content=\"Bernd H\u00fcckst\u00e4dt\" \/>\n<meta name=\"twitter:card\" content=\"summary_large_image\" \/>\n<meta name=\"twitter:label1\" content=\"Skriven av\" \/>\n\t<meta name=\"twitter:data1\" content=\"Bernd H\u00fcckst\u00e4dt\" \/>\n\t<meta name=\"twitter:label2\" content=\"Ber\u00e4knad l\u00e4stid\" \/>\n\t<meta name=\"twitter:data2\" content=\"2 minuter\" \/>\n<script type=\"application\/ld+json\" class=\"yoast-schema-graph\">{\"@context\":\"https:\\\/\\\/schema.org\",\"@graph\":[{\"@type\":\"Article\",\"@id\":\"https:\\\/\\\/gradido.net\\\/sieben-themenbereiche-wie-du-mitwirken-kannst\\\/#article\",\"isPartOf\":{\"@id\":\"https:\\\/\\\/gradido.net\\\/sieben-themenbereiche-wie-du-mitwirken-kannst\\\/\"},\"author\":{\"name\":\"Bernd H\u00fcckst\u00e4dt\",\"@id\":\"https:\\\/\\\/gradido.net\\\/de\\\/#\\\/schema\\\/person\\\/9c503a004ad15a1ddecadce2218db5d1\"},\"headline\":\"Sieben Themenbereiche wie du mitwirken kannst\",\"datePublished\":\"2024-12-15T09:02:26+00:00\",\"dateModified\":\"2026-04-24T05:25:43+00:00\",\"mainEntityOfPage\":{\"@id\":\"https:\\\/\\\/gradido.net\\\/sieben-themenbereiche-wie-du-mitwirken-kannst\\\/\"},\"wordCount\":216,\"publisher\":{\"@id\":\"https:\\\/\\\/gradido.net\\\/de\\\/#organization\"},\"image\":{\"@id\":\"https:\\\/\\\/gradido.net\\\/sieben-themenbereiche-wie-du-mitwirken-kannst\\\/#primaryimage\"},\"thumbnailUrl\":\"https:\\\/\\\/gradido.net\\\/wp-content\\\/uploads\\\/2024\\\/11\\\/Mitwirken.jpg\",\"articleSection\":[\"Blog\",\"Community\"],\"inLanguage\":\"sv-SE\"},{\"@type\":\"WebPage\",\"@id\":\"https:\\\/\\\/gradido.net\\\/sieben-themenbereiche-wie-du-mitwirken-kannst\\\/\",\"url\":\"https:\\\/\\\/gradido.net\\\/sieben-themenbereiche-wie-du-mitwirken-kannst\\\/\",\"name\":\"Sieben Themenbereiche wie du mitwirken kannst - Gradido\",\"isPartOf\":{\"@id\":\"https:\\\/\\\/gradido.net\\\/de\\\/#website\"},\"primaryImageOfPage\":{\"@id\":\"https:\\\/\\\/gradido.net\\\/sieben-themenbereiche-wie-du-mitwirken-kannst\\\/#primaryimage\"},\"image\":{\"@id\":\"https:\\\/\\\/gradido.net\\\/sieben-themenbereiche-wie-du-mitwirken-kannst\\\/#primaryimage\"},\"thumbnailUrl\":\"https:\\\/\\\/gradido.net\\\/wp-content\\\/uploads\\\/2024\\\/11\\\/Mitwirken.jpg\",\"datePublished\":\"2024-12-15T09:02:26+00:00\",\"dateModified\":\"2026-04-24T05:25:43+00:00\",\"description\":\"Ein herzliches Dankesch\u00f6n euch allen, ihr habt im Space \u00bbMit+Wirken\u00ab in den Gradido-Kreisen so viele F\u00e4higkeiten geteilt, die ihr der Welt schenkt. Ich habe die Auswertung in Themenbereiche geordnet und bitte euch, Ideen \u2026\",\"breadcrumb\":{\"@id\":\"https:\\\/\\\/gradido.net\\\/sieben-themenbereiche-wie-du-mitwirken-kannst\\\/#breadcrumb\"},\"inLanguage\":\"sv-SE\",\"potentialAction\":[{\"@type\":\"ReadAction\",\"target\":[\"https:\\\/\\\/gradido.net\\\/sieben-themenbereiche-wie-du-mitwirken-kannst\\\/\"]}]},{\"@type\":\"ImageObject\",\"inLanguage\":\"sv-SE\",\"@id\":\"https:\\\/\\\/gradido.net\\\/sieben-themenbereiche-wie-du-mitwirken-kannst\\\/#primaryimage\",\"url\":\"https:\\\/\\\/gradido.net\\\/wp-content\\\/uploads\\\/2024\\\/11\\\/Mitwirken.jpg\",\"contentUrl\":\"https:\\\/\\\/gradido.net\\\/wp-content\\\/uploads\\\/2024\\\/11\\\/Mitwirken.jpg\",\"width\":1920,\"height\":800},{\"@type\":\"BreadcrumbList\",\"@id\":\"https:\\\/\\\/gradido.net\\\/sieben-themenbereiche-wie-du-mitwirken-kannst\\\/#breadcrumb\",\"itemListElement\":[{\"@type\":\"ListItem\",\"position\":1,\"name\":\"Startseite\",\"item\":\"https:\\\/\\\/gradido.net\\\/\"},{\"@type\":\"ListItem\",\"position\":2,\"name\":\"Sieben Themenbereiche wie du mitwirken kannst\"}]},{\"@type\":\"WebSite\",\"@id\":\"https:\\\/\\\/gradido.net\\\/de\\\/#website\",\"url\":\"https:\\\/\\\/gradido.net\\\/de\\\/\",\"name\":\"Gradido\",\"description\":\"Die neue W\u00e4hrung hei\u00dft Dankbarkeit\",\"publisher\":{\"@id\":\"https:\\\/\\\/gradido.net\\\/de\\\/#organization\"},\"potentialAction\":[{\"@type\":\"SearchAction\",\"target\":{\"@type\":\"EntryPoint\",\"urlTemplate\":\"https:\\\/\\\/gradido.net\\\/de\\\/?s={search_term_string}\"},\"query-input\":{\"@type\":\"PropertyValueSpecification\",\"valueRequired\":true,\"valueName\":\"search_term_string\"}}],\"inLanguage\":\"sv-SE\"},{\"@type\":\"Organization\",\"@id\":\"https:\\\/\\\/gradido.net\\\/de\\\/#organization\",\"name\":\"Gradido\",\"url\":\"https:\\\/\\\/gradido.net\\\/de\\\/\",\"logo\":{\"@type\":\"ImageObject\",\"inLanguage\":\"sv-SE\",\"@id\":\"https:\\\/\\\/gradido.net\\\/de\\\/#\\\/schema\\\/logo\\\/image\\\/\",\"url\":\"https:\\\/\\\/gradido.net\\\/wp-content\\\/uploads\\\/2022\\\/04\\\/gradido-social.jpg\",\"contentUrl\":\"https:\\\/\\\/gradido.net\\\/wp-content\\\/uploads\\\/2022\\\/04\\\/gradido-social.jpg\",\"width\":527,\"height\":273,\"caption\":\"Gradido\"},\"image\":{\"@id\":\"https:\\\/\\\/gradido.net\\\/de\\\/#\\\/schema\\\/logo\\\/image\\\/\"}},{\"@type\":\"Person\",\"@id\":\"https:\\\/\\\/gradido.net\\\/de\\\/#\\\/schema\\\/person\\\/9c503a004ad15a1ddecadce2218db5d1\",\"name\":\"Bernd H\u00fcckst\u00e4dt\",\"sameAs\":[\"https:\\\/\\\/gradido.net\"],\"url\":\"https:\\\/\\\/gradido.net\\\/sv\\\/author\\\/bernd\\\/\"}]}<\/script>\n<!-- \/ Yoast SEO plugin. -->","yoast_head_json":{"title":"Sju \u00e4mnen om hur du kan engagera dig - Gradido","description":"Ett stort tack till er alla, ni har delat med er av s\u00e5 m\u00e5nga f\u00e4rdigheter i utrymmet \"Mit+Wirken\" i Gradido-cirklarna, som ni ger till v\u00e4rlden. Jag har organiserat utv\u00e4rderingen i \u00e4mnesomr\u00e5den och ber er att dela med er av id\u00e9er ...","robots":{"index":"index","follow":"follow","max-snippet":"max-snippet:-1","max-image-preview":"max-image-preview:large","max-video-preview":"max-video-preview:-1"},"canonical":"https:\/\/gradido.net\/sv\/sieben-themenbereiche-wie-du-mitwirken-kannst\/","og_locale":"sv_SE","og_type":"article","og_title":"Sieben Themenbereiche wie du mitwirken kannst - Gradido","og_description":"Ein herzliches Dankesch\u00f6n euch allen, ihr habt im Space \u00bbMit+Wirken\u00ab in den Gradido-Kreisen so viele F\u00e4higkeiten geteilt, die ihr der Welt schenkt. Ich habe die Auswertung in Themenbereiche geordnet und bitte euch, Ideen \u2026","og_url":"https:\/\/gradido.net\/sv\/sieben-themenbereiche-wie-du-mitwirken-kannst\/","og_site_name":"Gradido","article_published_time":"2024-12-15T09:02:26+00:00","article_modified_time":"2026-04-24T05:25:43+00:00","og_image":[{"width":1920,"height":800,"url":"https:\/\/gradido.net\/wp-content\/uploads\/2024\/11\/Mitwirken.jpg","type":"image\/jpeg"}],"author":"Bernd H\u00fcckst\u00e4dt","twitter_card":"summary_large_image","twitter_misc":{"Skriven av":"Bernd H\u00fcckst\u00e4dt","Ber\u00e4knad l\u00e4stid":"2 minuter"},"schema":{"@context":"https:\/\/schema.org","@graph":[{"@type":"Article","@id":"https:\/\/gradido.net\/sieben-themenbereiche-wie-du-mitwirken-kannst\/#article","isPartOf":{"@id":"https:\/\/gradido.net\/sieben-themenbereiche-wie-du-mitwirken-kannst\/"},"author":{"name":"Bernd H\u00fcckst\u00e4dt","@id":"https:\/\/gradido.net\/de\/#\/schema\/person\/9c503a004ad15a1ddecadce2218db5d1"},"headline":"Sieben Themenbereiche wie du mitwirken kannst","datePublished":"2024-12-15T09:02:26+00:00","dateModified":"2026-04-24T05:25:43+00:00","mainEntityOfPage":{"@id":"https:\/\/gradido.net\/sieben-themenbereiche-wie-du-mitwirken-kannst\/"},"wordCount":216,"publisher":{"@id":"https:\/\/gradido.net\/de\/#organization"},"image":{"@id":"https:\/\/gradido.net\/sieben-themenbereiche-wie-du-mitwirken-kannst\/#primaryimage"},"thumbnailUrl":"https:\/\/gradido.net\/wp-content\/uploads\/2024\/11\/Mitwirken.jpg","articleSection":["Blog","Community"],"inLanguage":"sv-SE"},{"@type":"WebPage","@id":"https:\/\/gradido.net\/sieben-themenbereiche-wie-du-mitwirken-kannst\/","url":"https:\/\/gradido.net\/sieben-themenbereiche-wie-du-mitwirken-kannst\/","name":"Sju \u00e4mnen om hur du kan engagera dig - Gradido","isPartOf":{"@id":"https:\/\/gradido.net\/de\/#website"},"primaryImageOfPage":{"@id":"https:\/\/gradido.net\/sieben-themenbereiche-wie-du-mitwirken-kannst\/#primaryimage"},"image":{"@id":"https:\/\/gradido.net\/sieben-themenbereiche-wie-du-mitwirken-kannst\/#primaryimage"},"thumbnailUrl":"https:\/\/gradido.net\/wp-content\/uploads\/2024\/11\/Mitwirken.jpg","datePublished":"2024-12-15T09:02:26+00:00","dateModified":"2026-04-24T05:25:43+00:00","description":"Ett stort tack till er alla, ni har delat med er av s\u00e5 m\u00e5nga f\u00e4rdigheter i utrymmet \"Mit+Wirken\" i Gradido-cirklarna, som ni ger till v\u00e4rlden. Jag har organiserat utv\u00e4rderingen i \u00e4mnesomr\u00e5den och ber er att dela med er av id\u00e9er ...","breadcrumb":{"@id":"https:\/\/gradido.net\/sieben-themenbereiche-wie-du-mitwirken-kannst\/#breadcrumb"},"inLanguage":"sv-SE","potentialAction":[{"@type":"ReadAction","target":["https:\/\/gradido.net\/sieben-themenbereiche-wie-du-mitwirken-kannst\/"]}]},{"@type":"ImageObject","inLanguage":"sv-SE","@id":"https:\/\/gradido.net\/sieben-themenbereiche-wie-du-mitwirken-kannst\/#primaryimage","url":"https:\/\/gradido.net\/wp-content\/uploads\/2024\/11\/Mitwirken.jpg","contentUrl":"https:\/\/gradido.net\/wp-content\/uploads\/2024\/11\/Mitwirken.jpg","width":1920,"height":800},{"@type":"BreadcrumbList","@id":"https:\/\/gradido.net\/sieben-themenbereiche-wie-du-mitwirken-kannst\/#breadcrumb","itemListElement":[{"@type":"ListItem","position":1,"name":"Startseite","item":"https:\/\/gradido.net\/"},{"@type":"ListItem","position":2,"name":"Sieben Themenbereiche wie du mitwirken kannst"}]},{"@type":"WebSite","@id":"https:\/\/gradido.net\/de\/#website","url":"https:\/\/gradido.net\/de\/","name":"Gradido","description":"Den nya valutan \u00e4r tacksamhet","publisher":{"@id":"https:\/\/gradido.net\/de\/#organization"},"potentialAction":[{"@type":"SearchAction","target":{"@type":"EntryPoint","urlTemplate":"https:\/\/gradido.net\/de\/?s={search_term_string}"},"query-input":{"@type":"PropertyValueSpecification","valueRequired":true,"valueName":"search_term_string"}}],"inLanguage":"sv-SE"},{"@type":"Organization","@id":"https:\/\/gradido.net\/de\/#organization","name":"Gradido","url":"https:\/\/gradido.net\/de\/","logo":{"@type":"ImageObject","inLanguage":"sv-SE","@id":"https:\/\/gradido.net\/de\/#\/schema\/logo\/image\/","url":"https:\/\/gradido.net\/wp-content\/uploads\/2022\/04\/gradido-social.jpg","contentUrl":"https:\/\/gradido.net\/wp-content\/uploads\/2022\/04\/gradido-social.jpg","width":527,"height":273,"caption":"Gradido"},"image":{"@id":"https:\/\/gradido.net\/de\/#\/schema\/logo\/image\/"}},{"@type":"Person","@id":"https:\/\/gradido.net\/de\/#\/schema\/person\/9c503a004ad15a1ddecadce2218db5d1","name":"Bernd H\u00fcckst\u00e4dt","sameAs":["https:\/\/gradido.net"],"url":"https:\/\/gradido.net\/sv\/author\/bernd\/"}]}},"_links":{"self":[{"href":"https:\/\/gradido.net\/sv\/wp-json\/wp\/v2\/posts\/9881","targetHints":{"allow":["GET"]}}],"collection":[{"href":"https:\/\/gradido.net\/sv\/wp-json\/wp\/v2\/posts"}],"about":[{"href":"https:\/\/gradido.net\/sv\/wp-json\/wp\/v2\/types\/post"}],"author":[{"embeddable":true,"href":"https:\/\/gradido.net\/sv\/wp-json\/wp\/v2\/users\/2"}],"replies":[{"embeddable":true,"href":"https:\/\/gradido.net\/sv\/wp-json\/wp\/v2\/comments?post=9881"}],"version-history":[{"count":19,"href":"https:\/\/gradido.net\/sv\/wp-json\/wp\/v2\/posts\/9881\/revisions"}],"predecessor-version":[{"id":9915,"href":"https:\/\/gradido.net\/sv\/wp-json\/wp\/v2\/posts\/9881\/revisions\/9915"}],"wp:featuredmedia":[{"embeddable":true,"href":"https:\/\/gradido.net\/sv\/wp-json\/wp\/v2\/media\/9857"}],"wp:attachment":[{"href":"https:\/\/gradido.net\/sv\/wp-json\/wp\/v2\/media?parent=9881"}],"wp:term":[{"taxonomy":"category","embeddable":true,"href":"https:\/\/gradido.net\/sv\/wp-json\/wp\/v2\/categories?post=9881"},{"taxonomy":"post_tag","embeddable":true,"href":"https:\/\/gradido.net\/sv\/wp-json\/wp\/v2\/tags?post=9881"}],"curies":[{"name":"wp","href":"https:\/\/api.w.org\/{rel}","templated":true}]}}