{"id":9980,"date":"2025-01-01T13:20:50","date_gmt":"2025-01-01T12:20:50","guid":{"rendered":"https:\/\/gradido.net\/?p=9980"},"modified":"2026-04-24T07:25:17","modified_gmt":"2026-04-24T05:25:17","slug":"lasst-uns-2025-zum-jahr-des-gradido-machen","status":"publish","type":"post","link":"https:\/\/gradido.net\/sv\/lasst-uns-2025-zum-jahr-des-gradido-machen\/","title":{"rendered":"L\u00e5t oss g\u00f6ra 2025 till \u00e5ret f\u00f6r Gradido"},"content":{"rendered":"<div data-elementor-type=\"wp-post\" data-elementor-id=\"9980\" class=\"elementor elementor-9980\" data-elementor-post-type=\"post\">\n\t\t\t\t\t\t<section class=\"elementor-section elementor-top-section elementor-element elementor-element-496e1d53 elementor-section-boxed elementor-section-height-default elementor-section-height-default\" data-id=\"496e1d53\" data-element_type=\"section\" data-e-type=\"section\">\n\t\t\t\t\t\t<div class=\"elementor-container elementor-column-gap-default\">\n\t\t\t\t\t<div class=\"elementor-column elementor-col-100 elementor-top-column elementor-element elementor-element-461d7be0\" data-id=\"461d7be0\" data-element_type=\"column\" data-e-type=\"column\">\n\t\t\t<div class=\"elementor-widget-wrap elementor-element-populated\">\n\t\t\t\t\t\t<div class=\"elementor-element elementor-element-cd9ebe2 elementor-widget elementor-widget-text-editor\" data-id=\"cd9ebe2\" data-element_type=\"widget\" data-e-type=\"widget\" data-widget_type=\"text-editor.default\">\n\t\t\t\t<div class=\"elementor-widget-container\">\n\t\t\t\t\t\t\t\t\t<p><em>Fr\u00e5n Eva-Maria Zander<\/em><\/p><p style=\"text-align: right;\"><em>\"Det som ligger framf\u00f6r oss och det som ligger bakom oss \u00e4r sm\u00e5 saker j\u00e4mf\u00f6rt med det som finns inom oss. Och n\u00e4r vi tar med oss det som finns inom oss ut i v\u00e4rlden sker mirakel.\"<\/em><\/p><p style=\"text-align: right;\"><em>Henry David Thoreau<\/em><\/p><p>K\u00e4ra l\u00e4sare,<\/p><p>L\u00e5t oss g\u00f6ra 2025 till Gradidos \u00e5r!<\/p><h4>Helt enkelt:<br \/>Genom att skapa en cirkel med 2-3 intresserade parter.\u00a0<\/h4>\t\t\t\t\t\t\t\t<\/div>\n\t\t\t\t<\/div>\n\t\t\t\t\t<\/div>\n\t\t<\/div>\n\t\t\t\t\t<\/div>\n\t\t<\/section>\n\t\t\t\t<section class=\"elementor-section elementor-top-section elementor-element elementor-element-6fcdba0 elementor-section-boxed elementor-section-height-default elementor-section-height-default\" data-id=\"6fcdba0\" data-element_type=\"section\" data-e-type=\"section\">\n\t\t\t\t\t\t<div class=\"elementor-container elementor-column-gap-default\">\n\t\t\t\t\t<div class=\"elementor-column elementor-col-100 elementor-top-column elementor-element elementor-element-c77dfff\" data-id=\"c77dfff\" data-element_type=\"column\" data-e-type=\"column\">\n\t\t\t<div class=\"elementor-widget-wrap elementor-element-populated\">\n\t\t\t\t\t\t<div class=\"elementor-element elementor-element-562c437 elementor-widget elementor-widget-video\" data-id=\"562c437\" data-element_type=\"widget\" data-e-type=\"widget\" data-settings=\"{&quot;youtube_url&quot;:&quot;https:\\\/\\\/www.youtube.com\\\/watch?v=5dCWrKCVD5g&quot;,&quot;video_type&quot;:&quot;youtube&quot;,&quot;controls&quot;:&quot;yes&quot;}\" data-widget_type=\"video.default\">\n\t\t\t\t<div class=\"elementor-widget-container\">\n\t\t\t\t\t\t\t<div class=\"elementor-wrapper elementor-open-inline\">\n\t\t\t<div class=\"elementor-video\"><\/div>\t\t<\/div>\n\t\t\t\t\t\t<\/div>\n\t\t\t\t<\/div>\n\t\t\t\t\t<\/div>\n\t\t<\/div>\n\t\t\t\t\t<\/div>\n\t\t<\/section>\n\t\t\t\t<section class=\"elementor-section elementor-top-section elementor-element elementor-element-b21b8c5 elementor-section-boxed elementor-section-height-default elementor-section-height-default\" data-id=\"b21b8c5\" data-element_type=\"section\" data-e-type=\"section\">\n\t\t\t\t\t\t<div class=\"elementor-container elementor-column-gap-default\">\n\t\t\t\t\t<div class=\"elementor-column elementor-col-100 elementor-top-column elementor-element elementor-element-b3d9552\" data-id=\"b3d9552\" data-element_type=\"column\" data-e-type=\"column\">\n\t\t\t<div class=\"elementor-widget-wrap elementor-element-populated\">\n\t\t\t\t\t\t<div class=\"elementor-element elementor-element-b41777e elementor-widget elementor-widget-text-editor\" data-id=\"b41777e\" data-element_type=\"widget\" data-e-type=\"widget\" data-widget_type=\"text-editor.default\">\n\t\t\t\t<div class=\"elementor-widget-container\">\n\t\t\t\t\t\t\t\t\t<p>Vi b\u00f6rjade med en s\u00e5 liten grupp i Potsdam. Och om medlemmar i andra st\u00e4der kopierar oss, s\u00e5 kommer ett n\u00e4tverk av Gradido-cirklar att uppst\u00e5 och framf\u00f6r allt ett n\u00e4tverk av m\u00e4nniskor:<\/p><h4>Vi kommer samman och f\u00e5r kontakt snabbare.<\/h4><p><strong><img fetchpriority=\"high\" decoding=\"async\" class=\"alignnone wp-image-9987 size-medium\" src=\"https:\/\/gradido.net\/wp-content\/uploads\/2025\/01\/2025_Schoepferkraft-213x300.jpg\" alt=\"\" width=\"213\" height=\"300\" srcset=\"https:\/\/gradido.net\/wp-content\/uploads\/2025\/01\/2025_Schoepferkraft-213x300.jpg 213w, https:\/\/gradido.net\/wp-content\/uploads\/2025\/01\/2025_Schoepferkraft-9x12.jpg 9w, https:\/\/gradido.net\/wp-content\/uploads\/2025\/01\/2025_Schoepferkraft.jpg 290w\" sizes=\"(max-width: 213px) 100vw, 213px\" \/><\/strong><\/p><p>Var och en av oss som kopplar upp oss mot v\u00e5r universella skaparkraft fr\u00e5n hj\u00e4rtat bidrar till att g\u00f6ra en ny samh\u00f6righet och en ny ekonomi m\u00f6jlig.<\/p><p><img decoding=\"async\" class=\"alignnone wp-image-9988 size-medium\" src=\"https:\/\/gradido.net\/wp-content\/uploads\/2025\/01\/2025_Erde-267x300.jpg\" alt=\"\" width=\"267\" height=\"300\" srcset=\"https:\/\/gradido.net\/wp-content\/uploads\/2025\/01\/2025_Erde-267x300.jpg 267w, https:\/\/gradido.net\/wp-content\/uploads\/2025\/01\/2025_Erde-11x12.jpg 11w, https:\/\/gradido.net\/wp-content\/uploads\/2025\/01\/2025_Erde.jpg 351w\" sizes=\"(max-width: 267px) 100vw, 267px\" \/><\/p><p>Jorden h\u00e5lls och genomsyras av ett n\u00e4tverk av ljus; \u00f6verallt d\u00e4r du uppt\u00e4cker ett hj\u00e4rta finns det en medveten m\u00e4nniska som har anslutit sig till detta n\u00e4tverk.<br \/>T\u00e4nk dig nu att detta n\u00e4tverk best\u00e5r av gradiocirklar och sakta men s\u00e4kert t\u00e4cker hela jordklotet.<\/p><h4>Varje vision b\u00f6rjar med sm\u00e5 steg! Nu \u00e4r det dags att skapa dessa cirklar.<\/h4><p>Vi har satt ihop s\u00e5 m\u00e5nga h\u00e4rliga aktiviteter. Ett f\u00f6rsta steg i den riktningen kan vara att g\u00e5 en promenad med n\u00e5gon och efter\u00e5t tacka med Gradido f\u00f6r det goda samtalet. N\u00e4r vi har hittat en eller tv\u00e5 intresserade startar vi en cirkel och registrerar den i Gradido. Jag rapporterar om vad som h\u00e4nder n\u00e4sta g\u00e5ng.<\/p><h4>Om du ansluter dig, kommer en om\u00e4tbar energi att str\u00e5la ut fr\u00e5n dessa cirklar.<\/h4><p><img decoding=\"async\" class=\"alignnone size-full wp-image-9989\" src=\"https:\/\/gradido.net\/wp-content\/uploads\/2025\/01\/2025_Erde_2.jpg\" alt=\"\" width=\"495\" height=\"556\" srcset=\"https:\/\/gradido.net\/wp-content\/uploads\/2025\/01\/2025_Erde_2.jpg 495w, https:\/\/gradido.net\/wp-content\/uploads\/2025\/01\/2025_Erde_2-267x300.jpg 267w, https:\/\/gradido.net\/wp-content\/uploads\/2025\/01\/2025_Erde_2-11x12.jpg 11w\" sizes=\"(max-width: 495px) 100vw, 495px\" \/><\/p><h4>L\u00e5t oss aktivt arbeta tillsammans nu!!!<\/h4><p>Jag ser fram emot ett kraftfullt \u00e5r med er och kan redan nu se hur cirklarna framf\u00f6r mig utvidgas.<\/p><p>Din<\/p><p>Eva-Maria fr\u00e5n Visionscirkeln<\/p><p><img loading=\"lazy\" decoding=\"async\" class=\"alignnone wp-image-9853 size-full\" src=\"https:\/\/gradido.net\/wp-content\/uploads\/2024\/11\/BildschiImpulse-e1735757552618.png\" alt=\"\" width=\"172\" height=\"200\" \/><\/p>\t\t\t\t\t\t\t\t<\/div>\n\t\t\t\t<\/div>\n\t\t\t\t\t<\/div>\n\t\t<\/div>\n\t\t\t\t\t<\/div>\n\t\t<\/section>\n\t\t\t\t<section class=\"elementor-section elementor-top-section elementor-element elementor-element-14532fe elementor-section-boxed elementor-section-height-default elementor-section-height-default\" data-id=\"14532fe\" data-element_type=\"section\" data-e-type=\"section\">\n\t\t\t\t\t\t<div class=\"elementor-container elementor-column-gap-default\">\n\t\t\t\t\t<div class=\"elementor-column elementor-col-100 elementor-top-column elementor-element elementor-element-65d2298\" data-id=\"65d2298\" data-element_type=\"column\" data-e-type=\"column\">\n\t\t\t<div class=\"elementor-widget-wrap elementor-element-populated\">\n\t\t\t\t\t\t<div class=\"elementor-element elementor-element-bea124f elementor-widget elementor-widget-global elementor-global-9341 elementor-widget-text-editor\" data-id=\"bea124f\" data-element_type=\"widget\" data-e-type=\"widget\" data-widget_type=\"text-editor.default\">\n\t\t\t\t<div class=\"elementor-widget-container\">\n\t\t\t\t\t\t\t\t\t<p><strong>PS:\u00a0<span style=\"color: #ff6600;\"><a style=\"color: #ff6600;\" href=\"https:\/\/gradido.net\/sv\/donations\/\">P\u00e5 grund av Gradidos st\u00e4ndigt \u00f6kande betydelse upprepar vi v\u00e5r tacksamhetskampanj den 26 juni 2026:<\/a>\u00a0<\/span><span style=\"color: #0000ff;\"><a style=\"color: #0000ff;\" href=\"https:\/\/gradido.net\/sv\/donations\/\">F\u00f6rutom den multipla GradidoTransform f\u00f6r ditt sponsorbidrag, kommer vi att \u00f6ka alla GDT-kontosaldon med 26% den 26\/06\/2016. Sponsra nu och njut av det multipla beloppet av GDT!<\/a><\/span><\/strong><\/p>\t\t\t\t\t\t\t\t<\/div>\n\t\t\t\t<\/div>\n\t\t\t\t\t<\/div>\n\t\t<\/div>\n\t\t\t\t\t<\/div>\n\t\t<\/section>\n\t\t\t\t<section class=\"elementor-section elementor-top-section elementor-element elementor-element-29dfc07 elementor-section-boxed elementor-section-height-default elementor-section-height-default\" data-id=\"29dfc07\" data-element_type=\"section\" data-e-type=\"section\">\n\t\t\t\t\t\t<div class=\"elementor-container elementor-column-gap-default\">\n\t\t\t\t\t<div class=\"elementor-column elementor-col-100 elementor-top-column elementor-element elementor-element-d37ec5a\" data-id=\"d37ec5a\" data-element_type=\"column\" data-e-type=\"column\">\n\t\t\t<div class=\"elementor-widget-wrap\">\n\t\t\t\t\t\t\t<\/div>\n\t\t<\/div>\n\t\t\t\t\t<\/div>\n\t\t<\/section>\n\t\t\t\t<\/div>","protected":false},"excerpt":{"rendered":"<p>Helt enkelt: genom att skapa en cirkel med 2-3 intresserade parter. Vi b\u00f6rjade i Potsdam med en s\u00e5 liten grupp. Om m\u00e4nniskor p\u00e5 andra platser kopierar oss, kommer ett n\u00e4tverk av Gradido-cirklar att skapas och vi kommer att l\u00e4ra k\u00e4nna varandra och f\u00e5 kontakt snabbare.<\/p>","protected":false},"author":2,"featured_media":9981,"comment_status":"closed","ping_status":"closed","sticky":false,"template":"","format":"standard","meta":{"footnotes":""},"categories":[11,54],"tags":[22],"class_list":["post-9980","post","type-post","status-publish","format-standard","has-post-thumbnail","hentry","category-blog","category-community","tag-bild-oben"],"yoast_head":"<!-- This site is optimized with the Yoast SEO plugin v27.5 - https:\/\/yoast.com\/product\/yoast-seo-wordpress\/ -->\n<title>Lasst uns 2025 zum Jahr des Gradido machen - Gradido<\/title>\n<meta name=\"description\" content=\"Ganz einfach: Indem wir mit 2-3 Interessenten einen Kreis erschaffen. Wir sind in Potsdam mit einer so kleinen Gruppe gestartet. Wenn uns das Menschen in weiteren Ortschaften nachmachen, dann entsteht ein Netz aus Gradido-Kreisen und wir kommen schneller zueinander und in Verbindung.\" \/>\n<meta name=\"robots\" content=\"index, follow, max-snippet:-1, max-image-preview:large, max-video-preview:-1\" \/>\n<link rel=\"canonical\" href=\"https:\/\/gradido.net\/sv\/lasst-uns-2025-zum-jahr-des-gradido-machen\/\" \/>\n<meta property=\"og:locale\" content=\"sv_SE\" \/>\n<meta property=\"og:type\" content=\"article\" \/>\n<meta property=\"og:title\" content=\"Lasst uns 2025 zum Jahr des Gradido machen - Gradido\" \/>\n<meta property=\"og:description\" content=\"Ganz einfach: Indem wir mit 2-3 Interessenten einen Kreis erschaffen. Wir sind in Potsdam mit einer so kleinen Gruppe gestartet. Wenn uns das Menschen in weiteren Ortschaften nachmachen, dann entsteht ein Netz aus Gradido-Kreisen und wir kommen schneller zueinander und in Verbindung.\" \/>\n<meta property=\"og:url\" content=\"https:\/\/gradido.net\/sv\/lasst-uns-2025-zum-jahr-des-gradido-machen\/\" \/>\n<meta property=\"og:site_name\" content=\"Gradido\" \/>\n<meta property=\"article:published_time\" content=\"2025-01-01T12:20:50+00:00\" \/>\n<meta property=\"article:modified_time\" content=\"2026-04-24T05:25:17+00:00\" \/>\n<meta property=\"og:image\" content=\"https:\/\/gradido.net\/wp-content\/uploads\/2025\/01\/Standbild.png\" \/>\n\t<meta property=\"og:image:width\" content=\"727\" \/>\n\t<meta property=\"og:image:height\" content=\"412\" \/>\n\t<meta property=\"og:image:type\" content=\"image\/png\" \/>\n<meta name=\"author\" content=\"Bernd H\u00fcckst\u00e4dt\" \/>\n<meta name=\"twitter:card\" content=\"summary_large_image\" \/>\n<meta name=\"twitter:label1\" content=\"Skriven av\" \/>\n\t<meta name=\"twitter:data1\" content=\"Bernd H\u00fcckst\u00e4dt\" \/>\n\t<meta name=\"twitter:label2\" content=\"Ber\u00e4knad l\u00e4stid\" \/>\n\t<meta name=\"twitter:data2\" content=\"3 minuter\" \/>\n<script type=\"application\/ld+json\" class=\"yoast-schema-graph\">{\"@context\":\"https:\\\/\\\/schema.org\",\"@graph\":[{\"@type\":\"Article\",\"@id\":\"https:\\\/\\\/gradido.net\\\/lasst-uns-2025-zum-jahr-des-gradido-machen\\\/#article\",\"isPartOf\":{\"@id\":\"https:\\\/\\\/gradido.net\\\/lasst-uns-2025-zum-jahr-des-gradido-machen\\\/\"},\"author\":{\"name\":\"Bernd H\u00fcckst\u00e4dt\",\"@id\":\"https:\\\/\\\/gradido.net\\\/de\\\/#\\\/schema\\\/person\\\/9c503a004ad15a1ddecadce2218db5d1\"},\"headline\":\"Lasst uns 2025 zum Jahr des Gradido machen\",\"datePublished\":\"2025-01-01T12:20:50+00:00\",\"dateModified\":\"2026-04-24T05:25:17+00:00\",\"mainEntityOfPage\":{\"@id\":\"https:\\\/\\\/gradido.net\\\/lasst-uns-2025-zum-jahr-des-gradido-machen\\\/\"},\"wordCount\":355,\"publisher\":{\"@id\":\"https:\\\/\\\/gradido.net\\\/de\\\/#organization\"},\"image\":{\"@id\":\"https:\\\/\\\/gradido.net\\\/lasst-uns-2025-zum-jahr-des-gradido-machen\\\/#primaryimage\"},\"thumbnailUrl\":\"https:\\\/\\\/gradido.net\\\/wp-content\\\/uploads\\\/2025\\\/01\\\/Standbild.png\",\"keywords\":[\"Bild oben\"],\"articleSection\":[\"Blog\",\"Community\"],\"inLanguage\":\"sv-SE\"},{\"@type\":\"WebPage\",\"@id\":\"https:\\\/\\\/gradido.net\\\/lasst-uns-2025-zum-jahr-des-gradido-machen\\\/\",\"url\":\"https:\\\/\\\/gradido.net\\\/lasst-uns-2025-zum-jahr-des-gradido-machen\\\/\",\"name\":\"Lasst uns 2025 zum Jahr des Gradido machen - Gradido\",\"isPartOf\":{\"@id\":\"https:\\\/\\\/gradido.net\\\/de\\\/#website\"},\"primaryImageOfPage\":{\"@id\":\"https:\\\/\\\/gradido.net\\\/lasst-uns-2025-zum-jahr-des-gradido-machen\\\/#primaryimage\"},\"image\":{\"@id\":\"https:\\\/\\\/gradido.net\\\/lasst-uns-2025-zum-jahr-des-gradido-machen\\\/#primaryimage\"},\"thumbnailUrl\":\"https:\\\/\\\/gradido.net\\\/wp-content\\\/uploads\\\/2025\\\/01\\\/Standbild.png\",\"datePublished\":\"2025-01-01T12:20:50+00:00\",\"dateModified\":\"2026-04-24T05:25:17+00:00\",\"description\":\"Ganz einfach: Indem wir mit 2-3 Interessenten einen Kreis erschaffen. Wir sind in Potsdam mit einer so kleinen Gruppe gestartet. Wenn uns das Menschen in weiteren Ortschaften nachmachen, dann entsteht ein Netz aus Gradido-Kreisen und wir kommen schneller zueinander und in Verbindung.\",\"breadcrumb\":{\"@id\":\"https:\\\/\\\/gradido.net\\\/lasst-uns-2025-zum-jahr-des-gradido-machen\\\/#breadcrumb\"},\"inLanguage\":\"sv-SE\",\"potentialAction\":[{\"@type\":\"ReadAction\",\"target\":[\"https:\\\/\\\/gradido.net\\\/lasst-uns-2025-zum-jahr-des-gradido-machen\\\/\"]}]},{\"@type\":\"ImageObject\",\"inLanguage\":\"sv-SE\",\"@id\":\"https:\\\/\\\/gradido.net\\\/lasst-uns-2025-zum-jahr-des-gradido-machen\\\/#primaryimage\",\"url\":\"https:\\\/\\\/gradido.net\\\/wp-content\\\/uploads\\\/2025\\\/01\\\/Standbild.png\",\"contentUrl\":\"https:\\\/\\\/gradido.net\\\/wp-content\\\/uploads\\\/2025\\\/01\\\/Standbild.png\",\"width\":727,\"height\":412},{\"@type\":\"BreadcrumbList\",\"@id\":\"https:\\\/\\\/gradido.net\\\/lasst-uns-2025-zum-jahr-des-gradido-machen\\\/#breadcrumb\",\"itemListElement\":[{\"@type\":\"ListItem\",\"position\":1,\"name\":\"Startseite\",\"item\":\"https:\\\/\\\/gradido.net\\\/\"},{\"@type\":\"ListItem\",\"position\":2,\"name\":\"Lasst uns 2025 zum Jahr des Gradido machen\"}]},{\"@type\":\"WebSite\",\"@id\":\"https:\\\/\\\/gradido.net\\\/de\\\/#website\",\"url\":\"https:\\\/\\\/gradido.net\\\/de\\\/\",\"name\":\"Gradido\",\"description\":\"Die neue W\u00e4hrung hei\u00dft Dankbarkeit\",\"publisher\":{\"@id\":\"https:\\\/\\\/gradido.net\\\/de\\\/#organization\"},\"potentialAction\":[{\"@type\":\"SearchAction\",\"target\":{\"@type\":\"EntryPoint\",\"urlTemplate\":\"https:\\\/\\\/gradido.net\\\/de\\\/?s={search_term_string}\"},\"query-input\":{\"@type\":\"PropertyValueSpecification\",\"valueRequired\":true,\"valueName\":\"search_term_string\"}}],\"inLanguage\":\"sv-SE\"},{\"@type\":\"Organization\",\"@id\":\"https:\\\/\\\/gradido.net\\\/de\\\/#organization\",\"name\":\"Gradido\",\"url\":\"https:\\\/\\\/gradido.net\\\/de\\\/\",\"logo\":{\"@type\":\"ImageObject\",\"inLanguage\":\"sv-SE\",\"@id\":\"https:\\\/\\\/gradido.net\\\/de\\\/#\\\/schema\\\/logo\\\/image\\\/\",\"url\":\"https:\\\/\\\/gradido.net\\\/wp-content\\\/uploads\\\/2022\\\/04\\\/gradido-social.jpg\",\"contentUrl\":\"https:\\\/\\\/gradido.net\\\/wp-content\\\/uploads\\\/2022\\\/04\\\/gradido-social.jpg\",\"width\":527,\"height\":273,\"caption\":\"Gradido\"},\"image\":{\"@id\":\"https:\\\/\\\/gradido.net\\\/de\\\/#\\\/schema\\\/logo\\\/image\\\/\"}},{\"@type\":\"Person\",\"@id\":\"https:\\\/\\\/gradido.net\\\/de\\\/#\\\/schema\\\/person\\\/9c503a004ad15a1ddecadce2218db5d1\",\"name\":\"Bernd H\u00fcckst\u00e4dt\",\"sameAs\":[\"https:\\\/\\\/gradido.net\"],\"url\":\"https:\\\/\\\/gradido.net\\\/sv\\\/author\\\/bernd\\\/\"}]}<\/script>\n<!-- \/ Yoast SEO plugin. -->","yoast_head_json":{"title":"L\u00e5t oss g\u00f6ra 2025 till \u00e5ret f\u00f6r Gradido - Gradido","description":"Helt enkelt: genom att skapa en cirkel med 2-3 intresserade parter. Vi b\u00f6rjade i Potsdam med en s\u00e5 liten grupp. Om m\u00e4nniskor p\u00e5 andra platser kopierar oss, kommer ett n\u00e4tverk av Gradido-cirklar att skapas och vi kommer att l\u00e4ra k\u00e4nna varandra och f\u00e5 kontakt snabbare.","robots":{"index":"index","follow":"follow","max-snippet":"max-snippet:-1","max-image-preview":"max-image-preview:large","max-video-preview":"max-video-preview:-1"},"canonical":"https:\/\/gradido.net\/sv\/lasst-uns-2025-zum-jahr-des-gradido-machen\/","og_locale":"sv_SE","og_type":"article","og_title":"Lasst uns 2025 zum Jahr des Gradido machen - Gradido","og_description":"Ganz einfach: Indem wir mit 2-3 Interessenten einen Kreis erschaffen. Wir sind in Potsdam mit einer so kleinen Gruppe gestartet. Wenn uns das Menschen in weiteren Ortschaften nachmachen, dann entsteht ein Netz aus Gradido-Kreisen und wir kommen schneller zueinander und in Verbindung.","og_url":"https:\/\/gradido.net\/sv\/lasst-uns-2025-zum-jahr-des-gradido-machen\/","og_site_name":"Gradido","article_published_time":"2025-01-01T12:20:50+00:00","article_modified_time":"2026-04-24T05:25:17+00:00","og_image":[{"width":727,"height":412,"url":"https:\/\/gradido.net\/wp-content\/uploads\/2025\/01\/Standbild.png","type":"image\/png"}],"author":"Bernd H\u00fcckst\u00e4dt","twitter_card":"summary_large_image","twitter_misc":{"Skriven av":"Bernd H\u00fcckst\u00e4dt","Ber\u00e4knad l\u00e4stid":"3 minuter"},"schema":{"@context":"https:\/\/schema.org","@graph":[{"@type":"Article","@id":"https:\/\/gradido.net\/lasst-uns-2025-zum-jahr-des-gradido-machen\/#article","isPartOf":{"@id":"https:\/\/gradido.net\/lasst-uns-2025-zum-jahr-des-gradido-machen\/"},"author":{"name":"Bernd H\u00fcckst\u00e4dt","@id":"https:\/\/gradido.net\/de\/#\/schema\/person\/9c503a004ad15a1ddecadce2218db5d1"},"headline":"Lasst uns 2025 zum Jahr des Gradido machen","datePublished":"2025-01-01T12:20:50+00:00","dateModified":"2026-04-24T05:25:17+00:00","mainEntityOfPage":{"@id":"https:\/\/gradido.net\/lasst-uns-2025-zum-jahr-des-gradido-machen\/"},"wordCount":355,"publisher":{"@id":"https:\/\/gradido.net\/de\/#organization"},"image":{"@id":"https:\/\/gradido.net\/lasst-uns-2025-zum-jahr-des-gradido-machen\/#primaryimage"},"thumbnailUrl":"https:\/\/gradido.net\/wp-content\/uploads\/2025\/01\/Standbild.png","keywords":["Bild oben"],"articleSection":["Blog","Community"],"inLanguage":"sv-SE"},{"@type":"WebPage","@id":"https:\/\/gradido.net\/lasst-uns-2025-zum-jahr-des-gradido-machen\/","url":"https:\/\/gradido.net\/lasst-uns-2025-zum-jahr-des-gradido-machen\/","name":"L\u00e5t oss g\u00f6ra 2025 till \u00e5ret f\u00f6r Gradido - Gradido","isPartOf":{"@id":"https:\/\/gradido.net\/de\/#website"},"primaryImageOfPage":{"@id":"https:\/\/gradido.net\/lasst-uns-2025-zum-jahr-des-gradido-machen\/#primaryimage"},"image":{"@id":"https:\/\/gradido.net\/lasst-uns-2025-zum-jahr-des-gradido-machen\/#primaryimage"},"thumbnailUrl":"https:\/\/gradido.net\/wp-content\/uploads\/2025\/01\/Standbild.png","datePublished":"2025-01-01T12:20:50+00:00","dateModified":"2026-04-24T05:25:17+00:00","description":"Helt enkelt: genom att skapa en cirkel med 2-3 intresserade parter. Vi b\u00f6rjade i Potsdam med en s\u00e5 liten grupp. Om m\u00e4nniskor p\u00e5 andra platser kopierar oss, kommer ett n\u00e4tverk av Gradido-cirklar att skapas och vi kommer att l\u00e4ra k\u00e4nna varandra och f\u00e5 kontakt snabbare.","breadcrumb":{"@id":"https:\/\/gradido.net\/lasst-uns-2025-zum-jahr-des-gradido-machen\/#breadcrumb"},"inLanguage":"sv-SE","potentialAction":[{"@type":"ReadAction","target":["https:\/\/gradido.net\/lasst-uns-2025-zum-jahr-des-gradido-machen\/"]}]},{"@type":"ImageObject","inLanguage":"sv-SE","@id":"https:\/\/gradido.net\/lasst-uns-2025-zum-jahr-des-gradido-machen\/#primaryimage","url":"https:\/\/gradido.net\/wp-content\/uploads\/2025\/01\/Standbild.png","contentUrl":"https:\/\/gradido.net\/wp-content\/uploads\/2025\/01\/Standbild.png","width":727,"height":412},{"@type":"BreadcrumbList","@id":"https:\/\/gradido.net\/lasst-uns-2025-zum-jahr-des-gradido-machen\/#breadcrumb","itemListElement":[{"@type":"ListItem","position":1,"name":"Startseite","item":"https:\/\/gradido.net\/"},{"@type":"ListItem","position":2,"name":"Lasst uns 2025 zum Jahr des Gradido machen"}]},{"@type":"WebSite","@id":"https:\/\/gradido.net\/de\/#website","url":"https:\/\/gradido.net\/de\/","name":"Gradido","description":"Den nya valutan \u00e4r tacksamhet","publisher":{"@id":"https:\/\/gradido.net\/de\/#organization"},"potentialAction":[{"@type":"SearchAction","target":{"@type":"EntryPoint","urlTemplate":"https:\/\/gradido.net\/de\/?s={search_term_string}"},"query-input":{"@type":"PropertyValueSpecification","valueRequired":true,"valueName":"search_term_string"}}],"inLanguage":"sv-SE"},{"@type":"Organization","@id":"https:\/\/gradido.net\/de\/#organization","name":"Gradido","url":"https:\/\/gradido.net\/de\/","logo":{"@type":"ImageObject","inLanguage":"sv-SE","@id":"https:\/\/gradido.net\/de\/#\/schema\/logo\/image\/","url":"https:\/\/gradido.net\/wp-content\/uploads\/2022\/04\/gradido-social.jpg","contentUrl":"https:\/\/gradido.net\/wp-content\/uploads\/2022\/04\/gradido-social.jpg","width":527,"height":273,"caption":"Gradido"},"image":{"@id":"https:\/\/gradido.net\/de\/#\/schema\/logo\/image\/"}},{"@type":"Person","@id":"https:\/\/gradido.net\/de\/#\/schema\/person\/9c503a004ad15a1ddecadce2218db5d1","name":"Bernd H\u00fcckst\u00e4dt","sameAs":["https:\/\/gradido.net"],"url":"https:\/\/gradido.net\/sv\/author\/bernd\/"}]}},"_links":{"self":[{"href":"https:\/\/gradido.net\/sv\/wp-json\/wp\/v2\/posts\/9980","targetHints":{"allow":["GET"]}}],"collection":[{"href":"https:\/\/gradido.net\/sv\/wp-json\/wp\/v2\/posts"}],"about":[{"href":"https:\/\/gradido.net\/sv\/wp-json\/wp\/v2\/types\/post"}],"author":[{"embeddable":true,"href":"https:\/\/gradido.net\/sv\/wp-json\/wp\/v2\/users\/2"}],"replies":[{"embeddable":true,"href":"https:\/\/gradido.net\/sv\/wp-json\/wp\/v2\/comments?post=9980"}],"version-history":[{"count":24,"href":"https:\/\/gradido.net\/sv\/wp-json\/wp\/v2\/posts\/9980\/revisions"}],"predecessor-version":[{"id":13578,"href":"https:\/\/gradido.net\/sv\/wp-json\/wp\/v2\/posts\/9980\/revisions\/13578"}],"wp:featuredmedia":[{"embeddable":true,"href":"https:\/\/gradido.net\/sv\/wp-json\/wp\/v2\/media\/9981"}],"wp:attachment":[{"href":"https:\/\/gradido.net\/sv\/wp-json\/wp\/v2\/media?parent=9980"}],"wp:term":[{"taxonomy":"category","embeddable":true,"href":"https:\/\/gradido.net\/sv\/wp-json\/wp\/v2\/categories?post=9980"},{"taxonomy":"post_tag","embeddable":true,"href":"https:\/\/gradido.net\/sv\/wp-json\/wp\/v2\/tags?post=9980"}],"curies":[{"name":"wp","href":"https:\/\/api.w.org\/{rel}","templated":true}]}}