{"id":1056,"date":"2020-11-11T12:43:41","date_gmt":"2020-11-11T11:43:41","guid":{"rendered":"https:\/\/gradido.net\/?p=1056"},"modified":"2021-12-11T13:01:11","modified_gmt":"2021-12-11T12:01:11","slug":"gastronomie-braucht-aktives-grundeinkommen","status":"publish","type":"post","link":"https:\/\/gradido.net\/tr\/gastronomie-braucht-aktives-grundeinkommen\/","title":{"rendered":"Gastronominin 'Aktif Temel Gelire' ihtiyac\u0131 var"},"content":{"rendered":"<div data-elementor-type=\"wp-post\" data-elementor-id=\"1056\" class=\"elementor elementor-1056\" data-elementor-post-type=\"post\">\n\t\t\t\t\t\t<section class=\"elementor-section elementor-top-section elementor-element elementor-element-496e1d53 elementor-section-boxed elementor-section-height-default elementor-section-height-default\" data-id=\"496e1d53\" data-element_type=\"section\" data-e-type=\"section\">\n\t\t\t\t\t\t<div class=\"elementor-container elementor-column-gap-default\">\n\t\t\t\t\t<div class=\"elementor-column elementor-col-100 elementor-top-column elementor-element elementor-element-461d7be0\" data-id=\"461d7be0\" data-element_type=\"column\" data-e-type=\"column\">\n\t\t\t<div class=\"elementor-widget-wrap elementor-element-populated\">\n\t\t\t\t\t\t<div class=\"elementor-element elementor-element-cd9ebe2 elementor-widget elementor-widget-text-editor\" data-id=\"cd9ebe2\" data-element_type=\"widget\" data-e-type=\"widget\" data-widget_type=\"text-editor.default\">\n\t\t\t\t<div class=\"elementor-widget-container\">\n\t\t\t\t\t\t\t\t\t<h2>Lockdown ile nakavt m\u0131?<\/h2><p><b>K\u00fcnzelsau, 11.11.2020 - Yenilenen soka\u011fa \u00e7\u0131kma yasa\u011f\u0131, yiyecek i\u00e7ecek sekt\u00f6r\u00fcn\u00fc ger\u00e7ek bir korku senaryosuyla kar\u015f\u0131 kar\u015f\u0131ya b\u0131rak\u0131yor. Sekt\u00f6r, hayal bile edilemeyecek boyutlarda bir iflas dalgas\u0131 bekliyor. Bu y\u0131l cirolarda ya\u015fanan bariz d\u00fc\u015f\u00fc\u015f nedeniyle restoran, kafe, pub, bar, yemek \u015firketi ve etkinlik mekanlar\u0131n\u0131n \u00fc\u00e7te biri yok olma tehlikesiyle kar\u015f\u0131 kar\u015f\u0131ya. Ve trend y\u00fckseliyor. Tehdit alt\u0131nda olan ve say\u0131s\u0131z i\u015f ve \u00e7\u0131rakl\u0131k imkan\u0131 sunan i\u015fletmelerin bir\u00e7o\u011fu, teklif edilen \"Kas\u0131m yard\u0131m\u0131\" ile kal\u0131c\u0131 olarak kurtar\u0131lamaz. Restoran i\u015fletmecilerinin sadece y\u00fczde 24'\u00fc Aral\u0131k ay\u0131nda yeniden a\u00e7\u0131lacaklar\u0131na inan\u0131yor. D\u00f6rtte \u00fc\u00e7\u00fc kendi Noel i\u015fletmelerinin de faaliyet yasa\u011f\u0131n\u0131n kurban\u0131 olaca\u011f\u0131n\u0131 varsay\u0131yor ve bu duruma boyun e\u011fme, k\u0131zg\u0131nl\u0131k ya da tamamen umutsuzlukla tepki veriyor. Sekt\u00f6r\u00fcn tamamen \u00e7\u00f6k\u00fc\u015f\u00fcn\u00fc engelleyebilmek i\u00e7in, krize m\u00fcdahale ve varl\u0131\u011f\u0131n\u0131 g\u00fcvence alt\u0131na almaya y\u00f6nelik temelde yeni \u00f6nlemlere ihtiya\u00e7 vard\u0131r. Gradido Academy for Economic Bionics bu ama\u00e7la yeni bir t\u00fcr ekonomik ve finansal sistem geli\u015ftirmi\u015ftir. Gradido modeli, mevcut bor\u00e7 para prensibinden uzakla\u015farak, para yaratmaya yenilik\u00e7i bir yakla\u015f\u0131m ve 'aktif temel gelir' ile krizden \u00e7\u0131k\u0131\u015f i\u00e7in umut verici bir yol g\u00f6stermektedir. <\/b><\/p><p>\u015eikayetler, dilek\u00e7eler ve k\u0131\u015fk\u0131rt\u0131c\u0131 mektuplarla, dernekler, sendikalar ve etkilenenler, y\u00fcksek sesle ve a\u00e7\u0131k bir \u015fekilde, otel ve restoran end\u00fcstrisi i\u00e7in yenilenen kilitlenmenin sonu\u00e7lar\u0131na dikkat \u00e7ekiyorlar. Temaslar\u0131n halka a\u00e7\u0131k odalardan \u00f6zel odalara kayd\u0131r\u0131lmas\u0131na y\u00f6nelik tedbirlerin anlam\u0131ndan \u015f\u00fcphe duymakta ve misafirlerin azami g\u00fcvenli\u011fi i\u00e7in ayr\u0131nt\u0131l\u0131 konseptlerin ve b\u00fcy\u00fck mali yat\u0131r\u0131mlar\u0131n takdir edilmemesinden son derece hayal k\u0131r\u0131kl\u0131\u011f\u0131na u\u011framaktad\u0131rlar. Sekt\u00f6r temsilcileri de t\u00fcm g\u00fc\u00e7leriyle alarm veriyor \u00e7\u00fcnk\u00fc say\u0131s\u0131z i\u015fletme yenilenen kapan\u0131\u015f nedeniyle nihai \u00f6l\u00fcmle kar\u015f\u0131 kar\u015f\u0131ya. Sadece do\u011frudan etkilenenlerin i\u015fleri de\u011fil, ayn\u0131 zamanda ilgili tedarik zincirlerinde, bira fabrikalar\u0131nda ve i\u00e7ecek toptanc\u0131lar\u0131nda \u00e7al\u0131\u015fan \u00e7ok say\u0131da ki\u015finin ge\u00e7im kaynaklar\u0131 da risk alt\u0131ndad\u0131r. \u00c7\u0131raklar\u0131 da y\u0131k\u0131c\u0131 beklentiler beklemektedir. Alman Sanayi ve Ticaret Odalar\u0131 Birli\u011fi (DIH) taraf\u0131ndan yap\u0131lan bir anket, yiyecek i\u00e7ecek sekt\u00f6r\u00fcn\u00fcn yeni e\u011fitim y\u0131l\u0131nda bir \u00f6nceki y\u0131la g\u00f6re muhtemelen y\u00fczde 30 daha az \u00e7\u0131rakl\u0131k e\u011fitimi sunabilece\u011fini ortaya koydu.<\/p><p>Gradido Academy for Business Bionics'in kurucular\u0131ndan Bernd H\u00fcckst\u00e4dt bu geli\u015fmeyi giderek artan bir endi\u015feyle kar\u015f\u0131l\u0131yor: \"Bu y\u0131l meslekten men edilecek her sekt\u00f6re bir t\u00fcr h\u0131zl\u0131 \u00e7\u00f6z\u00fcm olarak ba\u015f d\u00f6nd\u00fcr\u00fcc\u00fc miktarlarda k\u00f6pr\u00fc yard\u0131m\u0131 vaat ederek ekonomimizi istikrara kavu\u015fturamay\u0131z. Bir kere, bu \u015fekilde yarat\u0131lan bor\u00e7 da\u011flar\u0131n\u0131 kimin \u00f6deyece\u011fini kimse bilmiyor. \u00d6te yandan, g\u00f6r\u00fcn\u00fc\u015fte c\u00f6mert olan bu 'acil yard\u0131m', etkilenenlerin tamam\u0131na bile ula\u015fmamakta, ba\u015ftan itibaren yetersiz kalmakta ve kesinlikle hi\u00e7bir perspektif yaratmamaktad\u0131r.\" Gradido Akademi'nin ekonomik biyonik uzmanlar\u0131na g\u00f6re, ekonomi ve siyasetin kar\u015f\u0131 kar\u015f\u0131ya oldu\u011fu devasa g\u00fcncel zorluklar\u0131n \u00fcstesinden ancak s\u00fcrd\u00fcr\u00fclebilir ve torun dostu bir ekonomik ve finansal sisteme d\u00f6n\u00fc\u015fle gelinebilir.<\/p><h4>Gradido Modeli<\/h4><p>Gradido Academy for Economic Bionics, 20 y\u0131ll\u0131k ara\u015ft\u0131rma \u00e7al\u0131\u015fmalar\u0131 sonucunda ayn\u0131 ad\u0131 ta\u015f\u0131yan sa\u011flam ve s\u00fcrd\u00fcr\u00fclebilir ekonomik ve finansal sistemi geli\u015ftirmi\u015ftir. Do\u011fan\u0131n temel yasalar\u0131na dayan\u0131r ve sonu\u00e7 olarak bor\u00e7 para ilkesinin terk edilmesini de sa\u011flar. H\u00fcckst\u00e4dt \u015f\u00f6yle a\u00e7\u0131kl\u0131yor: \"Eski finansal sistemde, bir ki\u015finin kredisi ka\u00e7\u0131n\u0131lmaz olarak di\u011ferinin borcudur. Ancak do\u011fa bor\u00e7 tan\u0131maz. Sonu\u00e7 olarak, ortak iyi para birimi Gradido (GDD) herhangi bir bor\u00e7 yaratmadan herkes i\u00e7in bir kredi olarak yarat\u0131l\u0131r. \u015eu anda ya\u015fad\u0131\u011f\u0131m\u0131z gibi ekonomik krizler Gradido modeli ile gelecek nesillere y\u00fck olmadan a\u015f\u0131labilir.\"<\/p><h4>'Aktif temel gelir' ge\u00e7im g\u00fcvencesi sunuyor<\/h4><p>'Aktif Temel Gelir', 'Ko\u015fulsuz Kat\u0131l\u0131m' fikrinden kaynaklanmaktad\u0131r. Her bir ki\u015fi i\u00e7in temel gelir olarak ayl\u0131k 1.000 Gradido (GDD) ortak mal para birimi mevcuttur. Bir Gradido bir Avro de\u011ferine kar\u015f\u0131l\u0131k gelmektedir. Ayda en fazla 50 saat, her biri 20 GDD ile \u00fccretlendirilir. Bu mebla\u011f, di\u011fer gelirlerle desteklenebilecek ge\u00e7imi sa\u011flamak i\u00e7in temel bir miktar olarak tasarlanm\u0131\u015ft\u0131r. 'Aktif Temel Gelir'den yararlanmak isteyenler, ki\u015fisel yetenekleri, e\u011filimleri ve imk\u00e2nlar\u0131 ile her ya\u015fta topluma katk\u0131da bulunabilirler. B\u00f6ylece, mesleki kriz d\u00f6nemlerinde bile temel bir gelire, ba\u015fvuru yapmak ya da gelir testinden ge\u00e7mek zorunda kalmadan ula\u015f\u0131labilir. Ayr\u0131ca, 'Ko\u015fulsuz Kat\u0131l\u0131m' ile 'Aktif Temel Gelir' kavram\u0131, gelecekteki istihdam biyografilerinin - ekonomik ve finansal krizlerden tamamen ba\u011f\u0131ms\u0131z olarak - her zaman kesintilere ve hatta bo\u015fluklara sahip olaca\u011f\u0131 ger\u00e7e\u011fini de dikkate almaktad\u0131r. Gradido temel geliri sayesinde, bu t\u00fcr karga\u015fa evreleri varolu\u015fsal deh\u015fetini yitiriyor.<\/p><h4>Ya\u015fam\u0131n her evresinde 'ko\u015fulsuz kat\u0131l\u0131m'<\/h4><p>Herkesin 'Aktif Temel Gelir' i\u00e7in yapmaktan ho\u015fland\u0131\u011f\u0131 bir g\u00f6revi \u00fcstlenmesine izin verilir. Burada, uygulanan bir 'meslek yasa\u011f\u0131' s\u0131ras\u0131nda da aktif olabilir. 'Ko\u015fulsuz Kat\u0131l\u0131m' ilkesi, hayat\u0131n ve kariyerin her a\u015famas\u0131nda anlaml\u0131 bir faaliyetin pe\u015finden gidebilme duygusunun yan\u0131 s\u0131ra yeni tutkular ve hedefler ke\u015ffetme \u015fans\u0131n\u0131 da bar\u0131nd\u0131r\u0131yor. Varolu\u015fsal korku olmadan, herkes t\u00fcm kalbiyle yapmak istedi\u011fi \u015feyi yapabilir - ba\u015fka bir deyi\u015fle, i\u00e7sel \u00e7a\u011fr\u0131s\u0131n\u0131 takip edebilir. Ortaya \u00e7\u0131kan yaratma sevinci, her d\u00fczeyde ba\u015far\u0131l\u0131 olman\u0131n en iyi \u00f6n ko\u015fuludur.<\/p><h4>\u00dc\u00e7l\u00fc refah ve \u00fc\u00e7l\u00fc para yarat\u0131m\u0131<\/h4><p>Gradido'nun temel etik ilkesi, bireyin refah\u0131n\u0131 toplumun ve daha b\u00fcy\u00fck bir b\u00fct\u00fcn\u00fcn - do\u011fa ve \u00e7evre anlam\u0131nda - refah\u0131yla uyumlu hale getirmeye dayan\u0131r. Birey, toplumun, devletin bir par\u00e7as\u0131d\u0131r ve bu da 'b\u00fcy\u00fck b\u00fct\u00fcn\u00fcn', ekosistemin bir par\u00e7as\u0131d\u0131r. Buna g\u00f6re ki\u015fi ba\u015f\u0131na 3 \u00d7 1.000 gradido \u00e7ekilmektedir. 'Aktif Temel Gelir', devlet b\u00fct\u00e7esi ve Denkle\u015ftirme ve \u00c7evre Fonu i\u00e7in 1.000'er Gradido.<\/p><h4>Gradido Felsefesi<\/h4><p>Gradido Academy'nin kurucu orta\u011f\u0131 ve genel m\u00fcd\u00fcr\u00fc Margret Baier, modelin temel ilkelerinden birini \u015f\u00f6yle a\u00e7\u0131kl\u0131yor: \"Bizim 'ortak iyi' anlay\u0131\u015f\u0131m\u0131z, her bireyin ya\u015fam\u0131n t\u00fcm gerekliliklerini her zaman kar\u015f\u0131lamas\u0131 ve istek ve endi\u015felerinin kabul edildi\u011fini bilmesidir.\" \"Ancak herkesin toplumun ya\u015fayan bir par\u00e7as\u0131 olmas\u0131na izin verildi\u011finde, krizlerin \u00fcstesinden gelmek i\u00e7in gerekli olan dayan\u0131\u015fma ve sorumluluk duygusu da ortaya \u00e7\u0131kar. Bug\u00fcnk\u00fc gibi bir durumda, mali s\u0131k\u0131nt\u0131 yaratmadan koruyucu \u00f6nlemlere esnek bir \u015fekilde tepki verebiliriz. Gradido modeli emsal te\u015fkil ederse, \u00e7\u00f6z\u00fcmlere \u00e7ok daha farkl\u0131 yakla\u015f\u0131mlar bulabilir ve \u00f6l\u00fcmc\u00fcl istenmeyen etkileri en aza indirebiliriz.\"<\/p><p>Tam 'Gradido modeli'nin ayr\u0131nt\u0131lar\u0131 \u015fu adreste <a href=\"https:\/\/gradido.net\/tr\/\">https:\/\/gradido.net<\/a><\/p><p><!-- \/wp:paragraph --><\/p>\t\t\t\t\t\t\t\t<\/div>\n\t\t\t\t<\/div>\n\t\t\t\t<div class=\"elementor-element elementor-element-e9ff241 elementor-widget elementor-widget-text-editor\" data-id=\"e9ff241\" data-element_type=\"widget\" data-e-type=\"widget\" data-widget_type=\"text-editor.default\">\n\t\t\t\t<div class=\"elementor-widget-container\">\n\t\t\t\t\t\t\t\t\t<p><strong>Gradido Akademi Hakk\u0131nda<\/strong><br>Gradido Academy for Economic Bionics, do\u011fay\u0131 model alan alternatif bir 'ortak fayda para birimi' geli\u015ftirdi. Do\u011fa, ancak bir \u015feyin yok oldu\u011fu yerde yeni bir \u015feyin ortaya \u00e7\u0131kabilece\u011fi ve b\u00f6ylece uzun vadeli geli\u015fimin (evrim) m\u00fcmk\u00fcn olabilece\u011fi kural\u0131n\u0131 izler. Ba\u015far\u0131n\u0131n re\u00e7etesi 'ya\u015fam d\u00f6ng\u00fcs\u00fc'd\u00fcr. Ekonomi biyoni\u011fi uzmanlar\u0131na g\u00f6re, e\u011fer bizim ekonomimiz de bu do\u011fal d\u00f6ng\u00fcy\u00fc takip etseydi, d\u00fcnyan\u0131n parayla ilgili t\u00fcm sorunlar\u0131 \u00e7\u00f6z\u00fclebilirdi. Gradido modeli, sadece her ki\u015finin de\u011fil, ayn\u0131 zamanda her devletin de kredi baz\u0131nda yarat\u0131lan bir gelir elde etmesi fikrine dayanmaktad\u0131r. B\u00f6ylece vergi toplamadan t\u00fcm g\u00f6revlerini yerine getirebilir. Deflasyon ya da enflasyon ge\u00e7mi\u015fte kald\u0131. Ekonomi s\u00fcrekli b\u00fcy\u00fcme zorunlulu\u011fundan kurtulmu\u015f, mali sistemin \u00e7\u00f6kme tehlikesi nihayet \u00f6nlenmi\u015ftir. (<a href=\"https:\/\/gradido.net\/tr\/\">www.gradido.net<\/a>)<\/p>\t\t\t\t\t\t\t\t<\/div>\n\t\t\t\t<\/div>\n\t\t\t\t\t<\/div>\n\t\t<\/div>\n\t\t\t\t\t<\/div>\n\t\t<\/section>\n\t\t\t\t<\/div>","protected":false},"excerpt":{"rendered":"<p>Knockout durch Lockdown? K\u00fcnzelsau, 11.11.2020 \u2013 Der erneute Lockdown beschert der Gastronomie ein wahres Horrorszenario. Die Branche rechnet mit einer Pleitewelle unvorstellbaren Ausma\u00dfes. Aufgrund der eklatanten Umsatzeinbu\u00dfen in diesem Jahr droht einem Drittel der Restaurants, Caf\u00e9s, Wirtsh\u00e4user, Kneipen, Bars, Caterer und Eventlocations das Aus. Tendenz steigend. Viele der bedrohten Unternehmen mit unz\u00e4hligen Arbeits- und Ausbildungspl\u00e4tzen [&hellip;]<\/p>\n","protected":false},"author":2,"featured_media":1067,"comment_status":"closed","ping_status":"closed","sticky":false,"template":"","format":"standard","meta":{"footnotes":""},"categories":[8],"tags":[],"class_list":["post-1056","post","type-post","status-publish","format-standard","has-post-thumbnail","hentry","category-pressemitteilung"],"yoast_head":"<!-- This site is optimized with the Yoast SEO plugin v27.5 - https:\/\/yoast.com\/product\/yoast-seo-wordpress\/ -->\n<title>Gastronomie braucht \u201aAktives Grundeinkommen\u2018 - Gradido<\/title>\n<meta name=\"robots\" content=\"index, follow, max-snippet:-1, max-image-preview:large, max-video-preview:-1\" \/>\n<link rel=\"canonical\" href=\"https:\/\/gradido.net\/tr\/gastronomie-braucht-aktives-grundeinkommen\/\" \/>\n<meta property=\"og:locale\" content=\"tr_TR\" \/>\n<meta property=\"og:type\" content=\"article\" \/>\n<meta property=\"og:title\" content=\"Gastronomie braucht \u201aAktives Grundeinkommen\u2018 - Gradido\" \/>\n<meta property=\"og:description\" content=\"Knockout durch Lockdown? K\u00fcnzelsau, 11.11.2020 \u2013 Der erneute Lockdown beschert der Gastronomie ein wahres Horrorszenario. Die Branche rechnet mit einer Pleitewelle unvorstellbaren Ausma\u00dfes. Aufgrund der eklatanten Umsatzeinbu\u00dfen in diesem Jahr droht einem Drittel der Restaurants, Caf\u00e9s, Wirtsh\u00e4user, Kneipen, Bars, Caterer und Eventlocations das Aus. Tendenz steigend. Viele der bedrohten Unternehmen mit unz\u00e4hligen Arbeits- und Ausbildungspl\u00e4tzen [&hellip;]\" \/>\n<meta property=\"og:url\" content=\"https:\/\/gradido.net\/tr\/gastronomie-braucht-aktives-grundeinkommen\/\" \/>\n<meta property=\"og:site_name\" content=\"Gradido\" \/>\n<meta property=\"article:published_time\" content=\"2020-11-11T11:43:41+00:00\" \/>\n<meta property=\"article:modified_time\" content=\"2021-12-11T12:01:11+00:00\" \/>\n<meta property=\"og:image\" content=\"https:\/\/gradido.net\/wp-content\/uploads\/2020\/11\/gastronomie_pausemodus.jpg\" \/>\n\t<meta property=\"og:image:width\" content=\"1079\" \/>\n\t<meta property=\"og:image:height\" content=\"720\" \/>\n\t<meta property=\"og:image:type\" content=\"image\/jpeg\" \/>\n<meta name=\"author\" content=\"Bernd H\u00fcckst\u00e4dt\" \/>\n<meta name=\"twitter:card\" content=\"summary_large_image\" \/>\n<meta name=\"twitter:label1\" content=\"Yazan:\" \/>\n\t<meta name=\"twitter:data1\" content=\"Bernd H\u00fcckst\u00e4dt\" \/>\n\t<meta name=\"twitter:label2\" content=\"Tahmini okuma s\u00fcresi\" \/>\n\t<meta name=\"twitter:data2\" content=\"6 dakika\" \/>\n<script type=\"application\/ld+json\" class=\"yoast-schema-graph\">{\"@context\":\"https:\\\/\\\/schema.org\",\"@graph\":[{\"@type\":\"Article\",\"@id\":\"https:\\\/\\\/gradido.net\\\/pt\\\/gastronomie-braucht-aktives-grundeinkommen\\\/#article\",\"isPartOf\":{\"@id\":\"https:\\\/\\\/gradido.net\\\/pt\\\/gastronomie-braucht-aktives-grundeinkommen\\\/\"},\"author\":{\"name\":\"Bernd H\u00fcckst\u00e4dt\",\"@id\":\"https:\\\/\\\/gradido.net\\\/de\\\/#\\\/schema\\\/person\\\/9c503a004ad15a1ddecadce2218db5d1\"},\"headline\":\"Gastronomie braucht \u201aAktives Grundeinkommen\u2018\",\"datePublished\":\"2020-11-11T11:43:41+00:00\",\"dateModified\":\"2021-12-11T12:01:11+00:00\",\"mainEntityOfPage\":{\"@id\":\"https:\\\/\\\/gradido.net\\\/pt\\\/gastronomie-braucht-aktives-grundeinkommen\\\/\"},\"wordCount\":1170,\"publisher\":{\"@id\":\"https:\\\/\\\/gradido.net\\\/de\\\/#organization\"},\"image\":{\"@id\":\"https:\\\/\\\/gradido.net\\\/pt\\\/gastronomie-braucht-aktives-grundeinkommen\\\/#primaryimage\"},\"thumbnailUrl\":\"https:\\\/\\\/gradido.net\\\/wp-content\\\/uploads\\\/2020\\\/11\\\/gastronomie_pausemodus.jpg\",\"articleSection\":[\"Pressemitteilung\"],\"inLanguage\":\"tr\"},{\"@type\":\"WebPage\",\"@id\":\"https:\\\/\\\/gradido.net\\\/pt\\\/gastronomie-braucht-aktives-grundeinkommen\\\/\",\"url\":\"https:\\\/\\\/gradido.net\\\/pt\\\/gastronomie-braucht-aktives-grundeinkommen\\\/\",\"name\":\"Gastronomie braucht \u201aAktives Grundeinkommen\u2018 - Gradido\",\"isPartOf\":{\"@id\":\"https:\\\/\\\/gradido.net\\\/de\\\/#website\"},\"primaryImageOfPage\":{\"@id\":\"https:\\\/\\\/gradido.net\\\/pt\\\/gastronomie-braucht-aktives-grundeinkommen\\\/#primaryimage\"},\"image\":{\"@id\":\"https:\\\/\\\/gradido.net\\\/pt\\\/gastronomie-braucht-aktives-grundeinkommen\\\/#primaryimage\"},\"thumbnailUrl\":\"https:\\\/\\\/gradido.net\\\/wp-content\\\/uploads\\\/2020\\\/11\\\/gastronomie_pausemodus.jpg\",\"datePublished\":\"2020-11-11T11:43:41+00:00\",\"dateModified\":\"2021-12-11T12:01:11+00:00\",\"breadcrumb\":{\"@id\":\"https:\\\/\\\/gradido.net\\\/pt\\\/gastronomie-braucht-aktives-grundeinkommen\\\/#breadcrumb\"},\"inLanguage\":\"tr\",\"potentialAction\":[{\"@type\":\"ReadAction\",\"target\":[\"https:\\\/\\\/gradido.net\\\/pt\\\/gastronomie-braucht-aktives-grundeinkommen\\\/\"]}]},{\"@type\":\"ImageObject\",\"inLanguage\":\"tr\",\"@id\":\"https:\\\/\\\/gradido.net\\\/pt\\\/gastronomie-braucht-aktives-grundeinkommen\\\/#primaryimage\",\"url\":\"https:\\\/\\\/gradido.net\\\/wp-content\\\/uploads\\\/2020\\\/11\\\/gastronomie_pausemodus.jpg\",\"contentUrl\":\"https:\\\/\\\/gradido.net\\\/wp-content\\\/uploads\\\/2020\\\/11\\\/gastronomie_pausemodus.jpg\",\"width\":1079,\"height\":720,\"caption\":\"Woman restaurant staff cleaning table with alcohol spray wearing glove, face shield and mask before open the restaurant\"},{\"@type\":\"BreadcrumbList\",\"@id\":\"https:\\\/\\\/gradido.net\\\/pt\\\/gastronomie-braucht-aktives-grundeinkommen\\\/#breadcrumb\",\"itemListElement\":[{\"@type\":\"ListItem\",\"position\":1,\"name\":\"Startseite\",\"item\":\"https:\\\/\\\/gradido.net\\\/\"},{\"@type\":\"ListItem\",\"position\":2,\"name\":\"Gastronomie braucht \u201aAktives Grundeinkommen\u2018\"}]},{\"@type\":\"WebSite\",\"@id\":\"https:\\\/\\\/gradido.net\\\/de\\\/#website\",\"url\":\"https:\\\/\\\/gradido.net\\\/de\\\/\",\"name\":\"Gradido\",\"description\":\"Die neue W\u00e4hrung hei\u00dft Dankbarkeit\",\"publisher\":{\"@id\":\"https:\\\/\\\/gradido.net\\\/de\\\/#organization\"},\"potentialAction\":[{\"@type\":\"SearchAction\",\"target\":{\"@type\":\"EntryPoint\",\"urlTemplate\":\"https:\\\/\\\/gradido.net\\\/de\\\/?s={search_term_string}\"},\"query-input\":{\"@type\":\"PropertyValueSpecification\",\"valueRequired\":true,\"valueName\":\"search_term_string\"}}],\"inLanguage\":\"tr\"},{\"@type\":\"Organization\",\"@id\":\"https:\\\/\\\/gradido.net\\\/de\\\/#organization\",\"name\":\"Gradido\",\"url\":\"https:\\\/\\\/gradido.net\\\/de\\\/\",\"logo\":{\"@type\":\"ImageObject\",\"inLanguage\":\"tr\",\"@id\":\"https:\\\/\\\/gradido.net\\\/de\\\/#\\\/schema\\\/logo\\\/image\\\/\",\"url\":\"https:\\\/\\\/gradido.net\\\/wp-content\\\/uploads\\\/2022\\\/04\\\/gradido-social.jpg\",\"contentUrl\":\"https:\\\/\\\/gradido.net\\\/wp-content\\\/uploads\\\/2022\\\/04\\\/gradido-social.jpg\",\"width\":527,\"height\":273,\"caption\":\"Gradido\"},\"image\":{\"@id\":\"https:\\\/\\\/gradido.net\\\/de\\\/#\\\/schema\\\/logo\\\/image\\\/\"}},{\"@type\":\"Person\",\"@id\":\"https:\\\/\\\/gradido.net\\\/de\\\/#\\\/schema\\\/person\\\/9c503a004ad15a1ddecadce2218db5d1\",\"name\":\"Bernd H\u00fcckst\u00e4dt\",\"sameAs\":[\"https:\\\/\\\/gradido.net\"],\"url\":\"https:\\\/\\\/gradido.net\\\/tr\\\/author\\\/bernd\\\/\"}]}<\/script>\n<!-- \/ Yoast SEO plugin. -->","yoast_head_json":{"title":"Gastronominin 'Aktif Temel Gelire' ihtiyac\u0131 var - Gradido","robots":{"index":"index","follow":"follow","max-snippet":"max-snippet:-1","max-image-preview":"max-image-preview:large","max-video-preview":"max-video-preview:-1"},"canonical":"https:\/\/gradido.net\/tr\/gastronomie-braucht-aktives-grundeinkommen\/","og_locale":"tr_TR","og_type":"article","og_title":"Gastronomie braucht \u201aAktives Grundeinkommen\u2018 - Gradido","og_description":"Knockout durch Lockdown? K\u00fcnzelsau, 11.11.2020 \u2013 Der erneute Lockdown beschert der Gastronomie ein wahres Horrorszenario. Die Branche rechnet mit einer Pleitewelle unvorstellbaren Ausma\u00dfes. Aufgrund der eklatanten Umsatzeinbu\u00dfen in diesem Jahr droht einem Drittel der Restaurants, Caf\u00e9s, Wirtsh\u00e4user, Kneipen, Bars, Caterer und Eventlocations das Aus. Tendenz steigend. Viele der bedrohten Unternehmen mit unz\u00e4hligen Arbeits- und Ausbildungspl\u00e4tzen [&hellip;]","og_url":"https:\/\/gradido.net\/tr\/gastronomie-braucht-aktives-grundeinkommen\/","og_site_name":"Gradido","article_published_time":"2020-11-11T11:43:41+00:00","article_modified_time":"2021-12-11T12:01:11+00:00","og_image":[{"width":1079,"height":720,"url":"https:\/\/gradido.net\/wp-content\/uploads\/2020\/11\/gastronomie_pausemodus.jpg","type":"image\/jpeg"}],"author":"Bernd H\u00fcckst\u00e4dt","twitter_card":"summary_large_image","twitter_misc":{"Yazan:":"Bernd H\u00fcckst\u00e4dt","Tahmini okuma s\u00fcresi":"6 dakika"},"schema":{"@context":"https:\/\/schema.org","@graph":[{"@type":"Article","@id":"https:\/\/gradido.net\/pt\/gastronomie-braucht-aktives-grundeinkommen\/#article","isPartOf":{"@id":"https:\/\/gradido.net\/pt\/gastronomie-braucht-aktives-grundeinkommen\/"},"author":{"name":"Bernd H\u00fcckst\u00e4dt","@id":"https:\/\/gradido.net\/de\/#\/schema\/person\/9c503a004ad15a1ddecadce2218db5d1"},"headline":"Gastronomie braucht \u201aAktives Grundeinkommen\u2018","datePublished":"2020-11-11T11:43:41+00:00","dateModified":"2021-12-11T12:01:11+00:00","mainEntityOfPage":{"@id":"https:\/\/gradido.net\/pt\/gastronomie-braucht-aktives-grundeinkommen\/"},"wordCount":1170,"publisher":{"@id":"https:\/\/gradido.net\/de\/#organization"},"image":{"@id":"https:\/\/gradido.net\/pt\/gastronomie-braucht-aktives-grundeinkommen\/#primaryimage"},"thumbnailUrl":"https:\/\/gradido.net\/wp-content\/uploads\/2020\/11\/gastronomie_pausemodus.jpg","articleSection":["Pressemitteilung"],"inLanguage":"tr"},{"@type":"WebPage","@id":"https:\/\/gradido.net\/pt\/gastronomie-braucht-aktives-grundeinkommen\/","url":"https:\/\/gradido.net\/pt\/gastronomie-braucht-aktives-grundeinkommen\/","name":"Gastronominin 'Aktif Temel Gelire' ihtiyac\u0131 var - Gradido","isPartOf":{"@id":"https:\/\/gradido.net\/de\/#website"},"primaryImageOfPage":{"@id":"https:\/\/gradido.net\/pt\/gastronomie-braucht-aktives-grundeinkommen\/#primaryimage"},"image":{"@id":"https:\/\/gradido.net\/pt\/gastronomie-braucht-aktives-grundeinkommen\/#primaryimage"},"thumbnailUrl":"https:\/\/gradido.net\/wp-content\/uploads\/2020\/11\/gastronomie_pausemodus.jpg","datePublished":"2020-11-11T11:43:41+00:00","dateModified":"2021-12-11T12:01:11+00:00","breadcrumb":{"@id":"https:\/\/gradido.net\/pt\/gastronomie-braucht-aktives-grundeinkommen\/#breadcrumb"},"inLanguage":"tr","potentialAction":[{"@type":"ReadAction","target":["https:\/\/gradido.net\/pt\/gastronomie-braucht-aktives-grundeinkommen\/"]}]},{"@type":"ImageObject","inLanguage":"tr","@id":"https:\/\/gradido.net\/pt\/gastronomie-braucht-aktives-grundeinkommen\/#primaryimage","url":"https:\/\/gradido.net\/wp-content\/uploads\/2020\/11\/gastronomie_pausemodus.jpg","contentUrl":"https:\/\/gradido.net\/wp-content\/uploads\/2020\/11\/gastronomie_pausemodus.jpg","width":1079,"height":720,"caption":"Woman restaurant staff cleaning table with alcohol spray wearing glove, face shield and mask before open the restaurant"},{"@type":"BreadcrumbList","@id":"https:\/\/gradido.net\/pt\/gastronomie-braucht-aktives-grundeinkommen\/#breadcrumb","itemListElement":[{"@type":"ListItem","position":1,"name":"Startseite","item":"https:\/\/gradido.net\/"},{"@type":"ListItem","position":2,"name":"Gastronomie braucht \u201aAktives Grundeinkommen\u2018"}]},{"@type":"WebSite","@id":"https:\/\/gradido.net\/de\/#website","url":"https:\/\/gradido.net\/de\/","name":"Gradido","description":"Yeni para birimi minnettarl\u0131k","publisher":{"@id":"https:\/\/gradido.net\/de\/#organization"},"potentialAction":[{"@type":"SearchAction","target":{"@type":"EntryPoint","urlTemplate":"https:\/\/gradido.net\/de\/?s={search_term_string}"},"query-input":{"@type":"PropertyValueSpecification","valueRequired":true,"valueName":"search_term_string"}}],"inLanguage":"tr"},{"@type":"Organization","@id":"https:\/\/gradido.net\/de\/#organization","name":"Gradido","url":"https:\/\/gradido.net\/de\/","logo":{"@type":"ImageObject","inLanguage":"tr","@id":"https:\/\/gradido.net\/de\/#\/schema\/logo\/image\/","url":"https:\/\/gradido.net\/wp-content\/uploads\/2022\/04\/gradido-social.jpg","contentUrl":"https:\/\/gradido.net\/wp-content\/uploads\/2022\/04\/gradido-social.jpg","width":527,"height":273,"caption":"Gradido"},"image":{"@id":"https:\/\/gradido.net\/de\/#\/schema\/logo\/image\/"}},{"@type":"Person","@id":"https:\/\/gradido.net\/de\/#\/schema\/person\/9c503a004ad15a1ddecadce2218db5d1","name":"Bernd H\u00fcckst\u00e4dt","sameAs":["https:\/\/gradido.net"],"url":"https:\/\/gradido.net\/tr\/author\/bernd\/"}]}},"_links":{"self":[{"href":"https:\/\/gradido.net\/tr\/wp-json\/wp\/v2\/posts\/1056","targetHints":{"allow":["GET"]}}],"collection":[{"href":"https:\/\/gradido.net\/tr\/wp-json\/wp\/v2\/posts"}],"about":[{"href":"https:\/\/gradido.net\/tr\/wp-json\/wp\/v2\/types\/post"}],"author":[{"embeddable":true,"href":"https:\/\/gradido.net\/tr\/wp-json\/wp\/v2\/users\/2"}],"replies":[{"embeddable":true,"href":"https:\/\/gradido.net\/tr\/wp-json\/wp\/v2\/comments?post=1056"}],"version-history":[{"count":18,"href":"https:\/\/gradido.net\/tr\/wp-json\/wp\/v2\/posts\/1056\/revisions"}],"predecessor-version":[{"id":3742,"href":"https:\/\/gradido.net\/tr\/wp-json\/wp\/v2\/posts\/1056\/revisions\/3742"}],"wp:featuredmedia":[{"embeddable":true,"href":"https:\/\/gradido.net\/tr\/wp-json\/wp\/v2\/media\/1067"}],"wp:attachment":[{"href":"https:\/\/gradido.net\/tr\/wp-json\/wp\/v2\/media?parent=1056"}],"wp:term":[{"taxonomy":"category","embeddable":true,"href":"https:\/\/gradido.net\/tr\/wp-json\/wp\/v2\/categories?post=1056"},{"taxonomy":"post_tag","embeddable":true,"href":"https:\/\/gradido.net\/tr\/wp-json\/wp\/v2\/tags?post=1056"}],"curies":[{"name":"wp","href":"https:\/\/api.w.org\/{rel}","templated":true}]}}