{"id":1731,"date":"2021-01-27T16:31:50","date_gmt":"2021-01-27T15:31:50","guid":{"rendered":"https:\/\/gradido.net\/?p=1731"},"modified":"2021-12-11T20:57:47","modified_gmt":"2021-12-11T19:57:47","slug":"gradido-garantiert-gleichberechtigung-von-mann-und-frau","status":"publish","type":"post","link":"https:\/\/gradido.net\/tr\/gradido-garantiert-gleichberechtigung-von-mann-und-frau\/","title":{"rendered":"Gradido kad\u0131n ve erkekler i\u00e7in e\u015fit haklar\u0131 garanti eder"},"content":{"rendered":"<div data-elementor-type=\"wp-post\" data-elementor-id=\"1731\" class=\"elementor elementor-1731\" data-elementor-post-type=\"post\">\n\t\t\t\t\t\t<section class=\"elementor-section elementor-top-section elementor-element elementor-element-496e1d53 elementor-section-boxed elementor-section-height-default elementor-section-height-default\" data-id=\"496e1d53\" data-element_type=\"section\" data-e-type=\"section\">\n\t\t\t\t\t\t<div class=\"elementor-container elementor-column-gap-default\">\n\t\t\t\t\t<div class=\"elementor-column elementor-col-100 elementor-top-column elementor-element elementor-element-461d7be0\" data-id=\"461d7be0\" data-element_type=\"column\" data-e-type=\"column\">\n\t\t\t<div class=\"elementor-widget-wrap elementor-element-populated\">\n\t\t\t\t\t\t<div class=\"elementor-element elementor-element-cd9ebe2 elementor-widget elementor-widget-text-editor\" data-id=\"cd9ebe2\" data-element_type=\"widget\" data-e-type=\"widget\" data-widget_type=\"text-editor.default\">\n\t\t\t\t<div class=\"elementor-widget-container\">\n\t\t\t\t\t\t\t\t\t<h2>Kilitlenme f\u0131rsat e\u015fitli\u011finin ba\u015far\u0131s\u0131zl\u0131\u011f\u0131n\u0131 m\u0131 ortaya koyuyor?<\/h2><p><strong>K\u00fcnzelsau, 27.01.2021 - Kad\u0131nlar hi\u00e7bir zaman Korona krizinde oldu\u011fu kadar 'sistemle ilgili' olmam\u0131\u015ft\u0131 - ve nadiren daha fazla y\u00fck alt\u0131nda kalm\u0131\u015flard\u0131. D\u00fcnya genelinde sosyal ve bak\u0131m mesleklerinde \u00e7al\u0131\u015fanlar\u0131n y\u00fczde 70'i kad\u0131nlardan olu\u015fmaktad\u0131r. Normal zamanlarda bile, erkeklere k\u0131yasla ortalama \u00fc\u00e7 kat daha fazla \u00fccretsiz 'bak\u0131m i\u015fi' yapmaktad\u0131rlar. Mevcut krizde bu, onlar\u0131n felaketi olma tehdidini ta\u015f\u0131yor. \u00c7ocuklara bakmak, okula gitmek veya muhta\u00e7 aile \u00fcyelerine bakmak i\u00e7in her soka\u011fa \u00e7\u0131kma k\u0131s\u0131tlamas\u0131nda \u00e7al\u0131\u015fma saatlerini daha da azaltanlar \u00e7o\u011funlukla kad\u0131nlard\u0131r. Bu geli\u015fme, s\u00f6zde e\u015fitli\u011fin asl\u0131nda ne kadar k\u0131r\u0131lgan oldu\u011funu a\u00e7\u0131k\u00e7a g\u00f6stermektedir. Asl\u0131nda kad\u0131nlar, i\u015f d\u00fcnyas\u0131nda kapsaml\u0131 bir reform yap\u0131lmad\u0131\u011f\u0131 takdirde krizin en b\u00fcy\u00fck kaybedenleri olma riskiyle kar\u015f\u0131 kar\u015f\u0131yad\u0131r. Sosyal bilimcilere g\u00f6re, kad\u0131n ve erkeklerin e\u015fit f\u0131rsatlara sahip olmas\u0131 i\u00e7in mevcut istihdam modellerimizde k\u00f6kl\u00fc bir d\u00f6n\u00fc\u015f\u00fcm ka\u00e7\u0131n\u0131lmaz g\u00f6r\u00fcnmektedir. Gradido Akademisi'ndeki i\u015f biyoni\u011fi uzmanlar\u0131 bunun i\u00e7in uygun konsepti \u00e7oktan geli\u015ftirdi. Do\u011fan\u0131n ba\u015far\u0131 modellerine g\u00f6re cinsiyetlerin e\u015fit kat\u0131l\u0131m\u0131 \u00fczerine sa\u011flam bir \u015fekilde in\u015fa ediyorlar. <\/strong><\/p><p>Geleneksel olarak kad\u0131nlar sadece ya\u015fl\u0131 ve hastalar\u0131n bak\u0131m\u0131nda de\u011fil, ayn\u0131 zamanda ev ve aile i\u015flerinin yan\u0131 s\u0131ra muhta\u00e7 akrabalar\u0131n bak\u0131m\u0131nda da aslan pay\u0131n\u0131 \u00fcstlenirler. Bir yandan, bunun sevgi dolu bir bak\u0131m\u0131n ifadesi oldu\u011fu y\u00f6n\u00fcndeki geleneksel \u00f6z imaja hizmet ediyorlar. \u00d6te yandan, kad\u0131n \u00e7al\u0131\u015fanlar\u0131n \u00fccretlerinin \u0131srarla daha d\u00fc\u015f\u00fck olmas\u0131, bug\u00fcn bile \u00e7ocuklar\u0131n veya ebeveynlerin deste\u011fe ihtiyac\u0131 oldu\u011funda mesleki ba\u011fl\u0131l\u0131klar\u0131n\u0131 azaltanlar\u0131n a\u011f\u0131rl\u0131kl\u0131 olarak kad\u0131nlar oldu\u011fu anlam\u0131na gelmektedir. \u00c7ifte y\u00fck, Korona krizinden \u00f6nce zaten b\u00fcy\u00fck bir zorluktu, ev ofisi ve evde e\u011fitim zamanlar\u0131nda a\u011f\u0131r bir y\u00fcke d\u00f6n\u00fc\u015f\u00fcyor - tehdit edici sonu\u00e7larla birlikte. Son zamanlarda yap\u0131lan ara\u015ft\u0131rmalar, her bir ek karantinan\u0131n, kad\u0131nlar\u0131n artan aile sorumluluklar\u0131 lehine \u00e7al\u0131\u015fma saatlerini daha da azaltmalar\u0131na yol a\u00e7t\u0131\u011f\u0131n\u0131 g\u00f6stermi\u015ftir. Ekonomistler, bir\u00e7ok kad\u0131n \u00e7al\u0131\u015fan\u0131n bu geli\u015fme nedeniyle kal\u0131c\u0131 gelir kayb\u0131 ve ac\u0131 verici bir kariyer gerilemesi riskiyle kar\u015f\u0131 kar\u015f\u0131ya kalmas\u0131ndan korkuyor.<\/p><p>Alman Ekonomik Ara\u015ft\u0131rmalar Enstit\u00fcs\u00fc'ne g\u00f6re, 'sistemle ilgili' meslek gruplar\u0131nda kad\u0131nlar\u0131n pay\u0131 neredeyse y\u00fczde 75'tir. Hem\u015fireler ve geriatri hem\u015fireleri olarak, \u00f6n saflarda hasta insanlarla ilgilenirler. Kasiyerler \"d\u00fckkan\u0131n \u00e7al\u0131\u015fmas\u0131n\u0131 sa\u011flar\". M\u00fcrebbiyeler, okullar ve kre\u015fler kapal\u0131yken sistemle ilgili i\u015flerinden uzak kalamayanlar\u0131n \u00e7ocuklar\u0131na bakarlar. Ancak bu \"kad\u0131n i\u015flerinin\" ortak noktas\u0131 sadece Korona krizinde vazge\u00e7ilmez olarak g\u00f6r\u00fclmeleri de\u011fil, ayn\u0131 zamanda a\u011f\u0131rl\u0131kl\u0131 olarak d\u00fc\u015f\u00fck \u00fccretli olmalar\u0131d\u0131r. \"Ailede 'bedavaya' yap\u0131lan \u015fey \u00e7ok pahal\u0131ya mal olmaz\" slogan\u0131n\u0131 \u00f6zg\u00fcrce takip eden tipik kad\u0131n faaliyetleri, i\u015fg\u00fcc\u00fc piyasas\u0131nda hala uygun bir ekonomik de\u011fere sahip de\u011fildir. Gradido Akademisi'nin sahibi Margret Baier, \"Bak\u0131m i\u015fine y\u00f6nelik bu sosyal g\u00f6z ard\u0131 sadece dayan\u0131lmaz de\u011fil, ayn\u0131 zamanda en y\u00fcksek derecede sa\u00e7ma\" diyerek \u00f6fkesini dile getiriyor: \"\u00c7\u00fcnk\u00fc bu kad\u0131n bak\u0131m i\u015fi hem ekonomimiz hem de refah\u0131m\u0131z i\u00e7in varolu\u015fsald\u0131r. Kad\u0131nlar\u0131n \u00e7al\u0131\u015fma performans\u0131 sadece bu krizde de\u011fil, sistemimizin bel kemi\u011fidir.\"<\/p><p>Buna ra\u011fmen Bertelsmann Vakf\u0131'n\u0131n son ara\u015ft\u0131rmas\u0131, Korona krizinin ailedeki geleneksel rol modellerini ne kadar b\u00fcy\u00fck \u00f6l\u00e7\u00fcde etkiledi\u011fini ve bunun sonucunda kad\u0131nlar\u0131n fiziksel ve psikolojik olarak ne kadar zorland\u0131\u011f\u0131n\u0131 teyit etti. \"Modern i\u015f d\u00fcnyas\u0131n\u0131n avantajlar\u0131 ve dezavantajlar\u0131 \u00fczerine disiplinler aras\u0131 bir toplumsal s\u00f6yleme ihtiya\u00e7 var. \u0130\u015fg\u00fcc\u00fc piyasas\u0131 ve istihdam politikas\u0131, aile ve sa\u011fl\u0131k politikas\u0131 art\u0131k birbirinden ayr\u0131 d\u00fc\u015f\u00fcn\u00fclemez.\" diyor Vakf\u0131n Kurumsal K\u00fclt\u00fcr ve Liderlik Yetkinlik Merkezi Direkt\u00f6r\u00fc Martin Spilker.<\/p><p>Gradido Academy'nin kurucular\u0131ndan Bernd H\u00fcckst\u00e4dt da \"Acilen daha esnek \u00e7al\u0131\u015fma modellerine ve bak\u0131m i\u015flerinin uygun bir \u015fekilde takdir edilmesine ve \u00fccretlendirilmesine ihtiyac\u0131m\u0131z var\" diyor. Bu ba\u011f\u0131ms\u0131z ara\u015ft\u0131rma enstit\u00fcs\u00fcndeki ekonomik biyonik uzmanlar\u0131, yirmi y\u0131l\u0131 a\u015fk\u0131n bir s\u00fcredir yeni bir ekonomik ve finansal modelin merkezi olarak Gradido Ortak Zenginlik Para Birimi'ni geli\u015ftirdiler. \"Mevcut modelin uzun vadede art\u0131k i\u015fe yaramayaca\u011f\u0131 bizim i\u00e7in \u00e7ok uzun zamand\u0131r a\u00e7\u0131kt\u0131. Bu nedenle kriz bize herhangi bir s\u00fcrpriz getirmemi\u015f, sadece ka\u00e7\u0131n\u0131lmaz olarak ortaya \u00e7\u0131kacak sorunlar\u0131 g\u00fcndeme getirmi\u015ftir. Ancak \u015fimdi acil bir rota d\u00fczeltmesine ihtiya\u00e7 var, \u00e7\u00fcnk\u00fc gelecek nesiller hi\u00e7bir ko\u015fulda mevcut ekonomik modelin devam\u0131n\u0131n kendilerine getirece\u011fi ya\u015fam bi\u00e7imine zorlanmalar\u0131na izin vermeyecektir. Kad\u0131nlar\u0131n bu durumdan ne kadar muzdarip oldu\u011fu \u015fu anda \u00e7ok a\u00e7\u0131k bir \u015fekilde g\u00f6r\u00fcl\u00fcyor.\"<\/p><p>Gradido Akademi'nin \u00e7\u00f6z\u00fcm modeli, do\u011fan\u0131n binlerce y\u0131ll\u0131k ba\u015far\u0131 modellerine dayan\u0131yor. Do\u011fal olu\u015f ve yok olu\u015f d\u00f6ng\u00fcs\u00fcn\u00fc takip eden ekonomik biyonik uzmanlar\u0131, ortak iyi para birimi Gradido ile 'Aktif Temel Gelir' ve '\u00dc\u00e7l\u00fc \u0130yi'ye g\u00f6re bor\u00e7suz para yarat\u0131m\u0131n\u0131n bir kombinasyonunu olu\u015fturdular. Somut olarak, mevcut ekonomik ve finansal sistemin bu Gradido modeline d\u00f6n\u00fc\u015fmesi, bor\u00e7 para ilkesinin sonu anlam\u0131na gelecektir. Bunun yerine, her bir ki\u015fi i\u00e7in ayl\u0131k 3 x 1.000 Gradido olu\u015fturulacakt\u0131r. 1,000 Gradido devlet b\u00fct\u00e7esine aktar\u0131labilecektir. Almanya'da bu para yarat\u0131m\u0131 kabaca mevcut kamu b\u00fct\u00e7esine (federal, eyalet ve belediye) art\u0131 sa\u011fl\u0131k ve sosyal hizmetlere kar\u015f\u0131l\u0131k gelecektir. E\u015fitleme ve \u00e7evre fonu i\u00e7in ki\u015fi ba\u015f\u0131na 1.000 Gradido daha olu\u015fturulacakt\u0131r. Son \u00fc\u00e7te birlik k\u0131s\u0131m ise 'Aktif Temel Gelir' olarak herkese a\u00e7\u0131k olacak ve b\u00f6ylece sadece her bireye ya\u015fam\u0131n gerekliliklerinin sa\u011flanmas\u0131n\u0131 temin etmekle kalmayacak, ayn\u0131 zamanda kad\u0131n ve erkeklerin gelecekte kariyerlerinde ve ailelerinde e\u015fit derecede aktif ve tatmin edici olmalar\u0131n\u0131 da sa\u011flayacakt\u0131r.<\/p><p>Hans B\u00f6ckler Vakf\u0131'na ba\u011fl\u0131 Ekonomik ve Sosyal Bilimler Enstit\u00fcs\u00fc'n\u00fcn (WSI) bilimsel direkt\u00f6r\u00fc Prof. Dr. Bettina Kohlrausch da yap\u0131sal bir de\u011fi\u015fime duyulan ihtiyac\u0131 teyit etmektedir. \"Systemrelevant\" podcast'inde, Korona krizinin kad\u0131nlar\u0131 ne kadar sert vurdu\u011fu sorusunu detayland\u0131r\u0131yor: \"Ger\u00e7ek bir yap\u0131sal de\u011fi\u015fim ka\u00e7\u0131n\u0131lmazd\u0131r, \u00e7\u00fcnk\u00fc kad\u0131nlar\u0131n do\u011fal olarak d\u00fc\u015f\u00fck \u00fccretli, d\u00fc\u015f\u00fck \u00fccretli veya \u00fccretsiz \u00e7al\u0131\u015fmas\u0131 beklenemez. G\u00fcn\u00fcm\u00fcz\u00fcn yap\u0131lar\u0131 sadece kad\u0131nlar\u0131n iki kat sosyalle\u015fmesi, dolay\u0131s\u0131yla i\u015fg\u00fcc\u00fc piyasas\u0131nda ve \u00f6zel bak\u0131m alan\u0131nda seyahat etmeleri ve her iki alanda da yeterince tan\u0131nmayan i\u015fler yapmalar\u0131 nedeniyle i\u015flemektedir.\" Ayn\u0131 zamanda Paderborn \u00dcniversitesi'nde d\u00f6n\u00fc\u015f\u00fcm profes\u00f6r\u00fc olan Kohlrausch, \"i\u015f ve kazan\u00e7l\u0131 istihdam zaman\u0131n\u0131n, aile i\u015fleri ve g\u00f6n\u00fcll\u00fc faaliyetler i\u00e7in yeterli zaman kalacak \u015fekilde ger\u00e7ek\u00e7i bir \u015fekilde d\u00fczenlenmesi\" \u00e7a\u011fr\u0131s\u0131nda bulunuyor.<\/p><p>\"Sadece ataerkil ekonomik ve mali sistemin d\u00f6n\u00fc\u015f\u00fcm\u00fc, kad\u0131nlar\u0131n \u00e7o\u011funun i\u015fg\u00fcc\u00fc piyasas\u0131nda \u00f6m\u00fcr boyu ayr\u0131mc\u0131l\u0131\u011fa u\u011framas\u0131ndan kaynaklanan uzun vadeli sorunlar\u0131 ortadan kald\u0131rabilecektir: Evlili\u011fin sona ermesi ya da bekar ebeveynler i\u00e7in her zaman tehdit edici olan yoksulluk tuza\u011f\u0131 ve \u00f6zellikle kad\u0131nlar\u0131 etkileyen ya\u015fl\u0131l\u0131k yoksullu\u011fu.\" Bernd H\u00fcckst\u00e4dt ayr\u0131ca \u015fu a\u00e7\u0131klamay\u0131 yap\u0131yor: \"Gradido modelimizde bak\u0131m i\u015fi di\u011fer i\u015flerle ayn\u0131 de\u011feri g\u00f6r\u00fcyor. Bizim kayg\u0131m\u0131z, hayat\u0131n ger\u00e7eklerine ve insanlar\u0131n ihtiya\u00e7lar\u0131na ger\u00e7ekten kar\u015f\u0131l\u0131k veren bir d\u00fcnya \u015fekillendirmektir.\" Margret Baier ekliyor: \"Do\u011fan\u0131n \u00f6rne\u011fini takip eden her ba\u015far\u0131l\u0131 model, 'kad\u0131n kotas\u0131' olmasa bile, kad\u0131n ve erkek etkilerinin e\u015fit temsiliyle geli\u015fir. Gradido Akademisi'nde ba\u015f\u0131ndan beri pek \u00e7ok kad\u0131n aktif olarak yer ald\u0131.\"<\/p><p>Gradido modeli, insanlar\u0131n \u00e7al\u0131\u015fma hayatlar\u0131n\u0131n her a\u015famas\u0131nda temel ihtiya\u00e7lar\u0131n\u0131 g\u00fcvence alt\u0131na almak i\u00e7in temel bir gelir de \u00f6ng\u00f6rmektedir. \u00c7ok tart\u0131\u015f\u0131lan ko\u015fulsuz temel gelirden farkl\u0131 olarak, ayda en fazla 1.000 Gradido'luk 'Aktif Temel Gelir', insanlara topluma katk\u0131da bulunmak ve toplum i\u00e7in g\u00f6n\u00fcll\u00fc olarak \u00fcstlendikleri faaliyetler i\u00e7in verilmektedir. Bu bak\u0131mdan, bak\u0131m birlikteli\u011fi i\u00e7in gerekli olan her \u015feyin takdir edilmesi bu sisteme i\u00e7kindir. Ayr\u0131ca, 'Ko\u015fulsuz ve E\u015fit Kat\u0131l\u0131m' her ya\u015ftan kad\u0131n, erkek ve \u00e7ocu\u011fa yeni yetenekler ke\u015ffetme, kendilerini \u00e7ok \u00e7e\u015fitli alanlarda deneme ve b\u00f6ylece potansiyellerini tam olarak geli\u015ftirme imkan\u0131 sunmaktad\u0131r. Bernd H\u00fcckst\u00e4dt \u015f\u00f6yle diyor: \"\u0130lan etti\u011fimiz hedefimiz, her cinsiyetten, ten renginden ve k\u00f6kenden \u00e7ocuklara ve \u00e7ocuklar\u0131n \u00e7ocuklar\u0131na ya\u015famaya de\u011fer bir gelecek sunmakt\u0131r. Bu, herkesin iyi durumda oldu\u011funu ve birbirini \u00f6nemsedi\u011fini varsayar. Bu insanlar\u0131 mutlu eder, \u00e7\u00fcnk\u00fc sadece kalpleri geni\u015flemekle kalmaz, ayn\u0131 zamanda d\u00fcnyadaki zamanlar\u0131n\u0131 anlaml\u0131 ve \u00e7e\u015fitli bir \u015fekilde \u015fekillendirme f\u0131rsatlar\u0131na da sahip olurlar. Kula\u011fa \u00fctopik geliyor ama bulgular\u0131m\u0131za g\u00f6re bu asl\u0131nda m\u00fcmk\u00fcn.\"<\/p><p>'Gradido modeli'nin tamam\u0131 ve Gradido podcast'inin ayr\u0131nt\u0131lar\u0131 i\u00e7in <a href=\"https:\/\/gradido.net\/tr\/\">https:\/\/gradido.net<\/a><\/p><p><!-- \/wp:paragraph --><\/p>\t\t\t\t\t\t\t\t<\/div>\n\t\t\t\t<\/div>\n\t\t\t\t<div class=\"elementor-element elementor-element-e9ff241 elementor-widget elementor-widget-text-editor\" data-id=\"e9ff241\" data-element_type=\"widget\" data-e-type=\"widget\" data-widget_type=\"text-editor.default\">\n\t\t\t\t<div class=\"elementor-widget-container\">\n\t\t\t\t\t\t\t\t\t<p><strong>Gradido Akademi Hakk\u0131nda<\/strong><br>Gradido Academy for Economic Bionics, do\u011fay\u0131 model alan alternatif bir 'ortak fayda para birimi' geli\u015ftirdi. Do\u011fa, ancak bir \u015feyin yok oldu\u011fu yerde yeni bir \u015feyin ortaya \u00e7\u0131kabilece\u011fi ve b\u00f6ylece uzun vadeli geli\u015fimin (evrim) m\u00fcmk\u00fcn olabilece\u011fi kural\u0131n\u0131 izler. Ba\u015far\u0131n\u0131n re\u00e7etesi 'ya\u015fam d\u00f6ng\u00fcs\u00fc'd\u00fcr. Ekonomi biyoni\u011fi uzmanlar\u0131na g\u00f6re, e\u011fer bizim ekonomimiz de bu do\u011fal d\u00f6ng\u00fcy\u00fc takip etseydi, d\u00fcnyan\u0131n parayla ilgili t\u00fcm sorunlar\u0131 \u00e7\u00f6z\u00fclebilirdi. Gradido modeli, sadece her ki\u015finin de\u011fil, ayn\u0131 zamanda her devletin de kredi baz\u0131nda yarat\u0131lan bir gelir elde etmesi fikrine dayanmaktad\u0131r. B\u00f6ylece vergi toplamadan t\u00fcm g\u00f6revlerini yerine getirebilir. Deflasyon ya da enflasyon ge\u00e7mi\u015fte kald\u0131. Ekonomi s\u00fcrekli b\u00fcy\u00fcme zorunlulu\u011fundan kurtulmu\u015f, mali sistemin \u00e7\u00f6kme tehlikesi nihayet \u00f6nlenmi\u015ftir. (<a href=\"https:\/\/gradido.net\/tr\/\">www.gradido.net<\/a>)<\/p>\t\t\t\t\t\t\t\t<\/div>\n\t\t\t\t<\/div>\n\t\t\t\t\t<\/div>\n\t\t<\/div>\n\t\t\t\t\t<\/div>\n\t\t<\/section>\n\t\t\t\t<\/div>","protected":false},"excerpt":{"rendered":"<p>Offenbart der Lockdown das Scheitern der Chancengleichheit? K\u00fcnzelsau, 27.01.2021 \u2013 Nie waren Frauen \u201asystemrelevanter\u2018 als in der Corona-Krise \u2013 und selten mehr belastet. Weltweit sind 70 Prozent des Personals in sozialen und pflegenden Berufen Frauen. Schon in normalen Zeiten leisten sie au\u00dferdem im Schnitt dreimal so viel unbezahlte \u201aSorgearbeit\u2018 wie M\u00e4nner. In der aktuellen Krise [&hellip;]<\/p>\n","protected":false},"author":2,"featured_media":1718,"comment_status":"closed","ping_status":"closed","sticky":false,"template":"","format":"standard","meta":{"footnotes":""},"categories":[8],"tags":[],"class_list":["post-1731","post","type-post","status-publish","format-standard","has-post-thumbnail","hentry","category-pressemitteilung"],"yoast_head":"<!-- This site is optimized with the Yoast SEO plugin v27.5 - https:\/\/yoast.com\/product\/yoast-seo-wordpress\/ -->\n<title>Gradido garantiert Gleichberechtigung von Mann und Frau - Gradido<\/title>\n<meta name=\"robots\" content=\"index, follow, max-snippet:-1, max-image-preview:large, max-video-preview:-1\" \/>\n<link rel=\"canonical\" href=\"https:\/\/gradido.net\/tr\/gradido-garantiert-gleichberechtigung-von-mann-und-frau\/\" \/>\n<meta property=\"og:locale\" content=\"tr_TR\" \/>\n<meta property=\"og:type\" content=\"article\" \/>\n<meta property=\"og:title\" content=\"Gradido garantiert Gleichberechtigung von Mann und Frau - Gradido\" \/>\n<meta property=\"og:description\" content=\"Offenbart der Lockdown das Scheitern der Chancengleichheit? K\u00fcnzelsau, 27.01.2021 \u2013 Nie waren Frauen \u201asystemrelevanter\u2018 als in der Corona-Krise \u2013 und selten mehr belastet. Weltweit sind 70 Prozent des Personals in sozialen und pflegenden Berufen Frauen. Schon in normalen Zeiten leisten sie au\u00dferdem im Schnitt dreimal so viel unbezahlte \u201aSorgearbeit\u2018 wie M\u00e4nner. In der aktuellen Krise [&hellip;]\" \/>\n<meta property=\"og:url\" content=\"https:\/\/gradido.net\/tr\/gradido-garantiert-gleichberechtigung-von-mann-und-frau\/\" \/>\n<meta property=\"og:site_name\" content=\"Gradido\" \/>\n<meta property=\"article:published_time\" content=\"2021-01-27T15:31:50+00:00\" \/>\n<meta property=\"article:modified_time\" content=\"2021-12-11T19:57:47+00:00\" \/>\n<meta property=\"og:image\" content=\"https:\/\/gradido.net\/wp-content\/uploads\/2021\/01\/chancengleichheit-scaled.jpg\" \/>\n\t<meta property=\"og:image:width\" content=\"2560\" \/>\n\t<meta property=\"og:image:height\" content=\"1737\" \/>\n\t<meta property=\"og:image:type\" content=\"image\/jpeg\" \/>\n<meta name=\"author\" content=\"Bernd H\u00fcckst\u00e4dt\" \/>\n<meta name=\"twitter:card\" content=\"summary_large_image\" \/>\n<meta name=\"twitter:label1\" content=\"Yazan:\" \/>\n\t<meta name=\"twitter:data1\" content=\"Bernd H\u00fcckst\u00e4dt\" \/>\n\t<meta name=\"twitter:label2\" content=\"Tahmini okuma s\u00fcresi\" \/>\n\t<meta name=\"twitter:data2\" content=\"7 dakika\" \/>\n<script type=\"application\/ld+json\" class=\"yoast-schema-graph\">{\"@context\":\"https:\\\/\\\/schema.org\",\"@graph\":[{\"@type\":\"Article\",\"@id\":\"https:\\\/\\\/gradido.net\\\/pl\\\/gradido-garantiert-gleichberechtigung-von-mann-und-frau\\\/#article\",\"isPartOf\":{\"@id\":\"https:\\\/\\\/gradido.net\\\/pl\\\/gradido-garantiert-gleichberechtigung-von-mann-und-frau\\\/\"},\"author\":{\"name\":\"Bernd H\u00fcckst\u00e4dt\",\"@id\":\"https:\\\/\\\/gradido.net\\\/de\\\/#\\\/schema\\\/person\\\/9c503a004ad15a1ddecadce2218db5d1\"},\"headline\":\"Gradido garantiert Gleichberechtigung von Mann und Frau\",\"datePublished\":\"2021-01-27T15:31:50+00:00\",\"dateModified\":\"2021-12-11T19:57:47+00:00\",\"mainEntityOfPage\":{\"@id\":\"https:\\\/\\\/gradido.net\\\/pl\\\/gradido-garantiert-gleichberechtigung-von-mann-und-frau\\\/\"},\"wordCount\":1487,\"publisher\":{\"@id\":\"https:\\\/\\\/gradido.net\\\/de\\\/#organization\"},\"image\":{\"@id\":\"https:\\\/\\\/gradido.net\\\/pl\\\/gradido-garantiert-gleichberechtigung-von-mann-und-frau\\\/#primaryimage\"},\"thumbnailUrl\":\"https:\\\/\\\/gradido.net\\\/wp-content\\\/uploads\\\/2021\\\/01\\\/chancengleichheit-scaled.jpg\",\"articleSection\":[\"Pressemitteilung\"],\"inLanguage\":\"tr\"},{\"@type\":\"WebPage\",\"@id\":\"https:\\\/\\\/gradido.net\\\/pl\\\/gradido-garantiert-gleichberechtigung-von-mann-und-frau\\\/\",\"url\":\"https:\\\/\\\/gradido.net\\\/pl\\\/gradido-garantiert-gleichberechtigung-von-mann-und-frau\\\/\",\"name\":\"Gradido garantiert Gleichberechtigung von Mann und Frau - Gradido\",\"isPartOf\":{\"@id\":\"https:\\\/\\\/gradido.net\\\/de\\\/#website\"},\"primaryImageOfPage\":{\"@id\":\"https:\\\/\\\/gradido.net\\\/pl\\\/gradido-garantiert-gleichberechtigung-von-mann-und-frau\\\/#primaryimage\"},\"image\":{\"@id\":\"https:\\\/\\\/gradido.net\\\/pl\\\/gradido-garantiert-gleichberechtigung-von-mann-und-frau\\\/#primaryimage\"},\"thumbnailUrl\":\"https:\\\/\\\/gradido.net\\\/wp-content\\\/uploads\\\/2021\\\/01\\\/chancengleichheit-scaled.jpg\",\"datePublished\":\"2021-01-27T15:31:50+00:00\",\"dateModified\":\"2021-12-11T19:57:47+00:00\",\"breadcrumb\":{\"@id\":\"https:\\\/\\\/gradido.net\\\/pl\\\/gradido-garantiert-gleichberechtigung-von-mann-und-frau\\\/#breadcrumb\"},\"inLanguage\":\"tr\",\"potentialAction\":[{\"@type\":\"ReadAction\",\"target\":[\"https:\\\/\\\/gradido.net\\\/pl\\\/gradido-garantiert-gleichberechtigung-von-mann-und-frau\\\/\"]}]},{\"@type\":\"ImageObject\",\"inLanguage\":\"tr\",\"@id\":\"https:\\\/\\\/gradido.net\\\/pl\\\/gradido-garantiert-gleichberechtigung-von-mann-und-frau\\\/#primaryimage\",\"url\":\"https:\\\/\\\/gradido.net\\\/wp-content\\\/uploads\\\/2021\\\/01\\\/chancengleichheit-scaled.jpg\",\"contentUrl\":\"https:\\\/\\\/gradido.net\\\/wp-content\\\/uploads\\\/2021\\\/01\\\/chancengleichheit-scaled.jpg\",\"width\":2560,\"height\":1737},{\"@type\":\"BreadcrumbList\",\"@id\":\"https:\\\/\\\/gradido.net\\\/pl\\\/gradido-garantiert-gleichberechtigung-von-mann-und-frau\\\/#breadcrumb\",\"itemListElement\":[{\"@type\":\"ListItem\",\"position\":1,\"name\":\"Startseite\",\"item\":\"https:\\\/\\\/gradido.net\\\/\"},{\"@type\":\"ListItem\",\"position\":2,\"name\":\"Gradido garantiert Gleichberechtigung von Mann und Frau\"}]},{\"@type\":\"WebSite\",\"@id\":\"https:\\\/\\\/gradido.net\\\/de\\\/#website\",\"url\":\"https:\\\/\\\/gradido.net\\\/de\\\/\",\"name\":\"Gradido\",\"description\":\"Die neue W\u00e4hrung hei\u00dft Dankbarkeit\",\"publisher\":{\"@id\":\"https:\\\/\\\/gradido.net\\\/de\\\/#organization\"},\"potentialAction\":[{\"@type\":\"SearchAction\",\"target\":{\"@type\":\"EntryPoint\",\"urlTemplate\":\"https:\\\/\\\/gradido.net\\\/de\\\/?s={search_term_string}\"},\"query-input\":{\"@type\":\"PropertyValueSpecification\",\"valueRequired\":true,\"valueName\":\"search_term_string\"}}],\"inLanguage\":\"tr\"},{\"@type\":\"Organization\",\"@id\":\"https:\\\/\\\/gradido.net\\\/de\\\/#organization\",\"name\":\"Gradido\",\"url\":\"https:\\\/\\\/gradido.net\\\/de\\\/\",\"logo\":{\"@type\":\"ImageObject\",\"inLanguage\":\"tr\",\"@id\":\"https:\\\/\\\/gradido.net\\\/de\\\/#\\\/schema\\\/logo\\\/image\\\/\",\"url\":\"https:\\\/\\\/gradido.net\\\/wp-content\\\/uploads\\\/2022\\\/04\\\/gradido-social.jpg\",\"contentUrl\":\"https:\\\/\\\/gradido.net\\\/wp-content\\\/uploads\\\/2022\\\/04\\\/gradido-social.jpg\",\"width\":527,\"height\":273,\"caption\":\"Gradido\"},\"image\":{\"@id\":\"https:\\\/\\\/gradido.net\\\/de\\\/#\\\/schema\\\/logo\\\/image\\\/\"}},{\"@type\":\"Person\",\"@id\":\"https:\\\/\\\/gradido.net\\\/de\\\/#\\\/schema\\\/person\\\/9c503a004ad15a1ddecadce2218db5d1\",\"name\":\"Bernd H\u00fcckst\u00e4dt\",\"sameAs\":[\"https:\\\/\\\/gradido.net\"],\"url\":\"https:\\\/\\\/gradido.net\\\/tr\\\/author\\\/bernd\\\/\"}]}<\/script>\n<!-- \/ Yoast SEO plugin. -->","yoast_head_json":{"title":"Gradido kad\u0131n ve erkekler i\u00e7in e\u015fit haklar\u0131 garanti ediyor - Gradido","robots":{"index":"index","follow":"follow","max-snippet":"max-snippet:-1","max-image-preview":"max-image-preview:large","max-video-preview":"max-video-preview:-1"},"canonical":"https:\/\/gradido.net\/tr\/gradido-garantiert-gleichberechtigung-von-mann-und-frau\/","og_locale":"tr_TR","og_type":"article","og_title":"Gradido garantiert Gleichberechtigung von Mann und Frau - Gradido","og_description":"Offenbart der Lockdown das Scheitern der Chancengleichheit? K\u00fcnzelsau, 27.01.2021 \u2013 Nie waren Frauen \u201asystemrelevanter\u2018 als in der Corona-Krise \u2013 und selten mehr belastet. Weltweit sind 70 Prozent des Personals in sozialen und pflegenden Berufen Frauen. Schon in normalen Zeiten leisten sie au\u00dferdem im Schnitt dreimal so viel unbezahlte \u201aSorgearbeit\u2018 wie M\u00e4nner. In der aktuellen Krise [&hellip;]","og_url":"https:\/\/gradido.net\/tr\/gradido-garantiert-gleichberechtigung-von-mann-und-frau\/","og_site_name":"Gradido","article_published_time":"2021-01-27T15:31:50+00:00","article_modified_time":"2021-12-11T19:57:47+00:00","og_image":[{"width":2560,"height":1737,"url":"https:\/\/gradido.net\/wp-content\/uploads\/2021\/01\/chancengleichheit-scaled.jpg","type":"image\/jpeg"}],"author":"Bernd H\u00fcckst\u00e4dt","twitter_card":"summary_large_image","twitter_misc":{"Yazan:":"Bernd H\u00fcckst\u00e4dt","Tahmini okuma s\u00fcresi":"7 dakika"},"schema":{"@context":"https:\/\/schema.org","@graph":[{"@type":"Article","@id":"https:\/\/gradido.net\/pl\/gradido-garantiert-gleichberechtigung-von-mann-und-frau\/#article","isPartOf":{"@id":"https:\/\/gradido.net\/pl\/gradido-garantiert-gleichberechtigung-von-mann-und-frau\/"},"author":{"name":"Bernd H\u00fcckst\u00e4dt","@id":"https:\/\/gradido.net\/de\/#\/schema\/person\/9c503a004ad15a1ddecadce2218db5d1"},"headline":"Gradido garantiert Gleichberechtigung von Mann und Frau","datePublished":"2021-01-27T15:31:50+00:00","dateModified":"2021-12-11T19:57:47+00:00","mainEntityOfPage":{"@id":"https:\/\/gradido.net\/pl\/gradido-garantiert-gleichberechtigung-von-mann-und-frau\/"},"wordCount":1487,"publisher":{"@id":"https:\/\/gradido.net\/de\/#organization"},"image":{"@id":"https:\/\/gradido.net\/pl\/gradido-garantiert-gleichberechtigung-von-mann-und-frau\/#primaryimage"},"thumbnailUrl":"https:\/\/gradido.net\/wp-content\/uploads\/2021\/01\/chancengleichheit-scaled.jpg","articleSection":["Pressemitteilung"],"inLanguage":"tr"},{"@type":"WebPage","@id":"https:\/\/gradido.net\/pl\/gradido-garantiert-gleichberechtigung-von-mann-und-frau\/","url":"https:\/\/gradido.net\/pl\/gradido-garantiert-gleichberechtigung-von-mann-und-frau\/","name":"Gradido kad\u0131n ve erkekler i\u00e7in e\u015fit haklar\u0131 garanti ediyor - Gradido","isPartOf":{"@id":"https:\/\/gradido.net\/de\/#website"},"primaryImageOfPage":{"@id":"https:\/\/gradido.net\/pl\/gradido-garantiert-gleichberechtigung-von-mann-und-frau\/#primaryimage"},"image":{"@id":"https:\/\/gradido.net\/pl\/gradido-garantiert-gleichberechtigung-von-mann-und-frau\/#primaryimage"},"thumbnailUrl":"https:\/\/gradido.net\/wp-content\/uploads\/2021\/01\/chancengleichheit-scaled.jpg","datePublished":"2021-01-27T15:31:50+00:00","dateModified":"2021-12-11T19:57:47+00:00","breadcrumb":{"@id":"https:\/\/gradido.net\/pl\/gradido-garantiert-gleichberechtigung-von-mann-und-frau\/#breadcrumb"},"inLanguage":"tr","potentialAction":[{"@type":"ReadAction","target":["https:\/\/gradido.net\/pl\/gradido-garantiert-gleichberechtigung-von-mann-und-frau\/"]}]},{"@type":"ImageObject","inLanguage":"tr","@id":"https:\/\/gradido.net\/pl\/gradido-garantiert-gleichberechtigung-von-mann-und-frau\/#primaryimage","url":"https:\/\/gradido.net\/wp-content\/uploads\/2021\/01\/chancengleichheit-scaled.jpg","contentUrl":"https:\/\/gradido.net\/wp-content\/uploads\/2021\/01\/chancengleichheit-scaled.jpg","width":2560,"height":1737},{"@type":"BreadcrumbList","@id":"https:\/\/gradido.net\/pl\/gradido-garantiert-gleichberechtigung-von-mann-und-frau\/#breadcrumb","itemListElement":[{"@type":"ListItem","position":1,"name":"Startseite","item":"https:\/\/gradido.net\/"},{"@type":"ListItem","position":2,"name":"Gradido garantiert Gleichberechtigung von Mann und Frau"}]},{"@type":"WebSite","@id":"https:\/\/gradido.net\/de\/#website","url":"https:\/\/gradido.net\/de\/","name":"Gradido","description":"Yeni para birimi minnettarl\u0131k","publisher":{"@id":"https:\/\/gradido.net\/de\/#organization"},"potentialAction":[{"@type":"SearchAction","target":{"@type":"EntryPoint","urlTemplate":"https:\/\/gradido.net\/de\/?s={search_term_string}"},"query-input":{"@type":"PropertyValueSpecification","valueRequired":true,"valueName":"search_term_string"}}],"inLanguage":"tr"},{"@type":"Organization","@id":"https:\/\/gradido.net\/de\/#organization","name":"Gradido","url":"https:\/\/gradido.net\/de\/","logo":{"@type":"ImageObject","inLanguage":"tr","@id":"https:\/\/gradido.net\/de\/#\/schema\/logo\/image\/","url":"https:\/\/gradido.net\/wp-content\/uploads\/2022\/04\/gradido-social.jpg","contentUrl":"https:\/\/gradido.net\/wp-content\/uploads\/2022\/04\/gradido-social.jpg","width":527,"height":273,"caption":"Gradido"},"image":{"@id":"https:\/\/gradido.net\/de\/#\/schema\/logo\/image\/"}},{"@type":"Person","@id":"https:\/\/gradido.net\/de\/#\/schema\/person\/9c503a004ad15a1ddecadce2218db5d1","name":"Bernd H\u00fcckst\u00e4dt","sameAs":["https:\/\/gradido.net"],"url":"https:\/\/gradido.net\/tr\/author\/bernd\/"}]}},"_links":{"self":[{"href":"https:\/\/gradido.net\/tr\/wp-json\/wp\/v2\/posts\/1731","targetHints":{"allow":["GET"]}}],"collection":[{"href":"https:\/\/gradido.net\/tr\/wp-json\/wp\/v2\/posts"}],"about":[{"href":"https:\/\/gradido.net\/tr\/wp-json\/wp\/v2\/types\/post"}],"author":[{"embeddable":true,"href":"https:\/\/gradido.net\/tr\/wp-json\/wp\/v2\/users\/2"}],"replies":[{"embeddable":true,"href":"https:\/\/gradido.net\/tr\/wp-json\/wp\/v2\/comments?post=1731"}],"version-history":[{"count":10,"href":"https:\/\/gradido.net\/tr\/wp-json\/wp\/v2\/posts\/1731\/revisions"}],"predecessor-version":[{"id":3757,"href":"https:\/\/gradido.net\/tr\/wp-json\/wp\/v2\/posts\/1731\/revisions\/3757"}],"wp:featuredmedia":[{"embeddable":true,"href":"https:\/\/gradido.net\/tr\/wp-json\/wp\/v2\/media\/1718"}],"wp:attachment":[{"href":"https:\/\/gradido.net\/tr\/wp-json\/wp\/v2\/media?parent=1731"}],"wp:term":[{"taxonomy":"category","embeddable":true,"href":"https:\/\/gradido.net\/tr\/wp-json\/wp\/v2\/categories?post=1731"},{"taxonomy":"post_tag","embeddable":true,"href":"https:\/\/gradido.net\/tr\/wp-json\/wp\/v2\/tags?post=1731"}],"curies":[{"name":"wp","href":"https:\/\/api.w.org\/{rel}","templated":true}]}}