{"id":2978,"date":"2021-07-13T09:05:42","date_gmt":"2021-07-13T07:05:42","guid":{"rendered":"https:\/\/gradido.net\/?p=2978"},"modified":"2021-12-11T21:05:20","modified_gmt":"2021-12-11T20:05:20","slug":"gradido-akademie-laedt-rentner-zu-erfuelltem-lebensabend-ein","status":"publish","type":"post","link":"https:\/\/gradido.net\/tr\/gradido-akademie-laedt-rentner-zu-erfuelltem-lebensabend-ein\/","title":{"rendered":"Gradido Akademi emeklileri tatmin edici bir ya\u015fl\u0131l\u0131\u011fa davet ediyor"},"content":{"rendered":"<div data-elementor-type=\"wp-post\" data-elementor-id=\"2978\" class=\"elementor elementor-2978\" data-elementor-post-type=\"post\">\n\t\t\t\t\t\t<section class=\"elementor-section elementor-top-section elementor-element elementor-element-496e1d53 elementor-section-boxed elementor-section-height-default elementor-section-height-default\" data-id=\"496e1d53\" data-element_type=\"section\" data-e-type=\"section\">\n\t\t\t\t\t\t<div class=\"elementor-container elementor-column-gap-default\">\n\t\t\t\t\t<div class=\"elementor-column elementor-col-100 elementor-top-column elementor-element elementor-element-461d7be0\" data-id=\"461d7be0\" data-element_type=\"column\" data-e-type=\"column\">\n\t\t\t<div class=\"elementor-widget-wrap elementor-element-populated\">\n\t\t\t\t\t\t<div class=\"elementor-element elementor-element-cd9ebe2 elementor-widget elementor-widget-text-editor\" data-id=\"cd9ebe2\" data-element_type=\"widget\" data-e-type=\"widget\" data-widget_type=\"text-editor.default\">\n\t\t\t\t<div class=\"elementor-widget-container\">\n\t\t\t\t\t\t\t\t\t<h2>Ya\u015fl\u0131l\u0131kta fakir ve yaln\u0131z m\u0131?<\/h2><p><strong>K\u00fcnzelsau,13.07.2021 - Emekliler i\u00e7in g\u00f6r\u00fcn\u00fcm kasvetli: ya\u015fl\u0131l\u0131kta yoksulluk tehdidi ve artan yaln\u0131zl\u0131k nedeniyle, 'hak edilmi\u015f emeklilik' genellikle ger\u00e7ek bir korku senaryosuna d\u00f6n\u00fc\u015f\u00fcyor. Mevcut \u00e7al\u0131\u015fmalar, ya\u015fl\u0131l\u0131k yoksullu\u011funda istikrarl\u0131 bir art\u0131\u015f \u00f6ng\u00f6rmektedir. Doktorlar artan sosyal izolasyonun sa\u011fl\u0131k riskleri konusunda uyar\u0131yor. Politikac\u0131lar \u00e7al\u0131\u015fma hayat\u0131n\u0131n uzat\u0131lmas\u0131 ve daha y\u00fcksek emeklilik katk\u0131 paylar\u0131n\u0131 tart\u0131\u015f\u0131rken, Gradido Akademisi'nin ekonomik biyonik uzmanlar\u0131 uzun zamandan beri emeklilik d\u00f6nemindeki insanlar\u0131n ihtiya\u00e7lar\u0131n\u0131 kar\u015f\u0131lamaya y\u00f6nelik ikna edici bir yakla\u015f\u0131m geli\u015ftirdi. Yeni ekonomik ve finansal modellerini olu\u015ftururken, ya\u015fl\u0131l\u0131kta yaln\u0131zl\u0131ktan kurtulman\u0131n bir yolunu da bulmu\u015flard\u0131r.<\/strong><\/p><h3>Her be\u015f emekliden biri yak\u0131nda ya\u015fl\u0131l\u0131kta yoksulluk riskiyle kar\u015f\u0131 kar\u015f\u0131ya kalabilir<\/h3><p>Giderek daha fazla emeklinin orta gelirli olmas\u0131na ra\u011fmen, Bertelsmann Vakf\u0131 2017 y\u0131l\u0131nda \"2036'ya kadar ya\u015fl\u0131l\u0131k yoksullu\u011funun geli\u015fimi\" ba\u015fl\u0131kl\u0131 \u00e7al\u0131\u015fmas\u0131nda ya\u015fl\u0131l\u0131k yoksullu\u011fu riskinin giderek artt\u0131\u011f\u0131n\u0131 tespit etmi\u015ftir. Net geliri 958 avronun alt\u0131nda olan emekliler yoksulluk riski alt\u0131nda kabul edilmektedir. Gelecekteki emekliler aras\u0131nda yoksulluk riskinin 2015'te y\u00fczde 16'dan 2036'da y\u00fczde 20'ye y\u00fckselmesiyle, her be\u015f yeni emekliden biri yak\u0131nda ya\u015fl\u0131l\u0131kta yoksulluk riskiyle kar\u015f\u0131 kar\u015f\u0131ya kalabilir. Demografik de\u011fi\u015fiklikler nedeniyle, giderek daha az say\u0131da \u00e7al\u0131\u015fan insan, giderek daha fazla say\u0131da emeklinin masraflar\u0131n\u0131 kar\u015f\u0131lamak zorunda kalmaktad\u0131r.<\/p><h3>Ku\u015faklar aras\u0131 s\u00f6zle\u015fme ba\u015far\u0131s\u0131z oldu<\/h3><p>Gradido Akademisi'nin kurucular\u0131ndan Bernd H\u00fcckst\u00e4dt, \"Baz\u0131lar\u0131n\u0131n kredisi di\u011ferlerinin borcu oldu\u011fu s\u00fcrece, hi\u00e7bir ekonomik ve finansal model uzun vadede i\u015fe yaramayacakt\u0131r,\" diyerek tehdit edici mevcut geli\u015fmeyi analiz ediyor. Ba\u011f\u0131ms\u0131z ara\u015ft\u0131rma enstit\u00fcs\u00fcn\u00fcn ekonomik biyonik uzmanlar\u0131, do\u011fan\u0131n binlerce y\u0131ll\u0131k ba\u015far\u0131 modellerine dayanarak, bor\u00e7-para ilkesinden uzakla\u015f\u0131p Gradido'yu (GDD) ortaya koyan bir ortak fayda kavram\u0131 geli\u015ftirmek i\u00e7in yirmi y\u0131l harcad\u0131lar. Yeni tip ekonomik ve finansal sistemin temel etik konsepti, bireyin ya\u015fam\u0131 ve geli\u015fimi i\u00e7in m\u00fcmk\u00fcn olan en iyi f\u0131rsatlar\u0131 yaratmak, toplumun sosyal ya\u015fam\u0131n\u0131 g\u00fcvence alt\u0131na almak ve do\u011fay\u0131 elimizden geldi\u011fince korumak amac\u0131yla '\u00dc\u00e7l\u00fc \u0130yi'ye y\u00f6neliktir. Her ya\u015ftan insan 'Aktif Temel Gelir' olarak ayda 1000 Gradido (GDD) alma f\u0131rsat\u0131na sahiptir. Buna kar\u015f\u0131l\u0131k, toplumda yapmaktan ho\u015fland\u0131klar\u0131 ve \u00f6zellikle iyi yapt\u0131klar\u0131 g\u00f6revleri \u00fcstlenirler. Topluluk i\u00e7in ki\u015fi ve ay ba\u015f\u0131na 1000 Gradido (GDD) da \u00e7ekilmekte ve bu da vergileri gereksiz k\u0131lmaktad\u0131r. \u00dc\u00e7\u00fcnc\u00fc s\u00fctun, \u00e7evre fonu i\u00e7in ayl\u0131k olarak \u00e7ekilen ve do\u011fan\u0131n korunmas\u0131na adanan 1000 Gradido'dur. \u00a0<\/p><h3>\u00d6m\u00fcr boyu g\u00fcvenlik ve bak\u0131m<\/h3><p>'Aktif Temel Gelir'e ek olarak, ya\u015fl\u0131 insanlar 'Ko\u015fulsuz Temel Gelir' \u015feklinde ayda 1000 Gradido daha al\u0131rlar ve b\u00f6ylece ya\u015famlar\u0131n\u0131n sonuna kadar en iyi \u015fekilde sa\u011flan\u0131rlar. \"Her bireyin bak\u0131m\u0131n\u0131 garanti alt\u0131na alabilmek i\u00e7in burada esnek \u00e7\u00f6z\u00fcmler \u00fcrettik. Amac\u0131m\u0131z insanlar\u0131n ya\u015flanma korkusunu ortadan kald\u0131rmak ve bunun yerine onlara sayg\u0131nl\u0131klar\u0131n\u0131, sa\u011fl\u0131klar\u0131n\u0131 ve ya\u015fam sevin\u00e7lerini geri vermek - ya\u015fam\u0131n son g\u00fcn\u00fcne kadar\" diyor Akademi'nin Genel M\u00fcd\u00fcr\u00fc Margret Baier.<\/p><h3>Ya\u015fl\u0131l\u0131kta ya\u015fam kalitesi i\u00e7in sosyal kat\u0131l\u0131m \u015fartt\u0131r<\/h3><p>Bu hedefe ula\u015fmak i\u00e7in Gradido modeli ayn\u0131 zamanda toplum ya\u015fam\u0131na 'Ko\u015fulsuz Kat\u0131l\u0131m' \u00fczerine in\u015fa edilmi\u015ftir. Herkesin kendi iste\u011fi oldu\u011fu s\u00fcrece kamu yarar\u0131na dahil olmas\u0131n\u0131 ve sosyal hayat\u0131n bir par\u00e7as\u0131 olarak kalmas\u0131n\u0131 sa\u011flar. \"Genellikle ya\u015fl\u0131 insanlar art\u0131k hi\u00e7 olumlu onay almazlar ve bu nedenle art\u0131k kendilerine ihtiya\u00e7 duyulmad\u0131\u011f\u0131 hissine kap\u0131l\u0131rlar. Bu durum sa\u011fl\u0131\u011f\u0131 felce u\u011frat\u0131r ve zarar verir, \u00e7\u00fcnk\u00fc sosyal hayata kat\u0131l\u0131m ya\u015fl\u0131l\u0131kta bile vazge\u00e7ilmezdir\" diyor Margret Baier ve ekliyor: \"Dahas\u0131, ya\u015fl\u0131 insanlar\u0131n g\u00f6n\u00fcll\u00fc kat\u0131l\u0131m\u0131yla, aksi takdirde \u00fcstesinden gelinmesi neredeyse imkans\u0131z olan \u00f6nemli sosyal g\u00f6revler yerine getirilebilir.\"<\/p><h3>Yaln\u0131zl\u0131k bunama riskini iki kat\u0131na \u00e7\u0131karabilir<\/h3><p>Ya\u015fl\u0131l\u0131kta yaln\u0131zl\u0131k ve depresif ruh hali hem ruhsal hem de fiziksel sa\u011fl\u0131\u011f\u0131 etkiler. Mannheim'daki Merkez Ruh Sa\u011fl\u0131\u011f\u0131 Enstit\u00fcs\u00fc'nde psikiyatrist ve direkt\u00f6r olan Andreas Meyer-Lindenberg, \"\u0130nsanlar sosyal olarak izole edilmi\u015fse ve uzun bir s\u00fcre boyunca \u00e7ok az sosyal temasta bulunmu\u015flarsa, bu durum ciddi fiziksel semptomlara da neden olabilir\" diye vurguluyor. Amerikal\u0131 ara\u015ft\u0131rmac\u0131lar, 800 ya\u015fl\u0131 \u00fczerinde yapt\u0131klar\u0131 d\u00f6rt y\u0131ll\u0131k bir \u00e7al\u0131\u015fman\u0131n ard\u0131ndan, yaln\u0131zl\u0131\u011f\u0131n bunama riskini iki kat\u0131na \u00e7\u0131kard\u0131\u011f\u0131n\u0131 tespit etti.<\/p><h3>Gradido ya\u015fam\u0131n sonuna kadar bak\u0131m s\u00f6z\u00fc veriyor<\/h3><p>Bernd H\u00fcckst\u00e4dt, \"Amac\u0131m\u0131z, t\u00fcm insanlar\u0131n hayatlar\u0131n\u0131n ilk g\u00fcn\u00fcnden son g\u00fcn\u00fcne kadar g\u00fcvenli, dolu dolu, m\u00fcmk\u00fcn oldu\u011funca sa\u011fl\u0131kl\u0131 ve mutlu bir \u015fekilde ya\u015fayabilmesidir\" diyor ve ekliyor: \"G\u00fcnl\u00fck ya\u015famlar\u0131 bu cennet gibi ko\u015fullardan kilometrelerce uzakta olanlar\u0131n say\u0131s\u0131 her ge\u00e7en g\u00fcn artt\u0131\u011f\u0131na g\u00f6re, yeniden d\u00fc\u015f\u00fcnmenin tam zaman\u0131d\u0131r. Bu nedenle, her ya\u015ftan benzer d\u00fc\u015f\u00fcnen insanlar\u0131 bar\u0131\u015f\u00e7\u0131l bir d\u00f6n\u00fc\u015f\u00fcm i\u00e7in \u00e7abalar\u0131m\u0131zda bizi desteklemeye ve Gradido Akademi ile i\u015fbirli\u011fi yapmaya davet ediyoruz.\"<\/p><p>Gradido modeli ve Gradido podcast ile ilgili ayr\u0131nt\u0131lar i\u00e7in <a href=\"https:\/\/gradido.net\/tr\/\">www.gradido.net<\/a><\/p>\t\t\t\t\t\t\t\t<\/div>\n\t\t\t\t<\/div>\n\t\t\t\t<div class=\"elementor-element elementor-element-e9ff241 elementor-widget elementor-widget-text-editor\" data-id=\"e9ff241\" data-element_type=\"widget\" data-e-type=\"widget\" data-widget_type=\"text-editor.default\">\n\t\t\t\t<div class=\"elementor-widget-container\">\n\t\t\t\t\t\t\t\t\t<p><strong>Gradido Akademi Hakk\u0131nda<\/strong><br>Gradido Academy for Economic Bionics, do\u011fay\u0131 model alan alternatif bir 'ortak fayda para birimi' geli\u015ftirdi. Do\u011fa, ancak bir \u015feyin yok oldu\u011fu yerde yeni bir \u015feyin ortaya \u00e7\u0131kabilece\u011fi ve b\u00f6ylece uzun vadeli geli\u015fimin (evrim) m\u00fcmk\u00fcn olabilece\u011fi kural\u0131n\u0131 izler. Ba\u015far\u0131n\u0131n re\u00e7etesi 'ya\u015fam d\u00f6ng\u00fcs\u00fc'd\u00fcr. Ekonomi biyoni\u011fi uzmanlar\u0131na g\u00f6re, e\u011fer bizim ekonomimiz de bu do\u011fal d\u00f6ng\u00fcy\u00fc takip etseydi, d\u00fcnyan\u0131n parayla ilgili t\u00fcm sorunlar\u0131 \u00e7\u00f6z\u00fclebilirdi. Gradido modeli, sadece her ki\u015finin de\u011fil, ayn\u0131 zamanda her devletin de kredi baz\u0131nda yarat\u0131lan bir gelir elde etmesi fikrine dayanmaktad\u0131r. B\u00f6ylece vergi toplamadan t\u00fcm g\u00f6revlerini yerine getirebilir. Deflasyon ya da enflasyon ge\u00e7mi\u015fte kald\u0131. Ekonomi s\u00fcrekli b\u00fcy\u00fcme zorunlulu\u011fundan kurtulmu\u015f, mali sistemin \u00e7\u00f6kme tehlikesi nihayet \u00f6nlenmi\u015ftir. (<a href=\"https:\/\/gradido.net\/tr\/\">www.gradido.net<\/a>)<\/p>\t\t\t\t\t\t\t\t<\/div>\n\t\t\t\t<\/div>\n\t\t\t\t\t<\/div>\n\t\t<\/div>\n\t\t\t\t\t<\/div>\n\t\t<\/section>\n\t\t\t\t<\/div>","protected":false},"excerpt":{"rendered":"<p>Arm und einsam im Alter? K\u00fcnzelsau,13.07.2021 \u2013 Die Aussichten f\u00fcr Rentner sind d\u00fcster: Wegen drohender Altersarmut und wachsender Vereinsamung wird der \u201awohlverdiente Ruhestand\u2018 nicht selten zu einem echten Schreckensszenario. Aktuelle Studien rechnen mit einem steten Anstieg der Altersarmut. Mediziner warnen vor den Gesundheitsrisiken durch die wachsende soziale Isolation. W\u00e4hrend die Politik \u00fcber eine Verl\u00e4ngerung der [&hellip;]<\/p>\n","protected":false},"author":2,"featured_media":2977,"comment_status":"closed","ping_status":"closed","sticky":false,"template":"","format":"standard","meta":{"footnotes":""},"categories":[8],"tags":[],"class_list":["post-2978","post","type-post","status-publish","format-standard","has-post-thumbnail","hentry","category-pressemitteilung"],"yoast_head":"<!-- This site is optimized with the Yoast SEO plugin v27.5 - https:\/\/yoast.com\/product\/yoast-seo-wordpress\/ -->\n<title>Gradido-Akademie l\u00e4dt Rentner zu erf\u00fclltem Lebensabend ein - Gradido<\/title>\n<meta name=\"robots\" content=\"index, follow, max-snippet:-1, max-image-preview:large, max-video-preview:-1\" \/>\n<link rel=\"canonical\" href=\"https:\/\/gradido.net\/tr\/gradido-akademie-laedt-rentner-zu-erfuelltem-lebensabend-ein\/\" \/>\n<meta property=\"og:locale\" content=\"tr_TR\" \/>\n<meta property=\"og:type\" content=\"article\" \/>\n<meta property=\"og:title\" content=\"Gradido-Akademie l\u00e4dt Rentner zu erf\u00fclltem Lebensabend ein - Gradido\" \/>\n<meta property=\"og:description\" content=\"Arm und einsam im Alter? K\u00fcnzelsau,13.07.2021 \u2013 Die Aussichten f\u00fcr Rentner sind d\u00fcster: Wegen drohender Altersarmut und wachsender Vereinsamung wird der \u201awohlverdiente Ruhestand\u2018 nicht selten zu einem echten Schreckensszenario. Aktuelle Studien rechnen mit einem steten Anstieg der Altersarmut. Mediziner warnen vor den Gesundheitsrisiken durch die wachsende soziale Isolation. W\u00e4hrend die Politik \u00fcber eine Verl\u00e4ngerung der [&hellip;]\" \/>\n<meta property=\"og:url\" content=\"https:\/\/gradido.net\/tr\/gradido-akademie-laedt-rentner-zu-erfuelltem-lebensabend-ein\/\" \/>\n<meta property=\"og:site_name\" content=\"Gradido\" \/>\n<meta property=\"article:published_time\" content=\"2021-07-13T07:05:42+00:00\" \/>\n<meta property=\"article:modified_time\" content=\"2021-12-11T20:05:20+00:00\" \/>\n<meta property=\"og:image\" content=\"https:\/\/gradido.net\/wp-content\/uploads\/2021\/07\/alter_ohne_armut_und_einsamkeit.jpg\" \/>\n\t<meta property=\"og:image:width\" content=\"1458\" \/>\n\t<meta property=\"og:image:height\" content=\"990\" \/>\n\t<meta property=\"og:image:type\" content=\"image\/jpeg\" \/>\n<meta name=\"author\" content=\"Bernd H\u00fcckst\u00e4dt\" \/>\n<meta name=\"twitter:card\" content=\"summary_large_image\" \/>\n<meta name=\"twitter:label1\" content=\"Yazan:\" \/>\n\t<meta name=\"twitter:data1\" content=\"Bernd H\u00fcckst\u00e4dt\" \/>\n\t<meta name=\"twitter:label2\" content=\"Tahmini okuma s\u00fcresi\" \/>\n\t<meta name=\"twitter:data2\" content=\"5 dakika\" \/>\n<script type=\"application\/ld+json\" class=\"yoast-schema-graph\">{\"@context\":\"https:\\\/\\\/schema.org\",\"@graph\":[{\"@type\":\"Article\",\"@id\":\"https:\\\/\\\/gradido.net\\\/el\\\/gradido-akademie-laedt-rentner-zu-erfuelltem-lebensabend-ein\\\/#article\",\"isPartOf\":{\"@id\":\"https:\\\/\\\/gradido.net\\\/el\\\/gradido-akademie-laedt-rentner-zu-erfuelltem-lebensabend-ein\\\/\"},\"author\":{\"name\":\"Bernd H\u00fcckst\u00e4dt\",\"@id\":\"https:\\\/\\\/gradido.net\\\/de\\\/#\\\/schema\\\/person\\\/9c503a004ad15a1ddecadce2218db5d1\"},\"headline\":\"Gradido-Akademie l\u00e4dt Rentner zu erf\u00fclltem Lebensabend ein\",\"datePublished\":\"2021-07-13T07:05:42+00:00\",\"dateModified\":\"2021-12-11T20:05:20+00:00\",\"mainEntityOfPage\":{\"@id\":\"https:\\\/\\\/gradido.net\\\/el\\\/gradido-akademie-laedt-rentner-zu-erfuelltem-lebensabend-ein\\\/\"},\"wordCount\":926,\"publisher\":{\"@id\":\"https:\\\/\\\/gradido.net\\\/de\\\/#organization\"},\"image\":{\"@id\":\"https:\\\/\\\/gradido.net\\\/el\\\/gradido-akademie-laedt-rentner-zu-erfuelltem-lebensabend-ein\\\/#primaryimage\"},\"thumbnailUrl\":\"https:\\\/\\\/gradido.net\\\/wp-content\\\/uploads\\\/2021\\\/07\\\/alter_ohne_armut_und_einsamkeit.jpg\",\"articleSection\":[\"Pressemitteilung\"],\"inLanguage\":\"tr\"},{\"@type\":\"WebPage\",\"@id\":\"https:\\\/\\\/gradido.net\\\/el\\\/gradido-akademie-laedt-rentner-zu-erfuelltem-lebensabend-ein\\\/\",\"url\":\"https:\\\/\\\/gradido.net\\\/el\\\/gradido-akademie-laedt-rentner-zu-erfuelltem-lebensabend-ein\\\/\",\"name\":\"Gradido-Akademie l\u00e4dt Rentner zu erf\u00fclltem Lebensabend ein - Gradido\",\"isPartOf\":{\"@id\":\"https:\\\/\\\/gradido.net\\\/de\\\/#website\"},\"primaryImageOfPage\":{\"@id\":\"https:\\\/\\\/gradido.net\\\/el\\\/gradido-akademie-laedt-rentner-zu-erfuelltem-lebensabend-ein\\\/#primaryimage\"},\"image\":{\"@id\":\"https:\\\/\\\/gradido.net\\\/el\\\/gradido-akademie-laedt-rentner-zu-erfuelltem-lebensabend-ein\\\/#primaryimage\"},\"thumbnailUrl\":\"https:\\\/\\\/gradido.net\\\/wp-content\\\/uploads\\\/2021\\\/07\\\/alter_ohne_armut_und_einsamkeit.jpg\",\"datePublished\":\"2021-07-13T07:05:42+00:00\",\"dateModified\":\"2021-12-11T20:05:20+00:00\",\"breadcrumb\":{\"@id\":\"https:\\\/\\\/gradido.net\\\/el\\\/gradido-akademie-laedt-rentner-zu-erfuelltem-lebensabend-ein\\\/#breadcrumb\"},\"inLanguage\":\"tr\",\"potentialAction\":[{\"@type\":\"ReadAction\",\"target\":[\"https:\\\/\\\/gradido.net\\\/el\\\/gradido-akademie-laedt-rentner-zu-erfuelltem-lebensabend-ein\\\/\"]}]},{\"@type\":\"ImageObject\",\"inLanguage\":\"tr\",\"@id\":\"https:\\\/\\\/gradido.net\\\/el\\\/gradido-akademie-laedt-rentner-zu-erfuelltem-lebensabend-ein\\\/#primaryimage\",\"url\":\"https:\\\/\\\/gradido.net\\\/wp-content\\\/uploads\\\/2021\\\/07\\\/alter_ohne_armut_und_einsamkeit.jpg\",\"contentUrl\":\"https:\\\/\\\/gradido.net\\\/wp-content\\\/uploads\\\/2021\\\/07\\\/alter_ohne_armut_und_einsamkeit.jpg\",\"width\":1458,\"height\":990},{\"@type\":\"BreadcrumbList\",\"@id\":\"https:\\\/\\\/gradido.net\\\/el\\\/gradido-akademie-laedt-rentner-zu-erfuelltem-lebensabend-ein\\\/#breadcrumb\",\"itemListElement\":[{\"@type\":\"ListItem\",\"position\":1,\"name\":\"Startseite\",\"item\":\"https:\\\/\\\/gradido.net\\\/\"},{\"@type\":\"ListItem\",\"position\":2,\"name\":\"Gradido-Akademie l\u00e4dt Rentner zu erf\u00fclltem Lebensabend ein\"}]},{\"@type\":\"WebSite\",\"@id\":\"https:\\\/\\\/gradido.net\\\/de\\\/#website\",\"url\":\"https:\\\/\\\/gradido.net\\\/de\\\/\",\"name\":\"Gradido\",\"description\":\"Die neue W\u00e4hrung hei\u00dft Dankbarkeit\",\"publisher\":{\"@id\":\"https:\\\/\\\/gradido.net\\\/de\\\/#organization\"},\"potentialAction\":[{\"@type\":\"SearchAction\",\"target\":{\"@type\":\"EntryPoint\",\"urlTemplate\":\"https:\\\/\\\/gradido.net\\\/de\\\/?s={search_term_string}\"},\"query-input\":{\"@type\":\"PropertyValueSpecification\",\"valueRequired\":true,\"valueName\":\"search_term_string\"}}],\"inLanguage\":\"tr\"},{\"@type\":\"Organization\",\"@id\":\"https:\\\/\\\/gradido.net\\\/de\\\/#organization\",\"name\":\"Gradido\",\"url\":\"https:\\\/\\\/gradido.net\\\/de\\\/\",\"logo\":{\"@type\":\"ImageObject\",\"inLanguage\":\"tr\",\"@id\":\"https:\\\/\\\/gradido.net\\\/de\\\/#\\\/schema\\\/logo\\\/image\\\/\",\"url\":\"https:\\\/\\\/gradido.net\\\/wp-content\\\/uploads\\\/2022\\\/04\\\/gradido-social.jpg\",\"contentUrl\":\"https:\\\/\\\/gradido.net\\\/wp-content\\\/uploads\\\/2022\\\/04\\\/gradido-social.jpg\",\"width\":527,\"height\":273,\"caption\":\"Gradido\"},\"image\":{\"@id\":\"https:\\\/\\\/gradido.net\\\/de\\\/#\\\/schema\\\/logo\\\/image\\\/\"}},{\"@type\":\"Person\",\"@id\":\"https:\\\/\\\/gradido.net\\\/de\\\/#\\\/schema\\\/person\\\/9c503a004ad15a1ddecadce2218db5d1\",\"name\":\"Bernd H\u00fcckst\u00e4dt\",\"sameAs\":[\"https:\\\/\\\/gradido.net\"],\"url\":\"https:\\\/\\\/gradido.net\\\/tr\\\/author\\\/bernd\\\/\"}]}<\/script>\n<!-- \/ Yoast SEO plugin. -->","yoast_head_json":{"title":"Gradido Akademi emeklileri tatmin edici bir emeklili\u011fe davet ediyor - Gradido","robots":{"index":"index","follow":"follow","max-snippet":"max-snippet:-1","max-image-preview":"max-image-preview:large","max-video-preview":"max-video-preview:-1"},"canonical":"https:\/\/gradido.net\/tr\/gradido-akademie-laedt-rentner-zu-erfuelltem-lebensabend-ein\/","og_locale":"tr_TR","og_type":"article","og_title":"Gradido-Akademie l\u00e4dt Rentner zu erf\u00fclltem Lebensabend ein - Gradido","og_description":"Arm und einsam im Alter? K\u00fcnzelsau,13.07.2021 \u2013 Die Aussichten f\u00fcr Rentner sind d\u00fcster: Wegen drohender Altersarmut und wachsender Vereinsamung wird der \u201awohlverdiente Ruhestand\u2018 nicht selten zu einem echten Schreckensszenario. Aktuelle Studien rechnen mit einem steten Anstieg der Altersarmut. Mediziner warnen vor den Gesundheitsrisiken durch die wachsende soziale Isolation. W\u00e4hrend die Politik \u00fcber eine Verl\u00e4ngerung der [&hellip;]","og_url":"https:\/\/gradido.net\/tr\/gradido-akademie-laedt-rentner-zu-erfuelltem-lebensabend-ein\/","og_site_name":"Gradido","article_published_time":"2021-07-13T07:05:42+00:00","article_modified_time":"2021-12-11T20:05:20+00:00","og_image":[{"width":1458,"height":990,"url":"https:\/\/gradido.net\/wp-content\/uploads\/2021\/07\/alter_ohne_armut_und_einsamkeit.jpg","type":"image\/jpeg"}],"author":"Bernd H\u00fcckst\u00e4dt","twitter_card":"summary_large_image","twitter_misc":{"Yazan:":"Bernd H\u00fcckst\u00e4dt","Tahmini okuma s\u00fcresi":"5 dakika"},"schema":{"@context":"https:\/\/schema.org","@graph":[{"@type":"Article","@id":"https:\/\/gradido.net\/el\/gradido-akademie-laedt-rentner-zu-erfuelltem-lebensabend-ein\/#article","isPartOf":{"@id":"https:\/\/gradido.net\/el\/gradido-akademie-laedt-rentner-zu-erfuelltem-lebensabend-ein\/"},"author":{"name":"Bernd H\u00fcckst\u00e4dt","@id":"https:\/\/gradido.net\/de\/#\/schema\/person\/9c503a004ad15a1ddecadce2218db5d1"},"headline":"Gradido-Akademie l\u00e4dt Rentner zu erf\u00fclltem Lebensabend ein","datePublished":"2021-07-13T07:05:42+00:00","dateModified":"2021-12-11T20:05:20+00:00","mainEntityOfPage":{"@id":"https:\/\/gradido.net\/el\/gradido-akademie-laedt-rentner-zu-erfuelltem-lebensabend-ein\/"},"wordCount":926,"publisher":{"@id":"https:\/\/gradido.net\/de\/#organization"},"image":{"@id":"https:\/\/gradido.net\/el\/gradido-akademie-laedt-rentner-zu-erfuelltem-lebensabend-ein\/#primaryimage"},"thumbnailUrl":"https:\/\/gradido.net\/wp-content\/uploads\/2021\/07\/alter_ohne_armut_und_einsamkeit.jpg","articleSection":["Pressemitteilung"],"inLanguage":"tr"},{"@type":"WebPage","@id":"https:\/\/gradido.net\/el\/gradido-akademie-laedt-rentner-zu-erfuelltem-lebensabend-ein\/","url":"https:\/\/gradido.net\/el\/gradido-akademie-laedt-rentner-zu-erfuelltem-lebensabend-ein\/","name":"Gradido Akademi emeklileri tatmin edici bir emeklili\u011fe davet ediyor - Gradido","isPartOf":{"@id":"https:\/\/gradido.net\/de\/#website"},"primaryImageOfPage":{"@id":"https:\/\/gradido.net\/el\/gradido-akademie-laedt-rentner-zu-erfuelltem-lebensabend-ein\/#primaryimage"},"image":{"@id":"https:\/\/gradido.net\/el\/gradido-akademie-laedt-rentner-zu-erfuelltem-lebensabend-ein\/#primaryimage"},"thumbnailUrl":"https:\/\/gradido.net\/wp-content\/uploads\/2021\/07\/alter_ohne_armut_und_einsamkeit.jpg","datePublished":"2021-07-13T07:05:42+00:00","dateModified":"2021-12-11T20:05:20+00:00","breadcrumb":{"@id":"https:\/\/gradido.net\/el\/gradido-akademie-laedt-rentner-zu-erfuelltem-lebensabend-ein\/#breadcrumb"},"inLanguage":"tr","potentialAction":[{"@type":"ReadAction","target":["https:\/\/gradido.net\/el\/gradido-akademie-laedt-rentner-zu-erfuelltem-lebensabend-ein\/"]}]},{"@type":"ImageObject","inLanguage":"tr","@id":"https:\/\/gradido.net\/el\/gradido-akademie-laedt-rentner-zu-erfuelltem-lebensabend-ein\/#primaryimage","url":"https:\/\/gradido.net\/wp-content\/uploads\/2021\/07\/alter_ohne_armut_und_einsamkeit.jpg","contentUrl":"https:\/\/gradido.net\/wp-content\/uploads\/2021\/07\/alter_ohne_armut_und_einsamkeit.jpg","width":1458,"height":990},{"@type":"BreadcrumbList","@id":"https:\/\/gradido.net\/el\/gradido-akademie-laedt-rentner-zu-erfuelltem-lebensabend-ein\/#breadcrumb","itemListElement":[{"@type":"ListItem","position":1,"name":"Startseite","item":"https:\/\/gradido.net\/"},{"@type":"ListItem","position":2,"name":"Gradido-Akademie l\u00e4dt Rentner zu erf\u00fclltem Lebensabend ein"}]},{"@type":"WebSite","@id":"https:\/\/gradido.net\/de\/#website","url":"https:\/\/gradido.net\/de\/","name":"Gradido","description":"Yeni para birimi minnettarl\u0131k","publisher":{"@id":"https:\/\/gradido.net\/de\/#organization"},"potentialAction":[{"@type":"SearchAction","target":{"@type":"EntryPoint","urlTemplate":"https:\/\/gradido.net\/de\/?s={search_term_string}"},"query-input":{"@type":"PropertyValueSpecification","valueRequired":true,"valueName":"search_term_string"}}],"inLanguage":"tr"},{"@type":"Organization","@id":"https:\/\/gradido.net\/de\/#organization","name":"Gradido","url":"https:\/\/gradido.net\/de\/","logo":{"@type":"ImageObject","inLanguage":"tr","@id":"https:\/\/gradido.net\/de\/#\/schema\/logo\/image\/","url":"https:\/\/gradido.net\/wp-content\/uploads\/2022\/04\/gradido-social.jpg","contentUrl":"https:\/\/gradido.net\/wp-content\/uploads\/2022\/04\/gradido-social.jpg","width":527,"height":273,"caption":"Gradido"},"image":{"@id":"https:\/\/gradido.net\/de\/#\/schema\/logo\/image\/"}},{"@type":"Person","@id":"https:\/\/gradido.net\/de\/#\/schema\/person\/9c503a004ad15a1ddecadce2218db5d1","name":"Bernd H\u00fcckst\u00e4dt","sameAs":["https:\/\/gradido.net"],"url":"https:\/\/gradido.net\/tr\/author\/bernd\/"}]}},"_links":{"self":[{"href":"https:\/\/gradido.net\/tr\/wp-json\/wp\/v2\/posts\/2978","targetHints":{"allow":["GET"]}}],"collection":[{"href":"https:\/\/gradido.net\/tr\/wp-json\/wp\/v2\/posts"}],"about":[{"href":"https:\/\/gradido.net\/tr\/wp-json\/wp\/v2\/types\/post"}],"author":[{"embeddable":true,"href":"https:\/\/gradido.net\/tr\/wp-json\/wp\/v2\/users\/2"}],"replies":[{"embeddable":true,"href":"https:\/\/gradido.net\/tr\/wp-json\/wp\/v2\/comments?post=2978"}],"version-history":[{"count":10,"href":"https:\/\/gradido.net\/tr\/wp-json\/wp\/v2\/posts\/2978\/revisions"}],"predecessor-version":[{"id":3778,"href":"https:\/\/gradido.net\/tr\/wp-json\/wp\/v2\/posts\/2978\/revisions\/3778"}],"wp:featuredmedia":[{"embeddable":true,"href":"https:\/\/gradido.net\/tr\/wp-json\/wp\/v2\/media\/2977"}],"wp:attachment":[{"href":"https:\/\/gradido.net\/tr\/wp-json\/wp\/v2\/media?parent=2978"}],"wp:term":[{"taxonomy":"category","embeddable":true,"href":"https:\/\/gradido.net\/tr\/wp-json\/wp\/v2\/categories?post=2978"},{"taxonomy":"post_tag","embeddable":true,"href":"https:\/\/gradido.net\/tr\/wp-json\/wp\/v2\/tags?post=2978"}],"curies":[{"name":"wp","href":"https:\/\/api.w.org\/{rel}","templated":true}]}}