{"id":3636,"date":"2021-11-27T07:15:36","date_gmt":"2021-11-27T06:15:36","guid":{"rendered":"https:\/\/gradido.net\/?p=3636"},"modified":"2021-11-27T21:25:28","modified_gmt":"2021-11-27T20:25:28","slug":"episode-33","status":"publish","type":"post","link":"https:\/\/gradido.net\/tr\/episode-33\/","title":{"rendered":"B\u00fcy\u00fck \u0130\u015fbirli\u011fi: birlikte iyile\u015fme"},"content":{"rendered":"<div data-elementor-type=\"wp-post\" data-elementor-id=\"3636\" class=\"elementor elementor-3636\" data-elementor-post-type=\"post\">\n\t\t\t\t\t\t<section class=\"elementor-section elementor-top-section elementor-element elementor-element-496e1d53 elementor-section-boxed elementor-section-height-default elementor-section-height-default\" data-id=\"496e1d53\" data-element_type=\"section\" data-e-type=\"section\">\n\t\t\t\t\t\t<div class=\"elementor-container elementor-column-gap-default\">\n\t\t\t\t\t<div class=\"elementor-column elementor-col-100 elementor-top-column elementor-element elementor-element-461d7be0\" data-id=\"461d7be0\" data-element_type=\"column\" data-e-type=\"column\">\n\t\t\t<div class=\"elementor-widget-wrap elementor-element-populated\">\n\t\t\t\t\t\t<div class=\"elementor-element elementor-element-cd9ebe2 elementor-widget elementor-widget-text-editor\" data-id=\"cd9ebe2\" data-element_type=\"widget\" data-e-type=\"widget\" data-widget_type=\"text-editor.default\">\n\t\t\t\t<div class=\"elementor-widget-container\">\n\t\t\t\t\t\t\t\t\t<h2>Konuk: Corinna Veit<\/h2>\t\t\t\t\t\t\t\t<\/div>\n\t\t\t\t<\/div>\n\t\t\t\t\t<\/div>\n\t\t<\/div>\n\t\t\t\t\t<\/div>\n\t\t<\/section>\n\t\t\t\t<section class=\"elementor-section elementor-top-section elementor-element elementor-element-2f93e3c3 elementor-section-boxed elementor-section-height-default elementor-section-height-default\" data-id=\"2f93e3c3\" data-element_type=\"section\" data-e-type=\"section\">\n\t\t\t\t\t\t<div class=\"elementor-container elementor-column-gap-default\">\n\t\t\t\t\t<div class=\"elementor-column elementor-col-100 elementor-top-column elementor-element elementor-element-5a9dfd19\" data-id=\"5a9dfd19\" data-element_type=\"column\" data-e-type=\"column\">\n\t\t\t<div class=\"elementor-widget-wrap elementor-element-populated\">\n\t\t\t\t\t\t<div class=\"elementor-element elementor-element-9cdb6b8 elementor-widget elementor-widget-html\" data-id=\"9cdb6b8\" data-element_type=\"widget\" data-e-type=\"widget\" data-widget_type=\"html.default\">\n\t\t\t\t<div class=\"elementor-widget-container\">\n\t\t\t\t\t<script class=\"podigee-podcast-player\" src=\"https:\/\/player.podigee-cdn.net\/podcast-player\/javascripts\/podigee-podcast-player.js\" data-configuration=\"https:\/\/gradido.podigee.io\/33-neue-episode\/embed?context=external&token=ijI7AtQC4VjYJeQavHxtqg\"><\/script>\t\t\t\t<\/div>\n\t\t\t\t<\/div>\n\t\t\t\t\t<\/div>\n\t\t<\/div>\n\t\t\t\t\t<\/div>\n\t\t<\/section>\n\t\t\t\t<section class=\"elementor-section elementor-top-section elementor-element elementor-element-585c640 elementor-section-boxed elementor-section-height-default elementor-section-height-default\" data-id=\"585c640\" data-element_type=\"section\" data-e-type=\"section\">\n\t\t\t\t\t\t<div class=\"elementor-container elementor-column-gap-default\">\n\t\t\t\t\t<div class=\"elementor-column elementor-col-50 elementor-top-column elementor-element elementor-element-13c250b\" data-id=\"13c250b\" data-element_type=\"column\" data-e-type=\"column\">\n\t\t\t<div class=\"elementor-widget-wrap elementor-element-populated\">\n\t\t\t\t\t\t<div class=\"elementor-element elementor-element-0561949 elementor-widget elementor-widget-text-editor\" data-id=\"0561949\" data-element_type=\"widget\" data-e-type=\"widget\" data-widget_type=\"text-editor.default\">\n\t\t\t\t<div class=\"elementor-widget-container\">\n\t\t\t\t\t\t\t\t\t<p>Modern zamanlar bizi birbirimize yabanc\u0131la\u015ft\u0131rd\u0131. \u0130nsanlarla i\u00e7 i\u00e7e ya\u015f\u0131yoruz, ancak \u00e7o\u011fu zaman kom\u015fular\u0131m\u0131z\u0131 tan\u0131m\u0131yor ya da - daha da k\u00f6t\u00fcs\u00fc - onlar\u0131 potansiyel d\u00fc\u015fman olarak alg\u0131l\u0131yoruz. Yine de topluma \u00f6zlem duyuyor ve bir insanl\u0131k ailesi olarak bar\u0131\u015f, fark\u0131ndal\u0131k ve takdir i\u00e7inde birlikte ya\u015fayabilece\u011fimiz sa\u011fl\u0131kl\u0131 bir d\u00fcnya hayal ediyoruz.<\/p><p>Ancak sistem sadece Corona'dan bu yana de\u011fil, b\u00f6l\u00fcnmeye dayan\u0131yor. M\u00fc\u015ftereklik ve ba\u011fl\u0131l\u0131k duygular\u0131 s\u00f6zde medeniyet taraf\u0131ndan hen\u00fcz e\u011fitilmemi\u015f olan yerli halklar \u00f6zellikle zor durumdad\u0131r. B\u00f6ylesine g\u00fc\u00e7l\u00fc kuvvetler bizi birbirimizden ay\u0131r\u0131rken nas\u0131l bir araya gelebiliriz? \u00c7\u00fcnk\u00fc aidiyet, g\u00fcvenlik ve \u015fefkat, birlikte sa\u011fl\u0131kl\u0131 ve mutlu bir d\u00fcnya in\u015fa etmek i\u00e7in kar\u015f\u0131lamam\u0131z gereken temel insani ihtiya\u00e7lard\u0131r.\u00a0<\/p><p>Corinna Veit gazeteci, tur rehberi ve kongre organizat\u00f6r\u00fcd\u00fcr. Geni\u015f bir ailede b\u00fcy\u00fcd\u00fc\u011f\u00fc i\u00e7in di\u011fer insanlara kar\u015f\u0131 her zaman ilgi duymu\u015f, birlik ve beraberli\u011fin de\u011ferini takdir etmeyi \u00f6\u011frenmi\u015ftir. Sunucu olarak Bavyera'da b\u00f6lgesel bir radyo istasyonunun 24 saatlik program\u0131n\u0131 haz\u0131rlad\u0131. Her sabah kendine \u015fu soruyu soruyordu: \"\u0130nsanlar\u0131n g\u00fcne iyi bir ba\u015flang\u0131\u00e7 yapmalar\u0131na yard\u0131mc\u0131 olacak \u015fekilde nas\u0131l haber yapabilirim?<\/p><p>Amerikan yerlilerine ve di\u011fer yerli halklara yapt\u0131\u011f\u0131 'kar\u015f\u0131la\u015fma yolculuklar\u0131nda', insanlar\u0131n ve do\u011fan\u0131n birbirine ba\u011fl\u0131l\u0131\u011f\u0131 ve birbirlerine nas\u0131l sayg\u0131l\u0131 davranacaklar\u0131 hakk\u0131nda \u00e7ok \u015fey \u00f6\u011frenebildi.<\/p><p>Corinna, korona nedeniyle bulu\u015fma gezilerini durdurmak zorunda kald\u0131\u011f\u0131nda, \u00e7ok k\u00fclt\u00fcrl\u00fc a\u011f\u0131n\u0131n zengin deneyim birikimini \u00e7evrimi\u00e7i bir kongre \u015feklinde t\u00fcm ilgili taraflar\u0131n kullan\u0131m\u0131na sunmaya karar verdi. \"Birlikte iyile\u015fme - birlikte iyile\u015fme\" kongresi 10 - 20 \u015eubat 2022 tarihleri aras\u0131nda \u00e7evrimi\u00e7i olarak ger\u00e7ekle\u015ftirilecektir. A\u015fa\u011f\u0131daki ba\u011flant\u0131 \u00fczerinden kay\u0131t yapt\u0131rabilir ve r\u00f6portajlar\u0131 evinizin rahatl\u0131\u011f\u0131nda izleyebilirsiniz. Kat\u0131l\u0131m \u00fccretsizdir.<\/p><p>Fark\u0131ndal\u0131k, takdir ve aidiyet - hadi bu derin insani de\u011ferlere geri d\u00f6nelim! Aksi takdirde, \u00f6zellikle bu zor zamanlarda onlar\u0131 kaybetme ve \u00e7ocuklar\u0131m\u0131za insanl\u0131k d\u0131\u015f\u0131 bir d\u00fcnya b\u0131rakma riskiyle kar\u015f\u0131 kar\u015f\u0131ya kal\u0131r\u0131z. Ya\u015fam\u0131 onaylayan insanlar\u0131n ve g\u00fc\u00e7lerin 'B\u00fcy\u00fck \u0130\u015fbirli\u011fi' i\u00e7inde, \u00e7ocuklar\u0131m\u0131z ve d\u00fcnyan\u0131n t\u00fcm \u00e7ocuklar\u0131 i\u00e7in birlikte iyile\u015fiyor ve harika d\u00fcnyam\u0131z\u0131 muhtemelen bir zamanlar yarat\u0131ld\u0131\u011f\u0131 cennete geri d\u00f6n\u00fc\u015ft\u00fcr\u00fcyoruz.<\/p><p>Sola:<\/p><p><a href=\"https:\/\/www.weltenwanderer.family\/\">Kongre \"Birlikte iyile\u015fme - birlikte \u015fifa\"<\/a><\/p><p><a href=\"https:\/\/www.imdb.com\/title\/tt0077750\/\">Ishi - Kabilesinin Son \u00dcyesi<\/a><\/p>\t\t\t\t\t\t\t\t<\/div>\n\t\t\t\t<\/div>\n\t\t\t\t\t<\/div>\n\t\t<\/div>\n\t\t\t\t<div class=\"elementor-column elementor-col-50 elementor-top-column elementor-element elementor-element-e0d795e\" data-id=\"e0d795e\" data-element_type=\"column\" data-e-type=\"column\">\n\t\t\t<div class=\"elementor-widget-wrap elementor-element-populated\">\n\t\t\t\t\t\t<div class=\"elementor-element elementor-element-8c61bad elementor-widget elementor-widget-image\" data-id=\"8c61bad\" data-element_type=\"widget\" data-e-type=\"widget\" data-widget_type=\"image.default\">\n\t\t\t\t<div class=\"elementor-widget-container\">\n\t\t\t\t\t\t\t\t\t\t\t\t\t\t\t<img fetchpriority=\"high\" decoding=\"async\" width=\"800\" height=\"800\" src=\"https:\/\/gradido.net\/wp-content\/uploads\/2021\/11\/gradido_podcast_veit-1024x1024.jpg\" class=\"attachment-large size-large wp-image-3655\" alt=\"\" srcset=\"https:\/\/gradido.net\/wp-content\/uploads\/2021\/11\/gradido_podcast_veit-1024x1024.jpg 1024w, https:\/\/gradido.net\/wp-content\/uploads\/2021\/11\/gradido_podcast_veit-300x300.jpg 300w, https:\/\/gradido.net\/wp-content\/uploads\/2021\/11\/gradido_podcast_veit-150x150.jpg 150w, https:\/\/gradido.net\/wp-content\/uploads\/2021\/11\/gradido_podcast_veit-768x768.jpg 768w, https:\/\/gradido.net\/wp-content\/uploads\/2021\/11\/gradido_podcast_veit-1536x1536.jpg 1536w, https:\/\/gradido.net\/wp-content\/uploads\/2021\/11\/gradido_podcast_veit-2048x2048.jpg 2048w, https:\/\/gradido.net\/wp-content\/uploads\/2021\/11\/gradido_podcast_veit-12x12.jpg 12w\" sizes=\"(max-width: 800px) 100vw, 800px\" \/>\t\t\t\t\t\t\t\t\t\t\t\t\t\t\t<\/div>\n\t\t\t\t<\/div>\n\t\t\t\t<div class=\"elementor-element elementor-element-ceab137 elementor-widget elementor-widget-text-editor\" data-id=\"ceab137\" data-element_type=\"widget\" data-e-type=\"widget\" data-widget_type=\"text-editor.default\">\n\t\t\t\t<div class=\"elementor-widget-container\">\n\t\t\t\t\t\t\t\t\t<p><a href=\"https:\/\/youtu.be\/u9BCdhbyVuc\" target=\"_blank\" rel=\"noopener\">YouTube'da dinleyin<\/a><\/p>\t\t\t\t\t\t\t\t<\/div>\n\t\t\t\t<\/div>\n\t\t\t\t\t<\/div>\n\t\t<\/div>\n\t\t\t\t\t<\/div>\n\t\t<\/section>\n\t\t\t\t<section class=\"elementor-section elementor-top-section elementor-element elementor-element-d051609 elementor-section-boxed elementor-section-height-default elementor-section-height-default\" data-id=\"d051609\" data-element_type=\"section\" data-e-type=\"section\">\n\t\t\t\t\t\t<div class=\"elementor-container elementor-column-gap-default\">\n\t\t\t\t\t<div class=\"elementor-column elementor-col-100 elementor-top-column elementor-element elementor-element-13cc168\" data-id=\"13cc168\" data-element_type=\"column\" data-e-type=\"column\">\n\t\t\t<div class=\"elementor-widget-wrap elementor-element-populated\">\n\t\t\t\t\t\t<div class=\"elementor-element elementor-element-b43b3ee elementor-widget elementor-widget-heading\" data-id=\"b43b3ee\" data-element_type=\"widget\" data-e-type=\"widget\" data-widget_type=\"heading.default\">\n\t\t\t\t<div class=\"elementor-widget-container\">\n\t\t\t\t\t<h2 class=\"elementor-heading-title elementor-size-default\">Transkript (otomatik olarak \u00e7evrilmi\u015ftir)<\/h2>\t\t\t\t<\/div>\n\t\t\t\t<\/div>\n\t\t\t\t\t<\/div>\n\t\t<\/div>\n\t\t\t\t\t<\/div>\n\t\t<\/section>\n\t\t\t\t<section class=\"elementor-section elementor-top-section elementor-element elementor-element-474427c elementor-section-boxed elementor-section-height-default elementor-section-height-default\" data-id=\"474427c\" data-element_type=\"section\" data-e-type=\"section\">\n\t\t\t\t\t\t<div class=\"elementor-container elementor-column-gap-default\">\n\t\t\t\t\t<div class=\"elementor-column elementor-col-100 elementor-top-column elementor-element elementor-element-6041f12\" data-id=\"6041f12\" data-element_type=\"column\" data-e-type=\"column\">\n\t\t\t<div class=\"elementor-widget-wrap elementor-element-populated\">\n\t\t\t\t\t\t\t<\/div>\n\t\t<\/div>\n\t\t\t\t\t<\/div>\n\t\t<\/section>\n\t\t\t\t<\/div>","protected":false},"excerpt":{"rendered":"<p>Heil und gl\u00fccklich leben k\u00f6nnen wir nur in der Gemeinschaft, denn dies entspricht der menschlichen Natur. Das soziale Umfeld, in dem wir Zugeh\u00f6rigkeit und Geborgenheit erfahren, hat enormen Einfluss auf die Gesundheit. Corinna Veit tr\u00e4gt in ihrem Kongress das Wissen und die Erfahrungen der verschiedenen Kulturen zu diesem Thema zusammen [56:03]<\/p>\n","protected":false},"author":12,"featured_media":3634,"comment_status":"closed","ping_status":"closed","sticky":false,"template":"","format":"standard","meta":{"footnotes":""},"categories":[19],"tags":[16],"class_list":["post-3636","post","type-post","status-publish","format-standard","has-post-thumbnail","hentry","category-podcast","tag-grundeinkommen"],"yoast_head":"<!-- This site is optimized with the Yoast SEO plugin v27.5 - https:\/\/yoast.com\/product\/yoast-seo-wordpress\/ -->\n<title>Great Cooperation: gemeinsam heilsam - Gradido<\/title>\n<meta name=\"robots\" content=\"index, follow, max-snippet:-1, max-image-preview:large, max-video-preview:-1\" \/>\n<link rel=\"canonical\" href=\"https:\/\/gradido.net\/tr\/episode-33\/\" \/>\n<meta property=\"og:locale\" content=\"tr_TR\" \/>\n<meta property=\"og:type\" content=\"article\" \/>\n<meta property=\"og:title\" content=\"Great Cooperation: gemeinsam heilsam - Gradido\" \/>\n<meta property=\"og:description\" content=\"Heil und gl\u00fccklich leben k\u00f6nnen wir nur in der Gemeinschaft, denn dies entspricht der menschlichen Natur. Das soziale Umfeld, in dem wir Zugeh\u00f6rigkeit und Geborgenheit erfahren, hat enormen Einfluss auf die Gesundheit. Corinna Veit tr\u00e4gt in ihrem Kongress das Wissen und die Erfahrungen der verschiedenen Kulturen zu diesem Thema zusammen [56:03]\" \/>\n<meta property=\"og:url\" content=\"https:\/\/gradido.net\/tr\/episode-33\/\" \/>\n<meta property=\"og:site_name\" content=\"Gradido\" \/>\n<meta property=\"article:published_time\" content=\"2021-11-27T06:15:36+00:00\" \/>\n<meta property=\"article:modified_time\" content=\"2021-11-27T20:25:28+00:00\" \/>\n<meta property=\"og:image\" content=\"https:\/\/gradido.net\/wp-content\/uploads\/2021\/11\/podcast_www_veith.jpg\" \/>\n\t<meta property=\"og:image:width\" content=\"1458\" \/>\n\t<meta property=\"og:image:height\" content=\"990\" \/>\n\t<meta property=\"og:image:type\" content=\"image\/jpeg\" \/>\n<meta name=\"author\" content=\"Philipp Kessler\" \/>\n<meta name=\"twitter:card\" content=\"summary_large_image\" \/>\n<meta name=\"twitter:label1\" content=\"Yazan:\" \/>\n\t<meta name=\"twitter:data1\" content=\"Philipp Kessler\" \/>\n\t<meta name=\"twitter:label2\" content=\"Tahmini okuma s\u00fcresi\" \/>\n\t<meta name=\"twitter:data2\" content=\"2 dakika\" \/>\n<script type=\"application\/ld+json\" class=\"yoast-schema-graph\">{\"@context\":\"https:\\\/\\\/schema.org\",\"@graph\":[{\"@type\":\"Article\",\"@id\":\"https:\\\/\\\/gradido.net\\\/sk\\\/episode-33\\\/#article\",\"isPartOf\":{\"@id\":\"https:\\\/\\\/gradido.net\\\/sk\\\/episode-33\\\/\"},\"author\":{\"name\":\"Philipp Kessler\",\"@id\":\"https:\\\/\\\/gradido.net\\\/de\\\/#\\\/schema\\\/person\\\/f57399104ec77f2a2d5a68f479b0492f\"},\"headline\":\"Great Cooperation: gemeinsam heilsam\",\"datePublished\":\"2021-11-27T06:15:36+00:00\",\"dateModified\":\"2021-11-27T20:25:28+00:00\",\"mainEntityOfPage\":{\"@id\":\"https:\\\/\\\/gradido.net\\\/sk\\\/episode-33\\\/\"},\"wordCount\":385,\"publisher\":{\"@id\":\"https:\\\/\\\/gradido.net\\\/de\\\/#organization\"},\"image\":{\"@id\":\"https:\\\/\\\/gradido.net\\\/sk\\\/episode-33\\\/#primaryimage\"},\"thumbnailUrl\":\"https:\\\/\\\/gradido.net\\\/wp-content\\\/uploads\\\/2021\\\/11\\\/podcast_www_veith.jpg\",\"keywords\":[\"Grundeinkommen\"],\"articleSection\":[\"Podcast\"],\"inLanguage\":\"tr\"},{\"@type\":\"WebPage\",\"@id\":\"https:\\\/\\\/gradido.net\\\/sk\\\/episode-33\\\/\",\"url\":\"https:\\\/\\\/gradido.net\\\/sk\\\/episode-33\\\/\",\"name\":\"Great Cooperation: gemeinsam heilsam - Gradido\",\"isPartOf\":{\"@id\":\"https:\\\/\\\/gradido.net\\\/de\\\/#website\"},\"primaryImageOfPage\":{\"@id\":\"https:\\\/\\\/gradido.net\\\/sk\\\/episode-33\\\/#primaryimage\"},\"image\":{\"@id\":\"https:\\\/\\\/gradido.net\\\/sk\\\/episode-33\\\/#primaryimage\"},\"thumbnailUrl\":\"https:\\\/\\\/gradido.net\\\/wp-content\\\/uploads\\\/2021\\\/11\\\/podcast_www_veith.jpg\",\"datePublished\":\"2021-11-27T06:15:36+00:00\",\"dateModified\":\"2021-11-27T20:25:28+00:00\",\"breadcrumb\":{\"@id\":\"https:\\\/\\\/gradido.net\\\/sk\\\/episode-33\\\/#breadcrumb\"},\"inLanguage\":\"tr\",\"potentialAction\":[{\"@type\":\"ReadAction\",\"target\":[\"https:\\\/\\\/gradido.net\\\/sk\\\/episode-33\\\/\"]}]},{\"@type\":\"ImageObject\",\"inLanguage\":\"tr\",\"@id\":\"https:\\\/\\\/gradido.net\\\/sk\\\/episode-33\\\/#primaryimage\",\"url\":\"https:\\\/\\\/gradido.net\\\/wp-content\\\/uploads\\\/2021\\\/11\\\/podcast_www_veith.jpg\",\"contentUrl\":\"https:\\\/\\\/gradido.net\\\/wp-content\\\/uploads\\\/2021\\\/11\\\/podcast_www_veith.jpg\",\"width\":1458,\"height\":990},{\"@type\":\"BreadcrumbList\",\"@id\":\"https:\\\/\\\/gradido.net\\\/sk\\\/episode-33\\\/#breadcrumb\",\"itemListElement\":[{\"@type\":\"ListItem\",\"position\":1,\"name\":\"Startseite\",\"item\":\"https:\\\/\\\/gradido.net\\\/\"},{\"@type\":\"ListItem\",\"position\":2,\"name\":\"Great Cooperation: gemeinsam heilsam\"}]},{\"@type\":\"WebSite\",\"@id\":\"https:\\\/\\\/gradido.net\\\/de\\\/#website\",\"url\":\"https:\\\/\\\/gradido.net\\\/de\\\/\",\"name\":\"Gradido\",\"description\":\"Die neue W\u00e4hrung hei\u00dft Dankbarkeit\",\"publisher\":{\"@id\":\"https:\\\/\\\/gradido.net\\\/de\\\/#organization\"},\"potentialAction\":[{\"@type\":\"SearchAction\",\"target\":{\"@type\":\"EntryPoint\",\"urlTemplate\":\"https:\\\/\\\/gradido.net\\\/de\\\/?s={search_term_string}\"},\"query-input\":{\"@type\":\"PropertyValueSpecification\",\"valueRequired\":true,\"valueName\":\"search_term_string\"}}],\"inLanguage\":\"tr\"},{\"@type\":\"Organization\",\"@id\":\"https:\\\/\\\/gradido.net\\\/de\\\/#organization\",\"name\":\"Gradido\",\"url\":\"https:\\\/\\\/gradido.net\\\/de\\\/\",\"logo\":{\"@type\":\"ImageObject\",\"inLanguage\":\"tr\",\"@id\":\"https:\\\/\\\/gradido.net\\\/de\\\/#\\\/schema\\\/logo\\\/image\\\/\",\"url\":\"https:\\\/\\\/gradido.net\\\/wp-content\\\/uploads\\\/2022\\\/04\\\/gradido-social.jpg\",\"contentUrl\":\"https:\\\/\\\/gradido.net\\\/wp-content\\\/uploads\\\/2022\\\/04\\\/gradido-social.jpg\",\"width\":527,\"height\":273,\"caption\":\"Gradido\"},\"image\":{\"@id\":\"https:\\\/\\\/gradido.net\\\/de\\\/#\\\/schema\\\/logo\\\/image\\\/\"}},{\"@type\":\"Person\",\"@id\":\"https:\\\/\\\/gradido.net\\\/de\\\/#\\\/schema\\\/person\\\/f57399104ec77f2a2d5a68f479b0492f\",\"name\":\"Philipp Kessler\",\"url\":\"https:\\\/\\\/gradido.net\\\/tr\\\/author\\\/philipp\\\/\"}]}<\/script>\n<!-- \/ Yoast SEO plugin. -->","yoast_head_json":{"title":"B\u00fcy\u00fck \u0130\u015fbirli\u011fi: birlikte iyile\u015fme - Gradido","robots":{"index":"index","follow":"follow","max-snippet":"max-snippet:-1","max-image-preview":"max-image-preview:large","max-video-preview":"max-video-preview:-1"},"canonical":"https:\/\/gradido.net\/tr\/episode-33\/","og_locale":"tr_TR","og_type":"article","og_title":"Great Cooperation: gemeinsam heilsam - Gradido","og_description":"Heil und gl\u00fccklich leben k\u00f6nnen wir nur in der Gemeinschaft, denn dies entspricht der menschlichen Natur. Das soziale Umfeld, in dem wir Zugeh\u00f6rigkeit und Geborgenheit erfahren, hat enormen Einfluss auf die Gesundheit. Corinna Veit tr\u00e4gt in ihrem Kongress das Wissen und die Erfahrungen der verschiedenen Kulturen zu diesem Thema zusammen [56:03]","og_url":"https:\/\/gradido.net\/tr\/episode-33\/","og_site_name":"Gradido","article_published_time":"2021-11-27T06:15:36+00:00","article_modified_time":"2021-11-27T20:25:28+00:00","og_image":[{"width":1458,"height":990,"url":"https:\/\/gradido.net\/wp-content\/uploads\/2021\/11\/podcast_www_veith.jpg","type":"image\/jpeg"}],"author":"Philipp Kessler","twitter_card":"summary_large_image","twitter_misc":{"Yazan:":"Philipp Kessler","Tahmini okuma s\u00fcresi":"2 dakika"},"schema":{"@context":"https:\/\/schema.org","@graph":[{"@type":"Article","@id":"https:\/\/gradido.net\/sk\/episode-33\/#article","isPartOf":{"@id":"https:\/\/gradido.net\/sk\/episode-33\/"},"author":{"name":"Philipp Kessler","@id":"https:\/\/gradido.net\/de\/#\/schema\/person\/f57399104ec77f2a2d5a68f479b0492f"},"headline":"Great Cooperation: gemeinsam heilsam","datePublished":"2021-11-27T06:15:36+00:00","dateModified":"2021-11-27T20:25:28+00:00","mainEntityOfPage":{"@id":"https:\/\/gradido.net\/sk\/episode-33\/"},"wordCount":385,"publisher":{"@id":"https:\/\/gradido.net\/de\/#organization"},"image":{"@id":"https:\/\/gradido.net\/sk\/episode-33\/#primaryimage"},"thumbnailUrl":"https:\/\/gradido.net\/wp-content\/uploads\/2021\/11\/podcast_www_veith.jpg","keywords":["Grundeinkommen"],"articleSection":["Podcast"],"inLanguage":"tr"},{"@type":"WebPage","@id":"https:\/\/gradido.net\/sk\/episode-33\/","url":"https:\/\/gradido.net\/sk\/episode-33\/","name":"B\u00fcy\u00fck \u0130\u015fbirli\u011fi: birlikte iyile\u015fme - Gradido","isPartOf":{"@id":"https:\/\/gradido.net\/de\/#website"},"primaryImageOfPage":{"@id":"https:\/\/gradido.net\/sk\/episode-33\/#primaryimage"},"image":{"@id":"https:\/\/gradido.net\/sk\/episode-33\/#primaryimage"},"thumbnailUrl":"https:\/\/gradido.net\/wp-content\/uploads\/2021\/11\/podcast_www_veith.jpg","datePublished":"2021-11-27T06:15:36+00:00","dateModified":"2021-11-27T20:25:28+00:00","breadcrumb":{"@id":"https:\/\/gradido.net\/sk\/episode-33\/#breadcrumb"},"inLanguage":"tr","potentialAction":[{"@type":"ReadAction","target":["https:\/\/gradido.net\/sk\/episode-33\/"]}]},{"@type":"ImageObject","inLanguage":"tr","@id":"https:\/\/gradido.net\/sk\/episode-33\/#primaryimage","url":"https:\/\/gradido.net\/wp-content\/uploads\/2021\/11\/podcast_www_veith.jpg","contentUrl":"https:\/\/gradido.net\/wp-content\/uploads\/2021\/11\/podcast_www_veith.jpg","width":1458,"height":990},{"@type":"BreadcrumbList","@id":"https:\/\/gradido.net\/sk\/episode-33\/#breadcrumb","itemListElement":[{"@type":"ListItem","position":1,"name":"Startseite","item":"https:\/\/gradido.net\/"},{"@type":"ListItem","position":2,"name":"Great Cooperation: gemeinsam heilsam"}]},{"@type":"WebSite","@id":"https:\/\/gradido.net\/de\/#website","url":"https:\/\/gradido.net\/de\/","name":"Gradido","description":"Yeni para birimi minnettarl\u0131k","publisher":{"@id":"https:\/\/gradido.net\/de\/#organization"},"potentialAction":[{"@type":"SearchAction","target":{"@type":"EntryPoint","urlTemplate":"https:\/\/gradido.net\/de\/?s={search_term_string}"},"query-input":{"@type":"PropertyValueSpecification","valueRequired":true,"valueName":"search_term_string"}}],"inLanguage":"tr"},{"@type":"Organization","@id":"https:\/\/gradido.net\/de\/#organization","name":"Gradido","url":"https:\/\/gradido.net\/de\/","logo":{"@type":"ImageObject","inLanguage":"tr","@id":"https:\/\/gradido.net\/de\/#\/schema\/logo\/image\/","url":"https:\/\/gradido.net\/wp-content\/uploads\/2022\/04\/gradido-social.jpg","contentUrl":"https:\/\/gradido.net\/wp-content\/uploads\/2022\/04\/gradido-social.jpg","width":527,"height":273,"caption":"Gradido"},"image":{"@id":"https:\/\/gradido.net\/de\/#\/schema\/logo\/image\/"}},{"@type":"Person","@id":"https:\/\/gradido.net\/de\/#\/schema\/person\/f57399104ec77f2a2d5a68f479b0492f","name":"Philipp Kessler","url":"https:\/\/gradido.net\/tr\/author\/philipp\/"}]}},"_links":{"self":[{"href":"https:\/\/gradido.net\/tr\/wp-json\/wp\/v2\/posts\/3636","targetHints":{"allow":["GET"]}}],"collection":[{"href":"https:\/\/gradido.net\/tr\/wp-json\/wp\/v2\/posts"}],"about":[{"href":"https:\/\/gradido.net\/tr\/wp-json\/wp\/v2\/types\/post"}],"author":[{"embeddable":true,"href":"https:\/\/gradido.net\/tr\/wp-json\/wp\/v2\/users\/12"}],"replies":[{"embeddable":true,"href":"https:\/\/gradido.net\/tr\/wp-json\/wp\/v2\/comments?post=3636"}],"version-history":[{"count":26,"href":"https:\/\/gradido.net\/tr\/wp-json\/wp\/v2\/posts\/3636\/revisions"}],"predecessor-version":[{"id":3665,"href":"https:\/\/gradido.net\/tr\/wp-json\/wp\/v2\/posts\/3636\/revisions\/3665"}],"wp:featuredmedia":[{"embeddable":true,"href":"https:\/\/gradido.net\/tr\/wp-json\/wp\/v2\/media\/3634"}],"wp:attachment":[{"href":"https:\/\/gradido.net\/tr\/wp-json\/wp\/v2\/media?parent=3636"}],"wp:term":[{"taxonomy":"category","embeddable":true,"href":"https:\/\/gradido.net\/tr\/wp-json\/wp\/v2\/categories?post=3636"},{"taxonomy":"post_tag","embeddable":true,"href":"https:\/\/gradido.net\/tr\/wp-json\/wp\/v2\/tags?post=3636"}],"curies":[{"name":"wp","href":"https:\/\/api.w.org\/{rel}","templated":true}]}}