{"id":3976,"date":"2022-02-12T09:00:31","date_gmt":"2022-02-12T08:00:31","guid":{"rendered":"https:\/\/gradido.net\/?p=3976"},"modified":"2022-02-16T18:46:01","modified_gmt":"2022-02-16T17:46:01","slug":"episode-39","status":"publish","type":"post","link":"https:\/\/gradido.net\/tr\/episode-39\/","title":{"rendered":"B\u00fcy\u00fck \u0130\u015fbirli\u011fi: so\u011fuk f\u00fczyon - herkes i\u00e7in s\u0131n\u0131rs\u0131z temiz enerji"},"content":{"rendered":"<div data-elementor-type=\"wp-post\" data-elementor-id=\"3976\" class=\"elementor elementor-3976\" data-elementor-post-type=\"post\">\n\t\t\t\t\t\t<section class=\"elementor-section elementor-top-section elementor-element elementor-element-496e1d53 elementor-section-boxed elementor-section-height-default elementor-section-height-default\" data-id=\"496e1d53\" data-element_type=\"section\" data-e-type=\"section\">\n\t\t\t\t\t\t<div class=\"elementor-container elementor-column-gap-default\">\n\t\t\t\t\t<div class=\"elementor-column elementor-col-100 elementor-top-column elementor-element elementor-element-461d7be0\" data-id=\"461d7be0\" data-element_type=\"column\" data-e-type=\"column\">\n\t\t\t<div class=\"elementor-widget-wrap elementor-element-populated\">\n\t\t\t\t\t\t<div class=\"elementor-element elementor-element-cd9ebe2 elementor-widget elementor-widget-text-editor\" data-id=\"cd9ebe2\" data-element_type=\"widget\" data-e-type=\"widget\" data-widget_type=\"text-editor.default\">\n\t\t\t\t<div class=\"elementor-widget-container\">\n\t\t\t\t\t\t\t\t\t<h2>Konuk: Willi Meinders<\/h2>\t\t\t\t\t\t\t\t<\/div>\n\t\t\t\t<\/div>\n\t\t\t\t\t<\/div>\n\t\t<\/div>\n\t\t\t\t\t<\/div>\n\t\t<\/section>\n\t\t\t\t<section class=\"elementor-section elementor-top-section elementor-element elementor-element-2f93e3c3 elementor-section-boxed elementor-section-height-default elementor-section-height-default\" data-id=\"2f93e3c3\" data-element_type=\"section\" data-e-type=\"section\">\n\t\t\t\t\t\t<div class=\"elementor-container elementor-column-gap-default\">\n\t\t\t\t\t<div class=\"elementor-column elementor-col-100 elementor-top-column elementor-element elementor-element-5a9dfd19\" data-id=\"5a9dfd19\" data-element_type=\"column\" data-e-type=\"column\">\n\t\t\t<div class=\"elementor-widget-wrap elementor-element-populated\">\n\t\t\t\t\t\t<div class=\"elementor-element elementor-element-9cdb6b8 elementor-widget elementor-widget-html\" data-id=\"9cdb6b8\" data-element_type=\"widget\" data-e-type=\"widget\" data-widget_type=\"html.default\">\n\t\t\t\t<div class=\"elementor-widget-container\">\n\t\t\t\t\t<script class=\"podigee-podcast-player\" src=\"https:\/\/player.podigee-cdn.net\/podcast-player\/javascripts\/podigee-podcast-player.js\" data-configuration=\"https:\/\/gradido.podigee.io\/39-neue-episode\/embed?context=external&token=f2Iqn9Wt-EKLflEbS_9vtQ\"><\/script>\t\t\t\t<\/div>\n\t\t\t\t<\/div>\n\t\t\t\t\t<\/div>\n\t\t<\/div>\n\t\t\t\t\t<\/div>\n\t\t<\/section>\n\t\t\t\t<section class=\"elementor-section elementor-top-section elementor-element elementor-element-585c640 elementor-section-boxed elementor-section-height-default elementor-section-height-default\" data-id=\"585c640\" data-element_type=\"section\" data-e-type=\"section\">\n\t\t\t\t\t\t<div class=\"elementor-container elementor-column-gap-default\">\n\t\t\t\t\t<div class=\"elementor-column elementor-col-50 elementor-top-column elementor-element elementor-element-13c250b\" data-id=\"13c250b\" data-element_type=\"column\" data-e-type=\"column\">\n\t\t\t<div class=\"elementor-widget-wrap elementor-element-populated\">\n\t\t\t\t\t\t<div class=\"elementor-element elementor-element-0561949 elementor-widget elementor-widget-text-editor\" data-id=\"0561949\" data-element_type=\"widget\" data-e-type=\"widget\" data-widget_type=\"text-editor.default\">\n\t\t\t\t<div class=\"elementor-widget-container\">\n\t\t\t\t\t\t\t\t\t<p>Hayat\u0131m\u0131z\u0131n \u00f6nemli bir b\u00f6l\u00fcm\u00fcnde enerji maliyetlerimizi kar\u015f\u0131lamak i\u00e7in \u00e7al\u0131\u015f\u0131yoruz. Yayg\u0131n anlat\u0131ya g\u00f6re enerji \u00fcretimi \u00e7ok fazla kaynak gerektiriyor. Serbest enerji hayali hala \u00e7ok uzak g\u00f6r\u00fcn\u00fcyor<\/p><p>Her ne kadar serbest enerjiye y\u00f6nelik \u00e7aba ve ara\u015ft\u0131rmalar yap\u0131lsa da, b\u00fcy\u00fck enerji santrallerine sahip eski, merkezi enerji end\u00fcstrisi hala yerini korumaktad\u0131r. Kendimizi bu kurumsal g\u00fc\u00e7ten nas\u0131l kurtarabiliriz?<\/p><p>Bug\u00fcnk\u00fc konu\u011fumuz Willi Meinders 1946 y\u0131l\u0131nda do\u011fdu ve bankac\u0131l\u0131k staj\u0131n\u0131 tamamlad\u0131ktan sonra Alman Silahl\u0131 Kuvvetleri'nde g\u00f6rev yapt\u0131. Daha sonra sanayi \u015firketlerinde personel m\u00fcd\u00fcr\u00fc ve sanayi dan\u0131\u015fman\u0131 olarak \u00e7al\u0131\u015ft\u0131. Ancak onun tutkusu, deneyimli fizik\u00e7ilerin bile uzmanl\u0131\u011f\u0131na g\u00fcvendi\u011fi kadar yo\u011fun bir \u015fekilde \u00e7al\u0131\u015ft\u0131\u011f\u0131 so\u011fuk f\u00fczyondur. Uzun s\u00fcre so\u011fuk f\u00fczyon \u00fczerine bir blog y\u00f6netti ve 2021'in ortalar\u0131nda \"So\u011fuk n\u00fckleer reaksiyon - en ucuz ve en temiz enerji haz\u0131r\" adl\u0131 kitab\u0131n\u0131 yay\u0131nlad\u0131.<\/p><p>Willi Meinders bize serbest enerjinin \u00e7o\u011fu insan\u0131n d\u00fc\u015f\u00fcnd\u00fc\u011f\u00fcnden ve hatta modern bilimin kabul etmek istedi\u011finden daha yak\u0131n oldu\u011funu g\u00f6steriyor. Ara\u015ft\u0131rmalar\u0131 s\u0131ras\u0131nda, ana ak\u0131m bilim taraf\u0131ndan g\u00f6z ard\u0131 edilen ve \u015fu anda ticarile\u015fmenin e\u015fi\u011finde olan bir so\u011fuk f\u00fczyon s\u00fcrecini geli\u015ftirdi\u011fi kan\u0131tlanm\u0131\u015f olan mucit Andrea Rossi ile kar\u015f\u0131la\u015ft\u0131. \u0130catlar\u0131ndan biri olan 'E-Cat', tamamen temiz, zarars\u0131z ve ucuz bir \u015fekilde elektrik \u00fcretmek i\u00e7in f\u00fczyon reaksiyonu kullanan k\u00fc\u00e7\u00fck bir k\u00fcp. E-Cat \u015fimdi yakla\u015f\u0131k 250 $ fiyatla \u00f6n sipari\u015f edilebilir ve tamamen risksizdir, \u00e7\u00fcnk\u00fc yaln\u0131zca teslim edildi\u011finde \u00f6deme yapars\u0131n\u0131z. Andrea Rossi bir milyon \u00f6n sipari\u015f al\u0131r almaz \u00fcretim ve teslimat ba\u015flayacakt\u0131r.<\/p><p>E-Cat bizi t\u00fcm insanl\u0131k ailesi i\u00e7in \u00f6zg\u00fcr ve merkezi olmayan bir enerji tedarikine kararl\u0131 bir ad\u0131m daha yakla\u015ft\u0131r\u0131yor.<\/p><p>Sola:<\/p><p><a href=\"https:\/\/www.novumverlag.com\/onlineshop\/ratgeber-sachbuch\/sonstiges-allerlei\/kalte-kernreaktion.html\">So\u011fuk n\u00fckleer reaksiyon - en ucuz ve en temiz enerji elinizin alt\u0131nda<\/a><\/p><p><a href=\"https:\/\/coldreaction.net\/\">Willi Meinders taraf\u0131ndan yap\u0131lan ara\u015ft\u0131rman\u0131n tamam\u0131<\/a><\/p><p><a href=\"https:\/\/ecat.com\/\">E-cat sipari\u015f edin: https:\/\/ecat.com\/<\/a><\/p><p><a href=\"https:\/\/bit.ly\/kkf-13\">LENR hakk\u0131nda Wiki, bkz. LENR.wiki 2012 tarihli LENR hakk\u0131ndaki AB raporu.<\/a><\/p><p><a href=\"https:\/\/bit.ly\/kkf-14\">AB Komisyonu'nun LENR ile ilgili bir soru \u00f6nergesine verdi\u011fi cevap<\/a><\/p><p><a href=\"https:\/\/www.cleanhme.eu\/\">AB'nin 1 numaral\u0131 ara\u015ft\u0131rma projesi<\/a><\/p><p><a href=\"https:\/\/bit.ly\/hermes-eu\">AB Ara\u015ft\u0131rma Projesi No. 2, HERMES Projesi<\/a><\/p><p><a href=\"https:\/\/bit.ly\/kkf-19\">Almanca dilinde az bilinen patent (Airbus)<\/a><\/p>\t\t\t\t\t\t\t\t<\/div>\n\t\t\t\t<\/div>\n\t\t\t\t\t<\/div>\n\t\t<\/div>\n\t\t\t\t<div class=\"elementor-column elementor-col-50 elementor-top-column elementor-element elementor-element-e0d795e\" data-id=\"e0d795e\" data-element_type=\"column\" data-e-type=\"column\">\n\t\t\t<div class=\"elementor-widget-wrap elementor-element-populated\">\n\t\t\t\t\t\t<div class=\"elementor-element elementor-element-8c61bad elementor-widget elementor-widget-image\" data-id=\"8c61bad\" data-element_type=\"widget\" data-e-type=\"widget\" data-widget_type=\"image.default\">\n\t\t\t\t<div class=\"elementor-widget-container\">\n\t\t\t\t\t\t\t\t\t\t\t\t\t\t\t<img fetchpriority=\"high\" decoding=\"async\" width=\"800\" height=\"800\" src=\"https:\/\/gradido.net\/wp-content\/uploads\/2022\/02\/gradido_podcast_meinders-1024x1024.jpg\" class=\"attachment-large size-large wp-image-3952\" alt=\"\" srcset=\"https:\/\/gradido.net\/wp-content\/uploads\/2022\/02\/gradido_podcast_meinders-1024x1024.jpg 1024w, https:\/\/gradido.net\/wp-content\/uploads\/2022\/02\/gradido_podcast_meinders-300x300.jpg 300w, https:\/\/gradido.net\/wp-content\/uploads\/2022\/02\/gradido_podcast_meinders-150x150.jpg 150w, https:\/\/gradido.net\/wp-content\/uploads\/2022\/02\/gradido_podcast_meinders-768x768.jpg 768w, https:\/\/gradido.net\/wp-content\/uploads\/2022\/02\/gradido_podcast_meinders-1536x1536.jpg 1536w, https:\/\/gradido.net\/wp-content\/uploads\/2022\/02\/gradido_podcast_meinders-12x12.jpg 12w, https:\/\/gradido.net\/wp-content\/uploads\/2022\/02\/gradido_podcast_meinders.jpg 1800w\" sizes=\"(max-width: 800px) 100vw, 800px\" \/>\t\t\t\t\t\t\t\t\t\t\t\t\t\t\t<\/div>\n\t\t\t\t<\/div>\n\t\t\t\t<div class=\"elementor-element elementor-element-ceab137 elementor-widget elementor-widget-text-editor\" data-id=\"ceab137\" data-element_type=\"widget\" data-e-type=\"widget\" data-widget_type=\"text-editor.default\">\n\t\t\t\t<div class=\"elementor-widget-container\">\n\t\t\t\t\t\t\t\t\t<p><a href=\"https:\/\/youtu.be\/8CYNMFfzL1s\" target=\"_blank\" rel=\"noopener\">YouTube'da dinleyin<\/a><\/p>\t\t\t\t\t\t\t\t<\/div>\n\t\t\t\t<\/div>\n\t\t\t\t\t<\/div>\n\t\t<\/div>\n\t\t\t\t\t<\/div>\n\t\t<\/section>\n\t\t\t\t<section class=\"elementor-section elementor-top-section elementor-element elementor-element-d051609 elementor-section-boxed elementor-section-height-default elementor-section-height-default\" data-id=\"d051609\" data-element_type=\"section\" data-e-type=\"section\">\n\t\t\t\t\t\t<div class=\"elementor-container elementor-column-gap-default\">\n\t\t\t\t\t<div class=\"elementor-column elementor-col-100 elementor-top-column elementor-element elementor-element-13cc168\" data-id=\"13cc168\" data-element_type=\"column\" data-e-type=\"column\">\n\t\t\t<div class=\"elementor-widget-wrap elementor-element-populated\">\n\t\t\t\t\t\t<div class=\"elementor-element elementor-element-b43b3ee elementor-widget elementor-widget-heading\" data-id=\"b43b3ee\" data-element_type=\"widget\" data-e-type=\"widget\" data-widget_type=\"heading.default\">\n\t\t\t\t<div class=\"elementor-widget-container\">\n\t\t\t\t\t<h2 class=\"elementor-heading-title elementor-size-default\">Transkript (otomatik olarak \u00e7evrilmi\u015ftir)<\/h2>\t\t\t\t<\/div>\n\t\t\t\t<\/div>\n\t\t\t\t\t<\/div>\n\t\t<\/div>\n\t\t\t\t\t<\/div>\n\t\t<\/section>\n\t\t\t\t<section class=\"elementor-section elementor-top-section elementor-element elementor-element-474427c elementor-section-boxed elementor-section-height-default elementor-section-height-default\" data-id=\"474427c\" data-element_type=\"section\" data-e-type=\"section\">\n\t\t\t\t\t\t<div class=\"elementor-container elementor-column-gap-default\">\n\t\t\t\t\t<div class=\"elementor-column elementor-col-100 elementor-top-column elementor-element elementor-element-6041f12\" data-id=\"6041f12\" data-element_type=\"column\" data-e-type=\"column\">\n\t\t\t<div class=\"elementor-widget-wrap elementor-element-populated\">\n\t\t\t\t\t\t\t<\/div>\n\t\t<\/div>\n\t\t\t\t\t<\/div>\n\t\t<\/section>\n\t\t\t\t<\/div>","protected":false},"excerpt":{"rendered":"<p>Willi Meinders wurde durch seine Recherchen zum Experten \u00fcber die aktuellen Forschungen zur kalten Fusion. Er zeigt uns auf, dass diese Technologie kurz vor der Kommerzialisierung steht und unsere Energieversorgung nachhaltig ver\u00e4ndern wird. Mit der kalten Fusion k\u00f6nnen wir freie Energie sicher und unbedenklich im Alltag nutzen [59:51]<\/p>\n","protected":false},"author":12,"featured_media":3953,"comment_status":"closed","ping_status":"closed","sticky":false,"template":"","format":"standard","meta":{"footnotes":""},"categories":[19],"tags":[16],"class_list":["post-3976","post","type-post","status-publish","format-standard","has-post-thumbnail","hentry","category-podcast","tag-grundeinkommen"],"yoast_head":"<!-- This site is optimized with the Yoast SEO plugin v27.5 - https:\/\/yoast.com\/product\/yoast-seo-wordpress\/ -->\n<title>Great Cooperation: kalte Fusion \u2013 unbegrenzte saubere Energie f\u00fcr alle - Gradido<\/title>\n<meta name=\"robots\" content=\"index, follow, max-snippet:-1, max-image-preview:large, max-video-preview:-1\" \/>\n<link rel=\"canonical\" href=\"https:\/\/gradido.net\/tr\/episode-39\/\" \/>\n<meta property=\"og:locale\" content=\"tr_TR\" \/>\n<meta property=\"og:type\" content=\"article\" \/>\n<meta property=\"og:title\" content=\"Great Cooperation: kalte Fusion \u2013 unbegrenzte saubere Energie f\u00fcr alle - Gradido\" \/>\n<meta property=\"og:description\" content=\"Willi Meinders wurde durch seine Recherchen zum Experten \u00fcber die aktuellen Forschungen zur kalten Fusion. Er zeigt uns auf, dass diese Technologie kurz vor der Kommerzialisierung steht und unsere Energieversorgung nachhaltig ver\u00e4ndern wird. Mit der kalten Fusion k\u00f6nnen wir freie Energie sicher und unbedenklich im Alltag nutzen [59:51]\" \/>\n<meta property=\"og:url\" content=\"https:\/\/gradido.net\/tr\/episode-39\/\" \/>\n<meta property=\"og:site_name\" content=\"Gradido\" \/>\n<meta property=\"article:published_time\" content=\"2022-02-12T08:00:31+00:00\" \/>\n<meta property=\"article:modified_time\" content=\"2022-02-16T17:46:01+00:00\" \/>\n<meta property=\"og:image\" content=\"https:\/\/gradido.net\/wp-content\/uploads\/2022\/02\/podcast_www_meinders.jpg\" \/>\n\t<meta property=\"og:image:width\" content=\"1458\" \/>\n\t<meta property=\"og:image:height\" content=\"990\" \/>\n\t<meta property=\"og:image:type\" content=\"image\/jpeg\" \/>\n<meta name=\"author\" content=\"Philipp Kessler\" \/>\n<meta name=\"twitter:card\" content=\"summary_large_image\" \/>\n<meta name=\"twitter:label1\" content=\"Yazan:\" \/>\n\t<meta name=\"twitter:data1\" content=\"Philipp Kessler\" \/>\n\t<meta name=\"twitter:label2\" content=\"Tahmini okuma s\u00fcresi\" \/>\n\t<meta name=\"twitter:data2\" content=\"2 dakika\" \/>\n<script type=\"application\/ld+json\" class=\"yoast-schema-graph\">{\"@context\":\"https:\\\/\\\/schema.org\",\"@graph\":[{\"@type\":\"Article\",\"@id\":\"https:\\\/\\\/gradido.net\\\/pl\\\/episode-39\\\/#article\",\"isPartOf\":{\"@id\":\"https:\\\/\\\/gradido.net\\\/pl\\\/episode-39\\\/\"},\"author\":{\"name\":\"Philipp Kessler\",\"@id\":\"https:\\\/\\\/gradido.net\\\/de\\\/#\\\/schema\\\/person\\\/f57399104ec77f2a2d5a68f479b0492f\"},\"headline\":\"Great Cooperation: kalte Fusion \u2013 unbegrenzte saubere Energie f\u00fcr alle\",\"datePublished\":\"2022-02-12T08:00:31+00:00\",\"dateModified\":\"2022-02-16T17:46:01+00:00\",\"mainEntityOfPage\":{\"@id\":\"https:\\\/\\\/gradido.net\\\/pl\\\/episode-39\\\/\"},\"wordCount\":359,\"publisher\":{\"@id\":\"https:\\\/\\\/gradido.net\\\/de\\\/#organization\"},\"image\":{\"@id\":\"https:\\\/\\\/gradido.net\\\/pl\\\/episode-39\\\/#primaryimage\"},\"thumbnailUrl\":\"https:\\\/\\\/gradido.net\\\/wp-content\\\/uploads\\\/2022\\\/02\\\/podcast_www_meinders.jpg\",\"keywords\":[\"Grundeinkommen\"],\"articleSection\":[\"Podcast\"],\"inLanguage\":\"tr\"},{\"@type\":\"WebPage\",\"@id\":\"https:\\\/\\\/gradido.net\\\/pl\\\/episode-39\\\/\",\"url\":\"https:\\\/\\\/gradido.net\\\/pl\\\/episode-39\\\/\",\"name\":\"Great Cooperation: kalte Fusion \u2013 unbegrenzte saubere Energie f\u00fcr alle - Gradido\",\"isPartOf\":{\"@id\":\"https:\\\/\\\/gradido.net\\\/de\\\/#website\"},\"primaryImageOfPage\":{\"@id\":\"https:\\\/\\\/gradido.net\\\/pl\\\/episode-39\\\/#primaryimage\"},\"image\":{\"@id\":\"https:\\\/\\\/gradido.net\\\/pl\\\/episode-39\\\/#primaryimage\"},\"thumbnailUrl\":\"https:\\\/\\\/gradido.net\\\/wp-content\\\/uploads\\\/2022\\\/02\\\/podcast_www_meinders.jpg\",\"datePublished\":\"2022-02-12T08:00:31+00:00\",\"dateModified\":\"2022-02-16T17:46:01+00:00\",\"breadcrumb\":{\"@id\":\"https:\\\/\\\/gradido.net\\\/pl\\\/episode-39\\\/#breadcrumb\"},\"inLanguage\":\"tr\",\"potentialAction\":[{\"@type\":\"ReadAction\",\"target\":[\"https:\\\/\\\/gradido.net\\\/pl\\\/episode-39\\\/\"]}]},{\"@type\":\"ImageObject\",\"inLanguage\":\"tr\",\"@id\":\"https:\\\/\\\/gradido.net\\\/pl\\\/episode-39\\\/#primaryimage\",\"url\":\"https:\\\/\\\/gradido.net\\\/wp-content\\\/uploads\\\/2022\\\/02\\\/podcast_www_meinders.jpg\",\"contentUrl\":\"https:\\\/\\\/gradido.net\\\/wp-content\\\/uploads\\\/2022\\\/02\\\/podcast_www_meinders.jpg\",\"width\":1458,\"height\":990},{\"@type\":\"BreadcrumbList\",\"@id\":\"https:\\\/\\\/gradido.net\\\/pl\\\/episode-39\\\/#breadcrumb\",\"itemListElement\":[{\"@type\":\"ListItem\",\"position\":1,\"name\":\"Startseite\",\"item\":\"https:\\\/\\\/gradido.net\\\/\"},{\"@type\":\"ListItem\",\"position\":2,\"name\":\"Great Cooperation: kalte Fusion \u2013 unbegrenzte saubere Energie f\u00fcr alle\"}]},{\"@type\":\"WebSite\",\"@id\":\"https:\\\/\\\/gradido.net\\\/de\\\/#website\",\"url\":\"https:\\\/\\\/gradido.net\\\/de\\\/\",\"name\":\"Gradido\",\"description\":\"Die neue W\u00e4hrung hei\u00dft Dankbarkeit\",\"publisher\":{\"@id\":\"https:\\\/\\\/gradido.net\\\/de\\\/#organization\"},\"potentialAction\":[{\"@type\":\"SearchAction\",\"target\":{\"@type\":\"EntryPoint\",\"urlTemplate\":\"https:\\\/\\\/gradido.net\\\/de\\\/?s={search_term_string}\"},\"query-input\":{\"@type\":\"PropertyValueSpecification\",\"valueRequired\":true,\"valueName\":\"search_term_string\"}}],\"inLanguage\":\"tr\"},{\"@type\":\"Organization\",\"@id\":\"https:\\\/\\\/gradido.net\\\/de\\\/#organization\",\"name\":\"Gradido\",\"url\":\"https:\\\/\\\/gradido.net\\\/de\\\/\",\"logo\":{\"@type\":\"ImageObject\",\"inLanguage\":\"tr\",\"@id\":\"https:\\\/\\\/gradido.net\\\/de\\\/#\\\/schema\\\/logo\\\/image\\\/\",\"url\":\"https:\\\/\\\/gradido.net\\\/wp-content\\\/uploads\\\/2022\\\/04\\\/gradido-social.jpg\",\"contentUrl\":\"https:\\\/\\\/gradido.net\\\/wp-content\\\/uploads\\\/2022\\\/04\\\/gradido-social.jpg\",\"width\":527,\"height\":273,\"caption\":\"Gradido\"},\"image\":{\"@id\":\"https:\\\/\\\/gradido.net\\\/de\\\/#\\\/schema\\\/logo\\\/image\\\/\"}},{\"@type\":\"Person\",\"@id\":\"https:\\\/\\\/gradido.net\\\/de\\\/#\\\/schema\\\/person\\\/f57399104ec77f2a2d5a68f479b0492f\",\"name\":\"Philipp Kessler\",\"url\":\"https:\\\/\\\/gradido.net\\\/tr\\\/author\\\/philipp\\\/\"}]}<\/script>\n<!-- \/ Yoast SEO plugin. -->","yoast_head_json":{"title":"B\u00fcy\u00fck \u0130\u015fbirli\u011fi: so\u011fuk f\u00fczyon - herkes i\u00e7in s\u0131n\u0131rs\u0131z temiz enerji - Gradido","robots":{"index":"index","follow":"follow","max-snippet":"max-snippet:-1","max-image-preview":"max-image-preview:large","max-video-preview":"max-video-preview:-1"},"canonical":"https:\/\/gradido.net\/tr\/episode-39\/","og_locale":"tr_TR","og_type":"article","og_title":"Great Cooperation: kalte Fusion \u2013 unbegrenzte saubere Energie f\u00fcr alle - Gradido","og_description":"Willi Meinders wurde durch seine Recherchen zum Experten \u00fcber die aktuellen Forschungen zur kalten Fusion. Er zeigt uns auf, dass diese Technologie kurz vor der Kommerzialisierung steht und unsere Energieversorgung nachhaltig ver\u00e4ndern wird. Mit der kalten Fusion k\u00f6nnen wir freie Energie sicher und unbedenklich im Alltag nutzen [59:51]","og_url":"https:\/\/gradido.net\/tr\/episode-39\/","og_site_name":"Gradido","article_published_time":"2022-02-12T08:00:31+00:00","article_modified_time":"2022-02-16T17:46:01+00:00","og_image":[{"width":1458,"height":990,"url":"https:\/\/gradido.net\/wp-content\/uploads\/2022\/02\/podcast_www_meinders.jpg","type":"image\/jpeg"}],"author":"Philipp Kessler","twitter_card":"summary_large_image","twitter_misc":{"Yazan:":"Philipp Kessler","Tahmini okuma s\u00fcresi":"2 dakika"},"schema":{"@context":"https:\/\/schema.org","@graph":[{"@type":"Article","@id":"https:\/\/gradido.net\/pl\/episode-39\/#article","isPartOf":{"@id":"https:\/\/gradido.net\/pl\/episode-39\/"},"author":{"name":"Philipp Kessler","@id":"https:\/\/gradido.net\/de\/#\/schema\/person\/f57399104ec77f2a2d5a68f479b0492f"},"headline":"Great Cooperation: kalte Fusion \u2013 unbegrenzte saubere Energie f\u00fcr alle","datePublished":"2022-02-12T08:00:31+00:00","dateModified":"2022-02-16T17:46:01+00:00","mainEntityOfPage":{"@id":"https:\/\/gradido.net\/pl\/episode-39\/"},"wordCount":359,"publisher":{"@id":"https:\/\/gradido.net\/de\/#organization"},"image":{"@id":"https:\/\/gradido.net\/pl\/episode-39\/#primaryimage"},"thumbnailUrl":"https:\/\/gradido.net\/wp-content\/uploads\/2022\/02\/podcast_www_meinders.jpg","keywords":["Grundeinkommen"],"articleSection":["Podcast"],"inLanguage":"tr"},{"@type":"WebPage","@id":"https:\/\/gradido.net\/pl\/episode-39\/","url":"https:\/\/gradido.net\/pl\/episode-39\/","name":"B\u00fcy\u00fck \u0130\u015fbirli\u011fi: so\u011fuk f\u00fczyon - herkes i\u00e7in s\u0131n\u0131rs\u0131z temiz enerji - Gradido","isPartOf":{"@id":"https:\/\/gradido.net\/de\/#website"},"primaryImageOfPage":{"@id":"https:\/\/gradido.net\/pl\/episode-39\/#primaryimage"},"image":{"@id":"https:\/\/gradido.net\/pl\/episode-39\/#primaryimage"},"thumbnailUrl":"https:\/\/gradido.net\/wp-content\/uploads\/2022\/02\/podcast_www_meinders.jpg","datePublished":"2022-02-12T08:00:31+00:00","dateModified":"2022-02-16T17:46:01+00:00","breadcrumb":{"@id":"https:\/\/gradido.net\/pl\/episode-39\/#breadcrumb"},"inLanguage":"tr","potentialAction":[{"@type":"ReadAction","target":["https:\/\/gradido.net\/pl\/episode-39\/"]}]},{"@type":"ImageObject","inLanguage":"tr","@id":"https:\/\/gradido.net\/pl\/episode-39\/#primaryimage","url":"https:\/\/gradido.net\/wp-content\/uploads\/2022\/02\/podcast_www_meinders.jpg","contentUrl":"https:\/\/gradido.net\/wp-content\/uploads\/2022\/02\/podcast_www_meinders.jpg","width":1458,"height":990},{"@type":"BreadcrumbList","@id":"https:\/\/gradido.net\/pl\/episode-39\/#breadcrumb","itemListElement":[{"@type":"ListItem","position":1,"name":"Startseite","item":"https:\/\/gradido.net\/"},{"@type":"ListItem","position":2,"name":"Great Cooperation: kalte Fusion \u2013 unbegrenzte saubere Energie f\u00fcr alle"}]},{"@type":"WebSite","@id":"https:\/\/gradido.net\/de\/#website","url":"https:\/\/gradido.net\/de\/","name":"Gradido","description":"Yeni para birimi minnettarl\u0131k","publisher":{"@id":"https:\/\/gradido.net\/de\/#organization"},"potentialAction":[{"@type":"SearchAction","target":{"@type":"EntryPoint","urlTemplate":"https:\/\/gradido.net\/de\/?s={search_term_string}"},"query-input":{"@type":"PropertyValueSpecification","valueRequired":true,"valueName":"search_term_string"}}],"inLanguage":"tr"},{"@type":"Organization","@id":"https:\/\/gradido.net\/de\/#organization","name":"Gradido","url":"https:\/\/gradido.net\/de\/","logo":{"@type":"ImageObject","inLanguage":"tr","@id":"https:\/\/gradido.net\/de\/#\/schema\/logo\/image\/","url":"https:\/\/gradido.net\/wp-content\/uploads\/2022\/04\/gradido-social.jpg","contentUrl":"https:\/\/gradido.net\/wp-content\/uploads\/2022\/04\/gradido-social.jpg","width":527,"height":273,"caption":"Gradido"},"image":{"@id":"https:\/\/gradido.net\/de\/#\/schema\/logo\/image\/"}},{"@type":"Person","@id":"https:\/\/gradido.net\/de\/#\/schema\/person\/f57399104ec77f2a2d5a68f479b0492f","name":"Philipp Kessler","url":"https:\/\/gradido.net\/tr\/author\/philipp\/"}]}},"_links":{"self":[{"href":"https:\/\/gradido.net\/tr\/wp-json\/wp\/v2\/posts\/3976","targetHints":{"allow":["GET"]}}],"collection":[{"href":"https:\/\/gradido.net\/tr\/wp-json\/wp\/v2\/posts"}],"about":[{"href":"https:\/\/gradido.net\/tr\/wp-json\/wp\/v2\/types\/post"}],"author":[{"embeddable":true,"href":"https:\/\/gradido.net\/tr\/wp-json\/wp\/v2\/users\/12"}],"replies":[{"embeddable":true,"href":"https:\/\/gradido.net\/tr\/wp-json\/wp\/v2\/comments?post=3976"}],"version-history":[{"count":8,"href":"https:\/\/gradido.net\/tr\/wp-json\/wp\/v2\/posts\/3976\/revisions"}],"predecessor-version":[{"id":3989,"href":"https:\/\/gradido.net\/tr\/wp-json\/wp\/v2\/posts\/3976\/revisions\/3989"}],"wp:featuredmedia":[{"embeddable":true,"href":"https:\/\/gradido.net\/tr\/wp-json\/wp\/v2\/media\/3953"}],"wp:attachment":[{"href":"https:\/\/gradido.net\/tr\/wp-json\/wp\/v2\/media?parent=3976"}],"wp:term":[{"taxonomy":"category","embeddable":true,"href":"https:\/\/gradido.net\/tr\/wp-json\/wp\/v2\/categories?post=3976"},{"taxonomy":"post_tag","embeddable":true,"href":"https:\/\/gradido.net\/tr\/wp-json\/wp\/v2\/tags?post=3976"}],"curies":[{"name":"wp","href":"https:\/\/api.w.org\/{rel}","templated":true}]}}