{"id":4039,"date":"2022-03-05T09:00:52","date_gmt":"2022-03-05T08:00:52","guid":{"rendered":"https:\/\/gradido.net\/?p=4039"},"modified":"2022-03-05T09:32:06","modified_gmt":"2022-03-05T08:32:06","slug":"episode-41","status":"publish","type":"post","link":"https:\/\/gradido.net\/tr\/episode-41\/","title":{"rendered":"B\u00fcy\u00fck \u0130\u015fbirli\u011fi: Gradido hesab\u0131 - yeni d\u00fcnya i\u00e7in ortak tasar\u0131m arac\u0131"},"content":{"rendered":"<div data-elementor-type=\"wp-post\" data-elementor-id=\"4039\" class=\"elementor elementor-4039\" data-elementor-post-type=\"post\">\n\t\t\t\t\t\t<section class=\"elementor-section elementor-top-section elementor-element elementor-element-496e1d53 elementor-section-boxed elementor-section-height-default elementor-section-height-default\" data-id=\"496e1d53\" data-element_type=\"section\" data-e-type=\"section\">\n\t\t\t\t\t\t<div class=\"elementor-container elementor-column-gap-default\">\n\t\t\t\t\t<div class=\"elementor-column elementor-col-100 elementor-top-column elementor-element elementor-element-461d7be0\" data-id=\"461d7be0\" data-element_type=\"column\" data-e-type=\"column\">\n\t\t\t<div class=\"elementor-widget-wrap elementor-element-populated\">\n\t\t\t\t\t\t<div class=\"elementor-element elementor-element-cd9ebe2 elementor-widget elementor-widget-text-editor\" data-id=\"cd9ebe2\" data-element_type=\"widget\" data-e-type=\"widget\" data-widget_type=\"text-editor.default\">\n\t\t\t\t<div class=\"elementor-widget-container\">\n\t\t\t\t\t\t\t\t\t<h2>Konuk: Claus-Peter H\u00fcbner ve Ulf Gebhardt<\/h2>\t\t\t\t\t\t\t\t<\/div>\n\t\t\t\t<\/div>\n\t\t\t\t\t<\/div>\n\t\t<\/div>\n\t\t\t\t\t<\/div>\n\t\t<\/section>\n\t\t\t\t<section class=\"elementor-section elementor-top-section elementor-element elementor-element-2f93e3c3 elementor-section-boxed elementor-section-height-default elementor-section-height-default\" data-id=\"2f93e3c3\" data-element_type=\"section\" data-e-type=\"section\">\n\t\t\t\t\t\t<div class=\"elementor-container elementor-column-gap-default\">\n\t\t\t\t\t<div class=\"elementor-column elementor-col-100 elementor-top-column elementor-element elementor-element-5a9dfd19\" data-id=\"5a9dfd19\" data-element_type=\"column\" data-e-type=\"column\">\n\t\t\t<div class=\"elementor-widget-wrap elementor-element-populated\">\n\t\t\t\t\t\t<div class=\"elementor-element elementor-element-9cdb6b8 elementor-widget elementor-widget-html\" data-id=\"9cdb6b8\" data-element_type=\"widget\" data-e-type=\"widget\" data-widget_type=\"html.default\">\n\t\t\t\t<div class=\"elementor-widget-container\">\n\t\t\t\t\t<script class=\"podigee-podcast-player\" src=\"https:\/\/player.podigee-cdn.net\/podcast-player\/javascripts\/podigee-podcast-player.js\" data-configuration=\"https:\/\/gradido.podigee.io\/41-neue-episode\/embed?context=external&token=OTXuHqFBcbegaZ39OJh8tw\"><\/script>\t\t\t\t<\/div>\n\t\t\t\t<\/div>\n\t\t\t\t\t<\/div>\n\t\t<\/div>\n\t\t\t\t\t<\/div>\n\t\t<\/section>\n\t\t\t\t<section class=\"elementor-section elementor-top-section elementor-element elementor-element-585c640 elementor-section-boxed elementor-section-height-default elementor-section-height-default\" data-id=\"585c640\" data-element_type=\"section\" data-e-type=\"section\">\n\t\t\t\t\t\t<div class=\"elementor-container elementor-column-gap-default\">\n\t\t\t\t\t<div class=\"elementor-column elementor-col-50 elementor-top-column elementor-element elementor-element-13c250b\" data-id=\"13c250b\" data-element_type=\"column\" data-e-type=\"column\">\n\t\t\t<div class=\"elementor-widget-wrap elementor-element-populated\">\n\t\t\t\t\t\t<div class=\"elementor-element elementor-element-0561949 elementor-widget elementor-widget-text-editor\" data-id=\"0561949\" data-element_type=\"widget\" data-e-type=\"widget\" data-widget_type=\"text-editor.default\">\n\t\t\t\t<div class=\"elementor-widget-container\">\n\t\t\t\t\t\t\t\t\t<p style=\"text-align: right;\"><em>\"Var olanla sava\u015farak asla de\u011fi\u015fim yaratamazs\u0131n\u0131z. Bir \u015feyi de\u011fi\u015ftirmek i\u00e7in eskiyi ge\u00e7ersiz k\u0131lan modeller in\u015fa edersiniz.\"<\/em><br \/><em>- Richard Buckminster Fuller<\/em><\/p><p>Bildi\u011fimiz gibi, minnettarl\u0131k ve takdir, di\u011fer insanlarla payla\u015ft\u0131\u011f\u0131m\u0131zda artan g\u00fc\u00e7l\u00fc bar\u0131\u015f enerjileridir. Bir \u015f\u00fckran dalgas\u0131yla, insanl\u0131\u011f\u0131n as\u0131rl\u0131k hayali olan yery\u00fcz\u00fcnde s\u00fcrd\u00fcr\u00fclebilir bar\u0131\u015fa b\u00fcy\u00fck bir ad\u0131m daha yakla\u015fm\u0131\u015f oluruz.<\/p><p>Gradido Podcast'in bu b\u00f6l\u00fcm\u00fcnde kendimize \u015fu soruyu soruyoruz:<\/p><p>\"B\u00f6yle bir 'minnettarl\u0131k dalgas\u0131n\u0131' nas\u0131l yaratabiliriz? Katlanarak yay\u0131lan, 'bula\u015ft\u0131\u011f\u0131' herkesin y\u00fcz\u00fcne g\u00fcl\u00fcmseme getiren, t\u00fcm b\u00f6l\u00fcnmelerin \u00fcstesinden gelen bir 'mutluluk vir\u00fcs\u00fc' m\u00fc? T\u00fcm insanl\u0131k ailesi i\u00e7in 'bar\u0131\u015f\u00e7\u0131l' bir d\u00fcnyay\u0131 m\u00fcmk\u00fcn k\u0131lacak 'bar\u0131\u015f\u00e7\u0131l' bir para sistemini nas\u0131l kurabiliriz?\"<\/p><p>Ne yaz\u0131k ki, 'g\u00fcc\u00fcn karanl\u0131k taraf\u0131n\u0131n' farkl\u0131 bir g\u00fcndemi var: B\u00fcy\u00fck S\u0131f\u0131rlama ile<\/p><p>toplam dijital g\u00f6zetim, silahlanma - ve sava\u015f. Biz insanlar, herkes i\u00e7in daha iyi bir gelecek yaratmak \u00fczere herhangi bir de\u011fi\u015fim yaratabilir miyiz?<\/p><p>Bu b\u00f6l\u00fcmde, yaz\u0131l\u0131m mimar\u0131m\u0131z Claus-Peter H\u00fcbner ve geli\u015ftirme ekibi liderimiz Ulf Gebhardt ile gelece\u011fi birlikte \u015fekillendirmek i\u00e7in g\u00fc\u00e7l\u00fc bir ara\u00e7 hakk\u0131nda konu\u015fuyoruz: programc\u0131 ekibimizin b\u00fcy\u00fck bir odaklanma, gayret ve co\u015fkuyla geli\u015ftirmekte oldu\u011fu merkezi olmayan ve k\u00fcresel olarak \u00f6l\u00e7eklenebilir Gradido hesab\u0131.<\/p>\t\t\t\t\t\t\t\t<\/div>\n\t\t\t\t<\/div>\n\t\t\t\t\t<\/div>\n\t\t<\/div>\n\t\t\t\t<div class=\"elementor-column elementor-col-50 elementor-top-column elementor-element elementor-element-e0d795e\" data-id=\"e0d795e\" data-element_type=\"column\" data-e-type=\"column\">\n\t\t\t<div class=\"elementor-widget-wrap elementor-element-populated\">\n\t\t\t\t\t\t<div class=\"elementor-element elementor-element-8c61bad elementor-widget elementor-widget-image\" data-id=\"8c61bad\" data-element_type=\"widget\" data-e-type=\"widget\" data-widget_type=\"image.default\">\n\t\t\t\t<div class=\"elementor-widget-container\">\n\t\t\t\t\t\t\t\t\t\t\t\t\t\t\t<img fetchpriority=\"high\" decoding=\"async\" width=\"800\" height=\"800\" src=\"https:\/\/gradido.net\/wp-content\/uploads\/2022\/03\/gradido_podcast_huebner_gebhardt-1024x1024.jpg\" class=\"attachment-large size-large wp-image-4036\" alt=\"\" srcset=\"https:\/\/gradido.net\/wp-content\/uploads\/2022\/03\/gradido_podcast_huebner_gebhardt-1024x1024.jpg 1024w, https:\/\/gradido.net\/wp-content\/uploads\/2022\/03\/gradido_podcast_huebner_gebhardt-300x300.jpg 300w, https:\/\/gradido.net\/wp-content\/uploads\/2022\/03\/gradido_podcast_huebner_gebhardt-150x150.jpg 150w, https:\/\/gradido.net\/wp-content\/uploads\/2022\/03\/gradido_podcast_huebner_gebhardt-768x768.jpg 768w, https:\/\/gradido.net\/wp-content\/uploads\/2022\/03\/gradido_podcast_huebner_gebhardt-12x12.jpg 12w, https:\/\/gradido.net\/wp-content\/uploads\/2022\/03\/gradido_podcast_huebner_gebhardt.jpg 1400w\" sizes=\"(max-width: 800px) 100vw, 800px\" \/>\t\t\t\t\t\t\t\t\t\t\t\t\t\t\t<\/div>\n\t\t\t\t<\/div>\n\t\t\t\t<div class=\"elementor-element elementor-element-ceab137 elementor-widget elementor-widget-text-editor\" data-id=\"ceab137\" data-element_type=\"widget\" data-e-type=\"widget\" data-widget_type=\"text-editor.default\">\n\t\t\t\t<div class=\"elementor-widget-container\">\n\t\t\t\t\t\t\t\t\t<p><a href=\"https:\/\/youtu.be\/_Fs6dSUe5zI\" target=\"_blank\" rel=\"noopener\">YouTube'da dinleyin<\/a><\/p>\t\t\t\t\t\t\t\t<\/div>\n\t\t\t\t<\/div>\n\t\t\t\t\t<\/div>\n\t\t<\/div>\n\t\t\t\t\t<\/div>\n\t\t<\/section>\n\t\t\t\t<section class=\"elementor-section elementor-top-section elementor-element elementor-element-d051609 elementor-section-boxed elementor-section-height-default elementor-section-height-default\" data-id=\"d051609\" data-element_type=\"section\" data-e-type=\"section\">\n\t\t\t\t\t\t<div class=\"elementor-container elementor-column-gap-default\">\n\t\t\t\t\t<div class=\"elementor-column elementor-col-100 elementor-top-column elementor-element elementor-element-13cc168\" data-id=\"13cc168\" data-element_type=\"column\" data-e-type=\"column\">\n\t\t\t<div class=\"elementor-widget-wrap elementor-element-populated\">\n\t\t\t\t\t\t<div class=\"elementor-element elementor-element-b43b3ee elementor-widget elementor-widget-heading\" data-id=\"b43b3ee\" data-element_type=\"widget\" data-e-type=\"widget\" data-widget_type=\"heading.default\">\n\t\t\t\t<div class=\"elementor-widget-container\">\n\t\t\t\t\t<h2 class=\"elementor-heading-title elementor-size-default\">Transkript (otomatik olarak \u00e7evrilmi\u015ftir)<\/h2>\t\t\t\t<\/div>\n\t\t\t\t<\/div>\n\t\t\t\t\t<\/div>\n\t\t<\/div>\n\t\t\t\t\t<\/div>\n\t\t<\/section>\n\t\t\t\t<section class=\"elementor-section elementor-top-section elementor-element elementor-element-474427c elementor-section-boxed elementor-section-height-default elementor-section-height-default\" data-id=\"474427c\" data-element_type=\"section\" data-e-type=\"section\">\n\t\t\t\t\t\t<div class=\"elementor-container elementor-column-gap-default\">\n\t\t\t\t\t<div class=\"elementor-column elementor-col-100 elementor-top-column elementor-element elementor-element-6041f12\" data-id=\"6041f12\" data-element_type=\"column\" data-e-type=\"column\">\n\t\t\t<div class=\"elementor-widget-wrap elementor-element-populated\">\n\t\t\t\t\t\t\t<\/div>\n\t\t<\/div>\n\t\t\t\t\t<\/div>\n\t\t<\/section>\n\t\t\t\t<\/div>","protected":false},"excerpt":{"rendered":"<p>Mit unserem Software-Architekten Claus-Peter H\u00fcbner und unserem Entwicklungsteam-Leiter Ulf Gebhardt sprechen wir \u00fcber das dezentrale und weltweit skalierbare Gradido-Konto, das unser Programmierer-Team mit gro\u00dfem Fokus, Eifer und Begeisterung entwickelt. [56:46]<\/p>\n","protected":false},"author":12,"featured_media":4037,"comment_status":"closed","ping_status":"closed","sticky":false,"template":"","format":"standard","meta":{"footnotes":""},"categories":[19],"tags":[16],"class_list":["post-4039","post","type-post","status-publish","format-standard","has-post-thumbnail","hentry","category-podcast","tag-grundeinkommen"],"yoast_head":"<!-- This site is optimized with the Yoast SEO plugin v27.5 - https:\/\/yoast.com\/product\/yoast-seo-wordpress\/ -->\n<title>Great Cooperation: Gradido-Konto \u2013 gemeinsames Gestaltungswerkzeug f\u00fcr die neue Erde - Gradido<\/title>\n<meta name=\"robots\" content=\"index, follow, max-snippet:-1, max-image-preview:large, max-video-preview:-1\" \/>\n<link rel=\"canonical\" href=\"https:\/\/gradido.net\/tr\/episode-41\/\" \/>\n<meta property=\"og:locale\" content=\"tr_TR\" \/>\n<meta property=\"og:type\" content=\"article\" \/>\n<meta property=\"og:title\" content=\"Great Cooperation: Gradido-Konto \u2013 gemeinsames Gestaltungswerkzeug f\u00fcr die neue Erde - Gradido\" \/>\n<meta property=\"og:description\" content=\"Mit unserem Software-Architekten Claus-Peter H\u00fcbner und unserem Entwicklungsteam-Leiter Ulf Gebhardt sprechen wir \u00fcber das dezentrale und weltweit skalierbare Gradido-Konto, das unser Programmierer-Team mit gro\u00dfem Fokus, Eifer und Begeisterung entwickelt. [56:46]\" \/>\n<meta property=\"og:url\" content=\"https:\/\/gradido.net\/tr\/episode-41\/\" \/>\n<meta property=\"og:site_name\" content=\"Gradido\" \/>\n<meta property=\"article:published_time\" content=\"2022-03-05T08:00:52+00:00\" \/>\n<meta property=\"article:modified_time\" content=\"2022-03-05T08:32:06+00:00\" \/>\n<meta property=\"og:image\" content=\"https:\/\/gradido.net\/wp-content\/uploads\/2022\/03\/podcast_www_huebner_gebhardt.jpg\" \/>\n\t<meta property=\"og:image:width\" content=\"700\" \/>\n\t<meta property=\"og:image:height\" content=\"475\" \/>\n\t<meta property=\"og:image:type\" content=\"image\/jpeg\" \/>\n<meta name=\"author\" content=\"Philipp Kessler\" \/>\n<meta name=\"twitter:card\" content=\"summary_large_image\" \/>\n<meta name=\"twitter:label1\" content=\"Yazan:\" \/>\n\t<meta name=\"twitter:data1\" content=\"Philipp Kessler\" \/>\n\t<meta name=\"twitter:label2\" content=\"Tahmini okuma s\u00fcresi\" \/>\n\t<meta name=\"twitter:data2\" content=\"1 dakika\" \/>\n<script type=\"application\/ld+json\" class=\"yoast-schema-graph\">{\"@context\":\"https:\\\/\\\/schema.org\",\"@graph\":[{\"@type\":\"Article\",\"@id\":\"https:\\\/\\\/gradido.net\\\/es\\\/episode-41\\\/#article\",\"isPartOf\":{\"@id\":\"https:\\\/\\\/gradido.net\\\/es\\\/episode-41\\\/\"},\"author\":{\"name\":\"Philipp Kessler\",\"@id\":\"https:\\\/\\\/gradido.net\\\/de\\\/#\\\/schema\\\/person\\\/f57399104ec77f2a2d5a68f479b0492f\"},\"headline\":\"Great Cooperation: Gradido-Konto \u2013 gemeinsames Gestaltungswerkzeug f\u00fcr die neue Erde\",\"datePublished\":\"2022-03-05T08:00:52+00:00\",\"dateModified\":\"2022-03-05T08:32:06+00:00\",\"mainEntityOfPage\":{\"@id\":\"https:\\\/\\\/gradido.net\\\/es\\\/episode-41\\\/\"},\"wordCount\":236,\"publisher\":{\"@id\":\"https:\\\/\\\/gradido.net\\\/de\\\/#organization\"},\"image\":{\"@id\":\"https:\\\/\\\/gradido.net\\\/es\\\/episode-41\\\/#primaryimage\"},\"thumbnailUrl\":\"https:\\\/\\\/gradido.net\\\/wp-content\\\/uploads\\\/2022\\\/03\\\/podcast_www_huebner_gebhardt.jpg\",\"keywords\":[\"Grundeinkommen\"],\"articleSection\":[\"Podcast\"],\"inLanguage\":\"tr\"},{\"@type\":\"WebPage\",\"@id\":\"https:\\\/\\\/gradido.net\\\/es\\\/episode-41\\\/\",\"url\":\"https:\\\/\\\/gradido.net\\\/es\\\/episode-41\\\/\",\"name\":\"Great Cooperation: Gradido-Konto \u2013 gemeinsames Gestaltungswerkzeug f\u00fcr die neue Erde - Gradido\",\"isPartOf\":{\"@id\":\"https:\\\/\\\/gradido.net\\\/de\\\/#website\"},\"primaryImageOfPage\":{\"@id\":\"https:\\\/\\\/gradido.net\\\/es\\\/episode-41\\\/#primaryimage\"},\"image\":{\"@id\":\"https:\\\/\\\/gradido.net\\\/es\\\/episode-41\\\/#primaryimage\"},\"thumbnailUrl\":\"https:\\\/\\\/gradido.net\\\/wp-content\\\/uploads\\\/2022\\\/03\\\/podcast_www_huebner_gebhardt.jpg\",\"datePublished\":\"2022-03-05T08:00:52+00:00\",\"dateModified\":\"2022-03-05T08:32:06+00:00\",\"breadcrumb\":{\"@id\":\"https:\\\/\\\/gradido.net\\\/es\\\/episode-41\\\/#breadcrumb\"},\"inLanguage\":\"tr\",\"potentialAction\":[{\"@type\":\"ReadAction\",\"target\":[\"https:\\\/\\\/gradido.net\\\/es\\\/episode-41\\\/\"]}]},{\"@type\":\"ImageObject\",\"inLanguage\":\"tr\",\"@id\":\"https:\\\/\\\/gradido.net\\\/es\\\/episode-41\\\/#primaryimage\",\"url\":\"https:\\\/\\\/gradido.net\\\/wp-content\\\/uploads\\\/2022\\\/03\\\/podcast_www_huebner_gebhardt.jpg\",\"contentUrl\":\"https:\\\/\\\/gradido.net\\\/wp-content\\\/uploads\\\/2022\\\/03\\\/podcast_www_huebner_gebhardt.jpg\",\"width\":700,\"height\":475},{\"@type\":\"BreadcrumbList\",\"@id\":\"https:\\\/\\\/gradido.net\\\/es\\\/episode-41\\\/#breadcrumb\",\"itemListElement\":[{\"@type\":\"ListItem\",\"position\":1,\"name\":\"Startseite\",\"item\":\"https:\\\/\\\/gradido.net\\\/\"},{\"@type\":\"ListItem\",\"position\":2,\"name\":\"Great Cooperation: Gradido-Konto \u2013 gemeinsames Gestaltungswerkzeug f\u00fcr die neue Erde\"}]},{\"@type\":\"WebSite\",\"@id\":\"https:\\\/\\\/gradido.net\\\/de\\\/#website\",\"url\":\"https:\\\/\\\/gradido.net\\\/de\\\/\",\"name\":\"Gradido\",\"description\":\"Die neue W\u00e4hrung hei\u00dft Dankbarkeit\",\"publisher\":{\"@id\":\"https:\\\/\\\/gradido.net\\\/de\\\/#organization\"},\"potentialAction\":[{\"@type\":\"SearchAction\",\"target\":{\"@type\":\"EntryPoint\",\"urlTemplate\":\"https:\\\/\\\/gradido.net\\\/de\\\/?s={search_term_string}\"},\"query-input\":{\"@type\":\"PropertyValueSpecification\",\"valueRequired\":true,\"valueName\":\"search_term_string\"}}],\"inLanguage\":\"tr\"},{\"@type\":\"Organization\",\"@id\":\"https:\\\/\\\/gradido.net\\\/de\\\/#organization\",\"name\":\"Gradido\",\"url\":\"https:\\\/\\\/gradido.net\\\/de\\\/\",\"logo\":{\"@type\":\"ImageObject\",\"inLanguage\":\"tr\",\"@id\":\"https:\\\/\\\/gradido.net\\\/de\\\/#\\\/schema\\\/logo\\\/image\\\/\",\"url\":\"https:\\\/\\\/gradido.net\\\/wp-content\\\/uploads\\\/2022\\\/04\\\/gradido-social.jpg\",\"contentUrl\":\"https:\\\/\\\/gradido.net\\\/wp-content\\\/uploads\\\/2022\\\/04\\\/gradido-social.jpg\",\"width\":527,\"height\":273,\"caption\":\"Gradido\"},\"image\":{\"@id\":\"https:\\\/\\\/gradido.net\\\/de\\\/#\\\/schema\\\/logo\\\/image\\\/\"}},{\"@type\":\"Person\",\"@id\":\"https:\\\/\\\/gradido.net\\\/de\\\/#\\\/schema\\\/person\\\/f57399104ec77f2a2d5a68f479b0492f\",\"name\":\"Philipp Kessler\",\"url\":\"https:\\\/\\\/gradido.net\\\/tr\\\/author\\\/philipp\\\/\"}]}<\/script>\n<!-- \/ Yoast SEO plugin. -->","yoast_head_json":{"title":"B\u00fcy\u00fck \u0130\u015fbirli\u011fi: Gradido hesab\u0131 - yeni d\u00fcnya i\u00e7in ortak tasar\u0131m arac\u0131 - Gradido","robots":{"index":"index","follow":"follow","max-snippet":"max-snippet:-1","max-image-preview":"max-image-preview:large","max-video-preview":"max-video-preview:-1"},"canonical":"https:\/\/gradido.net\/tr\/episode-41\/","og_locale":"tr_TR","og_type":"article","og_title":"Great Cooperation: Gradido-Konto \u2013 gemeinsames Gestaltungswerkzeug f\u00fcr die neue Erde - Gradido","og_description":"Mit unserem Software-Architekten Claus-Peter H\u00fcbner und unserem Entwicklungsteam-Leiter Ulf Gebhardt sprechen wir \u00fcber das dezentrale und weltweit skalierbare Gradido-Konto, das unser Programmierer-Team mit gro\u00dfem Fokus, Eifer und Begeisterung entwickelt. [56:46]","og_url":"https:\/\/gradido.net\/tr\/episode-41\/","og_site_name":"Gradido","article_published_time":"2022-03-05T08:00:52+00:00","article_modified_time":"2022-03-05T08:32:06+00:00","og_image":[{"width":700,"height":475,"url":"https:\/\/gradido.net\/wp-content\/uploads\/2022\/03\/podcast_www_huebner_gebhardt.jpg","type":"image\/jpeg"}],"author":"Philipp Kessler","twitter_card":"summary_large_image","twitter_misc":{"Yazan:":"Philipp Kessler","Tahmini okuma s\u00fcresi":"1 dakika"},"schema":{"@context":"https:\/\/schema.org","@graph":[{"@type":"Article","@id":"https:\/\/gradido.net\/es\/episode-41\/#article","isPartOf":{"@id":"https:\/\/gradido.net\/es\/episode-41\/"},"author":{"name":"Philipp Kessler","@id":"https:\/\/gradido.net\/de\/#\/schema\/person\/f57399104ec77f2a2d5a68f479b0492f"},"headline":"Great Cooperation: Gradido-Konto \u2013 gemeinsames Gestaltungswerkzeug f\u00fcr die neue Erde","datePublished":"2022-03-05T08:00:52+00:00","dateModified":"2022-03-05T08:32:06+00:00","mainEntityOfPage":{"@id":"https:\/\/gradido.net\/es\/episode-41\/"},"wordCount":236,"publisher":{"@id":"https:\/\/gradido.net\/de\/#organization"},"image":{"@id":"https:\/\/gradido.net\/es\/episode-41\/#primaryimage"},"thumbnailUrl":"https:\/\/gradido.net\/wp-content\/uploads\/2022\/03\/podcast_www_huebner_gebhardt.jpg","keywords":["Grundeinkommen"],"articleSection":["Podcast"],"inLanguage":"tr"},{"@type":"WebPage","@id":"https:\/\/gradido.net\/es\/episode-41\/","url":"https:\/\/gradido.net\/es\/episode-41\/","name":"B\u00fcy\u00fck \u0130\u015fbirli\u011fi: Gradido hesab\u0131 - yeni d\u00fcnya i\u00e7in ortak tasar\u0131m arac\u0131 - Gradido","isPartOf":{"@id":"https:\/\/gradido.net\/de\/#website"},"primaryImageOfPage":{"@id":"https:\/\/gradido.net\/es\/episode-41\/#primaryimage"},"image":{"@id":"https:\/\/gradido.net\/es\/episode-41\/#primaryimage"},"thumbnailUrl":"https:\/\/gradido.net\/wp-content\/uploads\/2022\/03\/podcast_www_huebner_gebhardt.jpg","datePublished":"2022-03-05T08:00:52+00:00","dateModified":"2022-03-05T08:32:06+00:00","breadcrumb":{"@id":"https:\/\/gradido.net\/es\/episode-41\/#breadcrumb"},"inLanguage":"tr","potentialAction":[{"@type":"ReadAction","target":["https:\/\/gradido.net\/es\/episode-41\/"]}]},{"@type":"ImageObject","inLanguage":"tr","@id":"https:\/\/gradido.net\/es\/episode-41\/#primaryimage","url":"https:\/\/gradido.net\/wp-content\/uploads\/2022\/03\/podcast_www_huebner_gebhardt.jpg","contentUrl":"https:\/\/gradido.net\/wp-content\/uploads\/2022\/03\/podcast_www_huebner_gebhardt.jpg","width":700,"height":475},{"@type":"BreadcrumbList","@id":"https:\/\/gradido.net\/es\/episode-41\/#breadcrumb","itemListElement":[{"@type":"ListItem","position":1,"name":"Startseite","item":"https:\/\/gradido.net\/"},{"@type":"ListItem","position":2,"name":"Great Cooperation: Gradido-Konto \u2013 gemeinsames Gestaltungswerkzeug f\u00fcr die neue Erde"}]},{"@type":"WebSite","@id":"https:\/\/gradido.net\/de\/#website","url":"https:\/\/gradido.net\/de\/","name":"Gradido","description":"Yeni para birimi minnettarl\u0131k","publisher":{"@id":"https:\/\/gradido.net\/de\/#organization"},"potentialAction":[{"@type":"SearchAction","target":{"@type":"EntryPoint","urlTemplate":"https:\/\/gradido.net\/de\/?s={search_term_string}"},"query-input":{"@type":"PropertyValueSpecification","valueRequired":true,"valueName":"search_term_string"}}],"inLanguage":"tr"},{"@type":"Organization","@id":"https:\/\/gradido.net\/de\/#organization","name":"Gradido","url":"https:\/\/gradido.net\/de\/","logo":{"@type":"ImageObject","inLanguage":"tr","@id":"https:\/\/gradido.net\/de\/#\/schema\/logo\/image\/","url":"https:\/\/gradido.net\/wp-content\/uploads\/2022\/04\/gradido-social.jpg","contentUrl":"https:\/\/gradido.net\/wp-content\/uploads\/2022\/04\/gradido-social.jpg","width":527,"height":273,"caption":"Gradido"},"image":{"@id":"https:\/\/gradido.net\/de\/#\/schema\/logo\/image\/"}},{"@type":"Person","@id":"https:\/\/gradido.net\/de\/#\/schema\/person\/f57399104ec77f2a2d5a68f479b0492f","name":"Philipp Kessler","url":"https:\/\/gradido.net\/tr\/author\/philipp\/"}]}},"_links":{"self":[{"href":"https:\/\/gradido.net\/tr\/wp-json\/wp\/v2\/posts\/4039","targetHints":{"allow":["GET"]}}],"collection":[{"href":"https:\/\/gradido.net\/tr\/wp-json\/wp\/v2\/posts"}],"about":[{"href":"https:\/\/gradido.net\/tr\/wp-json\/wp\/v2\/types\/post"}],"author":[{"embeddable":true,"href":"https:\/\/gradido.net\/tr\/wp-json\/wp\/v2\/users\/12"}],"replies":[{"embeddable":true,"href":"https:\/\/gradido.net\/tr\/wp-json\/wp\/v2\/comments?post=4039"}],"version-history":[{"count":9,"href":"https:\/\/gradido.net\/tr\/wp-json\/wp\/v2\/posts\/4039\/revisions"}],"predecessor-version":[{"id":4049,"href":"https:\/\/gradido.net\/tr\/wp-json\/wp\/v2\/posts\/4039\/revisions\/4049"}],"wp:featuredmedia":[{"embeddable":true,"href":"https:\/\/gradido.net\/tr\/wp-json\/wp\/v2\/media\/4037"}],"wp:attachment":[{"href":"https:\/\/gradido.net\/tr\/wp-json\/wp\/v2\/media?parent=4039"}],"wp:term":[{"taxonomy":"category","embeddable":true,"href":"https:\/\/gradido.net\/tr\/wp-json\/wp\/v2\/categories?post=4039"},{"taxonomy":"post_tag","embeddable":true,"href":"https:\/\/gradido.net\/tr\/wp-json\/wp\/v2\/tags?post=4039"}],"curies":[{"name":"wp","href":"https:\/\/api.w.org\/{rel}","templated":true}]}}