{"id":4228,"date":"2022-04-24T10:55:31","date_gmt":"2022-04-24T08:55:31","guid":{"rendered":"https:\/\/gradido.net\/?p=4228"},"modified":"2026-04-24T08:21:44","modified_gmt":"2026-04-24T06:21:44","slug":"gradido-link-erfahrungen-und-textvorschlaege","status":"publish","type":"post","link":"https:\/\/gradido.net\/tr\/gradido-link-erfahrungen-und-textvorschlaege\/","title":{"rendered":"Gradido Link - Deneyimler ve metin \u00f6nerileri"},"content":{"rendered":"<div data-elementor-type=\"wp-post\" data-elementor-id=\"4228\" class=\"elementor elementor-4228\" data-elementor-post-type=\"post\">\n\t\t\t\t\t\t<section class=\"elementor-section elementor-top-section elementor-element elementor-element-496e1d53 elementor-section-boxed elementor-section-height-default elementor-section-height-default\" data-id=\"496e1d53\" data-element_type=\"section\" data-e-type=\"section\">\n\t\t\t\t\t\t<div class=\"elementor-container elementor-column-gap-default\">\n\t\t\t\t\t<div class=\"elementor-column elementor-col-100 elementor-top-column elementor-element elementor-element-461d7be0\" data-id=\"461d7be0\" data-element_type=\"column\" data-e-type=\"column\">\n\t\t\t<div class=\"elementor-widget-wrap elementor-element-populated\">\n\t\t\t\t\t\t<div class=\"elementor-element elementor-element-cd9ebe2 elementor-widget elementor-widget-text-editor\" data-id=\"cd9ebe2\" data-element_type=\"widget\" data-e-type=\"widget\" data-widget_type=\"text-editor.default\">\n\t\t\t\t<div class=\"elementor-widget-container\">\n\t\t\t\t\t\t\t\t\t<blockquote><p style=\"text-align: right;\"><em>\"Minnettar insanlar verimli tarlalar gibidir. <\/em><br \/><em>Ald\u0131klar\u0131n\u0131n on kat\u0131n\u0131 geri verirler.\" <\/em><br \/><em>- August von Kotzebue<\/em><\/p><\/blockquote><p>Sevgili okuyucu,<\/p><p>Yeni Gradido ba\u011flant\u0131s\u0131n\u0131 denediniz mi ve ba\u011flant\u0131 arac\u0131l\u0131\u011f\u0131yla ba\u015fkalar\u0131na Gradido g\u00f6nderdiniz mi? Ve bizim i\u00e7in oldu\u011fu kadar iyi \u00e7al\u0131\u015ft\u0131 m\u0131, yoksa teknik sorunlar m\u0131 vard\u0131? Bu itfa ba\u011flant\u0131s\u0131n\u0131n amac\u0131 Gradidos'u herkese g\u00f6ndermek ve b\u00f6ylece minnettarl\u0131k ve takdire dayal\u0131 yeni para sistemini kolayca yaymakt\u0131r, b\u00f6ylece insanl\u0131k ailesi yak\u0131nda do\u011fa ile uyum i\u00e7inde d\u00fcnya \u00e7ap\u0131nda refah ve bar\u0131\u015f\u0131n tad\u0131n\u0131 \u00e7\u0131karabilir.<\/p><p>Peki Gradidos'u kime g\u00f6nderiyoruz ve bu konuda ne yaz\u0131yoruz? \u00c7ekingenliklerimizle nas\u0131l ba\u015fa \u00e7\u0131k\u0131yoruz? Al\u0131c\u0131 kaba bir tepki verir ya da hi\u00e7 tepki vermezse ne yapar\u0131z? Bir yandan kimsenin sinirlerini bozmak istemiyoruz, di\u011fer yandan Gradido'nun d\u00fcnyaya gelmesi son derece \u00f6nemli.<\/p><h2>\u0130lgili herkes i\u00e7in iyi<\/h2><p>Biz de Gradido Akademi'de ilk ba\u015fta bu ikilemle kar\u015f\u0131 kar\u015f\u0131ya kald\u0131k. Bu nedenle, \u015fimdilik Gradidos'u sadece iyi tan\u0131d\u0131\u011f\u0131m\u0131z ve bundan memnun olaca\u011f\u0131ndan emin oldu\u011fumuz baz\u0131 ki\u015filere ba\u011flant\u0131 yoluyla g\u00f6nderdik. Kendimize ger\u00e7ekten ne i\u00e7in minnettar oldu\u011fumuzu sorduk ve bunu ifade etmeye \u00e7al\u0131\u015ft\u0131k. Ard\u0131ndan tepkilere dikkat ettik ve di\u011ferleriyle empati kurduk. Kim nas\u0131l tepki veriyor ve bunun olas\u0131 motivasyonlar\u0131 neler? \u0130lgili herkes i\u00e7in iyi olacak \u015fekilde nas\u0131l yan\u0131t verebiliriz? Bunu sizin i\u00e7in m\u00fcmk\u00fcn oldu\u011funca kolayla\u015ft\u0131rmak i\u00e7in deneyimlerimizi yazd\u0131k, sistematik hale getirdik ve farkl\u0131 durumlar i\u00e7in \u00f6nerilen metinler geli\u015ftirdik. Bunlar\u0131 kendi istek ve fikirlerinize g\u00f6re uyarlamaktan \u00e7ekinmeyin.<\/p><h3>Ba\u011flant\u0131 metni<\/h3><p>'Ba\u011flant\u0131 metni' ile, ba\u011flant\u0131y\u0131 olu\u015ftururken Gradido hesab\u0131na girdi\u011finiz ve daha sonra i\u015flem listesinde g\u00f6r\u00fcnen metni kastediyoruz. \u00d6rne\u011fin, ba\u011flant\u0131n\u0131n kimin i\u00e7in oldu\u011fu ve onlara ne i\u00e7in te\u015fekk\u00fcr etti\u011finiz yaz\u0131lmal\u0131d\u0131r:<\/p><p><strong>... i\u00e7in, ... yapt\u0131\u011f\u0131n\u0131z i\u00e7in te\u015fekk\u00fcr ederiz! Beni \u00e7ok mutlu etti \ud83d\ude42<\/strong><\/p><h3>\u0130li\u015fikteki metin<\/h3><p>E-posta veya Telegram &amp; Co ile bir ba\u011flant\u0131 g\u00f6nderdi\u011finizde al\u0131c\u0131n\u0131n neden bahsetti\u011finizi bildi\u011finden emin olmak i\u00e7in birka\u00e7 a\u00e7\u0131klay\u0131c\u0131 kelime ekleyin:<\/p><p><strong>Sevgili ..., ... yapt\u0131\u011f\u0131n\u0131z i\u00e7in \u00e7ok te\u015fekk\u00fcr ederim! \u00c7ok memnun oldum. Te\u015fekk\u00fcr olarak size Gradidos g\u00f6ndermek istiyorum. Bunlar\u0131 kullanmak i\u00e7in l\u00fctfen ba\u011flant\u0131ya t\u0131klay\u0131n:<\/strong><\/p><h2>Olas\u0131 tepkiler ve yan\u0131t metinleri<\/h2><p>Baz\u0131 al\u0131c\u0131lar ba\u011flant\u0131y\u0131 hemen kullanacakt\u0131r. Bu, tabiri caizse ideal durumdur. \u0130leti\u015fimde kalmay\u0131 ve Gradido ile ba\u015fa \u00e7\u0131kmalar\u0131nda onlara destek olmay\u0131 teklif ediyorsunuz (vaka 6). Ancak bizim durumumuzda bu sadece yakla\u015f\u0131k 20% idi. Di\u011fer reaksiyonlar\u0131 da 5 vakaya ay\u0131rd\u0131k. En iyi nas\u0131l yan\u0131t verebilece\u011finizi \u00f6neriyoruz.<\/p><h3>Vaka 1: Reaksiyon yok<\/h3><p>Genellikle ilk ba\u015fta hi\u00e7bir \u015fey olmaz. Bu k\u00f6t\u00fc niyet de\u011fil. Tam tersi: Al\u0131c\u0131n\u0131z\u0131n yapacak \u00e7ok i\u015fi vard\u0131r ve Gradido ba\u011flant\u0131n\u0131z unutulmu\u015ftur.<\/p><p>Sadece k\u00fc\u00e7\u00fck bir hat\u0131rlatma yazars\u0131n. A\u015fa\u011f\u0131daki metin bizim i\u00e7in iyi \u00e7al\u0131\u015ft\u0131:<\/p><p><strong>Sevgili..., Gradidos'u g\u00f6ndermeniz i\u00e7in size g\u00f6nderdi\u011fim ba\u011flant\u0131y\u0131 fark ettiniz mi? Kullanmak isterseniz, Gradido hesab\u0131n\u0131za aktarmak i\u00e7in \u00fczerine t\u0131klaman\u0131z yeterlidir. E\u011fer hen\u00fcz bir Gradido hesab\u0131n\u0131z yoksa, hemen bir hesap a\u00e7abilirsiniz. Gradido \u00fccretsizdir. Gradido hakk\u0131nda herhangi bir sorunuz varsa, l\u00fctfen benimle ileti\u015fime ge\u00e7in. Ba\u011flant\u0131n\u0131z ... tarihine kadar ge\u00e7erlidir.<\/strong><\/p><h3>Durum 2: Al\u0131c\u0131n\u0131z size te\u015fekk\u00fcr eder ancak ba\u011flant\u0131y\u0131 kullanmaz.<\/h3><p>Bunun bir\u00e7ok nedeni olabilir. Ba\u011flant\u0131y\u0131 k\u0131sa bir s\u00fcre i\u00e7inde kullanmas\u0131 gerekti\u011fini fark etmeyebilir. Belki de kaydolmadan \u00f6nce daha fazlas\u0131n\u0131 \u00f6\u011frenmek istiyordur. Ya da zaten bir Gradido hesab\u0131 var, ancak eri\u015fim verilerini bilmiyor. Ya da hala bir sponsorluk katk\u0131s\u0131 yapmak ve sonra \"ger\u00e7ekten\" kat\u0131lmak istiyor.<\/p><p>Geri bildirimleri i\u00e7in te\u015fekk\u00fcr eder ve son teslim tarihini hat\u0131rlat\u0131rs\u0131n\u0131z:<\/p><p><strong>Say\u0131n..., g\u00fczel geri bildiriminiz i\u00e7in \u00e7ok te\u015fekk\u00fcr ederiz! \u00c7ok memnun oldum. L\u00fctfen ba\u011flant\u0131y\u0131 zaman\u0131nda kullanmay\u0131 unutmay\u0131n. ... tarihine kadar hala ge\u00e7erlidir.<\/strong><\/p><h3>Durum 3: Al\u0131c\u0131n\u0131z bunun ne oldu\u011funu sorar.<\/h3><p>Bir\u00e7ok ki\u015fi hen\u00fcz Gradido'yu tan\u0131m\u0131yor ve \u00f6nce ne oldu\u011funu bilmek istiyor.<\/p><p>\u00d6rne\u011fin siz a\u00e7\u0131klay\u0131n:<\/p><p><strong>Sevgili..., sordu\u011fun i\u00e7in te\u015fekk\u00fcrler! Gradidos minnettarl\u0131k noktalar\u0131d\u0131r. Gradido ile di\u011fer insanlara onlarda neyi sevdi\u011fimizi ve neye minnettar oldu\u011fumuzu g\u00f6stererek d\u00fcnyaya daha fazla minnettarl\u0131k ve takdir getirmek istiyoruz. Minnettarl\u0131\u011f\u0131n gelece\u011fin para birimi haline gelmesi g\u00fczel olurdu. O zaman d\u00fcnyadaki herkes daha iyi durumda olacak ve d\u00fcnya ya\u015famak i\u00e7in daha g\u00fczel ve huzurlu bir yer olacak.<\/strong><\/p><h3>Vaka4: Kar\u015f\u0131n\u0131zdaki ki\u015fi Gradidos ile ne yapabilece\u011fini soruyor.<\/h3><p>Bir\u00e7ok ki\u015fi kendilerine faydalar hakk\u0131nda \u015fu soruyu soruyor: \"Benim i\u00e7in ne var?\" Bu da olduk\u00e7a normaldir.<\/p><p>Sen cevap ver:<\/p><p><strong>Sevgili..., sordu\u011fun i\u00e7in te\u015fekk\u00fcrler! Bir yandan, t\u0131pk\u0131 Sevgililer G\u00fcn\u00fc'nde veya Anneler G\u00fcn\u00fc'nde minnettarl\u0131\u011f\u0131n\u0131z\u0131 g\u00f6stermek i\u00e7in \u00e7i\u00e7ek verebilece\u011finiz gibi, di\u011fer insanlara minnettarl\u0131\u011f\u0131n\u0131z\u0131 ve takdirinizi ifade edebilirsiniz. Tek fark, Gradido ile herkese her zaman ve her an te\u015fekk\u00fcr edebilmeniz ve Gradido'nun hi\u00e7bir maliyeti olmamas\u0131d\u0131r. \u00d6te yandan, birbirimize yard\u0131m etti\u011fimiz ve Gradidos ile birbirimize te\u015fekk\u00fcr etti\u011fimiz topluluklar da olu\u015fturuyoruz. Gradido indirimleriyle \u00fcr\u00fcnlerin sunuldu\u011fu pazar yerleri ve ma\u011fazalar zaten var. Bu \u015fekilde, birbirimizle sevgi, takdir ve minnettarl\u0131\u011fa dayal\u0131 yeni bir i\u015f yapma bi\u00e7imi yarat\u0131yoruz. B\u00f6yle bir d\u00fcnya ister miydiniz?<\/strong><\/p><h3>Durum 5: Al\u0131c\u0131n\u0131z a\u015fa\u011f\u0131lay\u0131c\u0131 bir yorum yapar veya sizi reddeder.<\/h3><p>\u015eu anda herkes Gradido'ya a\u00e7\u0131k de\u011fil. \u00c7o\u011fu zaman yeni ve yabanc\u0131 bir \u015feyi de ilk ba\u015fta reddederiz. Sonra, bunu daha s\u0131k duydu\u011fumuzda, bize daha tan\u0131d\u0131k geliyor ve art\u0131k o kadar da tuhaf gelmiyor. Ve sonunda bunu iyi bile bulabiliriz.<\/p><p>Anlay\u0131\u015f g\u00f6sterir ve zaman tan\u0131rs\u0131n\u0131z:<\/p><p><strong>Sevgili ..., bunu \u00e7ok iyi anl\u0131yorum. Neyse ki biz insanlar farkl\u0131y\u0131z. \u00d6rne\u011fin ben, hediye vermekten ve te\u015fekk\u00fcr etmekten b\u00fcy\u00fck zevk al\u0131r\u0131m. Belki daha sonra sizin i\u00e7in daha uygun olacakt\u0131r.<\/strong><\/p><h3>Durum 6: Ba\u011flant\u0131 kullan\u0131ld\u0131 - Yard\u0131m teklif edin<\/h3><p>Harika, Gradido a\u011f\u0131n\u0131zda yeni bir arkada\u015f\u0131n\u0131z var! \u015eimdi Gradido ile ba\u015fa \u00e7\u0131kmak i\u00e7in ileti\u015fim halinde olmak ve yard\u0131m teklif etmek \u00f6nemlidir. Art\u0131k onunla Gradido hesab\u0131 \u00fczerinden de ba\u011flant\u0131da oldu\u011funuz i\u00e7in, cevaplama fonksiyonunu kullanmak iyi bir fikirdir: sadece onun ad\u0131na t\u0131klay\u0131n ve ona birka\u00e7 Gradido daha g\u00f6nderin. \u00c7o\u011fu zaman al\u0131c\u0131 yard\u0131m\u0131n\u0131z i\u00e7in size minnettar olur.<\/p><p>Daha fazla Gradido ile te\u015fekk\u00fcr etmek i\u00e7in Gradido hesab\u0131ndaki yan\u0131tlama i\u015flevini kullan\u0131n:<\/p><p><strong>Sevgili..., Gradidos'umu kabul etti\u011finiz i\u00e7in te\u015fekk\u00fcr ederim! Art\u0131k Gradido hesab\u0131 \u00fczerinden de ba\u011fl\u0131y\u0131z. Herhangi bir sorunuz varsa veya Gradido ile ba\u015fa \u00e7\u0131kmak i\u00e7in destek istiyorsan\u0131z, l\u00fctfen ileti\u015fime ge\u00e7in, yard\u0131mc\u0131 olmaktan mutluluk duyar\u0131m \ud83d\ude42<\/strong><\/p><h2>Kan\u0131tlanm\u0131\u015f metinler: h\u0131zl\u0131 ve g\u00fcvenli<\/h2><p>Ge\u00e7ti\u011fimiz haftalarda metinleri denedik ve geli\u015ftirdik. Onlarla en iyi deneyimi ya\u015fad\u0131k ve \u015fimdi onlar\u0131 genellikle biraz uyarlad\u0131\u011f\u0131m\u0131z \u015fablonlar olarak kullan\u0131yoruz. Bu m\u00fckemmel \u00e7al\u0131\u015f\u0131yor ve zaman kazand\u0131r\u0131yor, b\u00f6ylece her g\u00fcn bir veya daha fazla Gradido ba\u011flant\u0131s\u0131 g\u00f6nderebilir ve takip edebiliriz. Bu \u015fekilde, \u015fimdi kullan\u0131lan ba\u011flant\u0131lar\u0131n yakla\u015f\u0131k 60%'sini elde ediyoruz. Ger\u00e7ekten e\u011flenceli ve yeni harika insanlarla ileti\u015fim kuruyoruz.<\/p><h2>Kendinize ve ba\u015fkalar\u0131na ne\u015fe verin<\/h2><p>Arkada\u015fl\u0131k a\u011f\u0131n\u0131z\u0131 geni\u015fletmek, Gradido'yu yaymak ve Gradido'lar\u0131 arkada\u015flar\u0131n\u0131zla payla\u015fmak i\u00e7in sizi metin \u015fablonlar\u0131yla birlikte Gradido ba\u011flant\u0131s\u0131n\u0131 da kullanmaya davet ediyoruz. Minnettarl\u0131k duygusunun tad\u0131n\u0131 \u00e7\u0131kar\u0131n ve her g\u00fcn bir ki\u015fiye te\u015fekk\u00fcrlerinizi g\u00f6nderin! Ger\u00e7ekten bu kadar basit, \u00fccretsiz ve dahil olan herkese ne\u015fe getiriyor. Bunu yapmad\u0131\u011f\u0131n\u0131z her g\u00fcn bu a\u00e7\u0131dan kay\u0131pt\u0131r.<\/p><p>Hep birlikte herkes i\u00e7in yeni bir ya\u015fam kalitesini \u015fekillendiriyoruz: suya at\u0131lan ta\u015flar\u0131n dairesel dalgalar olu\u015fturmas\u0131 gibi, biz de yery\u00fcz\u00fcndeki enerjiyi \u00fcst \u00fcste bindiren, g\u00fc\u00e7lendiren ve y\u00fckselten '\u015f\u00fckran dalgalar\u0131' yarat\u0131yoruz. Birlikte minnettarl\u0131\u011f\u0131, kendimiz ve d\u00fcnya \u00e7ocuklar\u0131 i\u00e7in, do\u011fayla uyum i\u00e7inde k\u00fcresel refah ve bar\u0131\u015f\u0131n yeni para birimi haline getiriyoruz.<\/p><p>Bizimle birlikte oldu\u011funuz i\u00e7in binlerce te\u015fekk\u00fcr ve sayg\u0131lar\u0131mla<\/p><p>Sizin<\/p><p><img decoding=\"async\" class=\"alignnone wp-image-4614 size-medium\" src=\"https:\/\/gradido.net\/wp-content\/uploads\/2022\/06\/MargretBernd_2022-300x74.png\" alt=\"\" width=\"300\" height=\"74\" srcset=\"https:\/\/gradido.net\/wp-content\/uploads\/2022\/06\/MargretBernd_2022-300x74.png 300w, https:\/\/gradido.net\/wp-content\/uploads\/2022\/06\/MargretBernd_2022-18x4.png 18w, https:\/\/gradido.net\/wp-content\/uploads\/2022\/06\/MargretBernd_2022.png 431w\" sizes=\"(max-width: 300px) 100vw, 300px\" \/><\/p><p>Margret Baier ve Bernd H\u00fcckst\u00e4dt<br \/>Gradido kurucusu ve geli\u015ftiricisi<\/p>\t\t\t\t\t\t\t\t<\/div>\n\t\t\t\t<\/div>\n\t\t\t\t\t<\/div>\n\t\t<\/div>\n\t\t\t\t\t<\/div>\n\t\t<\/section>\n\t\t\t\t<\/div>","protected":false},"excerpt":{"rendered":"<p>\u0130\u015finizi olabildi\u011fince kolayla\u015ft\u0131rmak i\u00e7in \u00e7e\u015fitli durumlar i\u00e7in metin \u00f6nerileri haz\u0131rlad\u0131k. Bunlar\u0131 kendi istek ve fikirlerinize g\u00f6re uyarlamaktan \u00e7ekinmeyin.<\/p>","protected":false},"author":2,"featured_media":4231,"comment_status":"closed","ping_status":"closed","sticky":false,"template":"","format":"standard","meta":{"footnotes":""},"categories":[11,54,55],"tags":[],"class_list":["post-4228","post","type-post","status-publish","format-standard","has-post-thumbnail","hentry","category-blog","category-community","category-gradido-konto"],"yoast_head":"<!-- This site is optimized with the Yoast SEO plugin v27.5 - https:\/\/yoast.com\/product\/yoast-seo-wordpress\/ -->\n<title>Gradido-Link \u2013 Erfahrungen und Textvorschl\u00e4ge - Gradido<\/title>\n<meta name=\"robots\" content=\"index, follow, max-snippet:-1, max-image-preview:large, max-video-preview:-1\" \/>\n<link rel=\"canonical\" href=\"https:\/\/gradido.net\/tr\/gradido-link-erfahrungen-und-textvorschlaege\/\" \/>\n<meta property=\"og:locale\" content=\"tr_TR\" \/>\n<meta property=\"og:type\" content=\"article\" \/>\n<meta property=\"og:title\" content=\"Gradido-Link \u2013 Erfahrungen und Textvorschl\u00e4ge - Gradido\" \/>\n<meta property=\"og:description\" content=\"Um es Dir so leicht wie m\u00f6glich zu machen, haben wir Textvorschl\u00e4ge f\u00fcr die verschiedenen F\u00e4lle erarbeitet. F\u00fchle Dich frei, diese nach Deinen W\u00fcnschen und Vorstellungen anzupassen.\" \/>\n<meta property=\"og:url\" content=\"https:\/\/gradido.net\/tr\/gradido-link-erfahrungen-und-textvorschlaege\/\" \/>\n<meta property=\"og:site_name\" content=\"Gradido\" \/>\n<meta property=\"article:published_time\" content=\"2022-04-24T08:55:31+00:00\" \/>\n<meta property=\"article:modified_time\" content=\"2026-04-24T06:21:44+00:00\" \/>\n<meta property=\"og:image\" content=\"https:\/\/gradido.net\/wp-content\/uploads\/2022\/04\/DANKE-1.jpg\" \/>\n\t<meta property=\"og:image:width\" content=\"1600\" \/>\n\t<meta property=\"og:image:height\" content=\"708\" \/>\n\t<meta property=\"og:image:type\" content=\"image\/jpeg\" \/>\n<meta name=\"author\" content=\"Bernd H\u00fcckst\u00e4dt\" \/>\n<meta name=\"twitter:card\" content=\"summary_large_image\" \/>\n<meta name=\"twitter:label1\" content=\"Yazan:\" \/>\n\t<meta name=\"twitter:data1\" content=\"Bernd H\u00fcckst\u00e4dt\" \/>\n\t<meta name=\"twitter:label2\" content=\"Tahmini okuma s\u00fcresi\" \/>\n\t<meta name=\"twitter:data2\" content=\"8 dakika\" \/>\n<script type=\"application\/ld+json\" class=\"yoast-schema-graph\">{\"@context\":\"https:\\\/\\\/schema.org\",\"@graph\":[{\"@type\":\"Article\",\"@id\":\"https:\\\/\\\/gradido.net\\\/gradido-link-erfahrungen-und-textvorschlaege\\\/#article\",\"isPartOf\":{\"@id\":\"https:\\\/\\\/gradido.net\\\/gradido-link-erfahrungen-und-textvorschlaege\\\/\"},\"author\":{\"name\":\"Bernd H\u00fcckst\u00e4dt\",\"@id\":\"https:\\\/\\\/gradido.net\\\/de\\\/#\\\/schema\\\/person\\\/9c503a004ad15a1ddecadce2218db5d1\"},\"headline\":\"Gradido-Link \u2013 Erfahrungen und Textvorschl\u00e4ge\",\"datePublished\":\"2022-04-24T08:55:31+00:00\",\"dateModified\":\"2026-04-24T06:21:44+00:00\",\"mainEntityOfPage\":{\"@id\":\"https:\\\/\\\/gradido.net\\\/gradido-link-erfahrungen-und-textvorschlaege\\\/\"},\"wordCount\":1422,\"publisher\":{\"@id\":\"https:\\\/\\\/gradido.net\\\/de\\\/#organization\"},\"image\":{\"@id\":\"https:\\\/\\\/gradido.net\\\/gradido-link-erfahrungen-und-textvorschlaege\\\/#primaryimage\"},\"thumbnailUrl\":\"https:\\\/\\\/gradido.net\\\/wp-content\\\/uploads\\\/2022\\\/04\\\/DANKE-1.jpg\",\"articleSection\":[\"Blog\",\"Community\",\"Gradido-Konto\"],\"inLanguage\":\"tr\"},{\"@type\":\"WebPage\",\"@id\":\"https:\\\/\\\/gradido.net\\\/gradido-link-erfahrungen-und-textvorschlaege\\\/\",\"url\":\"https:\\\/\\\/gradido.net\\\/gradido-link-erfahrungen-und-textvorschlaege\\\/\",\"name\":\"Gradido-Link \u2013 Erfahrungen und Textvorschl\u00e4ge - Gradido\",\"isPartOf\":{\"@id\":\"https:\\\/\\\/gradido.net\\\/de\\\/#website\"},\"primaryImageOfPage\":{\"@id\":\"https:\\\/\\\/gradido.net\\\/gradido-link-erfahrungen-und-textvorschlaege\\\/#primaryimage\"},\"image\":{\"@id\":\"https:\\\/\\\/gradido.net\\\/gradido-link-erfahrungen-und-textvorschlaege\\\/#primaryimage\"},\"thumbnailUrl\":\"https:\\\/\\\/gradido.net\\\/wp-content\\\/uploads\\\/2022\\\/04\\\/DANKE-1.jpg\",\"datePublished\":\"2022-04-24T08:55:31+00:00\",\"dateModified\":\"2026-04-24T06:21:44+00:00\",\"breadcrumb\":{\"@id\":\"https:\\\/\\\/gradido.net\\\/gradido-link-erfahrungen-und-textvorschlaege\\\/#breadcrumb\"},\"inLanguage\":\"tr\",\"potentialAction\":[{\"@type\":\"ReadAction\",\"target\":[\"https:\\\/\\\/gradido.net\\\/gradido-link-erfahrungen-und-textvorschlaege\\\/\"]}]},{\"@type\":\"ImageObject\",\"inLanguage\":\"tr\",\"@id\":\"https:\\\/\\\/gradido.net\\\/gradido-link-erfahrungen-und-textvorschlaege\\\/#primaryimage\",\"url\":\"https:\\\/\\\/gradido.net\\\/wp-content\\\/uploads\\\/2022\\\/04\\\/DANKE-1.jpg\",\"contentUrl\":\"https:\\\/\\\/gradido.net\\\/wp-content\\\/uploads\\\/2022\\\/04\\\/DANKE-1.jpg\",\"width\":1600,\"height\":708},{\"@type\":\"BreadcrumbList\",\"@id\":\"https:\\\/\\\/gradido.net\\\/gradido-link-erfahrungen-und-textvorschlaege\\\/#breadcrumb\",\"itemListElement\":[{\"@type\":\"ListItem\",\"position\":1,\"name\":\"Startseite\",\"item\":\"https:\\\/\\\/gradido.net\\\/\"},{\"@type\":\"ListItem\",\"position\":2,\"name\":\"Gradido-Link \u2013 Erfahrungen und Textvorschl\u00e4ge\"}]},{\"@type\":\"WebSite\",\"@id\":\"https:\\\/\\\/gradido.net\\\/de\\\/#website\",\"url\":\"https:\\\/\\\/gradido.net\\\/de\\\/\",\"name\":\"Gradido\",\"description\":\"Die neue W\u00e4hrung hei\u00dft Dankbarkeit\",\"publisher\":{\"@id\":\"https:\\\/\\\/gradido.net\\\/de\\\/#organization\"},\"potentialAction\":[{\"@type\":\"SearchAction\",\"target\":{\"@type\":\"EntryPoint\",\"urlTemplate\":\"https:\\\/\\\/gradido.net\\\/de\\\/?s={search_term_string}\"},\"query-input\":{\"@type\":\"PropertyValueSpecification\",\"valueRequired\":true,\"valueName\":\"search_term_string\"}}],\"inLanguage\":\"tr\"},{\"@type\":\"Organization\",\"@id\":\"https:\\\/\\\/gradido.net\\\/de\\\/#organization\",\"name\":\"Gradido\",\"url\":\"https:\\\/\\\/gradido.net\\\/de\\\/\",\"logo\":{\"@type\":\"ImageObject\",\"inLanguage\":\"tr\",\"@id\":\"https:\\\/\\\/gradido.net\\\/de\\\/#\\\/schema\\\/logo\\\/image\\\/\",\"url\":\"https:\\\/\\\/gradido.net\\\/wp-content\\\/uploads\\\/2022\\\/04\\\/gradido-social.jpg\",\"contentUrl\":\"https:\\\/\\\/gradido.net\\\/wp-content\\\/uploads\\\/2022\\\/04\\\/gradido-social.jpg\",\"width\":527,\"height\":273,\"caption\":\"Gradido\"},\"image\":{\"@id\":\"https:\\\/\\\/gradido.net\\\/de\\\/#\\\/schema\\\/logo\\\/image\\\/\"}},{\"@type\":\"Person\",\"@id\":\"https:\\\/\\\/gradido.net\\\/de\\\/#\\\/schema\\\/person\\\/9c503a004ad15a1ddecadce2218db5d1\",\"name\":\"Bernd H\u00fcckst\u00e4dt\",\"sameAs\":[\"https:\\\/\\\/gradido.net\"],\"url\":\"https:\\\/\\\/gradido.net\\\/tr\\\/author\\\/bernd\\\/\"}]}<\/script>\n<!-- \/ Yoast SEO plugin. -->","yoast_head_json":{"title":"Gradido Link - Deneyimler ve metin \u00f6nerileri - Gradido","robots":{"index":"index","follow":"follow","max-snippet":"max-snippet:-1","max-image-preview":"max-image-preview:large","max-video-preview":"max-video-preview:-1"},"canonical":"https:\/\/gradido.net\/tr\/gradido-link-erfahrungen-und-textvorschlaege\/","og_locale":"tr_TR","og_type":"article","og_title":"Gradido-Link \u2013 Erfahrungen und Textvorschl\u00e4ge - Gradido","og_description":"Um es Dir so leicht wie m\u00f6glich zu machen, haben wir Textvorschl\u00e4ge f\u00fcr die verschiedenen F\u00e4lle erarbeitet. F\u00fchle Dich frei, diese nach Deinen W\u00fcnschen und Vorstellungen anzupassen.","og_url":"https:\/\/gradido.net\/tr\/gradido-link-erfahrungen-und-textvorschlaege\/","og_site_name":"Gradido","article_published_time":"2022-04-24T08:55:31+00:00","article_modified_time":"2026-04-24T06:21:44+00:00","og_image":[{"width":1600,"height":708,"url":"https:\/\/gradido.net\/wp-content\/uploads\/2022\/04\/DANKE-1.jpg","type":"image\/jpeg"}],"author":"Bernd H\u00fcckst\u00e4dt","twitter_card":"summary_large_image","twitter_misc":{"Yazan:":"Bernd H\u00fcckst\u00e4dt","Tahmini okuma s\u00fcresi":"8 dakika"},"schema":{"@context":"https:\/\/schema.org","@graph":[{"@type":"Article","@id":"https:\/\/gradido.net\/gradido-link-erfahrungen-und-textvorschlaege\/#article","isPartOf":{"@id":"https:\/\/gradido.net\/gradido-link-erfahrungen-und-textvorschlaege\/"},"author":{"name":"Bernd H\u00fcckst\u00e4dt","@id":"https:\/\/gradido.net\/de\/#\/schema\/person\/9c503a004ad15a1ddecadce2218db5d1"},"headline":"Gradido-Link \u2013 Erfahrungen und Textvorschl\u00e4ge","datePublished":"2022-04-24T08:55:31+00:00","dateModified":"2026-04-24T06:21:44+00:00","mainEntityOfPage":{"@id":"https:\/\/gradido.net\/gradido-link-erfahrungen-und-textvorschlaege\/"},"wordCount":1422,"publisher":{"@id":"https:\/\/gradido.net\/de\/#organization"},"image":{"@id":"https:\/\/gradido.net\/gradido-link-erfahrungen-und-textvorschlaege\/#primaryimage"},"thumbnailUrl":"https:\/\/gradido.net\/wp-content\/uploads\/2022\/04\/DANKE-1.jpg","articleSection":["Blog","Community","Gradido-Konto"],"inLanguage":"tr"},{"@type":"WebPage","@id":"https:\/\/gradido.net\/gradido-link-erfahrungen-und-textvorschlaege\/","url":"https:\/\/gradido.net\/gradido-link-erfahrungen-und-textvorschlaege\/","name":"Gradido Link - Deneyimler ve metin \u00f6nerileri - Gradido","isPartOf":{"@id":"https:\/\/gradido.net\/de\/#website"},"primaryImageOfPage":{"@id":"https:\/\/gradido.net\/gradido-link-erfahrungen-und-textvorschlaege\/#primaryimage"},"image":{"@id":"https:\/\/gradido.net\/gradido-link-erfahrungen-und-textvorschlaege\/#primaryimage"},"thumbnailUrl":"https:\/\/gradido.net\/wp-content\/uploads\/2022\/04\/DANKE-1.jpg","datePublished":"2022-04-24T08:55:31+00:00","dateModified":"2026-04-24T06:21:44+00:00","breadcrumb":{"@id":"https:\/\/gradido.net\/gradido-link-erfahrungen-und-textvorschlaege\/#breadcrumb"},"inLanguage":"tr","potentialAction":[{"@type":"ReadAction","target":["https:\/\/gradido.net\/gradido-link-erfahrungen-und-textvorschlaege\/"]}]},{"@type":"ImageObject","inLanguage":"tr","@id":"https:\/\/gradido.net\/gradido-link-erfahrungen-und-textvorschlaege\/#primaryimage","url":"https:\/\/gradido.net\/wp-content\/uploads\/2022\/04\/DANKE-1.jpg","contentUrl":"https:\/\/gradido.net\/wp-content\/uploads\/2022\/04\/DANKE-1.jpg","width":1600,"height":708},{"@type":"BreadcrumbList","@id":"https:\/\/gradido.net\/gradido-link-erfahrungen-und-textvorschlaege\/#breadcrumb","itemListElement":[{"@type":"ListItem","position":1,"name":"Startseite","item":"https:\/\/gradido.net\/"},{"@type":"ListItem","position":2,"name":"Gradido-Link \u2013 Erfahrungen und Textvorschl\u00e4ge"}]},{"@type":"WebSite","@id":"https:\/\/gradido.net\/de\/#website","url":"https:\/\/gradido.net\/de\/","name":"Gradido","description":"Yeni para birimi minnettarl\u0131k","publisher":{"@id":"https:\/\/gradido.net\/de\/#organization"},"potentialAction":[{"@type":"SearchAction","target":{"@type":"EntryPoint","urlTemplate":"https:\/\/gradido.net\/de\/?s={search_term_string}"},"query-input":{"@type":"PropertyValueSpecification","valueRequired":true,"valueName":"search_term_string"}}],"inLanguage":"tr"},{"@type":"Organization","@id":"https:\/\/gradido.net\/de\/#organization","name":"Gradido","url":"https:\/\/gradido.net\/de\/","logo":{"@type":"ImageObject","inLanguage":"tr","@id":"https:\/\/gradido.net\/de\/#\/schema\/logo\/image\/","url":"https:\/\/gradido.net\/wp-content\/uploads\/2022\/04\/gradido-social.jpg","contentUrl":"https:\/\/gradido.net\/wp-content\/uploads\/2022\/04\/gradido-social.jpg","width":527,"height":273,"caption":"Gradido"},"image":{"@id":"https:\/\/gradido.net\/de\/#\/schema\/logo\/image\/"}},{"@type":"Person","@id":"https:\/\/gradido.net\/de\/#\/schema\/person\/9c503a004ad15a1ddecadce2218db5d1","name":"Bernd H\u00fcckst\u00e4dt","sameAs":["https:\/\/gradido.net"],"url":"https:\/\/gradido.net\/tr\/author\/bernd\/"}]}},"_links":{"self":[{"href":"https:\/\/gradido.net\/tr\/wp-json\/wp\/v2\/posts\/4228","targetHints":{"allow":["GET"]}}],"collection":[{"href":"https:\/\/gradido.net\/tr\/wp-json\/wp\/v2\/posts"}],"about":[{"href":"https:\/\/gradido.net\/tr\/wp-json\/wp\/v2\/types\/post"}],"author":[{"embeddable":true,"href":"https:\/\/gradido.net\/tr\/wp-json\/wp\/v2\/users\/2"}],"replies":[{"embeddable":true,"href":"https:\/\/gradido.net\/tr\/wp-json\/wp\/v2\/comments?post=4228"}],"version-history":[{"count":15,"href":"https:\/\/gradido.net\/tr\/wp-json\/wp\/v2\/posts\/4228\/revisions"}],"predecessor-version":[{"id":13613,"href":"https:\/\/gradido.net\/tr\/wp-json\/wp\/v2\/posts\/4228\/revisions\/13613"}],"wp:featuredmedia":[{"embeddable":true,"href":"https:\/\/gradido.net\/tr\/wp-json\/wp\/v2\/media\/4231"}],"wp:attachment":[{"href":"https:\/\/gradido.net\/tr\/wp-json\/wp\/v2\/media?parent=4228"}],"wp:term":[{"taxonomy":"category","embeddable":true,"href":"https:\/\/gradido.net\/tr\/wp-json\/wp\/v2\/categories?post=4228"},{"taxonomy":"post_tag","embeddable":true,"href":"https:\/\/gradido.net\/tr\/wp-json\/wp\/v2\/tags?post=4228"}],"curies":[{"name":"wp","href":"https:\/\/api.w.org\/{rel}","templated":true}]}}