{"id":4410,"date":"2022-05-15T16:05:23","date_gmt":"2022-05-15T14:05:23","guid":{"rendered":"https:\/\/gradido.net\/?p=4410"},"modified":"2026-04-24T08:20:33","modified_gmt":"2026-04-24T06:20:33","slug":"gradido-interview-im-walnussblatt","status":"publish","type":"post","link":"https:\/\/gradido.net\/tr\/gradido-interview-im-walnussblatt\/","title":{"rendered":"'WALNUSSblatt'ta Gradido r\u00f6portaj\u0131"},"content":{"rendered":"<div data-elementor-type=\"wp-post\" data-elementor-id=\"4410\" class=\"elementor elementor-4410\" data-elementor-post-type=\"post\">\n\t\t\t\t\t\t<section class=\"elementor-section elementor-top-section elementor-element elementor-element-496e1d53 elementor-section-boxed elementor-section-height-default elementor-section-height-default\" data-id=\"496e1d53\" data-element_type=\"section\" data-e-type=\"section\">\n\t\t\t\t\t\t<div class=\"elementor-container elementor-column-gap-default\">\n\t\t\t\t\t<div class=\"elementor-column elementor-col-100 elementor-top-column elementor-element elementor-element-461d7be0\" data-id=\"461d7be0\" data-element_type=\"column\" data-e-type=\"column\">\n\t\t\t<div class=\"elementor-widget-wrap elementor-element-populated\">\n\t\t\t\t\t\t<div class=\"elementor-element elementor-element-cd9ebe2 elementor-widget elementor-widget-text-editor\" data-id=\"cd9ebe2\" data-element_type=\"widget\" data-e-type=\"widget\" data-widget_type=\"text-editor.default\">\n\t\t\t\t<div class=\"elementor-widget-container\">\n\t\t\t\t\t\t\t\t\t<blockquote><p style=\"text-align: right;\"><em>\"Bize h\u00fckmeden itibari para sisteminden zihinsel ve duygusal olarak kopmaya ne kadar istekli olursam, Gradido o kadar heyecan verici ve tutarl\u0131 hale geldi.\"<\/em><\/p><p style=\"text-align: right;\"><em>- Pedro Force<\/em><br \/><em>WALNUSSblatt'\u0131n yay\u0131nc\u0131s\u0131<\/em><\/p><\/blockquote><p>Sevgili okuyucu,<\/p><p>\u015eu anda Gradido'yu yaymak i\u00e7in \u00e7ok \u00f6zel yeteneklerini kullanan t\u00fcm bu insanlar\u0131 'd\u00f6n\u00fc\u015f\u00fcm kahramanlar\u0131' olarak adland\u0131r\u0131yoruz, \u00e7\u00fcnk\u00fc onlar t\u00fcm insanlar\u0131n refah, bar\u0131\u015f ve do\u011fayla uyum i\u00e7inde onurlu bir ya\u015fam s\u00fcrd\u00fc\u011f\u00fc daha iyi bir d\u00fcnya hayalini ta\u015f\u0131yorlar.<\/p><p>Buna, ya\u015fama d\u00fc\u015fman olan 'itibari para sisteminin' kar\u015f\u0131 \u00e7\u0131kt\u0131\u011f\u0131 iyi bilinmektedir. Tek soru, insanl\u0131k ailesi olarak hepimizin ya\u015famaktan keyif alaca\u011f\u0131 iyi bir gelece\u011fi kendimiz i\u00e7in \u015fekillendirmeyi zaman i\u00e7inde ba\u015far\u0131p ba\u015faramayaca\u011f\u0131m\u0131zd\u0131r.<\/p><p>Gazetecilerin, milyarlarca y\u0131ld\u0131r ba\u015far\u0131l\u0131 olan do\u011fa yasalar\u0131n\u0131 takip eden, minnettarl\u0131k ve takdire dayal\u0131 para birimi Gradido'yu kalpleriyle g\u00f6rmeleri ve yazmalar\u0131 \u00e7ok daha sevindirici. Pedro Kraft, kendi ad\u0131na d\u00fc\u015f\u00fcnen insanlar\u0131 birbirine ba\u011flamak ve d\u00f6n\u00fc\u015f\u00fcm s\u00fcre\u00e7lerine e\u015flik etmek i\u00e7in bir ileti\u015fim platformu olarak 'WALNUSSblatt'\u0131 yaratan, ruhu, kalbi ve akl\u0131 olan bir gazetecidir.<\/p><p>Bu say\u0131, \"Bar\u0131\u015fa giden yol: sevgi\" gibi b\u00fcy\u00fck bir konuyu ele al\u0131yor. Pedro, \"Gradido - yeni para biriminin ad\u0131 minnettarl\u0131k\" ba\u015fl\u0131\u011f\u0131 alt\u0131nda Bernd ile Gradido'nun yeni y\u00f6nelimi ve temel bir bar\u0131\u015f arac\u0131 olarak mevcut durumu hakk\u0131nda okumaya de\u011fer bir s\u00f6yle\u015fi ger\u00e7ekle\u015ftiriyor.<\/p><p><a href=\"https:\/\/gradido.net\/wp-content\/uploads\/2022\/05\/Gradido_Walnussblatt.pdf\">R\u00f6portaj i\u00e7in (PDF indir)<\/a><\/p><p>Bu ilgin\u00e7 okumay\u0131 ka\u00e7\u0131rmay\u0131n. \u00d6n\u00fcm\u00fczdeki yol giderek daha da netle\u015fiyor. Sonunda minnettarl\u0131k ve takdir yeni d\u00fcnya para birimi haline gelene ve bir insanl\u0131k ailesi olarak yeni - bar\u0131\u015f\u00e7\u0131l - d\u00fcnyay\u0131 birlikte yaratana kadar hep birlikte a\u011fa minnettarl\u0131k dalgalar\u0131 g\u00f6ndeririz.<\/p><p>Sevgi ve minnetle<\/p><p>Sizin<\/p><p><img decoding=\"async\" class=\"alignnone wp-image-4614 size-medium\" src=\"https:\/\/gradido.net\/wp-content\/uploads\/2022\/06\/MargretBernd_2022-300x74.png\" alt=\"\" width=\"300\" height=\"74\" srcset=\"https:\/\/gradido.net\/wp-content\/uploads\/2022\/06\/MargretBernd_2022-300x74.png 300w, https:\/\/gradido.net\/wp-content\/uploads\/2022\/06\/MargretBernd_2022-18x4.png 18w, https:\/\/gradido.net\/wp-content\/uploads\/2022\/06\/MargretBernd_2022.png 431w\" sizes=\"(max-width: 300px) 100vw, 300px\" \/><\/p><p>Margret Baier ve Bernd H\u00fcckst\u00e4dt<br \/>Gradido kurucusu ve geli\u015ftiricisi<\/p>\t\t\t\t\t\t\t\t<\/div>\n\t\t\t\t<\/div>\n\t\t\t\t\t<\/div>\n\t\t<\/div>\n\t\t\t\t\t<\/div>\n\t\t<\/section>\n\t\t\t\t<\/div>","protected":false},"excerpt":{"rendered":"<p>Bu say\u0131, b\u00fcy\u00fck bir konuyu ele al\u0131yor: 'Bar\u0131\u015fa giden yol: sevgi'. Pedro, 'Gradido - yeni para biriminin ad\u0131 minnettarl\u0131k' ba\u015fl\u0131\u011f\u0131 alt\u0131nda Bernd ile Gradido'nun yeni y\u00f6nelimi ve temel bir bar\u0131\u015f arac\u0131 olarak mevcut durumu hakk\u0131nda okumaya de\u011fer bir s\u00f6yle\u015fi ger\u00e7ekle\u015ftiriyor.<\/p>","protected":false},"author":2,"featured_media":4428,"comment_status":"closed","ping_status":"closed","sticky":false,"template":"","format":"standard","meta":{"footnotes":""},"categories":[11,54,8,56],"tags":[22],"class_list":["post-4410","post","type-post","status-publish","format-standard","has-post-thumbnail","hentry","category-blog","category-community","category-pressemitteilung","category-psychologie","tag-bild-oben"],"yoast_head":"<!-- This site is optimized with the Yoast SEO plugin v27.5 - https:\/\/yoast.com\/product\/yoast-seo-wordpress\/ -->\n<title>Gradido-Interview im \u201aWALNUSSblatt\u2018 - Gradido<\/title>\n<meta name=\"description\" content=\"Das aktuelle Heft behandelt das gro\u00dfe Thema: \u00bbDer Weg zum Frieden: die Liebe\u00ab. Mit dem Titel \u201aGradido \u2013 die neue W\u00e4hrung hei\u00dft Dankbarkeit\u2018 bringt Pedro hier ein lesenswertes Interview mit Bernd \u00fcber die neue Ausrichtung und den aktuellen Stand von Gradido als elementares Friedenswerkzeug.\" \/>\n<meta name=\"robots\" content=\"index, follow, max-snippet:-1, max-image-preview:large, max-video-preview:-1\" \/>\n<link rel=\"canonical\" href=\"https:\/\/gradido.net\/tr\/gradido-interview-im-walnussblatt\/\" \/>\n<meta property=\"og:locale\" content=\"tr_TR\" \/>\n<meta property=\"og:type\" content=\"article\" \/>\n<meta property=\"og:title\" content=\"Gradido-Interview im \u201aWALNUSSblatt\u2018 - Gradido\" \/>\n<meta property=\"og:description\" content=\"Das aktuelle Heft behandelt das gro\u00dfe Thema: \u00bbDer Weg zum Frieden: die Liebe\u00ab. Mit dem Titel \u201aGradido \u2013 die neue W\u00e4hrung hei\u00dft Dankbarkeit\u2018 bringt Pedro hier ein lesenswertes Interview mit Bernd \u00fcber die neue Ausrichtung und den aktuellen Stand von Gradido als elementares Friedenswerkzeug.\" \/>\n<meta property=\"og:url\" content=\"https:\/\/gradido.net\/tr\/gradido-interview-im-walnussblatt\/\" \/>\n<meta property=\"og:site_name\" content=\"Gradido\" \/>\n<meta property=\"article:published_time\" content=\"2022-05-15T14:05:23+00:00\" \/>\n<meta property=\"article:modified_time\" content=\"2026-04-24T06:20:33+00:00\" \/>\n<meta property=\"og:image\" content=\"https:\/\/gradido.net\/wp-content\/uploads\/2022\/05\/Walnussblatt_Blog4.jpg\" \/>\n\t<meta property=\"og:image:width\" content=\"1500\" \/>\n\t<meta property=\"og:image:height\" content=\"1000\" \/>\n\t<meta property=\"og:image:type\" content=\"image\/jpeg\" \/>\n<meta name=\"author\" content=\"Bernd H\u00fcckst\u00e4dt\" \/>\n<meta name=\"twitter:card\" content=\"summary_large_image\" \/>\n<meta name=\"twitter:label1\" content=\"Yazan:\" \/>\n\t<meta name=\"twitter:data1\" content=\"Bernd H\u00fcckst\u00e4dt\" \/>\n\t<meta name=\"twitter:label2\" content=\"Tahmini okuma s\u00fcresi\" \/>\n\t<meta name=\"twitter:data2\" content=\"2 dakika\" \/>\n<script type=\"application\/ld+json\" class=\"yoast-schema-graph\">{\"@context\":\"https:\\\/\\\/schema.org\",\"@graph\":[{\"@type\":\"Article\",\"@id\":\"https:\\\/\\\/gradido.net\\\/gradido-interview-im-walnussblatt\\\/#article\",\"isPartOf\":{\"@id\":\"https:\\\/\\\/gradido.net\\\/gradido-interview-im-walnussblatt\\\/\"},\"author\":{\"name\":\"Bernd H\u00fcckst\u00e4dt\",\"@id\":\"https:\\\/\\\/gradido.net\\\/de\\\/#\\\/schema\\\/person\\\/9c503a004ad15a1ddecadce2218db5d1\"},\"headline\":\"Gradido-Interview im \u201aWALNUSSblatt\u2018\",\"datePublished\":\"2022-05-15T14:05:23+00:00\",\"dateModified\":\"2026-04-24T06:20:33+00:00\",\"mainEntityOfPage\":{\"@id\":\"https:\\\/\\\/gradido.net\\\/gradido-interview-im-walnussblatt\\\/\"},\"wordCount\":297,\"publisher\":{\"@id\":\"https:\\\/\\\/gradido.net\\\/de\\\/#organization\"},\"image\":{\"@id\":\"https:\\\/\\\/gradido.net\\\/gradido-interview-im-walnussblatt\\\/#primaryimage\"},\"thumbnailUrl\":\"https:\\\/\\\/gradido.net\\\/wp-content\\\/uploads\\\/2022\\\/05\\\/Walnussblatt_Blog4.jpg\",\"keywords\":[\"Bild oben\"],\"articleSection\":[\"Blog\",\"Community\",\"Pressemitteilung\",\"Psychologie\"],\"inLanguage\":\"tr\"},{\"@type\":\"WebPage\",\"@id\":\"https:\\\/\\\/gradido.net\\\/gradido-interview-im-walnussblatt\\\/\",\"url\":\"https:\\\/\\\/gradido.net\\\/gradido-interview-im-walnussblatt\\\/\",\"name\":\"Gradido-Interview im \u201aWALNUSSblatt\u2018 - Gradido\",\"isPartOf\":{\"@id\":\"https:\\\/\\\/gradido.net\\\/de\\\/#website\"},\"primaryImageOfPage\":{\"@id\":\"https:\\\/\\\/gradido.net\\\/gradido-interview-im-walnussblatt\\\/#primaryimage\"},\"image\":{\"@id\":\"https:\\\/\\\/gradido.net\\\/gradido-interview-im-walnussblatt\\\/#primaryimage\"},\"thumbnailUrl\":\"https:\\\/\\\/gradido.net\\\/wp-content\\\/uploads\\\/2022\\\/05\\\/Walnussblatt_Blog4.jpg\",\"datePublished\":\"2022-05-15T14:05:23+00:00\",\"dateModified\":\"2026-04-24T06:20:33+00:00\",\"description\":\"Das aktuelle Heft behandelt das gro\u00dfe Thema: \u00bbDer Weg zum Frieden: die Liebe\u00ab. Mit dem Titel \u201aGradido \u2013 die neue W\u00e4hrung hei\u00dft Dankbarkeit\u2018 bringt Pedro hier ein lesenswertes Interview mit Bernd \u00fcber die neue Ausrichtung und den aktuellen Stand von Gradido als elementares Friedenswerkzeug.\",\"breadcrumb\":{\"@id\":\"https:\\\/\\\/gradido.net\\\/gradido-interview-im-walnussblatt\\\/#breadcrumb\"},\"inLanguage\":\"tr\",\"potentialAction\":[{\"@type\":\"ReadAction\",\"target\":[\"https:\\\/\\\/gradido.net\\\/gradido-interview-im-walnussblatt\\\/\"]}]},{\"@type\":\"ImageObject\",\"inLanguage\":\"tr\",\"@id\":\"https:\\\/\\\/gradido.net\\\/gradido-interview-im-walnussblatt\\\/#primaryimage\",\"url\":\"https:\\\/\\\/gradido.net\\\/wp-content\\\/uploads\\\/2022\\\/05\\\/Walnussblatt_Blog4.jpg\",\"contentUrl\":\"https:\\\/\\\/gradido.net\\\/wp-content\\\/uploads\\\/2022\\\/05\\\/Walnussblatt_Blog4.jpg\",\"width\":1500,\"height\":1000},{\"@type\":\"BreadcrumbList\",\"@id\":\"https:\\\/\\\/gradido.net\\\/gradido-interview-im-walnussblatt\\\/#breadcrumb\",\"itemListElement\":[{\"@type\":\"ListItem\",\"position\":1,\"name\":\"Startseite\",\"item\":\"https:\\\/\\\/gradido.net\\\/\"},{\"@type\":\"ListItem\",\"position\":2,\"name\":\"Gradido-Interview im \u201aWALNUSSblatt\u2018\"}]},{\"@type\":\"WebSite\",\"@id\":\"https:\\\/\\\/gradido.net\\\/de\\\/#website\",\"url\":\"https:\\\/\\\/gradido.net\\\/de\\\/\",\"name\":\"Gradido\",\"description\":\"Die neue W\u00e4hrung hei\u00dft Dankbarkeit\",\"publisher\":{\"@id\":\"https:\\\/\\\/gradido.net\\\/de\\\/#organization\"},\"potentialAction\":[{\"@type\":\"SearchAction\",\"target\":{\"@type\":\"EntryPoint\",\"urlTemplate\":\"https:\\\/\\\/gradido.net\\\/de\\\/?s={search_term_string}\"},\"query-input\":{\"@type\":\"PropertyValueSpecification\",\"valueRequired\":true,\"valueName\":\"search_term_string\"}}],\"inLanguage\":\"tr\"},{\"@type\":\"Organization\",\"@id\":\"https:\\\/\\\/gradido.net\\\/de\\\/#organization\",\"name\":\"Gradido\",\"url\":\"https:\\\/\\\/gradido.net\\\/de\\\/\",\"logo\":{\"@type\":\"ImageObject\",\"inLanguage\":\"tr\",\"@id\":\"https:\\\/\\\/gradido.net\\\/de\\\/#\\\/schema\\\/logo\\\/image\\\/\",\"url\":\"https:\\\/\\\/gradido.net\\\/wp-content\\\/uploads\\\/2022\\\/04\\\/gradido-social.jpg\",\"contentUrl\":\"https:\\\/\\\/gradido.net\\\/wp-content\\\/uploads\\\/2022\\\/04\\\/gradido-social.jpg\",\"width\":527,\"height\":273,\"caption\":\"Gradido\"},\"image\":{\"@id\":\"https:\\\/\\\/gradido.net\\\/de\\\/#\\\/schema\\\/logo\\\/image\\\/\"}},{\"@type\":\"Person\",\"@id\":\"https:\\\/\\\/gradido.net\\\/de\\\/#\\\/schema\\\/person\\\/9c503a004ad15a1ddecadce2218db5d1\",\"name\":\"Bernd H\u00fcckst\u00e4dt\",\"sameAs\":[\"https:\\\/\\\/gradido.net\"],\"url\":\"https:\\\/\\\/gradido.net\\\/tr\\\/author\\\/bernd\\\/\"}]}<\/script>\n<!-- \/ Yoast SEO plugin. -->","yoast_head_json":{"title":"'WALNUSSblatt'ta Gradido r\u00f6portaj\u0131 - Gradido","description":"Bu say\u0131, b\u00fcy\u00fck bir konuyu ele al\u0131yor: 'Bar\u0131\u015fa giden yol: sevgi'. Pedro, 'Gradido - yeni para biriminin ad\u0131 minnettarl\u0131k' ba\u015fl\u0131\u011f\u0131 alt\u0131nda Bernd ile Gradido'nun yeni y\u00f6nelimi ve temel bir bar\u0131\u015f arac\u0131 olarak mevcut durumu hakk\u0131nda okumaya de\u011fer bir s\u00f6yle\u015fi ger\u00e7ekle\u015ftiriyor.","robots":{"index":"index","follow":"follow","max-snippet":"max-snippet:-1","max-image-preview":"max-image-preview:large","max-video-preview":"max-video-preview:-1"},"canonical":"https:\/\/gradido.net\/tr\/gradido-interview-im-walnussblatt\/","og_locale":"tr_TR","og_type":"article","og_title":"Gradido-Interview im \u201aWALNUSSblatt\u2018 - Gradido","og_description":"Das aktuelle Heft behandelt das gro\u00dfe Thema: \u00bbDer Weg zum Frieden: die Liebe\u00ab. Mit dem Titel \u201aGradido \u2013 die neue W\u00e4hrung hei\u00dft Dankbarkeit\u2018 bringt Pedro hier ein lesenswertes Interview mit Bernd \u00fcber die neue Ausrichtung und den aktuellen Stand von Gradido als elementares Friedenswerkzeug.","og_url":"https:\/\/gradido.net\/tr\/gradido-interview-im-walnussblatt\/","og_site_name":"Gradido","article_published_time":"2022-05-15T14:05:23+00:00","article_modified_time":"2026-04-24T06:20:33+00:00","og_image":[{"width":1500,"height":1000,"url":"https:\/\/gradido.net\/wp-content\/uploads\/2022\/05\/Walnussblatt_Blog4.jpg","type":"image\/jpeg"}],"author":"Bernd H\u00fcckst\u00e4dt","twitter_card":"summary_large_image","twitter_misc":{"Yazan:":"Bernd H\u00fcckst\u00e4dt","Tahmini okuma s\u00fcresi":"2 dakika"},"schema":{"@context":"https:\/\/schema.org","@graph":[{"@type":"Article","@id":"https:\/\/gradido.net\/gradido-interview-im-walnussblatt\/#article","isPartOf":{"@id":"https:\/\/gradido.net\/gradido-interview-im-walnussblatt\/"},"author":{"name":"Bernd H\u00fcckst\u00e4dt","@id":"https:\/\/gradido.net\/de\/#\/schema\/person\/9c503a004ad15a1ddecadce2218db5d1"},"headline":"Gradido-Interview im \u201aWALNUSSblatt\u2018","datePublished":"2022-05-15T14:05:23+00:00","dateModified":"2026-04-24T06:20:33+00:00","mainEntityOfPage":{"@id":"https:\/\/gradido.net\/gradido-interview-im-walnussblatt\/"},"wordCount":297,"publisher":{"@id":"https:\/\/gradido.net\/de\/#organization"},"image":{"@id":"https:\/\/gradido.net\/gradido-interview-im-walnussblatt\/#primaryimage"},"thumbnailUrl":"https:\/\/gradido.net\/wp-content\/uploads\/2022\/05\/Walnussblatt_Blog4.jpg","keywords":["Bild oben"],"articleSection":["Blog","Community","Pressemitteilung","Psychologie"],"inLanguage":"tr"},{"@type":"WebPage","@id":"https:\/\/gradido.net\/gradido-interview-im-walnussblatt\/","url":"https:\/\/gradido.net\/gradido-interview-im-walnussblatt\/","name":"'WALNUSSblatt'ta Gradido r\u00f6portaj\u0131 - Gradido","isPartOf":{"@id":"https:\/\/gradido.net\/de\/#website"},"primaryImageOfPage":{"@id":"https:\/\/gradido.net\/gradido-interview-im-walnussblatt\/#primaryimage"},"image":{"@id":"https:\/\/gradido.net\/gradido-interview-im-walnussblatt\/#primaryimage"},"thumbnailUrl":"https:\/\/gradido.net\/wp-content\/uploads\/2022\/05\/Walnussblatt_Blog4.jpg","datePublished":"2022-05-15T14:05:23+00:00","dateModified":"2026-04-24T06:20:33+00:00","description":"Bu say\u0131, b\u00fcy\u00fck bir konuyu ele al\u0131yor: 'Bar\u0131\u015fa giden yol: sevgi'. Pedro, 'Gradido - yeni para biriminin ad\u0131 minnettarl\u0131k' ba\u015fl\u0131\u011f\u0131 alt\u0131nda Bernd ile Gradido'nun yeni y\u00f6nelimi ve temel bir bar\u0131\u015f arac\u0131 olarak mevcut durumu hakk\u0131nda okumaya de\u011fer bir s\u00f6yle\u015fi ger\u00e7ekle\u015ftiriyor.","breadcrumb":{"@id":"https:\/\/gradido.net\/gradido-interview-im-walnussblatt\/#breadcrumb"},"inLanguage":"tr","potentialAction":[{"@type":"ReadAction","target":["https:\/\/gradido.net\/gradido-interview-im-walnussblatt\/"]}]},{"@type":"ImageObject","inLanguage":"tr","@id":"https:\/\/gradido.net\/gradido-interview-im-walnussblatt\/#primaryimage","url":"https:\/\/gradido.net\/wp-content\/uploads\/2022\/05\/Walnussblatt_Blog4.jpg","contentUrl":"https:\/\/gradido.net\/wp-content\/uploads\/2022\/05\/Walnussblatt_Blog4.jpg","width":1500,"height":1000},{"@type":"BreadcrumbList","@id":"https:\/\/gradido.net\/gradido-interview-im-walnussblatt\/#breadcrumb","itemListElement":[{"@type":"ListItem","position":1,"name":"Startseite","item":"https:\/\/gradido.net\/"},{"@type":"ListItem","position":2,"name":"Gradido-Interview im \u201aWALNUSSblatt\u2018"}]},{"@type":"WebSite","@id":"https:\/\/gradido.net\/de\/#website","url":"https:\/\/gradido.net\/de\/","name":"Gradido","description":"Yeni para birimi minnettarl\u0131k","publisher":{"@id":"https:\/\/gradido.net\/de\/#organization"},"potentialAction":[{"@type":"SearchAction","target":{"@type":"EntryPoint","urlTemplate":"https:\/\/gradido.net\/de\/?s={search_term_string}"},"query-input":{"@type":"PropertyValueSpecification","valueRequired":true,"valueName":"search_term_string"}}],"inLanguage":"tr"},{"@type":"Organization","@id":"https:\/\/gradido.net\/de\/#organization","name":"Gradido","url":"https:\/\/gradido.net\/de\/","logo":{"@type":"ImageObject","inLanguage":"tr","@id":"https:\/\/gradido.net\/de\/#\/schema\/logo\/image\/","url":"https:\/\/gradido.net\/wp-content\/uploads\/2022\/04\/gradido-social.jpg","contentUrl":"https:\/\/gradido.net\/wp-content\/uploads\/2022\/04\/gradido-social.jpg","width":527,"height":273,"caption":"Gradido"},"image":{"@id":"https:\/\/gradido.net\/de\/#\/schema\/logo\/image\/"}},{"@type":"Person","@id":"https:\/\/gradido.net\/de\/#\/schema\/person\/9c503a004ad15a1ddecadce2218db5d1","name":"Bernd H\u00fcckst\u00e4dt","sameAs":["https:\/\/gradido.net"],"url":"https:\/\/gradido.net\/tr\/author\/bernd\/"}]}},"_links":{"self":[{"href":"https:\/\/gradido.net\/tr\/wp-json\/wp\/v2\/posts\/4410","targetHints":{"allow":["GET"]}}],"collection":[{"href":"https:\/\/gradido.net\/tr\/wp-json\/wp\/v2\/posts"}],"about":[{"href":"https:\/\/gradido.net\/tr\/wp-json\/wp\/v2\/types\/post"}],"author":[{"embeddable":true,"href":"https:\/\/gradido.net\/tr\/wp-json\/wp\/v2\/users\/2"}],"replies":[{"embeddable":true,"href":"https:\/\/gradido.net\/tr\/wp-json\/wp\/v2\/comments?post=4410"}],"version-history":[{"count":19,"href":"https:\/\/gradido.net\/tr\/wp-json\/wp\/v2\/posts\/4410\/revisions"}],"predecessor-version":[{"id":13610,"href":"https:\/\/gradido.net\/tr\/wp-json\/wp\/v2\/posts\/4410\/revisions\/13610"}],"wp:featuredmedia":[{"embeddable":true,"href":"https:\/\/gradido.net\/tr\/wp-json\/wp\/v2\/media\/4428"}],"wp:attachment":[{"href":"https:\/\/gradido.net\/tr\/wp-json\/wp\/v2\/media?parent=4410"}],"wp:term":[{"taxonomy":"category","embeddable":true,"href":"https:\/\/gradido.net\/tr\/wp-json\/wp\/v2\/categories?post=4410"},{"taxonomy":"post_tag","embeddable":true,"href":"https:\/\/gradido.net\/tr\/wp-json\/wp\/v2\/tags?post=4410"}],"curies":[{"name":"wp","href":"https:\/\/api.w.org\/{rel}","templated":true}]}}