{"id":5543,"date":"2022-08-25T11:49:39","date_gmt":"2022-08-25T09:49:39","guid":{"rendered":"https:\/\/gradido.net\/?p=5543"},"modified":"2026-04-24T08:16:22","modified_gmt":"2026-04-24T06:16:22","slug":"gradido-dankbarkeit-mit-system","status":"publish","type":"post","link":"https:\/\/gradido.net\/tr\/gradido-dankbarkeit-mit-system\/","title":{"rendered":"Gradido - Bir sistem ile minnettarl\u0131k"},"content":{"rendered":"<div data-elementor-type=\"wp-post\" data-elementor-id=\"5543\" class=\"elementor elementor-5543\" data-elementor-post-type=\"post\">\n\t\t\t\t\t\t<section class=\"elementor-section elementor-top-section elementor-element elementor-element-496e1d53 elementor-section-boxed elementor-section-height-default elementor-section-height-default\" data-id=\"496e1d53\" data-element_type=\"section\" data-e-type=\"section\">\n\t\t\t\t\t\t<div class=\"elementor-container elementor-column-gap-default\">\n\t\t\t\t\t<div class=\"elementor-column elementor-col-100 elementor-top-column elementor-element elementor-element-461d7be0\" data-id=\"461d7be0\" data-element_type=\"column\" data-e-type=\"column\">\n\t\t\t<div class=\"elementor-widget-wrap elementor-element-populated\">\n\t\t\t\t\t\t<div class=\"elementor-element elementor-element-b44b1b3 elementor-widget elementor-widget-text-editor\" data-id=\"b44b1b3\" data-element_type=\"widget\" data-e-type=\"widget\" data-widget_type=\"text-editor.default\">\n\t\t\t\t<div class=\"elementor-widget-container\">\n\t\t\t\t\t\t\t\t\t<p>Sevgili okuyucu,<\/p><p>dieBasis partisi 24 A\u011fustos 2022 \u00c7ar\u015famba g\u00fcn\u00fc Bernd H\u00fcckst\u00e4dt ile Gradido para sistemi \u00fczerine bir konferansa davetlidir<\/p>\t\t\t\t\t\t\t\t<\/div>\n\t\t\t\t<\/div>\n\t\t\t\t<div class=\"elementor-element elementor-element-1087c6f elementor-widget elementor-widget-video\" data-id=\"1087c6f\" data-element_type=\"widget\" data-e-type=\"widget\" data-settings=\"{&quot;video_type&quot;:&quot;vimeo&quot;}\" data-widget_type=\"video.default\">\n\t\t\t\t<div class=\"elementor-widget-container\">\n\t\t\t\t\t\t\t<div class=\"elementor-wrapper elementor-open-inline\">\n\t\t\t<iframe hcb-fetch-image-from=\"https:\/\/vimeo.com\/742911931\" class=\"elementor-video-iframe\" allowfullscreen allow=\"clipboard-write\" title=\"Odtwarzacz wideo vimeo\" src=\"https:\/\/player.vimeo.com\/video\/742911931?color&amp;autopause=0&amp;loop=0&amp;muted=0&amp;title=1&amp;portrait=1&amp;byline=1#t=\" data-no-translation-title=\"\"><\/iframe>\t\t<\/div>\n\t\t\t\t\t\t<\/div>\n\t\t\t\t<\/div>\n\t\t\t\t<div class=\"elementor-element elementor-element-cd9ebe2 elementor-widget elementor-widget-text-editor\" data-id=\"cd9ebe2\" data-element_type=\"widget\" data-e-type=\"widget\" data-widget_type=\"text-editor.default\">\n\t\t\t\t<div class=\"elementor-widget-container\">\n\t\t\t\t\t\t\t\t\t<p>Eski bor\u00e7 para sisteminin aksine, Gradido ile para her insan taraf\u0131ndan yarat\u0131l\u0131r.<\/p><p>\u00c7ocuklar\u0131m\u0131z nas\u0131l bir d\u00fcnyada ya\u015famal\u0131? Sistemsel olarak mevcut finansal sistem, kitlesel iflaslar, rekor d\u00fczeyde i\u015fsizlik, yoksulluk ve sava\u015f e\u015fli\u011finde d\u00fcnya \u00e7ap\u0131nda \u00e7\u00f6kmektedir.<\/p><p>\u0130nsanl\u0131k ancak ya\u015fam, sevgi ve \u015fefkate dayal\u0131 yeni bir para sistemiyle bu zorluklar\u0131n \u00fcstesinden herkesin yarar\u0131na gelebilir. Gradido Ekonomik Biyonik Akademisi yirmi y\u0131ll\u0131k bir ara\u015ft\u0131rma sonucunda b\u00f6yle bir sistem geli\u015ftirmi\u015ftir: Gradido, Do\u011fal Ya\u015fam Ekonomisi, do\u011fan\u0131n milyarlarca y\u0131ld\u0131r kan\u0131tlanm\u0131\u015f ba\u015far\u0131 modellerini takip eder ve yoksullu\u011fu, a\u00e7l\u0131\u011f\u0131, sava\u015flar\u0131 ve \u00e7evresel y\u0131k\u0131m\u0131 sona erdirme potansiyeline sahiptir. Birlikte, do\u011fayla bar\u0131\u015f ve uyum i\u00e7inde torunlara uygun bir gelecek yarat\u0131yoruz.<\/p><p>'Gradido' ismi Minnettarl\u0131k, Sayg\u0131nl\u0131k ve Ba\u011f\u0131\u015f anlam\u0131na gelmektedir. Gradido, daha \u00f6nce eski finansal sistem taraf\u0131ndan bast\u0131r\u0131lm\u0131\u015f olan t\u00fcm harika proje ve giri\u015fimleri m\u00fcmk\u00fcn k\u0131l\u0131yor. Etik temel, bireyin, toplumun ve daha b\u00fcy\u00fck b\u00fct\u00fcn\u00fcn \u00fc\u00e7 y\u00f6nl\u00fc iyili\u011fidir.<\/p><p>Umar\u0131m videoyu izlerken keyif al\u0131rs\u0131n\u0131z ve iyi bilgiler edinirsiniz.<\/p><p>Sizin<\/p><p><img decoding=\"async\" class=\"alignnone wp-image-4614 size-medium\" src=\"https:\/\/gradido.net\/wp-content\/uploads\/2022\/06\/MargretBernd_2022-300x74.png\" alt=\"\" width=\"300\" height=\"74\" srcset=\"https:\/\/gradido.net\/wp-content\/uploads\/2022\/06\/MargretBernd_2022-300x74.png 300w, https:\/\/gradido.net\/wp-content\/uploads\/2022\/06\/MargretBernd_2022-18x4.png 18w, https:\/\/gradido.net\/wp-content\/uploads\/2022\/06\/MargretBernd_2022.png 431w\" sizes=\"(max-width: 300px) 100vw, 300px\" \/><\/p><p>Margret Baier ve Bernd H\u00fcckst\u00e4dt<br \/>Gradido kurucusu ve geli\u015ftiricisi<\/p>\t\t\t\t\t\t\t\t<\/div>\n\t\t\t\t<\/div>\n\t\t\t\t\t<\/div>\n\t\t<\/div>\n\t\t\t\t\t<\/div>\n\t\t<\/section>\n\t\t\t\t<section class=\"elementor-section elementor-top-section elementor-element elementor-element-7cc78a8 elementor-section-boxed elementor-section-height-default elementor-section-height-default\" data-id=\"7cc78a8\" data-element_type=\"section\" data-e-type=\"section\">\n\t\t\t\t\t\t<div class=\"elementor-container elementor-column-gap-default\">\n\t\t\t\t\t<div class=\"elementor-column elementor-col-100 elementor-top-column elementor-element elementor-element-79dfbe0\" data-id=\"79dfbe0\" data-element_type=\"column\" data-e-type=\"column\">\n\t\t\t<div class=\"elementor-widget-wrap elementor-element-populated\">\n\t\t\t\t\t\t<div class=\"elementor-element elementor-element-a7db17c elementor-widget elementor-widget-global elementor-global-9341 elementor-widget-text-editor\" data-id=\"a7db17c\" data-element_type=\"widget\" data-e-type=\"widget\" data-widget_type=\"text-editor.default\">\n\t\t\t\t<div class=\"elementor-widget-container\">\n\t\t\t\t\t\t\t\t\t<p><strong>PS:\u00a0<span style=\"color: #ff6600;\"><a style=\"color: #ff6600;\" href=\"https:\/\/gradido.net\/tr\/donations\/\">Gradido'nun her ge\u00e7en g\u00fcn artan \u00f6nemi nedeniyle 26 Haziran 2026 tarihinde \u015f\u00fckran kampanyam\u0131z\u0131 tekrarl\u0131yoruz:<\/a>\u00a0<\/span><span style=\"color: #0000ff;\"><a style=\"color: #0000ff;\" href=\"https:\/\/gradido.net\/tr\/donations\/\">Sponsorluk katk\u0131n\u0131z i\u00e7in \u00e7oklu GradidoTransform'a ek olarak, 26\/06\/2016 tarihinde t\u00fcm GDT hesap bakiyelerini 26% art\u0131raca\u011f\u0131z. \u015eimdi sponsor olun ve \u00e7oklu GDT miktar\u0131n\u0131n tad\u0131n\u0131 \u00e7\u0131kar\u0131n!<\/a><\/span><\/strong><\/p>\t\t\t\t\t\t\t\t<\/div>\n\t\t\t\t<\/div>\n\t\t\t\t\t<\/div>\n\t\t<\/div>\n\t\t\t\t\t<\/div>\n\t\t<\/section>\n\t\t\t\t<\/div>","protected":false},"excerpt":{"rendered":"<p>dieBasis partisi, 24 A\u011fustos 2022 tarihinde Bernd H\u00fcckst\u00e4dt ile Gradido para sistemi \u00fczerine bir Zoom konferans\u0131na davet etti. Eski bor\u00e7 para sisteminin aksine, Gradido ile para her insan taraf\u0131ndan yarat\u0131lmaktad\u0131r.<\/p>","protected":false},"author":2,"featured_media":5546,"comment_status":"closed","ping_status":"closed","sticky":false,"template":"","format":"standard","meta":{"footnotes":""},"categories":[11,56],"tags":[],"class_list":["post-5543","post","type-post","status-publish","format-standard","has-post-thumbnail","hentry","category-blog","category-psychologie"],"yoast_head":"<!-- This site is optimized with the Yoast SEO plugin v27.5 - https:\/\/yoast.com\/product\/yoast-seo-wordpress\/ -->\n<title>Gradido \u2013 Dankbarkeit mit System - Gradido<\/title>\n<meta name=\"description\" content=\"Die Partei dieBasis lud ein zu einem Zoom-Vortrag zum Geldsystem Gradido mit Bernd H\u00fcckst\u00e4dt am 24. August 2022. Im Gegensatz zum alten Schuldgeldsystem erfolgt bei Gradido die Geldsch\u00f6pfung durch jeden Menschen.\" \/>\n<meta name=\"robots\" content=\"index, follow, max-snippet:-1, max-image-preview:large, max-video-preview:-1\" \/>\n<link rel=\"canonical\" href=\"https:\/\/gradido.net\/tr\/gradido-dankbarkeit-mit-system\/\" \/>\n<meta property=\"og:locale\" content=\"tr_TR\" \/>\n<meta property=\"og:type\" content=\"article\" \/>\n<meta property=\"og:title\" content=\"Gradido \u2013 Dankbarkeit mit System - Gradido\" \/>\n<meta property=\"og:description\" content=\"Die Partei dieBasis lud ein zu einem Zoom-Vortrag zum Geldsystem Gradido mit Bernd H\u00fcckst\u00e4dt am 24. August 2022. Im Gegensatz zum alten Schuldgeldsystem erfolgt bei Gradido die Geldsch\u00f6pfung durch jeden Menschen.\" \/>\n<meta property=\"og:url\" content=\"https:\/\/gradido.net\/tr\/gradido-dankbarkeit-mit-system\/\" \/>\n<meta property=\"og:site_name\" content=\"Gradido\" \/>\n<meta property=\"article:published_time\" content=\"2022-08-25T09:49:39+00:00\" \/>\n<meta property=\"article:modified_time\" content=\"2026-04-24T06:16:22+00:00\" \/>\n<meta property=\"og:image\" content=\"https:\/\/gradido.net\/wp-content\/uploads\/2022\/08\/Gradido_dieBasis.jpg\" \/>\n\t<meta property=\"og:image:width\" content=\"1000\" \/>\n\t<meta property=\"og:image:height\" content=\"560\" \/>\n\t<meta property=\"og:image:type\" content=\"image\/jpeg\" \/>\n<meta name=\"author\" content=\"Bernd H\u00fcckst\u00e4dt\" \/>\n<meta name=\"twitter:card\" content=\"summary_large_image\" \/>\n<meta name=\"twitter:label1\" content=\"Yazan:\" \/>\n\t<meta name=\"twitter:data1\" content=\"Bernd H\u00fcckst\u00e4dt\" \/>\n\t<meta name=\"twitter:label2\" content=\"Tahmini okuma s\u00fcresi\" \/>\n\t<meta name=\"twitter:data2\" content=\"2 dakika\" \/>\n<script type=\"application\/ld+json\" class=\"yoast-schema-graph\">{\"@context\":\"https:\\\/\\\/schema.org\",\"@graph\":[{\"@type\":\"Article\",\"@id\":\"https:\\\/\\\/gradido.net\\\/gradido-dankbarkeit-mit-system\\\/#article\",\"isPartOf\":{\"@id\":\"https:\\\/\\\/gradido.net\\\/gradido-dankbarkeit-mit-system\\\/\"},\"author\":{\"name\":\"Bernd H\u00fcckst\u00e4dt\",\"@id\":\"https:\\\/\\\/gradido.net\\\/de\\\/#\\\/schema\\\/person\\\/9c503a004ad15a1ddecadce2218db5d1\"},\"headline\":\"Gradido \u2013 Dankbarkeit mit System\",\"datePublished\":\"2022-08-25T09:49:39+00:00\",\"dateModified\":\"2026-04-24T06:16:22+00:00\",\"mainEntityOfPage\":{\"@id\":\"https:\\\/\\\/gradido.net\\\/gradido-dankbarkeit-mit-system\\\/\"},\"wordCount\":268,\"publisher\":{\"@id\":\"https:\\\/\\\/gradido.net\\\/de\\\/#organization\"},\"image\":{\"@id\":\"https:\\\/\\\/gradido.net\\\/gradido-dankbarkeit-mit-system\\\/#primaryimage\"},\"thumbnailUrl\":\"https:\\\/\\\/gradido.net\\\/wp-content\\\/uploads\\\/2022\\\/08\\\/Gradido_dieBasis.jpg\",\"articleSection\":[\"Blog\",\"Psychologie\"],\"inLanguage\":\"tr\"},{\"@type\":\"WebPage\",\"@id\":\"https:\\\/\\\/gradido.net\\\/gradido-dankbarkeit-mit-system\\\/\",\"url\":\"https:\\\/\\\/gradido.net\\\/gradido-dankbarkeit-mit-system\\\/\",\"name\":\"Gradido \u2013 Dankbarkeit mit System - Gradido\",\"isPartOf\":{\"@id\":\"https:\\\/\\\/gradido.net\\\/de\\\/#website\"},\"primaryImageOfPage\":{\"@id\":\"https:\\\/\\\/gradido.net\\\/gradido-dankbarkeit-mit-system\\\/#primaryimage\"},\"image\":{\"@id\":\"https:\\\/\\\/gradido.net\\\/gradido-dankbarkeit-mit-system\\\/#primaryimage\"},\"thumbnailUrl\":\"https:\\\/\\\/gradido.net\\\/wp-content\\\/uploads\\\/2022\\\/08\\\/Gradido_dieBasis.jpg\",\"datePublished\":\"2022-08-25T09:49:39+00:00\",\"dateModified\":\"2026-04-24T06:16:22+00:00\",\"description\":\"Die Partei dieBasis lud ein zu einem Zoom-Vortrag zum Geldsystem Gradido mit Bernd H\u00fcckst\u00e4dt am 24. August 2022. Im Gegensatz zum alten Schuldgeldsystem erfolgt bei Gradido die Geldsch\u00f6pfung durch jeden Menschen.\",\"breadcrumb\":{\"@id\":\"https:\\\/\\\/gradido.net\\\/gradido-dankbarkeit-mit-system\\\/#breadcrumb\"},\"inLanguage\":\"tr\",\"potentialAction\":[{\"@type\":\"ReadAction\",\"target\":[\"https:\\\/\\\/gradido.net\\\/gradido-dankbarkeit-mit-system\\\/\"]}]},{\"@type\":\"ImageObject\",\"inLanguage\":\"tr\",\"@id\":\"https:\\\/\\\/gradido.net\\\/gradido-dankbarkeit-mit-system\\\/#primaryimage\",\"url\":\"https:\\\/\\\/gradido.net\\\/wp-content\\\/uploads\\\/2022\\\/08\\\/Gradido_dieBasis.jpg\",\"contentUrl\":\"https:\\\/\\\/gradido.net\\\/wp-content\\\/uploads\\\/2022\\\/08\\\/Gradido_dieBasis.jpg\",\"width\":1000,\"height\":560},{\"@type\":\"BreadcrumbList\",\"@id\":\"https:\\\/\\\/gradido.net\\\/gradido-dankbarkeit-mit-system\\\/#breadcrumb\",\"itemListElement\":[{\"@type\":\"ListItem\",\"position\":1,\"name\":\"Startseite\",\"item\":\"https:\\\/\\\/gradido.net\\\/\"},{\"@type\":\"ListItem\",\"position\":2,\"name\":\"Gradido \u2013 Dankbarkeit mit System\"}]},{\"@type\":\"WebSite\",\"@id\":\"https:\\\/\\\/gradido.net\\\/de\\\/#website\",\"url\":\"https:\\\/\\\/gradido.net\\\/de\\\/\",\"name\":\"Gradido\",\"description\":\"Die neue W\u00e4hrung hei\u00dft Dankbarkeit\",\"publisher\":{\"@id\":\"https:\\\/\\\/gradido.net\\\/de\\\/#organization\"},\"potentialAction\":[{\"@type\":\"SearchAction\",\"target\":{\"@type\":\"EntryPoint\",\"urlTemplate\":\"https:\\\/\\\/gradido.net\\\/de\\\/?s={search_term_string}\"},\"query-input\":{\"@type\":\"PropertyValueSpecification\",\"valueRequired\":true,\"valueName\":\"search_term_string\"}}],\"inLanguage\":\"tr\"},{\"@type\":\"Organization\",\"@id\":\"https:\\\/\\\/gradido.net\\\/de\\\/#organization\",\"name\":\"Gradido\",\"url\":\"https:\\\/\\\/gradido.net\\\/de\\\/\",\"logo\":{\"@type\":\"ImageObject\",\"inLanguage\":\"tr\",\"@id\":\"https:\\\/\\\/gradido.net\\\/de\\\/#\\\/schema\\\/logo\\\/image\\\/\",\"url\":\"https:\\\/\\\/gradido.net\\\/wp-content\\\/uploads\\\/2022\\\/04\\\/gradido-social.jpg\",\"contentUrl\":\"https:\\\/\\\/gradido.net\\\/wp-content\\\/uploads\\\/2022\\\/04\\\/gradido-social.jpg\",\"width\":527,\"height\":273,\"caption\":\"Gradido\"},\"image\":{\"@id\":\"https:\\\/\\\/gradido.net\\\/de\\\/#\\\/schema\\\/logo\\\/image\\\/\"}},{\"@type\":\"Person\",\"@id\":\"https:\\\/\\\/gradido.net\\\/de\\\/#\\\/schema\\\/person\\\/9c503a004ad15a1ddecadce2218db5d1\",\"name\":\"Bernd H\u00fcckst\u00e4dt\",\"sameAs\":[\"https:\\\/\\\/gradido.net\"],\"url\":\"https:\\\/\\\/gradido.net\\\/tr\\\/author\\\/bernd\\\/\"}]}<\/script>\n<!-- \/ Yoast SEO plugin. -->","yoast_head_json":{"title":"Gradido - Sistemli Minnettarl\u0131k - Gradido","description":"dieBasis partisi, 24 A\u011fustos 2022 tarihinde Bernd H\u00fcckst\u00e4dt ile Gradido para sistemi \u00fczerine bir Zoom konferans\u0131na davet etti. Eski bor\u00e7 para sisteminin aksine, Gradido ile para her insan taraf\u0131ndan yarat\u0131lmaktad\u0131r.","robots":{"index":"index","follow":"follow","max-snippet":"max-snippet:-1","max-image-preview":"max-image-preview:large","max-video-preview":"max-video-preview:-1"},"canonical":"https:\/\/gradido.net\/tr\/gradido-dankbarkeit-mit-system\/","og_locale":"tr_TR","og_type":"article","og_title":"Gradido \u2013 Dankbarkeit mit System - Gradido","og_description":"Die Partei dieBasis lud ein zu einem Zoom-Vortrag zum Geldsystem Gradido mit Bernd H\u00fcckst\u00e4dt am 24. August 2022. Im Gegensatz zum alten Schuldgeldsystem erfolgt bei Gradido die Geldsch\u00f6pfung durch jeden Menschen.","og_url":"https:\/\/gradido.net\/tr\/gradido-dankbarkeit-mit-system\/","og_site_name":"Gradido","article_published_time":"2022-08-25T09:49:39+00:00","article_modified_time":"2026-04-24T06:16:22+00:00","og_image":[{"width":1000,"height":560,"url":"https:\/\/gradido.net\/wp-content\/uploads\/2022\/08\/Gradido_dieBasis.jpg","type":"image\/jpeg"}],"author":"Bernd H\u00fcckst\u00e4dt","twitter_card":"summary_large_image","twitter_misc":{"Yazan:":"Bernd H\u00fcckst\u00e4dt","Tahmini okuma s\u00fcresi":"2 dakika"},"schema":{"@context":"https:\/\/schema.org","@graph":[{"@type":"Article","@id":"https:\/\/gradido.net\/gradido-dankbarkeit-mit-system\/#article","isPartOf":{"@id":"https:\/\/gradido.net\/gradido-dankbarkeit-mit-system\/"},"author":{"name":"Bernd H\u00fcckst\u00e4dt","@id":"https:\/\/gradido.net\/de\/#\/schema\/person\/9c503a004ad15a1ddecadce2218db5d1"},"headline":"Gradido \u2013 Dankbarkeit mit System","datePublished":"2022-08-25T09:49:39+00:00","dateModified":"2026-04-24T06:16:22+00:00","mainEntityOfPage":{"@id":"https:\/\/gradido.net\/gradido-dankbarkeit-mit-system\/"},"wordCount":268,"publisher":{"@id":"https:\/\/gradido.net\/de\/#organization"},"image":{"@id":"https:\/\/gradido.net\/gradido-dankbarkeit-mit-system\/#primaryimage"},"thumbnailUrl":"https:\/\/gradido.net\/wp-content\/uploads\/2022\/08\/Gradido_dieBasis.jpg","articleSection":["Blog","Psychologie"],"inLanguage":"tr"},{"@type":"WebPage","@id":"https:\/\/gradido.net\/gradido-dankbarkeit-mit-system\/","url":"https:\/\/gradido.net\/gradido-dankbarkeit-mit-system\/","name":"Gradido - Sistemli Minnettarl\u0131k - Gradido","isPartOf":{"@id":"https:\/\/gradido.net\/de\/#website"},"primaryImageOfPage":{"@id":"https:\/\/gradido.net\/gradido-dankbarkeit-mit-system\/#primaryimage"},"image":{"@id":"https:\/\/gradido.net\/gradido-dankbarkeit-mit-system\/#primaryimage"},"thumbnailUrl":"https:\/\/gradido.net\/wp-content\/uploads\/2022\/08\/Gradido_dieBasis.jpg","datePublished":"2022-08-25T09:49:39+00:00","dateModified":"2026-04-24T06:16:22+00:00","description":"dieBasis partisi, 24 A\u011fustos 2022 tarihinde Bernd H\u00fcckst\u00e4dt ile Gradido para sistemi \u00fczerine bir Zoom konferans\u0131na davet etti. Eski bor\u00e7 para sisteminin aksine, Gradido ile para her insan taraf\u0131ndan yarat\u0131lmaktad\u0131r.","breadcrumb":{"@id":"https:\/\/gradido.net\/gradido-dankbarkeit-mit-system\/#breadcrumb"},"inLanguage":"tr","potentialAction":[{"@type":"ReadAction","target":["https:\/\/gradido.net\/gradido-dankbarkeit-mit-system\/"]}]},{"@type":"ImageObject","inLanguage":"tr","@id":"https:\/\/gradido.net\/gradido-dankbarkeit-mit-system\/#primaryimage","url":"https:\/\/gradido.net\/wp-content\/uploads\/2022\/08\/Gradido_dieBasis.jpg","contentUrl":"https:\/\/gradido.net\/wp-content\/uploads\/2022\/08\/Gradido_dieBasis.jpg","width":1000,"height":560},{"@type":"BreadcrumbList","@id":"https:\/\/gradido.net\/gradido-dankbarkeit-mit-system\/#breadcrumb","itemListElement":[{"@type":"ListItem","position":1,"name":"Startseite","item":"https:\/\/gradido.net\/"},{"@type":"ListItem","position":2,"name":"Gradido \u2013 Dankbarkeit mit System"}]},{"@type":"WebSite","@id":"https:\/\/gradido.net\/de\/#website","url":"https:\/\/gradido.net\/de\/","name":"Gradido","description":"Yeni para birimi minnettarl\u0131k","publisher":{"@id":"https:\/\/gradido.net\/de\/#organization"},"potentialAction":[{"@type":"SearchAction","target":{"@type":"EntryPoint","urlTemplate":"https:\/\/gradido.net\/de\/?s={search_term_string}"},"query-input":{"@type":"PropertyValueSpecification","valueRequired":true,"valueName":"search_term_string"}}],"inLanguage":"tr"},{"@type":"Organization","@id":"https:\/\/gradido.net\/de\/#organization","name":"Gradido","url":"https:\/\/gradido.net\/de\/","logo":{"@type":"ImageObject","inLanguage":"tr","@id":"https:\/\/gradido.net\/de\/#\/schema\/logo\/image\/","url":"https:\/\/gradido.net\/wp-content\/uploads\/2022\/04\/gradido-social.jpg","contentUrl":"https:\/\/gradido.net\/wp-content\/uploads\/2022\/04\/gradido-social.jpg","width":527,"height":273,"caption":"Gradido"},"image":{"@id":"https:\/\/gradido.net\/de\/#\/schema\/logo\/image\/"}},{"@type":"Person","@id":"https:\/\/gradido.net\/de\/#\/schema\/person\/9c503a004ad15a1ddecadce2218db5d1","name":"Bernd H\u00fcckst\u00e4dt","sameAs":["https:\/\/gradido.net"],"url":"https:\/\/gradido.net\/tr\/author\/bernd\/"}]}},"_links":{"self":[{"href":"https:\/\/gradido.net\/tr\/wp-json\/wp\/v2\/posts\/5543","targetHints":{"allow":["GET"]}}],"collection":[{"href":"https:\/\/gradido.net\/tr\/wp-json\/wp\/v2\/posts"}],"about":[{"href":"https:\/\/gradido.net\/tr\/wp-json\/wp\/v2\/types\/post"}],"author":[{"embeddable":true,"href":"https:\/\/gradido.net\/tr\/wp-json\/wp\/v2\/users\/2"}],"replies":[{"embeddable":true,"href":"https:\/\/gradido.net\/tr\/wp-json\/wp\/v2\/comments?post=5543"}],"version-history":[{"count":25,"href":"https:\/\/gradido.net\/tr\/wp-json\/wp\/v2\/posts\/5543\/revisions"}],"predecessor-version":[{"id":13605,"href":"https:\/\/gradido.net\/tr\/wp-json\/wp\/v2\/posts\/5543\/revisions\/13605"}],"wp:featuredmedia":[{"embeddable":true,"href":"https:\/\/gradido.net\/tr\/wp-json\/wp\/v2\/media\/5546"}],"wp:attachment":[{"href":"https:\/\/gradido.net\/tr\/wp-json\/wp\/v2\/media?parent=5543"}],"wp:term":[{"taxonomy":"category","embeddable":true,"href":"https:\/\/gradido.net\/tr\/wp-json\/wp\/v2\/categories?post=5543"},{"taxonomy":"post_tag","embeddable":true,"href":"https:\/\/gradido.net\/tr\/wp-json\/wp\/v2\/tags?post=5543"}],"curies":[{"name":"wp","href":"https:\/\/api.w.org\/{rel}","templated":true}]}}