{"id":616,"date":"2020-05-26T15:29:00","date_gmt":"2020-05-26T13:29:00","guid":{"rendered":"http:\/\/neu.gradido.net\/?p=616"},"modified":"2021-12-10T13:08:25","modified_gmt":"2021-12-10T12:08:25","slug":"corona-krise-zeit-fuer-die-natuerliche-oekonomie-des-lebens","status":"publish","type":"post","link":"https:\/\/gradido.net\/tr\/corona-krise-zeit-fuer-die-natuerliche-oekonomie-des-lebens\/","title":{"rendered":"Korona Krizi: Do\u011fal Ya\u015fam Ekonomisi Zaman\u0131"},"content":{"rendered":"<div data-elementor-type=\"wp-post\" data-elementor-id=\"616\" class=\"elementor elementor-616\" data-elementor-post-type=\"post\">\n\t\t\t\t\t\t<section class=\"elementor-section elementor-top-section elementor-element elementor-element-f9a81c7 elementor-section-boxed elementor-section-height-default elementor-section-height-default\" data-id=\"f9a81c7\" data-element_type=\"section\" data-e-type=\"section\">\n\t\t\t\t\t\t<div class=\"elementor-container elementor-column-gap-default\">\n\t\t\t\t\t<div class=\"elementor-column elementor-col-100 elementor-top-column elementor-element elementor-element-31d55dd\" data-id=\"31d55dd\" data-element_type=\"column\" data-e-type=\"column\">\n\t\t\t<div class=\"elementor-widget-wrap elementor-element-populated\">\n\t\t\t\t\t\t<div class=\"elementor-element elementor-element-6cca0d4 elementor-widget elementor-widget-text-editor\" data-id=\"6cca0d4\" data-element_type=\"widget\" data-e-type=\"widget\" data-widget_type=\"text-editor.default\">\n\t\t\t\t<div class=\"elementor-widget-container\">\n\t\t\t\t\t\t\t\t\t<h2>Ekonomik biyonikler k\u00fcresel ortak fayda para birimini destekliyor<\/h2>\n<p><strong>K\u00fcnzelsau, 26 May\u0131s 2020 - Korona krizi \u00e7ok k\u0131sa bir s\u00fcre i\u00e7inde d\u00fcnyam\u0131z\u0131 temelden de\u011fi\u015ftirdi. Milyarlarca dolarl\u0131k yard\u0131m programlar\u0131na ra\u011fmen ekonomi serbest d\u00fc\u015f\u00fc\u015fte. K\u00fcresel finans sistemi, kitlesel iflaslar, rekor d\u00fczeyde i\u015fsizlik ve korkun\u00e7 bir yoksullukla birlikte \u00e7\u00f6kme tehlikesiyle kar\u015f\u0131 kar\u015f\u0131ya. \u0130nsanl\u0131k ancak ekonomik, ekolojik ve sosyal te\u015fviklerin ayn\u0131 y\u00f6ne i\u015faret etti\u011fi s\u00fcrd\u00fcr\u00fclebilir yeni bir para sistemi ile bu zorluklar\u0131n \u00fcstesinden gelebilir. Gradido Ekonomik Biyonik Akademisi b\u00f6yle bir sistem geli\u015ftirdi. Yeni ortak fayda para birimi 'Gradido' d\u00fcnya \u00e7ap\u0131nda refah ve bar\u0131\u015f yaratma potansiyeline sahiptir.<\/strong><\/p>\n<p><strong><!-- \/wp:paragraph --><!-- wp:paragraph --><\/strong><\/p>\n<p><strong>Gradido Akademisi 20 y\u0131ld\u0131r do\u011fay\u0131 model alan ortak fayda para birimini geli\u015ftirmektedir. S\u00fcrekli bir olu\u015f ve yok olu\u015f d\u00f6ng\u00fcs\u00fc i\u00e7inde, do\u011fadaki her \u015fey d\u00f6ng\u00fcler halinde ilerler. Gezegenimizde s\u00fcrekli yenilenmeyi sa\u011flaman\u0131n tek yolu budur. Bu 'ya\u015fam d\u00f6ng\u00fcs\u00fcne' g\u00f6re, t\u00fcm insanl\u0131\u011fa sadece istikrarl\u0131 bir ge\u00e7im kayna\u011f\u0131 de\u011fil, ayn\u0131 zamanda refah ve bar\u0131\u015f i\u00e7inde bir arada ya\u015famay\u0131 da sa\u011flayabilecek olan dengeleme sistemi 'Gradido' da i\u015flemektedir.<\/strong><\/p>\n<p><!-- \/wp:paragraph --><!-- wp:paragraph --><\/p>\n<p><strong>Ekonomik pandemi ka\u00e7\u0131n\u0131lmazd\u0131<\/strong><br>Ekonomi biyoni\u011fi uzmanlar\u0131 Margret Baier ve Bernd H\u00fcckst\u00e4dt, vir\u00fcs\u00fcn d\u00fcnya \u00e7ap\u0131ndaki 'ekonomik pandeminin' nedeni de\u011fil, sadece tetikleyicisi oldu\u011funu belirtiyor. H\u00fcckst\u00e4dt, \"Nas\u0131l ki ta\u015f sadece \u00e7\u0131\u011f\u0131 tetikliyor ve zemin yeterince sa\u011flam olmad\u0131\u011f\u0131 i\u00e7in \u00e7\u0131\u011f vadiye d\u00fc\u015f\u00fcyorsa, Corona vir\u00fcs\u00fc de d\u00fcnya ekonomik ve finansal sistemindeki mevcut krizi ancak mevcut d\u00fcnya finansal sistemi son derece istikrars\u0131z oldu\u011fu i\u00e7in ba\u015flatabildi\" diyor. Gradido Akademisi'nin kurucular\u0131, ekonominin do\u011fadan ne \u00f6\u011frenebilece\u011fi sorusuyla bo\u011fu\u015fuyor. Her u\u00e7ak m\u00fchendisinin ku\u015flar\u0131n u\u00e7u\u015funu incelemesi gerekti\u011fi gibi, ekonomik biyonik\u00e7i de ba\u015far\u0131l\u0131 ekonomik s\u00fcre\u00e7ler i\u00e7in hangi do\u011fal s\u00fcre\u00e7lerin model olabilece\u011fini ara\u015ft\u0131r\u0131r. Gradido Akademi'nin bulgular\u0131na g\u00f6re, sosyal piyasa ekonomisinin herkes i\u00e7in refah yaratma hedefi, mevcut finansal sistemle hi\u00e7bir \u015fekilde ger\u00e7ekle\u015ftirilemez. Bunun yerine, baz\u0131lar\u0131n\u0131n alaca\u011f\u0131n\u0131n di\u011ferlerinin borcu olmas\u0131 sistemin do\u011fas\u0131nda vard\u0131r. \u00d6l\u00fcmc\u00fcl sonu\u00e7: Mevcut ekonomik sistem, insanlar\u0131n ve do\u011fan\u0131n s\u00f6m\u00fcr\u00fclmesi i\u00e7in feci te\u015fvikler olu\u015fturmaktad\u0131r. Bunun ka\u00e7\u0131n\u0131lmaz sonu\u00e7lar\u0131 ise d\u00fcnya \u00e7ap\u0131nda yoksulluk, sava\u015flar ve y\u0131k\u0131c\u0131 \u00e7evresel tahribatt\u0131r. Dolay\u0131s\u0131yla insanl\u0131\u011f\u0131n ve gezegenimizin gelece\u011fi varolu\u015fsal olarak tehdit alt\u0131ndad\u0131r.<\/p>\n<p><!-- \/wp:paragraph --><!-- wp:paragraph --><\/p>\n<p><strong>Ekonomik biyonik saati<\/strong><br>'Gradido para biriminin' mucitleri \u015fimdi bu k\u00f6t\u00fc k\u0131s\u0131r d\u00f6ng\u00fcy\u00fc kal\u0131c\u0131 olarak k\u0131rma \u015fans\u0131n\u0131 g\u00f6r\u00fcyorlar. D\u00fcnya \u00e7ap\u0131ndaki Korona Kilitlenmesi sadece yeniden d\u00fc\u015f\u00fcnme ihtiyac\u0131 yaratmakla kalm\u0131yor, ayn\u0131 zamanda mevcut ekonomik sistemin k\u0131r\u0131lganl\u0131\u011f\u0131n\u0131n da a\u00e7\u0131k\u00e7a fark\u0131na var\u0131lmas\u0131n\u0131 sa\u011fl\u0131yor. Ayr\u0131ca, do\u011fan\u0131n d\u00f6rt bu\u00e7uk milyar y\u0131ld\u0131r kendini kan\u0131tlam\u0131\u015f olan ba\u015far\u0131 modelleri i\u00e7in yeni bir duyarl\u0131l\u0131k yarat\u0131yor. Sonu\u00e7 olarak toplum, hen\u00fcz gen\u00e7 olan ekonomik biyonik bilimine ve onun \u00e7a\u011f\u0131m\u0131z\u0131n varolu\u015fsal sorular\u0131na verece\u011fi yan\u0131tlara giderek daha fazla umutla bak\u0131yor.<\/p>\n<p><!-- \/wp:paragraph --><!-- wp:paragraph --><\/p>\n<p><strong>Gradido Akademi<\/strong><br>'Gradido' ismi \u0130ngilizce minnettarl\u0131k, haysiyet ve ba\u011f\u0131\u015f terimlerinden olu\u015fmaktad\u0131r. B\u00f6ylece yeni ekonomik k\u00fclt\u00fcr\u00fcn \u00fc\u00e7 temel de\u011ferini bir araya getirmektedir: herkesin yarar\u0131na olacak \u015fekilde sa\u011fl\u0131kl\u0131 ekonomik faaliyeti m\u00fcmk\u00fcn k\u0131lmak ve sa\u011flamak. 'Gradido'nun temel etik ilkesi, do\u011fa ve \u00e7evre anlam\u0131nda bireyin refah\u0131n\u0131 toplumun ve daha b\u00fcy\u00fck b\u00fct\u00fcn\u00fcn refah\u0131yla uyumlu hale getirmeye dayan\u0131r. 'Ya\u015fam d\u00f6ng\u00fcs\u00fc' do\u011fan\u0131n temel ba\u015far\u0131 re\u00e7etesidir. Do\u011fa, yaln\u0131zca bir \u015feyin yok oldu\u011fu yerde yeni bir \u015feyin ortaya \u00e7\u0131kabilece\u011fi ve b\u00f6ylece uzun vadeli geli\u015fimin (evrim) m\u00fcmk\u00fcn olabilece\u011fi kural\u0131n\u0131 izler. Ekonomi biyoni\u011fi uzmanlar\u0131, ekonomimizin bu do\u011fal d\u00f6ng\u00fcy\u00fc takip etmesi halinde d\u00fcnyan\u0131n parayla ilgili t\u00fcm sorunlar\u0131n\u0131n \u00e7\u00f6z\u00fclebilece\u011fine inan\u0131yor. Ancak mevcut d\u00fcnya ekonomik sistemi bunun tam tersi bir etkiye sahiptir. Sistemin do\u011fas\u0131 gere\u011fi her zaman \u00e7\u00f6k\u00fc\u015flere yol a\u00e7mas\u0131 gereken \u00fcstel ekonomik b\u00fcy\u00fcme i\u00e7in \u00e7abalamaktad\u0131r.<\/p>\n<p><!-- \/wp:paragraph --><!-- wp:paragraph --><\/p>\n<p><strong>Gradido Para Birimi<\/strong><br>Gradido Akademi modelinde, olu\u015f ve yok olu\u015f d\u00f6ng\u00fcs\u00fc d\u00fczenli para yarat\u0131m\u0131 ve paran\u0131n planl\u0131 ge\u00e7icili\u011fi ile b\u00fct\u00fcnle\u015ftirilmi\u015ftir. Para, n\u00fcfus geli\u015fimi temelinde yarat\u0131l\u0131r. Bu, kaydi paran\u0131n s\u0131n\u0131rs\u0131z \u00e7o\u011falmas\u0131n\u0131 ortadan kald\u0131r\u0131r ve para arz\u0131n\u0131n geli\u015fimini do\u011fal bir temele oturtur. Gradido Akademi modelinde para \u00fc\u00e7 s\u00fctun prensibine g\u00f6re da\u011f\u0131t\u0131lmaktad\u0131r: her d\u00fcnya vatanda\u015f\u0131 i\u00e7in para biriminin ad\u0131 olan toplam 3.000 'Gradido' de\u011ferlendirilmektedir. \u00dc\u00e7te biri aktif temel gelir olarak her vatanda\u015fa, \u00fc\u00e7te ikilik k\u0131sm\u0131 topluma verdi\u011fi hizmetler i\u00e7in devlete, \u00fc\u00e7te birlik k\u0131sm\u0131 ise ekonomik ve ekolojik miras\u0131n temizlenmesini sa\u011flamak \u00fczere tazminat ve \u00e7evre fonuna aktar\u0131lmaktad\u0131r. Paran\u0131n tam olarak bu \u015fekilde b\u00f6l\u00fcnmesinin nedeni '\u00dc\u00e7 Katl\u0131 \u0130yilik' eti\u011finden kaynaklanmaktad\u0131r. Birey, toplumun, devletin bir par\u00e7as\u0131d\u0131r ve bu da 'b\u00fcy\u00fck resmin', ekosistemin bir par\u00e7as\u0131d\u0131r. Bu \u00fc\u00e7 unsurdan biri ihmal edilirse, t\u00fcm sistemin dengesi bozulur. Her y\u0131l i\u00e7inde, yarat\u0131lan paran\u0131n y\u00fczde 50'sinin s\u00fcresi dolar. Bu planl\u0131 olu\u015f ve bozulu\u015f d\u00f6ng\u00fcs\u00fc para arz\u0131n\u0131 istikrarl\u0131 ve sistemi dengede tutar.<strong>.<\/strong>&nbsp;Gradido para biriminin tan\u0131t\u0131m\u0131 d\u00fcnya \u00e7ap\u0131nda ve tek tek \u00fclkelerde ger\u00e7ekle\u015ftirilebilir, mevcut sisteme paralel olarak a\u015famal\u0131 olarak tasarlanabilir, b\u00f6ylece t\u00fcm unsurlar risksiz bir \u015fekilde test edilebilir ve gerekirse optimize edilebilir.<\/p>\n<p><!-- \/wp:paragraph --><!-- wp:paragraph --><\/p>\n<p><strong>Tutku ve sorumluluk<\/strong><br>\"Uluslararas\u0131 Para Fonu'nun (IMF) son 90 y\u0131l\u0131n en k\u00f6t\u00fc ekonomik krizini \u00f6ng\u00f6rd\u00fc\u011f\u00fc \u015fu g\u00fcnlerde, yeni \u00e7\u00f6z\u00fcmler art\u0131k elzemdir. Gradido i\u00e7in zaman ger\u00e7ekten olgunla\u015ft\u0131 ve biz bu modeli siyasi tart\u0131\u015fmalara ta\u015f\u0131may\u0131 sorumlulu\u011fumuz olarak g\u00f6r\u00fcyoruz,\" diye vurguluyor Bernd H\u00fcckst\u00e4dt. Margret Baier ekliyor: \"Do\u011fan\u0131n ilkelerine y\u00f6nelik, \u015fimdiki ve gelecek nesiller i\u00e7in ya\u015famaya de\u011fer bir gelece\u011fi g\u00fcvence alt\u0131na alacak bir \u00e7\u00f6z\u00fcm bulduk. Bu \u015fekilde, insanl\u0131\u011f\u0131n en b\u00fcy\u00fck hayallerinden birini ger\u00e7ekle\u015ftirmeyi ve yery\u00fcz\u00fcndeki t\u00fcm insanlara do\u011fayla uyum i\u00e7inde kal\u0131c\u0131 bar\u0131\u015f ve refah getirmeyi ba\u015farabiliriz.\" Daha fazla bilgi i\u00e7in bkz.&nbsp;<a href=\"https:\/\/gradido.net\/tr\/\" target=\"_blank\" rel=\"noreferrer noopener\" data-type=\"URL\" data-id=\"https:\/\/gradido.net\/\">www.gradido.net<\/a><\/p>\n<p><!-- \/wp:paragraph --><\/p>\t\t\t\t\t\t\t\t<\/div>\n\t\t\t\t<\/div>\n\t\t\t\t\t<\/div>\n\t\t<\/div>\n\t\t\t\t\t<\/div>\n\t\t<\/section>\n\t\t\t\t<\/div>","protected":false},"excerpt":{"rendered":"<p>Wirtschaftsbioniker setzen auf weltweite Gemeinwohlw\u00e4hrung K\u00fcnzelsau, 26. Mai 2020 \u2013 Die Corona-Krise hat unsere Welt binnen k\u00fcrzester Zeit grundlegend ver\u00e4ndert. Trotz billionenschwerer Hilfsprogramme befindet sich die Wirtschaft im freien Fall. Das weltweite Finanzsystem droht zu scheitern, gefolgt von Masseninsolvenzen, Rekordarbeitslosigkeit und bitterer Armut. Nur mit einem zukunftsf\u00e4higen neuen Geldsystem, bei dem die \u00f6konomischen, \u00f6kologischen und [&hellip;]<\/p>\n","protected":false},"author":1,"featured_media":858,"comment_status":"closed","ping_status":"closed","sticky":false,"template":"","format":"standard","meta":{"footnotes":""},"categories":[8],"tags":[15],"class_list":["post-616","post","type-post","status-publish","format-standard","has-post-thumbnail","hentry","category-pressemitteilung","tag-wirtschaftsbionik"],"yoast_head":"<!-- This site is optimized with the Yoast SEO plugin v27.5 - https:\/\/yoast.com\/product\/yoast-seo-wordpress\/ -->\n<title>Corona-Krise: Zeit f\u00fcr die \u201eNat\u00fcrliche \u00d6konomie des Lebens\u201c - Gradido<\/title>\n<meta name=\"robots\" content=\"index, follow, max-snippet:-1, max-image-preview:large, max-video-preview:-1\" \/>\n<link rel=\"canonical\" href=\"https:\/\/gradido.net\/tr\/corona-krise-zeit-fuer-die-natuerliche-oekonomie-des-lebens\/\" \/>\n<meta property=\"og:locale\" content=\"tr_TR\" \/>\n<meta property=\"og:type\" content=\"article\" \/>\n<meta property=\"og:title\" content=\"Corona-Krise: Zeit f\u00fcr die \u201eNat\u00fcrliche \u00d6konomie des Lebens\u201c - Gradido\" \/>\n<meta property=\"og:description\" content=\"Wirtschaftsbioniker setzen auf weltweite Gemeinwohlw\u00e4hrung K\u00fcnzelsau, 26. Mai 2020 \u2013 Die Corona-Krise hat unsere Welt binnen k\u00fcrzester Zeit grundlegend ver\u00e4ndert. Trotz billionenschwerer Hilfsprogramme befindet sich die Wirtschaft im freien Fall. Das weltweite Finanzsystem droht zu scheitern, gefolgt von Masseninsolvenzen, Rekordarbeitslosigkeit und bitterer Armut. Nur mit einem zukunftsf\u00e4higen neuen Geldsystem, bei dem die \u00f6konomischen, \u00f6kologischen und [&hellip;]\" \/>\n<meta property=\"og:url\" content=\"https:\/\/gradido.net\/tr\/corona-krise-zeit-fuer-die-natuerliche-oekonomie-des-lebens\/\" \/>\n<meta property=\"og:site_name\" content=\"Gradido\" \/>\n<meta property=\"article:published_time\" content=\"2020-05-26T13:29:00+00:00\" \/>\n<meta property=\"article:modified_time\" content=\"2021-12-10T12:08:25+00:00\" \/>\n<meta property=\"og:image\" content=\"https:\/\/gradido.net\/wp-content\/uploads\/2020\/05\/gemeinwohlwaehrung.jpg\" \/>\n\t<meta property=\"og:image:width\" content=\"1000\" \/>\n\t<meta property=\"og:image:height\" content=\"684\" \/>\n\t<meta property=\"og:image:type\" content=\"image\/jpeg\" \/>\n<meta name=\"author\" content=\"GR4dmin\" \/>\n<meta name=\"twitter:card\" content=\"summary_large_image\" \/>\n<meta name=\"twitter:label1\" content=\"Yazan:\" \/>\n\t<meta name=\"twitter:data1\" content=\"GR4dmin\" \/>\n\t<meta name=\"twitter:label2\" content=\"Tahmini okuma s\u00fcresi\" \/>\n\t<meta name=\"twitter:data2\" content=\"5 dakika\" \/>\n<script type=\"application\/ld+json\" class=\"yoast-schema-graph\">{\"@context\":\"https:\\\/\\\/schema.org\",\"@graph\":[{\"@type\":\"Article\",\"@id\":\"https:\\\/\\\/gradido.net\\\/et\\\/corona-krise-zeit-fuer-die-natuerliche-oekonomie-des-lebens\\\/#article\",\"isPartOf\":{\"@id\":\"https:\\\/\\\/gradido.net\\\/et\\\/corona-krise-zeit-fuer-die-natuerliche-oekonomie-des-lebens\\\/\"},\"author\":{\"name\":\"GR4dmin\",\"@id\":\"https:\\\/\\\/gradido.net\\\/de\\\/#\\\/schema\\\/person\\\/9f913f37a47e7a82ad686b58fc907588\"},\"headline\":\"Corona-Krise: Zeit f\u00fcr die \u201eNat\u00fcrliche \u00d6konomie des Lebens\u201c\",\"datePublished\":\"2020-05-26T13:29:00+00:00\",\"dateModified\":\"2021-12-10T12:08:25+00:00\",\"mainEntityOfPage\":{\"@id\":\"https:\\\/\\\/gradido.net\\\/et\\\/corona-krise-zeit-fuer-die-natuerliche-oekonomie-des-lebens\\\/\"},\"wordCount\":983,\"publisher\":{\"@id\":\"https:\\\/\\\/gradido.net\\\/de\\\/#organization\"},\"image\":{\"@id\":\"https:\\\/\\\/gradido.net\\\/et\\\/corona-krise-zeit-fuer-die-natuerliche-oekonomie-des-lebens\\\/#primaryimage\"},\"thumbnailUrl\":\"https:\\\/\\\/gradido.net\\\/wp-content\\\/uploads\\\/2020\\\/05\\\/gemeinwohlwaehrung.jpg\",\"keywords\":[\"Wirtschaftsbionik\"],\"articleSection\":[\"Pressemitteilung\"],\"inLanguage\":\"tr\"},{\"@type\":\"WebPage\",\"@id\":\"https:\\\/\\\/gradido.net\\\/et\\\/corona-krise-zeit-fuer-die-natuerliche-oekonomie-des-lebens\\\/\",\"url\":\"https:\\\/\\\/gradido.net\\\/et\\\/corona-krise-zeit-fuer-die-natuerliche-oekonomie-des-lebens\\\/\",\"name\":\"Corona-Krise: Zeit f\u00fcr die \u201eNat\u00fcrliche \u00d6konomie des Lebens\u201c - Gradido\",\"isPartOf\":{\"@id\":\"https:\\\/\\\/gradido.net\\\/de\\\/#website\"},\"primaryImageOfPage\":{\"@id\":\"https:\\\/\\\/gradido.net\\\/et\\\/corona-krise-zeit-fuer-die-natuerliche-oekonomie-des-lebens\\\/#primaryimage\"},\"image\":{\"@id\":\"https:\\\/\\\/gradido.net\\\/et\\\/corona-krise-zeit-fuer-die-natuerliche-oekonomie-des-lebens\\\/#primaryimage\"},\"thumbnailUrl\":\"https:\\\/\\\/gradido.net\\\/wp-content\\\/uploads\\\/2020\\\/05\\\/gemeinwohlwaehrung.jpg\",\"datePublished\":\"2020-05-26T13:29:00+00:00\",\"dateModified\":\"2021-12-10T12:08:25+00:00\",\"breadcrumb\":{\"@id\":\"https:\\\/\\\/gradido.net\\\/et\\\/corona-krise-zeit-fuer-die-natuerliche-oekonomie-des-lebens\\\/#breadcrumb\"},\"inLanguage\":\"tr\",\"potentialAction\":[{\"@type\":\"ReadAction\",\"target\":[\"https:\\\/\\\/gradido.net\\\/et\\\/corona-krise-zeit-fuer-die-natuerliche-oekonomie-des-lebens\\\/\"]}]},{\"@type\":\"ImageObject\",\"inLanguage\":\"tr\",\"@id\":\"https:\\\/\\\/gradido.net\\\/et\\\/corona-krise-zeit-fuer-die-natuerliche-oekonomie-des-lebens\\\/#primaryimage\",\"url\":\"https:\\\/\\\/gradido.net\\\/wp-content\\\/uploads\\\/2020\\\/05\\\/gemeinwohlwaehrung.jpg\",\"contentUrl\":\"https:\\\/\\\/gradido.net\\\/wp-content\\\/uploads\\\/2020\\\/05\\\/gemeinwohlwaehrung.jpg\",\"width\":1000,\"height\":684},{\"@type\":\"BreadcrumbList\",\"@id\":\"https:\\\/\\\/gradido.net\\\/et\\\/corona-krise-zeit-fuer-die-natuerliche-oekonomie-des-lebens\\\/#breadcrumb\",\"itemListElement\":[{\"@type\":\"ListItem\",\"position\":1,\"name\":\"Startseite\",\"item\":\"https:\\\/\\\/gradido.net\\\/\"},{\"@type\":\"ListItem\",\"position\":2,\"name\":\"Corona-Krise: Zeit f\u00fcr die \u201eNat\u00fcrliche \u00d6konomie des Lebens\u201c\"}]},{\"@type\":\"WebSite\",\"@id\":\"https:\\\/\\\/gradido.net\\\/de\\\/#website\",\"url\":\"https:\\\/\\\/gradido.net\\\/de\\\/\",\"name\":\"Gradido\",\"description\":\"Die neue W\u00e4hrung hei\u00dft Dankbarkeit\",\"publisher\":{\"@id\":\"https:\\\/\\\/gradido.net\\\/de\\\/#organization\"},\"potentialAction\":[{\"@type\":\"SearchAction\",\"target\":{\"@type\":\"EntryPoint\",\"urlTemplate\":\"https:\\\/\\\/gradido.net\\\/de\\\/?s={search_term_string}\"},\"query-input\":{\"@type\":\"PropertyValueSpecification\",\"valueRequired\":true,\"valueName\":\"search_term_string\"}}],\"inLanguage\":\"tr\"},{\"@type\":\"Organization\",\"@id\":\"https:\\\/\\\/gradido.net\\\/de\\\/#organization\",\"name\":\"Gradido\",\"url\":\"https:\\\/\\\/gradido.net\\\/de\\\/\",\"logo\":{\"@type\":\"ImageObject\",\"inLanguage\":\"tr\",\"@id\":\"https:\\\/\\\/gradido.net\\\/de\\\/#\\\/schema\\\/logo\\\/image\\\/\",\"url\":\"https:\\\/\\\/gradido.net\\\/wp-content\\\/uploads\\\/2022\\\/04\\\/gradido-social.jpg\",\"contentUrl\":\"https:\\\/\\\/gradido.net\\\/wp-content\\\/uploads\\\/2022\\\/04\\\/gradido-social.jpg\",\"width\":527,\"height\":273,\"caption\":\"Gradido\"},\"image\":{\"@id\":\"https:\\\/\\\/gradido.net\\\/de\\\/#\\\/schema\\\/logo\\\/image\\\/\"}},{\"@type\":\"Person\",\"@id\":\"https:\\\/\\\/gradido.net\\\/de\\\/#\\\/schema\\\/person\\\/9f913f37a47e7a82ad686b58fc907588\",\"name\":\"GR4dmin\",\"sameAs\":[\"https:\\\/\\\/gradido.net\"],\"url\":\"https:\\\/\\\/gradido.net\\\/tr\\\/author\\\/gr4dmin\\\/\"}]}<\/script>\n<!-- \/ Yoast SEO plugin. -->","yoast_head_json":{"title":"Korona Krizi: \"Do\u011fal Ya\u015fam Ekonomisi\" Zaman\u0131 - Gradido","robots":{"index":"index","follow":"follow","max-snippet":"max-snippet:-1","max-image-preview":"max-image-preview:large","max-video-preview":"max-video-preview:-1"},"canonical":"https:\/\/gradido.net\/tr\/corona-krise-zeit-fuer-die-natuerliche-oekonomie-des-lebens\/","og_locale":"tr_TR","og_type":"article","og_title":"Corona-Krise: Zeit f\u00fcr die \u201eNat\u00fcrliche \u00d6konomie des Lebens\u201c - Gradido","og_description":"Wirtschaftsbioniker setzen auf weltweite Gemeinwohlw\u00e4hrung K\u00fcnzelsau, 26. Mai 2020 \u2013 Die Corona-Krise hat unsere Welt binnen k\u00fcrzester Zeit grundlegend ver\u00e4ndert. Trotz billionenschwerer Hilfsprogramme befindet sich die Wirtschaft im freien Fall. Das weltweite Finanzsystem droht zu scheitern, gefolgt von Masseninsolvenzen, Rekordarbeitslosigkeit und bitterer Armut. Nur mit einem zukunftsf\u00e4higen neuen Geldsystem, bei dem die \u00f6konomischen, \u00f6kologischen und [&hellip;]","og_url":"https:\/\/gradido.net\/tr\/corona-krise-zeit-fuer-die-natuerliche-oekonomie-des-lebens\/","og_site_name":"Gradido","article_published_time":"2020-05-26T13:29:00+00:00","article_modified_time":"2021-12-10T12:08:25+00:00","og_image":[{"width":1000,"height":684,"url":"https:\/\/gradido.net\/wp-content\/uploads\/2020\/05\/gemeinwohlwaehrung.jpg","type":"image\/jpeg"}],"author":"GR4dmin","twitter_card":"summary_large_image","twitter_misc":{"Yazan:":"GR4dmin","Tahmini okuma s\u00fcresi":"5 dakika"},"schema":{"@context":"https:\/\/schema.org","@graph":[{"@type":"Article","@id":"https:\/\/gradido.net\/et\/corona-krise-zeit-fuer-die-natuerliche-oekonomie-des-lebens\/#article","isPartOf":{"@id":"https:\/\/gradido.net\/et\/corona-krise-zeit-fuer-die-natuerliche-oekonomie-des-lebens\/"},"author":{"name":"GR4dmin","@id":"https:\/\/gradido.net\/de\/#\/schema\/person\/9f913f37a47e7a82ad686b58fc907588"},"headline":"Corona-Krise: Zeit f\u00fcr die \u201eNat\u00fcrliche \u00d6konomie des Lebens\u201c","datePublished":"2020-05-26T13:29:00+00:00","dateModified":"2021-12-10T12:08:25+00:00","mainEntityOfPage":{"@id":"https:\/\/gradido.net\/et\/corona-krise-zeit-fuer-die-natuerliche-oekonomie-des-lebens\/"},"wordCount":983,"publisher":{"@id":"https:\/\/gradido.net\/de\/#organization"},"image":{"@id":"https:\/\/gradido.net\/et\/corona-krise-zeit-fuer-die-natuerliche-oekonomie-des-lebens\/#primaryimage"},"thumbnailUrl":"https:\/\/gradido.net\/wp-content\/uploads\/2020\/05\/gemeinwohlwaehrung.jpg","keywords":["Wirtschaftsbionik"],"articleSection":["Pressemitteilung"],"inLanguage":"tr"},{"@type":"WebPage","@id":"https:\/\/gradido.net\/et\/corona-krise-zeit-fuer-die-natuerliche-oekonomie-des-lebens\/","url":"https:\/\/gradido.net\/et\/corona-krise-zeit-fuer-die-natuerliche-oekonomie-des-lebens\/","name":"Korona Krizi: \"Do\u011fal Ya\u015fam Ekonomisi\" Zaman\u0131 - Gradido","isPartOf":{"@id":"https:\/\/gradido.net\/de\/#website"},"primaryImageOfPage":{"@id":"https:\/\/gradido.net\/et\/corona-krise-zeit-fuer-die-natuerliche-oekonomie-des-lebens\/#primaryimage"},"image":{"@id":"https:\/\/gradido.net\/et\/corona-krise-zeit-fuer-die-natuerliche-oekonomie-des-lebens\/#primaryimage"},"thumbnailUrl":"https:\/\/gradido.net\/wp-content\/uploads\/2020\/05\/gemeinwohlwaehrung.jpg","datePublished":"2020-05-26T13:29:00+00:00","dateModified":"2021-12-10T12:08:25+00:00","breadcrumb":{"@id":"https:\/\/gradido.net\/et\/corona-krise-zeit-fuer-die-natuerliche-oekonomie-des-lebens\/#breadcrumb"},"inLanguage":"tr","potentialAction":[{"@type":"ReadAction","target":["https:\/\/gradido.net\/et\/corona-krise-zeit-fuer-die-natuerliche-oekonomie-des-lebens\/"]}]},{"@type":"ImageObject","inLanguage":"tr","@id":"https:\/\/gradido.net\/et\/corona-krise-zeit-fuer-die-natuerliche-oekonomie-des-lebens\/#primaryimage","url":"https:\/\/gradido.net\/wp-content\/uploads\/2020\/05\/gemeinwohlwaehrung.jpg","contentUrl":"https:\/\/gradido.net\/wp-content\/uploads\/2020\/05\/gemeinwohlwaehrung.jpg","width":1000,"height":684},{"@type":"BreadcrumbList","@id":"https:\/\/gradido.net\/et\/corona-krise-zeit-fuer-die-natuerliche-oekonomie-des-lebens\/#breadcrumb","itemListElement":[{"@type":"ListItem","position":1,"name":"Startseite","item":"https:\/\/gradido.net\/"},{"@type":"ListItem","position":2,"name":"Corona-Krise: Zeit f\u00fcr die \u201eNat\u00fcrliche \u00d6konomie des Lebens\u201c"}]},{"@type":"WebSite","@id":"https:\/\/gradido.net\/de\/#website","url":"https:\/\/gradido.net\/de\/","name":"Gradido","description":"Yeni para birimi minnettarl\u0131k","publisher":{"@id":"https:\/\/gradido.net\/de\/#organization"},"potentialAction":[{"@type":"SearchAction","target":{"@type":"EntryPoint","urlTemplate":"https:\/\/gradido.net\/de\/?s={search_term_string}"},"query-input":{"@type":"PropertyValueSpecification","valueRequired":true,"valueName":"search_term_string"}}],"inLanguage":"tr"},{"@type":"Organization","@id":"https:\/\/gradido.net\/de\/#organization","name":"Gradido","url":"https:\/\/gradido.net\/de\/","logo":{"@type":"ImageObject","inLanguage":"tr","@id":"https:\/\/gradido.net\/de\/#\/schema\/logo\/image\/","url":"https:\/\/gradido.net\/wp-content\/uploads\/2022\/04\/gradido-social.jpg","contentUrl":"https:\/\/gradido.net\/wp-content\/uploads\/2022\/04\/gradido-social.jpg","width":527,"height":273,"caption":"Gradido"},"image":{"@id":"https:\/\/gradido.net\/de\/#\/schema\/logo\/image\/"}},{"@type":"Person","@id":"https:\/\/gradido.net\/de\/#\/schema\/person\/9f913f37a47e7a82ad686b58fc907588","name":"GR4dmin","sameAs":["https:\/\/gradido.net"],"url":"https:\/\/gradido.net\/tr\/author\/gr4dmin\/"}]}},"_links":{"self":[{"href":"https:\/\/gradido.net\/tr\/wp-json\/wp\/v2\/posts\/616","targetHints":{"allow":["GET"]}}],"collection":[{"href":"https:\/\/gradido.net\/tr\/wp-json\/wp\/v2\/posts"}],"about":[{"href":"https:\/\/gradido.net\/tr\/wp-json\/wp\/v2\/types\/post"}],"author":[{"embeddable":true,"href":"https:\/\/gradido.net\/tr\/wp-json\/wp\/v2\/users\/1"}],"replies":[{"embeddable":true,"href":"https:\/\/gradido.net\/tr\/wp-json\/wp\/v2\/comments?post=616"}],"version-history":[{"count":15,"href":"https:\/\/gradido.net\/tr\/wp-json\/wp\/v2\/posts\/616\/revisions"}],"predecessor-version":[{"id":3718,"href":"https:\/\/gradido.net\/tr\/wp-json\/wp\/v2\/posts\/616\/revisions\/3718"}],"wp:featuredmedia":[{"embeddable":true,"href":"https:\/\/gradido.net\/tr\/wp-json\/wp\/v2\/media\/858"}],"wp:attachment":[{"href":"https:\/\/gradido.net\/tr\/wp-json\/wp\/v2\/media?parent=616"}],"wp:term":[{"taxonomy":"category","embeddable":true,"href":"https:\/\/gradido.net\/tr\/wp-json\/wp\/v2\/categories?post=616"},{"taxonomy":"post_tag","embeddable":true,"href":"https:\/\/gradido.net\/tr\/wp-json\/wp\/v2\/tags?post=616"}],"curies":[{"name":"wp","href":"https:\/\/api.w.org\/{rel}","templated":true}]}}