{"id":633,"date":"2020-06-17T15:56:00","date_gmt":"2020-06-17T13:56:00","guid":{"rendered":"http:\/\/neu.gradido.net\/?p=633"},"modified":"2021-12-10T13:07:39","modified_gmt":"2021-12-10T12:07:39","slug":"grundeinkommen-statt-familienbonus","status":"publish","type":"post","link":"https:\/\/gradido.net\/tr\/grundeinkommen-statt-familienbonus\/","title":{"rendered":"Aile ikramiyesi yerine temel gelir"},"content":{"rendered":"<div data-elementor-type=\"wp-post\" data-elementor-id=\"633\" class=\"elementor elementor-633\" data-elementor-post-type=\"post\">\n\t\t\t\t\t\t<section class=\"elementor-section elementor-top-section elementor-element elementor-element-1290ed7f elementor-section-boxed elementor-section-height-default elementor-section-height-default\" data-id=\"1290ed7f\" data-element_type=\"section\" data-e-type=\"section\">\n\t\t\t\t\t\t<div class=\"elementor-container elementor-column-gap-default\">\n\t\t\t\t\t<div class=\"elementor-column elementor-col-100 elementor-top-column elementor-element elementor-element-55c8895b\" data-id=\"55c8895b\" data-element_type=\"column\" data-e-type=\"column\">\n\t\t\t<div class=\"elementor-widget-wrap elementor-element-populated\">\n\t\t\t\t\t\t<div class=\"elementor-element elementor-element-96a8bad elementor-widget elementor-widget-text-editor\" data-id=\"96a8bad\" data-element_type=\"widget\" data-e-type=\"widget\" data-widget_type=\"text-editor.default\">\n\t\t\t\t<div class=\"elementor-widget-container\">\n\t\t\t\t\t\t\t\t\t<h3>Gradido modeli gelece\u011fi olan bir g\u00fcvenlik vaat ediyor<\/h3>\n<p><strong>K\u00fcnzelsau, 17 Haziran 2020 - Korona krizi pek \u00e7ok aile i\u00e7in ciddi mali y\u00fckleri de beraberinde getiriyor. \u00c7ocuk ba\u015f\u0131na bir defaya mahsus verilen 300 avroluk 'aile ikramiyesi' bu insanlar\u0131n s\u0131k\u0131nt\u0131lar\u0131n\u0131 hafifletmeye yetmiyor. Aksine, kararl\u0131 bir rota de\u011fi\u015fikli\u011fi ve yarat\u0131c\u0131 aile politikalar\u0131 g\u00fcn\u00fcn s\u0131ras\u0131d\u0131r. Evrimsel Gradido finansal sisteminin 'Aktif Temel Geliri' ebeveynlerin ve \u00e7ocuklar\u0131n varl\u0131\u011f\u0131n\u0131 g\u00fcvence alt\u0131na alma potansiyeline sahiptir. Bug\u00fcn ve gelecekte.&nbsp;<\/strong><\/p>\n<p>Aktif Temel Gelir (AGE), 'Ko\u015fulsuz Kat\u0131l\u0131m' fikrinden kaynaklanmaktad\u0131r. Bundan yararlanmak isteyenler, yetenekleri ve e\u011filimleri ile topluma katk\u0131da bulunurlar. Bu faaliyetler i\u00e7in ayda en fazla 50 saat \u00f6ng\u00f6r\u00fclmektedir. Saatlik \u00fccret 20 'Gradido' (GDD), ayl\u0131k temel gelir ise 1000 GDD'dir. B\u00f6ylece her bireyin temel ihtiya\u00e7lar\u0131 bundan b\u00f6yle g\u00fcvence alt\u0131na al\u0131nm\u0131\u015f olacakt\u0131r.<\/p>\n<p>Ancak s\u00fcrd\u00fcr\u00fclebilir yeni bir ekonomik ve mali sistemle 21. y\u00fczy\u0131l\u0131n zorluklar\u0131n\u0131n \u00fcstesinden gelinebilir. Gradido Ekonomik Biyonik Akademisi son 20 y\u0131lda b\u00f6yle bir sistem geli\u015ftirmi\u015ftir. 'Gradido' dengeleme sistemi do\u011fan\u0131n modeline g\u00f6re i\u015fler ve bize ve gelecek nesillere kal\u0131c\u0131 refah ve bar\u0131\u015f i\u00e7inde bir arada ya\u015famay\u0131 sa\u011flayabilir.<\/p>\n<p>Gradido modeline g\u00f6re 'Aktif Temel Gelir' hakk\u0131nda daha fazla bilgi i\u00e7in bkz.&nbsp;<a href=\"https:\/\/gradido.net\/tr\/basic-income\/\">https:\/\/gradido.net\/de\/basic-income\/<\/a><\/p>\n<p><strong>Gradido Akademi Hakk\u0131nda<\/strong><\/p>\n<p>Gradido Academy for Economic Bionics, do\u011fay\u0131 model alan alternatif bir 'ortak fayda para birimi' geli\u015ftirdi. Do\u011fa, ancak bir \u015feyin yok oldu\u011fu yerde yeni bir \u015feyin ortaya \u00e7\u0131kabilece\u011fi ve b\u00f6ylece uzun vadeli geli\u015fimin (evrim) m\u00fcmk\u00fcn olabilece\u011fi kural\u0131n\u0131 izler. Ba\u015far\u0131n\u0131n re\u00e7etesi 'ya\u015fam d\u00f6ng\u00fcs\u00fc'd\u00fcr. Ekonomi biyoni\u011fi uzmanlar\u0131na g\u00f6re, e\u011fer bizim ekonomimiz de bu do\u011fal d\u00f6ng\u00fcy\u00fc takip etseydi, d\u00fcnyan\u0131n parayla ilgili t\u00fcm sorunlar\u0131 \u00e7\u00f6z\u00fclebilirdi. Gradido modeli, sadece her ki\u015finin de\u011fil, ayn\u0131 zamanda her devletin de kredi baz\u0131nda yarat\u0131lan bir gelir elde etmesi fikrine dayanmaktad\u0131r. B\u00f6ylece vergi toplamadan t\u00fcm g\u00f6revlerini yerine getirebilir. Deflasyon ya da enflasyon ge\u00e7mi\u015fte kald\u0131. Ekonomi s\u00fcrekli b\u00fcy\u00fcme zorunlulu\u011fundan kurtulmu\u015f, mali sistemin \u00e7\u00f6kme tehlikesi nihayet \u00f6nlenmi\u015ftir. (<a href=\"https:\/\/gradido.net\/tr\/\">www.gradido.net<\/a>)<\/p>\t\t\t\t\t\t\t\t<\/div>\n\t\t\t\t<\/div>\n\t\t\t\t\t<\/div>\n\t\t<\/div>\n\t\t\t\t\t<\/div>\n\t\t<\/section>\n\t\t\t\t<\/div>","protected":false},"excerpt":{"rendered":"<p>Gradido-Modell verspricht Sicherheit mit Zukunft K\u00fcnzelsau, 17. Juni 2020 \u2013 Vielen Familien beschert die Corona-Krise auch gravierende finanzielle Belastungen. Der einmalige \u201aFamilienbonus\u2018 von 300 Euro pro Kind kann deren Notlage kaum lindern. Vielmehr sind ein entschiedener Kurswechsel und kreative Familienpolitik das Gebot der Stunde. Das \u201aAktive Grundeinkommen\u2018 des evolution\u00e4ren Gradido-Finanzsystems hat das Potential, die Existenz [&hellip;]<\/p>\n","protected":false},"author":1,"featured_media":228,"comment_status":"closed","ping_status":"closed","sticky":false,"template":"","format":"standard","meta":{"footnotes":""},"categories":[8],"tags":[16],"class_list":["post-633","post","type-post","status-publish","format-standard","has-post-thumbnail","hentry","category-pressemitteilung","tag-grundeinkommen"],"yoast_head":"<!-- This site is optimized with the Yoast SEO plugin v27.5 - https:\/\/yoast.com\/product\/yoast-seo-wordpress\/ -->\n<title>Grundeinkommen statt Familienbonus - Gradido<\/title>\n<meta name=\"robots\" content=\"index, follow, max-snippet:-1, max-image-preview:large, max-video-preview:-1\" \/>\n<link rel=\"canonical\" href=\"https:\/\/gradido.net\/tr\/grundeinkommen-statt-familienbonus\/\" \/>\n<meta property=\"og:locale\" content=\"tr_TR\" \/>\n<meta property=\"og:type\" content=\"article\" \/>\n<meta property=\"og:title\" content=\"Grundeinkommen statt Familienbonus - Gradido\" \/>\n<meta property=\"og:description\" content=\"Gradido-Modell verspricht Sicherheit mit Zukunft K\u00fcnzelsau, 17. Juni 2020 \u2013 Vielen Familien beschert die Corona-Krise auch gravierende finanzielle Belastungen. Der einmalige \u201aFamilienbonus\u2018 von 300 Euro pro Kind kann deren Notlage kaum lindern. Vielmehr sind ein entschiedener Kurswechsel und kreative Familienpolitik das Gebot der Stunde. Das \u201aAktive Grundeinkommen\u2018 des evolution\u00e4ren Gradido-Finanzsystems hat das Potential, die Existenz [&hellip;]\" \/>\n<meta property=\"og:url\" content=\"https:\/\/gradido.net\/tr\/grundeinkommen-statt-familienbonus\/\" \/>\n<meta property=\"og:site_name\" content=\"Gradido\" \/>\n<meta property=\"article:published_time\" content=\"2020-06-17T13:56:00+00:00\" \/>\n<meta property=\"article:modified_time\" content=\"2021-12-10T12:07:39+00:00\" \/>\n<meta property=\"og:image\" content=\"https:\/\/gradido.net\/wp-content\/uploads\/2020\/06\/family-hand.jpg\" \/>\n\t<meta property=\"og:image:width\" content=\"1000\" \/>\n\t<meta property=\"og:image:height\" content=\"667\" \/>\n\t<meta property=\"og:image:type\" content=\"image\/jpeg\" \/>\n<meta name=\"author\" content=\"GR4dmin\" \/>\n<meta name=\"twitter:card\" content=\"summary_large_image\" \/>\n<meta name=\"twitter:label1\" content=\"Yazan:\" \/>\n\t<meta name=\"twitter:data1\" content=\"GR4dmin\" \/>\n\t<meta name=\"twitter:label2\" content=\"Tahmini okuma s\u00fcresi\" \/>\n\t<meta name=\"twitter:data2\" content=\"2 dakika\" \/>\n<script type=\"application\/ld+json\" class=\"yoast-schema-graph\">{\"@context\":\"https:\\\/\\\/schema.org\",\"@graph\":[{\"@type\":\"Article\",\"@id\":\"https:\\\/\\\/gradido.net\\\/tr\\\/grundeinkommen-statt-familienbonus\\\/#article\",\"isPartOf\":{\"@id\":\"https:\\\/\\\/gradido.net\\\/tr\\\/grundeinkommen-statt-familienbonus\\\/\"},\"author\":{\"name\":\"GR4dmin\",\"@id\":\"https:\\\/\\\/gradido.net\\\/de\\\/#\\\/schema\\\/person\\\/9f913f37a47e7a82ad686b58fc907588\"},\"headline\":\"Grundeinkommen statt Familienbonus\",\"datePublished\":\"2020-06-17T13:56:00+00:00\",\"dateModified\":\"2021-12-10T12:07:39+00:00\",\"mainEntityOfPage\":{\"@id\":\"https:\\\/\\\/gradido.net\\\/tr\\\/grundeinkommen-statt-familienbonus\\\/\"},\"wordCount\":336,\"publisher\":{\"@id\":\"https:\\\/\\\/gradido.net\\\/de\\\/#organization\"},\"image\":{\"@id\":\"https:\\\/\\\/gradido.net\\\/tr\\\/grundeinkommen-statt-familienbonus\\\/#primaryimage\"},\"thumbnailUrl\":\"https:\\\/\\\/gradido.net\\\/wp-content\\\/uploads\\\/2020\\\/06\\\/family-hand.jpg\",\"keywords\":[\"Grundeinkommen\"],\"articleSection\":[\"Pressemitteilung\"],\"inLanguage\":\"tr\"},{\"@type\":\"WebPage\",\"@id\":\"https:\\\/\\\/gradido.net\\\/tr\\\/grundeinkommen-statt-familienbonus\\\/\",\"url\":\"https:\\\/\\\/gradido.net\\\/tr\\\/grundeinkommen-statt-familienbonus\\\/\",\"name\":\"Grundeinkommen statt Familienbonus - Gradido\",\"isPartOf\":{\"@id\":\"https:\\\/\\\/gradido.net\\\/de\\\/#website\"},\"primaryImageOfPage\":{\"@id\":\"https:\\\/\\\/gradido.net\\\/tr\\\/grundeinkommen-statt-familienbonus\\\/#primaryimage\"},\"image\":{\"@id\":\"https:\\\/\\\/gradido.net\\\/tr\\\/grundeinkommen-statt-familienbonus\\\/#primaryimage\"},\"thumbnailUrl\":\"https:\\\/\\\/gradido.net\\\/wp-content\\\/uploads\\\/2020\\\/06\\\/family-hand.jpg\",\"datePublished\":\"2020-06-17T13:56:00+00:00\",\"dateModified\":\"2021-12-10T12:07:39+00:00\",\"breadcrumb\":{\"@id\":\"https:\\\/\\\/gradido.net\\\/tr\\\/grundeinkommen-statt-familienbonus\\\/#breadcrumb\"},\"inLanguage\":\"tr\",\"potentialAction\":[{\"@type\":\"ReadAction\",\"target\":[\"https:\\\/\\\/gradido.net\\\/tr\\\/grundeinkommen-statt-familienbonus\\\/\"]}]},{\"@type\":\"ImageObject\",\"inLanguage\":\"tr\",\"@id\":\"https:\\\/\\\/gradido.net\\\/tr\\\/grundeinkommen-statt-familienbonus\\\/#primaryimage\",\"url\":\"https:\\\/\\\/gradido.net\\\/wp-content\\\/uploads\\\/2020\\\/06\\\/family-hand.jpg\",\"contentUrl\":\"https:\\\/\\\/gradido.net\\\/wp-content\\\/uploads\\\/2020\\\/06\\\/family-hand.jpg\",\"width\":1000,\"height\":667},{\"@type\":\"BreadcrumbList\",\"@id\":\"https:\\\/\\\/gradido.net\\\/tr\\\/grundeinkommen-statt-familienbonus\\\/#breadcrumb\",\"itemListElement\":[{\"@type\":\"ListItem\",\"position\":1,\"name\":\"Startseite\",\"item\":\"https:\\\/\\\/gradido.net\\\/\"},{\"@type\":\"ListItem\",\"position\":2,\"name\":\"Grundeinkommen statt Familienbonus\"}]},{\"@type\":\"WebSite\",\"@id\":\"https:\\\/\\\/gradido.net\\\/de\\\/#website\",\"url\":\"https:\\\/\\\/gradido.net\\\/de\\\/\",\"name\":\"Gradido\",\"description\":\"Die neue W\u00e4hrung hei\u00dft Dankbarkeit\",\"publisher\":{\"@id\":\"https:\\\/\\\/gradido.net\\\/de\\\/#organization\"},\"potentialAction\":[{\"@type\":\"SearchAction\",\"target\":{\"@type\":\"EntryPoint\",\"urlTemplate\":\"https:\\\/\\\/gradido.net\\\/de\\\/?s={search_term_string}\"},\"query-input\":{\"@type\":\"PropertyValueSpecification\",\"valueRequired\":true,\"valueName\":\"search_term_string\"}}],\"inLanguage\":\"tr\"},{\"@type\":\"Organization\",\"@id\":\"https:\\\/\\\/gradido.net\\\/de\\\/#organization\",\"name\":\"Gradido\",\"url\":\"https:\\\/\\\/gradido.net\\\/de\\\/\",\"logo\":{\"@type\":\"ImageObject\",\"inLanguage\":\"tr\",\"@id\":\"https:\\\/\\\/gradido.net\\\/de\\\/#\\\/schema\\\/logo\\\/image\\\/\",\"url\":\"https:\\\/\\\/gradido.net\\\/wp-content\\\/uploads\\\/2022\\\/04\\\/gradido-social.jpg\",\"contentUrl\":\"https:\\\/\\\/gradido.net\\\/wp-content\\\/uploads\\\/2022\\\/04\\\/gradido-social.jpg\",\"width\":527,\"height\":273,\"caption\":\"Gradido\"},\"image\":{\"@id\":\"https:\\\/\\\/gradido.net\\\/de\\\/#\\\/schema\\\/logo\\\/image\\\/\"}},{\"@type\":\"Person\",\"@id\":\"https:\\\/\\\/gradido.net\\\/de\\\/#\\\/schema\\\/person\\\/9f913f37a47e7a82ad686b58fc907588\",\"name\":\"GR4dmin\",\"sameAs\":[\"https:\\\/\\\/gradido.net\"],\"url\":\"https:\\\/\\\/gradido.net\\\/tr\\\/author\\\/gr4dmin\\\/\"}]}<\/script>\n<!-- \/ Yoast SEO plugin. -->","yoast_head_json":{"title":"Aile ikramiyesi yerine temel gelir - Gradido","robots":{"index":"index","follow":"follow","max-snippet":"max-snippet:-1","max-image-preview":"max-image-preview:large","max-video-preview":"max-video-preview:-1"},"canonical":"https:\/\/gradido.net\/tr\/grundeinkommen-statt-familienbonus\/","og_locale":"tr_TR","og_type":"article","og_title":"Grundeinkommen statt Familienbonus - Gradido","og_description":"Gradido-Modell verspricht Sicherheit mit Zukunft K\u00fcnzelsau, 17. Juni 2020 \u2013 Vielen Familien beschert die Corona-Krise auch gravierende finanzielle Belastungen. Der einmalige \u201aFamilienbonus\u2018 von 300 Euro pro Kind kann deren Notlage kaum lindern. Vielmehr sind ein entschiedener Kurswechsel und kreative Familienpolitik das Gebot der Stunde. Das \u201aAktive Grundeinkommen\u2018 des evolution\u00e4ren Gradido-Finanzsystems hat das Potential, die Existenz [&hellip;]","og_url":"https:\/\/gradido.net\/tr\/grundeinkommen-statt-familienbonus\/","og_site_name":"Gradido","article_published_time":"2020-06-17T13:56:00+00:00","article_modified_time":"2021-12-10T12:07:39+00:00","og_image":[{"width":1000,"height":667,"url":"https:\/\/gradido.net\/wp-content\/uploads\/2020\/06\/family-hand.jpg","type":"image\/jpeg"}],"author":"GR4dmin","twitter_card":"summary_large_image","twitter_misc":{"Yazan:":"GR4dmin","Tahmini okuma s\u00fcresi":"2 dakika"},"schema":{"@context":"https:\/\/schema.org","@graph":[{"@type":"Article","@id":"https:\/\/gradido.net\/tr\/grundeinkommen-statt-familienbonus\/#article","isPartOf":{"@id":"https:\/\/gradido.net\/tr\/grundeinkommen-statt-familienbonus\/"},"author":{"name":"GR4dmin","@id":"https:\/\/gradido.net\/de\/#\/schema\/person\/9f913f37a47e7a82ad686b58fc907588"},"headline":"Grundeinkommen statt Familienbonus","datePublished":"2020-06-17T13:56:00+00:00","dateModified":"2021-12-10T12:07:39+00:00","mainEntityOfPage":{"@id":"https:\/\/gradido.net\/tr\/grundeinkommen-statt-familienbonus\/"},"wordCount":336,"publisher":{"@id":"https:\/\/gradido.net\/de\/#organization"},"image":{"@id":"https:\/\/gradido.net\/tr\/grundeinkommen-statt-familienbonus\/#primaryimage"},"thumbnailUrl":"https:\/\/gradido.net\/wp-content\/uploads\/2020\/06\/family-hand.jpg","keywords":["Grundeinkommen"],"articleSection":["Pressemitteilung"],"inLanguage":"tr"},{"@type":"WebPage","@id":"https:\/\/gradido.net\/tr\/grundeinkommen-statt-familienbonus\/","url":"https:\/\/gradido.net\/tr\/grundeinkommen-statt-familienbonus\/","name":"Aile ikramiyesi yerine temel gelir - Gradido","isPartOf":{"@id":"https:\/\/gradido.net\/de\/#website"},"primaryImageOfPage":{"@id":"https:\/\/gradido.net\/tr\/grundeinkommen-statt-familienbonus\/#primaryimage"},"image":{"@id":"https:\/\/gradido.net\/tr\/grundeinkommen-statt-familienbonus\/#primaryimage"},"thumbnailUrl":"https:\/\/gradido.net\/wp-content\/uploads\/2020\/06\/family-hand.jpg","datePublished":"2020-06-17T13:56:00+00:00","dateModified":"2021-12-10T12:07:39+00:00","breadcrumb":{"@id":"https:\/\/gradido.net\/tr\/grundeinkommen-statt-familienbonus\/#breadcrumb"},"inLanguage":"tr","potentialAction":[{"@type":"ReadAction","target":["https:\/\/gradido.net\/tr\/grundeinkommen-statt-familienbonus\/"]}]},{"@type":"ImageObject","inLanguage":"tr","@id":"https:\/\/gradido.net\/tr\/grundeinkommen-statt-familienbonus\/#primaryimage","url":"https:\/\/gradido.net\/wp-content\/uploads\/2020\/06\/family-hand.jpg","contentUrl":"https:\/\/gradido.net\/wp-content\/uploads\/2020\/06\/family-hand.jpg","width":1000,"height":667},{"@type":"BreadcrumbList","@id":"https:\/\/gradido.net\/tr\/grundeinkommen-statt-familienbonus\/#breadcrumb","itemListElement":[{"@type":"ListItem","position":1,"name":"Startseite","item":"https:\/\/gradido.net\/"},{"@type":"ListItem","position":2,"name":"Grundeinkommen statt Familienbonus"}]},{"@type":"WebSite","@id":"https:\/\/gradido.net\/de\/#website","url":"https:\/\/gradido.net\/de\/","name":"Gradido","description":"Yeni para birimi minnettarl\u0131k","publisher":{"@id":"https:\/\/gradido.net\/de\/#organization"},"potentialAction":[{"@type":"SearchAction","target":{"@type":"EntryPoint","urlTemplate":"https:\/\/gradido.net\/de\/?s={search_term_string}"},"query-input":{"@type":"PropertyValueSpecification","valueRequired":true,"valueName":"search_term_string"}}],"inLanguage":"tr"},{"@type":"Organization","@id":"https:\/\/gradido.net\/de\/#organization","name":"Gradido","url":"https:\/\/gradido.net\/de\/","logo":{"@type":"ImageObject","inLanguage":"tr","@id":"https:\/\/gradido.net\/de\/#\/schema\/logo\/image\/","url":"https:\/\/gradido.net\/wp-content\/uploads\/2022\/04\/gradido-social.jpg","contentUrl":"https:\/\/gradido.net\/wp-content\/uploads\/2022\/04\/gradido-social.jpg","width":527,"height":273,"caption":"Gradido"},"image":{"@id":"https:\/\/gradido.net\/de\/#\/schema\/logo\/image\/"}},{"@type":"Person","@id":"https:\/\/gradido.net\/de\/#\/schema\/person\/9f913f37a47e7a82ad686b58fc907588","name":"GR4dmin","sameAs":["https:\/\/gradido.net"],"url":"https:\/\/gradido.net\/tr\/author\/gr4dmin\/"}]}},"_links":{"self":[{"href":"https:\/\/gradido.net\/tr\/wp-json\/wp\/v2\/posts\/633","targetHints":{"allow":["GET"]}}],"collection":[{"href":"https:\/\/gradido.net\/tr\/wp-json\/wp\/v2\/posts"}],"about":[{"href":"https:\/\/gradido.net\/tr\/wp-json\/wp\/v2\/types\/post"}],"author":[{"embeddable":true,"href":"https:\/\/gradido.net\/tr\/wp-json\/wp\/v2\/users\/1"}],"replies":[{"embeddable":true,"href":"https:\/\/gradido.net\/tr\/wp-json\/wp\/v2\/comments?post=633"}],"version-history":[{"count":10,"href":"https:\/\/gradido.net\/tr\/wp-json\/wp\/v2\/posts\/633\/revisions"}],"predecessor-version":[{"id":3715,"href":"https:\/\/gradido.net\/tr\/wp-json\/wp\/v2\/posts\/633\/revisions\/3715"}],"wp:featuredmedia":[{"embeddable":true,"href":"https:\/\/gradido.net\/tr\/wp-json\/wp\/v2\/media\/228"}],"wp:attachment":[{"href":"https:\/\/gradido.net\/tr\/wp-json\/wp\/v2\/media?parent=633"}],"wp:term":[{"taxonomy":"category","embeddable":true,"href":"https:\/\/gradido.net\/tr\/wp-json\/wp\/v2\/categories?post=633"},{"taxonomy":"post_tag","embeddable":true,"href":"https:\/\/gradido.net\/tr\/wp-json\/wp\/v2\/tags?post=633"}],"curies":[{"name":"wp","href":"https:\/\/api.w.org\/{rel}","templated":true}]}}