{"id":639,"date":"2020-06-30T16:02:00","date_gmt":"2020-06-30T14:02:00","guid":{"rendered":"http:\/\/neu.gradido.net\/?p=639"},"modified":"2021-12-10T13:06:49","modified_gmt":"2021-12-10T12:06:49","slug":"versorgung-statt-verschuldung","status":"publish","type":"post","link":"https:\/\/gradido.net\/tr\/versorgung-statt-verschuldung\/","title":{"rendered":"Bor\u00e7 yerine arz"},"content":{"rendered":"<div data-elementor-type=\"wp-post\" data-elementor-id=\"639\" class=\"elementor elementor-639\" data-elementor-post-type=\"post\">\n\t\t\t\t\t\t<section class=\"elementor-section elementor-top-section elementor-element elementor-element-44441480 elementor-section-boxed elementor-section-height-default elementor-section-height-default\" data-id=\"44441480\" data-element_type=\"section\" data-e-type=\"section\">\n\t\t\t\t\t\t<div class=\"elementor-container elementor-column-gap-default\">\n\t\t\t\t\t<div class=\"elementor-column elementor-col-100 elementor-top-column elementor-element elementor-element-b1bdbce\" data-id=\"b1bdbce\" data-element_type=\"column\" data-e-type=\"column\">\n\t\t\t<div class=\"elementor-widget-wrap elementor-element-populated\">\n\t\t\t\t\t\t<div class=\"elementor-element elementor-element-6881bb09 elementor-widget elementor-widget-text-editor\" data-id=\"6881bb09\" data-element_type=\"widget\" data-e-type=\"widget\" data-widget_type=\"text-editor.default\">\n\t\t\t\t<div class=\"elementor-widget-container\">\n\t\t\t\t\t\t\t\t\t<h3>Bor\u00e7suz torunlar i\u00e7in yeni finansal sistem<\/h3>\n<p><strong>K\u00fcnzelsau, 30 Haziran 2020 - Milyarlarca dolarl\u0131k kurtarma fonlar\u0131 Korona krizinin y\u0131k\u0131c\u0131 ekonomik sonu\u00e7lar\u0131n\u0131 hafifletecek. \u0130htiya\u00e7, gelecek nesillerin bu devasa bor\u00e7 da\u011f\u0131n\u0131 nas\u0131l \u00f6deyecekleri konusundaki endi\u015fe kadar b\u00fcy\u00fckt\u00fcr. Gradido Academy'nin ekonomik biyonik uzmanlar\u0131na g\u00f6re, finansal ve ekonomik sistemimiz bu zorluk nedeniyle \u00e7\u00f6kebilir. Gelece\u011fi olan alternatifleri ise 'Gradido Modeli'.<\/strong><\/p>\n<p>Mevcut finansal sistemde, baz\u0131lar\u0131n\u0131n kredisi her zaman di\u011ferlerinin borcudur. Bu sistemik mekanizma ancak parasal sistemin d\u00f6n\u00fc\u015ft\u00fcr\u00fclmesi yoluyla k\u0131r\u0131labilir. Gradido Ekonomik Biyonik Akademisi, 20 y\u0131ld\u0131r do\u011fan\u0131n modelini temel alan ve tamamen yeni olas\u0131l\u0131klar\u0131n \u00f6n\u00fcn\u00fc a\u00e7an bir \"ortak fayda para birimi\" geli\u015ftiriyor. Do\u011fal modele dayal\u0131 finansal ve ekonomik sistem olan 'Gradido Modeli'nde para yarat\u0131m\u0131 tamamen bor\u00e7suzdur. '\u00dc\u00e7 Katl\u0131 Fayda' temel ilkesine g\u00f6re, her bir bireyin, devlet b\u00fct\u00e7esinin ve d\u00fcnya \u00e7ap\u0131nda bir \u00e7evre fonunun temel tedariki yine de garanti alt\u0131ndad\u0131r.<\/p>\n<h4>Para borcu yerine hayat paras\u0131<\/h4>\n<p>Her bir ki\u015fi i\u00e7in ayda \u00fc\u00e7 kez 1.000 gradido (GDD) toplan\u0131r:<\/p>\n<p>Aktif Temel Gelir i\u00e7in 1.000 GDD<br>1.000 Sa\u011fl\u0131k sekt\u00f6r\u00fc de dahil olmak \u00fczere kamu b\u00fct\u00e7esi i\u00e7in GDD<br>1,000 Tazminat ve \u00c7evre Fonu (AUF) i\u00e7in GDD<\/p>\n<h4>Finansal bir \u00e7\u00f6k\u00fc\u015f durumunda acil durum paras\u0131<\/h4>\n<p>\u0130ktidardaki mali sistemin mevcut b\u00fcy\u00fck y\u00fckler nedeniyle ger\u00e7ekten \u00e7\u00f6kmesi halinde, 'Gradido' \u015fimdilik acil durum paras\u0131 olarak kullan\u0131labilir ve b\u00f6ylece ekonomik hayat\u0131n devam etmesini sa\u011flayabilir. B\u00f6yle bir acil durumda hemen kullan\u0131labilmesi i\u00e7in, ekonomi biyoni\u011fi uzmanlar\u0131 bir bonus sistemi yard\u0131m\u0131yla mevcut para birimlerine paralel olarak 'Gradido'yu tan\u0131tmak i\u00e7in \u00e7al\u0131\u015f\u0131yorlar.<\/p>\n<p>'Gradido modeli' ile ilgili ayr\u0131nt\u0131lar \u015fu adreste bulunabilir&nbsp;<a href=\"https:\/\/gradido.net\/tr\/coin\/\">https:\/\/gradido.net\/de\/coin<\/a><\/p>\n<p><\/p>\n<h4>Gradido Akademi Hakk\u0131nda<\/h4>\n<p>Gradido Academy for Economic Bionics, do\u011fay\u0131 model alan alternatif bir 'ortak fayda para birimi' geli\u015ftirdi. Do\u011fa, ancak bir \u015feyin yok oldu\u011fu yerde yeni bir \u015feyin ortaya \u00e7\u0131kabilece\u011fi ve b\u00f6ylece uzun vadeli geli\u015fimin (evrim) m\u00fcmk\u00fcn olabilece\u011fi kural\u0131n\u0131 izler. Ba\u015far\u0131n\u0131n re\u00e7etesi 'ya\u015fam d\u00f6ng\u00fcs\u00fc'd\u00fcr. Ekonomi biyoni\u011fi uzmanlar\u0131na g\u00f6re, e\u011fer bizim ekonomimiz de bu do\u011fal d\u00f6ng\u00fcy\u00fc takip etseydi, d\u00fcnyan\u0131n parayla ilgili t\u00fcm sorunlar\u0131 \u00e7\u00f6z\u00fclebilirdi. Gradido modeli, sadece her ki\u015finin de\u011fil, ayn\u0131 zamanda her devletin de kredi baz\u0131nda yarat\u0131lan bir gelir elde etmesi fikrine dayanmaktad\u0131r. B\u00f6ylece vergi toplamadan t\u00fcm g\u00f6revlerini yerine getirebilir. Deflasyon ya da enflasyon ge\u00e7mi\u015fte kald\u0131. Ekonomi s\u00fcrekli b\u00fcy\u00fcme zorunlulu\u011fundan kurtulmu\u015f, mali sistemin \u00e7\u00f6kme tehlikesi nihayet \u00f6nlenmi\u015ftir. (<a href=\"https:\/\/gradido.net\/tr\/\">www.gradido.net<\/a>)<\/p>\t\t\t\t\t\t\t\t<\/div>\n\t\t\t\t<\/div>\n\t\t\t\t\t<\/div>\n\t\t<\/div>\n\t\t\t\t\t<\/div>\n\t\t<\/section>\n\t\t\t\t<\/div>","protected":false},"excerpt":{"rendered":"<p>Neues Finanzsystem f\u00fcr schuldenfreie Nachkommen K\u00fcnzelsau, 30. Juni 2020 \u2013 Milliardenschwere Rettungsfonds sollen die verheerenden wirtschaftlichen Folgen der Coronakrise mildern. Der Bedarf ist ebenso gewaltig wie die Sorge darum, wie k\u00fcnftige Generationen diesen gigantischen Schuldenberg abtragen sollen. Den Wirtschaftsbionikern der Gradido-Akademie zufolge k\u00f6nnte unser Finanz- und Wirt-schaftssystem an dieser Herausforderung scheitern. Ihre Alternative mit Zukunft [&hellip;]<\/p>\n","protected":false},"author":1,"featured_media":227,"comment_status":"closed","ping_status":"closed","sticky":false,"template":"","format":"standard","meta":{"footnotes":""},"categories":[8],"tags":[14],"class_list":["post-639","post","type-post","status-publish","format-standard","has-post-thumbnail","hentry","category-pressemitteilung","tag-finanzsystem"],"yoast_head":"<!-- This site is optimized with the Yoast SEO plugin v27.5 - https:\/\/yoast.com\/product\/yoast-seo-wordpress\/ -->\n<title>Versorgung statt Verschuldung - Gradido<\/title>\n<meta name=\"robots\" content=\"index, follow, max-snippet:-1, max-image-preview:large, max-video-preview:-1\" \/>\n<link rel=\"canonical\" href=\"https:\/\/gradido.net\/tr\/versorgung-statt-verschuldung\/\" \/>\n<meta property=\"og:locale\" content=\"tr_TR\" \/>\n<meta property=\"og:type\" content=\"article\" \/>\n<meta property=\"og:title\" content=\"Versorgung statt Verschuldung - Gradido\" \/>\n<meta property=\"og:description\" content=\"Neues Finanzsystem f\u00fcr schuldenfreie Nachkommen K\u00fcnzelsau, 30. Juni 2020 \u2013 Milliardenschwere Rettungsfonds sollen die verheerenden wirtschaftlichen Folgen der Coronakrise mildern. Der Bedarf ist ebenso gewaltig wie die Sorge darum, wie k\u00fcnftige Generationen diesen gigantischen Schuldenberg abtragen sollen. Den Wirtschaftsbionikern der Gradido-Akademie zufolge k\u00f6nnte unser Finanz- und Wirt-schaftssystem an dieser Herausforderung scheitern. Ihre Alternative mit Zukunft [&hellip;]\" \/>\n<meta property=\"og:url\" content=\"https:\/\/gradido.net\/tr\/versorgung-statt-verschuldung\/\" \/>\n<meta property=\"og:site_name\" content=\"Gradido\" \/>\n<meta property=\"article:published_time\" content=\"2020-06-30T14:02:00+00:00\" \/>\n<meta property=\"article:modified_time\" content=\"2021-12-10T12:06:49+00:00\" \/>\n<meta property=\"og:image\" content=\"https:\/\/gradido.net\/wp-content\/uploads\/2020\/06\/mother.jpg\" \/>\n\t<meta property=\"og:image:width\" content=\"1000\" \/>\n\t<meta property=\"og:image:height\" content=\"667\" \/>\n\t<meta property=\"og:image:type\" content=\"image\/jpeg\" \/>\n<meta name=\"author\" content=\"GR4dmin\" \/>\n<meta name=\"twitter:card\" content=\"summary_large_image\" \/>\n<meta name=\"twitter:label1\" content=\"Yazan:\" \/>\n\t<meta name=\"twitter:data1\" content=\"GR4dmin\" \/>\n\t<meta name=\"twitter:label2\" content=\"Tahmini okuma s\u00fcresi\" \/>\n\t<meta name=\"twitter:data2\" content=\"2 dakika\" \/>\n<script type=\"application\/ld+json\" class=\"yoast-schema-graph\">{\"@context\":\"https:\\\/\\\/schema.org\",\"@graph\":[{\"@type\":\"Article\",\"@id\":\"https:\\\/\\\/gradido.net\\\/fi\\\/versorgung-statt-verschuldung\\\/#article\",\"isPartOf\":{\"@id\":\"https:\\\/\\\/gradido.net\\\/fi\\\/versorgung-statt-verschuldung\\\/\"},\"author\":{\"name\":\"GR4dmin\",\"@id\":\"https:\\\/\\\/gradido.net\\\/de\\\/#\\\/schema\\\/person\\\/9f913f37a47e7a82ad686b58fc907588\"},\"headline\":\"Versorgung statt Verschuldung\",\"datePublished\":\"2020-06-30T14:02:00+00:00\",\"dateModified\":\"2021-12-10T12:06:49+00:00\",\"mainEntityOfPage\":{\"@id\":\"https:\\\/\\\/gradido.net\\\/fi\\\/versorgung-statt-verschuldung\\\/\"},\"wordCount\":409,\"publisher\":{\"@id\":\"https:\\\/\\\/gradido.net\\\/de\\\/#organization\"},\"image\":{\"@id\":\"https:\\\/\\\/gradido.net\\\/fi\\\/versorgung-statt-verschuldung\\\/#primaryimage\"},\"thumbnailUrl\":\"https:\\\/\\\/gradido.net\\\/wp-content\\\/uploads\\\/2020\\\/06\\\/mother.jpg\",\"keywords\":[\"Finanzsystem\"],\"articleSection\":[\"Pressemitteilung\"],\"inLanguage\":\"tr\"},{\"@type\":\"WebPage\",\"@id\":\"https:\\\/\\\/gradido.net\\\/fi\\\/versorgung-statt-verschuldung\\\/\",\"url\":\"https:\\\/\\\/gradido.net\\\/fi\\\/versorgung-statt-verschuldung\\\/\",\"name\":\"Versorgung statt Verschuldung - Gradido\",\"isPartOf\":{\"@id\":\"https:\\\/\\\/gradido.net\\\/de\\\/#website\"},\"primaryImageOfPage\":{\"@id\":\"https:\\\/\\\/gradido.net\\\/fi\\\/versorgung-statt-verschuldung\\\/#primaryimage\"},\"image\":{\"@id\":\"https:\\\/\\\/gradido.net\\\/fi\\\/versorgung-statt-verschuldung\\\/#primaryimage\"},\"thumbnailUrl\":\"https:\\\/\\\/gradido.net\\\/wp-content\\\/uploads\\\/2020\\\/06\\\/mother.jpg\",\"datePublished\":\"2020-06-30T14:02:00+00:00\",\"dateModified\":\"2021-12-10T12:06:49+00:00\",\"breadcrumb\":{\"@id\":\"https:\\\/\\\/gradido.net\\\/fi\\\/versorgung-statt-verschuldung\\\/#breadcrumb\"},\"inLanguage\":\"tr\",\"potentialAction\":[{\"@type\":\"ReadAction\",\"target\":[\"https:\\\/\\\/gradido.net\\\/fi\\\/versorgung-statt-verschuldung\\\/\"]}]},{\"@type\":\"ImageObject\",\"inLanguage\":\"tr\",\"@id\":\"https:\\\/\\\/gradido.net\\\/fi\\\/versorgung-statt-verschuldung\\\/#primaryimage\",\"url\":\"https:\\\/\\\/gradido.net\\\/wp-content\\\/uploads\\\/2020\\\/06\\\/mother.jpg\",\"contentUrl\":\"https:\\\/\\\/gradido.net\\\/wp-content\\\/uploads\\\/2020\\\/06\\\/mother.jpg\",\"width\":1000,\"height\":667},{\"@type\":\"BreadcrumbList\",\"@id\":\"https:\\\/\\\/gradido.net\\\/fi\\\/versorgung-statt-verschuldung\\\/#breadcrumb\",\"itemListElement\":[{\"@type\":\"ListItem\",\"position\":1,\"name\":\"Startseite\",\"item\":\"https:\\\/\\\/gradido.net\\\/\"},{\"@type\":\"ListItem\",\"position\":2,\"name\":\"Versorgung statt Verschuldung\"}]},{\"@type\":\"WebSite\",\"@id\":\"https:\\\/\\\/gradido.net\\\/de\\\/#website\",\"url\":\"https:\\\/\\\/gradido.net\\\/de\\\/\",\"name\":\"Gradido\",\"description\":\"Die neue W\u00e4hrung hei\u00dft Dankbarkeit\",\"publisher\":{\"@id\":\"https:\\\/\\\/gradido.net\\\/de\\\/#organization\"},\"potentialAction\":[{\"@type\":\"SearchAction\",\"target\":{\"@type\":\"EntryPoint\",\"urlTemplate\":\"https:\\\/\\\/gradido.net\\\/de\\\/?s={search_term_string}\"},\"query-input\":{\"@type\":\"PropertyValueSpecification\",\"valueRequired\":true,\"valueName\":\"search_term_string\"}}],\"inLanguage\":\"tr\"},{\"@type\":\"Organization\",\"@id\":\"https:\\\/\\\/gradido.net\\\/de\\\/#organization\",\"name\":\"Gradido\",\"url\":\"https:\\\/\\\/gradido.net\\\/de\\\/\",\"logo\":{\"@type\":\"ImageObject\",\"inLanguage\":\"tr\",\"@id\":\"https:\\\/\\\/gradido.net\\\/de\\\/#\\\/schema\\\/logo\\\/image\\\/\",\"url\":\"https:\\\/\\\/gradido.net\\\/wp-content\\\/uploads\\\/2022\\\/04\\\/gradido-social.jpg\",\"contentUrl\":\"https:\\\/\\\/gradido.net\\\/wp-content\\\/uploads\\\/2022\\\/04\\\/gradido-social.jpg\",\"width\":527,\"height\":273,\"caption\":\"Gradido\"},\"image\":{\"@id\":\"https:\\\/\\\/gradido.net\\\/de\\\/#\\\/schema\\\/logo\\\/image\\\/\"}},{\"@type\":\"Person\",\"@id\":\"https:\\\/\\\/gradido.net\\\/de\\\/#\\\/schema\\\/person\\\/9f913f37a47e7a82ad686b58fc907588\",\"name\":\"GR4dmin\",\"sameAs\":[\"https:\\\/\\\/gradido.net\"],\"url\":\"https:\\\/\\\/gradido.net\\\/tr\\\/author\\\/gr4dmin\\\/\"}]}<\/script>\n<!-- \/ Yoast SEO plugin. -->","yoast_head_json":{"title":"Bor\u00e7 yerine arz - Gradido","robots":{"index":"index","follow":"follow","max-snippet":"max-snippet:-1","max-image-preview":"max-image-preview:large","max-video-preview":"max-video-preview:-1"},"canonical":"https:\/\/gradido.net\/tr\/versorgung-statt-verschuldung\/","og_locale":"tr_TR","og_type":"article","og_title":"Versorgung statt Verschuldung - Gradido","og_description":"Neues Finanzsystem f\u00fcr schuldenfreie Nachkommen K\u00fcnzelsau, 30. Juni 2020 \u2013 Milliardenschwere Rettungsfonds sollen die verheerenden wirtschaftlichen Folgen der Coronakrise mildern. Der Bedarf ist ebenso gewaltig wie die Sorge darum, wie k\u00fcnftige Generationen diesen gigantischen Schuldenberg abtragen sollen. Den Wirtschaftsbionikern der Gradido-Akademie zufolge k\u00f6nnte unser Finanz- und Wirt-schaftssystem an dieser Herausforderung scheitern. Ihre Alternative mit Zukunft [&hellip;]","og_url":"https:\/\/gradido.net\/tr\/versorgung-statt-verschuldung\/","og_site_name":"Gradido","article_published_time":"2020-06-30T14:02:00+00:00","article_modified_time":"2021-12-10T12:06:49+00:00","og_image":[{"width":1000,"height":667,"url":"https:\/\/gradido.net\/wp-content\/uploads\/2020\/06\/mother.jpg","type":"image\/jpeg"}],"author":"GR4dmin","twitter_card":"summary_large_image","twitter_misc":{"Yazan:":"GR4dmin","Tahmini okuma s\u00fcresi":"2 dakika"},"schema":{"@context":"https:\/\/schema.org","@graph":[{"@type":"Article","@id":"https:\/\/gradido.net\/fi\/versorgung-statt-verschuldung\/#article","isPartOf":{"@id":"https:\/\/gradido.net\/fi\/versorgung-statt-verschuldung\/"},"author":{"name":"GR4dmin","@id":"https:\/\/gradido.net\/de\/#\/schema\/person\/9f913f37a47e7a82ad686b58fc907588"},"headline":"Versorgung statt Verschuldung","datePublished":"2020-06-30T14:02:00+00:00","dateModified":"2021-12-10T12:06:49+00:00","mainEntityOfPage":{"@id":"https:\/\/gradido.net\/fi\/versorgung-statt-verschuldung\/"},"wordCount":409,"publisher":{"@id":"https:\/\/gradido.net\/de\/#organization"},"image":{"@id":"https:\/\/gradido.net\/fi\/versorgung-statt-verschuldung\/#primaryimage"},"thumbnailUrl":"https:\/\/gradido.net\/wp-content\/uploads\/2020\/06\/mother.jpg","keywords":["Finanzsystem"],"articleSection":["Pressemitteilung"],"inLanguage":"tr"},{"@type":"WebPage","@id":"https:\/\/gradido.net\/fi\/versorgung-statt-verschuldung\/","url":"https:\/\/gradido.net\/fi\/versorgung-statt-verschuldung\/","name":"Bor\u00e7 yerine arz - Gradido","isPartOf":{"@id":"https:\/\/gradido.net\/de\/#website"},"primaryImageOfPage":{"@id":"https:\/\/gradido.net\/fi\/versorgung-statt-verschuldung\/#primaryimage"},"image":{"@id":"https:\/\/gradido.net\/fi\/versorgung-statt-verschuldung\/#primaryimage"},"thumbnailUrl":"https:\/\/gradido.net\/wp-content\/uploads\/2020\/06\/mother.jpg","datePublished":"2020-06-30T14:02:00+00:00","dateModified":"2021-12-10T12:06:49+00:00","breadcrumb":{"@id":"https:\/\/gradido.net\/fi\/versorgung-statt-verschuldung\/#breadcrumb"},"inLanguage":"tr","potentialAction":[{"@type":"ReadAction","target":["https:\/\/gradido.net\/fi\/versorgung-statt-verschuldung\/"]}]},{"@type":"ImageObject","inLanguage":"tr","@id":"https:\/\/gradido.net\/fi\/versorgung-statt-verschuldung\/#primaryimage","url":"https:\/\/gradido.net\/wp-content\/uploads\/2020\/06\/mother.jpg","contentUrl":"https:\/\/gradido.net\/wp-content\/uploads\/2020\/06\/mother.jpg","width":1000,"height":667},{"@type":"BreadcrumbList","@id":"https:\/\/gradido.net\/fi\/versorgung-statt-verschuldung\/#breadcrumb","itemListElement":[{"@type":"ListItem","position":1,"name":"Startseite","item":"https:\/\/gradido.net\/"},{"@type":"ListItem","position":2,"name":"Versorgung statt Verschuldung"}]},{"@type":"WebSite","@id":"https:\/\/gradido.net\/de\/#website","url":"https:\/\/gradido.net\/de\/","name":"Gradido","description":"Yeni para birimi minnettarl\u0131k","publisher":{"@id":"https:\/\/gradido.net\/de\/#organization"},"potentialAction":[{"@type":"SearchAction","target":{"@type":"EntryPoint","urlTemplate":"https:\/\/gradido.net\/de\/?s={search_term_string}"},"query-input":{"@type":"PropertyValueSpecification","valueRequired":true,"valueName":"search_term_string"}}],"inLanguage":"tr"},{"@type":"Organization","@id":"https:\/\/gradido.net\/de\/#organization","name":"Gradido","url":"https:\/\/gradido.net\/de\/","logo":{"@type":"ImageObject","inLanguage":"tr","@id":"https:\/\/gradido.net\/de\/#\/schema\/logo\/image\/","url":"https:\/\/gradido.net\/wp-content\/uploads\/2022\/04\/gradido-social.jpg","contentUrl":"https:\/\/gradido.net\/wp-content\/uploads\/2022\/04\/gradido-social.jpg","width":527,"height":273,"caption":"Gradido"},"image":{"@id":"https:\/\/gradido.net\/de\/#\/schema\/logo\/image\/"}},{"@type":"Person","@id":"https:\/\/gradido.net\/de\/#\/schema\/person\/9f913f37a47e7a82ad686b58fc907588","name":"GR4dmin","sameAs":["https:\/\/gradido.net"],"url":"https:\/\/gradido.net\/tr\/author\/gr4dmin\/"}]}},"_links":{"self":[{"href":"https:\/\/gradido.net\/tr\/wp-json\/wp\/v2\/posts\/639","targetHints":{"allow":["GET"]}}],"collection":[{"href":"https:\/\/gradido.net\/tr\/wp-json\/wp\/v2\/posts"}],"about":[{"href":"https:\/\/gradido.net\/tr\/wp-json\/wp\/v2\/types\/post"}],"author":[{"embeddable":true,"href":"https:\/\/gradido.net\/tr\/wp-json\/wp\/v2\/users\/1"}],"replies":[{"embeddable":true,"href":"https:\/\/gradido.net\/tr\/wp-json\/wp\/v2\/comments?post=639"}],"version-history":[{"count":10,"href":"https:\/\/gradido.net\/tr\/wp-json\/wp\/v2\/posts\/639\/revisions"}],"predecessor-version":[{"id":3712,"href":"https:\/\/gradido.net\/tr\/wp-json\/wp\/v2\/posts\/639\/revisions\/3712"}],"wp:featuredmedia":[{"embeddable":true,"href":"https:\/\/gradido.net\/tr\/wp-json\/wp\/v2\/media\/227"}],"wp:attachment":[{"href":"https:\/\/gradido.net\/tr\/wp-json\/wp\/v2\/media?parent=639"}],"wp:term":[{"taxonomy":"category","embeddable":true,"href":"https:\/\/gradido.net\/tr\/wp-json\/wp\/v2\/categories?post=639"},{"taxonomy":"post_tag","embeddable":true,"href":"https:\/\/gradido.net\/tr\/wp-json\/wp\/v2\/tags?post=639"}],"curies":[{"name":"wp","href":"https:\/\/api.w.org\/{rel}","templated":true}]}}