{"id":6837,"date":"2023-06-10T18:26:14","date_gmt":"2023-06-10T16:26:14","guid":{"rendered":"https:\/\/gradido.net\/?p=6837"},"modified":"2026-04-24T08:05:49","modified_gmt":"2026-04-24T06:05:49","slug":"webinar-wohlstand-und-frieden-fuer-die-menschheitsfamilie","status":"publish","type":"post","link":"https:\/\/gradido.net\/tr\/webinar-wohlstand-und-frieden-fuer-die-menschheitsfamilie\/","title":{"rendered":"Webinar: \u0130nsanl\u0131k Ailesi i\u00e7in Refah ve Bar\u0131\u015f"},"content":{"rendered":"<div data-elementor-type=\"wp-post\" data-elementor-id=\"6837\" class=\"elementor elementor-6837\" data-elementor-post-type=\"post\">\n\t\t\t\t\t\t<section class=\"elementor-section elementor-top-section elementor-element elementor-element-496e1d53 elementor-section-boxed elementor-section-height-default elementor-section-height-default\" data-id=\"496e1d53\" data-element_type=\"section\" data-e-type=\"section\">\n\t\t\t\t\t\t<div class=\"elementor-container elementor-column-gap-default\">\n\t\t\t\t\t<div class=\"elementor-column elementor-col-100 elementor-top-column elementor-element elementor-element-461d7be0\" data-id=\"461d7be0\" data-element_type=\"column\" data-e-type=\"column\">\n\t\t\t<div class=\"elementor-widget-wrap elementor-element-populated\">\n\t\t\t\t\t\t<div class=\"elementor-element elementor-element-cd9ebe2 elementor-widget elementor-widget-text-editor\" data-id=\"cd9ebe2\" data-element_type=\"widget\" data-e-type=\"widget\" data-widget_type=\"text-editor.default\">\n\t\t\t\t<div class=\"elementor-widget-container\">\n\t\t\t\t\t\t\t\t\t<h3 style=\"text-align: left;\"><span style=\"background-color: var( --e-global-color-1939326 );\">Kendiniz ve sevdikleriniz i\u00e7in nas\u0131l harika bir gelecek yaratabilirsiniz?<\/span><span style=\"background-color: var( --e-global-color-1939326 ); color: var( --e-global-color-text );\">\u00a0<\/span><\/h3><p>Bu web seminerinde eski para sisteminin \u00f6l\u00fcmc\u00fcl hatalar\u0131, do\u011fan\u0131n modeline dayanan tek mant\u0131kl\u0131 \u00e7\u00f6z\u00fcm ve kendiniz, \u00e7ocuklar\u0131n\u0131z ve d\u00fcnyan\u0131n t\u00fcm \u00e7ocuklar\u0131 i\u00e7in gelece\u011fi aktif ve ne\u015feli bir \u015fekilde nas\u0131l \u015fekillendirece\u011finize dair m\u00fckemmel bir rehber hakk\u0131nda derin bilgiler edineceksiniz.<\/p><div><em>Bu, canl\u0131 bir karakterle kaydedilmi\u015f bir web semineridir.<\/em><\/div><div><em>Sorular\u0131n\u0131z\u0131 sohbet s\u0131ras\u0131nda sormaktan \u00e7ekinmeyin. Daha sonra e-posta ile cevaplayaca\u011f\u0131z.<\/em><\/div>\t\t\t\t\t\t\t\t<\/div>\n\t\t\t\t<\/div>\n\t\t\t\t<div class=\"elementor-element elementor-element-381a286 elementor-widget elementor-widget-html\" data-id=\"381a286\" data-element_type=\"widget\" data-e-type=\"widget\" data-widget_type=\"html.default\">\n\t\t\t\t<div class=\"elementor-widget-container\">\n\t\t\t\t\t<section style=\"width:100%;height:auto;text-align:center;\">\n            <iframe id=\"wbn-27052-iframe\" frameborder=\"0\" allowfullscreen\n style=\"width:100%;max-width:523px;\" \n                height=\"816\" title=\"Gradido - \u0130nsanl\u0131k Ailesi i\u00e7in Refah ve Bar\u0131\u015f\"\n                src=\"https:\/\/21008.webinaris.co\/customer\/registration\/viewer\/27052\/21008?form=iframe&v=4&mode=N\">\n            <\/iframe>\n            <\/section>\n    <script type=\"text\/javascript\" src=\"https:\/\/21008.webinaris.co\/iframe\/quellcode.min.js?v=4\"><\/script>\n    <script type=\"text\/javascript\">wbnIframe.getInstance().init(\"wbn-27052-iframe\")<\/script>\t\t\t\t<\/div>\n\t\t\t\t<\/div>\n\t\t\t\t<div class=\"elementor-element elementor-element-fbd9531 elementor-widget elementor-widget-text-editor\" data-id=\"fbd9531\" data-element_type=\"widget\" data-e-type=\"widget\" data-widget_type=\"text-editor.default\">\n\t\t\t\t<div class=\"elementor-widget-container\">\n\t\t\t\t\t\t\t\t\t<p><img fetchpriority=\"high\" decoding=\"async\" class=\"wp-image-6846 alignleft\" src=\"https:\/\/gradido.net\/wp-content\/uploads\/2023\/06\/Bernd_Transparent.png\" alt=\"\" width=\"229\" height=\"229\" srcset=\"https:\/\/gradido.net\/wp-content\/uploads\/2023\/06\/Bernd_Transparent.png 500w, https:\/\/gradido.net\/wp-content\/uploads\/2023\/06\/Bernd_Transparent-300x300.png 300w, https:\/\/gradido.net\/wp-content\/uploads\/2023\/06\/Bernd_Transparent-150x150.png 150w, https:\/\/gradido.net\/wp-content\/uploads\/2023\/06\/Bernd_Transparent-12x12.png 12w\" sizes=\"(max-width: 229px) 100vw, 229px\" \/><\/p><p>\u00a0<\/p><p>\u00a0<\/p><p>\u00a0<\/p><p>Moderat\u00f6r\u00fcn\u00fcz:<br \/><b>Bernd H\u00fcckst\u00e4dt<\/b><br \/>Gradido kurucusu ve geli\u015ftiricisi<\/p><p style=\"text-align: left;\"><span style=\"background-color: var( --e-global-color-1939326 ); color: var( --e-global-color-text );\">\u00a0<\/span><\/p>\t\t\t\t\t\t\t\t<\/div>\n\t\t\t\t<\/div>\n\t\t\t\t\t<\/div>\n\t\t<\/div>\n\t\t\t\t\t<\/div>\n\t\t<\/section>\n\t\t\t\t<section class=\"elementor-section elementor-top-section elementor-element elementor-element-14532fe elementor-section-boxed elementor-section-height-default elementor-section-height-default\" data-id=\"14532fe\" data-element_type=\"section\" data-e-type=\"section\">\n\t\t\t\t\t\t<div class=\"elementor-container elementor-column-gap-default\">\n\t\t\t\t\t<div class=\"elementor-column elementor-col-100 elementor-top-column elementor-element elementor-element-65d2298\" data-id=\"65d2298\" data-element_type=\"column\" data-e-type=\"column\">\n\t\t\t<div class=\"elementor-widget-wrap elementor-element-populated\">\n\t\t\t\t\t\t<div class=\"elementor-element elementor-element-9d3c669 elementor-widget elementor-widget-text-editor\" data-id=\"9d3c669\" data-element_type=\"widget\" data-e-type=\"widget\" data-widget_type=\"text-editor.default\">\n\t\t\t\t<div class=\"elementor-widget-container\">\n\t\t\t\t\t\t\t\t\t<h3>Bu \u00fccretsiz web seminerinde \u00f6\u011frenecekleriniz bunlar:<\/h3><ul><li>Finansal sistemdeki 3 \u00f6l\u00fcmc\u00fcl kusur ka\u00e7\u0131n\u0131lmaz olarak yoksulluk, sava\u015flar ve \u00e7evresel y\u0131k\u0131m getirecektir.<\/li><li>Do\u011fan\u0131n 4 bu\u00e7uk milyar y\u0131l\u0131 a\u015fk\u0131n s\u00fcredir ba\u015far\u0131yla \u00e7al\u0131\u015fan ve yeni ya\u015fam yaratan 4 dahiyane icad\u0131.<\/li><li>Eski finansal sistemden Do\u011fal Ya\u015fam Ekonomisine bar\u0131\u015f\u00e7\u0131l d\u00f6n\u00fc\u015f\u00fcm i\u00e7in 5 ad\u0131ml\u0131 plan - ve herkesin yarar\u0131 i\u00e7in 'te\u015fekk\u00fcr para birimi Gradido' ile \u015fimdiden nas\u0131l de\u011fi\u015fim yapabilece\u011finizi<\/li><\/ul>\t\t\t\t\t\t\t\t<\/div>\n\t\t\t\t<\/div>\n\t\t\t\t<div class=\"elementor-element elementor-element-0d88a77 elementor-widget elementor-widget-text-editor\" data-id=\"0d88a77\" data-element_type=\"widget\" data-e-type=\"widget\" data-widget_type=\"text-editor.default\">\n\t\t\t\t<div class=\"elementor-widget-container\">\n\t\t\t\t\t\t\t\t\t<h4>Bir randevu se\u00e7in ve \u00fccretsiz Gradido hesab\u0131n\u0131zla hayat\u0131n\u0131z\u0131 nas\u0131l \u00f6nemli \u00f6l\u00e7\u00fcde iyile\u015ftirebilece\u011finizi \u00f6\u011frenin!<\/h4>\t\t\t\t\t\t\t\t<\/div>\n\t\t\t\t<\/div>\n\t\t\t\t<div class=\"elementor-element elementor-element-199ab12 elementor-widget elementor-widget-text-editor\" data-id=\"199ab12\" data-element_type=\"widget\" data-e-type=\"widget\" data-widget_type=\"text-editor.default\">\n\t\t\t\t<div class=\"elementor-widget-container\">\n\t\t\t\t\t\t\t\t\t<h3 data-pm-slice=\"1 1 []\" data-en-clipboard=\"true\">Moderat\u00f6r hakk\u0131nda:<\/h3><div data-pm-slice=\"1 1 []\" data-en-clipboard=\"true\">Bernd H\u00fcckst\u00e4dt \u00e7ocuklu\u011fundan beri zengin ve fakir aras\u0131ndaki u\u00e7urumun giderek b\u00fcy\u00fcmesinden endi\u015fe duyuyor ve \u00e7\u00f6z\u00fcm ar\u0131yordu. Sonunda bunlar\u0131 do\u011fay\u0131 yo\u011fun bir \u015fekilde g\u00f6zlemleyerek buldu. Yakla\u015f\u0131k 20 y\u0131l \u00f6nce Margret Baier ile birlikte Gradido Academy for Economic Bionics'i kurdu. Do\u011fal Ya\u015fam Ekonomisi'nin ve 'Gradido te\u015fekk\u00fcr para birimi'nin ba\u015f geli\u015ftiricisidir.<\/div><div data-pm-slice=\"1 1 []\" data-en-clipboard=\"true\">\u00a0<\/div><div data-pm-slice=\"1 1 []\" data-en-clipboard=\"true\">Birlikte Gradido'yu d\u00fcnyaya getiriyoruz!<\/div><div data-pm-slice=\"1 1 []\" data-en-clipboard=\"true\">\u00a0<\/div><div data-pm-slice=\"1 1 []\" data-en-clipboard=\"true\">Bizimle birlikte oldu\u011funuz i\u00e7in binlerce te\u015fekk\u00fcr ve sayg\u0131lar\u0131mla<\/div><div data-pm-slice=\"1 1 []\" data-en-clipboard=\"true\">\u00a0<\/div><div data-pm-slice=\"1 1 []\" data-en-clipboard=\"true\">Sizin<\/div><p><img decoding=\"async\" class=\"alignnone wp-image-4614 size-medium\" src=\"https:\/\/gradido.net\/wp-content\/uploads\/2022\/06\/MargretBernd_2022-300x74.png\" alt=\"\" width=\"300\" height=\"74\" srcset=\"https:\/\/gradido.net\/wp-content\/uploads\/2022\/06\/MargretBernd_2022-300x74.png 300w, https:\/\/gradido.net\/wp-content\/uploads\/2022\/06\/MargretBernd_2022-18x4.png 18w, https:\/\/gradido.net\/wp-content\/uploads\/2022\/06\/MargretBernd_2022.png 431w\" sizes=\"(max-width: 300px) 100vw, 300px\" \/><\/p><p>Margret Baier ve Bernd H\u00fcckst\u00e4dt<br \/>Gradido kurucusu ve geli\u015ftiricisi<\/p>\t\t\t\t\t\t\t\t<\/div>\n\t\t\t\t<\/div>\n\t\t\t\t\t<\/div>\n\t\t<\/div>\n\t\t\t\t\t<\/div>\n\t\t<\/section>\n\t\t\t\t<section class=\"elementor-section elementor-top-section elementor-element elementor-element-4c536e0 elementor-section-boxed elementor-section-height-default elementor-section-height-default\" data-id=\"4c536e0\" data-element_type=\"section\" data-e-type=\"section\">\n\t\t\t\t\t\t<div class=\"elementor-container elementor-column-gap-default\">\n\t\t\t\t\t<div class=\"elementor-column elementor-col-100 elementor-top-column elementor-element elementor-element-7ddc834\" data-id=\"7ddc834\" data-element_type=\"column\" data-e-type=\"column\">\n\t\t\t<div class=\"elementor-widget-wrap elementor-element-populated\">\n\t\t\t\t\t\t<div class=\"elementor-element elementor-element-ca7bfd6 elementor-widget elementor-widget-global elementor-global-9341 elementor-widget-text-editor\" data-id=\"ca7bfd6\" data-element_type=\"widget\" data-e-type=\"widget\" data-widget_type=\"text-editor.default\">\n\t\t\t\t<div class=\"elementor-widget-container\">\n\t\t\t\t\t\t\t\t\t<p><strong>PS:\u00a0<span style=\"color: #ff6600;\"><a style=\"color: #ff6600;\" href=\"https:\/\/gradido.net\/tr\/donations\/\">Gradido'nun her ge\u00e7en g\u00fcn artan \u00f6nemi nedeniyle 26 Haziran 2026 tarihinde \u015f\u00fckran kampanyam\u0131z\u0131 tekrarl\u0131yoruz:<\/a>\u00a0<\/span><span style=\"color: #0000ff;\"><a style=\"color: #0000ff;\" href=\"https:\/\/gradido.net\/tr\/donations\/\">Sponsorluk katk\u0131n\u0131z i\u00e7in \u00e7oklu GradidoTransform'a ek olarak, 26\/06\/2016 tarihinde t\u00fcm GDT hesap bakiyelerini 26% art\u0131raca\u011f\u0131z. \u015eimdi sponsor olun ve \u00e7oklu GDT miktar\u0131n\u0131n tad\u0131n\u0131 \u00e7\u0131kar\u0131n!<\/a><\/span><\/strong><\/p>\t\t\t\t\t\t\t\t<\/div>\n\t\t\t\t<\/div>\n\t\t\t\t\t<\/div>\n\t\t<\/div>\n\t\t\t\t\t<\/div>\n\t\t<\/section>\n\t\t\t\t<\/div>","protected":false},"excerpt":{"rendered":"<p>Gradido'nun kurucusu ile efsanevi webinar: Eski para sisteminin \u00f6l\u00fcmc\u00fcl hatalar\u0131, do\u011fan\u0131n modeline dayanan tek mant\u0131kl\u0131 \u00e7\u00f6z\u00fcm ve gelece\u011fi aktif ve ne\u015feli bir \u015fekilde nas\u0131l \u015fekillendirece\u011finize dair m\u00fckemmel bir rehber hakk\u0131nda derin bilgi edineceksiniz. - YENI\u0307 TARI\u0307HLER VAR!<\/p>","protected":false},"author":2,"featured_media":6838,"comment_status":"closed","ping_status":"closed","sticky":false,"template":"","format":"standard","meta":{"footnotes":""},"categories":[11,54,55],"tags":[22],"class_list":["post-6837","post","type-post","status-publish","format-standard","has-post-thumbnail","hentry","category-blog","category-community","category-gradido-konto","tag-bild-oben"],"yoast_head":"<!-- This site is optimized with the Yoast SEO plugin v27.5 - https:\/\/yoast.com\/product\/yoast-seo-wordpress\/ -->\n<title>Webinar: Wohlstand und Frieden f\u00fcr die Menschheitsfamilie - Gradido<\/title>\n<meta name=\"description\" content=\"Das legend\u00e4re Webinar mit dem Gradido-Gr\u00fcnder: Du bekommst fundiertes Wissen \u00fcber die fatalen Fehler des alten Geldsystems, die einzig sinnvolle L\u00f6sung nach dem Vorbild der Natur und den perfekten Leitfaden, wie du aktiv und mit Freude die Zukunft mitgestaltest. \u2013 ES GIBT NEUE TERMINE!\" \/>\n<meta name=\"robots\" content=\"index, follow, max-snippet:-1, max-image-preview:large, max-video-preview:-1\" \/>\n<link rel=\"canonical\" href=\"https:\/\/gradido.net\/tr\/webinar-wohlstand-und-frieden-fuer-die-menschheitsfamilie\/\" \/>\n<meta property=\"og:locale\" content=\"tr_TR\" \/>\n<meta property=\"og:type\" content=\"article\" \/>\n<meta property=\"og:title\" content=\"Webinar: Wohlstand und Frieden f\u00fcr die Menschheitsfamilie - Gradido\" \/>\n<meta property=\"og:description\" content=\"Das legend\u00e4re Webinar mit dem Gradido-Gr\u00fcnder: Du bekommst fundiertes Wissen \u00fcber die fatalen Fehler des alten Geldsystems, die einzig sinnvolle L\u00f6sung nach dem Vorbild der Natur und den perfekten Leitfaden, wie du aktiv und mit Freude die Zukunft mitgestaltest. \u2013 ES GIBT NEUE TERMINE!\" \/>\n<meta property=\"og:url\" content=\"https:\/\/gradido.net\/tr\/webinar-wohlstand-und-frieden-fuer-die-menschheitsfamilie\/\" \/>\n<meta property=\"og:site_name\" content=\"Gradido\" \/>\n<meta property=\"article:published_time\" content=\"2023-06-10T16:26:14+00:00\" \/>\n<meta property=\"article:modified_time\" content=\"2026-04-24T06:05:49+00:00\" \/>\n<meta property=\"og:image\" content=\"https:\/\/gradido.net\/wp-content\/uploads\/2023\/06\/Webinar.png\" \/>\n\t<meta property=\"og:image:width\" content=\"2460\" \/>\n\t<meta property=\"og:image:height\" content=\"1158\" \/>\n\t<meta property=\"og:image:type\" content=\"image\/png\" \/>\n<meta name=\"author\" content=\"Bernd H\u00fcckst\u00e4dt\" \/>\n<meta name=\"twitter:card\" content=\"summary_large_image\" \/>\n<meta name=\"twitter:label1\" content=\"Yazan:\" \/>\n\t<meta name=\"twitter:data1\" content=\"Bernd H\u00fcckst\u00e4dt\" \/>\n\t<meta name=\"twitter:label2\" content=\"Tahmini okuma s\u00fcresi\" \/>\n\t<meta name=\"twitter:data2\" content=\"3 dakika\" \/>\n<script type=\"application\/ld+json\" class=\"yoast-schema-graph\">{\"@context\":\"https:\\\/\\\/schema.org\",\"@graph\":[{\"@type\":\"Article\",\"@id\":\"https:\\\/\\\/gradido.net\\\/webinar-wohlstand-und-frieden-fuer-die-menschheitsfamilie\\\/#article\",\"isPartOf\":{\"@id\":\"https:\\\/\\\/gradido.net\\\/webinar-wohlstand-und-frieden-fuer-die-menschheitsfamilie\\\/\"},\"author\":{\"name\":\"Bernd H\u00fcckst\u00e4dt\",\"@id\":\"https:\\\/\\\/gradido.net\\\/de\\\/#\\\/schema\\\/person\\\/9c503a004ad15a1ddecadce2218db5d1\"},\"headline\":\"Webinar: Wohlstand und Frieden f\u00fcr die Menschheitsfamilie\",\"datePublished\":\"2023-06-10T16:26:14+00:00\",\"dateModified\":\"2026-04-24T06:05:49+00:00\",\"mainEntityOfPage\":{\"@id\":\"https:\\\/\\\/gradido.net\\\/webinar-wohlstand-und-frieden-fuer-die-menschheitsfamilie\\\/\"},\"wordCount\":331,\"publisher\":{\"@id\":\"https:\\\/\\\/gradido.net\\\/de\\\/#organization\"},\"image\":{\"@id\":\"https:\\\/\\\/gradido.net\\\/webinar-wohlstand-und-frieden-fuer-die-menschheitsfamilie\\\/#primaryimage\"},\"thumbnailUrl\":\"https:\\\/\\\/gradido.net\\\/wp-content\\\/uploads\\\/2023\\\/06\\\/Webinar.png\",\"keywords\":[\"Bild oben\"],\"articleSection\":[\"Blog\",\"Community\",\"Gradido-Konto\"],\"inLanguage\":\"tr\"},{\"@type\":\"WebPage\",\"@id\":\"https:\\\/\\\/gradido.net\\\/webinar-wohlstand-und-frieden-fuer-die-menschheitsfamilie\\\/\",\"url\":\"https:\\\/\\\/gradido.net\\\/webinar-wohlstand-und-frieden-fuer-die-menschheitsfamilie\\\/\",\"name\":\"Webinar: Wohlstand und Frieden f\u00fcr die Menschheitsfamilie - Gradido\",\"isPartOf\":{\"@id\":\"https:\\\/\\\/gradido.net\\\/de\\\/#website\"},\"primaryImageOfPage\":{\"@id\":\"https:\\\/\\\/gradido.net\\\/webinar-wohlstand-und-frieden-fuer-die-menschheitsfamilie\\\/#primaryimage\"},\"image\":{\"@id\":\"https:\\\/\\\/gradido.net\\\/webinar-wohlstand-und-frieden-fuer-die-menschheitsfamilie\\\/#primaryimage\"},\"thumbnailUrl\":\"https:\\\/\\\/gradido.net\\\/wp-content\\\/uploads\\\/2023\\\/06\\\/Webinar.png\",\"datePublished\":\"2023-06-10T16:26:14+00:00\",\"dateModified\":\"2026-04-24T06:05:49+00:00\",\"description\":\"Das legend\u00e4re Webinar mit dem Gradido-Gr\u00fcnder: Du bekommst fundiertes Wissen \u00fcber die fatalen Fehler des alten Geldsystems, die einzig sinnvolle L\u00f6sung nach dem Vorbild der Natur und den perfekten Leitfaden, wie du aktiv und mit Freude die Zukunft mitgestaltest. \u2013 ES GIBT NEUE TERMINE!\",\"breadcrumb\":{\"@id\":\"https:\\\/\\\/gradido.net\\\/webinar-wohlstand-und-frieden-fuer-die-menschheitsfamilie\\\/#breadcrumb\"},\"inLanguage\":\"tr\",\"potentialAction\":[{\"@type\":\"ReadAction\",\"target\":[\"https:\\\/\\\/gradido.net\\\/webinar-wohlstand-und-frieden-fuer-die-menschheitsfamilie\\\/\"]}]},{\"@type\":\"ImageObject\",\"inLanguage\":\"tr\",\"@id\":\"https:\\\/\\\/gradido.net\\\/webinar-wohlstand-und-frieden-fuer-die-menschheitsfamilie\\\/#primaryimage\",\"url\":\"https:\\\/\\\/gradido.net\\\/wp-content\\\/uploads\\\/2023\\\/06\\\/Webinar.png\",\"contentUrl\":\"https:\\\/\\\/gradido.net\\\/wp-content\\\/uploads\\\/2023\\\/06\\\/Webinar.png\",\"width\":2460,\"height\":1158},{\"@type\":\"BreadcrumbList\",\"@id\":\"https:\\\/\\\/gradido.net\\\/webinar-wohlstand-und-frieden-fuer-die-menschheitsfamilie\\\/#breadcrumb\",\"itemListElement\":[{\"@type\":\"ListItem\",\"position\":1,\"name\":\"Startseite\",\"item\":\"https:\\\/\\\/gradido.net\\\/\"},{\"@type\":\"ListItem\",\"position\":2,\"name\":\"Webinar: Wohlstand und Frieden f\u00fcr die Menschheitsfamilie\"}]},{\"@type\":\"WebSite\",\"@id\":\"https:\\\/\\\/gradido.net\\\/de\\\/#website\",\"url\":\"https:\\\/\\\/gradido.net\\\/de\\\/\",\"name\":\"Gradido\",\"description\":\"Die neue W\u00e4hrung hei\u00dft Dankbarkeit\",\"publisher\":{\"@id\":\"https:\\\/\\\/gradido.net\\\/de\\\/#organization\"},\"potentialAction\":[{\"@type\":\"SearchAction\",\"target\":{\"@type\":\"EntryPoint\",\"urlTemplate\":\"https:\\\/\\\/gradido.net\\\/de\\\/?s={search_term_string}\"},\"query-input\":{\"@type\":\"PropertyValueSpecification\",\"valueRequired\":true,\"valueName\":\"search_term_string\"}}],\"inLanguage\":\"tr\"},{\"@type\":\"Organization\",\"@id\":\"https:\\\/\\\/gradido.net\\\/de\\\/#organization\",\"name\":\"Gradido\",\"url\":\"https:\\\/\\\/gradido.net\\\/de\\\/\",\"logo\":{\"@type\":\"ImageObject\",\"inLanguage\":\"tr\",\"@id\":\"https:\\\/\\\/gradido.net\\\/de\\\/#\\\/schema\\\/logo\\\/image\\\/\",\"url\":\"https:\\\/\\\/gradido.net\\\/wp-content\\\/uploads\\\/2022\\\/04\\\/gradido-social.jpg\",\"contentUrl\":\"https:\\\/\\\/gradido.net\\\/wp-content\\\/uploads\\\/2022\\\/04\\\/gradido-social.jpg\",\"width\":527,\"height\":273,\"caption\":\"Gradido\"},\"image\":{\"@id\":\"https:\\\/\\\/gradido.net\\\/de\\\/#\\\/schema\\\/logo\\\/image\\\/\"}},{\"@type\":\"Person\",\"@id\":\"https:\\\/\\\/gradido.net\\\/de\\\/#\\\/schema\\\/person\\\/9c503a004ad15a1ddecadce2218db5d1\",\"name\":\"Bernd H\u00fcckst\u00e4dt\",\"sameAs\":[\"https:\\\/\\\/gradido.net\"],\"url\":\"https:\\\/\\\/gradido.net\\\/tr\\\/author\\\/bernd\\\/\"}]}<\/script>\n<!-- \/ Yoast SEO plugin. -->","yoast_head_json":{"title":"Webinar: \u0130nsanl\u0131k Ailesi i\u00e7in Refah ve Bar\u0131\u015f - Gradido","description":"Gradido'nun kurucusu ile efsanevi webinar: Eski para sisteminin \u00f6l\u00fcmc\u00fcl hatalar\u0131, do\u011fan\u0131n modeline dayanan tek mant\u0131kl\u0131 \u00e7\u00f6z\u00fcm ve gelece\u011fi aktif ve ne\u015feli bir \u015fekilde nas\u0131l \u015fekillendirece\u011finize dair m\u00fckemmel bir rehber hakk\u0131nda derin bilgi edineceksiniz. - YENI\u0307 TARI\u0307HLER VAR!","robots":{"index":"index","follow":"follow","max-snippet":"max-snippet:-1","max-image-preview":"max-image-preview:large","max-video-preview":"max-video-preview:-1"},"canonical":"https:\/\/gradido.net\/tr\/webinar-wohlstand-und-frieden-fuer-die-menschheitsfamilie\/","og_locale":"tr_TR","og_type":"article","og_title":"Webinar: Wohlstand und Frieden f\u00fcr die Menschheitsfamilie - Gradido","og_description":"Das legend\u00e4re Webinar mit dem Gradido-Gr\u00fcnder: Du bekommst fundiertes Wissen \u00fcber die fatalen Fehler des alten Geldsystems, die einzig sinnvolle L\u00f6sung nach dem Vorbild der Natur und den perfekten Leitfaden, wie du aktiv und mit Freude die Zukunft mitgestaltest. \u2013 ES GIBT NEUE TERMINE!","og_url":"https:\/\/gradido.net\/tr\/webinar-wohlstand-und-frieden-fuer-die-menschheitsfamilie\/","og_site_name":"Gradido","article_published_time":"2023-06-10T16:26:14+00:00","article_modified_time":"2026-04-24T06:05:49+00:00","og_image":[{"width":2460,"height":1158,"url":"https:\/\/gradido.net\/wp-content\/uploads\/2023\/06\/Webinar.png","type":"image\/png"}],"author":"Bernd H\u00fcckst\u00e4dt","twitter_card":"summary_large_image","twitter_misc":{"Yazan:":"Bernd H\u00fcckst\u00e4dt","Tahmini okuma s\u00fcresi":"3 dakika"},"schema":{"@context":"https:\/\/schema.org","@graph":[{"@type":"Article","@id":"https:\/\/gradido.net\/webinar-wohlstand-und-frieden-fuer-die-menschheitsfamilie\/#article","isPartOf":{"@id":"https:\/\/gradido.net\/webinar-wohlstand-und-frieden-fuer-die-menschheitsfamilie\/"},"author":{"name":"Bernd H\u00fcckst\u00e4dt","@id":"https:\/\/gradido.net\/de\/#\/schema\/person\/9c503a004ad15a1ddecadce2218db5d1"},"headline":"Webinar: Wohlstand und Frieden f\u00fcr die Menschheitsfamilie","datePublished":"2023-06-10T16:26:14+00:00","dateModified":"2026-04-24T06:05:49+00:00","mainEntityOfPage":{"@id":"https:\/\/gradido.net\/webinar-wohlstand-und-frieden-fuer-die-menschheitsfamilie\/"},"wordCount":331,"publisher":{"@id":"https:\/\/gradido.net\/de\/#organization"},"image":{"@id":"https:\/\/gradido.net\/webinar-wohlstand-und-frieden-fuer-die-menschheitsfamilie\/#primaryimage"},"thumbnailUrl":"https:\/\/gradido.net\/wp-content\/uploads\/2023\/06\/Webinar.png","keywords":["Bild oben"],"articleSection":["Blog","Community","Gradido-Konto"],"inLanguage":"tr"},{"@type":"WebPage","@id":"https:\/\/gradido.net\/webinar-wohlstand-und-frieden-fuer-die-menschheitsfamilie\/","url":"https:\/\/gradido.net\/webinar-wohlstand-und-frieden-fuer-die-menschheitsfamilie\/","name":"Webinar: \u0130nsanl\u0131k Ailesi i\u00e7in Refah ve Bar\u0131\u015f - Gradido","isPartOf":{"@id":"https:\/\/gradido.net\/de\/#website"},"primaryImageOfPage":{"@id":"https:\/\/gradido.net\/webinar-wohlstand-und-frieden-fuer-die-menschheitsfamilie\/#primaryimage"},"image":{"@id":"https:\/\/gradido.net\/webinar-wohlstand-und-frieden-fuer-die-menschheitsfamilie\/#primaryimage"},"thumbnailUrl":"https:\/\/gradido.net\/wp-content\/uploads\/2023\/06\/Webinar.png","datePublished":"2023-06-10T16:26:14+00:00","dateModified":"2026-04-24T06:05:49+00:00","description":"Gradido'nun kurucusu ile efsanevi webinar: Eski para sisteminin \u00f6l\u00fcmc\u00fcl hatalar\u0131, do\u011fan\u0131n modeline dayanan tek mant\u0131kl\u0131 \u00e7\u00f6z\u00fcm ve gelece\u011fi aktif ve ne\u015feli bir \u015fekilde nas\u0131l \u015fekillendirece\u011finize dair m\u00fckemmel bir rehber hakk\u0131nda derin bilgi edineceksiniz. - YENI\u0307 TARI\u0307HLER VAR!","breadcrumb":{"@id":"https:\/\/gradido.net\/webinar-wohlstand-und-frieden-fuer-die-menschheitsfamilie\/#breadcrumb"},"inLanguage":"tr","potentialAction":[{"@type":"ReadAction","target":["https:\/\/gradido.net\/webinar-wohlstand-und-frieden-fuer-die-menschheitsfamilie\/"]}]},{"@type":"ImageObject","inLanguage":"tr","@id":"https:\/\/gradido.net\/webinar-wohlstand-und-frieden-fuer-die-menschheitsfamilie\/#primaryimage","url":"https:\/\/gradido.net\/wp-content\/uploads\/2023\/06\/Webinar.png","contentUrl":"https:\/\/gradido.net\/wp-content\/uploads\/2023\/06\/Webinar.png","width":2460,"height":1158},{"@type":"BreadcrumbList","@id":"https:\/\/gradido.net\/webinar-wohlstand-und-frieden-fuer-die-menschheitsfamilie\/#breadcrumb","itemListElement":[{"@type":"ListItem","position":1,"name":"Startseite","item":"https:\/\/gradido.net\/"},{"@type":"ListItem","position":2,"name":"Webinar: Wohlstand und Frieden f\u00fcr die Menschheitsfamilie"}]},{"@type":"WebSite","@id":"https:\/\/gradido.net\/de\/#website","url":"https:\/\/gradido.net\/de\/","name":"Gradido","description":"Yeni para birimi minnettarl\u0131k","publisher":{"@id":"https:\/\/gradido.net\/de\/#organization"},"potentialAction":[{"@type":"SearchAction","target":{"@type":"EntryPoint","urlTemplate":"https:\/\/gradido.net\/de\/?s={search_term_string}"},"query-input":{"@type":"PropertyValueSpecification","valueRequired":true,"valueName":"search_term_string"}}],"inLanguage":"tr"},{"@type":"Organization","@id":"https:\/\/gradido.net\/de\/#organization","name":"Gradido","url":"https:\/\/gradido.net\/de\/","logo":{"@type":"ImageObject","inLanguage":"tr","@id":"https:\/\/gradido.net\/de\/#\/schema\/logo\/image\/","url":"https:\/\/gradido.net\/wp-content\/uploads\/2022\/04\/gradido-social.jpg","contentUrl":"https:\/\/gradido.net\/wp-content\/uploads\/2022\/04\/gradido-social.jpg","width":527,"height":273,"caption":"Gradido"},"image":{"@id":"https:\/\/gradido.net\/de\/#\/schema\/logo\/image\/"}},{"@type":"Person","@id":"https:\/\/gradido.net\/de\/#\/schema\/person\/9c503a004ad15a1ddecadce2218db5d1","name":"Bernd H\u00fcckst\u00e4dt","sameAs":["https:\/\/gradido.net"],"url":"https:\/\/gradido.net\/tr\/author\/bernd\/"}]}},"_links":{"self":[{"href":"https:\/\/gradido.net\/tr\/wp-json\/wp\/v2\/posts\/6837","targetHints":{"allow":["GET"]}}],"collection":[{"href":"https:\/\/gradido.net\/tr\/wp-json\/wp\/v2\/posts"}],"about":[{"href":"https:\/\/gradido.net\/tr\/wp-json\/wp\/v2\/types\/post"}],"author":[{"embeddable":true,"href":"https:\/\/gradido.net\/tr\/wp-json\/wp\/v2\/users\/2"}],"replies":[{"embeddable":true,"href":"https:\/\/gradido.net\/tr\/wp-json\/wp\/v2\/comments?post=6837"}],"version-history":[{"count":55,"href":"https:\/\/gradido.net\/tr\/wp-json\/wp\/v2\/posts\/6837\/revisions"}],"predecessor-version":[{"id":13590,"href":"https:\/\/gradido.net\/tr\/wp-json\/wp\/v2\/posts\/6837\/revisions\/13590"}],"wp:featuredmedia":[{"embeddable":true,"href":"https:\/\/gradido.net\/tr\/wp-json\/wp\/v2\/media\/6838"}],"wp:attachment":[{"href":"https:\/\/gradido.net\/tr\/wp-json\/wp\/v2\/media?parent=6837"}],"wp:term":[{"taxonomy":"category","embeddable":true,"href":"https:\/\/gradido.net\/tr\/wp-json\/wp\/v2\/categories?post=6837"},{"taxonomy":"post_tag","embeddable":true,"href":"https:\/\/gradido.net\/tr\/wp-json\/wp\/v2\/tags?post=6837"}],"curies":[{"name":"wp","href":"https:\/\/api.w.org\/{rel}","templated":true}]}}