{"id":7136,"date":"2023-08-16T16:48:17","date_gmt":"2023-08-16T14:48:17","guid":{"rendered":"https:\/\/gradido.net\/?p=7136"},"modified":"2026-04-23T07:15:41","modified_gmt":"2026-04-23T05:15:41","slug":"lieblingsstadt-2-monikas-wandel-von-einsamkeit-zu-gemeinschaft","status":"publish","type":"post","link":"https:\/\/gradido.net\/tr\/lieblingsstadt-2-monikas-wandel-von-einsamkeit-zu-gemeinschaft\/","title":{"rendered":"Favori \u015eehir 2 - Monika'n\u0131n yaln\u0131zl\u0131ktan toplulu\u011fa d\u00f6n\u00fc\u015f\u00fcm\u00fc"},"content":{"rendered":"<div data-elementor-type=\"wp-post\" data-elementor-id=\"7136\" class=\"elementor elementor-7136\" data-elementor-post-type=\"post\">\n\t\t\t\t\t\t<section class=\"elementor-section elementor-top-section elementor-element elementor-element-496e1d53 elementor-section-boxed elementor-section-height-default elementor-section-height-default\" data-id=\"496e1d53\" data-element_type=\"section\" data-e-type=\"section\">\n\t\t\t\t\t\t<div class=\"elementor-container elementor-column-gap-default\">\n\t\t\t\t\t<div class=\"elementor-column elementor-col-100 elementor-top-column elementor-element elementor-element-461d7be0\" data-id=\"461d7be0\" data-element_type=\"column\" data-e-type=\"column\">\n\t\t\t<div class=\"elementor-widget-wrap elementor-element-populated\">\n\t\t\t\t\t\t<div class=\"elementor-element elementor-element-cd9ebe2 elementor-widget elementor-widget-text-editor\" data-id=\"cd9ebe2\" data-element_type=\"widget\" data-e-type=\"widget\" data-widget_type=\"text-editor.default\">\n\t\t\t\t<div class=\"elementor-widget-container\">\n\t\t\t\t\t\t\t\t\t<p style=\"text-align: right;\"><em>\"\u015eimdi bana ve becerilerime de\u011fer veren ve ihtiya\u00e7 duyan harika bir toplulu\u011fa yeniden ait oldu\u011fumu hissediyorum.\"<\/em><\/p><p>Sevgili okuyucu,<\/p><p>Monika uzun y\u0131llard\u0131r en sevdi\u011fi kasaban\u0131n eteklerinde k\u00fc\u00e7\u00fck bir terasl\u0131 evde ya\u015famaktad\u0131r. Sempatik ya\u015fl\u0131 vatanda\u015f huzur ve sessizli\u011fi sever, ancak kocas\u0131n\u0131n \u00f6l\u00fcm\u00fcnden sonra zaman ge\u00e7tik\u00e7e kendini daha da yaln\u0131z hisseder. Arkada\u015flar\u0131 ya ta\u015f\u0131nm\u0131\u015f ya da \u00e7oktan vefat etmi\u015ftir. G\u00fcnler yava\u015f ve monoton ge\u00e7mektedir ve sosyal etkile\u015fim ve yeni tan\u0131d\u0131klar \u00f6zlemi \u00e7ekmektedir.<\/p><h3>Art\u0131k yapamayaca\u011f\u0131n\u0131z\u0131 d\u00fc\u015f\u00fcnd\u00fc\u011f\u00fcn\u00fczde...<\/h3><p>Monika, arabas\u0131 olmad\u0131\u011f\u0131 i\u00e7in \u015fehir merkezine gitme f\u0131rsat\u0131n\u0131 neredeyse hi\u00e7 bulam\u0131yor. Emekli maa\u015f\u0131 k\u0131s\u0131tl\u0131 ve geziler i\u00e7in \u00f6deme yapmaya g\u00fcc\u00fc yetmiyor. Bu nedenle kafelerde veya restoranlarda ba\u015fka insanlarla bulu\u015fma fikri giderek daha da ula\u015f\u0131lmaz g\u00f6r\u00fcn\u00fcyor.<\/p><h3>... bir yerlerden k\u00fc\u00e7\u00fck bir \u0131\u015f\u0131k geliyor.<\/h3><p>Bir g\u00fcn Monika, g\u00f6n\u00fcll\u00fcler i\u00e7in \"Gradido\" ad\u0131nda yeni bir \u00fccretlendirme sistemi oldu\u011funu duyar. Bu, Gradido modeline dayal\u0131 bir te\u015fekk\u00fcr sistemidir. Hem g\u00f6n\u00fcll\u00fcler hem de ya\u015fl\u0131lar Gradido'lar\u0131 te\u015fekk\u00fcr puan\u0131 veya te\u015fekk\u00fcr paras\u0131 olarak al\u0131yor. Bu fikir Monika'ya umut verici geliyor.<\/p><p>Daha fazla ara\u015ft\u0131rma yapar ve g\u00f6n\u00fcll\u00fclerin \u015fehir merkezindeki g\u00fczel bulu\u015fma yerlerine servis d\u00fczenledi\u011fini ke\u015ffeder. Bu \"Gradido kafelerde\" Gradidolar i\u00e7in kahve, kek veya di\u011fer yemekler al\u0131nabiliyor. Bu Monika i\u00e7in m\u00fckemmel bir fikir. Ba\u015fka t\u00fcrl\u00fc tan\u0131\u015famayaca\u011f\u0131 insanlarla tan\u0131\u015fabilir ve ayn\u0131 zamanda s\u0131n\u0131rl\u0131 mali kaynaklar\u0131ndan tasarruf edebilir.<\/p><p>Monika Gradido program\u0131na kat\u0131l\u0131mc\u0131 olarak kaydolur ve k\u0131sa bir s\u00fcre sonra Stefanie ad\u0131nda dost canl\u0131s\u0131 bir g\u00f6n\u00fcll\u00fc taraf\u0131ndan aran\u0131r. Stefanie, Monika'ya konsepti a\u00e7\u0131klar ve onu ilk toplant\u0131ya davet eder.<\/p><h3>GradidoCaf\u00e9: yeni arkada\u015flar ve yeni g\u00f6revler<\/h3><p>Ertesi g\u00fcn, zaman \u00e7oktan gelmi\u015ftir. Monika evinin \u00f6n\u00fcnde heyecanla beklemektedir. Stefanie'yi g\u00f6rd\u00fc\u011f\u00fcnde kendini hemen daha rahat hisseder. Stefanie, Monika ile birlikte bug\u00fcn \"GradidoCaf\u00e9 \"nin programda oldu\u011fu belediye toplum merkezine gider. G\u00f6n\u00fcll\u00fcler kahve ve kek getiriyor ve her ya\u015ftan \u00e7ok say\u0131da mutlu insan toplanm\u0131\u015f durumda.<\/p><p>Monika bir masaya oturur ve mek\u00e2n\u0131n ne kadar canl\u0131 oldu\u011funu fark eder. \u0130nsanlar g\u00fcl\u00fcyor, konu\u015fuyor ve hikayelerini payla\u015f\u0131yor. Stefanie, Monika'ya bunun sadece yemek ve i\u00e7mekle ilgili olmad\u0131\u011f\u0131n\u0131, ayn\u0131 zamanda ihtiya\u00e7lar\u0131n ve becerilerin payla\u015f\u0131lmas\u0131yla da ilgili oldu\u011funu a\u00e7\u0131klar.<\/p>\t\t\t\t\t\t\t\t<\/div>\n\t\t\t\t<\/div>\n\t\t\t\t<div class=\"elementor-element elementor-element-e51c407 elementor-widget elementor-widget-image\" data-id=\"e51c407\" data-element_type=\"widget\" data-e-type=\"widget\" data-widget_type=\"image.default\">\n\t\t\t\t<div class=\"elementor-widget-container\">\n\t\t\t\t\t\t\t\t\t\t\t\t\t\t\t<img fetchpriority=\"high\" decoding=\"async\" width=\"700\" height=\"700\" src=\"https:\/\/gradido.net\/wp-content\/uploads\/2023\/08\/Cafe1_700.jpg\" class=\"attachment-large size-large wp-image-7143\" alt=\"\" srcset=\"https:\/\/gradido.net\/wp-content\/uploads\/2023\/08\/Cafe1_700.jpg 700w, https:\/\/gradido.net\/wp-content\/uploads\/2023\/08\/Cafe1_700-300x300.jpg 300w, https:\/\/gradido.net\/wp-content\/uploads\/2023\/08\/Cafe1_700-150x150.jpg 150w, https:\/\/gradido.net\/wp-content\/uploads\/2023\/08\/Cafe1_700-12x12.jpg 12w\" sizes=\"(max-width: 700px) 100vw, 700px\" \/>\t\t\t\t\t\t\t\t\t\t\t\t\t\t\t<\/div>\n\t\t\t\t<\/div>\n\t\t\t\t<div class=\"elementor-element elementor-element-06a4667 elementor-widget elementor-widget-text-editor\" data-id=\"06a4667\" data-element_type=\"widget\" data-e-type=\"widget\" data-widget_type=\"text-editor.default\">\n\t\t\t\t<div class=\"elementor-widget-container\">\n\t\t\t\t\t\t\t\t\t<p>Monika kahvesini yudumlarken di\u011fer konuklarla konu\u015fmaya ba\u015flar. \u00d6rg\u00fc \u00f6rmeyi seven Gabriele ad\u0131nda bir kad\u0131nla tan\u0131\u015f\u0131r ve el becerilerini takdir eden baz\u0131 gen\u00e7 insanlar bulur. Monika eskiden anaokulu \u00f6\u011fretmenidir ve \u00e7ocuk bak\u0131m\u0131 konusundaki deneyimlerini payla\u015fmay\u0131 teklif eder. Bu teklif baz\u0131 ebeveynler taraf\u0131ndan heyecanla kabul edilir.<\/p><p>Monika buna inanmakta g\u00fc\u00e7l\u00fck \u00e7ekiyor! Sadece yeni arkada\u015flar edinmekle kalmad\u0131, ayn\u0131 zamanda yeteneklerini ve deneyimlerini ba\u015fkalar\u0131yla payla\u015fman\u0131n bir yolunu da buldu. Gradido program\u0131ndaki toplant\u0131lar art\u0131k Monika'n\u0131n hayat\u0131nda d\u00fczenli etkinlikler haline geldi. Her toplant\u0131y\u0131 ve duyaca\u011f\u0131 yeni hikayeleri d\u00f6rt g\u00f6zle bekliyor.<\/p><h3>\u0130\u015fler mali a\u00e7\u0131dan da iyiye gidiyor<\/h3><p>Zamanla Monika sadece yaln\u0131zl\u0131\u011f\u0131n\u0131n \u00fcstesinden gelmekle kalmad\u0131\u011f\u0131n\u0131, ayn\u0131 zamanda mali durumunu da \u00f6nemli \u00f6l\u00e7\u00fcde iyile\u015ftirdi\u011fini fark eder. Programa kat\u0131l\u0131m\u0131 sayesinde, k\u00fc\u00e7\u00fck hizmetler ve di\u011fer \u015feylerle takas edebilece\u011fi gradidolar topluyor. Bu, herkesin di\u011ferlerinin yetenek ve becerilerinden faydaland\u0131\u011f\u0131 mutlu bir al\u0131\u015f veri\u015f.<\/p><p>Monika Gradido program\u0131 ve ona sundu\u011fu olanaklar i\u00e7in \u00e7ok minnettar. Art\u0131k yaln\u0131z de\u011fil ve toplant\u0131larda yeni bir ne\u015fe ve tatmin kayna\u011f\u0131 buluyor. Her toplant\u0131da topluluk b\u00fcy\u00fcyor ve Monika sadece bir al\u0131c\u0131 olarak de\u011fil ayn\u0131 zamanda aktif bir kat\u0131l\u0131mc\u0131 olarak da hissediyor.Kendisine ihtiya\u00e7 duyuldu\u011funu ve yeniden ait oldu\u011funu hissediyor.<\/p><h3>Ne\u015fe ve kar\u015f\u0131l\u0131kl\u0131 destek dolu bir ya\u015fam<\/h3><p>Gradido program\u0131 sadece Monika'n\u0131n de\u011fil, daha \u00f6nce sosyal etkile\u015fim ve ya\u015famda anlam aray\u0131\u015f\u0131nda olan pek \u00e7ok ki\u015finin hayat\u0131n\u0131 de\u011fi\u015ftirdi. Gradido, giderek daha fazla insan\u0131n birbirini desteklemek ve birbirinden bir \u015feyler \u00f6\u011frenmek i\u00e7in bir araya geldi\u011fi toplumun \u00f6nemli bir par\u00e7as\u0131 haline geldi.<\/p><p>Monika'n\u0131n hikayesi, yenilik\u00e7i bir \u00f6d\u00fcl sistemi ile yeteneklerin ve ihtiya\u00e7lar\u0131n payla\u015f\u0131lmas\u0131n\u0131n sosyal izolasyonun \u00fcstesinden gelmeye ve g\u00fc\u00e7l\u00fc bir topluluk olu\u015fturmaya nas\u0131l yard\u0131mc\u0131 olabilece\u011finin bir \u00f6rne\u011fi. Gradido program\u0131ndaki minnettarl\u0131k puanlar\u0131 Monika ve di\u011ferlerinin hayatlar\u0131n\u0131 keyifle ya\u015famalar\u0131n\u0131 ve birbirlerini zenginle\u015ftirmelerini sa\u011fl\u0131yor.<\/p><h3>En sevilen \u015fehir d\u00fcnyaya \u0131\u015f\u0131k sa\u00e7\u0131yor<\/h3><p>Haberler h\u0131zla Lieblingsstadt'\u0131n s\u0131n\u0131rlar\u0131n\u0131n \u00f6tesine yay\u0131l\u0131r. Di\u011fer \u015fehirler de bu yenilik\u00e7i sisteme ilgi duymaya ba\u015flar.<\/p><p>Belediye Ba\u015fkan\u0131 Miteinand'\u0131n yarat\u0131c\u0131l\u0131\u011f\u0131 sayesinde Lieblingsstadt daha \u00f6nce hi\u00e7 olmad\u0131\u011f\u0131 kadar geli\u015fiyor. \u015eehir, sosyal ilerlemenin bir \u00f6rne\u011fi olarak kutlan\u0131yor.<\/p>\t\t\t\t\t\t\t\t<\/div>\n\t\t\t\t<\/div>\n\t\t\t\t<div class=\"elementor-element elementor-element-e858257 elementor-widget-divider--view-line elementor-widget elementor-widget-divider\" data-id=\"e858257\" data-element_type=\"widget\" data-e-type=\"widget\" data-widget_type=\"divider.default\">\n\t\t\t\t<div class=\"elementor-widget-container\">\n\t\t\t\t\t\t\t<div class=\"elementor-divider\">\n\t\t\t<span class=\"elementor-divider-separator\">\n\t\t\t\t\t\t<\/span>\n\t\t<\/div>\n\t\t\t\t\t\t<\/div>\n\t\t\t\t<\/div>\n\t\t\t\t<div class=\"elementor-element elementor-element-d74dfa0 elementor-widget elementor-widget-text-editor\" data-id=\"d74dfa0\" data-element_type=\"widget\" data-e-type=\"widget\" data-widget_type=\"text-editor.default\">\n\t\t\t\t<div class=\"elementor-widget-container\">\n\t\t\t\t\t\t\t\t\t<div data-pm-slice=\"1 1 []\" data-en-clipboard=\"true\"><p>Serimizin bu ikinci yaz\u0131s\u0131nda <strong>\"Favori \u015fehirde Gradido\" <\/strong>Gradido'nun ya\u015fl\u0131lar i\u00e7in hayat\u0131 nas\u0131l daha iyi hale getirdi\u011fini \u00f6\u011freniyoruz. Bir sonraki b\u00f6l\u00fcmde, gen\u00e7 Frank ailesinin ba\u015far\u0131 \u00f6yk\u00fcs\u00fcne seviniyoruz. Di\u011fer yaz\u0131larda ise Gradido modelinin daha fazla insan\u0131n ya\u015fam kalitesini nas\u0131l \u00f6nemli \u00f6l\u00e7\u00fcde art\u0131rd\u0131\u011f\u0131n\u0131, \u015fehri nas\u0131l daha g\u00fcvenli hale getirdi\u011fini ve hatta i\u015fletmeleri ve \u015fehir hastanesini nas\u0131l kurtard\u0131\u011f\u0131n\u0131 anlat\u0131yoruz.<\/p><p>Bu seriyi \u015fehir y\u00f6netiminize, derneklere ve i\u015fletmelere iletmekten \u00e7ekinmeyin. \u00c7\u00fcnk\u00fc her dikkatli insan muhtemelen bir \u015feyi \u00e7oktan fark etmi\u015ftir: E\u011fer \u015fimdi hareketsiz kal\u0131rsak, pek \u00e7ok \u015fey bo\u015fa gidecektir.<\/p><p>Gradido ile elimizde pozitif ya\u015fam tasar\u0131m\u0131 i\u00e7in etkili bir ara\u00e7 var. Birlikte \u015fehirlerimizi ve toplumlar\u0131m\u0131z\u0131 canl\u0131 vahalara d\u00f6n\u00fc\u015ft\u00fcr\u00fcyoruz - en sevdi\u011fimiz yerlere!<\/p><p>Hohenlohe'den sayg\u0131lar\u0131mla<\/p><\/div><p>Sizin<\/p><p><img decoding=\"async\" class=\"alignnone wp-image-4614 size-medium\" src=\"https:\/\/gradido.net\/wp-content\/uploads\/2022\/06\/MargretBernd_2022-300x74.png\" alt=\"\" width=\"300\" height=\"74\" srcset=\"https:\/\/gradido.net\/wp-content\/uploads\/2022\/06\/MargretBernd_2022-300x74.png 300w, https:\/\/gradido.net\/wp-content\/uploads\/2022\/06\/MargretBernd_2022-18x4.png 18w, https:\/\/gradido.net\/wp-content\/uploads\/2022\/06\/MargretBernd_2022.png 431w\" sizes=\"(max-width: 300px) 100vw, 300px\" \/><\/p><p>Margret Baier ve Bernd H\u00fcckst\u00e4dt<br \/>Gradido kurucusu ve geli\u015ftiricisi<\/p>\t\t\t\t\t\t\t\t<\/div>\n\t\t\t\t<\/div>\n\t\t\t\t\t<\/div>\n\t\t<\/div>\n\t\t\t\t\t<\/div>\n\t\t<\/section>\n\t\t\t\t<section class=\"elementor-section elementor-top-section elementor-element elementor-element-8d1b767 elementor-section-boxed elementor-section-height-default elementor-section-height-default\" data-id=\"8d1b767\" data-element_type=\"section\" data-e-type=\"section\">\n\t\t\t\t\t\t<div class=\"elementor-container elementor-column-gap-default\">\n\t\t\t\t\t<div class=\"elementor-column elementor-col-100 elementor-top-column elementor-element elementor-element-2a92977\" data-id=\"2a92977\" data-element_type=\"column\" data-e-type=\"column\">\n\t\t\t<div class=\"elementor-widget-wrap elementor-element-populated\">\n\t\t\t\t\t\t<div class=\"elementor-element elementor-element-ee4802b elementor-position-inline-start white-links elementor-widget__width-initial elementor-view-default elementor-mobile-position-block-start elementor-widget elementor-widget-icon-box\" data-id=\"ee4802b\" data-element_type=\"widget\" data-e-type=\"widget\" data-no-translation=\"\" data-widget_type=\"icon-box.default\">\n\t\t\t\t<div class=\"elementor-widget-container\">\n\t\t\t\t\t<style>.elementor-element-ee4802b{display:none !important}<\/style>\t\t\t\t<\/div>\n\t\t\t\t<\/div>\n\t\t\t\t\t<\/div>\n\t\t<\/div>\n\t\t\t\t\t<\/div>\n\t\t<\/section>\n\t\t\t\t<section class=\"elementor-section elementor-top-section elementor-element elementor-element-14532fe elementor-section-boxed elementor-section-height-default elementor-section-height-default\" data-id=\"14532fe\" data-element_type=\"section\" data-e-type=\"section\">\n\t\t\t\t\t\t<div class=\"elementor-container elementor-column-gap-default\">\n\t\t\t\t\t<div class=\"elementor-column elementor-col-100 elementor-top-column elementor-element elementor-element-65d2298\" data-id=\"65d2298\" data-element_type=\"column\" data-e-type=\"column\">\n\t\t\t<div class=\"elementor-widget-wrap elementor-element-populated\">\n\t\t\t\t\t\t<div class=\"elementor-element elementor-element-8a198be elementor-widget elementor-widget-global elementor-global-9341 elementor-widget-text-editor\" data-id=\"8a198be\" data-element_type=\"widget\" data-e-type=\"widget\" data-widget_type=\"text-editor.default\">\n\t\t\t\t<div class=\"elementor-widget-container\">\n\t\t\t\t\t\t\t\t\t<p><strong>PS:\u00a0<span style=\"color: #ff6600;\"><a style=\"color: #ff6600;\" href=\"https:\/\/gradido.net\/tr\/donations\/\">Gradido'nun her ge\u00e7en g\u00fcn artan \u00f6nemi nedeniyle 26 Haziran 2026 tarihinde \u015f\u00fckran kampanyam\u0131z\u0131 tekrarl\u0131yoruz:<\/a>\u00a0<\/span><span style=\"color: #0000ff;\"><a style=\"color: #0000ff;\" href=\"https:\/\/gradido.net\/tr\/donations\/\">Sponsorluk katk\u0131n\u0131z i\u00e7in \u00e7oklu GradidoTransform'a ek olarak, 26\/06\/2016 tarihinde t\u00fcm GDT hesap bakiyelerini 26% art\u0131raca\u011f\u0131z. \u015eimdi sponsor olun ve \u00e7oklu GDT miktar\u0131n\u0131n tad\u0131n\u0131 \u00e7\u0131kar\u0131n!<\/a><\/span><\/strong><\/p>\t\t\t\t\t\t\t\t<\/div>\n\t\t\t\t<\/div>\n\t\t\t\t\t<\/div>\n\t\t<\/div>\n\t\t\t\t\t<\/div>\n\t\t<\/section>\n\t\t\t\t<\/div>","protected":false},"excerpt":{"rendered":"<p>Monika'n\u0131n hikayesi, yenilik\u00e7i \u00fccretlendirme sistemi 'Gradido' ile yeteneklerin ve ihtiya\u00e7lar\u0131n payla\u015f\u0131lmas\u0131n\u0131n sosyal izolasyonun \u00fcstesinden gelmeye, g\u00fc\u00e7l\u00fc bir topluluk olu\u015fturmaya ve hatta ki\u015finin kendi mali durumunu iyile\u015ftirmeye nas\u0131l yard\u0131mc\u0131 olabilece\u011finin bir \u00f6rne\u011fidir.<\/p>","protected":false},"author":2,"featured_media":7139,"comment_status":"closed","ping_status":"closed","sticky":false,"template":"","format":"standard","meta":{"footnotes":""},"categories":[11,53],"tags":[22],"class_list":["post-7136","post","type-post","status-publish","format-standard","has-post-thumbnail","hentry","category-blog","category-lieblingsstadt","tag-bild-oben"],"yoast_head":"<!-- This site is optimized with the Yoast SEO plugin v27.5 - https:\/\/yoast.com\/product\/yoast-seo-wordpress\/ -->\n<title>Lieblingsstadt 2 \u2013 Monikas Wandel von Einsamkeit zu Gemeinschaft - Gradido<\/title>\n<meta name=\"description\" content=\"Monikas Geschichte ist ein Beispiel daf\u00fcr, wie das innovative Verg\u00fctungssystem \u201aGradido\u2018 und der Austausch von Talenten und Bed\u00fcrfnissen dazu beitragen k\u00f6nnen, soziale Isolation zu \u00fcberwinden, eine starke Gemeinschaft aufzubauen und sogar die eigene finanzielle Situation zu verbessern.\" \/>\n<meta name=\"robots\" content=\"index, follow, max-snippet:-1, max-image-preview:large, max-video-preview:-1\" \/>\n<link rel=\"canonical\" href=\"https:\/\/gradido.net\/tr\/lieblingsstadt-2-monikas-wandel-von-einsamkeit-zu-gemeinschaft\/\" \/>\n<meta property=\"og:locale\" content=\"tr_TR\" \/>\n<meta property=\"og:type\" content=\"article\" \/>\n<meta property=\"og:title\" content=\"Lieblingsstadt 2 \u2013 Monikas Wandel von Einsamkeit zu Gemeinschaft - Gradido\" \/>\n<meta property=\"og:description\" content=\"Monikas Geschichte ist ein Beispiel daf\u00fcr, wie das innovative Verg\u00fctungssystem \u201aGradido\u2018 und der Austausch von Talenten und Bed\u00fcrfnissen dazu beitragen k\u00f6nnen, soziale Isolation zu \u00fcberwinden, eine starke Gemeinschaft aufzubauen und sogar die eigene finanzielle Situation zu verbessern.\" \/>\n<meta property=\"og:url\" content=\"https:\/\/gradido.net\/tr\/lieblingsstadt-2-monikas-wandel-von-einsamkeit-zu-gemeinschaft\/\" \/>\n<meta property=\"og:site_name\" content=\"Gradido\" \/>\n<meta property=\"article:published_time\" content=\"2023-08-16T14:48:17+00:00\" \/>\n<meta property=\"article:modified_time\" content=\"2026-04-23T05:15:41+00:00\" \/>\n<meta property=\"og:image\" content=\"https:\/\/gradido.net\/wp-content\/uploads\/2023\/08\/Monika2_1920.jpg\" \/>\n\t<meta property=\"og:image:width\" content=\"1920\" \/>\n\t<meta property=\"og:image:height\" content=\"1200\" \/>\n\t<meta property=\"og:image:type\" content=\"image\/jpeg\" \/>\n<meta name=\"author\" content=\"Bernd H\u00fcckst\u00e4dt\" \/>\n<meta name=\"twitter:card\" content=\"summary_large_image\" \/>\n<meta name=\"twitter:label1\" content=\"Yazan:\" \/>\n\t<meta name=\"twitter:data1\" content=\"Bernd H\u00fcckst\u00e4dt\" \/>\n\t<meta name=\"twitter:label2\" content=\"Tahmini okuma s\u00fcresi\" \/>\n\t<meta name=\"twitter:data2\" content=\"6 dakika\" \/>\n<script type=\"application\/ld+json\" class=\"yoast-schema-graph\">{\"@context\":\"https:\\\/\\\/schema.org\",\"@graph\":[{\"@type\":\"Article\",\"@id\":\"https:\\\/\\\/gradido.net\\\/lieblingsstadt-2-monikas-wandel-von-einsamkeit-zu-gemeinschaft\\\/#article\",\"isPartOf\":{\"@id\":\"https:\\\/\\\/gradido.net\\\/lieblingsstadt-2-monikas-wandel-von-einsamkeit-zu-gemeinschaft\\\/\"},\"author\":{\"name\":\"Bernd H\u00fcckst\u00e4dt\",\"@id\":\"https:\\\/\\\/gradido.net\\\/de\\\/#\\\/schema\\\/person\\\/9c503a004ad15a1ddecadce2218db5d1\"},\"headline\":\"Lieblingsstadt 2 \u2013 Monikas Wandel von Einsamkeit zu Gemeinschaft\",\"datePublished\":\"2023-08-16T14:48:17+00:00\",\"dateModified\":\"2026-04-23T05:15:41+00:00\",\"mainEntityOfPage\":{\"@id\":\"https:\\\/\\\/gradido.net\\\/lieblingsstadt-2-monikas-wandel-von-einsamkeit-zu-gemeinschaft\\\/\"},\"wordCount\":1032,\"publisher\":{\"@id\":\"https:\\\/\\\/gradido.net\\\/de\\\/#organization\"},\"image\":{\"@id\":\"https:\\\/\\\/gradido.net\\\/lieblingsstadt-2-monikas-wandel-von-einsamkeit-zu-gemeinschaft\\\/#primaryimage\"},\"thumbnailUrl\":\"https:\\\/\\\/gradido.net\\\/wp-content\\\/uploads\\\/2023\\\/08\\\/Monika2_1920.jpg\",\"keywords\":[\"Bild oben\"],\"articleSection\":[\"Blog\",\"Lieblingsstadt\"],\"inLanguage\":\"tr\"},{\"@type\":\"WebPage\",\"@id\":\"https:\\\/\\\/gradido.net\\\/lieblingsstadt-2-monikas-wandel-von-einsamkeit-zu-gemeinschaft\\\/\",\"url\":\"https:\\\/\\\/gradido.net\\\/lieblingsstadt-2-monikas-wandel-von-einsamkeit-zu-gemeinschaft\\\/\",\"name\":\"Lieblingsstadt 2 \u2013 Monikas Wandel von Einsamkeit zu Gemeinschaft - Gradido\",\"isPartOf\":{\"@id\":\"https:\\\/\\\/gradido.net\\\/de\\\/#website\"},\"primaryImageOfPage\":{\"@id\":\"https:\\\/\\\/gradido.net\\\/lieblingsstadt-2-monikas-wandel-von-einsamkeit-zu-gemeinschaft\\\/#primaryimage\"},\"image\":{\"@id\":\"https:\\\/\\\/gradido.net\\\/lieblingsstadt-2-monikas-wandel-von-einsamkeit-zu-gemeinschaft\\\/#primaryimage\"},\"thumbnailUrl\":\"https:\\\/\\\/gradido.net\\\/wp-content\\\/uploads\\\/2023\\\/08\\\/Monika2_1920.jpg\",\"datePublished\":\"2023-08-16T14:48:17+00:00\",\"dateModified\":\"2026-04-23T05:15:41+00:00\",\"description\":\"Monikas Geschichte ist ein Beispiel daf\u00fcr, wie das innovative Verg\u00fctungssystem \u201aGradido\u2018 und der Austausch von Talenten und Bed\u00fcrfnissen dazu beitragen k\u00f6nnen, soziale Isolation zu \u00fcberwinden, eine starke Gemeinschaft aufzubauen und sogar die eigene finanzielle Situation zu verbessern.\",\"breadcrumb\":{\"@id\":\"https:\\\/\\\/gradido.net\\\/lieblingsstadt-2-monikas-wandel-von-einsamkeit-zu-gemeinschaft\\\/#breadcrumb\"},\"inLanguage\":\"tr\",\"potentialAction\":[{\"@type\":\"ReadAction\",\"target\":[\"https:\\\/\\\/gradido.net\\\/lieblingsstadt-2-monikas-wandel-von-einsamkeit-zu-gemeinschaft\\\/\"]}]},{\"@type\":\"ImageObject\",\"inLanguage\":\"tr\",\"@id\":\"https:\\\/\\\/gradido.net\\\/lieblingsstadt-2-monikas-wandel-von-einsamkeit-zu-gemeinschaft\\\/#primaryimage\",\"url\":\"https:\\\/\\\/gradido.net\\\/wp-content\\\/uploads\\\/2023\\\/08\\\/Monika2_1920.jpg\",\"contentUrl\":\"https:\\\/\\\/gradido.net\\\/wp-content\\\/uploads\\\/2023\\\/08\\\/Monika2_1920.jpg\",\"width\":1920,\"height\":1200},{\"@type\":\"BreadcrumbList\",\"@id\":\"https:\\\/\\\/gradido.net\\\/lieblingsstadt-2-monikas-wandel-von-einsamkeit-zu-gemeinschaft\\\/#breadcrumb\",\"itemListElement\":[{\"@type\":\"ListItem\",\"position\":1,\"name\":\"Startseite\",\"item\":\"https:\\\/\\\/gradido.net\\\/\"},{\"@type\":\"ListItem\",\"position\":2,\"name\":\"Lieblingsstadt 2 \u2013 Monikas Wandel von Einsamkeit zu Gemeinschaft\"}]},{\"@type\":\"WebSite\",\"@id\":\"https:\\\/\\\/gradido.net\\\/de\\\/#website\",\"url\":\"https:\\\/\\\/gradido.net\\\/de\\\/\",\"name\":\"Gradido\",\"description\":\"Die neue W\u00e4hrung hei\u00dft Dankbarkeit\",\"publisher\":{\"@id\":\"https:\\\/\\\/gradido.net\\\/de\\\/#organization\"},\"potentialAction\":[{\"@type\":\"SearchAction\",\"target\":{\"@type\":\"EntryPoint\",\"urlTemplate\":\"https:\\\/\\\/gradido.net\\\/de\\\/?s={search_term_string}\"},\"query-input\":{\"@type\":\"PropertyValueSpecification\",\"valueRequired\":true,\"valueName\":\"search_term_string\"}}],\"inLanguage\":\"tr\"},{\"@type\":\"Organization\",\"@id\":\"https:\\\/\\\/gradido.net\\\/de\\\/#organization\",\"name\":\"Gradido\",\"url\":\"https:\\\/\\\/gradido.net\\\/de\\\/\",\"logo\":{\"@type\":\"ImageObject\",\"inLanguage\":\"tr\",\"@id\":\"https:\\\/\\\/gradido.net\\\/de\\\/#\\\/schema\\\/logo\\\/image\\\/\",\"url\":\"https:\\\/\\\/gradido.net\\\/wp-content\\\/uploads\\\/2022\\\/04\\\/gradido-social.jpg\",\"contentUrl\":\"https:\\\/\\\/gradido.net\\\/wp-content\\\/uploads\\\/2022\\\/04\\\/gradido-social.jpg\",\"width\":527,\"height\":273,\"caption\":\"Gradido\"},\"image\":{\"@id\":\"https:\\\/\\\/gradido.net\\\/de\\\/#\\\/schema\\\/logo\\\/image\\\/\"}},{\"@type\":\"Person\",\"@id\":\"https:\\\/\\\/gradido.net\\\/de\\\/#\\\/schema\\\/person\\\/9c503a004ad15a1ddecadce2218db5d1\",\"name\":\"Bernd H\u00fcckst\u00e4dt\",\"sameAs\":[\"https:\\\/\\\/gradido.net\"],\"url\":\"https:\\\/\\\/gradido.net\\\/tr\\\/author\\\/bernd\\\/\"}]}<\/script>\n<!-- \/ Yoast SEO plugin. -->","yoast_head_json":{"title":"Favori \u015eehir 2 - Monika'n\u0131n yaln\u0131zl\u0131ktan toplulu\u011fa d\u00f6n\u00fc\u015f\u00fcm\u00fc - Gradido","description":"Monika'n\u0131n hikayesi, yenilik\u00e7i \u00fccretlendirme sistemi 'Gradido' ile yeteneklerin ve ihtiya\u00e7lar\u0131n payla\u015f\u0131lmas\u0131n\u0131n sosyal izolasyonun \u00fcstesinden gelmeye, g\u00fc\u00e7l\u00fc bir topluluk olu\u015fturmaya ve hatta ki\u015finin kendi mali durumunu iyile\u015ftirmeye nas\u0131l yard\u0131mc\u0131 olabilece\u011finin bir \u00f6rne\u011fidir.","robots":{"index":"index","follow":"follow","max-snippet":"max-snippet:-1","max-image-preview":"max-image-preview:large","max-video-preview":"max-video-preview:-1"},"canonical":"https:\/\/gradido.net\/tr\/lieblingsstadt-2-monikas-wandel-von-einsamkeit-zu-gemeinschaft\/","og_locale":"tr_TR","og_type":"article","og_title":"Lieblingsstadt 2 \u2013 Monikas Wandel von Einsamkeit zu Gemeinschaft - Gradido","og_description":"Monikas Geschichte ist ein Beispiel daf\u00fcr, wie das innovative Verg\u00fctungssystem \u201aGradido\u2018 und der Austausch von Talenten und Bed\u00fcrfnissen dazu beitragen k\u00f6nnen, soziale Isolation zu \u00fcberwinden, eine starke Gemeinschaft aufzubauen und sogar die eigene finanzielle Situation zu verbessern.","og_url":"https:\/\/gradido.net\/tr\/lieblingsstadt-2-monikas-wandel-von-einsamkeit-zu-gemeinschaft\/","og_site_name":"Gradido","article_published_time":"2023-08-16T14:48:17+00:00","article_modified_time":"2026-04-23T05:15:41+00:00","og_image":[{"width":1920,"height":1200,"url":"https:\/\/gradido.net\/wp-content\/uploads\/2023\/08\/Monika2_1920.jpg","type":"image\/jpeg"}],"author":"Bernd H\u00fcckst\u00e4dt","twitter_card":"summary_large_image","twitter_misc":{"Yazan:":"Bernd H\u00fcckst\u00e4dt","Tahmini okuma s\u00fcresi":"6 dakika"},"schema":{"@context":"https:\/\/schema.org","@graph":[{"@type":"Article","@id":"https:\/\/gradido.net\/lieblingsstadt-2-monikas-wandel-von-einsamkeit-zu-gemeinschaft\/#article","isPartOf":{"@id":"https:\/\/gradido.net\/lieblingsstadt-2-monikas-wandel-von-einsamkeit-zu-gemeinschaft\/"},"author":{"name":"Bernd H\u00fcckst\u00e4dt","@id":"https:\/\/gradido.net\/de\/#\/schema\/person\/9c503a004ad15a1ddecadce2218db5d1"},"headline":"Lieblingsstadt 2 \u2013 Monikas Wandel von Einsamkeit zu Gemeinschaft","datePublished":"2023-08-16T14:48:17+00:00","dateModified":"2026-04-23T05:15:41+00:00","mainEntityOfPage":{"@id":"https:\/\/gradido.net\/lieblingsstadt-2-monikas-wandel-von-einsamkeit-zu-gemeinschaft\/"},"wordCount":1032,"publisher":{"@id":"https:\/\/gradido.net\/de\/#organization"},"image":{"@id":"https:\/\/gradido.net\/lieblingsstadt-2-monikas-wandel-von-einsamkeit-zu-gemeinschaft\/#primaryimage"},"thumbnailUrl":"https:\/\/gradido.net\/wp-content\/uploads\/2023\/08\/Monika2_1920.jpg","keywords":["Bild oben"],"articleSection":["Blog","Lieblingsstadt"],"inLanguage":"tr"},{"@type":"WebPage","@id":"https:\/\/gradido.net\/lieblingsstadt-2-monikas-wandel-von-einsamkeit-zu-gemeinschaft\/","url":"https:\/\/gradido.net\/lieblingsstadt-2-monikas-wandel-von-einsamkeit-zu-gemeinschaft\/","name":"Favori \u015eehir 2 - Monika'n\u0131n yaln\u0131zl\u0131ktan toplulu\u011fa d\u00f6n\u00fc\u015f\u00fcm\u00fc - Gradido","isPartOf":{"@id":"https:\/\/gradido.net\/de\/#website"},"primaryImageOfPage":{"@id":"https:\/\/gradido.net\/lieblingsstadt-2-monikas-wandel-von-einsamkeit-zu-gemeinschaft\/#primaryimage"},"image":{"@id":"https:\/\/gradido.net\/lieblingsstadt-2-monikas-wandel-von-einsamkeit-zu-gemeinschaft\/#primaryimage"},"thumbnailUrl":"https:\/\/gradido.net\/wp-content\/uploads\/2023\/08\/Monika2_1920.jpg","datePublished":"2023-08-16T14:48:17+00:00","dateModified":"2026-04-23T05:15:41+00:00","description":"Monika'n\u0131n hikayesi, yenilik\u00e7i \u00fccretlendirme sistemi 'Gradido' ile yeteneklerin ve ihtiya\u00e7lar\u0131n payla\u015f\u0131lmas\u0131n\u0131n sosyal izolasyonun \u00fcstesinden gelmeye, g\u00fc\u00e7l\u00fc bir topluluk olu\u015fturmaya ve hatta ki\u015finin kendi mali durumunu iyile\u015ftirmeye nas\u0131l yard\u0131mc\u0131 olabilece\u011finin bir \u00f6rne\u011fidir.","breadcrumb":{"@id":"https:\/\/gradido.net\/lieblingsstadt-2-monikas-wandel-von-einsamkeit-zu-gemeinschaft\/#breadcrumb"},"inLanguage":"tr","potentialAction":[{"@type":"ReadAction","target":["https:\/\/gradido.net\/lieblingsstadt-2-monikas-wandel-von-einsamkeit-zu-gemeinschaft\/"]}]},{"@type":"ImageObject","inLanguage":"tr","@id":"https:\/\/gradido.net\/lieblingsstadt-2-monikas-wandel-von-einsamkeit-zu-gemeinschaft\/#primaryimage","url":"https:\/\/gradido.net\/wp-content\/uploads\/2023\/08\/Monika2_1920.jpg","contentUrl":"https:\/\/gradido.net\/wp-content\/uploads\/2023\/08\/Monika2_1920.jpg","width":1920,"height":1200},{"@type":"BreadcrumbList","@id":"https:\/\/gradido.net\/lieblingsstadt-2-monikas-wandel-von-einsamkeit-zu-gemeinschaft\/#breadcrumb","itemListElement":[{"@type":"ListItem","position":1,"name":"Startseite","item":"https:\/\/gradido.net\/"},{"@type":"ListItem","position":2,"name":"Lieblingsstadt 2 \u2013 Monikas Wandel von Einsamkeit zu Gemeinschaft"}]},{"@type":"WebSite","@id":"https:\/\/gradido.net\/de\/#website","url":"https:\/\/gradido.net\/de\/","name":"Gradido","description":"Yeni para birimi minnettarl\u0131k","publisher":{"@id":"https:\/\/gradido.net\/de\/#organization"},"potentialAction":[{"@type":"SearchAction","target":{"@type":"EntryPoint","urlTemplate":"https:\/\/gradido.net\/de\/?s={search_term_string}"},"query-input":{"@type":"PropertyValueSpecification","valueRequired":true,"valueName":"search_term_string"}}],"inLanguage":"tr"},{"@type":"Organization","@id":"https:\/\/gradido.net\/de\/#organization","name":"Gradido","url":"https:\/\/gradido.net\/de\/","logo":{"@type":"ImageObject","inLanguage":"tr","@id":"https:\/\/gradido.net\/de\/#\/schema\/logo\/image\/","url":"https:\/\/gradido.net\/wp-content\/uploads\/2022\/04\/gradido-social.jpg","contentUrl":"https:\/\/gradido.net\/wp-content\/uploads\/2022\/04\/gradido-social.jpg","width":527,"height":273,"caption":"Gradido"},"image":{"@id":"https:\/\/gradido.net\/de\/#\/schema\/logo\/image\/"}},{"@type":"Person","@id":"https:\/\/gradido.net\/de\/#\/schema\/person\/9c503a004ad15a1ddecadce2218db5d1","name":"Bernd H\u00fcckst\u00e4dt","sameAs":["https:\/\/gradido.net"],"url":"https:\/\/gradido.net\/tr\/author\/bernd\/"}]}},"_links":{"self":[{"href":"https:\/\/gradido.net\/tr\/wp-json\/wp\/v2\/posts\/7136","targetHints":{"allow":["GET"]}}],"collection":[{"href":"https:\/\/gradido.net\/tr\/wp-json\/wp\/v2\/posts"}],"about":[{"href":"https:\/\/gradido.net\/tr\/wp-json\/wp\/v2\/types\/post"}],"author":[{"embeddable":true,"href":"https:\/\/gradido.net\/tr\/wp-json\/wp\/v2\/users\/2"}],"replies":[{"embeddable":true,"href":"https:\/\/gradido.net\/tr\/wp-json\/wp\/v2\/comments?post=7136"}],"version-history":[{"count":34,"href":"https:\/\/gradido.net\/tr\/wp-json\/wp\/v2\/posts\/7136\/revisions"}],"predecessor-version":[{"id":13548,"href":"https:\/\/gradido.net\/tr\/wp-json\/wp\/v2\/posts\/7136\/revisions\/13548"}],"wp:featuredmedia":[{"embeddable":true,"href":"https:\/\/gradido.net\/tr\/wp-json\/wp\/v2\/media\/7139"}],"wp:attachment":[{"href":"https:\/\/gradido.net\/tr\/wp-json\/wp\/v2\/media?parent=7136"}],"wp:term":[{"taxonomy":"category","embeddable":true,"href":"https:\/\/gradido.net\/tr\/wp-json\/wp\/v2\/categories?post=7136"},{"taxonomy":"post_tag","embeddable":true,"href":"https:\/\/gradido.net\/tr\/wp-json\/wp\/v2\/tags?post=7136"}],"curies":[{"name":"wp","href":"https:\/\/api.w.org\/{rel}","templated":true}]}}