{"id":7720,"date":"2023-09-27T15:32:45","date_gmt":"2023-09-27T13:32:45","guid":{"rendered":"https:\/\/gradido.net\/?p=7720"},"modified":"2026-04-23T07:11:58","modified_gmt":"2026-04-23T05:11:58","slug":"lieblingsstadt-14-trotz-lehrermangel-schueler-werden-zu-genies","status":"publish","type":"post","link":"https:\/\/gradido.net\/tr\/lieblingsstadt-14-trotz-lehrermangel-schueler-werden-zu-genies\/","title":{"rendered":"Favori \u015fehir 14 - \u00d6\u011fretmen a\u00e7\u0131\u011f\u0131na ra\u011fmen: \u00f6\u011frenciler dahi oluyor"},"content":{"rendered":"<div data-elementor-type=\"wp-post\" data-elementor-id=\"7720\" class=\"elementor elementor-7720\" data-elementor-post-type=\"post\">\n\t\t\t\t\t\t<section class=\"elementor-section elementor-top-section elementor-element elementor-element-496e1d53 elementor-section-boxed elementor-section-height-default elementor-section-height-default\" data-id=\"496e1d53\" data-element_type=\"section\" data-e-type=\"section\">\n\t\t\t\t\t\t<div class=\"elementor-container elementor-column-gap-default\">\n\t\t\t\t\t<div class=\"elementor-column elementor-col-100 elementor-top-column elementor-element elementor-element-461d7be0\" data-id=\"461d7be0\" data-element_type=\"column\" data-e-type=\"column\">\n\t\t\t<div class=\"elementor-widget-wrap elementor-element-populated\">\n\t\t\t\t\t\t<div class=\"elementor-element elementor-element-cd9ebe2 elementor-widget elementor-widget-text-editor\" data-id=\"cd9ebe2\" data-element_type=\"widget\" data-e-type=\"widget\" data-widget_type=\"text-editor.default\">\n\t\t\t\t<div class=\"elementor-widget-container\">\n\t\t\t\t\t\t\t\t\t<p style=\"text-align: right;\"><em>\"E\u011fer bu \u00f6\u011frenme sistemini okullar\u0131m\u0131zda uygularsak, Favori \u015eehir tarihe ge\u00e7ecektir. \u00c7\u00fcnk\u00fc bizim yapabildiklerimizi t\u00fcm insanlar yapabilir. Bu d\u00fcnyan\u0131n b\u00fcy\u00fck sorunlar\u0131n\u0131 birlikte \u00e7\u00f6zebilecek yeni bir dahi nesil yeti\u015fiyor!\"<\/em><\/p><p>Sevgili okuyucu,<\/p><p>Almanya'da \u00f6\u011fretmen a\u00e7\u0131\u011f\u0131 var. PISA ara\u015ft\u0131rmas\u0131na g\u00f6re \u00f6\u011frencilerin d\u00f6rtte biri d\u00fczg\u00fcn okuyam\u0131yor, yazam\u0131yor ve hesap yapam\u0131yor. Bu durum Lieblingsstadt'ta da g\u00f6ze \u00e7arp\u0131yor. Kasaban\u0131n kendini i\u015fine adam\u0131\u015f belediye ba\u015fkan\u0131 Michael Miteinand'a g\u00f6re bu tahamm\u00fcl edilemez bir durum.<\/p><p>Kapsaml\u0131 okulun m\u00fcd\u00fcr\u00fc Sibylle Lernfroh ile birlikte uzman ekibini bir kriz toplant\u0131s\u0131 i\u00e7in bir araya getirir. Toplant\u0131ya giri\u015fimciler, kararl\u0131 veliler ve Lieblingsstadt e\u011fitim derne\u011fi temsilcileri de davet edilir. Michael, Lieblingsstadt'\u0131 m\u00fckemmel e\u011fitim i\u00e7in bir amiral gemisi haline getirmek istiyor.<\/p><p>\u00dc\u00e7 \u00e7ocuk annesi ve e\u011fitim derne\u011fi ba\u015fkan\u0131 Kerstin Frank konu\u015fuyor. Derne\u011fin \u00fccretsiz bir okul kurmak istedi\u011fini s\u00f6yl\u00fcyor. Orada \u00e7ocuklar hayata beyin dostu ve e\u011flenceli bir \u015fekilde haz\u0131rlanacaklar. Ancak bir okul kurmak i\u00e7in b\u00fcrokratik engeller \u00e7ok y\u00fcksek.<\/p><p>Michael, \"Okullar\u0131m\u0131zdakinden farkl\u0131 olarak ne yap\u0131lmal\u0131?\" diye soruyor.<\/p><h2>D\u00fcnyan\u0131n en iyi \u00f6\u011frenme y\u00f6ntemleri tek bir sistemde birle\u015ftirildi<\/h2><p>Kerstin, kurucusu d\u00fcnyan\u0131n en iyi \u00f6\u011frenme tekniklerini toplayan ve bunlar\u0131 \u00f6\u011frencilere b\u00fcy\u00fck bir ba\u015far\u0131yla \u00f6\u011freten ba\u015fka bir e\u011fitim derne\u011finden bahsediyor.\u00a0<\/p><p>\u0130simler, tarih ve yabanc\u0131 diller, matematik, k\u00f6kleri kafaya yerle\u015ftirme, say\u0131 haf\u0131zas\u0131nda ustala\u015fma ve \u00e7ok daha fazlas\u0131 i\u00e7in kan\u0131tlanm\u0131\u015f ezber teknikleri - \u00f6\u011frencilerin ve yeti\u015fkinlerin hemen hemen her bilgiyi m\u00fcmk\u00fcn olan en k\u0131sa s\u00fcrede edinebilecekleri bir \u00f6\u011frenme sisteminde bir araya getirilmi\u015ftir.\u00a0<\/p><p>Binlerce \u00f6\u011frenciye, \u00f6\u011fretmene ve veliye yap\u0131lan y\u00fczlerce sunumda, her \u00e7ocu\u011fun normal okul materyallerini g\u00fcnde bir saat i\u00e7inde e\u011flenceli bir \u015fekilde \u00f6\u011frenebilece\u011fi defalarca g\u00f6sterilmi\u015ftir.<\/p><p><strong>Dernek halihaz\u0131rda her t\u00fcrl\u00fc konu i\u00e7in y\u00fczlerce \u00f6\u011frenme videosunu \u00fccretsiz olarak sa\u011flamaktad\u0131r. Videolar soka\u011fa \u00e7\u0131kma yasaklar\u0131 s\u0131ras\u0131nda de\u011ferlerini kan\u0131tlad\u0131lar. Bu videolara s\u00fcrekli olarak yenileri eklenmekte, b\u00f6ylece neredeyse t\u00fcm okul dersleri i\u00e7in videolar mevcut hale gelmektedir.<\/strong><\/p><p>Dernek, a\u015fa\u011f\u0131daki anlamda yazan \u00f6\u011frencilerden s\u00fcrekli te\u015fekk\u00fcr mektuplar\u0131 almaktad\u0131r: <strong>\"Eskiden bir aptal oldu\u011fumu d\u00fc\u015f\u00fcn\u00fcrd\u00fcm. \u015eimdi bir dahi oldu\u011fumu biliyorum!\"<\/strong><\/p><p>Almanca konu\u015fulan \u00fclkelerde, bu sisteme g\u00f6re \u00fccretsiz okullar kurmak isteyen \u00e7ok say\u0131da giri\u015fim olu\u015fturulmaktad\u0131r. Ancak as\u0131l zorluk yasal gereklilikler. Okul projeleri ba\u015far\u0131s\u0131zl\u0131\u011fa u\u011frad\u0131\u011f\u0131nda, bunun nedeni okulun kar\u015f\u0131la\u015ft\u0131\u011f\u0131 zorluklar de\u011fil, yasal sorunlard\u0131r.<\/p><p>\"Peki bu y\u00f6ntemler ger\u00e7ekten bu kadar i\u015fe yar\u0131yor mu?\" diye soruyor Sibylle.<\/p><h2>Binlerce kez denendi ve test edildi - herkes i\u00e7in i\u015fe yar\u0131yor<\/h2><p>\"Evet, kesinlikle t\u00fcm \u00f6\u011frencilerle. Bu konsept binlerce kez denendi ve test edildi. Baz\u0131 \u00f6\u011frencilerin yar\u0131m saat daha uzun s\u00fcreye ihtiyac\u0131 olabilir ama bu bir sorun te\u015fkil etmez,\" diye a\u00e7\u0131kl\u0131yor Kerstin.<\/p><p>\"Peki ya bu \u00f6\u011frenme sistemini okullar\u0131m\u0131zda kullansayd\u0131k?\" diye soruyor Michael, \"O zaman kendi okulunuzu kurman\u0131za gerek kalmazd\u0131 ve t\u00fcm g\u00f6zde \u015fehir \u00f6\u011frencileri birer dahi olurdu.\"<\/p>\t\t\t\t\t\t\t\t<\/div>\n\t\t\t\t<\/div>\n\t\t\t\t<div class=\"elementor-element elementor-element-b482206 elementor-widget elementor-widget-image\" data-id=\"b482206\" data-element_type=\"widget\" data-e-type=\"widget\" data-widget_type=\"image.default\">\n\t\t\t\t<div class=\"elementor-widget-container\">\n\t\t\t\t\t\t\t\t\t\t\t\t\t\t\t<img fetchpriority=\"high\" decoding=\"async\" width=\"500\" height=\"312\" src=\"https:\/\/gradido.net\/wp-content\/uploads\/2023\/09\/Erde_500.jpg\" class=\"attachment-full size-full wp-image-7729\" alt=\"\" srcset=\"https:\/\/gradido.net\/wp-content\/uploads\/2023\/09\/Erde_500.jpg 500w, https:\/\/gradido.net\/wp-content\/uploads\/2023\/09\/Erde_500-300x187.jpg 300w, https:\/\/gradido.net\/wp-content\/uploads\/2023\/09\/Erde_500-18x12.jpg 18w\" sizes=\"(max-width: 500px) 100vw, 500px\" \/>\t\t\t\t\t\t\t\t\t\t\t\t\t\t\t<\/div>\n\t\t\t\t<\/div>\n\t\t\t\t<div class=\"elementor-element elementor-element-c5e61d4 elementor-widget elementor-widget-text-editor\" data-id=\"c5e61d4\" data-element_type=\"widget\" data-e-type=\"widget\" data-widget_type=\"text-editor.default\">\n\t\t\t\t<div class=\"elementor-widget-container\">\n\t\t\t\t\t\t\t\t\t<p>Kerstin d\u00fc\u015f\u00fcn\u00fcyor: <br \/><strong>\"E\u011fer bu \u00f6\u011frenme sistemini okullar\u0131m\u0131zda uygularsak, Favori \u015eehir tarihe ge\u00e7ecektir. \u00c7\u00fcnk\u00fc bizim yapabildiklerimizi t\u00fcm insanlar yapabilir. Bu d\u00fcnyan\u0131n b\u00fcy\u00fck sorunlar\u0131n\u0131 birlikte \u00e7\u00f6zebilecek yeni bir dahi nesil yeti\u015fiyor!\"<\/strong><\/p><p>Birden ortal\u0131k sessizle\u015fti - i\u011fne atsan yere d\u00fc\u015fmezdi.<\/p><p>Bir s\u00fcre sonra, \u015fehir sayman\u0131 Siegbert sessizli\u011fi bozar:<br \/>\"Bu ger\u00e7ekten i\u015fe yar\u0131yorsa ve \u00f6\u011frenciler g\u00fcnde sadece bir saat \u00e7al\u0131\u015fmak zorundaysa, g\u00fcn\u00fcn geri kalan\u0131nda ne yap\u0131yorlar? Sonu\u00e7ta bizim de denetleme g\u00f6revimiz var.\"<\/p><p>Kerstin, \"\u00d6\u011frenciler zorunlu programlar\u0131n\u0131 bir derste tamamlad\u0131klar\u0131 i\u00e7in, ya\u015famlar\u0131 boyunca ek olarak ne \u00f6\u011frenmek istediklerine kendileri karar veriyor,\" diye yan\u0131tl\u0131yor. \"Bu her birey i\u00e7in \u00e7ok farkl\u0131 olabilir.<\/p>\t\t\t\t\t\t\t\t<\/div>\n\t\t\t\t<\/div>\n\t\t\t\t<div class=\"elementor-element elementor-element-0370142 elementor-widget elementor-widget-image\" data-id=\"0370142\" data-element_type=\"widget\" data-e-type=\"widget\" data-widget_type=\"image.default\">\n\t\t\t\t<div class=\"elementor-widget-container\">\n\t\t\t\t\t\t\t\t\t\t\t\t\t\t\t<img decoding=\"async\" width=\"500\" height=\"312\" src=\"https:\/\/gradido.net\/wp-content\/uploads\/2023\/09\/Schulgarten_500.jpg\" class=\"attachment-full size-full wp-image-7733\" alt=\"\" srcset=\"https:\/\/gradido.net\/wp-content\/uploads\/2023\/09\/Schulgarten_500.jpg 500w, https:\/\/gradido.net\/wp-content\/uploads\/2023\/09\/Schulgarten_500-300x187.jpg 300w, https:\/\/gradido.net\/wp-content\/uploads\/2023\/09\/Schulgarten_500-18x12.jpg 18w\" sizes=\"(max-width: 500px) 100vw, 500px\" \/>\t\t\t\t\t\t\t\t\t\t\t\t\t\t\t<\/div>\n\t\t\t\t<\/div>\n\t\t\t\t<div class=\"elementor-element elementor-element-72613e6 elementor-widget elementor-widget-text-editor\" data-id=\"72613e6\" data-element_type=\"widget\" data-e-type=\"widget\" data-widget_type=\"text-editor.default\">\n\t\t\t\t<div class=\"elementor-widget-container\">\n\t\t\t\t\t\t\t\t\t<p>Baz\u0131 \u00f6\u011frenciler Dayan\u0131\u015fma \u00c7iftli\u011finde kendilerini ve ba\u015fkalar\u0131n\u0131 sa\u011fl\u0131kl\u0131 bir \u015fekilde beslemek i\u00e7in nas\u0131l g\u0131da yeti\u015ftireceklerini \u00f6\u011frenecekler...<\/p><p>...di\u011ferleri ise sadece f\u0131r\u0131nda ya da araba tamirhanesinde kokluyor...<\/p>\t\t\t\t\t\t\t\t<\/div>\n\t\t\t\t<\/div>\n\t\t\t\t<div class=\"elementor-element elementor-element-1abcc0e elementor-widget elementor-widget-image\" data-id=\"1abcc0e\" data-element_type=\"widget\" data-e-type=\"widget\" data-widget_type=\"image.default\">\n\t\t\t\t<div class=\"elementor-widget-container\">\n\t\t\t\t\t\t\t\t\t\t\t\t\t\t\t<img decoding=\"async\" width=\"500\" height=\"312\" src=\"https:\/\/gradido.net\/wp-content\/uploads\/2023\/09\/Ma\u0308dchen_Werkstatt_500.jpg\" class=\"attachment-full size-full wp-image-7734\" alt=\"\" srcset=\"https:\/\/gradido.net\/wp-content\/uploads\/2023\/09\/Ma\u0308dchen_Werkstatt_500.jpg 500w, https:\/\/gradido.net\/wp-content\/uploads\/2023\/09\/Ma\u0308dchen_Werkstatt_500-300x187.jpg 300w, https:\/\/gradido.net\/wp-content\/uploads\/2023\/09\/Ma\u0308dchen_Werkstatt_500-18x12.jpg 18w\" sizes=\"(max-width: 500px) 100vw, 500px\" \/>\t\t\t\t\t\t\t\t\t\t\t\t\t\t\t<\/div>\n\t\t\t\t<\/div>\n\t\t\t\t<div class=\"elementor-element elementor-element-1e0b13e elementor-widget elementor-widget-text-editor\" data-id=\"1e0b13e\" data-element_type=\"widget\" data-e-type=\"widget\" data-widget_type=\"text-editor.default\">\n\t\t\t\t<div class=\"elementor-widget-container\">\n\t\t\t\t\t\t\t\t\t<p>Ya\u015flar\u0131na ve ilgilerine ba\u011fl\u0131 olarak, \u00e7ok \u00e7e\u015fitli meslekler hakk\u0131nda bilgi edinmeleri i\u00e7in \u015firketlerimizde staj yapmaya davet ediliyorlar.\"<\/p>\t\t\t\t\t\t\t\t<\/div>\n\t\t\t\t<\/div>\n\t\t\t\t<div class=\"elementor-element elementor-element-c660b78 elementor-widget elementor-widget-image\" data-id=\"c660b78\" data-element_type=\"widget\" data-e-type=\"widget\" data-widget_type=\"image.default\">\n\t\t\t\t<div class=\"elementor-widget-container\">\n\t\t\t\t\t\t\t\t\t\t\t\t\t\t\t<img loading=\"lazy\" decoding=\"async\" width=\"500\" height=\"312\" src=\"https:\/\/gradido.net\/wp-content\/uploads\/2023\/09\/Ma\u0308dchen_Maurer_500.jpg\" class=\"attachment-full size-full wp-image-7741\" alt=\"\" srcset=\"https:\/\/gradido.net\/wp-content\/uploads\/2023\/09\/Ma\u0308dchen_Maurer_500.jpg 500w, https:\/\/gradido.net\/wp-content\/uploads\/2023\/09\/Ma\u0308dchen_Maurer_500-300x187.jpg 300w, https:\/\/gradido.net\/wp-content\/uploads\/2023\/09\/Ma\u0308dchen_Maurer_500-18x12.jpg 18w\" sizes=\"(max-width: 500px) 100vw, 500px\" \/>\t\t\t\t\t\t\t\t\t\t\t\t\t\t\t<\/div>\n\t\t\t\t<\/div>\n\t\t\t\t<div class=\"elementor-element elementor-element-5b36741 elementor-widget elementor-widget-text-editor\" data-id=\"5b36741\" data-element_type=\"widget\" data-e-type=\"widget\" data-widget_type=\"text-editor.default\">\n\t\t\t\t<div class=\"elementor-widget-container\">\n\t\t\t\t\t\t\t\t\t<p>\u0130n\u015faat m\u00fcteahhidi Robert, \"\u0130sterseniz bizimle bir veya daha fazla zanaat \u00f6\u011frenebilirsiniz\" diyor.<\/p>\t\t\t\t\t\t\t\t<\/div>\n\t\t\t\t<\/div>\n\t\t\t\t<div class=\"elementor-element elementor-element-dcfb713 elementor-widget elementor-widget-image\" data-id=\"dcfb713\" data-element_type=\"widget\" data-e-type=\"widget\" data-widget_type=\"image.default\">\n\t\t\t\t<div class=\"elementor-widget-container\">\n\t\t\t\t\t\t\t\t\t\t\t\t\t\t\t<img loading=\"lazy\" decoding=\"async\" width=\"500\" height=\"312\" src=\"https:\/\/gradido.net\/wp-content\/uploads\/2023\/09\/Tonstudio_500.jpg\" class=\"attachment-full size-full wp-image-7742\" alt=\"\" srcset=\"https:\/\/gradido.net\/wp-content\/uploads\/2023\/09\/Tonstudio_500.jpg 500w, https:\/\/gradido.net\/wp-content\/uploads\/2023\/09\/Tonstudio_500-300x187.jpg 300w, https:\/\/gradido.net\/wp-content\/uploads\/2023\/09\/Tonstudio_500-18x12.jpg 18w\" sizes=\"(max-width: 500px) 100vw, 500px\" \/>\t\t\t\t\t\t\t\t\t\t\t\t\t\t\t<\/div>\n\t\t\t\t<\/div>\n\t\t\t\t<div class=\"elementor-element elementor-element-e572983 elementor-widget elementor-widget-text-editor\" data-id=\"e572983\" data-element_type=\"widget\" data-e-type=\"widget\" data-widget_type=\"text-editor.default\">\n\t\t\t\t<div class=\"elementor-widget-container\">\n\t\t\t\t\t\t\t\t\t<p>\"Sanat, k\u00fclt\u00fcr ve spor da b\u00fcy\u00fcleyebilir,\" diyor Lieblingsstadt'\u0131n k\u00fclt\u00fcr m\u00fcd\u00fcr\u00fc Simon sevin\u00e7le, \"Resim, heykel, m\u00fczik, tiyatro, sinema, performans... bunlar pek \u00e7ok gence ilham veriyor, kentimizdeki harika spor olanaklar\u0131ndan bahsetmeye bile gerek yok.\"<\/p><p>\"Bu \u015fekilde gen\u00e7ler, daha sonra yeti\u015fkin olarak ya\u015famaktan keyif alacaklar\u0131 'favori \u015fehirlerini' aktif bir \u015fekilde \u015fekillendiriyorlar!\" diye heyecanlan\u0131yor Michael.<\/p><p>Siegbert, \"Bunun i\u00e7in ek \u00f6\u011fretmenlere ihtiyac\u0131m\u0131z var m\u0131?\" diye soruyor.<\/p><p>\"E\u011fitim derne\u011finden pek \u00e7ok \u00fcye \u00f6\u011frenme rehberi olarak g\u00f6n\u00fcll\u00fc olacak. Akranlar aras\u0131 \u00f6\u011frenme de \u00e7ok ba\u015far\u0131l\u0131 oldu, yani \u00f6\u011frenciler birbirlerine \u00f6\u011fretiyorlar,\" diye a\u00e7\u0131kl\u0131yor Kerstin, \"b\u00f6ylece daha fazla \u00f6\u011fretmene ihtiyac\u0131m\u0131z kalm\u0131yor - tam tersine \u00f6\u011fretmenler rahatl\u0131yor. Kendilerini bireysel olarak \u00f6\u011frencilere \u00e7ok daha iyi adayabiliyorlar.\"<\/p><p>\"\u015eirketlerde gen\u00e7ler de denetleniyor,\" diyor Robert, \"Gen\u00e7lere ne kadar g\u00fcvenirseniz, o kadar sorumluluk sahibi oluyorlar. Benim deneyimim bu y\u00f6nde.<\/p><h2>\u00d6\u011frenmenin en iyi yolu projelerdir<\/h2><p>Siegbert kay\u0131tlar\u0131nda \u015f\u00f6yle yaz\u0131yor: \"\u00d6\u011fretmenler \u00f6zellikle MINT olarak adland\u0131r\u0131lan matematik, bilgisayar bilimleri, do\u011fa bilimleri ve teknoloji konular\u0131nda eksikler.\"<\/p><p>\"Bu konular en iyi projelerde \u00f6\u011frenilir.\" Yerel bir teknoloji \u015firketi olan LieblingsTEC'in sahibi Roman, neden bahsetti\u011fini \u00e7ok iyi biliyor. Teknik a\u00e7\u0131dan yetenekli \u00e7ocuklar\u0131n ve gen\u00e7lerin \u00e7evik ekipler halinde bir araya geldi\u011fi ve \u00e7ok \u00e7e\u015fitli sorunlara al\u0131\u015f\u0131lmad\u0131k \u00e7\u00f6z\u00fcmler geli\u015ftirdi\u011fi KidsTEC e.V. derne\u011finin kurucusudur. \u015eimdiden 'Jugend Forscht' ve benzeri yar\u0131\u015fmalarda bir\u00e7ok \u00f6d\u00fcl kazand\u0131lar.\u00a0<\/p><p>\"Gen\u00e7ler bizi her zaman \u015fa\u015f\u0131rt\u0131yor,\" diye ekliyor Roman, \"\u00e7o\u011funlukla onlardan \u00f6\u011frenen biz oluyoruz, tersi de\u011fil. Biz yeti\u015fkinlerin asl\u0131nda sadece \u00e7er\u00e7eve ko\u015fullar\u0131 yaratmam\u0131z gerekiyor ve \u00e7ocuklar bizim hayatta asla akl\u0131m\u0131za gelmeyecek \u00e7\u00f6z\u00fcmler \u00fcretiyorlar.\"<\/p>\t\t\t\t\t\t\t\t<\/div>\n\t\t\t\t<\/div>\n\t\t\t\t<div class=\"elementor-element elementor-element-043c552 elementor-widget elementor-widget-image\" data-id=\"043c552\" data-element_type=\"widget\" data-e-type=\"widget\" data-widget_type=\"image.default\">\n\t\t\t\t<div class=\"elementor-widget-container\">\n\t\t\t\t\t\t\t\t\t\t\t\t\t\t\t<img loading=\"lazy\" decoding=\"async\" width=\"500\" height=\"312\" src=\"https:\/\/gradido.net\/wp-content\/uploads\/2023\/09\/Ma\u0308dchen_Robotic_500.jpg\" class=\"attachment-full size-full wp-image-7743\" alt=\"\" srcset=\"https:\/\/gradido.net\/wp-content\/uploads\/2023\/09\/Ma\u0308dchen_Robotic_500.jpg 500w, https:\/\/gradido.net\/wp-content\/uploads\/2023\/09\/Ma\u0308dchen_Robotic_500-300x187.jpg 300w, https:\/\/gradido.net\/wp-content\/uploads\/2023\/09\/Ma\u0308dchen_Robotic_500-18x12.jpg 18w\" sizes=\"(max-width: 500px) 100vw, 500px\" \/>\t\t\t\t\t\t\t\t\t\t\t\t\t\t\t<\/div>\n\t\t\t\t<\/div>\n\t\t\t\t<div class=\"elementor-element elementor-element-364b916 elementor-widget elementor-widget-text-editor\" data-id=\"364b916\" data-element_type=\"widget\" data-e-type=\"widget\" data-widget_type=\"text-editor.default\">\n\t\t\t\t<div class=\"elementor-widget-container\">\n\t\t\t\t\t\t\t\t\t<p>Roman, STEM \u00f6\u011fretmenleri, KidsTEC ve \u00f6\u011frencilerle oturup birlikte heyecan verici projeler tasarlamay\u0131 \u00f6neriyor. Projeler hayata ge\u00e7irilirken, \u00f6\u011fretim materyali neredeyse bir yan unsur olarak devreye giriyor.\u00a0<\/p><p>\"Matematik ve fen, onlarla isteklerinizi yerine getirebildi\u011finiz zaman kolayd\u0131r. O zaman beyninizdeki sinapslar ate\u015flenir ve rekor h\u0131zda \u00f6\u011frenirsiniz. KidsTEC'te bunu her g\u00fcn ya\u015f\u0131yoruz. En iyi fikirler \u00e7ocuklardan geliyor!\"<\/p>\t\t\t\t\t\t\t\t<\/div>\n\t\t\t\t<\/div>\n\t\t\t\t<div class=\"elementor-element elementor-element-68f51e6 elementor-widget elementor-widget-image\" data-id=\"68f51e6\" data-element_type=\"widget\" data-e-type=\"widget\" data-widget_type=\"image.default\">\n\t\t\t\t<div class=\"elementor-widget-container\">\n\t\t\t\t\t\t\t\t\t\t\t\t\t\t\t<img loading=\"lazy\" decoding=\"async\" width=\"500\" height=\"312\" src=\"https:\/\/gradido.net\/wp-content\/uploads\/2023\/09\/Junge_Labor_500.jpg\" class=\"attachment-large size-large wp-image-7744\" alt=\"\" srcset=\"https:\/\/gradido.net\/wp-content\/uploads\/2023\/09\/Junge_Labor_500.jpg 500w, https:\/\/gradido.net\/wp-content\/uploads\/2023\/09\/Junge_Labor_500-300x187.jpg 300w, https:\/\/gradido.net\/wp-content\/uploads\/2023\/09\/Junge_Labor_500-18x12.jpg 18w\" sizes=\"(max-width: 500px) 100vw, 500px\" \/>\t\t\t\t\t\t\t\t\t\t\t\t\t\t\t<\/div>\n\t\t\t\t<\/div>\n\t\t\t\t<div class=\"elementor-element elementor-element-97205b6 elementor-widget elementor-widget-text-editor\" data-id=\"97205b6\" data-element_type=\"widget\" data-e-type=\"widget\" data-widget_type=\"text-editor.default\">\n\t\t\t\t<div class=\"elementor-widget-container\">\n\t\t\t\t\t\t\t\t\t<p>\u015eimdi odaya hayat geliyor. Herkes birbiriyle konu\u015fuyor gibi g\u00f6r\u00fcn\u00fcyor ve fikirler fokurduyor...<\/p><p>\"Sevgili dostlar\u0131m,\" diye s\u00f6ze ba\u015flad\u0131 Michael, \"Bu harika - bu b\u00fcy\u00fck i\u015fbirli\u011fimizde bir ba\u015fka kilometre ta\u015f\u0131 olacak!\"\u00a0<\/p><p>D\u00fc\u015f\u00fcnmek i\u00e7in k\u0131sa bir ara verdikten sonra devam eder:\u00a0<br \/>\"Ve yine \u00e7ok say\u0131da g\u00f6n\u00fcll\u00fc \u00e7al\u0131\u015fmam\u0131z var; e\u011fitim derne\u011fi, KidsTEC ve elbette \u00e7e\u015fitli projelere katk\u0131da bulunan ve b\u00f6ylece kendileri, toplum ve b\u00fcy\u00fck resim i\u00e7in b\u00fcy\u00fck bir katma de\u011fer yaratan \u00f6\u011frenciler. Gradido modeline g\u00f6re, t\u00fcm g\u00f6n\u00fcll\u00fc \u00e7al\u0131\u015fmalar saat ba\u015f\u0131na 20 Gradido olarak \u00fccretlendiriliyor - \u015fu anda ki\u015fi ba\u015f\u0131na ayda en fazla 1000 Gradido'ya kadar \u00e7\u0131k\u0131labiliyor, ancak bu konuda da geli\u015fmeye devam ediyoruz.\"<\/p>\t\t\t\t\t\t\t\t<\/div>\n\t\t\t\t<\/div>\n\t\t\t\t<div class=\"elementor-element elementor-element-e858257 elementor-widget-divider--view-line elementor-widget elementor-widget-divider\" data-id=\"e858257\" data-element_type=\"widget\" data-e-type=\"widget\" data-widget_type=\"divider.default\">\n\t\t\t\t<div class=\"elementor-widget-container\">\n\t\t\t\t\t\t\t<div class=\"elementor-divider\">\n\t\t\t<span class=\"elementor-divider-separator\">\n\t\t\t\t\t\t<\/span>\n\t\t<\/div>\n\t\t\t\t\t\t<\/div>\n\t\t\t\t<\/div>\n\t\t\t\t<div class=\"elementor-element elementor-element-d74dfa0 elementor-widget elementor-widget-text-editor\" data-id=\"d74dfa0\" data-element_type=\"widget\" data-e-type=\"widget\" data-widget_type=\"text-editor.default\">\n\t\t\t\t<div class=\"elementor-widget-container\">\n\t\t\t\t\t\t\t\t\t<div data-pm-slice=\"1 1 []\" data-en-clipboard=\"true\"><p>Bu <strong>'B\u00fcy\u00fck i\u015fbirli\u011fi<\/strong> hayal bile edilemeyecek boyutlara ula\u015f\u0131yor. Pop\u00fcler dizinin 14. b\u00f6l\u00fcm\u00fcnde <strong>\"Favori \u015fehirde Gradido\" <\/strong>Lieblingsstadt sakinleri kelimenin tam anlam\u0131yla d\u00fcnyay\u0131 kurtar\u0131yor - ya da daha do\u011frusu, d\u00fcnyan\u0131n b\u00fcy\u00fck sorunlar\u0131n\u0131 \u00e7\u00f6zebilecek bir dahi neslinin yeti\u015fmesini sa\u011fl\u0131yorlar.<\/p><p>\u0130\u015fbirli\u011finin rekabetten \u00e7ok daha iyi oldu\u011fu kesin olarak kan\u0131tlanm\u0131\u015ft\u0131r. \u00c7\u00fcnk\u00fc en sevdi\u011fimiz \u015fehir sakinlerinin yapabildi\u011fini d\u00fcnyadaki t\u00fcm insanlar yapabilir. Ve bu iyi bir \u015fey, \u00e7\u00fcnk\u00fc insanl\u0131\u011f\u0131n sorunlar\u0131n\u0131 ancak birlikte \u00e7\u00f6zebiliriz.<\/p><p>Bu e\u011fitim projesi de b\u00fcy\u00fck \u00f6l\u00e7\u00fcde g\u00f6n\u00fcll\u00fcl\u00fck esas\u0131na g\u00f6re y\u00fcr\u00fct\u00fclmektedir. G\u00f6n\u00fcll\u00fc \u00fccretlendirme sistemi 'Gradido' yard\u0131m\u0131yla, g\u00f6n\u00fcll\u00fc \u00e7al\u0131\u015fmalar saat ba\u015f\u0131na 20 Gradido ile \u00fccretlendirilmektedir.<\/p><p>Gradidos i\u00e7in yerel i\u015fletmelerde kullan\u0131labilecek \u00e7e\u015fitli avantajlar ve indirimler bulunmaktad\u0131r. Buna ek olarak, vatanda\u015flar aras\u0131nda canl\u0131 bir de\u011fi\u015fim ya\u015fanmaktad\u0131r. Bu da herkes i\u00e7in maliyetleri azalt\u0131yor ve b\u00fcy\u00fck projeler uygulanabilir hale geliyor. Herkes i\u00e7in bir kazan-kazan-kazan durumu!<\/p><p><strong>Bu seriyi belediye meclisinize, derneklerinize ve \u015firketlerinize iletmekten \u00e7ekinmeyin!<\/strong><\/p><p>Gradido ve B\u00fcy\u00fck \u0130\u015fbirli\u011fi ile \u00fcretiyoruz <strong>Yukar\u0131 do\u011fru spiraller<\/strong> Gelece\u011fi s\u00fcrd\u00fcr\u00fclebilir bir \u015fekilde olumlu y\u00f6nde \u015fekillendirmek i\u00e7in. Birlikte \u015fehirlerimizi ve kasabalar\u0131m\u0131z\u0131 canl\u0131 ve geli\u015fen vahalara d\u00f6n\u00fc\u015ft\u00fcr\u00fcyoruz - en sevdi\u011fimiz yerlere!<\/p><p>Sayg\u0131lar\u0131mla<\/p><\/div><p>Sizin<\/p><p><img loading=\"lazy\" decoding=\"async\" class=\"alignnone wp-image-4614 size-medium\" src=\"https:\/\/gradido.net\/wp-content\/uploads\/2022\/06\/MargretBernd_2022-300x74.png\" alt=\"\" width=\"300\" height=\"74\" srcset=\"https:\/\/gradido.net\/wp-content\/uploads\/2022\/06\/MargretBernd_2022-300x74.png 300w, https:\/\/gradido.net\/wp-content\/uploads\/2022\/06\/MargretBernd_2022-18x4.png 18w, https:\/\/gradido.net\/wp-content\/uploads\/2022\/06\/MargretBernd_2022.png 431w\" sizes=\"(max-width: 300px) 100vw, 300px\" \/><\/p><p>Margret Baier ve Bernd H\u00fcckst\u00e4dt<br \/>Gradido kurucusu ve geli\u015ftiricisi<\/p>\t\t\t\t\t\t\t\t<\/div>\n\t\t\t\t<\/div>\n\t\t\t\t\t<\/div>\n\t\t<\/div>\n\t\t\t\t\t<\/div>\n\t\t<\/section>\n\t\t\t\t<section class=\"elementor-section elementor-top-section elementor-element elementor-element-bc5544d elementor-section-boxed elementor-section-height-default elementor-section-height-default\" data-id=\"bc5544d\" data-element_type=\"section\" data-e-type=\"section\">\n\t\t\t\t\t\t<div class=\"elementor-container elementor-column-gap-default\">\n\t\t\t\t\t<div class=\"elementor-column elementor-col-100 elementor-top-column elementor-element elementor-element-0c243ab\" data-id=\"0c243ab\" data-element_type=\"column\" data-e-type=\"column\">\n\t\t\t<div class=\"elementor-widget-wrap elementor-element-populated\">\n\t\t\t\t\t\t<div class=\"elementor-element elementor-element-847da1e elementor-position-inline-start white-links elementor-widget__width-initial elementor-view-default elementor-mobile-position-block-start elementor-widget elementor-widget-icon-box\" data-id=\"847da1e\" data-element_type=\"widget\" data-e-type=\"widget\" data-no-translation=\"\" data-widget_type=\"icon-box.default\">\n\t\t\t\t<div class=\"elementor-widget-container\">\n\t\t\t\t\t<style>.elementor-element-847da1e{display:none !important}<\/style>\t\t\t\t<\/div>\n\t\t\t\t<\/div>\n\t\t\t\t\t<\/div>\n\t\t<\/div>\n\t\t\t\t\t<\/div>\n\t\t<\/section>\n\t\t\t\t<section class=\"elementor-section elementor-top-section elementor-element elementor-element-14532fe elementor-section-boxed elementor-section-height-default elementor-section-height-default\" data-id=\"14532fe\" data-element_type=\"section\" data-e-type=\"section\">\n\t\t\t\t\t\t<div class=\"elementor-container elementor-column-gap-default\">\n\t\t\t\t\t<div class=\"elementor-column elementor-col-100 elementor-top-column elementor-element elementor-element-65d2298\" data-id=\"65d2298\" data-element_type=\"column\" data-e-type=\"column\">\n\t\t\t<div class=\"elementor-widget-wrap elementor-element-populated\">\n\t\t\t\t\t\t<div class=\"elementor-element elementor-element-42be1cc elementor-widget elementor-widget-global elementor-global-9341 elementor-widget-text-editor\" data-id=\"42be1cc\" data-element_type=\"widget\" data-e-type=\"widget\" data-widget_type=\"text-editor.default\">\n\t\t\t\t<div class=\"elementor-widget-container\">\n\t\t\t\t\t\t\t\t\t<p><strong>PS:\u00a0<span style=\"color: #ff6600;\"><a style=\"color: #ff6600;\" href=\"https:\/\/gradido.net\/tr\/donations\/\">Gradido'nun her ge\u00e7en g\u00fcn artan \u00f6nemi nedeniyle 26 Haziran 2026 tarihinde \u015f\u00fckran kampanyam\u0131z\u0131 tekrarl\u0131yoruz:<\/a>\u00a0<\/span><span style=\"color: #0000ff;\"><a style=\"color: #0000ff;\" href=\"https:\/\/gradido.net\/tr\/donations\/\">Sponsorluk katk\u0131n\u0131z i\u00e7in \u00e7oklu GradidoTransform'a ek olarak, 26\/06\/2016 tarihinde t\u00fcm GDT hesap bakiyelerini 26% art\u0131raca\u011f\u0131z. \u015eimdi sponsor olun ve \u00e7oklu GDT miktar\u0131n\u0131n tad\u0131n\u0131 \u00e7\u0131kar\u0131n!<\/a><\/span><\/strong><\/p>\t\t\t\t\t\t\t\t<\/div>\n\t\t\t\t<\/div>\n\t\t\t\t\t<\/div>\n\t\t<\/div>\n\t\t\t\t\t<\/div>\n\t\t<\/section>\n\t\t\t\t<\/div>","protected":false},"excerpt":{"rendered":"<p>Almanya'da \u00f6\u011fretmen a\u00e7\u0131\u011f\u0131 var. PISA ara\u015ft\u0131rmas\u0131na g\u00f6re \u00f6\u011frencilerin d\u00f6rtte biri d\u00fczg\u00fcn okuyam\u0131yor, yazam\u0131yor ve hesap yapam\u0131yor. Bu durum Lieblingsstadt'ta da g\u00f6ze \u00e7arp\u0131yor. Kasaban\u0131n kararl\u0131 belediye ba\u015fkan\u0131 Michael Miteinand i\u00e7in bu tahamm\u00fcl edilemez bir durum. Sevilen kasaba halk\u0131 \u00e7\u00f6z\u00fcm\u00fc buluyor.<\/p>","protected":false},"author":2,"featured_media":7721,"comment_status":"closed","ping_status":"closed","sticky":false,"template":"","format":"standard","meta":{"footnotes":""},"categories":[11,53],"tags":[],"class_list":["post-7720","post","type-post","status-publish","format-standard","has-post-thumbnail","hentry","category-blog","category-lieblingsstadt"],"yoast_head":"<!-- This site is optimized with the Yoast SEO plugin v27.5 - https:\/\/yoast.com\/product\/yoast-seo-wordpress\/ -->\n<title>Lieblingsstadt 14 \u2013 Trotz Lehrkr\u00e4ftemangel: Sch\u00fcler werden zu Genies - Gradido<\/title>\n<meta name=\"description\" content=\"In Deutschland herrscht Lehrkr\u00e4ftemangel. Laut PISA-Studie\u00a0 k\u00f6nnen ein Viertel der Sch\u00fcler nicht richtig lesen, schreiben und rechnen. Auch in Lieblingsstadt ist das sp\u00fcrbar. F\u00fcr Michael Miteinand, den engagierten B\u00fcrgermeister der Stadt, ein untragbarer Zustand. Die Lieblingsst\u00e4dter finden die L\u00f6sung.\" \/>\n<meta name=\"robots\" content=\"index, follow, max-snippet:-1, max-image-preview:large, max-video-preview:-1\" \/>\n<link rel=\"canonical\" href=\"https:\/\/gradido.net\/tr\/lieblingsstadt-14-trotz-lehrermangel-schueler-werden-zu-genies\/\" \/>\n<meta property=\"og:locale\" content=\"tr_TR\" \/>\n<meta property=\"og:type\" content=\"article\" \/>\n<meta property=\"og:title\" content=\"Lieblingsstadt 14 \u2013 Trotz Lehrkr\u00e4ftemangel: Sch\u00fcler werden zu Genies - Gradido\" \/>\n<meta property=\"og:description\" content=\"In Deutschland herrscht Lehrkr\u00e4ftemangel. Laut PISA-Studie\u00a0 k\u00f6nnen ein Viertel der Sch\u00fcler nicht richtig lesen, schreiben und rechnen. Auch in Lieblingsstadt ist das sp\u00fcrbar. F\u00fcr Michael Miteinand, den engagierten B\u00fcrgermeister der Stadt, ein untragbarer Zustand. Die Lieblingsst\u00e4dter finden die L\u00f6sung.\" \/>\n<meta property=\"og:url\" content=\"https:\/\/gradido.net\/tr\/lieblingsstadt-14-trotz-lehrermangel-schueler-werden-zu-genies\/\" \/>\n<meta property=\"og:site_name\" content=\"Gradido\" \/>\n<meta property=\"article:published_time\" content=\"2023-09-27T13:32:45+00:00\" \/>\n<meta property=\"article:modified_time\" content=\"2026-04-23T05:11:58+00:00\" \/>\n<meta property=\"og:image\" content=\"https:\/\/gradido.net\/wp-content\/uploads\/2023\/09\/Genie_1920.jpg\" \/>\n\t<meta property=\"og:image:width\" content=\"1920\" \/>\n\t<meta property=\"og:image:height\" content=\"1200\" \/>\n\t<meta property=\"og:image:type\" content=\"image\/jpeg\" \/>\n<meta name=\"author\" content=\"Bernd H\u00fcckst\u00e4dt\" \/>\n<meta name=\"twitter:card\" content=\"summary_large_image\" \/>\n<meta name=\"twitter:label1\" content=\"Yazan:\" \/>\n\t<meta name=\"twitter:data1\" content=\"Bernd H\u00fcckst\u00e4dt\" \/>\n\t<meta name=\"twitter:label2\" content=\"Tahmini okuma s\u00fcresi\" \/>\n\t<meta name=\"twitter:data2\" content=\"10 dakika\" \/>\n<script type=\"application\/ld+json\" class=\"yoast-schema-graph\">{\"@context\":\"https:\\\/\\\/schema.org\",\"@graph\":[{\"@type\":\"Article\",\"@id\":\"https:\\\/\\\/gradido.net\\\/lieblingsstadt-14-trotz-lehrermangel-schueler-werden-zu-genies\\\/#article\",\"isPartOf\":{\"@id\":\"https:\\\/\\\/gradido.net\\\/lieblingsstadt-14-trotz-lehrermangel-schueler-werden-zu-genies\\\/\"},\"author\":{\"name\":\"Bernd H\u00fcckst\u00e4dt\",\"@id\":\"https:\\\/\\\/gradido.net\\\/de\\\/#\\\/schema\\\/person\\\/9c503a004ad15a1ddecadce2218db5d1\"},\"headline\":\"Lieblingsstadt 14 \u2013 Trotz Lehrkr\u00e4ftemangel: Sch\u00fcler werden zu Genies\",\"datePublished\":\"2023-09-27T13:32:45+00:00\",\"dateModified\":\"2026-04-23T05:11:58+00:00\",\"mainEntityOfPage\":{\"@id\":\"https:\\\/\\\/gradido.net\\\/lieblingsstadt-14-trotz-lehrermangel-schueler-werden-zu-genies\\\/\"},\"wordCount\":1483,\"publisher\":{\"@id\":\"https:\\\/\\\/gradido.net\\\/de\\\/#organization\"},\"image\":{\"@id\":\"https:\\\/\\\/gradido.net\\\/lieblingsstadt-14-trotz-lehrermangel-schueler-werden-zu-genies\\\/#primaryimage\"},\"thumbnailUrl\":\"https:\\\/\\\/gradido.net\\\/wp-content\\\/uploads\\\/2023\\\/09\\\/Genie_1920.jpg\",\"articleSection\":[\"Blog\",\"Lieblingsstadt\"],\"inLanguage\":\"tr\"},{\"@type\":\"WebPage\",\"@id\":\"https:\\\/\\\/gradido.net\\\/lieblingsstadt-14-trotz-lehrermangel-schueler-werden-zu-genies\\\/\",\"url\":\"https:\\\/\\\/gradido.net\\\/lieblingsstadt-14-trotz-lehrermangel-schueler-werden-zu-genies\\\/\",\"name\":\"Lieblingsstadt 14 \u2013 Trotz Lehrkr\u00e4ftemangel: Sch\u00fcler werden zu Genies - Gradido\",\"isPartOf\":{\"@id\":\"https:\\\/\\\/gradido.net\\\/de\\\/#website\"},\"primaryImageOfPage\":{\"@id\":\"https:\\\/\\\/gradido.net\\\/lieblingsstadt-14-trotz-lehrermangel-schueler-werden-zu-genies\\\/#primaryimage\"},\"image\":{\"@id\":\"https:\\\/\\\/gradido.net\\\/lieblingsstadt-14-trotz-lehrermangel-schueler-werden-zu-genies\\\/#primaryimage\"},\"thumbnailUrl\":\"https:\\\/\\\/gradido.net\\\/wp-content\\\/uploads\\\/2023\\\/09\\\/Genie_1920.jpg\",\"datePublished\":\"2023-09-27T13:32:45+00:00\",\"dateModified\":\"2026-04-23T05:11:58+00:00\",\"description\":\"In Deutschland herrscht Lehrkr\u00e4ftemangel. Laut PISA-Studie\u00a0 k\u00f6nnen ein Viertel der Sch\u00fcler nicht richtig lesen, schreiben und rechnen. Auch in Lieblingsstadt ist das sp\u00fcrbar. F\u00fcr Michael Miteinand, den engagierten B\u00fcrgermeister der Stadt, ein untragbarer Zustand. Die Lieblingsst\u00e4dter finden die L\u00f6sung.\",\"breadcrumb\":{\"@id\":\"https:\\\/\\\/gradido.net\\\/lieblingsstadt-14-trotz-lehrermangel-schueler-werden-zu-genies\\\/#breadcrumb\"},\"inLanguage\":\"tr\",\"potentialAction\":[{\"@type\":\"ReadAction\",\"target\":[\"https:\\\/\\\/gradido.net\\\/lieblingsstadt-14-trotz-lehrermangel-schueler-werden-zu-genies\\\/\"]}]},{\"@type\":\"ImageObject\",\"inLanguage\":\"tr\",\"@id\":\"https:\\\/\\\/gradido.net\\\/lieblingsstadt-14-trotz-lehrermangel-schueler-werden-zu-genies\\\/#primaryimage\",\"url\":\"https:\\\/\\\/gradido.net\\\/wp-content\\\/uploads\\\/2023\\\/09\\\/Genie_1920.jpg\",\"contentUrl\":\"https:\\\/\\\/gradido.net\\\/wp-content\\\/uploads\\\/2023\\\/09\\\/Genie_1920.jpg\",\"width\":1920,\"height\":1200},{\"@type\":\"BreadcrumbList\",\"@id\":\"https:\\\/\\\/gradido.net\\\/lieblingsstadt-14-trotz-lehrermangel-schueler-werden-zu-genies\\\/#breadcrumb\",\"itemListElement\":[{\"@type\":\"ListItem\",\"position\":1,\"name\":\"Startseite\",\"item\":\"https:\\\/\\\/gradido.net\\\/\"},{\"@type\":\"ListItem\",\"position\":2,\"name\":\"Lieblingsstadt 14 \u2013 Trotz Lehrkr\u00e4ftemangel: Sch\u00fcler werden zu Genies\"}]},{\"@type\":\"WebSite\",\"@id\":\"https:\\\/\\\/gradido.net\\\/de\\\/#website\",\"url\":\"https:\\\/\\\/gradido.net\\\/de\\\/\",\"name\":\"Gradido\",\"description\":\"Die neue W\u00e4hrung hei\u00dft Dankbarkeit\",\"publisher\":{\"@id\":\"https:\\\/\\\/gradido.net\\\/de\\\/#organization\"},\"potentialAction\":[{\"@type\":\"SearchAction\",\"target\":{\"@type\":\"EntryPoint\",\"urlTemplate\":\"https:\\\/\\\/gradido.net\\\/de\\\/?s={search_term_string}\"},\"query-input\":{\"@type\":\"PropertyValueSpecification\",\"valueRequired\":true,\"valueName\":\"search_term_string\"}}],\"inLanguage\":\"tr\"},{\"@type\":\"Organization\",\"@id\":\"https:\\\/\\\/gradido.net\\\/de\\\/#organization\",\"name\":\"Gradido\",\"url\":\"https:\\\/\\\/gradido.net\\\/de\\\/\",\"logo\":{\"@type\":\"ImageObject\",\"inLanguage\":\"tr\",\"@id\":\"https:\\\/\\\/gradido.net\\\/de\\\/#\\\/schema\\\/logo\\\/image\\\/\",\"url\":\"https:\\\/\\\/gradido.net\\\/wp-content\\\/uploads\\\/2022\\\/04\\\/gradido-social.jpg\",\"contentUrl\":\"https:\\\/\\\/gradido.net\\\/wp-content\\\/uploads\\\/2022\\\/04\\\/gradido-social.jpg\",\"width\":527,\"height\":273,\"caption\":\"Gradido\"},\"image\":{\"@id\":\"https:\\\/\\\/gradido.net\\\/de\\\/#\\\/schema\\\/logo\\\/image\\\/\"}},{\"@type\":\"Person\",\"@id\":\"https:\\\/\\\/gradido.net\\\/de\\\/#\\\/schema\\\/person\\\/9c503a004ad15a1ddecadce2218db5d1\",\"name\":\"Bernd H\u00fcckst\u00e4dt\",\"sameAs\":[\"https:\\\/\\\/gradido.net\"],\"url\":\"https:\\\/\\\/gradido.net\\\/tr\\\/author\\\/bernd\\\/\"}]}<\/script>\n<!-- \/ Yoast SEO plugin. -->","yoast_head_json":{"title":"Favori \u015fehir 14 - \u00d6\u011fretmen a\u00e7\u0131\u011f\u0131na ra\u011fmen \u00f6\u011frenciler dahi oluyor - Gradido","description":"Almanya'da \u00f6\u011fretmen a\u00e7\u0131\u011f\u0131 var. PISA ara\u015ft\u0131rmas\u0131na g\u00f6re \u00f6\u011frencilerin d\u00f6rtte biri d\u00fczg\u00fcn okuyam\u0131yor, yazam\u0131yor ve hesap yapam\u0131yor. Bu durum Lieblingsstadt'ta da g\u00f6ze \u00e7arp\u0131yor. Kasaban\u0131n kararl\u0131 belediye ba\u015fkan\u0131 Michael Miteinand i\u00e7in bu tahamm\u00fcl edilemez bir durum. Sevilen kasaba halk\u0131 \u00e7\u00f6z\u00fcm\u00fc buluyor.","robots":{"index":"index","follow":"follow","max-snippet":"max-snippet:-1","max-image-preview":"max-image-preview:large","max-video-preview":"max-video-preview:-1"},"canonical":"https:\/\/gradido.net\/tr\/lieblingsstadt-14-trotz-lehrermangel-schueler-werden-zu-genies\/","og_locale":"tr_TR","og_type":"article","og_title":"Lieblingsstadt 14 \u2013 Trotz Lehrkr\u00e4ftemangel: Sch\u00fcler werden zu Genies - Gradido","og_description":"In Deutschland herrscht Lehrkr\u00e4ftemangel. Laut PISA-Studie\u00a0 k\u00f6nnen ein Viertel der Sch\u00fcler nicht richtig lesen, schreiben und rechnen. Auch in Lieblingsstadt ist das sp\u00fcrbar. F\u00fcr Michael Miteinand, den engagierten B\u00fcrgermeister der Stadt, ein untragbarer Zustand. Die Lieblingsst\u00e4dter finden die L\u00f6sung.","og_url":"https:\/\/gradido.net\/tr\/lieblingsstadt-14-trotz-lehrermangel-schueler-werden-zu-genies\/","og_site_name":"Gradido","article_published_time":"2023-09-27T13:32:45+00:00","article_modified_time":"2026-04-23T05:11:58+00:00","og_image":[{"width":1920,"height":1200,"url":"https:\/\/gradido.net\/wp-content\/uploads\/2023\/09\/Genie_1920.jpg","type":"image\/jpeg"}],"author":"Bernd H\u00fcckst\u00e4dt","twitter_card":"summary_large_image","twitter_misc":{"Yazan:":"Bernd H\u00fcckst\u00e4dt","Tahmini okuma s\u00fcresi":"10 dakika"},"schema":{"@context":"https:\/\/schema.org","@graph":[{"@type":"Article","@id":"https:\/\/gradido.net\/lieblingsstadt-14-trotz-lehrermangel-schueler-werden-zu-genies\/#article","isPartOf":{"@id":"https:\/\/gradido.net\/lieblingsstadt-14-trotz-lehrermangel-schueler-werden-zu-genies\/"},"author":{"name":"Bernd H\u00fcckst\u00e4dt","@id":"https:\/\/gradido.net\/de\/#\/schema\/person\/9c503a004ad15a1ddecadce2218db5d1"},"headline":"Lieblingsstadt 14 \u2013 Trotz Lehrkr\u00e4ftemangel: Sch\u00fcler werden zu Genies","datePublished":"2023-09-27T13:32:45+00:00","dateModified":"2026-04-23T05:11:58+00:00","mainEntityOfPage":{"@id":"https:\/\/gradido.net\/lieblingsstadt-14-trotz-lehrermangel-schueler-werden-zu-genies\/"},"wordCount":1483,"publisher":{"@id":"https:\/\/gradido.net\/de\/#organization"},"image":{"@id":"https:\/\/gradido.net\/lieblingsstadt-14-trotz-lehrermangel-schueler-werden-zu-genies\/#primaryimage"},"thumbnailUrl":"https:\/\/gradido.net\/wp-content\/uploads\/2023\/09\/Genie_1920.jpg","articleSection":["Blog","Lieblingsstadt"],"inLanguage":"tr"},{"@type":"WebPage","@id":"https:\/\/gradido.net\/lieblingsstadt-14-trotz-lehrermangel-schueler-werden-zu-genies\/","url":"https:\/\/gradido.net\/lieblingsstadt-14-trotz-lehrermangel-schueler-werden-zu-genies\/","name":"Favori \u015fehir 14 - \u00d6\u011fretmen a\u00e7\u0131\u011f\u0131na ra\u011fmen \u00f6\u011frenciler dahi oluyor - Gradido","isPartOf":{"@id":"https:\/\/gradido.net\/de\/#website"},"primaryImageOfPage":{"@id":"https:\/\/gradido.net\/lieblingsstadt-14-trotz-lehrermangel-schueler-werden-zu-genies\/#primaryimage"},"image":{"@id":"https:\/\/gradido.net\/lieblingsstadt-14-trotz-lehrermangel-schueler-werden-zu-genies\/#primaryimage"},"thumbnailUrl":"https:\/\/gradido.net\/wp-content\/uploads\/2023\/09\/Genie_1920.jpg","datePublished":"2023-09-27T13:32:45+00:00","dateModified":"2026-04-23T05:11:58+00:00","description":"Almanya'da \u00f6\u011fretmen a\u00e7\u0131\u011f\u0131 var. PISA ara\u015ft\u0131rmas\u0131na g\u00f6re \u00f6\u011frencilerin d\u00f6rtte biri d\u00fczg\u00fcn okuyam\u0131yor, yazam\u0131yor ve hesap yapam\u0131yor. Bu durum Lieblingsstadt'ta da g\u00f6ze \u00e7arp\u0131yor. Kasaban\u0131n kararl\u0131 belediye ba\u015fkan\u0131 Michael Miteinand i\u00e7in bu tahamm\u00fcl edilemez bir durum. Sevilen kasaba halk\u0131 \u00e7\u00f6z\u00fcm\u00fc buluyor.","breadcrumb":{"@id":"https:\/\/gradido.net\/lieblingsstadt-14-trotz-lehrermangel-schueler-werden-zu-genies\/#breadcrumb"},"inLanguage":"tr","potentialAction":[{"@type":"ReadAction","target":["https:\/\/gradido.net\/lieblingsstadt-14-trotz-lehrermangel-schueler-werden-zu-genies\/"]}]},{"@type":"ImageObject","inLanguage":"tr","@id":"https:\/\/gradido.net\/lieblingsstadt-14-trotz-lehrermangel-schueler-werden-zu-genies\/#primaryimage","url":"https:\/\/gradido.net\/wp-content\/uploads\/2023\/09\/Genie_1920.jpg","contentUrl":"https:\/\/gradido.net\/wp-content\/uploads\/2023\/09\/Genie_1920.jpg","width":1920,"height":1200},{"@type":"BreadcrumbList","@id":"https:\/\/gradido.net\/lieblingsstadt-14-trotz-lehrermangel-schueler-werden-zu-genies\/#breadcrumb","itemListElement":[{"@type":"ListItem","position":1,"name":"Startseite","item":"https:\/\/gradido.net\/"},{"@type":"ListItem","position":2,"name":"Lieblingsstadt 14 \u2013 Trotz Lehrkr\u00e4ftemangel: Sch\u00fcler werden zu Genies"}]},{"@type":"WebSite","@id":"https:\/\/gradido.net\/de\/#website","url":"https:\/\/gradido.net\/de\/","name":"Gradido","description":"Yeni para birimi minnettarl\u0131k","publisher":{"@id":"https:\/\/gradido.net\/de\/#organization"},"potentialAction":[{"@type":"SearchAction","target":{"@type":"EntryPoint","urlTemplate":"https:\/\/gradido.net\/de\/?s={search_term_string}"},"query-input":{"@type":"PropertyValueSpecification","valueRequired":true,"valueName":"search_term_string"}}],"inLanguage":"tr"},{"@type":"Organization","@id":"https:\/\/gradido.net\/de\/#organization","name":"Gradido","url":"https:\/\/gradido.net\/de\/","logo":{"@type":"ImageObject","inLanguage":"tr","@id":"https:\/\/gradido.net\/de\/#\/schema\/logo\/image\/","url":"https:\/\/gradido.net\/wp-content\/uploads\/2022\/04\/gradido-social.jpg","contentUrl":"https:\/\/gradido.net\/wp-content\/uploads\/2022\/04\/gradido-social.jpg","width":527,"height":273,"caption":"Gradido"},"image":{"@id":"https:\/\/gradido.net\/de\/#\/schema\/logo\/image\/"}},{"@type":"Person","@id":"https:\/\/gradido.net\/de\/#\/schema\/person\/9c503a004ad15a1ddecadce2218db5d1","name":"Bernd H\u00fcckst\u00e4dt","sameAs":["https:\/\/gradido.net"],"url":"https:\/\/gradido.net\/tr\/author\/bernd\/"}]}},"_links":{"self":[{"href":"https:\/\/gradido.net\/tr\/wp-json\/wp\/v2\/posts\/7720","targetHints":{"allow":["GET"]}}],"collection":[{"href":"https:\/\/gradido.net\/tr\/wp-json\/wp\/v2\/posts"}],"about":[{"href":"https:\/\/gradido.net\/tr\/wp-json\/wp\/v2\/types\/post"}],"author":[{"embeddable":true,"href":"https:\/\/gradido.net\/tr\/wp-json\/wp\/v2\/users\/2"}],"replies":[{"embeddable":true,"href":"https:\/\/gradido.net\/tr\/wp-json\/wp\/v2\/comments?post=7720"}],"version-history":[{"count":70,"href":"https:\/\/gradido.net\/tr\/wp-json\/wp\/v2\/posts\/7720\/revisions"}],"predecessor-version":[{"id":13536,"href":"https:\/\/gradido.net\/tr\/wp-json\/wp\/v2\/posts\/7720\/revisions\/13536"}],"wp:featuredmedia":[{"embeddable":true,"href":"https:\/\/gradido.net\/tr\/wp-json\/wp\/v2\/media\/7721"}],"wp:attachment":[{"href":"https:\/\/gradido.net\/tr\/wp-json\/wp\/v2\/media?parent=7720"}],"wp:term":[{"taxonomy":"category","embeddable":true,"href":"https:\/\/gradido.net\/tr\/wp-json\/wp\/v2\/categories?post=7720"},{"taxonomy":"post_tag","embeddable":true,"href":"https:\/\/gradido.net\/tr\/wp-json\/wp\/v2\/tags?post=7720"}],"curies":[{"name":"wp","href":"https:\/\/api.w.org\/{rel}","templated":true}]}}