{"id":8648,"date":"2024-02-17T10:26:06","date_gmt":"2024-02-17T09:26:06","guid":{"rendered":"https:\/\/gradido.net\/?p=8648"},"modified":"2024-02-17T15:25:30","modified_gmt":"2024-02-17T14:25:30","slug":"episode-48","status":"publish","type":"post","link":"https:\/\/gradido.net\/tr\/episode-48\/","title":{"rendered":"Do\u011fa ekonomik sistemimizde nas\u0131l devrim yarat\u0131yor?"},"content":{"rendered":"<div data-elementor-type=\"wp-post\" data-elementor-id=\"8648\" class=\"elementor elementor-8648\" data-elementor-post-type=\"post\">\n\t\t\t\t\t\t<section class=\"elementor-section elementor-top-section elementor-element elementor-element-496e1d53 elementor-section-boxed elementor-section-height-default elementor-section-height-default\" data-id=\"496e1d53\" data-element_type=\"section\" data-e-type=\"section\">\n\t\t\t\t\t\t<div class=\"elementor-container elementor-column-gap-default\">\n\t\t\t\t\t<div class=\"elementor-column elementor-col-100 elementor-top-column elementor-element elementor-element-461d7be0\" data-id=\"461d7be0\" data-element_type=\"column\" data-e-type=\"column\">\n\t\t\t<div class=\"elementor-widget-wrap elementor-element-populated\">\n\t\t\t\t\t\t<div class=\"elementor-element elementor-element-cd9ebe2 elementor-widget elementor-widget-text-editor\" data-id=\"cd9ebe2\" data-element_type=\"widget\" data-e-type=\"widget\" data-widget_type=\"text-editor.default\">\n\t\t\t\t<div class=\"elementor-widget-container\">\n\t\t\t\t\t\t\t\t\t<h2>Simon Rilling'in konu\u011fu olarak Bernd von Gradido\u00a0<\/h2>\t\t\t\t\t\t\t\t<\/div>\n\t\t\t\t<\/div>\n\t\t\t\t\t<\/div>\n\t\t<\/div>\n\t\t\t\t\t<\/div>\n\t\t<\/section>\n\t\t\t\t<section class=\"elementor-section elementor-top-section elementor-element elementor-element-2f93e3c3 elementor-section-boxed elementor-section-height-default elementor-section-height-default\" data-id=\"2f93e3c3\" data-element_type=\"section\" data-e-type=\"section\">\n\t\t\t\t\t\t<div class=\"elementor-container elementor-column-gap-default\">\n\t\t\t\t\t<div class=\"elementor-column elementor-col-100 elementor-top-column elementor-element elementor-element-5a9dfd19\" data-id=\"5a9dfd19\" data-element_type=\"column\" data-e-type=\"column\">\n\t\t\t<div class=\"elementor-widget-wrap elementor-element-populated\">\n\t\t\t\t\t\t<div class=\"elementor-element elementor-element-9cdb6b8 elementor-widget elementor-widget-html\" data-id=\"9cdb6b8\" data-element_type=\"widget\" data-e-type=\"widget\" data-widget_type=\"html.default\">\n\t\t\t\t<div class=\"elementor-widget-container\">\n\t\t\t\t\t<<script class=\"podigee-podcast-player\" src=\"https:\/\/player.podigee-cdn.net\/podcast-player\/javascripts\/podigee-podcast-player.js\" data-configuration=\"https:\/\/gradido.podigee.io\/48-wie-die-natur-unser-wirtschaftssystem-revolutioniert\/embed?context=external\"><\/script>\t\t\t\t<\/div>\n\t\t\t\t<\/div>\n\t\t\t\t<div class=\"elementor-element elementor-element-bbbc0ec elementor-widget elementor-widget-video\" data-id=\"bbbc0ec\" data-element_type=\"widget\" data-e-type=\"widget\" data-settings=\"{&quot;youtube_url&quot;:&quot;https:\\\/\\\/youtu.be\\\/7pVLDGC2A5c&quot;,&quot;video_type&quot;:&quot;youtube&quot;,&quot;controls&quot;:&quot;yes&quot;}\" data-widget_type=\"video.default\">\n\t\t\t\t<div class=\"elementor-widget-container\">\n\t\t\t\t\t\t\t<div class=\"elementor-wrapper elementor-open-inline\">\n\t\t\t<div class=\"elementor-video\"><\/div>\t\t<\/div>\n\t\t\t\t\t\t<\/div>\n\t\t\t\t<\/div>\n\t\t\t\t<div class=\"elementor-element elementor-element-c1ed903 elementor-widget elementor-widget-text-editor\" data-id=\"c1ed903\" data-element_type=\"widget\" data-e-type=\"widget\" data-widget_type=\"text-editor.default\">\n\t\t\t\t<div class=\"elementor-widget-container\">\n\t\t\t\t\t\t\t\t\t<p>Simon Rilling ba\u015far\u0131l\u0131 bir podcaster ve ko\u00e7tur. 'Yaratma Sanat\u0131' adl\u0131 at\u00f6lye \u00e7al\u0131\u015fmas\u0131 size yarat\u0131c\u0131l\u0131\u011f\u0131n, sezginin ve ger\u00e7ekli\u011fi \u015fekillendirmenin temel ilkelerini \u00f6\u011fretiyor. Yarat\u0131c\u0131 potansiyelinizle ba\u011flant\u0131 kurmak ve hayat\u0131n\u0131zda kalbinize yak\u0131n olan\u0131 serbest b\u0131rakman\u0131z i\u00e7in sizi g\u00fc\u00e7lendirmek i\u00e7in - \u015fimdi kat\u0131l\u0131n: https:\/\/simonrilling.com\/events\/kunst...<\/p><p>Gradido'nun kurucusu Bernd H\u00fcckst\u00e4dt, e\u011fitimli bir ses m\u00fchendisi, ileti\u015fim m\u00fchendisi ve matematik\u00e7idir. Gen\u00e7li\u011finden beri zengin ve fakir aras\u0131ndaki a\u015f\u0131r\u0131 farkl\u0131l\u0131klarla ilgilenmektedir. Bu ilgi, onu ve orta\u011f\u0131n\u0131, insanlar ve do\u011fa i\u00e7in yeni bir \u00fccretlendirme sistemi olan Gradido'yu d\u00fcnyaya tan\u0131tmak amac\u0131yla ekonomik biyonik i\u00e7in \u00fccretsiz bir ara\u015ft\u0131rma enstit\u00fcs\u00fc olarak Gradido Akademisi'ni kurmaya y\u00f6neltmi\u015ftir.<\/p><p>Heyecan verici sohbet \u015fu konuda:<\/p><p>\ud83d\udca1 Mevcut finansal sistemde yoksullu\u011fa, sava\u015flara ve \u00e7evresel y\u0131k\u0131ma neden olacak 3 \u00f6l\u00fcmc\u00fcl kusur.<\/p><p>\ud83d\udca1 Ekonominin g\u00f6z ard\u0131 etti\u011fi ve bu nedenle tekrar tekrar \u00e7\u00f6k\u00fc\u015flere (\u00f6rne\u011fin sava\u015flara) neden olan 3 \u00f6nemli do\u011fa yasas\u0131.<\/p><p>\ud83d\udca1 Do\u011fayla uyum i\u00e7inde k\u00fcresel refah ve bar\u0131\u015f i\u00e7in mant\u0131ksal olarak bundan \u00e7\u0131kan \u00e7\u00f6z\u00fcm<\/p><p>- KONULAR -<\/p><ol><li>\"Ses m\u00fchendisli\u011finden vizyonerli\u011fe: Bernd'in ba\u015flang\u0131c\u0131\"<\/li><li>\"Gradido - Yeni bir ekonomik model ortaya \u00e7\u0131k\u0131yor\"<\/li><li>\"S\u00fcrd\u00fcr\u00fclebilir bir ekonomi i\u00e7in model olarak do\u011fa\" \"Ya\u015fam paras\u0131: Para yaratma devrimi\"<\/li><li>\"Finansal sistemde b\u00fcy\u00fcme ve \u00e7\u00fcr\u00fcme d\u00f6ng\u00fcs\u00fc\"<\/li><li>\"Para sisteminde ge\u00e7icilik: gerekli bir reform\"<\/li><li>\"Gradido toplulu\u011fu: birlikte g\u00fc\u00e7l\u00fc\"<\/li><li>\"Gradido'da Sosyokrasinin Rol\u00fc\"<\/li><li>\"Gradido'nun ger\u00e7ek ekonomik uygulamalar\u0131\"<\/li><li>\"Gelecek vizyonu: Gradido'lu bir d\u00fcnya\"<\/li><\/ol><p>\u2014\u2014\u2014\u2014\u2014\u2014\u2014\u2014\u2014\u2014\u2014\u2014\u2014\u2014\u2014\u2014\u2014\u2014\u2014\u2014\u2014\u2014\u2014\u2014\u2014\u2013<\/p><h3>Simon Rilling'den seminerler ve at\u00f6lye \u00e7al\u0131\u015fmalar\u0131:<\/h3><p>Kendinizi tan\u0131y\u0131n, \u00e7\u00fcnk\u00fc ger\u00e7ek sizi \u00f6zg\u00fcr k\u0131lar. Bu g\u00f6z a\u00e7\u0131c\u0131 sezgisel yans\u0131ma (bireysel seans) tamamen bununla ilgilidir: https:\/\/simonrilling.com\/angebot\/intu...<\/p><p>Hayat\u0131n\u0131zdaki en \u00f6nemli yarat\u0131c\u0131 g\u00fc\u00e7 haline gelin - \u00f6zg\u00fcr, ilham dolu, ne\u015feli ve g\u00fc\u00e7l\u00fc!<\/p><p>D\u00f6n\u00fc\u015f\u00fcmsel Ko\u00e7luk Program\u0131na \u015fimdi kat\u0131l\u0131n: https:\/\/simonrilling.com\/coaching 'Yaratma Sanat\u0131' at\u00f6lyesi size yarat\u0131c\u0131l\u0131\u011f\u0131n, sezginin ve ger\u00e7eklik tasar\u0131m\u0131n\u0131n temel ilkelerini \u00f6\u011fretir.<\/p><p>Yarat\u0131c\u0131 potansiyelinizle ba\u011flant\u0131 kurmak ve hayat\u0131n\u0131zda kalbinize yak\u0131n olan \u015feyleri serbest b\u0131rakman\u0131z i\u00e7in sizi g\u00fc\u00e7lendirmek i\u00e7in - \u015fimdi kat\u0131l\u0131n: https:\/\/simonrilling.com\/events\/kunst...<\/p><p>\ud83c\udf81 Sana hediyem \ud83c\udf81<\/p><p>Sezgisel konu\u015fma yoluyla konu\u015fma ak\u0131\u015f\u0131n\u0131z\u0131 tetikleyin ve ayn\u0131 zamanda empati ve zihinsel esneklik geli\u015ftirin - \u015fimdi \u00fccretsiz olarak kat\u0131l\u0131n: https:\/\/simonrilling.com\/events\/kreat...<\/p><p>\u00d6zg\u00fcr ve ilham dolu bir ya\u015fam s\u00fcrmenize yard\u0131mc\u0131 olacak d\u00fczenli, ufuk a\u00e7\u0131c\u0131 d\u00fcrt\u00fcler i\u00e7in haber b\u00fcltenime abone olun: https:\/\/simonrilling.com\/newsletter<\/p>\t\t\t\t\t\t\t\t<\/div>\n\t\t\t\t<\/div>\n\t\t\t\t\t<\/div>\n\t\t<\/div>\n\t\t\t\t\t<\/div>\n\t\t<\/section>\n\t\t\t\t<section class=\"elementor-section elementor-top-section elementor-element elementor-element-d051609 elementor-section-boxed elementor-section-height-default elementor-section-height-default\" data-id=\"d051609\" data-element_type=\"section\" data-e-type=\"section\">\n\t\t\t\t\t\t<div class=\"elementor-container elementor-column-gap-default\">\n\t\t\t\t\t<div class=\"elementor-column elementor-col-100 elementor-top-column elementor-element elementor-element-13cc168\" data-id=\"13cc168\" data-element_type=\"column\" data-e-type=\"column\">\n\t\t\t<div class=\"elementor-widget-wrap elementor-element-populated\">\n\t\t\t\t\t\t<div class=\"elementor-element elementor-element-b43b3ee elementor-widget elementor-widget-heading\" data-id=\"b43b3ee\" data-element_type=\"widget\" data-e-type=\"widget\" data-widget_type=\"heading.default\">\n\t\t\t\t<div class=\"elementor-widget-container\">\n\t\t\t\t\t<h2 class=\"elementor-heading-title elementor-size-default\">Transkript (otomatik olarak \u00e7evrilmi\u015ftir)<\/h2>\t\t\t\t<\/div>\n\t\t\t\t<\/div>\n\t\t\t\t\t<\/div>\n\t\t<\/div>\n\t\t\t\t\t<\/div>\n\t\t<\/section>\n\t\t\t\t<section class=\"elementor-section elementor-top-section elementor-element elementor-element-474427c elementor-section-boxed elementor-section-height-default elementor-section-height-default\" data-id=\"474427c\" data-element_type=\"section\" data-e-type=\"section\">\n\t\t\t\t\t\t<div class=\"elementor-container elementor-column-gap-default\">\n\t\t\t\t\t<div class=\"elementor-column elementor-col-100 elementor-top-column elementor-element elementor-element-6041f12\" data-id=\"6041f12\" data-element_type=\"column\" data-e-type=\"column\">\n\t\t\t<div class=\"elementor-widget-wrap elementor-element-populated\">\n\t\t\t\t\t\t\t<\/div>\n\t\t<\/div>\n\t\t\t\t\t<\/div>\n\t\t<\/section>\n\t\t\t\t<\/div>","protected":false},"excerpt":{"rendered":"<p>Bernd von Gradido Simon Rilling'in konu\u011fu oluyor. Heyecan verici sohbetin konusu: \ud83d\udca1 Mevcut finansal sistemde yoksullu\u011fa, sava\u015flara ve \u00e7evresel y\u0131k\u0131ma neden olan 3 \u00f6l\u00fcmc\u00fcl kusur.\ud83d\udca1 Ekonominin g\u00f6rmezden geldi\u011fi ve bu nedenle tekrar tekrar \u00e7\u00f6k\u00fc\u015flere (\u00f6rne\u011fin sava\u015flara) neden olan 3 \u00f6nemli do\u011fa yasas\u0131.\ud83d\udca1 Do\u011fayla uyum i\u00e7inde k\u00fcresel refah ve bar\u0131\u015f i\u00e7in mant\u0131ksal olarak bundan \u00e7\u0131kan \u00e7\u00f6z\u00fcm.<\/p>","protected":false},"author":2,"featured_media":8652,"comment_status":"closed","ping_status":"closed","sticky":false,"template":"","format":"standard","meta":{"footnotes":""},"categories":[19],"tags":[40,37,41,43,32,38,35,39,42,36],"class_list":["post-8648","post","type-post","status-publish","format-standard","has-post-thumbnail","hentry","category-podcast","tag-alternative-waehrung","tag-bewusstes-geld","tag-echtzeit-oekonomie","tag-event-management","tag-geldsystem","tag-gesunde-welt","tag-gradido","tag-nachhaltige-zukunft","tag-veranstaltungsplanung","tag-zukunft-jetzt-camp-3"],"yoast_head":"<!-- This site is optimized with the Yoast SEO plugin v27.4 - https:\/\/yoast.com\/product\/yoast-seo-wordpress\/ -->\n<title>Wie die Natur unser Wirtschaftssystem revolutioniert - Gradido<\/title>\n<meta name=\"description\" content=\"Bernd von Gradido zu Gast bei Simon Rilling. Im spannenden Gespr\u00e4ch geht\u2019s um:\ud83d\udca1 Die 3 fatalen Fehler im derzeitigen Finanzsystem, die zwingend Armut, Kriege und Umweltzerst\u00f6rung hervorbringen m\u00fcssen.\ud83d\udca1 Die 3 wichtigen Naturgesetze, die die Wirtschaftswissenschaft ignoriert und deshalb immer wieder Zusammenbr\u00fcche (z.B. Kriege) verursacht.\ud83d\udca1 Die L\u00f6sung, die sich daraus logisch ergibt, f\u00fcr weltweiten Wohlstand und Frieden in Harmonie mit der Natur.\" \/>\n<meta name=\"robots\" content=\"index, follow, max-snippet:-1, max-image-preview:large, max-video-preview:-1\" \/>\n<link rel=\"canonical\" href=\"https:\/\/gradido.net\/tr\/episode-48\/\" \/>\n<meta property=\"og:locale\" content=\"tr_TR\" \/>\n<meta property=\"og:type\" content=\"article\" \/>\n<meta property=\"og:title\" content=\"Wie die Natur unser Wirtschaftssystem revolutioniert - Gradido\" \/>\n<meta property=\"og:description\" content=\"Bernd von Gradido zu Gast bei Simon Rilling. Im spannenden Gespr\u00e4ch geht\u2019s um:\ud83d\udca1 Die 3 fatalen Fehler im derzeitigen Finanzsystem, die zwingend Armut, Kriege und Umweltzerst\u00f6rung hervorbringen m\u00fcssen.\ud83d\udca1 Die 3 wichtigen Naturgesetze, die die Wirtschaftswissenschaft ignoriert und deshalb immer wieder Zusammenbr\u00fcche (z.B. Kriege) verursacht.\ud83d\udca1 Die L\u00f6sung, die sich daraus logisch ergibt, f\u00fcr weltweiten Wohlstand und Frieden in Harmonie mit der Natur.\" \/>\n<meta property=\"og:url\" content=\"https:\/\/gradido.net\/tr\/episode-48\/\" \/>\n<meta property=\"og:site_name\" content=\"Gradido\" \/>\n<meta property=\"article:published_time\" content=\"2024-02-17T09:26:06+00:00\" \/>\n<meta property=\"article:modified_time\" content=\"2024-02-17T14:25:30+00:00\" \/>\n<meta property=\"og:image\" content=\"https:\/\/gradido.net\/wp-content\/uploads\/2024\/02\/Simon-Rilling_800_3.jpg\" \/>\n\t<meta property=\"og:image:width\" content=\"800\" \/>\n\t<meta property=\"og:image:height\" content=\"450\" \/>\n\t<meta property=\"og:image:type\" content=\"image\/jpeg\" \/>\n<meta name=\"author\" content=\"Bernd H\u00fcckst\u00e4dt\" \/>\n<meta name=\"twitter:card\" content=\"summary_large_image\" \/>\n<meta name=\"twitter:label1\" content=\"Yazan:\" \/>\n\t<meta name=\"twitter:data1\" content=\"Bernd H\u00fcckst\u00e4dt\" \/>\n\t<meta name=\"twitter:label2\" content=\"Tahmini okuma s\u00fcresi\" \/>\n\t<meta name=\"twitter:data2\" content=\"2 dakika\" \/>\n<script type=\"application\/ld+json\" class=\"yoast-schema-graph\">{\"@context\":\"https:\\\/\\\/schema.org\",\"@graph\":[{\"@type\":\"Article\",\"@id\":\"https:\\\/\\\/gradido.net\\\/sk\\\/episode-48\\\/#article\",\"isPartOf\":{\"@id\":\"https:\\\/\\\/gradido.net\\\/sk\\\/episode-48\\\/\"},\"author\":{\"name\":\"Bernd H\u00fcckst\u00e4dt\",\"@id\":\"https:\\\/\\\/gradido.net\\\/de\\\/#\\\/schema\\\/person\\\/9c503a004ad15a1ddecadce2218db5d1\"},\"headline\":\"Wie die Natur unser Wirtschaftssystem revolutioniert\",\"datePublished\":\"2024-02-17T09:26:06+00:00\",\"dateModified\":\"2024-02-17T14:25:30+00:00\",\"mainEntityOfPage\":{\"@id\":\"https:\\\/\\\/gradido.net\\\/sk\\\/episode-48\\\/\"},\"wordCount\":422,\"publisher\":{\"@id\":\"https:\\\/\\\/gradido.net\\\/de\\\/#organization\"},\"image\":{\"@id\":\"https:\\\/\\\/gradido.net\\\/sk\\\/episode-48\\\/#primaryimage\"},\"thumbnailUrl\":\"https:\\\/\\\/gradido.net\\\/wp-content\\\/uploads\\\/2024\\\/02\\\/Simon-Rilling_800_3.jpg\",\"keywords\":[\"alternative W\u00e4hrung\",\"Bewusstes Geld\",\"Echtzeit-\u00d6konomie\",\"Event-Management\",\"Geldsystem\",\"Gesunde Welt\",\"Gradido\",\"nachhaltige Zukunft\",\"Veranstaltungsplanung\",\"Zukunft Jetzt Camp 3\"],\"articleSection\":[\"Podcast\"],\"inLanguage\":\"tr\"},{\"@type\":\"WebPage\",\"@id\":\"https:\\\/\\\/gradido.net\\\/sk\\\/episode-48\\\/\",\"url\":\"https:\\\/\\\/gradido.net\\\/sk\\\/episode-48\\\/\",\"name\":\"Wie die Natur unser Wirtschaftssystem revolutioniert - Gradido\",\"isPartOf\":{\"@id\":\"https:\\\/\\\/gradido.net\\\/de\\\/#website\"},\"primaryImageOfPage\":{\"@id\":\"https:\\\/\\\/gradido.net\\\/sk\\\/episode-48\\\/#primaryimage\"},\"image\":{\"@id\":\"https:\\\/\\\/gradido.net\\\/sk\\\/episode-48\\\/#primaryimage\"},\"thumbnailUrl\":\"https:\\\/\\\/gradido.net\\\/wp-content\\\/uploads\\\/2024\\\/02\\\/Simon-Rilling_800_3.jpg\",\"datePublished\":\"2024-02-17T09:26:06+00:00\",\"dateModified\":\"2024-02-17T14:25:30+00:00\",\"description\":\"Bernd von Gradido zu Gast bei Simon Rilling. Im spannenden Gespr\u00e4ch geht\u2019s um:\ud83d\udca1 Die 3 fatalen Fehler im derzeitigen Finanzsystem, die zwingend Armut, Kriege und Umweltzerst\u00f6rung hervorbringen m\u00fcssen.\ud83d\udca1 Die 3 wichtigen Naturgesetze, die die Wirtschaftswissenschaft ignoriert und deshalb immer wieder Zusammenbr\u00fcche (z.B. Kriege) verursacht.\ud83d\udca1 Die L\u00f6sung, die sich daraus logisch ergibt, f\u00fcr weltweiten Wohlstand und Frieden in Harmonie mit der Natur.\",\"breadcrumb\":{\"@id\":\"https:\\\/\\\/gradido.net\\\/sk\\\/episode-48\\\/#breadcrumb\"},\"inLanguage\":\"tr\",\"potentialAction\":[{\"@type\":\"ReadAction\",\"target\":[\"https:\\\/\\\/gradido.net\\\/sk\\\/episode-48\\\/\"]}]},{\"@type\":\"ImageObject\",\"inLanguage\":\"tr\",\"@id\":\"https:\\\/\\\/gradido.net\\\/sk\\\/episode-48\\\/#primaryimage\",\"url\":\"https:\\\/\\\/gradido.net\\\/wp-content\\\/uploads\\\/2024\\\/02\\\/Simon-Rilling_800_3.jpg\",\"contentUrl\":\"https:\\\/\\\/gradido.net\\\/wp-content\\\/uploads\\\/2024\\\/02\\\/Simon-Rilling_800_3.jpg\",\"width\":800,\"height\":450},{\"@type\":\"BreadcrumbList\",\"@id\":\"https:\\\/\\\/gradido.net\\\/sk\\\/episode-48\\\/#breadcrumb\",\"itemListElement\":[{\"@type\":\"ListItem\",\"position\":1,\"name\":\"Startseite\",\"item\":\"https:\\\/\\\/gradido.net\\\/\"},{\"@type\":\"ListItem\",\"position\":2,\"name\":\"Wie die Natur unser Wirtschaftssystem revolutioniert\"}]},{\"@type\":\"WebSite\",\"@id\":\"https:\\\/\\\/gradido.net\\\/de\\\/#website\",\"url\":\"https:\\\/\\\/gradido.net\\\/de\\\/\",\"name\":\"Gradido\",\"description\":\"Die neue W\u00e4hrung hei\u00dft Dankbarkeit\",\"publisher\":{\"@id\":\"https:\\\/\\\/gradido.net\\\/de\\\/#organization\"},\"potentialAction\":[{\"@type\":\"SearchAction\",\"target\":{\"@type\":\"EntryPoint\",\"urlTemplate\":\"https:\\\/\\\/gradido.net\\\/de\\\/?s={search_term_string}\"},\"query-input\":{\"@type\":\"PropertyValueSpecification\",\"valueRequired\":true,\"valueName\":\"search_term_string\"}}],\"inLanguage\":\"tr\"},{\"@type\":\"Organization\",\"@id\":\"https:\\\/\\\/gradido.net\\\/de\\\/#organization\",\"name\":\"Gradido\",\"url\":\"https:\\\/\\\/gradido.net\\\/de\\\/\",\"logo\":{\"@type\":\"ImageObject\",\"inLanguage\":\"tr\",\"@id\":\"https:\\\/\\\/gradido.net\\\/de\\\/#\\\/schema\\\/logo\\\/image\\\/\",\"url\":\"https:\\\/\\\/gradido.net\\\/wp-content\\\/uploads\\\/2022\\\/04\\\/gradido-social.jpg\",\"contentUrl\":\"https:\\\/\\\/gradido.net\\\/wp-content\\\/uploads\\\/2022\\\/04\\\/gradido-social.jpg\",\"width\":527,\"height\":273,\"caption\":\"Gradido\"},\"image\":{\"@id\":\"https:\\\/\\\/gradido.net\\\/de\\\/#\\\/schema\\\/logo\\\/image\\\/\"}},{\"@type\":\"Person\",\"@id\":\"https:\\\/\\\/gradido.net\\\/de\\\/#\\\/schema\\\/person\\\/9c503a004ad15a1ddecadce2218db5d1\",\"name\":\"Bernd H\u00fcckst\u00e4dt\",\"sameAs\":[\"https:\\\/\\\/gradido.net\"],\"url\":\"https:\\\/\\\/gradido.net\\\/tr\\\/author\\\/bernd\\\/\"}]}<\/script>\n<!-- \/ Yoast SEO plugin. -->","yoast_head_json":{"title":"Do\u011fa ekonomik sistemimizde nas\u0131l devrim yarat\u0131yor - Gradido","description":"Bernd von Gradido Simon Rilling'in konu\u011fu oluyor. Heyecan verici sohbetin konusu: \ud83d\udca1 Mevcut finansal sistemde yoksullu\u011fa, sava\u015flara ve \u00e7evresel y\u0131k\u0131ma neden olan 3 \u00f6l\u00fcmc\u00fcl kusur.\ud83d\udca1 Ekonominin g\u00f6rmezden geldi\u011fi ve bu nedenle tekrar tekrar \u00e7\u00f6k\u00fc\u015flere (\u00f6rne\u011fin sava\u015flara) neden olan 3 \u00f6nemli do\u011fa yasas\u0131.\ud83d\udca1 Do\u011fayla uyum i\u00e7inde k\u00fcresel refah ve bar\u0131\u015f i\u00e7in mant\u0131ksal olarak bundan \u00e7\u0131kan \u00e7\u00f6z\u00fcm.","robots":{"index":"index","follow":"follow","max-snippet":"max-snippet:-1","max-image-preview":"max-image-preview:large","max-video-preview":"max-video-preview:-1"},"canonical":"https:\/\/gradido.net\/tr\/episode-48\/","og_locale":"tr_TR","og_type":"article","og_title":"Wie die Natur unser Wirtschaftssystem revolutioniert - Gradido","og_description":"Bernd von Gradido zu Gast bei Simon Rilling. Im spannenden Gespr\u00e4ch geht\u2019s um:\ud83d\udca1 Die 3 fatalen Fehler im derzeitigen Finanzsystem, die zwingend Armut, Kriege und Umweltzerst\u00f6rung hervorbringen m\u00fcssen.\ud83d\udca1 Die 3 wichtigen Naturgesetze, die die Wirtschaftswissenschaft ignoriert und deshalb immer wieder Zusammenbr\u00fcche (z.B. Kriege) verursacht.\ud83d\udca1 Die L\u00f6sung, die sich daraus logisch ergibt, f\u00fcr weltweiten Wohlstand und Frieden in Harmonie mit der Natur.","og_url":"https:\/\/gradido.net\/tr\/episode-48\/","og_site_name":"Gradido","article_published_time":"2024-02-17T09:26:06+00:00","article_modified_time":"2024-02-17T14:25:30+00:00","og_image":[{"width":800,"height":450,"url":"https:\/\/gradido.net\/wp-content\/uploads\/2024\/02\/Simon-Rilling_800_3.jpg","type":"image\/jpeg"}],"author":"Bernd H\u00fcckst\u00e4dt","twitter_card":"summary_large_image","twitter_misc":{"Yazan:":"Bernd H\u00fcckst\u00e4dt","Tahmini okuma s\u00fcresi":"2 dakika"},"schema":{"@context":"https:\/\/schema.org","@graph":[{"@type":"Article","@id":"https:\/\/gradido.net\/sk\/episode-48\/#article","isPartOf":{"@id":"https:\/\/gradido.net\/sk\/episode-48\/"},"author":{"name":"Bernd H\u00fcckst\u00e4dt","@id":"https:\/\/gradido.net\/de\/#\/schema\/person\/9c503a004ad15a1ddecadce2218db5d1"},"headline":"Wie die Natur unser Wirtschaftssystem revolutioniert","datePublished":"2024-02-17T09:26:06+00:00","dateModified":"2024-02-17T14:25:30+00:00","mainEntityOfPage":{"@id":"https:\/\/gradido.net\/sk\/episode-48\/"},"wordCount":422,"publisher":{"@id":"https:\/\/gradido.net\/de\/#organization"},"image":{"@id":"https:\/\/gradido.net\/sk\/episode-48\/#primaryimage"},"thumbnailUrl":"https:\/\/gradido.net\/wp-content\/uploads\/2024\/02\/Simon-Rilling_800_3.jpg","keywords":["alternative W\u00e4hrung","Bewusstes Geld","Echtzeit-\u00d6konomie","Event-Management","Geldsystem","Gesunde Welt","Gradido","nachhaltige Zukunft","Veranstaltungsplanung","Zukunft Jetzt Camp 3"],"articleSection":["Podcast"],"inLanguage":"tr"},{"@type":"WebPage","@id":"https:\/\/gradido.net\/sk\/episode-48\/","url":"https:\/\/gradido.net\/sk\/episode-48\/","name":"Do\u011fa ekonomik sistemimizde nas\u0131l devrim yarat\u0131yor - Gradido","isPartOf":{"@id":"https:\/\/gradido.net\/de\/#website"},"primaryImageOfPage":{"@id":"https:\/\/gradido.net\/sk\/episode-48\/#primaryimage"},"image":{"@id":"https:\/\/gradido.net\/sk\/episode-48\/#primaryimage"},"thumbnailUrl":"https:\/\/gradido.net\/wp-content\/uploads\/2024\/02\/Simon-Rilling_800_3.jpg","datePublished":"2024-02-17T09:26:06+00:00","dateModified":"2024-02-17T14:25:30+00:00","description":"Bernd von Gradido Simon Rilling'in konu\u011fu oluyor. Heyecan verici sohbetin konusu: \ud83d\udca1 Mevcut finansal sistemde yoksullu\u011fa, sava\u015flara ve \u00e7evresel y\u0131k\u0131ma neden olan 3 \u00f6l\u00fcmc\u00fcl kusur.\ud83d\udca1 Ekonominin g\u00f6rmezden geldi\u011fi ve bu nedenle tekrar tekrar \u00e7\u00f6k\u00fc\u015flere (\u00f6rne\u011fin sava\u015flara) neden olan 3 \u00f6nemli do\u011fa yasas\u0131.\ud83d\udca1 Do\u011fayla uyum i\u00e7inde k\u00fcresel refah ve bar\u0131\u015f i\u00e7in mant\u0131ksal olarak bundan \u00e7\u0131kan \u00e7\u00f6z\u00fcm.","breadcrumb":{"@id":"https:\/\/gradido.net\/sk\/episode-48\/#breadcrumb"},"inLanguage":"tr","potentialAction":[{"@type":"ReadAction","target":["https:\/\/gradido.net\/sk\/episode-48\/"]}]},{"@type":"ImageObject","inLanguage":"tr","@id":"https:\/\/gradido.net\/sk\/episode-48\/#primaryimage","url":"https:\/\/gradido.net\/wp-content\/uploads\/2024\/02\/Simon-Rilling_800_3.jpg","contentUrl":"https:\/\/gradido.net\/wp-content\/uploads\/2024\/02\/Simon-Rilling_800_3.jpg","width":800,"height":450},{"@type":"BreadcrumbList","@id":"https:\/\/gradido.net\/sk\/episode-48\/#breadcrumb","itemListElement":[{"@type":"ListItem","position":1,"name":"Startseite","item":"https:\/\/gradido.net\/"},{"@type":"ListItem","position":2,"name":"Wie die Natur unser Wirtschaftssystem revolutioniert"}]},{"@type":"WebSite","@id":"https:\/\/gradido.net\/de\/#website","url":"https:\/\/gradido.net\/de\/","name":"Gradido","description":"Yeni para birimi minnettarl\u0131k","publisher":{"@id":"https:\/\/gradido.net\/de\/#organization"},"potentialAction":[{"@type":"SearchAction","target":{"@type":"EntryPoint","urlTemplate":"https:\/\/gradido.net\/de\/?s={search_term_string}"},"query-input":{"@type":"PropertyValueSpecification","valueRequired":true,"valueName":"search_term_string"}}],"inLanguage":"tr"},{"@type":"Organization","@id":"https:\/\/gradido.net\/de\/#organization","name":"Gradido","url":"https:\/\/gradido.net\/de\/","logo":{"@type":"ImageObject","inLanguage":"tr","@id":"https:\/\/gradido.net\/de\/#\/schema\/logo\/image\/","url":"https:\/\/gradido.net\/wp-content\/uploads\/2022\/04\/gradido-social.jpg","contentUrl":"https:\/\/gradido.net\/wp-content\/uploads\/2022\/04\/gradido-social.jpg","width":527,"height":273,"caption":"Gradido"},"image":{"@id":"https:\/\/gradido.net\/de\/#\/schema\/logo\/image\/"}},{"@type":"Person","@id":"https:\/\/gradido.net\/de\/#\/schema\/person\/9c503a004ad15a1ddecadce2218db5d1","name":"Bernd H\u00fcckst\u00e4dt","sameAs":["https:\/\/gradido.net"],"url":"https:\/\/gradido.net\/tr\/author\/bernd\/"}]}},"_links":{"self":[{"href":"https:\/\/gradido.net\/tr\/wp-json\/wp\/v2\/posts\/8648","targetHints":{"allow":["GET"]}}],"collection":[{"href":"https:\/\/gradido.net\/tr\/wp-json\/wp\/v2\/posts"}],"about":[{"href":"https:\/\/gradido.net\/tr\/wp-json\/wp\/v2\/types\/post"}],"author":[{"embeddable":true,"href":"https:\/\/gradido.net\/tr\/wp-json\/wp\/v2\/users\/2"}],"replies":[{"embeddable":true,"href":"https:\/\/gradido.net\/tr\/wp-json\/wp\/v2\/comments?post=8648"}],"version-history":[{"count":13,"href":"https:\/\/gradido.net\/tr\/wp-json\/wp\/v2\/posts\/8648\/revisions"}],"predecessor-version":[{"id":8674,"href":"https:\/\/gradido.net\/tr\/wp-json\/wp\/v2\/posts\/8648\/revisions\/8674"}],"wp:featuredmedia":[{"embeddable":true,"href":"https:\/\/gradido.net\/tr\/wp-json\/wp\/v2\/media\/8652"}],"wp:attachment":[{"href":"https:\/\/gradido.net\/tr\/wp-json\/wp\/v2\/media?parent=8648"}],"wp:term":[{"taxonomy":"category","embeddable":true,"href":"https:\/\/gradido.net\/tr\/wp-json\/wp\/v2\/categories?post=8648"},{"taxonomy":"post_tag","embeddable":true,"href":"https:\/\/gradido.net\/tr\/wp-json\/wp\/v2\/tags?post=8648"}],"curies":[{"name":"wp","href":"https:\/\/api.w.org\/{rel}","templated":true}]}}