{"id":9470,"date":"2024-08-30T11:25:03","date_gmt":"2024-08-30T09:25:03","guid":{"rendered":"https:\/\/gradido.net\/?p=9470"},"modified":"2026-04-24T07:59:50","modified_gmt":"2026-04-24T05:59:50","slug":"entdecke-die-neuen-gradido-kreise","status":"publish","type":"post","link":"https:\/\/gradido.net\/tr\/entdecke-die-neuen-gradido-kreise\/","title":{"rendered":"Yeni Gradido \u00e7emberlerini ke\u015ffedin"},"content":{"rendered":"<div data-elementor-type=\"wp-post\" data-elementor-id=\"9470\" class=\"elementor elementor-9470\" data-elementor-post-type=\"post\">\n\t\t\t\t\t\t<section class=\"elementor-section elementor-top-section elementor-element elementor-element-496e1d53 elementor-section-boxed elementor-section-height-default elementor-section-height-default\" data-id=\"496e1d53\" data-element_type=\"section\" data-e-type=\"section\">\n\t\t\t\t\t\t<div class=\"elementor-container elementor-column-gap-default\">\n\t\t\t\t\t<div class=\"elementor-column elementor-col-100 elementor-top-column elementor-element elementor-element-461d7be0\" data-id=\"461d7be0\" data-element_type=\"column\" data-e-type=\"column\">\n\t\t\t<div class=\"elementor-widget-wrap elementor-element-populated\">\n\t\t\t\t\t\t<div class=\"elementor-element elementor-element-cd9ebe2 elementor-widget elementor-widget-text-editor\" data-id=\"cd9ebe2\" data-element_type=\"widget\" data-e-type=\"widget\" data-widget_type=\"text-editor.default\">\n\t\t\t\t<div class=\"elementor-widget-container\">\n\t\t\t\t\t\t\t\t\t<p>Sevgili okuyucu,<\/p><p>Daha g\u00f6rmedin mi?<br \/>May\u0131s ay\u0131n\u0131n sonundan bu yana Gradido Circles ad\u0131n\u0131 verdi\u011fimiz yeni topluluk platformumuz yay\u0131nda. Art\u0131k di\u011fer Gradido kat\u0131l\u0131mc\u0131lar\u0131 ile g\u00fcvenli odalarda (\"Spaces\" olarak adland\u0131r\u0131l\u0131r) ileti\u015fim kurabilir ve daha fazla temasa ge\u00e7ebilirsiniz. Daha \u00f6nce bu yaln\u0131zca Telegram gibi b\u00fcy\u00fck platformlar arac\u0131l\u0131\u011f\u0131yla m\u00fcmk\u00fcnd\u00fc. Ve bildi\u011finiz gibi, CEO'su yak\u0131n zamanda Fransa'da tutukland\u0131 \u00e7\u00fcnk\u00fc kullan\u0131c\u0131 verilerini teslim etmesi isteniyordu.<\/p><p>Gradido olarak verilerinizin korunmas\u0131na b\u00fcy\u00fck \u00f6nem veriyoruz. Korunakl\u0131 bir alanda ileti\u015fim kurabilmeniz bizim i\u00e7in \u00f6nemli. Bu y\u00fczden bir s\u00fcredir merkezi olmayan sunucular kurmak i\u00e7in \u00e7al\u0131\u015f\u0131yoruz. Gradido \u00e7emberleri her bir merkezi olmayan toplulu\u011fa atanm\u0131\u015ft\u0131r.<\/p><p>Gradido hesab\u0131n\u0131zdaki \"\u00c7evreler\" men\u00fcs\u00fcne t\u0131klayarak oraya kolayca ula\u015fabilirsiniz.<\/p><p><img fetchpriority=\"high\" decoding=\"async\" class=\"alignnone size-full wp-image-9473\" src=\"https:\/\/gradido.net\/wp-content\/uploads\/2024\/09\/Einstellungen.jpg\" alt=\"\" width=\"600\" height=\"400\" srcset=\"https:\/\/gradido.net\/wp-content\/uploads\/2024\/09\/Einstellungen.jpg 600w, https:\/\/gradido.net\/wp-content\/uploads\/2024\/09\/Einstellungen-300x200.jpg 300w, https:\/\/gradido.net\/wp-content\/uploads\/2024\/09\/Einstellungen-18x12.jpg 18w\" sizes=\"(max-width: 600px) 100vw, 600px\" \/><\/p><p>\u00d6nceden ayarlara\/toplulu\u011fa y\u00f6nlendirilebilirsiniz. Burada ad\u0131n\u0131z\u0131n nas\u0131l g\u00f6r\u00fcnt\u00fclenece\u011fini girebilirsiniz. Burada da veri korumas\u0131na b\u00fcy\u00fck \u00f6nem veriyoruz: Gradido \u00e7evrelerinde kendinizi rahat ve g\u00fcvende hissetmeniz i\u00e7in sadece ba\u015f harflerinizin mi, tam ad\u0131n\u0131z\u0131n ve soyad\u0131n\u0131z\u0131n m\u0131 yoksa kullan\u0131c\u0131 ad\u0131n\u0131z\u0131n m\u0131 g\u00f6r\u00fcnt\u00fclenece\u011fini belirleyebilirsiniz.<\/p><p>Gradido hesab\u0131n\u0131za giri\u015f yap\u0131n, \u00e7emberleri etkinle\u015ftirin ve di\u011fer Gradido kat\u0131l\u0131mc\u0131lar\u0131 ile ileti\u015fim kurun. Dedi\u011fim gibi, verilerinizin b\u00fcy\u00fck platformlarda ne kadar g\u00fcvenli oldu\u011funu bilmiyoruz.\u00a0<\/p><p>E\u011fer daha fazla insan Gradido'yu merkezi olmayan sunucularda d\u00fcnyaya getirirse, o zaman durdurulamaz olaca\u011f\u0131z. Birlikte k\u00fcresel refah, bar\u0131\u015f ve do\u011fayla uyum i\u00e7inde bir d\u00fcnya yarataca\u011f\u0131z - kendimizin, \u00e7ocuklar\u0131m\u0131z\u0131n ve \u00e7ocuklar\u0131m\u0131z\u0131n \u00e7ocuklar\u0131n\u0131n bar\u0131\u015f, ne\u015fe ve \u00f6zg\u00fcrl\u00fck i\u00e7inde ya\u015fayaca\u011f\u0131, ya\u015famaya de\u011fer bir d\u00fcnya.<\/p>\t\t\t\t\t\t\t\t<\/div>\n\t\t\t\t<\/div>\n\t\t\t\t<div class=\"elementor-element elementor-element-d74dfa0 elementor-widget elementor-widget-text-editor\" data-id=\"d74dfa0\" data-element_type=\"widget\" data-e-type=\"widget\" data-widget_type=\"text-editor.default\">\n\t\t\t\t<div class=\"elementor-widget-container\">\n\t\t\t\t\t\t\t\t\t<div data-pm-slice=\"1 1 []\" data-en-clipboard=\"true\"><p>Yaz sonunda sayg\u0131lar\u0131mla<\/p><\/div><p>Sizin<\/p><p><img decoding=\"async\" class=\"alignnone wp-image-4614 size-medium\" src=\"https:\/\/gradido.net\/wp-content\/uploads\/2022\/06\/MargretBernd_2022-300x74.png\" alt=\"\" width=\"300\" height=\"74\" srcset=\"https:\/\/gradido.net\/wp-content\/uploads\/2022\/06\/MargretBernd_2022-300x74.png 300w, https:\/\/gradido.net\/wp-content\/uploads\/2022\/06\/MargretBernd_2022-18x4.png 18w, https:\/\/gradido.net\/wp-content\/uploads\/2022\/06\/MargretBernd_2022.png 431w\" sizes=\"(max-width: 300px) 100vw, 300px\" \/><\/p><p>Margret Baier ve Bernd H\u00fcckst\u00e4dt<br \/>Gradido kurucusu ve geli\u015ftiricisi<\/p>\t\t\t\t\t\t\t\t<\/div>\n\t\t\t\t<\/div>\n\t\t\t\t\t<\/div>\n\t\t<\/div>\n\t\t\t\t\t<\/div>\n\t\t<\/section>\n\t\t\t\t<section class=\"elementor-section elementor-top-section elementor-element elementor-element-14532fe elementor-section-boxed elementor-section-height-default elementor-section-height-default\" data-id=\"14532fe\" data-element_type=\"section\" data-e-type=\"section\">\n\t\t\t\t\t\t<div class=\"elementor-container elementor-column-gap-default\">\n\t\t\t\t\t<div class=\"elementor-column elementor-col-100 elementor-top-column elementor-element elementor-element-65d2298\" data-id=\"65d2298\" data-element_type=\"column\" data-e-type=\"column\">\n\t\t\t<div class=\"elementor-widget-wrap elementor-element-populated\">\n\t\t\t\t\t\t<div class=\"elementor-element elementor-element-bea124f elementor-widget elementor-widget-global elementor-global-9341 elementor-widget-text-editor\" data-id=\"bea124f\" data-element_type=\"widget\" data-e-type=\"widget\" data-widget_type=\"text-editor.default\">\n\t\t\t\t<div class=\"elementor-widget-container\">\n\t\t\t\t\t\t\t\t\t<p><strong>PS:\u00a0<span style=\"color: #ff6600;\"><a style=\"color: #ff6600;\" href=\"https:\/\/gradido.net\/tr\/donations\/\">Gradido'nun her ge\u00e7en g\u00fcn artan \u00f6nemi nedeniyle 26 Haziran 2026 tarihinde \u015f\u00fckran kampanyam\u0131z\u0131 tekrarl\u0131yoruz:<\/a>\u00a0<\/span><span style=\"color: #0000ff;\"><a style=\"color: #0000ff;\" href=\"https:\/\/gradido.net\/tr\/donations\/\">Sponsorluk katk\u0131n\u0131z i\u00e7in \u00e7oklu GradidoTransform'a ek olarak, 26\/06\/2016 tarihinde t\u00fcm GDT hesap bakiyelerini 26% art\u0131raca\u011f\u0131z. \u015eimdi sponsor olun ve \u00e7oklu GDT miktar\u0131n\u0131n tad\u0131n\u0131 \u00e7\u0131kar\u0131n!<\/a><\/span><\/strong><\/p>\t\t\t\t\t\t\t\t<\/div>\n\t\t\t\t<\/div>\n\t\t\t\t\t<\/div>\n\t\t<\/div>\n\t\t\t\t\t<\/div>\n\t\t<\/section>\n\t\t\t\t<section class=\"elementor-section elementor-top-section elementor-element elementor-element-29dfc07 elementor-section-boxed elementor-section-height-default elementor-section-height-default\" data-id=\"29dfc07\" data-element_type=\"section\" data-e-type=\"section\">\n\t\t\t\t\t\t<div class=\"elementor-container elementor-column-gap-default\">\n\t\t\t\t\t<div class=\"elementor-column elementor-col-100 elementor-top-column elementor-element elementor-element-d37ec5a\" data-id=\"d37ec5a\" data-element_type=\"column\" data-e-type=\"column\">\n\t\t\t<div class=\"elementor-widget-wrap\">\n\t\t\t\t\t\t\t<\/div>\n\t\t<\/div>\n\t\t\t\t\t<\/div>\n\t\t<\/section>\n\t\t\t\t<\/div>","protected":false},"excerpt":{"rendered":"<p>Hen\u00fcz g\u00f6rmediniz mi? May\u0131s ay\u0131n\u0131n sonundan beri Gradido Circles ad\u0131n\u0131 verdi\u011fimiz yeni topluluk platformumuz var. Art\u0131k di\u011fer Gradido kat\u0131l\u0131mc\u0131lar\u0131yla g\u00fcvenli alanlarda (\"Spaces\" olarak adland\u0131r\u0131l\u0131r) ileti\u015fim kurabilir ve daha fazla ileti\u015fim kurabilirsiniz.<\/p>","protected":false},"author":2,"featured_media":9472,"comment_status":"closed","ping_status":"closed","sticky":false,"template":"","format":"standard","meta":{"footnotes":""},"categories":[11,54,55],"tags":[],"class_list":["post-9470","post","type-post","status-publish","format-standard","has-post-thumbnail","hentry","category-blog","category-community","category-gradido-konto"],"yoast_head":"<!-- This site is optimized with the Yoast SEO plugin v27.4 - https:\/\/yoast.com\/product\/yoast-seo-wordpress\/ -->\n<title>Entdecke die neuen Gradido-Kreise - Gradido<\/title>\n<meta name=\"description\" content=\"Hast Du es schon gesehen? Seit Ende Mai haben wir unsere neue Community-Plattform, die wir Gradido-Kreise nennen. Jetzt kannst Du in sicheren R\u00e4umen (genannt \u201eSpaces\u201c)\u00a0 mit anderen Gradido-Teilnehmerinnen und Teilnehmern kommunizieren und so immer mehr in Kontakt kommen.\" \/>\n<meta name=\"robots\" content=\"index, follow, max-snippet:-1, max-image-preview:large, max-video-preview:-1\" \/>\n<link rel=\"canonical\" href=\"https:\/\/gradido.net\/tr\/entdecke-die-neuen-gradido-kreise\/\" \/>\n<meta property=\"og:locale\" content=\"tr_TR\" \/>\n<meta property=\"og:type\" content=\"article\" \/>\n<meta property=\"og:title\" content=\"Entdecke die neuen Gradido-Kreise - Gradido\" \/>\n<meta property=\"og:description\" content=\"Hast Du es schon gesehen? Seit Ende Mai haben wir unsere neue Community-Plattform, die wir Gradido-Kreise nennen. Jetzt kannst Du in sicheren R\u00e4umen (genannt \u201eSpaces\u201c)\u00a0 mit anderen Gradido-Teilnehmerinnen und Teilnehmern kommunizieren und so immer mehr in Kontakt kommen.\" \/>\n<meta property=\"og:url\" content=\"https:\/\/gradido.net\/tr\/entdecke-die-neuen-gradido-kreise\/\" \/>\n<meta property=\"og:site_name\" content=\"Gradido\" \/>\n<meta property=\"article:published_time\" content=\"2024-08-30T09:25:03+00:00\" \/>\n<meta property=\"article:modified_time\" content=\"2026-04-24T05:59:50+00:00\" \/>\n<meta property=\"og:image\" content=\"https:\/\/gradido.net\/wp-content\/uploads\/2024\/09\/Gradido-Kreise.jpg\" \/>\n\t<meta property=\"og:image:width\" content=\"1280\" \/>\n\t<meta property=\"og:image:height\" content=\"720\" \/>\n\t<meta property=\"og:image:type\" content=\"image\/jpeg\" \/>\n<meta name=\"author\" content=\"Bernd H\u00fcckst\u00e4dt\" \/>\n<meta name=\"twitter:card\" content=\"summary_large_image\" \/>\n<meta name=\"twitter:label1\" content=\"Yazan:\" \/>\n\t<meta name=\"twitter:data1\" content=\"Bernd H\u00fcckst\u00e4dt\" \/>\n\t<meta name=\"twitter:label2\" content=\"Tahmini okuma s\u00fcresi\" \/>\n\t<meta name=\"twitter:data2\" content=\"3 dakika\" \/>\n<script type=\"application\/ld+json\" class=\"yoast-schema-graph\">{\"@context\":\"https:\\\/\\\/schema.org\",\"@graph\":[{\"@type\":\"Article\",\"@id\":\"https:\\\/\\\/gradido.net\\\/entdecke-die-neuen-gradido-kreise\\\/#article\",\"isPartOf\":{\"@id\":\"https:\\\/\\\/gradido.net\\\/entdecke-die-neuen-gradido-kreise\\\/\"},\"author\":{\"name\":\"Bernd H\u00fcckst\u00e4dt\",\"@id\":\"https:\\\/\\\/gradido.net\\\/de\\\/#\\\/schema\\\/person\\\/9c503a004ad15a1ddecadce2218db5d1\"},\"headline\":\"Entdecke die neuen Gradido-Kreise\",\"datePublished\":\"2024-08-30T09:25:03+00:00\",\"dateModified\":\"2026-04-24T05:59:50+00:00\",\"mainEntityOfPage\":{\"@id\":\"https:\\\/\\\/gradido.net\\\/entdecke-die-neuen-gradido-kreise\\\/\"},\"wordCount\":359,\"publisher\":{\"@id\":\"https:\\\/\\\/gradido.net\\\/de\\\/#organization\"},\"image\":{\"@id\":\"https:\\\/\\\/gradido.net\\\/entdecke-die-neuen-gradido-kreise\\\/#primaryimage\"},\"thumbnailUrl\":\"https:\\\/\\\/gradido.net\\\/wp-content\\\/uploads\\\/2024\\\/09\\\/Gradido-Kreise.jpg\",\"articleSection\":[\"Blog\",\"Community\",\"Gradido-Konto\"],\"inLanguage\":\"tr\"},{\"@type\":\"WebPage\",\"@id\":\"https:\\\/\\\/gradido.net\\\/entdecke-die-neuen-gradido-kreise\\\/\",\"url\":\"https:\\\/\\\/gradido.net\\\/entdecke-die-neuen-gradido-kreise\\\/\",\"name\":\"Entdecke die neuen Gradido-Kreise - Gradido\",\"isPartOf\":{\"@id\":\"https:\\\/\\\/gradido.net\\\/de\\\/#website\"},\"primaryImageOfPage\":{\"@id\":\"https:\\\/\\\/gradido.net\\\/entdecke-die-neuen-gradido-kreise\\\/#primaryimage\"},\"image\":{\"@id\":\"https:\\\/\\\/gradido.net\\\/entdecke-die-neuen-gradido-kreise\\\/#primaryimage\"},\"thumbnailUrl\":\"https:\\\/\\\/gradido.net\\\/wp-content\\\/uploads\\\/2024\\\/09\\\/Gradido-Kreise.jpg\",\"datePublished\":\"2024-08-30T09:25:03+00:00\",\"dateModified\":\"2026-04-24T05:59:50+00:00\",\"description\":\"Hast Du es schon gesehen? Seit Ende Mai haben wir unsere neue Community-Plattform, die wir Gradido-Kreise nennen. Jetzt kannst Du in sicheren R\u00e4umen (genannt \u201eSpaces\u201c)\u00a0 mit anderen Gradido-Teilnehmerinnen und Teilnehmern kommunizieren und so immer mehr in Kontakt kommen.\",\"breadcrumb\":{\"@id\":\"https:\\\/\\\/gradido.net\\\/entdecke-die-neuen-gradido-kreise\\\/#breadcrumb\"},\"inLanguage\":\"tr\",\"potentialAction\":[{\"@type\":\"ReadAction\",\"target\":[\"https:\\\/\\\/gradido.net\\\/entdecke-die-neuen-gradido-kreise\\\/\"]}]},{\"@type\":\"ImageObject\",\"inLanguage\":\"tr\",\"@id\":\"https:\\\/\\\/gradido.net\\\/entdecke-die-neuen-gradido-kreise\\\/#primaryimage\",\"url\":\"https:\\\/\\\/gradido.net\\\/wp-content\\\/uploads\\\/2024\\\/09\\\/Gradido-Kreise.jpg\",\"contentUrl\":\"https:\\\/\\\/gradido.net\\\/wp-content\\\/uploads\\\/2024\\\/09\\\/Gradido-Kreise.jpg\",\"width\":1280,\"height\":720},{\"@type\":\"BreadcrumbList\",\"@id\":\"https:\\\/\\\/gradido.net\\\/entdecke-die-neuen-gradido-kreise\\\/#breadcrumb\",\"itemListElement\":[{\"@type\":\"ListItem\",\"position\":1,\"name\":\"Startseite\",\"item\":\"https:\\\/\\\/gradido.net\\\/\"},{\"@type\":\"ListItem\",\"position\":2,\"name\":\"Entdecke die neuen Gradido-Kreise\"}]},{\"@type\":\"WebSite\",\"@id\":\"https:\\\/\\\/gradido.net\\\/de\\\/#website\",\"url\":\"https:\\\/\\\/gradido.net\\\/de\\\/\",\"name\":\"Gradido\",\"description\":\"Die neue W\u00e4hrung hei\u00dft Dankbarkeit\",\"publisher\":{\"@id\":\"https:\\\/\\\/gradido.net\\\/de\\\/#organization\"},\"potentialAction\":[{\"@type\":\"SearchAction\",\"target\":{\"@type\":\"EntryPoint\",\"urlTemplate\":\"https:\\\/\\\/gradido.net\\\/de\\\/?s={search_term_string}\"},\"query-input\":{\"@type\":\"PropertyValueSpecification\",\"valueRequired\":true,\"valueName\":\"search_term_string\"}}],\"inLanguage\":\"tr\"},{\"@type\":\"Organization\",\"@id\":\"https:\\\/\\\/gradido.net\\\/de\\\/#organization\",\"name\":\"Gradido\",\"url\":\"https:\\\/\\\/gradido.net\\\/de\\\/\",\"logo\":{\"@type\":\"ImageObject\",\"inLanguage\":\"tr\",\"@id\":\"https:\\\/\\\/gradido.net\\\/de\\\/#\\\/schema\\\/logo\\\/image\\\/\",\"url\":\"https:\\\/\\\/gradido.net\\\/wp-content\\\/uploads\\\/2022\\\/04\\\/gradido-social.jpg\",\"contentUrl\":\"https:\\\/\\\/gradido.net\\\/wp-content\\\/uploads\\\/2022\\\/04\\\/gradido-social.jpg\",\"width\":527,\"height\":273,\"caption\":\"Gradido\"},\"image\":{\"@id\":\"https:\\\/\\\/gradido.net\\\/de\\\/#\\\/schema\\\/logo\\\/image\\\/\"}},{\"@type\":\"Person\",\"@id\":\"https:\\\/\\\/gradido.net\\\/de\\\/#\\\/schema\\\/person\\\/9c503a004ad15a1ddecadce2218db5d1\",\"name\":\"Bernd H\u00fcckst\u00e4dt\",\"sameAs\":[\"https:\\\/\\\/gradido.net\"],\"url\":\"https:\\\/\\\/gradido.net\\\/tr\\\/author\\\/bernd\\\/\"}]}<\/script>\n<!-- \/ Yoast SEO plugin. -->","yoast_head_json":{"title":"Yeni Gradido \u00e7emberlerini ke\u015ffedin - Gradido","description":"Hen\u00fcz g\u00f6rmediniz mi? May\u0131s ay\u0131n\u0131n sonundan beri Gradido Circles ad\u0131n\u0131 verdi\u011fimiz yeni topluluk platformumuz var. Art\u0131k di\u011fer Gradido kat\u0131l\u0131mc\u0131lar\u0131yla g\u00fcvenli alanlarda (\"Spaces\" olarak adland\u0131r\u0131l\u0131r) ileti\u015fim kurabilir ve daha fazla ileti\u015fim kurabilirsiniz.","robots":{"index":"index","follow":"follow","max-snippet":"max-snippet:-1","max-image-preview":"max-image-preview:large","max-video-preview":"max-video-preview:-1"},"canonical":"https:\/\/gradido.net\/tr\/entdecke-die-neuen-gradido-kreise\/","og_locale":"tr_TR","og_type":"article","og_title":"Entdecke die neuen Gradido-Kreise - Gradido","og_description":"Hast Du es schon gesehen? Seit Ende Mai haben wir unsere neue Community-Plattform, die wir Gradido-Kreise nennen. Jetzt kannst Du in sicheren R\u00e4umen (genannt \u201eSpaces\u201c)\u00a0 mit anderen Gradido-Teilnehmerinnen und Teilnehmern kommunizieren und so immer mehr in Kontakt kommen.","og_url":"https:\/\/gradido.net\/tr\/entdecke-die-neuen-gradido-kreise\/","og_site_name":"Gradido","article_published_time":"2024-08-30T09:25:03+00:00","article_modified_time":"2026-04-24T05:59:50+00:00","og_image":[{"width":1280,"height":720,"url":"https:\/\/gradido.net\/wp-content\/uploads\/2024\/09\/Gradido-Kreise.jpg","type":"image\/jpeg"}],"author":"Bernd H\u00fcckst\u00e4dt","twitter_card":"summary_large_image","twitter_misc":{"Yazan:":"Bernd H\u00fcckst\u00e4dt","Tahmini okuma s\u00fcresi":"3 dakika"},"schema":{"@context":"https:\/\/schema.org","@graph":[{"@type":"Article","@id":"https:\/\/gradido.net\/entdecke-die-neuen-gradido-kreise\/#article","isPartOf":{"@id":"https:\/\/gradido.net\/entdecke-die-neuen-gradido-kreise\/"},"author":{"name":"Bernd H\u00fcckst\u00e4dt","@id":"https:\/\/gradido.net\/de\/#\/schema\/person\/9c503a004ad15a1ddecadce2218db5d1"},"headline":"Entdecke die neuen Gradido-Kreise","datePublished":"2024-08-30T09:25:03+00:00","dateModified":"2026-04-24T05:59:50+00:00","mainEntityOfPage":{"@id":"https:\/\/gradido.net\/entdecke-die-neuen-gradido-kreise\/"},"wordCount":359,"publisher":{"@id":"https:\/\/gradido.net\/de\/#organization"},"image":{"@id":"https:\/\/gradido.net\/entdecke-die-neuen-gradido-kreise\/#primaryimage"},"thumbnailUrl":"https:\/\/gradido.net\/wp-content\/uploads\/2024\/09\/Gradido-Kreise.jpg","articleSection":["Blog","Community","Gradido-Konto"],"inLanguage":"tr"},{"@type":"WebPage","@id":"https:\/\/gradido.net\/entdecke-die-neuen-gradido-kreise\/","url":"https:\/\/gradido.net\/entdecke-die-neuen-gradido-kreise\/","name":"Yeni Gradido \u00e7emberlerini ke\u015ffedin - Gradido","isPartOf":{"@id":"https:\/\/gradido.net\/de\/#website"},"primaryImageOfPage":{"@id":"https:\/\/gradido.net\/entdecke-die-neuen-gradido-kreise\/#primaryimage"},"image":{"@id":"https:\/\/gradido.net\/entdecke-die-neuen-gradido-kreise\/#primaryimage"},"thumbnailUrl":"https:\/\/gradido.net\/wp-content\/uploads\/2024\/09\/Gradido-Kreise.jpg","datePublished":"2024-08-30T09:25:03+00:00","dateModified":"2026-04-24T05:59:50+00:00","description":"Hen\u00fcz g\u00f6rmediniz mi? May\u0131s ay\u0131n\u0131n sonundan beri Gradido Circles ad\u0131n\u0131 verdi\u011fimiz yeni topluluk platformumuz var. Art\u0131k di\u011fer Gradido kat\u0131l\u0131mc\u0131lar\u0131yla g\u00fcvenli alanlarda (\"Spaces\" olarak adland\u0131r\u0131l\u0131r) ileti\u015fim kurabilir ve daha fazla ileti\u015fim kurabilirsiniz.","breadcrumb":{"@id":"https:\/\/gradido.net\/entdecke-die-neuen-gradido-kreise\/#breadcrumb"},"inLanguage":"tr","potentialAction":[{"@type":"ReadAction","target":["https:\/\/gradido.net\/entdecke-die-neuen-gradido-kreise\/"]}]},{"@type":"ImageObject","inLanguage":"tr","@id":"https:\/\/gradido.net\/entdecke-die-neuen-gradido-kreise\/#primaryimage","url":"https:\/\/gradido.net\/wp-content\/uploads\/2024\/09\/Gradido-Kreise.jpg","contentUrl":"https:\/\/gradido.net\/wp-content\/uploads\/2024\/09\/Gradido-Kreise.jpg","width":1280,"height":720},{"@type":"BreadcrumbList","@id":"https:\/\/gradido.net\/entdecke-die-neuen-gradido-kreise\/#breadcrumb","itemListElement":[{"@type":"ListItem","position":1,"name":"Startseite","item":"https:\/\/gradido.net\/"},{"@type":"ListItem","position":2,"name":"Entdecke die neuen Gradido-Kreise"}]},{"@type":"WebSite","@id":"https:\/\/gradido.net\/de\/#website","url":"https:\/\/gradido.net\/de\/","name":"Gradido","description":"Yeni para birimi minnettarl\u0131k","publisher":{"@id":"https:\/\/gradido.net\/de\/#organization"},"potentialAction":[{"@type":"SearchAction","target":{"@type":"EntryPoint","urlTemplate":"https:\/\/gradido.net\/de\/?s={search_term_string}"},"query-input":{"@type":"PropertyValueSpecification","valueRequired":true,"valueName":"search_term_string"}}],"inLanguage":"tr"},{"@type":"Organization","@id":"https:\/\/gradido.net\/de\/#organization","name":"Gradido","url":"https:\/\/gradido.net\/de\/","logo":{"@type":"ImageObject","inLanguage":"tr","@id":"https:\/\/gradido.net\/de\/#\/schema\/logo\/image\/","url":"https:\/\/gradido.net\/wp-content\/uploads\/2022\/04\/gradido-social.jpg","contentUrl":"https:\/\/gradido.net\/wp-content\/uploads\/2022\/04\/gradido-social.jpg","width":527,"height":273,"caption":"Gradido"},"image":{"@id":"https:\/\/gradido.net\/de\/#\/schema\/logo\/image\/"}},{"@type":"Person","@id":"https:\/\/gradido.net\/de\/#\/schema\/person\/9c503a004ad15a1ddecadce2218db5d1","name":"Bernd H\u00fcckst\u00e4dt","sameAs":["https:\/\/gradido.net"],"url":"https:\/\/gradido.net\/tr\/author\/bernd\/"}]}},"_links":{"self":[{"href":"https:\/\/gradido.net\/tr\/wp-json\/wp\/v2\/posts\/9470","targetHints":{"allow":["GET"]}}],"collection":[{"href":"https:\/\/gradido.net\/tr\/wp-json\/wp\/v2\/posts"}],"about":[{"href":"https:\/\/gradido.net\/tr\/wp-json\/wp\/v2\/types\/post"}],"author":[{"embeddable":true,"href":"https:\/\/gradido.net\/tr\/wp-json\/wp\/v2\/users\/2"}],"replies":[{"embeddable":true,"href":"https:\/\/gradido.net\/tr\/wp-json\/wp\/v2\/comments?post=9470"}],"version-history":[{"count":17,"href":"https:\/\/gradido.net\/tr\/wp-json\/wp\/v2\/posts\/9470\/revisions"}],"predecessor-version":[{"id":13583,"href":"https:\/\/gradido.net\/tr\/wp-json\/wp\/v2\/posts\/9470\/revisions\/13583"}],"wp:featuredmedia":[{"embeddable":true,"href":"https:\/\/gradido.net\/tr\/wp-json\/wp\/v2\/media\/9472"}],"wp:attachment":[{"href":"https:\/\/gradido.net\/tr\/wp-json\/wp\/v2\/media?parent=9470"}],"wp:term":[{"taxonomy":"category","embeddable":true,"href":"https:\/\/gradido.net\/tr\/wp-json\/wp\/v2\/categories?post=9470"},{"taxonomy":"post_tag","embeddable":true,"href":"https:\/\/gradido.net\/tr\/wp-json\/wp\/v2\/tags?post=9470"}],"curies":[{"name":"wp","href":"https:\/\/api.w.org\/{rel}","templated":true}]}}